{"id":604,"date":"2025-08-27T23:46:08","date_gmt":"2025-08-28T02:46:08","guid":{"rendered":"https:\/\/portalincluir.com.br\/?p=604"},"modified":"2025-08-27T23:47:13","modified_gmt":"2025-08-28T02:47:13","slug":"deficiencia-nao-define-oportunidade-transforma-semana-nacional-mobiliza-sociedade-pela-inclusao-e-pelo-respeito-a-diversidade","status":"publish","type":"post","link":"https:\/\/portalincluir.com.br\/index.php\/2025\/08\/27\/deficiencia-nao-define-oportunidade-transforma-semana-nacional-mobiliza-sociedade-pela-inclusao-e-pelo-respeito-a-diversidade\/","title":{"rendered":"\u201cDefici\u00eancia n\u00e3o define. Oportunidade transforma\u201d: Semana Nacional mobiliza sociedade pela inclus\u00e3o e pelo respeito \u00e0 diversidade"},"content":{"rendered":"\n<p>A Semana Nacional da Pessoa com Defici\u00eancia Intelectual e M\u00faltipla, que acontece de 21 a 28 de agosto em todo o pa\u00eds, n\u00e3o \u00e9 apenas uma data no calend\u00e1rio. Institu\u00edda pela Lei n\u00ba 13.585\/2017, ela representa um convite \u00e0 sociedade para refletir, dialogar e agir em prol da inclus\u00e3o, do respeito \u00e0s diferen\u00e7as e da constru\u00e7\u00e3o de oportunidades reais para milh\u00f5es de brasileiros.<\/p>\n\n\n\n<p>Em 2025, a campanha da Apae Brasil traz o tema&nbsp;<strong>&#8220;Defici\u00eancia n\u00e3o define. Oportunidade transforma. Inclua nossa voz!&#8221;<\/strong>&nbsp;, destacando a import\u00e2ncia de ouvir verdadeiramente as pessoas com defici\u00eancia, respeitar suas escolhas e garantir que possam participar ativamente das decis\u00f5es sobre suas pr\u00f3prias vidas.<\/p>\n\n\n\n<p>Mais do que um lema, a iniciativa refor\u00e7a o princ\u00edpio \u00e9tico e pr\u00e1tico do movimento&nbsp;<strong>\u201cNada sobre n\u00f3s, sem n\u00f3s\u201d<\/strong>&nbsp;, colocando os autodefensores \u2013 pessoas com defici\u00eancia que representam e defendem os direitos de seus pares \u2013 no centro das discuss\u00f5es.<\/p>\n\n\n\n<p>A mensagem \u00e9 clara:&nbsp;<strong>a defici\u00eancia n\u00e3o \u00e9 um limite, mas sim as barreiras sociais, comunicacionais, atitudinais e estruturais impostas pelo meio.<\/strong>&nbsp;Quando uma pessoa n\u00e3o acessa a escola, o trabalho, a cultura ou a cidade, o problema n\u00e3o \u00e9 nela, mas h\u00e1 falta de oportunidades e acessibilidade.<\/p>\n\n\n\n<p>Por isso, a Semana Nacional tamb\u00e9m \u00e9 um chamado \u00e0 a\u00e7\u00e3o. \u00c9 hora de todos \u2013 fam\u00edlias, profissionais, associa\u00e7\u00f5es, governos e cidad\u00e3os \u2013 se unirem para remover barreiras, apoiar projetos e fortalecer entidades que trabalham diariamente pela inclus\u00e3o, como as Apaes e outras organiza\u00e7\u00f5es da sociedade civil.<\/p>\n\n\n\n<p>A inclus\u00e3o plena s\u00f3 \u00e9 poss\u00edvel quando cada voz \u00e9 reconhecida como leg\u00edtima, seja expressa em palavras, gestos, olhares ou tecnologias assistivas.&nbsp;<strong>A diversidade humana \u00e9 riqueza, n\u00e3o obst\u00e1culo.<\/strong><\/p>\n\n\n\n<figure class=\"wp-block-image alignright size-large is-resized\"><img loading=\"lazy\" decoding=\"async\" width=\"683\" height=\"1024\" src=\"https:\/\/portalincluir.com.br\/wp-content\/uploads\/2025\/08\/juniorp-683x1024.png\" alt=\"\" class=\"wp-image-605\" style=\"width:128px;height:auto\" srcset=\"https:\/\/portalincluir.com.br\/wp-content\/uploads\/2025\/08\/juniorp-683x1024.png 683w, https:\/\/portalincluir.com.br\/wp-content\/uploads\/2025\/08\/juniorp-200x300.png 200w, https:\/\/portalincluir.com.br\/wp-content\/uploads\/2025\/08\/juniorp-768x1152.png 768w, https:\/\/portalincluir.com.br\/wp-content\/uploads\/2025\/08\/juniorp.png 1024w\" sizes=\"auto, (max-width: 683px) 100vw, 683px\" \/><figcaption class=\"wp-element-caption\"><strong>J\u00fanior Patente<\/strong><\/figcaption><\/figure>\n\n\n\n<p>Assim, a mobiliza\u00e7\u00e3o de 2025 nos convida a uma reflex\u00e3o profunda: quem decidiu o que as pessoas com defici\u00eancia podem ou n\u00e3o fazer? Que oportunidades estamos interessados \u200b\u200bem construir?<\/p>\n\n\n\n<p>A resposta est\u00e1 em cada gesto, em cada escolha coletiva, em cada compromisso com a dignidade humana. Porque a defici\u00eancia n\u00e3o define uma pessoa.&nbsp;<strong>O que transforma \u00e9 uma oportunidade.<\/strong><\/p>\n\n\n\n<p>Apoie as entidades da sua cidade. Escute, respeite e inclua. A mudan\u00e7a come\u00e7a agora \u2014 e depende de todos n\u00f3s.<\/p>\n","protected":false},"excerpt":{"rendered":"<p>A Semana Nacional da Pessoa com Defici\u00eancia Intelectual e M\u00faltipla, que acontece de 21 a<\/p>\n","protected":false},"author":1,"featured_media":606,"comment_status":"open","ping_status":"open","sticky":false,"template":"","format":"standard","meta":{"om_disable_all_campaigns":false,"_monsterinsights_skip_tracking":false,"_monsterinsights_sitenote_active":false,"_monsterinsights_sitenote_note":"","_monsterinsights_sitenote_category":0,"_uf_show_specific_survey":0,"_uf_disable_surveys":false,"footnotes":""},"categories":[9],"tags":[],"class_list":["post-604","post","type-post","status-publish","format-standard","has-post-thumbnail","hentry","category-noticias"],"yoast_head":"<!-- This site is optimized with the Yoast SEO plugin v27.4 - https:\/\/yoast.com\/product\/yoast-seo-wordpress\/ -->\n<title>\u201cDefici\u00eancia n\u00e3o define. Oportunidade transforma\u201d: Semana Nacional mobiliza sociedade pela inclus\u00e3o e pelo respeito \u00e0 diversidade - PORTAL INCLUIR<\/title>\n<meta name=\"robots\" content=\"index, follow, max-snippet:-1, max-image-preview:large, max-video-preview:-1\" \/>\n<link rel=\"canonical\" href=\"https:\/\/portalincluir.com.br\/index.php\/2025\/08\/27\/deficiencia-nao-define-oportunidade-transforma-semana-nacional-mobiliza-sociedade-pela-inclusao-e-pelo-respeito-a-diversidade\/\" \/>\n<meta property=\"og:locale\" content=\"pt_BR\" \/>\n<meta property=\"og:type\" content=\"article\" \/>\n<meta property=\"og:title\" content=\"\u201cDefici\u00eancia n\u00e3o define. Oportunidade transforma\u201d: Semana Nacional mobiliza sociedade pela inclus\u00e3o e pelo respeito \u00e0 diversidade - PORTAL INCLUIR\" \/>\n<meta property=\"og:description\" content=\"A Semana Nacional da Pessoa com Defici\u00eancia Intelectual e M\u00faltipla, que acontece de 21 a\" \/>\n<meta property=\"og:url\" content=\"https:\/\/portalincluir.com.br\/index.php\/2025\/08\/27\/deficiencia-nao-define-oportunidade-transforma-semana-nacional-mobiliza-sociedade-pela-inclusao-e-pelo-respeito-a-diversidade\/\" \/>\n<meta property=\"og:site_name\" content=\"PORTAL INCLUIR\" \/>\n<meta property=\"article:published_time\" content=\"2025-08-28T02:46:08+00:00\" \/>\n<meta property=\"article:modified_time\" content=\"2025-08-28T02:47:13+00:00\" \/>\n<meta property=\"og:image\" content=\"https:\/\/portalincluir.com.br\/wp-content\/uploads\/2025\/08\/Novo_logo_da_acessibilidade.jpg\" \/>\n\t<meta property=\"og:image:width\" content=\"764\" \/>\n\t<meta property=\"og:image:height\" content=\"333\" \/>\n\t<meta property=\"og:image:type\" content=\"image\/jpeg\" \/>\n<meta name=\"author\" content=\"Portal Incluir\" \/>\n<meta name=\"twitter:card\" content=\"summary_large_image\" \/>\n<meta name=\"twitter:label1\" content=\"Escrito por\" \/>\n\t<meta name=\"twitter:data1\" content=\"Portal Incluir\" \/>\n\t<meta name=\"twitter:label2\" content=\"Est. tempo de leitura\" \/>\n\t<meta name=\"twitter:data2\" content=\"2 minutos\" \/>\n<script type=\"application\/ld+json\" class=\"yoast-schema-graph\">{\"@context\":\"https:\\\/\\\/schema.org\",\"@graph\":[{\"@type\":[\"Article\",\"BlogPosting\"],\"@id\":\"https:\\\/\\\/portalincluir.com.br\\\/index.php\\\/2025\\\/08\\\/27\\\/deficiencia-nao-define-oportunidade-transforma-semana-nacional-mobiliza-sociedade-pela-inclusao-e-pelo-respeito-a-diversidade\\\/#article\",\"isPartOf\":{\"@id\":\"https:\\\/\\\/portalincluir.com.br\\\/index.php\\\/2025\\\/08\\\/27\\\/deficiencia-nao-define-oportunidade-transforma-semana-nacional-mobiliza-sociedade-pela-inclusao-e-pelo-respeito-a-diversidade\\\/\"},\"author\":{\"name\":\"Portal Incluir\",\"@id\":\"https:\\\/\\\/portalincluir.com.br\\\/#\\\/schema\\\/person\\\/8823664e5902eee555607fb75c4c35ae\"},\"headline\":\"\u201cDefici\u00eancia n\u00e3o define. Oportunidade transforma\u201d: Semana Nacional mobiliza sociedade pela inclus\u00e3o e pelo respeito \u00e0 diversidade\",\"datePublished\":\"2025-08-28T02:46:08+00:00\",\"dateModified\":\"2025-08-28T02:47:13+00:00\",\"mainEntityOfPage\":{\"@id\":\"https:\\\/\\\/portalincluir.com.br\\\/index.php\\\/2025\\\/08\\\/27\\\/deficiencia-nao-define-oportunidade-transforma-semana-nacional-mobiliza-sociedade-pela-inclusao-e-pelo-respeito-a-diversidade\\\/\"},\"wordCount\":405,\"commentCount\":0,\"image\":{\"@id\":\"https:\\\/\\\/portalincluir.com.br\\\/index.php\\\/2025\\\/08\\\/27\\\/deficiencia-nao-define-oportunidade-transforma-semana-nacional-mobiliza-sociedade-pela-inclusao-e-pelo-respeito-a-diversidade\\\/#primaryimage\"},\"thumbnailUrl\":\"https:\\\/\\\/portalincluir.com.br\\\/wp-content\\\/uploads\\\/2025\\\/08\\\/Novo_logo_da_acessibilidade.jpg\",\"articleSection\":[\"Not\u00edcias\"],\"inLanguage\":\"pt-BR\",\"potentialAction\":[{\"@type\":\"CommentAction\",\"name\":\"Comment\",\"target\":[\"https:\\\/\\\/portalincluir.com.br\\\/index.php\\\/2025\\\/08\\\/27\\\/deficiencia-nao-define-oportunidade-transforma-semana-nacional-mobiliza-sociedade-pela-inclusao-e-pelo-respeito-a-diversidade\\\/#respond\"]}]},{\"@type\":\"WebPage\",\"@id\":\"https:\\\/\\\/portalincluir.com.br\\\/index.php\\\/2025\\\/08\\\/27\\\/deficiencia-nao-define-oportunidade-transforma-semana-nacional-mobiliza-sociedade-pela-inclusao-e-pelo-respeito-a-diversidade\\\/\",\"url\":\"https:\\\/\\\/portalincluir.com.br\\\/index.php\\\/2025\\\/08\\\/27\\\/deficiencia-nao-define-oportunidade-transforma-semana-nacional-mobiliza-sociedade-pela-inclusao-e-pelo-respeito-a-diversidade\\\/\",\"name\":\"\u201cDefici\u00eancia n\u00e3o define. Oportunidade transforma\u201d: Semana Nacional mobiliza sociedade pela inclus\u00e3o e pelo respeito \u00e0 diversidade - PORTAL INCLUIR\",\"isPartOf\":{\"@id\":\"https:\\\/\\\/portalincluir.com.br\\\/#website\"},\"primaryImageOfPage\":{\"@id\":\"https:\\\/\\\/portalincluir.com.br\\\/index.php\\\/2025\\\/08\\\/27\\\/deficiencia-nao-define-oportunidade-transforma-semana-nacional-mobiliza-sociedade-pela-inclusao-e-pelo-respeito-a-diversidade\\\/#primaryimage\"},\"image\":{\"@id\":\"https:\\\/\\\/portalincluir.com.br\\\/index.php\\\/2025\\\/08\\\/27\\\/deficiencia-nao-define-oportunidade-transforma-semana-nacional-mobiliza-sociedade-pela-inclusao-e-pelo-respeito-a-diversidade\\\/#primaryimage\"},\"thumbnailUrl\":\"https:\\\/\\\/portalincluir.com.br\\\/wp-content\\\/uploads\\\/2025\\\/08\\\/Novo_logo_da_acessibilidade.jpg\",\"datePublished\":\"2025-08-28T02:46:08+00:00\",\"dateModified\":\"2025-08-28T02:47:13+00:00\",\"author\":{\"@id\":\"https:\\\/\\\/portalincluir.com.br\\\/#\\\/schema\\\/person\\\/8823664e5902eee555607fb75c4c35ae\"},\"breadcrumb\":{\"@id\":\"https:\\\/\\\/portalincluir.com.br\\\/index.php\\\/2025\\\/08\\\/27\\\/deficiencia-nao-define-oportunidade-transforma-semana-nacional-mobiliza-sociedade-pela-inclusao-e-pelo-respeito-a-diversidade\\\/#breadcrumb\"},\"inLanguage\":\"pt-BR\",\"potentialAction\":[{\"@type\":\"ReadAction\",\"target\":[\"https:\\\/\\\/portalincluir.com.br\\\/index.php\\\/2025\\\/08\\\/27\\\/deficiencia-nao-define-oportunidade-transforma-semana-nacional-mobiliza-sociedade-pela-inclusao-e-pelo-respeito-a-diversidade\\\/\"]}]},{\"@type\":\"ImageObject\",\"inLanguage\":\"pt-BR\",\"@id\":\"https:\\\/\\\/portalincluir.com.br\\\/index.php\\\/2025\\\/08\\\/27\\\/deficiencia-nao-define-oportunidade-transforma-semana-nacional-mobiliza-sociedade-pela-inclusao-e-pelo-respeito-a-diversidade\\\/#primaryimage\",\"url\":\"https:\\\/\\\/portalincluir.com.br\\\/wp-content\\\/uploads\\\/2025\\\/08\\\/Novo_logo_da_acessibilidade.jpg\",\"contentUrl\":\"https:\\\/\\\/portalincluir.com.br\\\/wp-content\\\/uploads\\\/2025\\\/08\\\/Novo_logo_da_acessibilidade.jpg\",\"width\":764,\"height\":333},{\"@type\":\"BreadcrumbList\",\"@id\":\"https:\\\/\\\/portalincluir.com.br\\\/index.php\\\/2025\\\/08\\\/27\\\/deficiencia-nao-define-oportunidade-transforma-semana-nacional-mobiliza-sociedade-pela-inclusao-e-pelo-respeito-a-diversidade\\\/#breadcrumb\",\"itemListElement\":[{\"@type\":\"ListItem\",\"position\":1,\"name\":\"In\u00edcio\",\"item\":\"https:\\\/\\\/portalincluir.com.br\\\/\"},{\"@type\":\"ListItem\",\"position\":2,\"name\":\"\u201cDefici\u00eancia n\u00e3o define. Oportunidade transforma\u201d: Semana Nacional mobiliza sociedade pela inclus\u00e3o e pelo respeito \u00e0 diversidade\"}]},{\"@type\":\"WebSite\",\"@id\":\"https:\\\/\\\/portalincluir.com.br\\\/#website\",\"url\":\"https:\\\/\\\/portalincluir.com.br\\\/\",\"name\":\"PORTAL INCLUIR\",\"description\":\"\",\"potentialAction\":[{\"@type\":\"SearchAction\",\"target\":{\"@type\":\"EntryPoint\",\"urlTemplate\":\"https:\\\/\\\/portalincluir.com.br\\\/?s={search_term_string}\"},\"query-input\":{\"@type\":\"PropertyValueSpecification\",\"valueRequired\":true,\"valueName\":\"search_term_string\"}}],\"inLanguage\":\"pt-BR\"},{\"@type\":\"Person\",\"@id\":\"https:\\\/\\\/portalincluir.com.br\\\/#\\\/schema\\\/person\\\/8823664e5902eee555607fb75c4c35ae\",\"name\":\"Portal Incluir\",\"image\":{\"@type\":\"ImageObject\",\"inLanguage\":\"pt-BR\",\"@id\":\"https:\\\/\\\/secure.gravatar.com\\\/avatar\\\/12085fe17e70c3550551519fe1f8f51fae69b1748563a47fc3bea53d91fbcbbd?s=96&d=mm&r=g\",\"url\":\"https:\\\/\\\/secure.gravatar.com\\\/avatar\\\/12085fe17e70c3550551519fe1f8f51fae69b1748563a47fc3bea53d91fbcbbd?s=96&d=mm&r=g\",\"contentUrl\":\"https:\\\/\\\/secure.gravatar.com\\\/avatar\\\/12085fe17e70c3550551519fe1f8f51fae69b1748563a47fc3bea53d91fbcbbd?s=96&d=mm&r=g\",\"caption\":\"Portal Incluir\"},\"sameAs\":[\"http:\\\/\\\/portalincluir.com.br\"],\"url\":\"https:\\\/\\\/portalincluir.com.br\\\/index.php\\\/author\\\/portalincluir-com-br\\\/\"}]}<\/script>\n<!-- \/ Yoast SEO plugin. -->","yoast_head_json":{"title":"\u201cDefici\u00eancia n\u00e3o define. Oportunidade transforma\u201d: Semana Nacional mobiliza sociedade pela inclus\u00e3o e pelo respeito \u00e0 diversidade - PORTAL INCLUIR","robots":{"index":"index","follow":"follow","max-snippet":"max-snippet:-1","max-image-preview":"max-image-preview:large","max-video-preview":"max-video-preview:-1"},"canonical":"https:\/\/portalincluir.com.br\/index.php\/2025\/08\/27\/deficiencia-nao-define-oportunidade-transforma-semana-nacional-mobiliza-sociedade-pela-inclusao-e-pelo-respeito-a-diversidade\/","og_locale":"pt_BR","og_type":"article","og_title":"\u201cDefici\u00eancia n\u00e3o define. Oportunidade transforma\u201d: Semana Nacional mobiliza sociedade pela inclus\u00e3o e pelo respeito \u00e0 diversidade - PORTAL INCLUIR","og_description":"A Semana Nacional da Pessoa com Defici\u00eancia Intelectual e M\u00faltipla, que acontece de 21 a","og_url":"https:\/\/portalincluir.com.br\/index.php\/2025\/08\/27\/deficiencia-nao-define-oportunidade-transforma-semana-nacional-mobiliza-sociedade-pela-inclusao-e-pelo-respeito-a-diversidade\/","og_site_name":"PORTAL INCLUIR","article_published_time":"2025-08-28T02:46:08+00:00","article_modified_time":"2025-08-28T02:47:13+00:00","og_image":[{"width":764,"height":333,"url":"https:\/\/portalincluir.com.br\/wp-content\/uploads\/2025\/08\/Novo_logo_da_acessibilidade.jpg","type":"image\/jpeg"}],"author":"Portal Incluir","twitter_card":"summary_large_image","twitter_misc":{"Escrito por":"Portal Incluir","Est. tempo de leitura":"2 minutos"},"schema":{"@context":"https:\/\/schema.org","@graph":[{"@type":["Article","BlogPosting"],"@id":"https:\/\/portalincluir.com.br\/index.php\/2025\/08\/27\/deficiencia-nao-define-oportunidade-transforma-semana-nacional-mobiliza-sociedade-pela-inclusao-e-pelo-respeito-a-diversidade\/#article","isPartOf":{"@id":"https:\/\/portalincluir.com.br\/index.php\/2025\/08\/27\/deficiencia-nao-define-oportunidade-transforma-semana-nacional-mobiliza-sociedade-pela-inclusao-e-pelo-respeito-a-diversidade\/"},"author":{"name":"Portal Incluir","@id":"https:\/\/portalincluir.com.br\/#\/schema\/person\/8823664e5902eee555607fb75c4c35ae"},"headline":"\u201cDefici\u00eancia n\u00e3o define. Oportunidade transforma\u201d: Semana Nacional mobiliza sociedade pela inclus\u00e3o e pelo respeito \u00e0 diversidade","datePublished":"2025-08-28T02:46:08+00:00","dateModified":"2025-08-28T02:47:13+00:00","mainEntityOfPage":{"@id":"https:\/\/portalincluir.com.br\/index.php\/2025\/08\/27\/deficiencia-nao-define-oportunidade-transforma-semana-nacional-mobiliza-sociedade-pela-inclusao-e-pelo-respeito-a-diversidade\/"},"wordCount":405,"commentCount":0,"image":{"@id":"https:\/\/portalincluir.com.br\/index.php\/2025\/08\/27\/deficiencia-nao-define-oportunidade-transforma-semana-nacional-mobiliza-sociedade-pela-inclusao-e-pelo-respeito-a-diversidade\/#primaryimage"},"thumbnailUrl":"https:\/\/portalincluir.com.br\/wp-content\/uploads\/2025\/08\/Novo_logo_da_acessibilidade.jpg","articleSection":["Not\u00edcias"],"inLanguage":"pt-BR","potentialAction":[{"@type":"CommentAction","name":"Comment","target":["https:\/\/portalincluir.com.br\/index.php\/2025\/08\/27\/deficiencia-nao-define-oportunidade-transforma-semana-nacional-mobiliza-sociedade-pela-inclusao-e-pelo-respeito-a-diversidade\/#respond"]}]},{"@type":"WebPage","@id":"https:\/\/portalincluir.com.br\/index.php\/2025\/08\/27\/deficiencia-nao-define-oportunidade-transforma-semana-nacional-mobiliza-sociedade-pela-inclusao-e-pelo-respeito-a-diversidade\/","url":"https:\/\/portalincluir.com.br\/index.php\/2025\/08\/27\/deficiencia-nao-define-oportunidade-transforma-semana-nacional-mobiliza-sociedade-pela-inclusao-e-pelo-respeito-a-diversidade\/","name":"\u201cDefici\u00eancia n\u00e3o define. Oportunidade transforma\u201d: Semana Nacional mobiliza sociedade pela inclus\u00e3o e pelo respeito \u00e0 diversidade - PORTAL INCLUIR","isPartOf":{"@id":"https:\/\/portalincluir.com.br\/#website"},"primaryImageOfPage":{"@id":"https:\/\/portalincluir.com.br\/index.php\/2025\/08\/27\/deficiencia-nao-define-oportunidade-transforma-semana-nacional-mobiliza-sociedade-pela-inclusao-e-pelo-respeito-a-diversidade\/#primaryimage"},"image":{"@id":"https:\/\/portalincluir.com.br\/index.php\/2025\/08\/27\/deficiencia-nao-define-oportunidade-transforma-semana-nacional-mobiliza-sociedade-pela-inclusao-e-pelo-respeito-a-diversidade\/#primaryimage"},"thumbnailUrl":"https:\/\/portalincluir.com.br\/wp-content\/uploads\/2025\/08\/Novo_logo_da_acessibilidade.jpg","datePublished":"2025-08-28T02:46:08+00:00","dateModified":"2025-08-28T02:47:13+00:00","author":{"@id":"https:\/\/portalincluir.com.br\/#\/schema\/person\/8823664e5902eee555607fb75c4c35ae"},"breadcrumb":{"@id":"https:\/\/portalincluir.com.br\/index.php\/2025\/08\/27\/deficiencia-nao-define-oportunidade-transforma-semana-nacional-mobiliza-sociedade-pela-inclusao-e-pelo-respeito-a-diversidade\/#breadcrumb"},"inLanguage":"pt-BR","potentialAction":[{"@type":"ReadAction","target":["https:\/\/portalincluir.com.br\/index.php\/2025\/08\/27\/deficiencia-nao-define-oportunidade-transforma-semana-nacional-mobiliza-sociedade-pela-inclusao-e-pelo-respeito-a-diversidade\/"]}]},{"@type":"ImageObject","inLanguage":"pt-BR","@id":"https:\/\/portalincluir.com.br\/index.php\/2025\/08\/27\/deficiencia-nao-define-oportunidade-transforma-semana-nacional-mobiliza-sociedade-pela-inclusao-e-pelo-respeito-a-diversidade\/#primaryimage","url":"https:\/\/portalincluir.com.br\/wp-content\/uploads\/2025\/08\/Novo_logo_da_acessibilidade.jpg","contentUrl":"https:\/\/portalincluir.com.br\/wp-content\/uploads\/2025\/08\/Novo_logo_da_acessibilidade.jpg","width":764,"height":333},{"@type":"BreadcrumbList","@id":"https:\/\/portalincluir.com.br\/index.php\/2025\/08\/27\/deficiencia-nao-define-oportunidade-transforma-semana-nacional-mobiliza-sociedade-pela-inclusao-e-pelo-respeito-a-diversidade\/#breadcrumb","itemListElement":[{"@type":"ListItem","position":1,"name":"In\u00edcio","item":"https:\/\/portalincluir.com.br\/"},{"@type":"ListItem","position":2,"name":"\u201cDefici\u00eancia n\u00e3o define. Oportunidade transforma\u201d: Semana Nacional mobiliza sociedade pela inclus\u00e3o e pelo respeito \u00e0 diversidade"}]},{"@type":"WebSite","@id":"https:\/\/portalincluir.com.br\/#website","url":"https:\/\/portalincluir.com.br\/","name":"PORTAL INCLUIR","description":"","potentialAction":[{"@type":"SearchAction","target":{"@type":"EntryPoint","urlTemplate":"https:\/\/portalincluir.com.br\/?s={search_term_string}"},"query-input":{"@type":"PropertyValueSpecification","valueRequired":true,"valueName":"search_term_string"}}],"inLanguage":"pt-BR"},{"@type":"Person","@id":"https:\/\/portalincluir.com.br\/#\/schema\/person\/8823664e5902eee555607fb75c4c35ae","name":"Portal Incluir","image":{"@type":"ImageObject","inLanguage":"pt-BR","@id":"https:\/\/secure.gravatar.com\/avatar\/12085fe17e70c3550551519fe1f8f51fae69b1748563a47fc3bea53d91fbcbbd?s=96&d=mm&r=g","url":"https:\/\/secure.gravatar.com\/avatar\/12085fe17e70c3550551519fe1f8f51fae69b1748563a47fc3bea53d91fbcbbd?s=96&d=mm&r=g","contentUrl":"https:\/\/secure.gravatar.com\/avatar\/12085fe17e70c3550551519fe1f8f51fae69b1748563a47fc3bea53d91fbcbbd?s=96&d=mm&r=g","caption":"Portal Incluir"},"sameAs":["http:\/\/portalincluir.com.br"],"url":"https:\/\/portalincluir.com.br\/index.php\/author\/portalincluir-com-br\/"}]}},"_links":{"self":[{"href":"https:\/\/portalincluir.com.br\/index.php\/wp-json\/wp\/v2\/posts\/604","targetHints":{"allow":["GET"]}}],"collection":[{"href":"https:\/\/portalincluir.com.br\/index.php\/wp-json\/wp\/v2\/posts"}],"about":[{"href":"https:\/\/portalincluir.com.br\/index.php\/wp-json\/wp\/v2\/types\/post"}],"author":[{"embeddable":true,"href":"https:\/\/portalincluir.com.br\/index.php\/wp-json\/wp\/v2\/users\/1"}],"replies":[{"embeddable":true,"href":"https:\/\/portalincluir.com.br\/index.php\/wp-json\/wp\/v2\/comments?post=604"}],"version-history":[{"count":3,"href":"https:\/\/portalincluir.com.br\/index.php\/wp-json\/wp\/v2\/posts\/604\/revisions"}],"predecessor-version":[{"id":609,"href":"https:\/\/portalincluir.com.br\/index.php\/wp-json\/wp\/v2\/posts\/604\/revisions\/609"}],"wp:featuredmedia":[{"embeddable":true,"href":"https:\/\/portalincluir.com.br\/index.php\/wp-json\/wp\/v2\/media\/606"}],"wp:attachment":[{"href":"https:\/\/portalincluir.com.br\/index.php\/wp-json\/wp\/v2\/media?parent=604"}],"wp:term":[{"taxonomy":"category","embeddable":true,"href":"https:\/\/portalincluir.com.br\/index.php\/wp-json\/wp\/v2\/categories?post=604"},{"taxonomy":"post_tag","embeddable":true,"href":"https:\/\/portalincluir.com.br\/index.php\/wp-json\/wp\/v2\/tags?post=604"}],"curies":[{"name":"wp","href":"https:\/\/api.w.org\/{rel}","templated":true}]}}