{"id":618,"date":"2025-10-04T07:27:03","date_gmt":"2025-10-04T10:27:03","guid":{"rendered":"https:\/\/portalincluir.com.br\/?p=618"},"modified":"2025-10-04T07:28:37","modified_gmt":"2025-10-04T10:28:37","slug":"cultura-surda-ganha-destaque-no-1o-encontro-cultural-da-euforie-se-em-sao-paulo","status":"publish","type":"post","link":"https:\/\/portalincluir.com.br\/index.php\/2025\/10\/04\/cultura-surda-ganha-destaque-no-1o-encontro-cultural-da-euforie-se-em-sao-paulo\/","title":{"rendered":"Cultura surda ganha destaque no 1\u00ba Encontro Cultural da \u2018Euforie-se\u2019, em S\u00e3o Paulo"},"content":{"rendered":"\n<p>Realizado no Museu das Favelas no dia 10 de outubro, o evento gratuito conta com a \u2018Estreia Folclore Brasileiro Surdo\u2019 em Libras, literatura surda, saraus, oficinas tem\u00e1ticas e a entrega do Trof\u00e9u Euforie-se 2025.<\/p>\n\n\n\n<figure class=\"wp-block-image size-large\"><img loading=\"lazy\" decoding=\"async\" width=\"1024\" height=\"683\" src=\"https:\/\/portalincluir.com.br\/wp-content\/uploads\/2025\/10\/Creditos-Henrique-Miranda-Gabriela-Garcia-e-Mike-Ribeiro3-1024x683.jpg\" alt=\"\" class=\"wp-image-621\" srcset=\"https:\/\/portalincluir.com.br\/wp-content\/uploads\/2025\/10\/Creditos-Henrique-Miranda-Gabriela-Garcia-e-Mike-Ribeiro3-1024x683.jpg 1024w, https:\/\/portalincluir.com.br\/wp-content\/uploads\/2025\/10\/Creditos-Henrique-Miranda-Gabriela-Garcia-e-Mike-Ribeiro3-300x200.jpg 300w, https:\/\/portalincluir.com.br\/wp-content\/uploads\/2025\/10\/Creditos-Henrique-Miranda-Gabriela-Garcia-e-Mike-Ribeiro3-768x512.jpg 768w, https:\/\/portalincluir.com.br\/wp-content\/uploads\/2025\/10\/Creditos-Henrique-Miranda-Gabriela-Garcia-e-Mike-Ribeiro3-1536x1024.jpg 1536w, https:\/\/portalincluir.com.br\/wp-content\/uploads\/2025\/10\/Creditos-Henrique-Miranda-Gabriela-Garcia-e-Mike-Ribeiro3-2048x1365.jpg 2048w\" sizes=\"auto, (max-width: 1024px) 100vw, 1024px\" \/><figcaption class=\"wp-element-caption\">Cr\u00e9ditos &#8211; Henrique Miranda, Gabriela Garcia e Mike Ribeiro<\/figcaption><\/figure>\n\n\n\n<p>Promovendo di\u00e1logos, inclus\u00e3o e a valoriza\u00e7\u00e3o da arte e da cultura surda no Brasil, o Museu das Favelas recebe no pr\u00f3ximo dia 10 de outubro, das 10h \u00e0s 17h, o 1\u00ba Encontro Cultural da \u2018Euforie-se\u2019. Localizado no Largo P\u00e1teo do Col\u00e9gio, 148, em S\u00e3o Paulo, o espa\u00e7o abre as suas portas para um dia inteiro dedicado \u00e0 troca de experi\u00eancias, integra\u00e7\u00e3o e celebra\u00e7\u00e3o da diversidade.<\/p>\n\n\n\n<p>Com entrada gratuita, o encontro estimula interc\u00e2mbios sociais, art\u00edsticos e culturais em um espa\u00e7o de identidade, pertencimento e resist\u00eancia. Toda a programa\u00e7\u00e3o ser\u00e1 acess\u00edvel e conduzida por uma equipe formada por pessoas surdas, com interpreta\u00e7\u00e3o em Libras e recursos visuais, refor\u00e7ando a valoriza\u00e7\u00e3o da diversidade e a pot\u00eancia da cultura surda no Brasil.<\/p>\n\n\n\n<p>Sob o tema \u2018Folclore Brasileiro Surdo\u2019, a edi\u00e7\u00e3o recria lendas brasileiras adequadas ao universo surdo, sem descaracterizar a proposta original, mas construindo dois caminhos. Assim, a riqueza folcl\u00f3rica se desdobrar\u00e1 em duas vertentes: a primeira com hist\u00f3rias adequadas, que permitem \u00e0s pessoas surdas se reconhecerem como brasileiras e surdas; a segunda resgatando as vers\u00f5es originais, valorizando ambos os olhares.<\/p>\n\n\n\n<p>N\u00e3o se limitando apenas \u00e0 tradu\u00e7\u00e3o em Libras, mas reconstruindo todo um universo cultural adequado, as lendas do folclore ganham vida nas oficinas do evento, realizadas simultaneamente em quatro espa\u00e7os: Estreia \u2018Folclore Brasileiro Surdo\u2019 (Sala 1), Espa\u00e7o Kids (Sala 2), Literatura Surda (Sala 3) e Abad\u00e1 (Sala 4). As atividades iniciais, realizadas por ordem de chegada, estar\u00e3o dispostas em corredores interativos que abrigam saraus, espa\u00e7os abertos para cria\u00e7\u00e3o de poesias visuais e intera\u00e7\u00f5es divertidas com um m\u00edmico surdo que anima o ambiente. S\u00e3o elas:<\/p>\n\n\n\n<p>Sala 1 \u2013 \u2018Estreia Folclore Brasileiro Surdo\u2019<\/p>\n\n\n\n<p>O espa\u00e7o ser\u00e1 dedicado \u00e0 exibi\u00e7\u00e3o in\u00e9dita de v\u00eddeos criados a partir do livreto \u2018Folclore Brasileiro Surdo\u2019, assinado coletivamente pela Euforie-se. Os filmes contam com tradu\u00e7\u00e3o em Libras, legendas e recursos visuais de acessibilidade, ampliando a representatividade e a for\u00e7a da identidade surda.<\/p>\n\n\n\n<p>Sala 2 \u2013 Espa\u00e7o Kids<\/p>\n\n\n\n<p>Um ambiente l\u00fadico e criativo, onde a crian\u00e7ada participa de brincadeiras visuais, pinturas faciais e desenhos dos personagens surdos do folclore.<\/p>\n\n\n\n<p>Sala 3 \u2013 Literatura Surda<\/p>\n\n\n\n<p>Dedicada \u00e0s narrativas e \u00e0 cria\u00e7\u00e3o coletiva, a sala promove bate-papos e rodas de conversa sobre personagens e hist\u00f3rias, incentivando a troca de ideias e o fortalecimento do pertencimento surdo.<\/p>\n\n\n\n<p>Sala 4 \u2013 Abad\u00e1<\/p>\n\n\n\n<p>Local da retirada oficial do Abad\u00e1 para a \u2018Festa Euforie-se\u2019, com a possibilidade de customizar a pe\u00e7a em tempo real.<\/p>\n\n\n\n<p>Seguindo com novas atra\u00e7\u00f5es, a programa\u00e7\u00e3o passa a se concentrar no hall do Museu a partir das 14h, com a performance da DJ Lenny, que ambienta o espa\u00e7o com um set vibrante e ilumina\u00e7\u00e3o especial. Em seguida, \u00e0s 15h, o coletivo \u2018Slam de Surdes\u2019 comandar\u00e1 a batalha no palco, trazendo poetas surdos de diferentes intersec\u00e7\u00f5es sociais \u2014 negras, mulheres, LGBTQIAPN+, entre outras \u2014 \u00e0 fim de ampliar a representatividade e a pot\u00eancia do povo surdo.<\/p>\n\n\n\n<p>A parceria entre o coletivo \u2018Slam de Surdes\u2019 e a Euforie-se trar\u00e1 os artistas para concorrer \u00e0 entrega do \u2018Trof\u00e9u Euforie-se 2025\u2019. Criada com exclusividade pelo artista surdo Silas Queiroz, a premia\u00e7\u00e3o reconhece a melhor performance apresentada durante o evento.<\/p>\n\n\n\n<p>Encerrando as atividades, o Ano I do Encontro Cultural \u2018Euforie-se\u2019 ser\u00e1 marcado pelo lan\u00e7amento in\u00e9dito do livreto \u201cFolclore Brasileiro Surdo\u201d \u2013 em formato inicial de amostra; iniciativa que amplia a representatividade da cultura surda para o p\u00fablico infanto-juvenil e visa \u00e0 capta\u00e7\u00e3o de recursos para impress\u00e3o e distribui\u00e7\u00e3o em escolas bil\u00edngues.<\/p>\n\n\n\n<figure class=\"wp-block-image alignright size-large is-resized\"><img loading=\"lazy\" decoding=\"async\" width=\"821\" height=\"1024\" src=\"https:\/\/portalincluir.com.br\/wp-content\/uploads\/2025\/10\/Gabriel-Isaac_Creditos-Gabriela-Garcia-821x1024.jpg\" alt=\"\" class=\"wp-image-620\" style=\"width:372px;height:auto\" srcset=\"https:\/\/portalincluir.com.br\/wp-content\/uploads\/2025\/10\/Gabriel-Isaac_Creditos-Gabriela-Garcia-821x1024.jpg 821w, https:\/\/portalincluir.com.br\/wp-content\/uploads\/2025\/10\/Gabriel-Isaac_Creditos-Gabriela-Garcia-240x300.jpg 240w, https:\/\/portalincluir.com.br\/wp-content\/uploads\/2025\/10\/Gabriel-Isaac_Creditos-Gabriela-Garcia-768x958.jpg 768w, https:\/\/portalincluir.com.br\/wp-content\/uploads\/2025\/10\/Gabriel-Isaac_Creditos-Gabriela-Garcia.jpg 828w\" sizes=\"auto, (max-width: 821px) 100vw, 821px\" \/><figcaption class=\"wp-element-caption\">Cr\u00e9ditos &#8211; Gabriela Garcia<\/figcaption><\/figure>\n\n\n\n<p>O lan\u00e7amento do livreto, em conjunto com o Encontro, cria um espa\u00e7o in\u00e9dito de engajamento para crian\u00e7as e adolescentes surdos, que muitas vezes ficam \u00e0 margem das festas e celebra\u00e7\u00f5es culturais. A proposta dos organizadores \u00e9 ampliar o alcance dessas a\u00e7\u00f5es, com planos de distribui\u00e7\u00e3o gratuita de materiais visuais em escolas da regi\u00e3o, fortalecendo a inclus\u00e3o desde a inf\u00e2ncia.<\/p>\n\n\n\n<p>\u201cAinda existe uma ilus\u00e3o de que a presen\u00e7a de um int\u00e9rprete basta para garantir acessibilidade. N\u00e3o basta. Um int\u00e9rprete pode contribuir, mas quem sente na pele a realidade do povo surdo entende que \u00e9 muito mais profundo. A viv\u00eancia \u00e9 outra. Por isso, a proposta do projeto \u00e9 simples, mas potente: colocar a pessoa surda no centro, com os \u2018ouvintes\u2019 como aliados, n\u00e3o protagonistas. O objetivo \u00e9 trazer empoderamento e confian\u00e7a nesse trabalho. N\u00e3o basta incluir. \u00c9 preciso dar espa\u00e7o para as lideran\u00e7as surdas pensarem, criarem e coordenarem\u201d, afirma o idealizador e creator em Libras, Gabriel Isaac.<\/p>\n\n\n\n<p>Trazendo o primeiro \u2018Encontro Cultural\u2019 para o Museu das Favelas, a Euforie-se se consolida como um marco exponencial da cultura surda em S\u00e3o Paulo, com planos de expans\u00e3o para um \u2018Festival\u2019 nos pr\u00f3ximos anos. Celebrando esse novo cap\u00edtulo na trajet\u00f3ria da marca, Gabriel destaca que o encontro abre caminho para mais uma novidade em outubro: a realiza\u00e7\u00e3o da 4\u00aa edi\u00e7\u00e3o da Festa Euforie-se, no Carioca Club.<\/p>\n\n\n\n<p>O Ano I do \u2018Encontro Cultural Euforie-se\u2019 \u00e9 uma realiza\u00e7\u00e3o da Euforie-se e Isflocos Studio, com apoio da Prefeitura de S\u00e3o Paulo e Hand Talk; e parcerias da Shotgun; Ag\u00eancia Gaiah; AbadaFest; Slam de Surdes; Instituto de Desenvolvimento e Gest\u00e3o (IDG); Museu das Favelas; CultSP; Secretaria da Cultura, Economia e Ind\u00fastria Criativas SP; Minist\u00e9rio da Cultura e Governo Federal.<\/p>\n\n\n\n<p><strong>4\u00aa Edi\u00e7\u00e3o da \u2018Festa Euforie-se\u2019<\/strong><\/p>\n\n\n\n<p>Acontece no pr\u00f3ximo dia 11 de outubro, das 23h \u00e0s 7h, no Carioca Club &#8211; Rua Cardeal Arco Verde, Pinheiros &#8211; a 4\u00aa edi\u00e7\u00e3o da Festa Euforie-se. O evento, que esgotou mil ingressos em apenas 48 horas, j\u00e1 se consolidou como uma das maiores celebra\u00e7\u00f5es do movimento original do povo surdo e caminha para se tornar uma refer\u00eancia em representatividade cultural e art\u00edstica na Am\u00e9rica Latina.<\/p>\n\n\n\n<p>Com a tem\u00e1tica do Folclore Brasileiro Surdo, a festa open bar ganha uma ambienta\u00e7\u00e3o \u00fanica: abad\u00e1s ilustrados com s\u00edmbolos da cultura surda, pulseiras que acendem no ritmo da m\u00fasica, aromas exclusivos que despertam mem\u00f3rias afetivas e interven\u00e7\u00f5es art\u00edsticas in\u00e9ditas, transformando a noite em uma experi\u00eancia inesquec\u00edvel.<\/p>\n\n\n\n<p>\u201cImportante destacar que a festa n\u00e3o \u00e9 s\u00f3 para pessoas surdas do Brasil. Recebemos participantes de v\u00e1rios pa\u00edses, o que transforma a festa em um espa\u00e7o cultural de grande responsabilidade. No ano passado, com a \u2018Micareta!\u2019, ficou evidente como a gente ainda \u00e9 limitado no carnaval. Parece que n\u00f3s, surdos, nunca vamos poder aproveitar as festas brasileiras. Eu tamb\u00e9m tenho CPF, eu sou brasileiro, mas parece que n\u00e3o consigo participar dessa cultura. Foi a\u00ed que mostramos que \u00e9 poss\u00edvel. Tivemos DJs surdos, passistas surdos, criamos at\u00e9 abad\u00e1s. E nesta edi\u00e7\u00e3o temos ainda mais atra\u00e7\u00f5es. A Euforie-se \u00e9 um espa\u00e7o para todas as pessoas \u2013 surdas e ouvintes \u2013 que desejam conhecer, sentir e celebrar o universo da cultura surda de perto. Mais do que uma festa, \u00e9 um mergulho em uma experi\u00eancia \u00fanica, onde identidades se encontram, barreiras caem e todos podem compartilhar da mesma vibra\u00e7\u00e3o\u201d, comenta Gabriel Isaac.<\/p>\n\n\n\n<p>Mais democr\u00e1tica a cada edi\u00e7\u00e3o, a festa j\u00e1 impactou cerca de 1,5 mil pessoas. Reconhecida por colocar artistas surdos no protagonismo da cena, a Euforie-se re\u00fane DJs, int\u00e9rpretes, performers e passistas em apresenta\u00e7\u00f5es que tamb\u00e9m valorizam duplas surdo-ouvinte, reafirmando que a Libras n\u00e3o \u00e9 um recurso de apoio, mas parte essencial da identidade cultural celebrada na festa. J\u00e1 de olho no futuro, a Euforie-se prepara a comemora\u00e7\u00e3o de seus cinco anos em 2026, com novos projetos e surpresas em fase de avalia\u00e7\u00e3o.<\/p>\n\n\n\n<p><\/p>\n","protected":false},"excerpt":{"rendered":"<p>Realizado no Museu das Favelas no dia 10 de outubro, o evento gratuito conta com<\/p>\n","protected":false},"author":1,"featured_media":619,"comment_status":"open","ping_status":"open","sticky":false,"template":"","format":"standard","meta":{"om_disable_all_campaigns":false,"_monsterinsights_skip_tracking":false,"_monsterinsights_sitenote_active":false,"_monsterinsights_sitenote_note":"","_monsterinsights_sitenote_category":0,"_uf_show_specific_survey":0,"_uf_disable_surveys":false,"footnotes":""},"categories":[18,9,1],"tags":[],"class_list":["post-618","post","type-post","status-publish","format-standard","has-post-thumbnail","hentry","category-deficiente-auditivo","category-noticias","category-portal"],"yoast_head":"<!-- This site is optimized with the Yoast SEO plugin v27.4 - https:\/\/yoast.com\/product\/yoast-seo-wordpress\/ -->\n<title>Cultura surda ganha destaque no 1\u00ba Encontro Cultural da \u2018Euforie-se\u2019, em S\u00e3o Paulo - PORTAL INCLUIR<\/title>\n<meta name=\"robots\" content=\"index, follow, max-snippet:-1, max-image-preview:large, max-video-preview:-1\" \/>\n<link rel=\"canonical\" href=\"https:\/\/portalincluir.com.br\/index.php\/2025\/10\/04\/cultura-surda-ganha-destaque-no-1o-encontro-cultural-da-euforie-se-em-sao-paulo\/\" \/>\n<meta property=\"og:locale\" content=\"pt_BR\" \/>\n<meta property=\"og:type\" content=\"article\" \/>\n<meta property=\"og:title\" content=\"Cultura surda ganha destaque no 1\u00ba Encontro Cultural da \u2018Euforie-se\u2019, em S\u00e3o Paulo - PORTAL INCLUIR\" \/>\n<meta property=\"og:description\" content=\"Realizado no Museu das Favelas no dia 10 de outubro, o evento gratuito conta com\" \/>\n<meta property=\"og:url\" content=\"https:\/\/portalincluir.com.br\/index.php\/2025\/10\/04\/cultura-surda-ganha-destaque-no-1o-encontro-cultural-da-euforie-se-em-sao-paulo\/\" \/>\n<meta property=\"og:site_name\" content=\"PORTAL INCLUIR\" \/>\n<meta property=\"article:published_time\" content=\"2025-10-04T10:27:03+00:00\" \/>\n<meta property=\"article:modified_time\" content=\"2025-10-04T10:28:37+00:00\" \/>\n<meta property=\"og:image\" content=\"https:\/\/portalincluir.com.br\/wp-content\/uploads\/2025\/10\/Creditos-Henrique-Miranda-Gabriela-Garcia-e-Mike-Ribeiro.jpg\" \/>\n\t<meta property=\"og:image:width\" content=\"2048\" \/>\n\t<meta property=\"og:image:height\" content=\"1365\" \/>\n\t<meta property=\"og:image:type\" content=\"image\/jpeg\" \/>\n<meta name=\"author\" content=\"Portal Incluir\" \/>\n<meta name=\"twitter:card\" content=\"summary_large_image\" \/>\n<meta name=\"twitter:label1\" content=\"Escrito por\" \/>\n\t<meta name=\"twitter:data1\" content=\"Portal Incluir\" \/>\n\t<meta name=\"twitter:label2\" content=\"Est. tempo de leitura\" \/>\n\t<meta name=\"twitter:data2\" content=\"7 minutos\" \/>\n<script type=\"application\/ld+json\" class=\"yoast-schema-graph\">{\"@context\":\"https:\\\/\\\/schema.org\",\"@graph\":[{\"@type\":[\"Article\",\"BlogPosting\"],\"@id\":\"https:\\\/\\\/portalincluir.com.br\\\/index.php\\\/2025\\\/10\\\/04\\\/cultura-surda-ganha-destaque-no-1o-encontro-cultural-da-euforie-se-em-sao-paulo\\\/#article\",\"isPartOf\":{\"@id\":\"https:\\\/\\\/portalincluir.com.br\\\/index.php\\\/2025\\\/10\\\/04\\\/cultura-surda-ganha-destaque-no-1o-encontro-cultural-da-euforie-se-em-sao-paulo\\\/\"},\"author\":{\"name\":\"Portal Incluir\",\"@id\":\"https:\\\/\\\/portalincluir.com.br\\\/#\\\/schema\\\/person\\\/8823664e5902eee555607fb75c4c35ae\"},\"headline\":\"Cultura surda ganha destaque no 1\u00ba Encontro Cultural da \u2018Euforie-se\u2019, em S\u00e3o Paulo\",\"datePublished\":\"2025-10-04T10:27:03+00:00\",\"dateModified\":\"2025-10-04T10:28:37+00:00\",\"mainEntityOfPage\":{\"@id\":\"https:\\\/\\\/portalincluir.com.br\\\/index.php\\\/2025\\\/10\\\/04\\\/cultura-surda-ganha-destaque-no-1o-encontro-cultural-da-euforie-se-em-sao-paulo\\\/\"},\"wordCount\":1341,\"commentCount\":0,\"image\":{\"@id\":\"https:\\\/\\\/portalincluir.com.br\\\/index.php\\\/2025\\\/10\\\/04\\\/cultura-surda-ganha-destaque-no-1o-encontro-cultural-da-euforie-se-em-sao-paulo\\\/#primaryimage\"},\"thumbnailUrl\":\"https:\\\/\\\/portalincluir.com.br\\\/wp-content\\\/uploads\\\/2025\\\/10\\\/Creditos-Henrique-Miranda-Gabriela-Garcia-e-Mike-Ribeiro.jpg\",\"articleSection\":[\"Deficiente Auditivo\",\"Not\u00edcias\",\"Portal\"],\"inLanguage\":\"pt-BR\",\"potentialAction\":[{\"@type\":\"CommentAction\",\"name\":\"Comment\",\"target\":[\"https:\\\/\\\/portalincluir.com.br\\\/index.php\\\/2025\\\/10\\\/04\\\/cultura-surda-ganha-destaque-no-1o-encontro-cultural-da-euforie-se-em-sao-paulo\\\/#respond\"]}]},{\"@type\":\"WebPage\",\"@id\":\"https:\\\/\\\/portalincluir.com.br\\\/index.php\\\/2025\\\/10\\\/04\\\/cultura-surda-ganha-destaque-no-1o-encontro-cultural-da-euforie-se-em-sao-paulo\\\/\",\"url\":\"https:\\\/\\\/portalincluir.com.br\\\/index.php\\\/2025\\\/10\\\/04\\\/cultura-surda-ganha-destaque-no-1o-encontro-cultural-da-euforie-se-em-sao-paulo\\\/\",\"name\":\"Cultura surda ganha destaque no 1\u00ba Encontro Cultural da \u2018Euforie-se\u2019, em S\u00e3o Paulo - PORTAL INCLUIR\",\"isPartOf\":{\"@id\":\"https:\\\/\\\/portalincluir.com.br\\\/#website\"},\"primaryImageOfPage\":{\"@id\":\"https:\\\/\\\/portalincluir.com.br\\\/index.php\\\/2025\\\/10\\\/04\\\/cultura-surda-ganha-destaque-no-1o-encontro-cultural-da-euforie-se-em-sao-paulo\\\/#primaryimage\"},\"image\":{\"@id\":\"https:\\\/\\\/portalincluir.com.br\\\/index.php\\\/2025\\\/10\\\/04\\\/cultura-surda-ganha-destaque-no-1o-encontro-cultural-da-euforie-se-em-sao-paulo\\\/#primaryimage\"},\"thumbnailUrl\":\"https:\\\/\\\/portalincluir.com.br\\\/wp-content\\\/uploads\\\/2025\\\/10\\\/Creditos-Henrique-Miranda-Gabriela-Garcia-e-Mike-Ribeiro.jpg\",\"datePublished\":\"2025-10-04T10:27:03+00:00\",\"dateModified\":\"2025-10-04T10:28:37+00:00\",\"author\":{\"@id\":\"https:\\\/\\\/portalincluir.com.br\\\/#\\\/schema\\\/person\\\/8823664e5902eee555607fb75c4c35ae\"},\"breadcrumb\":{\"@id\":\"https:\\\/\\\/portalincluir.com.br\\\/index.php\\\/2025\\\/10\\\/04\\\/cultura-surda-ganha-destaque-no-1o-encontro-cultural-da-euforie-se-em-sao-paulo\\\/#breadcrumb\"},\"inLanguage\":\"pt-BR\",\"potentialAction\":[{\"@type\":\"ReadAction\",\"target\":[\"https:\\\/\\\/portalincluir.com.br\\\/index.php\\\/2025\\\/10\\\/04\\\/cultura-surda-ganha-destaque-no-1o-encontro-cultural-da-euforie-se-em-sao-paulo\\\/\"]}]},{\"@type\":\"ImageObject\",\"inLanguage\":\"pt-BR\",\"@id\":\"https:\\\/\\\/portalincluir.com.br\\\/index.php\\\/2025\\\/10\\\/04\\\/cultura-surda-ganha-destaque-no-1o-encontro-cultural-da-euforie-se-em-sao-paulo\\\/#primaryimage\",\"url\":\"https:\\\/\\\/portalincluir.com.br\\\/wp-content\\\/uploads\\\/2025\\\/10\\\/Creditos-Henrique-Miranda-Gabriela-Garcia-e-Mike-Ribeiro.jpg\",\"contentUrl\":\"https:\\\/\\\/portalincluir.com.br\\\/wp-content\\\/uploads\\\/2025\\\/10\\\/Creditos-Henrique-Miranda-Gabriela-Garcia-e-Mike-Ribeiro.jpg\",\"width\":2048,\"height\":1365},{\"@type\":\"BreadcrumbList\",\"@id\":\"https:\\\/\\\/portalincluir.com.br\\\/index.php\\\/2025\\\/10\\\/04\\\/cultura-surda-ganha-destaque-no-1o-encontro-cultural-da-euforie-se-em-sao-paulo\\\/#breadcrumb\",\"itemListElement\":[{\"@type\":\"ListItem\",\"position\":1,\"name\":\"In\u00edcio\",\"item\":\"https:\\\/\\\/portalincluir.com.br\\\/\"},{\"@type\":\"ListItem\",\"position\":2,\"name\":\"Cultura surda ganha destaque no 1\u00ba Encontro Cultural da \u2018Euforie-se\u2019, em S\u00e3o Paulo\"}]},{\"@type\":\"WebSite\",\"@id\":\"https:\\\/\\\/portalincluir.com.br\\\/#website\",\"url\":\"https:\\\/\\\/portalincluir.com.br\\\/\",\"name\":\"PORTAL INCLUIR\",\"description\":\"\",\"potentialAction\":[{\"@type\":\"SearchAction\",\"target\":{\"@type\":\"EntryPoint\",\"urlTemplate\":\"https:\\\/\\\/portalincluir.com.br\\\/?s={search_term_string}\"},\"query-input\":{\"@type\":\"PropertyValueSpecification\",\"valueRequired\":true,\"valueName\":\"search_term_string\"}}],\"inLanguage\":\"pt-BR\"},{\"@type\":\"Person\",\"@id\":\"https:\\\/\\\/portalincluir.com.br\\\/#\\\/schema\\\/person\\\/8823664e5902eee555607fb75c4c35ae\",\"name\":\"Portal Incluir\",\"image\":{\"@type\":\"ImageObject\",\"inLanguage\":\"pt-BR\",\"@id\":\"https:\\\/\\\/secure.gravatar.com\\\/avatar\\\/12085fe17e70c3550551519fe1f8f51fae69b1748563a47fc3bea53d91fbcbbd?s=96&d=mm&r=g\",\"url\":\"https:\\\/\\\/secure.gravatar.com\\\/avatar\\\/12085fe17e70c3550551519fe1f8f51fae69b1748563a47fc3bea53d91fbcbbd?s=96&d=mm&r=g\",\"contentUrl\":\"https:\\\/\\\/secure.gravatar.com\\\/avatar\\\/12085fe17e70c3550551519fe1f8f51fae69b1748563a47fc3bea53d91fbcbbd?s=96&d=mm&r=g\",\"caption\":\"Portal Incluir\"},\"sameAs\":[\"http:\\\/\\\/portalincluir.com.br\"],\"url\":\"https:\\\/\\\/portalincluir.com.br\\\/index.php\\\/author\\\/portalincluir-com-br\\\/\"}]}<\/script>\n<!-- \/ Yoast SEO plugin. -->","yoast_head_json":{"title":"Cultura surda ganha destaque no 1\u00ba Encontro Cultural da \u2018Euforie-se\u2019, em S\u00e3o Paulo - PORTAL INCLUIR","robots":{"index":"index","follow":"follow","max-snippet":"max-snippet:-1","max-image-preview":"max-image-preview:large","max-video-preview":"max-video-preview:-1"},"canonical":"https:\/\/portalincluir.com.br\/index.php\/2025\/10\/04\/cultura-surda-ganha-destaque-no-1o-encontro-cultural-da-euforie-se-em-sao-paulo\/","og_locale":"pt_BR","og_type":"article","og_title":"Cultura surda ganha destaque no 1\u00ba Encontro Cultural da \u2018Euforie-se\u2019, em S\u00e3o Paulo - PORTAL INCLUIR","og_description":"Realizado no Museu das Favelas no dia 10 de outubro, o evento gratuito conta com","og_url":"https:\/\/portalincluir.com.br\/index.php\/2025\/10\/04\/cultura-surda-ganha-destaque-no-1o-encontro-cultural-da-euforie-se-em-sao-paulo\/","og_site_name":"PORTAL INCLUIR","article_published_time":"2025-10-04T10:27:03+00:00","article_modified_time":"2025-10-04T10:28:37+00:00","og_image":[{"width":2048,"height":1365,"url":"https:\/\/portalincluir.com.br\/wp-content\/uploads\/2025\/10\/Creditos-Henrique-Miranda-Gabriela-Garcia-e-Mike-Ribeiro.jpg","type":"image\/jpeg"}],"author":"Portal Incluir","twitter_card":"summary_large_image","twitter_misc":{"Escrito por":"Portal Incluir","Est. tempo de leitura":"7 minutos"},"schema":{"@context":"https:\/\/schema.org","@graph":[{"@type":["Article","BlogPosting"],"@id":"https:\/\/portalincluir.com.br\/index.php\/2025\/10\/04\/cultura-surda-ganha-destaque-no-1o-encontro-cultural-da-euforie-se-em-sao-paulo\/#article","isPartOf":{"@id":"https:\/\/portalincluir.com.br\/index.php\/2025\/10\/04\/cultura-surda-ganha-destaque-no-1o-encontro-cultural-da-euforie-se-em-sao-paulo\/"},"author":{"name":"Portal Incluir","@id":"https:\/\/portalincluir.com.br\/#\/schema\/person\/8823664e5902eee555607fb75c4c35ae"},"headline":"Cultura surda ganha destaque no 1\u00ba Encontro Cultural da \u2018Euforie-se\u2019, em S\u00e3o Paulo","datePublished":"2025-10-04T10:27:03+00:00","dateModified":"2025-10-04T10:28:37+00:00","mainEntityOfPage":{"@id":"https:\/\/portalincluir.com.br\/index.php\/2025\/10\/04\/cultura-surda-ganha-destaque-no-1o-encontro-cultural-da-euforie-se-em-sao-paulo\/"},"wordCount":1341,"commentCount":0,"image":{"@id":"https:\/\/portalincluir.com.br\/index.php\/2025\/10\/04\/cultura-surda-ganha-destaque-no-1o-encontro-cultural-da-euforie-se-em-sao-paulo\/#primaryimage"},"thumbnailUrl":"https:\/\/portalincluir.com.br\/wp-content\/uploads\/2025\/10\/Creditos-Henrique-Miranda-Gabriela-Garcia-e-Mike-Ribeiro.jpg","articleSection":["Deficiente Auditivo","Not\u00edcias","Portal"],"inLanguage":"pt-BR","potentialAction":[{"@type":"CommentAction","name":"Comment","target":["https:\/\/portalincluir.com.br\/index.php\/2025\/10\/04\/cultura-surda-ganha-destaque-no-1o-encontro-cultural-da-euforie-se-em-sao-paulo\/#respond"]}]},{"@type":"WebPage","@id":"https:\/\/portalincluir.com.br\/index.php\/2025\/10\/04\/cultura-surda-ganha-destaque-no-1o-encontro-cultural-da-euforie-se-em-sao-paulo\/","url":"https:\/\/portalincluir.com.br\/index.php\/2025\/10\/04\/cultura-surda-ganha-destaque-no-1o-encontro-cultural-da-euforie-se-em-sao-paulo\/","name":"Cultura surda ganha destaque no 1\u00ba Encontro Cultural da \u2018Euforie-se\u2019, em S\u00e3o Paulo - PORTAL INCLUIR","isPartOf":{"@id":"https:\/\/portalincluir.com.br\/#website"},"primaryImageOfPage":{"@id":"https:\/\/portalincluir.com.br\/index.php\/2025\/10\/04\/cultura-surda-ganha-destaque-no-1o-encontro-cultural-da-euforie-se-em-sao-paulo\/#primaryimage"},"image":{"@id":"https:\/\/portalincluir.com.br\/index.php\/2025\/10\/04\/cultura-surda-ganha-destaque-no-1o-encontro-cultural-da-euforie-se-em-sao-paulo\/#primaryimage"},"thumbnailUrl":"https:\/\/portalincluir.com.br\/wp-content\/uploads\/2025\/10\/Creditos-Henrique-Miranda-Gabriela-Garcia-e-Mike-Ribeiro.jpg","datePublished":"2025-10-04T10:27:03+00:00","dateModified":"2025-10-04T10:28:37+00:00","author":{"@id":"https:\/\/portalincluir.com.br\/#\/schema\/person\/8823664e5902eee555607fb75c4c35ae"},"breadcrumb":{"@id":"https:\/\/portalincluir.com.br\/index.php\/2025\/10\/04\/cultura-surda-ganha-destaque-no-1o-encontro-cultural-da-euforie-se-em-sao-paulo\/#breadcrumb"},"inLanguage":"pt-BR","potentialAction":[{"@type":"ReadAction","target":["https:\/\/portalincluir.com.br\/index.php\/2025\/10\/04\/cultura-surda-ganha-destaque-no-1o-encontro-cultural-da-euforie-se-em-sao-paulo\/"]}]},{"@type":"ImageObject","inLanguage":"pt-BR","@id":"https:\/\/portalincluir.com.br\/index.php\/2025\/10\/04\/cultura-surda-ganha-destaque-no-1o-encontro-cultural-da-euforie-se-em-sao-paulo\/#primaryimage","url":"https:\/\/portalincluir.com.br\/wp-content\/uploads\/2025\/10\/Creditos-Henrique-Miranda-Gabriela-Garcia-e-Mike-Ribeiro.jpg","contentUrl":"https:\/\/portalincluir.com.br\/wp-content\/uploads\/2025\/10\/Creditos-Henrique-Miranda-Gabriela-Garcia-e-Mike-Ribeiro.jpg","width":2048,"height":1365},{"@type":"BreadcrumbList","@id":"https:\/\/portalincluir.com.br\/index.php\/2025\/10\/04\/cultura-surda-ganha-destaque-no-1o-encontro-cultural-da-euforie-se-em-sao-paulo\/#breadcrumb","itemListElement":[{"@type":"ListItem","position":1,"name":"In\u00edcio","item":"https:\/\/portalincluir.com.br\/"},{"@type":"ListItem","position":2,"name":"Cultura surda ganha destaque no 1\u00ba Encontro Cultural da \u2018Euforie-se\u2019, em S\u00e3o Paulo"}]},{"@type":"WebSite","@id":"https:\/\/portalincluir.com.br\/#website","url":"https:\/\/portalincluir.com.br\/","name":"PORTAL INCLUIR","description":"","potentialAction":[{"@type":"SearchAction","target":{"@type":"EntryPoint","urlTemplate":"https:\/\/portalincluir.com.br\/?s={search_term_string}"},"query-input":{"@type":"PropertyValueSpecification","valueRequired":true,"valueName":"search_term_string"}}],"inLanguage":"pt-BR"},{"@type":"Person","@id":"https:\/\/portalincluir.com.br\/#\/schema\/person\/8823664e5902eee555607fb75c4c35ae","name":"Portal Incluir","image":{"@type":"ImageObject","inLanguage":"pt-BR","@id":"https:\/\/secure.gravatar.com\/avatar\/12085fe17e70c3550551519fe1f8f51fae69b1748563a47fc3bea53d91fbcbbd?s=96&d=mm&r=g","url":"https:\/\/secure.gravatar.com\/avatar\/12085fe17e70c3550551519fe1f8f51fae69b1748563a47fc3bea53d91fbcbbd?s=96&d=mm&r=g","contentUrl":"https:\/\/secure.gravatar.com\/avatar\/12085fe17e70c3550551519fe1f8f51fae69b1748563a47fc3bea53d91fbcbbd?s=96&d=mm&r=g","caption":"Portal Incluir"},"sameAs":["http:\/\/portalincluir.com.br"],"url":"https:\/\/portalincluir.com.br\/index.php\/author\/portalincluir-com-br\/"}]}},"_links":{"self":[{"href":"https:\/\/portalincluir.com.br\/index.php\/wp-json\/wp\/v2\/posts\/618","targetHints":{"allow":["GET"]}}],"collection":[{"href":"https:\/\/portalincluir.com.br\/index.php\/wp-json\/wp\/v2\/posts"}],"about":[{"href":"https:\/\/portalincluir.com.br\/index.php\/wp-json\/wp\/v2\/types\/post"}],"author":[{"embeddable":true,"href":"https:\/\/portalincluir.com.br\/index.php\/wp-json\/wp\/v2\/users\/1"}],"replies":[{"embeddable":true,"href":"https:\/\/portalincluir.com.br\/index.php\/wp-json\/wp\/v2\/comments?post=618"}],"version-history":[{"count":1,"href":"https:\/\/portalincluir.com.br\/index.php\/wp-json\/wp\/v2\/posts\/618\/revisions"}],"predecessor-version":[{"id":622,"href":"https:\/\/portalincluir.com.br\/index.php\/wp-json\/wp\/v2\/posts\/618\/revisions\/622"}],"wp:featuredmedia":[{"embeddable":true,"href":"https:\/\/portalincluir.com.br\/index.php\/wp-json\/wp\/v2\/media\/619"}],"wp:attachment":[{"href":"https:\/\/portalincluir.com.br\/index.php\/wp-json\/wp\/v2\/media?parent=618"}],"wp:term":[{"taxonomy":"category","embeddable":true,"href":"https:\/\/portalincluir.com.br\/index.php\/wp-json\/wp\/v2\/categories?post=618"},{"taxonomy":"post_tag","embeddable":true,"href":"https:\/\/portalincluir.com.br\/index.php\/wp-json\/wp\/v2\/tags?post=618"}],"curies":[{"name":"wp","href":"https:\/\/api.w.org\/{rel}","templated":true}]}}