{"id":625,"date":"2025-10-18T21:48:50","date_gmt":"2025-10-19T00:48:50","guid":{"rendered":"https:\/\/portalincluir.com.br\/?p=625"},"modified":"2025-10-18T21:51:04","modified_gmt":"2025-10-19T00:51:04","slug":"victor-meirelles-de-vitima-do-bullying-a-voz-ativa-pela-inclusao-e-pela-paz-nas-escolas","status":"publish","type":"post","link":"https:\/\/portalincluir.com.br\/index.php\/2025\/10\/18\/victor-meirelles-de-vitima-do-bullying-a-voz-ativa-pela-inclusao-e-pela-paz-nas-escolas\/","title":{"rendered":"Victor Meirelles: de v\u00edtima do bullying a voz ativa pela inclus\u00e3o e pela paz nas escolas"},"content":{"rendered":"\n<p>Da dor nasceu o prop\u00f3sito. Criado no complexo de favelas da Coreia, na zona oeste do Rio de Janeiro, Victor Meirelles conheceu cedo as marcas deixadas pela viol\u00eancia e pelo preconceito. O que poderia ter se transformado em um fardo permanente, ele converteu em for\u00e7a. Hoje, \u00e9 Mestre de Cultura Contempor\u00e2nea, doutorando e Mestre em Psicossociologia da Sa\u00fade, al\u00e9m de p\u00f3s-graduado em Filosofia e Direitos. Autor do livro&nbsp;<em>\u201cBullying, qual \u00e9 a gra\u00e7a?\u201d<\/em>&nbsp;(Wak Editora), Victor \u00e9 uma das vozes mais contundentes no combate ao bullying e \u00e0 intoler\u00e2ncia nas escolas brasileiras.<\/p>\n\n\n\n<p>\u201cEu fui alvo do bullying, mas escolhi n\u00e3o ser definido por ele. Quis transformar a dor em caminho, e o caminho em cura coletiva\u201d, conta Victor, que percorre o pa\u00eds levando palestras, projetos e forma\u00e7\u00f5es sobre conviv\u00eancia \u00e9tica, empatia e enfrentamento \u00e0 viol\u00eancia.<\/p>\n\n\n\n<h2 class=\"wp-block-heading\">O poder do di\u00e1logo para transformar realidades<\/h2>\n\n\n\n<p>Para Victor, o combate ao bullying come\u00e7a onde tudo deveria florescer: nas rela\u00e7\u00f5es. Dentro de casa, ele defende a cria\u00e7\u00e3o de espa\u00e7os de di\u00e1logo genu\u00edno, onde crian\u00e7as e adolescentes se sintam ouvidos e acolhidos. Nas escolas, prop\u00f5e que o respeito \u00e0 diversidade seja pr\u00e1tica di\u00e1ria, sustentada por projetos que ensinem empatia e coopera\u00e7\u00e3o.<\/p>\n\n\n\n<p>\u201cQuando as pessoas se escutam de verdade, o preconceito perde for\u00e7a\u201d, diz. Programas como&nbsp;<em>Escola Sem Bullying<\/em>&nbsp;s\u00e3o exemplos que unem alunos, fam\u00edlias e professores em torno da constru\u00e7\u00e3o de uma cultura de paz.<\/p>\n\n\n\n<h2 class=\"wp-block-heading\">Educa\u00e7\u00e3o emocional: o escudo invis\u00edvel da inf\u00e2ncia<\/h2>\n\n\n\n<p>Em suas pesquisas, Meirelles aponta a educa\u00e7\u00e3o emocional como ferramenta essencial para prevenir viol\u00eancias. Ele incentiva o uso da arte, do teatro e de jogos cooperativos para ensinar crian\u00e7as a reconhecer e expressar emo\u00e7\u00f5es de forma saud\u00e1vel. Nas escolas, defende a inclus\u00e3o do tema no curr\u00edculo, com pr\u00e1ticas que reforcem a empatia e a resili\u00eancia.<\/p>\n\n\n\n<figure class=\"wp-block-image aligncenter size-large is-resized\"><img loading=\"lazy\" decoding=\"async\" width=\"683\" height=\"1024\" src=\"https:\/\/portalincluir.com.br\/wp-content\/uploads\/2025\/10\/Victor-Meirelles-Divulgacao-2-1-683x1024.jpg\" alt=\"\" class=\"wp-image-629\" style=\"width:386px;height:auto\" srcset=\"https:\/\/portalincluir.com.br\/wp-content\/uploads\/2025\/10\/Victor-Meirelles-Divulgacao-2-1-683x1024.jpg 683w, https:\/\/portalincluir.com.br\/wp-content\/uploads\/2025\/10\/Victor-Meirelles-Divulgacao-2-1-200x300.jpg 200w, https:\/\/portalincluir.com.br\/wp-content\/uploads\/2025\/10\/Victor-Meirelles-Divulgacao-2-1-768x1152.jpg 768w, https:\/\/portalincluir.com.br\/wp-content\/uploads\/2025\/10\/Victor-Meirelles-Divulgacao-2-1-1024x1536.jpg 1024w, https:\/\/portalincluir.com.br\/wp-content\/uploads\/2025\/10\/Victor-Meirelles-Divulgacao-2-1-1365x2048.jpg 1365w, https:\/\/portalincluir.com.br\/wp-content\/uploads\/2025\/10\/Victor-Meirelles-Divulgacao-2-1-scaled.jpg 1707w\" sizes=\"auto, (max-width: 683px) 100vw, 683px\" \/><figcaption class=\"wp-element-caption\">Victor Meirelles<\/figcaption><\/figure>\n\n\n\n<p>\u201cA escola n\u00e3o forma apenas mentes, forma cora\u00e7\u00f5es. Ensinar a lidar com sentimentos \u00e9 preparar cidad\u00e3os mais humanos.\u201d<\/p>\n\n\n\n<h2 class=\"wp-block-heading\">Quebrando preconceitos, abrindo caminhos<\/h2>\n\n\n\n<p>Victor tamb\u00e9m \u00e9 um defensor incans\u00e1vel da educa\u00e7\u00e3o antidiscriminat\u00f3ria. Ele acredita que o enfrentamento do bullying passa pelo rompimento de estere\u00f3tipos de g\u00eanero, ra\u00e7a, classe e capacidade. \u201cA inclus\u00e3o come\u00e7a quando reconhecemos o outro em sua totalidade e o respeitamos por quem ele \u00e9.\u201d Projetos que celebram as culturas afro-brasileira e ind\u00edgena, e a\u00e7\u00f5es que discutem temas como machismo, LGBTQIA+fobia e capacitismo, s\u00e3o caminhos concretos para a mudan\u00e7a.<\/p>\n\n\n\n<h2 class=\"wp-block-heading\">A for\u00e7a das redes e o papel da comunidade<\/h2>\n\n\n\n<p>Outro ponto que Victor enfatiza \u00e9 a import\u00e2ncia da uni\u00e3o. Fam\u00edlias, escolas e comunidade precisam caminhar juntas no enfrentamento \u00e0 viol\u00eancia. Ele prop\u00f5e a cria\u00e7\u00e3o de grupos de apoio e a atua\u00e7\u00e3o conjunta com psic\u00f3logos, assistentes sociais e mediadores de conflitos. \u201cNingu\u00e9m educa ou protege uma crian\u00e7a sozinho. Cuidar \u00e9 um ato coletivo.\u201d<\/p>\n\n\n\n<h2 class=\"wp-block-heading\">Arte: o ref\u00fagio da alma e o motor da inclus\u00e3o<\/h2>\n\n\n\n<p>A arte \u00e9, segundo Victor, um meio poderoso de cura e transforma\u00e7\u00e3o. Oficinas de teatro, pintura, m\u00fasica e dan\u00e7a ajudam crian\u00e7as e jovens a dar voz a emo\u00e7\u00f5es reprimidas e a reconstruir a autoestima. \u201cEu acredito na arte como ferramenta de inclus\u00e3o. Ela abre portas internas e externas, transforma sil\u00eancio em express\u00e3o e solid\u00e3o em pertencimento.\u201d<\/p>\n\n\n\n<h2 class=\"wp-block-heading\">Educa\u00e7\u00e3o e pol\u00edticas que salvam<\/h2>\n\n\n\n<p>Victor tamb\u00e9m destaca o papel vital de pol\u00edticas p\u00fablicas fortes e comprometidas. Ele defende a amplia\u00e7\u00e3o da Lei n\u00ba 13.185\/2015 (Lei do Bullying) e investimentos em programas permanentes de preven\u00e7\u00e3o. Al\u00e9m disso, refor\u00e7a a forma\u00e7\u00e3o continuada de pais, professores e profissionais da educa\u00e7\u00e3o como parte dessa transforma\u00e7\u00e3o.<\/p>\n\n\n\n<p>\u201cO bullying \u00e9 um alerta social. Cada crian\u00e7a ferida \u00e9 um pedido de ajuda da sociedade por mais humanidade.\u201d<\/p>\n\n\n\n<h2 class=\"wp-block-heading\">Onde conhecer mais sobre o trabalho de Victor<\/h2>\n\n\n\n<p>Quem quiser conhecer mais sobre a trajet\u00f3ria de Victor Meirelles, suas palestras e projetos art\u00edsticos, pode visitar seu perfil no Instagram (<strong>@victormeirellesator<\/strong>).<a href=\"https:\/\/www.instagram.com\/victormeirellesator\/\" target=\"_blank\" rel=\"noreferrer noopener\"><\/a>\u200b\u200b<\/p>\n\n\n\n<p>O livro&nbsp;<em>\u201cBullying, qual \u00e9 a gra\u00e7a?\u201d<\/em>&nbsp;est\u00e1 dispon\u00edvel para compra em livrarias como&nbsp;<strong>Magazine Luiza<\/strong>,&nbsp;<strong>Livraria Martins Fontes<\/strong>&nbsp;e na&nbsp;<strong>Editora Wak<\/strong>.<a rel=\"noreferrer noopener\" target=\"_blank\" href=\"https:\/\/bibliotecaunesp.tocalivros.com\/ebook\/bullying-qual-e-a-gracaij-victor-meirelles-wak\"><\/a>\u200b<\/p>\n\n\n\n<p>Entre a dor e a supera\u00e7\u00e3o, Victor Meirelles construiu pontes. Sua hist\u00f3ria inspira, emociona e, sobretudo, convida \u00e0 a\u00e7\u00e3o. Porque combater o bullying \u00e9 mais do que proteger \u2014 \u00e9 escolher um futuro em que ningu\u00e9m precise se esconder para ser quem \u00e9.<\/p>\n","protected":false},"excerpt":{"rendered":"<p>Da dor nasceu o prop\u00f3sito. Criado no complexo de favelas da Coreia, na zona oeste<\/p>\n","protected":false},"author":1,"featured_media":626,"comment_status":"open","ping_status":"open","sticky":false,"template":"","format":"standard","meta":{"om_disable_all_campaigns":false,"_monsterinsights_skip_tracking":false,"_monsterinsights_sitenote_active":false,"_monsterinsights_sitenote_note":"","_monsterinsights_sitenote_category":0,"_uf_show_specific_survey":0,"_uf_disable_surveys":false,"footnotes":""},"categories":[20,1],"tags":[],"class_list":["post-625","post","type-post","status-publish","format-standard","has-post-thumbnail","hentry","category-bullying","category-portal"],"yoast_head":"<!-- This site is optimized with the Yoast SEO plugin v27.4 - https:\/\/yoast.com\/product\/yoast-seo-wordpress\/ -->\n<title>Victor Meirelles: de v\u00edtima do bullying a voz ativa pela inclus\u00e3o e pela paz nas escolas - PORTAL INCLUIR<\/title>\n<meta name=\"robots\" content=\"index, follow, max-snippet:-1, max-image-preview:large, max-video-preview:-1\" \/>\n<link rel=\"canonical\" href=\"https:\/\/portalincluir.com.br\/index.php\/2025\/10\/18\/victor-meirelles-de-vitima-do-bullying-a-voz-ativa-pela-inclusao-e-pela-paz-nas-escolas\/\" \/>\n<meta property=\"og:locale\" content=\"pt_BR\" \/>\n<meta property=\"og:type\" content=\"article\" \/>\n<meta property=\"og:title\" content=\"Victor Meirelles: de v\u00edtima do bullying a voz ativa pela inclus\u00e3o e pela paz nas escolas - PORTAL INCLUIR\" \/>\n<meta property=\"og:description\" content=\"Da dor nasceu o prop\u00f3sito. Criado no complexo de favelas da Coreia, na zona oeste\" \/>\n<meta property=\"og:url\" content=\"https:\/\/portalincluir.com.br\/index.php\/2025\/10\/18\/victor-meirelles-de-vitima-do-bullying-a-voz-ativa-pela-inclusao-e-pela-paz-nas-escolas\/\" \/>\n<meta property=\"og:site_name\" content=\"PORTAL INCLUIR\" \/>\n<meta property=\"article:published_time\" content=\"2025-10-19T00:48:50+00:00\" \/>\n<meta property=\"article:modified_time\" content=\"2025-10-19T00:51:04+00:00\" \/>\n<meta property=\"og:image\" content=\"https:\/\/portalincluir.com.br\/wp-content\/uploads\/2025\/10\/Victor-Meirelles-Divulgacao-1-e1760834821377.jpg\" \/>\n\t<meta property=\"og:image:width\" content=\"1500\" \/>\n\t<meta property=\"og:image:height\" content=\"1170\" \/>\n\t<meta property=\"og:image:type\" content=\"image\/jpeg\" \/>\n<meta name=\"author\" content=\"Portal Incluir\" \/>\n<meta name=\"twitter:card\" content=\"summary_large_image\" \/>\n<meta name=\"twitter:label1\" content=\"Escrito por\" \/>\n\t<meta name=\"twitter:data1\" content=\"Portal Incluir\" \/>\n\t<meta name=\"twitter:label2\" content=\"Est. tempo de leitura\" \/>\n\t<meta name=\"twitter:data2\" content=\"4 minutos\" \/>\n<script type=\"application\/ld+json\" class=\"yoast-schema-graph\">{\"@context\":\"https:\\\/\\\/schema.org\",\"@graph\":[{\"@type\":[\"Article\",\"BlogPosting\"],\"@id\":\"https:\\\/\\\/portalincluir.com.br\\\/index.php\\\/2025\\\/10\\\/18\\\/victor-meirelles-de-vitima-do-bullying-a-voz-ativa-pela-inclusao-e-pela-paz-nas-escolas\\\/#article\",\"isPartOf\":{\"@id\":\"https:\\\/\\\/portalincluir.com.br\\\/index.php\\\/2025\\\/10\\\/18\\\/victor-meirelles-de-vitima-do-bullying-a-voz-ativa-pela-inclusao-e-pela-paz-nas-escolas\\\/\"},\"author\":{\"name\":\"Portal Incluir\",\"@id\":\"https:\\\/\\\/portalincluir.com.br\\\/#\\\/schema\\\/person\\\/8823664e5902eee555607fb75c4c35ae\"},\"headline\":\"Victor Meirelles: de v\u00edtima do bullying a voz ativa pela inclus\u00e3o e pela paz nas escolas\",\"datePublished\":\"2025-10-19T00:48:50+00:00\",\"dateModified\":\"2025-10-19T00:51:04+00:00\",\"mainEntityOfPage\":{\"@id\":\"https:\\\/\\\/portalincluir.com.br\\\/index.php\\\/2025\\\/10\\\/18\\\/victor-meirelles-de-vitima-do-bullying-a-voz-ativa-pela-inclusao-e-pela-paz-nas-escolas\\\/\"},\"wordCount\":786,\"commentCount\":1,\"image\":{\"@id\":\"https:\\\/\\\/portalincluir.com.br\\\/index.php\\\/2025\\\/10\\\/18\\\/victor-meirelles-de-vitima-do-bullying-a-voz-ativa-pela-inclusao-e-pela-paz-nas-escolas\\\/#primaryimage\"},\"thumbnailUrl\":\"https:\\\/\\\/portalincluir.com.br\\\/wp-content\\\/uploads\\\/2025\\\/10\\\/Victor-Meirelles-Divulgacao-1-e1760834821377.jpg\",\"articleSection\":[\"Bullying\",\"Portal\"],\"inLanguage\":\"pt-BR\",\"potentialAction\":[{\"@type\":\"CommentAction\",\"name\":\"Comment\",\"target\":[\"https:\\\/\\\/portalincluir.com.br\\\/index.php\\\/2025\\\/10\\\/18\\\/victor-meirelles-de-vitima-do-bullying-a-voz-ativa-pela-inclusao-e-pela-paz-nas-escolas\\\/#respond\"]}]},{\"@type\":\"WebPage\",\"@id\":\"https:\\\/\\\/portalincluir.com.br\\\/index.php\\\/2025\\\/10\\\/18\\\/victor-meirelles-de-vitima-do-bullying-a-voz-ativa-pela-inclusao-e-pela-paz-nas-escolas\\\/\",\"url\":\"https:\\\/\\\/portalincluir.com.br\\\/index.php\\\/2025\\\/10\\\/18\\\/victor-meirelles-de-vitima-do-bullying-a-voz-ativa-pela-inclusao-e-pela-paz-nas-escolas\\\/\",\"name\":\"Victor Meirelles: de v\u00edtima do bullying a voz ativa pela inclus\u00e3o e pela paz nas escolas - PORTAL INCLUIR\",\"isPartOf\":{\"@id\":\"https:\\\/\\\/portalincluir.com.br\\\/#website\"},\"primaryImageOfPage\":{\"@id\":\"https:\\\/\\\/portalincluir.com.br\\\/index.php\\\/2025\\\/10\\\/18\\\/victor-meirelles-de-vitima-do-bullying-a-voz-ativa-pela-inclusao-e-pela-paz-nas-escolas\\\/#primaryimage\"},\"image\":{\"@id\":\"https:\\\/\\\/portalincluir.com.br\\\/index.php\\\/2025\\\/10\\\/18\\\/victor-meirelles-de-vitima-do-bullying-a-voz-ativa-pela-inclusao-e-pela-paz-nas-escolas\\\/#primaryimage\"},\"thumbnailUrl\":\"https:\\\/\\\/portalincluir.com.br\\\/wp-content\\\/uploads\\\/2025\\\/10\\\/Victor-Meirelles-Divulgacao-1-e1760834821377.jpg\",\"datePublished\":\"2025-10-19T00:48:50+00:00\",\"dateModified\":\"2025-10-19T00:51:04+00:00\",\"author\":{\"@id\":\"https:\\\/\\\/portalincluir.com.br\\\/#\\\/schema\\\/person\\\/8823664e5902eee555607fb75c4c35ae\"},\"breadcrumb\":{\"@id\":\"https:\\\/\\\/portalincluir.com.br\\\/index.php\\\/2025\\\/10\\\/18\\\/victor-meirelles-de-vitima-do-bullying-a-voz-ativa-pela-inclusao-e-pela-paz-nas-escolas\\\/#breadcrumb\"},\"inLanguage\":\"pt-BR\",\"potentialAction\":[{\"@type\":\"ReadAction\",\"target\":[\"https:\\\/\\\/portalincluir.com.br\\\/index.php\\\/2025\\\/10\\\/18\\\/victor-meirelles-de-vitima-do-bullying-a-voz-ativa-pela-inclusao-e-pela-paz-nas-escolas\\\/\"]}]},{\"@type\":\"ImageObject\",\"inLanguage\":\"pt-BR\",\"@id\":\"https:\\\/\\\/portalincluir.com.br\\\/index.php\\\/2025\\\/10\\\/18\\\/victor-meirelles-de-vitima-do-bullying-a-voz-ativa-pela-inclusao-e-pela-paz-nas-escolas\\\/#primaryimage\",\"url\":\"https:\\\/\\\/portalincluir.com.br\\\/wp-content\\\/uploads\\\/2025\\\/10\\\/Victor-Meirelles-Divulgacao-1-e1760834821377.jpg\",\"contentUrl\":\"https:\\\/\\\/portalincluir.com.br\\\/wp-content\\\/uploads\\\/2025\\\/10\\\/Victor-Meirelles-Divulgacao-1-e1760834821377.jpg\",\"width\":1500,\"height\":1170},{\"@type\":\"BreadcrumbList\",\"@id\":\"https:\\\/\\\/portalincluir.com.br\\\/index.php\\\/2025\\\/10\\\/18\\\/victor-meirelles-de-vitima-do-bullying-a-voz-ativa-pela-inclusao-e-pela-paz-nas-escolas\\\/#breadcrumb\",\"itemListElement\":[{\"@type\":\"ListItem\",\"position\":1,\"name\":\"In\u00edcio\",\"item\":\"https:\\\/\\\/portalincluir.com.br\\\/\"},{\"@type\":\"ListItem\",\"position\":2,\"name\":\"Victor Meirelles: de v\u00edtima do bullying a voz ativa pela inclus\u00e3o e pela paz nas escolas\"}]},{\"@type\":\"WebSite\",\"@id\":\"https:\\\/\\\/portalincluir.com.br\\\/#website\",\"url\":\"https:\\\/\\\/portalincluir.com.br\\\/\",\"name\":\"PORTAL INCLUIR\",\"description\":\"\",\"potentialAction\":[{\"@type\":\"SearchAction\",\"target\":{\"@type\":\"EntryPoint\",\"urlTemplate\":\"https:\\\/\\\/portalincluir.com.br\\\/?s={search_term_string}\"},\"query-input\":{\"@type\":\"PropertyValueSpecification\",\"valueRequired\":true,\"valueName\":\"search_term_string\"}}],\"inLanguage\":\"pt-BR\"},{\"@type\":\"Person\",\"@id\":\"https:\\\/\\\/portalincluir.com.br\\\/#\\\/schema\\\/person\\\/8823664e5902eee555607fb75c4c35ae\",\"name\":\"Portal Incluir\",\"image\":{\"@type\":\"ImageObject\",\"inLanguage\":\"pt-BR\",\"@id\":\"https:\\\/\\\/secure.gravatar.com\\\/avatar\\\/12085fe17e70c3550551519fe1f8f51fae69b1748563a47fc3bea53d91fbcbbd?s=96&d=mm&r=g\",\"url\":\"https:\\\/\\\/secure.gravatar.com\\\/avatar\\\/12085fe17e70c3550551519fe1f8f51fae69b1748563a47fc3bea53d91fbcbbd?s=96&d=mm&r=g\",\"contentUrl\":\"https:\\\/\\\/secure.gravatar.com\\\/avatar\\\/12085fe17e70c3550551519fe1f8f51fae69b1748563a47fc3bea53d91fbcbbd?s=96&d=mm&r=g\",\"caption\":\"Portal Incluir\"},\"sameAs\":[\"http:\\\/\\\/portalincluir.com.br\"],\"url\":\"https:\\\/\\\/portalincluir.com.br\\\/index.php\\\/author\\\/portalincluir-com-br\\\/\"}]}<\/script>\n<!-- \/ Yoast SEO plugin. -->","yoast_head_json":{"title":"Victor Meirelles: de v\u00edtima do bullying a voz ativa pela inclus\u00e3o e pela paz nas escolas - PORTAL INCLUIR","robots":{"index":"index","follow":"follow","max-snippet":"max-snippet:-1","max-image-preview":"max-image-preview:large","max-video-preview":"max-video-preview:-1"},"canonical":"https:\/\/portalincluir.com.br\/index.php\/2025\/10\/18\/victor-meirelles-de-vitima-do-bullying-a-voz-ativa-pela-inclusao-e-pela-paz-nas-escolas\/","og_locale":"pt_BR","og_type":"article","og_title":"Victor Meirelles: de v\u00edtima do bullying a voz ativa pela inclus\u00e3o e pela paz nas escolas - PORTAL INCLUIR","og_description":"Da dor nasceu o prop\u00f3sito. Criado no complexo de favelas da Coreia, na zona oeste","og_url":"https:\/\/portalincluir.com.br\/index.php\/2025\/10\/18\/victor-meirelles-de-vitima-do-bullying-a-voz-ativa-pela-inclusao-e-pela-paz-nas-escolas\/","og_site_name":"PORTAL INCLUIR","article_published_time":"2025-10-19T00:48:50+00:00","article_modified_time":"2025-10-19T00:51:04+00:00","og_image":[{"width":1500,"height":1170,"url":"https:\/\/portalincluir.com.br\/wp-content\/uploads\/2025\/10\/Victor-Meirelles-Divulgacao-1-e1760834821377.jpg","type":"image\/jpeg"}],"author":"Portal Incluir","twitter_card":"summary_large_image","twitter_misc":{"Escrito por":"Portal Incluir","Est. tempo de leitura":"4 minutos"},"schema":{"@context":"https:\/\/schema.org","@graph":[{"@type":["Article","BlogPosting"],"@id":"https:\/\/portalincluir.com.br\/index.php\/2025\/10\/18\/victor-meirelles-de-vitima-do-bullying-a-voz-ativa-pela-inclusao-e-pela-paz-nas-escolas\/#article","isPartOf":{"@id":"https:\/\/portalincluir.com.br\/index.php\/2025\/10\/18\/victor-meirelles-de-vitima-do-bullying-a-voz-ativa-pela-inclusao-e-pela-paz-nas-escolas\/"},"author":{"name":"Portal Incluir","@id":"https:\/\/portalincluir.com.br\/#\/schema\/person\/8823664e5902eee555607fb75c4c35ae"},"headline":"Victor Meirelles: de v\u00edtima do bullying a voz ativa pela inclus\u00e3o e pela paz nas escolas","datePublished":"2025-10-19T00:48:50+00:00","dateModified":"2025-10-19T00:51:04+00:00","mainEntityOfPage":{"@id":"https:\/\/portalincluir.com.br\/index.php\/2025\/10\/18\/victor-meirelles-de-vitima-do-bullying-a-voz-ativa-pela-inclusao-e-pela-paz-nas-escolas\/"},"wordCount":786,"commentCount":1,"image":{"@id":"https:\/\/portalincluir.com.br\/index.php\/2025\/10\/18\/victor-meirelles-de-vitima-do-bullying-a-voz-ativa-pela-inclusao-e-pela-paz-nas-escolas\/#primaryimage"},"thumbnailUrl":"https:\/\/portalincluir.com.br\/wp-content\/uploads\/2025\/10\/Victor-Meirelles-Divulgacao-1-e1760834821377.jpg","articleSection":["Bullying","Portal"],"inLanguage":"pt-BR","potentialAction":[{"@type":"CommentAction","name":"Comment","target":["https:\/\/portalincluir.com.br\/index.php\/2025\/10\/18\/victor-meirelles-de-vitima-do-bullying-a-voz-ativa-pela-inclusao-e-pela-paz-nas-escolas\/#respond"]}]},{"@type":"WebPage","@id":"https:\/\/portalincluir.com.br\/index.php\/2025\/10\/18\/victor-meirelles-de-vitima-do-bullying-a-voz-ativa-pela-inclusao-e-pela-paz-nas-escolas\/","url":"https:\/\/portalincluir.com.br\/index.php\/2025\/10\/18\/victor-meirelles-de-vitima-do-bullying-a-voz-ativa-pela-inclusao-e-pela-paz-nas-escolas\/","name":"Victor Meirelles: de v\u00edtima do bullying a voz ativa pela inclus\u00e3o e pela paz nas escolas - PORTAL INCLUIR","isPartOf":{"@id":"https:\/\/portalincluir.com.br\/#website"},"primaryImageOfPage":{"@id":"https:\/\/portalincluir.com.br\/index.php\/2025\/10\/18\/victor-meirelles-de-vitima-do-bullying-a-voz-ativa-pela-inclusao-e-pela-paz-nas-escolas\/#primaryimage"},"image":{"@id":"https:\/\/portalincluir.com.br\/index.php\/2025\/10\/18\/victor-meirelles-de-vitima-do-bullying-a-voz-ativa-pela-inclusao-e-pela-paz-nas-escolas\/#primaryimage"},"thumbnailUrl":"https:\/\/portalincluir.com.br\/wp-content\/uploads\/2025\/10\/Victor-Meirelles-Divulgacao-1-e1760834821377.jpg","datePublished":"2025-10-19T00:48:50+00:00","dateModified":"2025-10-19T00:51:04+00:00","author":{"@id":"https:\/\/portalincluir.com.br\/#\/schema\/person\/8823664e5902eee555607fb75c4c35ae"},"breadcrumb":{"@id":"https:\/\/portalincluir.com.br\/index.php\/2025\/10\/18\/victor-meirelles-de-vitima-do-bullying-a-voz-ativa-pela-inclusao-e-pela-paz-nas-escolas\/#breadcrumb"},"inLanguage":"pt-BR","potentialAction":[{"@type":"ReadAction","target":["https:\/\/portalincluir.com.br\/index.php\/2025\/10\/18\/victor-meirelles-de-vitima-do-bullying-a-voz-ativa-pela-inclusao-e-pela-paz-nas-escolas\/"]}]},{"@type":"ImageObject","inLanguage":"pt-BR","@id":"https:\/\/portalincluir.com.br\/index.php\/2025\/10\/18\/victor-meirelles-de-vitima-do-bullying-a-voz-ativa-pela-inclusao-e-pela-paz-nas-escolas\/#primaryimage","url":"https:\/\/portalincluir.com.br\/wp-content\/uploads\/2025\/10\/Victor-Meirelles-Divulgacao-1-e1760834821377.jpg","contentUrl":"https:\/\/portalincluir.com.br\/wp-content\/uploads\/2025\/10\/Victor-Meirelles-Divulgacao-1-e1760834821377.jpg","width":1500,"height":1170},{"@type":"BreadcrumbList","@id":"https:\/\/portalincluir.com.br\/index.php\/2025\/10\/18\/victor-meirelles-de-vitima-do-bullying-a-voz-ativa-pela-inclusao-e-pela-paz-nas-escolas\/#breadcrumb","itemListElement":[{"@type":"ListItem","position":1,"name":"In\u00edcio","item":"https:\/\/portalincluir.com.br\/"},{"@type":"ListItem","position":2,"name":"Victor Meirelles: de v\u00edtima do bullying a voz ativa pela inclus\u00e3o e pela paz nas escolas"}]},{"@type":"WebSite","@id":"https:\/\/portalincluir.com.br\/#website","url":"https:\/\/portalincluir.com.br\/","name":"PORTAL INCLUIR","description":"","potentialAction":[{"@type":"SearchAction","target":{"@type":"EntryPoint","urlTemplate":"https:\/\/portalincluir.com.br\/?s={search_term_string}"},"query-input":{"@type":"PropertyValueSpecification","valueRequired":true,"valueName":"search_term_string"}}],"inLanguage":"pt-BR"},{"@type":"Person","@id":"https:\/\/portalincluir.com.br\/#\/schema\/person\/8823664e5902eee555607fb75c4c35ae","name":"Portal Incluir","image":{"@type":"ImageObject","inLanguage":"pt-BR","@id":"https:\/\/secure.gravatar.com\/avatar\/12085fe17e70c3550551519fe1f8f51fae69b1748563a47fc3bea53d91fbcbbd?s=96&d=mm&r=g","url":"https:\/\/secure.gravatar.com\/avatar\/12085fe17e70c3550551519fe1f8f51fae69b1748563a47fc3bea53d91fbcbbd?s=96&d=mm&r=g","contentUrl":"https:\/\/secure.gravatar.com\/avatar\/12085fe17e70c3550551519fe1f8f51fae69b1748563a47fc3bea53d91fbcbbd?s=96&d=mm&r=g","caption":"Portal Incluir"},"sameAs":["http:\/\/portalincluir.com.br"],"url":"https:\/\/portalincluir.com.br\/index.php\/author\/portalincluir-com-br\/"}]}},"_links":{"self":[{"href":"https:\/\/portalincluir.com.br\/index.php\/wp-json\/wp\/v2\/posts\/625","targetHints":{"allow":["GET"]}}],"collection":[{"href":"https:\/\/portalincluir.com.br\/index.php\/wp-json\/wp\/v2\/posts"}],"about":[{"href":"https:\/\/portalincluir.com.br\/index.php\/wp-json\/wp\/v2\/types\/post"}],"author":[{"embeddable":true,"href":"https:\/\/portalincluir.com.br\/index.php\/wp-json\/wp\/v2\/users\/1"}],"replies":[{"embeddable":true,"href":"https:\/\/portalincluir.com.br\/index.php\/wp-json\/wp\/v2\/comments?post=625"}],"version-history":[{"count":3,"href":"https:\/\/portalincluir.com.br\/index.php\/wp-json\/wp\/v2\/posts\/625\/revisions"}],"predecessor-version":[{"id":631,"href":"https:\/\/portalincluir.com.br\/index.php\/wp-json\/wp\/v2\/posts\/625\/revisions\/631"}],"wp:featuredmedia":[{"embeddable":true,"href":"https:\/\/portalincluir.com.br\/index.php\/wp-json\/wp\/v2\/media\/626"}],"wp:attachment":[{"href":"https:\/\/portalincluir.com.br\/index.php\/wp-json\/wp\/v2\/media?parent=625"}],"wp:term":[{"taxonomy":"category","embeddable":true,"href":"https:\/\/portalincluir.com.br\/index.php\/wp-json\/wp\/v2\/categories?post=625"},{"taxonomy":"post_tag","embeddable":true,"href":"https:\/\/portalincluir.com.br\/index.php\/wp-json\/wp\/v2\/tags?post=625"}],"curies":[{"name":"wp","href":"https:\/\/api.w.org\/{rel}","templated":true}]}}