{"id":632,"date":"2025-10-19T21:42:02","date_gmt":"2025-10-20T00:42:02","guid":{"rendered":"https:\/\/portalincluir.com.br\/?p=632"},"modified":"2025-10-19T21:42:41","modified_gmt":"2025-10-20T00:42:41","slug":"incluir-e-um-gesto-de-amor","status":"publish","type":"post","link":"https:\/\/portalincluir.com.br\/index.php\/2025\/10\/19\/incluir-e-um-gesto-de-amor\/","title":{"rendered":"Incluir \u00e9 um gesto de amor"},"content":{"rendered":"\n<p>Incluir \u00e9 sempre um gesto de amor, mas tem que ser um movimento natural em a\u00e7\u00f5es e empatia, uma vez que o estere\u00f3tipo de \u201cNormal\u201d precisa ser ressignificado. A sociedade tem que entender que todos somos diferentes em nossa bela singularidade, formada primeiramente pelo amor e em seguida pelas interfer\u00eancias biopsicossociais.<\/p>\n\n\n\n<p>N\u00e3o existe ningu\u00e9m igual. Sofremos o<em> start<\/em> ao nascer e o meio ambiente, as rela\u00e7\u00f5es sociais e os est\u00edmulos que recebemos ser\u00e3o cruciais para que voc\u00ea se torne algu\u00e9m \u00fanico neste vasto universo.<\/p>\n\n\n\n<p>Por este racioc\u00ednio at\u00e9 meio filos\u00f3fico, mas tamb\u00e9m pautado na verdade cient\u00edfica, podemos concluir que tudo certo \u201cSER DIFERENTE\u201d. E se padr\u00f5es de normalidade podem ser questionados, porque exigir normalidade em comportamentos, na aprendizagem e em&nbsp; a\u00e7\u00f5es?<\/p>\n\n\n\n<p>Pautada nessa reflex\u00e3o, trabalho diariamente com a ressignifica\u00e7\u00e3o destes conceitos e espero, ver um dia, uma sociedade onde n\u00e3o exista a necessidade de Leis de Inclus\u00e3o para assegurar direitos que s\u00e3o naturais de todo o cidad\u00e3o, seja ele com ou sem defici\u00eancia.<\/p>\n\n\n\n<p>Precisamos diferenciar Educa\u00e7\u00e3o Inclusiva, que abrange o atendimento de todas as pessoas no ambiente escolar, sem discrimina\u00e7\u00e3o de ra\u00e7as, classes, culturas, religi\u00f5es, g\u00eaneros, de Educa\u00e7\u00e3o Especial que \u00e9 a modalidade de ensino destinada a alunos com defici\u00eancia, transtornos globais de desenvolvimento e altas habilidades\/superdota\u00e7\u00e3o, conforme a <a href=\"http:\/\/portal.mec.gov.br\/arquivos\/pdf\/politicaeducespecial.pdf\">Pol\u00edtica Nacional de Educa\u00e7\u00e3o Especial na Perspectiva da Educa\u00e7\u00e3o Inclusiva<\/a>.<\/p>\n\n\n\n<p>Mas enquanto evolu\u00edmos enquanto cidad\u00e3os e esp\u00e9cie vamos levantando a bandeira da Inclus\u00e3o, certos de que estamos assegurando que as pessoas vistas como eleg\u00edveis candidatos \u00e0 inclus\u00e3o tenham voz e vez, al\u00e9m de oportunidades iguais.<\/p>\n\n\n\n<p>Tamb\u00e9m neste dia da Inclus\u00e3o, precisamos relembrar as lutas e todo processo para chegar at\u00e9 aqui. No Brasil, foi a partir da Declara\u00e7\u00e3o de Salamanca (1994), da promulga\u00e7\u00e3o na Constitui\u00e7\u00e3o Federal e da pr\u00f3pria Lei de Diretrizes e Bases (LDB) de n\u00ba 9394\/96, que princ\u00edpios como \u201ctodos devem ter oportunidades e direitos iguais para aprender e desenvolver suas capacidades\u201d, embasado no princ\u00edpio da isonomia, passaram a fazer parte da luta contra a exclus\u00e3o das pessoas com defici\u00eancias e mudou todo o cen\u00e1rio educacional brasileiro, pois elas passaram a ter garantido o direito de frequentar escola regular, ter media\u00e7\u00e3o e adapta\u00e7\u00e3o curricular e refor\u00e7o em salas de atendimento especializados no contraturno da escola.<\/p>\n\n\n\n<p>E dentre estas batalhas para incluir estas pessoas, estava o direito delas serem inclu\u00eddas sem laudos previamente, a desconfian\u00e7a de professores n\u00e3o capacitados para trabalhar com este novo p\u00fablico, a necessidade de adapta\u00e7\u00e3o curricular para cada aluno, o direito a ter um PDI (plano de desenvolvimento individual) e outras demandas.<\/p>\n\n\n\n<p>Tudo isso exigiu ainda mudan\u00e7as no projeto pol\u00edtico pedag\u00f3gico, que \u00e9 um documento obrigat\u00f3rio e que define as metas para cada escola, na avalia\u00e7\u00e3o, no curr\u00edculo, na metodologia e por consequ\u00eancia no professor que \u00e9 o grande agente mediador de todo esse processo.<\/p>\n\n\n\n<p>Todos aqueles que desejam trabalhar com a Educa\u00e7\u00e3o Inclusiva precisam ter vasto conhecimento e estar sempre atualizados, sendo assim, \u00e9 importante que estejam capacitados para esta bela miss\u00e3o.<\/p>\n\n\n\n<p>Entender sobre metodologias ativas e sobre a condi\u00e7\u00e3o de seu aluno ajuda na constru\u00e7\u00e3o de um bom PDI (Plano de desenvolvimento Individual) ou PEI (Plano Educacional Individualizado) que vai ajudar na escolha das adapta\u00e7\u00f5es curriculares e das estrat\u00e9gias utilizadas para cada estudante com ou sem defici\u00eancias.<\/p>\n\n\n\n<p>Promover a inclus\u00e3o, principalmente do p\u00fablico da Educa\u00e7\u00e3o Especial, exige recursos financeiros e s\u00e3o necess\u00e1rios investimentos em ferramentas tecnol\u00f3gicas, como teclados virtuais, salas e laborat\u00f3rios multifuncionais, sistemas informatizados e&nbsp; outros equipamentos audiovisuais que facilitem a comunica\u00e7\u00e3o e o aprendizado. Portanto, torna-se necess\u00e1rio que este professor tamb\u00e9m esteja apto e atualizado para utilizar todos estes recursos.<\/p>\n\n\n\n<p>A Educa\u00e7\u00e3o e o conhecimento empoderam a todos que est\u00e3o envolvidos neste movimento de uma sociedade mais justa e que fa\u00e7a com que princ\u00edpios como igualdade, isonomia e equidade sejam de fato e de direito cumpridos para todos.<\/p>\n\n\n\n<p>&nbsp;&nbsp;&nbsp;&nbsp;&nbsp;&nbsp;&nbsp;&nbsp;&nbsp;&nbsp;&nbsp; Sendo assim, qualquer meio ou forma de propaga\u00e7\u00e3o de informa\u00e7\u00f5es e de discuss\u00e3o sobre a tem\u00e1tica da inclus\u00e3o \u00e9 bem- vindo.<\/p>\n\n\n\n<p>Mas j\u00e1 caminhamos bastante. E o final dessa hist\u00f3ria ainda est\u00e1 longe de acontecer. Ainda enfrentamos, em algumas escolas, a negativa de recebimento destes alunos de inclus\u00e3o&nbsp; e a adapta\u00e7\u00e3o de metodologias a suas realidades. Ainda verificamos um forte movimento excludente destes alunos e de suas fam\u00edlias pela comunidade escolar. Ainda verificamos professores cansados e sem condi\u00e7\u00f5es de proporcionar um ensino de qualidade para estes alunos de inclus\u00e3o, pois suas salas de aula est\u00e3o cheias de alunos com as mais variadas demandas. Ainda nos deparamos com um mediador em sala de aula para dois ou mais alunos que precisam de inclus\u00e3o. Ainda nos deparamos com a intoler\u00e2ncia racial, de g\u00eanero, de religi\u00e3o\u2026<\/p>\n\n\n\n<p>Incluir n\u00e3o \u00e9 um processo f\u00e1cil e ainda \u00e9 um movimento que precisa ser bem pensado. Por isso, estudar estrat\u00e9gias para esta implementa\u00e7\u00e3o e inclus\u00e3o, pressup\u00f5e aprendizagem em conjunto, aprendizagem colaborativa, campanhas de combate ao bullying, treinamento de professores para que estejam aptos a criar metodologias e adapta\u00e7\u00f5es para cada demanda e muito acolhimento.<\/p>\n\n\n\n<figure class=\"wp-block-image alignleft size-large is-resized\"><img loading=\"lazy\" decoding=\"async\" width=\"855\" height=\"1024\" src=\"https:\/\/portalincluir.com.br\/wp-content\/uploads\/2025\/10\/Luciana-Felipetto-Arquivo-pessoal-855x1024.jpg\" alt=\"\" class=\"wp-image-633\" style=\"width:85px;height:auto\" srcset=\"https:\/\/portalincluir.com.br\/wp-content\/uploads\/2025\/10\/Luciana-Felipetto-Arquivo-pessoal-855x1024.jpg 855w, https:\/\/portalincluir.com.br\/wp-content\/uploads\/2025\/10\/Luciana-Felipetto-Arquivo-pessoal-250x300.jpg 250w, https:\/\/portalincluir.com.br\/wp-content\/uploads\/2025\/10\/Luciana-Felipetto-Arquivo-pessoal-768x920.jpg 768w, https:\/\/portalincluir.com.br\/wp-content\/uploads\/2025\/10\/Luciana-Felipetto-Arquivo-pessoal-1282x1536.jpg 1282w, https:\/\/portalincluir.com.br\/wp-content\/uploads\/2025\/10\/Luciana-Felipetto-Arquivo-pessoal-1710x2048.jpg 1710w, https:\/\/portalincluir.com.br\/wp-content\/uploads\/2025\/10\/Luciana-Felipetto-Arquivo-pessoal-1024x1227.jpg 1024w, https:\/\/portalincluir.com.br\/wp-content\/uploads\/2025\/10\/Luciana-Felipetto-Arquivo-pessoal.jpg 1860w\" sizes=\"auto, (max-width: 855px) 100vw, 855px\" \/><figcaption class=\"wp-element-caption\">_upscale<\/figcaption><\/figure>\n\n\n\n<p><em><strong>Luciana Cordeiro Felipetto <\/strong>\u00e9 fonoaudi\u00f3loga cl\u00ednica e educacional. Mestre em Ci\u00eancias da Educa\u00e7\u00e3o, P\u00f3s- graduada em Psicopedagogia. Autora dos livros como \u201cA descoberta do mundo das letras\u201d, \u201cO Girassol azul\u201d e \u201cTenho um aluno com altera\u00e7\u00e3o de processamento auditivo Central e agora?\u201d.<\/em><\/p>\n\n\n\n<p><\/p>\n","protected":false},"excerpt":{"rendered":"<p>Incluir \u00e9 sempre um gesto de amor, mas tem que ser um movimento natural em<\/p>\n","protected":false},"author":1,"featured_media":634,"comment_status":"open","ping_status":"open","sticky":false,"template":"","format":"standard","meta":{"om_disable_all_campaigns":false,"_monsterinsights_skip_tracking":false,"_monsterinsights_sitenote_active":false,"_monsterinsights_sitenote_note":"","_monsterinsights_sitenote_category":0,"_uf_show_specific_survey":0,"_uf_disable_surveys":false,"footnotes":""},"categories":[21,1],"tags":[],"class_list":["post-632","post","type-post","status-publish","format-standard","has-post-thumbnail","hentry","category-opiniao","category-portal"],"yoast_head":"<!-- This site is optimized with the Yoast SEO plugin v27.4 - https:\/\/yoast.com\/product\/yoast-seo-wordpress\/ -->\n<title>Incluir \u00e9 um gesto de amor - PORTAL INCLUIR<\/title>\n<meta name=\"robots\" content=\"index, follow, max-snippet:-1, max-image-preview:large, max-video-preview:-1\" \/>\n<link rel=\"canonical\" href=\"https:\/\/portalincluir.com.br\/index.php\/2025\/10\/19\/incluir-e-um-gesto-de-amor\/\" \/>\n<meta property=\"og:locale\" content=\"pt_BR\" \/>\n<meta property=\"og:type\" content=\"article\" \/>\n<meta property=\"og:title\" content=\"Incluir \u00e9 um gesto de amor - PORTAL INCLUIR\" \/>\n<meta property=\"og:description\" content=\"Incluir \u00e9 sempre um gesto de amor, mas tem que ser um movimento natural em\" \/>\n<meta property=\"og:url\" content=\"https:\/\/portalincluir.com.br\/index.php\/2025\/10\/19\/incluir-e-um-gesto-de-amor\/\" \/>\n<meta property=\"og:site_name\" content=\"PORTAL INCLUIR\" \/>\n<meta property=\"article:published_time\" content=\"2025-10-20T00:42:02+00:00\" \/>\n<meta property=\"article:modified_time\" content=\"2025-10-20T00:42:41+00:00\" \/>\n<meta property=\"og:image\" content=\"https:\/\/portalincluir.com.br\/wp-content\/uploads\/2025\/10\/Luciana-Felipetto-Arquivo-pesssoal-2-e1760920874590.jpg\" \/>\n\t<meta property=\"og:image:width\" content=\"720\" \/>\n\t<meta property=\"og:image:height\" content=\"799\" \/>\n\t<meta property=\"og:image:type\" content=\"image\/jpeg\" \/>\n<meta name=\"author\" content=\"Portal Incluir\" \/>\n<meta name=\"twitter:card\" content=\"summary_large_image\" \/>\n<meta name=\"twitter:label1\" content=\"Escrito por\" \/>\n\t<meta name=\"twitter:data1\" content=\"Portal Incluir\" \/>\n\t<meta name=\"twitter:label2\" content=\"Est. tempo de leitura\" \/>\n\t<meta name=\"twitter:data2\" content=\"5 minutos\" \/>\n<script type=\"application\/ld+json\" class=\"yoast-schema-graph\">{\"@context\":\"https:\\\/\\\/schema.org\",\"@graph\":[{\"@type\":[\"Article\",\"BlogPosting\"],\"@id\":\"https:\\\/\\\/portalincluir.com.br\\\/index.php\\\/2025\\\/10\\\/19\\\/incluir-e-um-gesto-de-amor\\\/#article\",\"isPartOf\":{\"@id\":\"https:\\\/\\\/portalincluir.com.br\\\/index.php\\\/2025\\\/10\\\/19\\\/incluir-e-um-gesto-de-amor\\\/\"},\"author\":{\"name\":\"Portal Incluir\",\"@id\":\"https:\\\/\\\/portalincluir.com.br\\\/#\\\/schema\\\/person\\\/8823664e5902eee555607fb75c4c35ae\"},\"headline\":\"Incluir \u00e9 um gesto de amor\",\"datePublished\":\"2025-10-20T00:42:02+00:00\",\"dateModified\":\"2025-10-20T00:42:41+00:00\",\"mainEntityOfPage\":{\"@id\":\"https:\\\/\\\/portalincluir.com.br\\\/index.php\\\/2025\\\/10\\\/19\\\/incluir-e-um-gesto-de-amor\\\/\"},\"wordCount\":980,\"commentCount\":0,\"image\":{\"@id\":\"https:\\\/\\\/portalincluir.com.br\\\/index.php\\\/2025\\\/10\\\/19\\\/incluir-e-um-gesto-de-amor\\\/#primaryimage\"},\"thumbnailUrl\":\"https:\\\/\\\/portalincluir.com.br\\\/wp-content\\\/uploads\\\/2025\\\/10\\\/Luciana-Felipetto-Arquivo-pesssoal-2-e1760920874590.jpg\",\"articleSection\":[\"Opini\u00e3o\",\"Portal\"],\"inLanguage\":\"pt-BR\",\"potentialAction\":[{\"@type\":\"CommentAction\",\"name\":\"Comment\",\"target\":[\"https:\\\/\\\/portalincluir.com.br\\\/index.php\\\/2025\\\/10\\\/19\\\/incluir-e-um-gesto-de-amor\\\/#respond\"]}]},{\"@type\":\"WebPage\",\"@id\":\"https:\\\/\\\/portalincluir.com.br\\\/index.php\\\/2025\\\/10\\\/19\\\/incluir-e-um-gesto-de-amor\\\/\",\"url\":\"https:\\\/\\\/portalincluir.com.br\\\/index.php\\\/2025\\\/10\\\/19\\\/incluir-e-um-gesto-de-amor\\\/\",\"name\":\"Incluir \u00e9 um gesto de amor - PORTAL INCLUIR\",\"isPartOf\":{\"@id\":\"https:\\\/\\\/portalincluir.com.br\\\/#website\"},\"primaryImageOfPage\":{\"@id\":\"https:\\\/\\\/portalincluir.com.br\\\/index.php\\\/2025\\\/10\\\/19\\\/incluir-e-um-gesto-de-amor\\\/#primaryimage\"},\"image\":{\"@id\":\"https:\\\/\\\/portalincluir.com.br\\\/index.php\\\/2025\\\/10\\\/19\\\/incluir-e-um-gesto-de-amor\\\/#primaryimage\"},\"thumbnailUrl\":\"https:\\\/\\\/portalincluir.com.br\\\/wp-content\\\/uploads\\\/2025\\\/10\\\/Luciana-Felipetto-Arquivo-pesssoal-2-e1760920874590.jpg\",\"datePublished\":\"2025-10-20T00:42:02+00:00\",\"dateModified\":\"2025-10-20T00:42:41+00:00\",\"author\":{\"@id\":\"https:\\\/\\\/portalincluir.com.br\\\/#\\\/schema\\\/person\\\/8823664e5902eee555607fb75c4c35ae\"},\"breadcrumb\":{\"@id\":\"https:\\\/\\\/portalincluir.com.br\\\/index.php\\\/2025\\\/10\\\/19\\\/incluir-e-um-gesto-de-amor\\\/#breadcrumb\"},\"inLanguage\":\"pt-BR\",\"potentialAction\":[{\"@type\":\"ReadAction\",\"target\":[\"https:\\\/\\\/portalincluir.com.br\\\/index.php\\\/2025\\\/10\\\/19\\\/incluir-e-um-gesto-de-amor\\\/\"]}]},{\"@type\":\"ImageObject\",\"inLanguage\":\"pt-BR\",\"@id\":\"https:\\\/\\\/portalincluir.com.br\\\/index.php\\\/2025\\\/10\\\/19\\\/incluir-e-um-gesto-de-amor\\\/#primaryimage\",\"url\":\"https:\\\/\\\/portalincluir.com.br\\\/wp-content\\\/uploads\\\/2025\\\/10\\\/Luciana-Felipetto-Arquivo-pesssoal-2-e1760920874590.jpg\",\"contentUrl\":\"https:\\\/\\\/portalincluir.com.br\\\/wp-content\\\/uploads\\\/2025\\\/10\\\/Luciana-Felipetto-Arquivo-pesssoal-2-e1760920874590.jpg\",\"width\":720,\"height\":799},{\"@type\":\"BreadcrumbList\",\"@id\":\"https:\\\/\\\/portalincluir.com.br\\\/index.php\\\/2025\\\/10\\\/19\\\/incluir-e-um-gesto-de-amor\\\/#breadcrumb\",\"itemListElement\":[{\"@type\":\"ListItem\",\"position\":1,\"name\":\"In\u00edcio\",\"item\":\"https:\\\/\\\/portalincluir.com.br\\\/\"},{\"@type\":\"ListItem\",\"position\":2,\"name\":\"Incluir \u00e9 um gesto de amor\"}]},{\"@type\":\"WebSite\",\"@id\":\"https:\\\/\\\/portalincluir.com.br\\\/#website\",\"url\":\"https:\\\/\\\/portalincluir.com.br\\\/\",\"name\":\"PORTAL INCLUIR\",\"description\":\"\",\"potentialAction\":[{\"@type\":\"SearchAction\",\"target\":{\"@type\":\"EntryPoint\",\"urlTemplate\":\"https:\\\/\\\/portalincluir.com.br\\\/?s={search_term_string}\"},\"query-input\":{\"@type\":\"PropertyValueSpecification\",\"valueRequired\":true,\"valueName\":\"search_term_string\"}}],\"inLanguage\":\"pt-BR\"},{\"@type\":\"Person\",\"@id\":\"https:\\\/\\\/portalincluir.com.br\\\/#\\\/schema\\\/person\\\/8823664e5902eee555607fb75c4c35ae\",\"name\":\"Portal Incluir\",\"image\":{\"@type\":\"ImageObject\",\"inLanguage\":\"pt-BR\",\"@id\":\"https:\\\/\\\/secure.gravatar.com\\\/avatar\\\/12085fe17e70c3550551519fe1f8f51fae69b1748563a47fc3bea53d91fbcbbd?s=96&d=mm&r=g\",\"url\":\"https:\\\/\\\/secure.gravatar.com\\\/avatar\\\/12085fe17e70c3550551519fe1f8f51fae69b1748563a47fc3bea53d91fbcbbd?s=96&d=mm&r=g\",\"contentUrl\":\"https:\\\/\\\/secure.gravatar.com\\\/avatar\\\/12085fe17e70c3550551519fe1f8f51fae69b1748563a47fc3bea53d91fbcbbd?s=96&d=mm&r=g\",\"caption\":\"Portal Incluir\"},\"sameAs\":[\"http:\\\/\\\/portalincluir.com.br\"],\"url\":\"https:\\\/\\\/portalincluir.com.br\\\/index.php\\\/author\\\/portalincluir-com-br\\\/\"}]}<\/script>\n<!-- \/ Yoast SEO plugin. -->","yoast_head_json":{"title":"Incluir \u00e9 um gesto de amor - PORTAL INCLUIR","robots":{"index":"index","follow":"follow","max-snippet":"max-snippet:-1","max-image-preview":"max-image-preview:large","max-video-preview":"max-video-preview:-1"},"canonical":"https:\/\/portalincluir.com.br\/index.php\/2025\/10\/19\/incluir-e-um-gesto-de-amor\/","og_locale":"pt_BR","og_type":"article","og_title":"Incluir \u00e9 um gesto de amor - PORTAL INCLUIR","og_description":"Incluir \u00e9 sempre um gesto de amor, mas tem que ser um movimento natural em","og_url":"https:\/\/portalincluir.com.br\/index.php\/2025\/10\/19\/incluir-e-um-gesto-de-amor\/","og_site_name":"PORTAL INCLUIR","article_published_time":"2025-10-20T00:42:02+00:00","article_modified_time":"2025-10-20T00:42:41+00:00","og_image":[{"width":720,"height":799,"url":"https:\/\/portalincluir.com.br\/wp-content\/uploads\/2025\/10\/Luciana-Felipetto-Arquivo-pesssoal-2-e1760920874590.jpg","type":"image\/jpeg"}],"author":"Portal Incluir","twitter_card":"summary_large_image","twitter_misc":{"Escrito por":"Portal Incluir","Est. tempo de leitura":"5 minutos"},"schema":{"@context":"https:\/\/schema.org","@graph":[{"@type":["Article","BlogPosting"],"@id":"https:\/\/portalincluir.com.br\/index.php\/2025\/10\/19\/incluir-e-um-gesto-de-amor\/#article","isPartOf":{"@id":"https:\/\/portalincluir.com.br\/index.php\/2025\/10\/19\/incluir-e-um-gesto-de-amor\/"},"author":{"name":"Portal Incluir","@id":"https:\/\/portalincluir.com.br\/#\/schema\/person\/8823664e5902eee555607fb75c4c35ae"},"headline":"Incluir \u00e9 um gesto de amor","datePublished":"2025-10-20T00:42:02+00:00","dateModified":"2025-10-20T00:42:41+00:00","mainEntityOfPage":{"@id":"https:\/\/portalincluir.com.br\/index.php\/2025\/10\/19\/incluir-e-um-gesto-de-amor\/"},"wordCount":980,"commentCount":0,"image":{"@id":"https:\/\/portalincluir.com.br\/index.php\/2025\/10\/19\/incluir-e-um-gesto-de-amor\/#primaryimage"},"thumbnailUrl":"https:\/\/portalincluir.com.br\/wp-content\/uploads\/2025\/10\/Luciana-Felipetto-Arquivo-pesssoal-2-e1760920874590.jpg","articleSection":["Opini\u00e3o","Portal"],"inLanguage":"pt-BR","potentialAction":[{"@type":"CommentAction","name":"Comment","target":["https:\/\/portalincluir.com.br\/index.php\/2025\/10\/19\/incluir-e-um-gesto-de-amor\/#respond"]}]},{"@type":"WebPage","@id":"https:\/\/portalincluir.com.br\/index.php\/2025\/10\/19\/incluir-e-um-gesto-de-amor\/","url":"https:\/\/portalincluir.com.br\/index.php\/2025\/10\/19\/incluir-e-um-gesto-de-amor\/","name":"Incluir \u00e9 um gesto de amor - PORTAL INCLUIR","isPartOf":{"@id":"https:\/\/portalincluir.com.br\/#website"},"primaryImageOfPage":{"@id":"https:\/\/portalincluir.com.br\/index.php\/2025\/10\/19\/incluir-e-um-gesto-de-amor\/#primaryimage"},"image":{"@id":"https:\/\/portalincluir.com.br\/index.php\/2025\/10\/19\/incluir-e-um-gesto-de-amor\/#primaryimage"},"thumbnailUrl":"https:\/\/portalincluir.com.br\/wp-content\/uploads\/2025\/10\/Luciana-Felipetto-Arquivo-pesssoal-2-e1760920874590.jpg","datePublished":"2025-10-20T00:42:02+00:00","dateModified":"2025-10-20T00:42:41+00:00","author":{"@id":"https:\/\/portalincluir.com.br\/#\/schema\/person\/8823664e5902eee555607fb75c4c35ae"},"breadcrumb":{"@id":"https:\/\/portalincluir.com.br\/index.php\/2025\/10\/19\/incluir-e-um-gesto-de-amor\/#breadcrumb"},"inLanguage":"pt-BR","potentialAction":[{"@type":"ReadAction","target":["https:\/\/portalincluir.com.br\/index.php\/2025\/10\/19\/incluir-e-um-gesto-de-amor\/"]}]},{"@type":"ImageObject","inLanguage":"pt-BR","@id":"https:\/\/portalincluir.com.br\/index.php\/2025\/10\/19\/incluir-e-um-gesto-de-amor\/#primaryimage","url":"https:\/\/portalincluir.com.br\/wp-content\/uploads\/2025\/10\/Luciana-Felipetto-Arquivo-pesssoal-2-e1760920874590.jpg","contentUrl":"https:\/\/portalincluir.com.br\/wp-content\/uploads\/2025\/10\/Luciana-Felipetto-Arquivo-pesssoal-2-e1760920874590.jpg","width":720,"height":799},{"@type":"BreadcrumbList","@id":"https:\/\/portalincluir.com.br\/index.php\/2025\/10\/19\/incluir-e-um-gesto-de-amor\/#breadcrumb","itemListElement":[{"@type":"ListItem","position":1,"name":"In\u00edcio","item":"https:\/\/portalincluir.com.br\/"},{"@type":"ListItem","position":2,"name":"Incluir \u00e9 um gesto de amor"}]},{"@type":"WebSite","@id":"https:\/\/portalincluir.com.br\/#website","url":"https:\/\/portalincluir.com.br\/","name":"PORTAL INCLUIR","description":"","potentialAction":[{"@type":"SearchAction","target":{"@type":"EntryPoint","urlTemplate":"https:\/\/portalincluir.com.br\/?s={search_term_string}"},"query-input":{"@type":"PropertyValueSpecification","valueRequired":true,"valueName":"search_term_string"}}],"inLanguage":"pt-BR"},{"@type":"Person","@id":"https:\/\/portalincluir.com.br\/#\/schema\/person\/8823664e5902eee555607fb75c4c35ae","name":"Portal Incluir","image":{"@type":"ImageObject","inLanguage":"pt-BR","@id":"https:\/\/secure.gravatar.com\/avatar\/12085fe17e70c3550551519fe1f8f51fae69b1748563a47fc3bea53d91fbcbbd?s=96&d=mm&r=g","url":"https:\/\/secure.gravatar.com\/avatar\/12085fe17e70c3550551519fe1f8f51fae69b1748563a47fc3bea53d91fbcbbd?s=96&d=mm&r=g","contentUrl":"https:\/\/secure.gravatar.com\/avatar\/12085fe17e70c3550551519fe1f8f51fae69b1748563a47fc3bea53d91fbcbbd?s=96&d=mm&r=g","caption":"Portal Incluir"},"sameAs":["http:\/\/portalincluir.com.br"],"url":"https:\/\/portalincluir.com.br\/index.php\/author\/portalincluir-com-br\/"}]}},"_links":{"self":[{"href":"https:\/\/portalincluir.com.br\/index.php\/wp-json\/wp\/v2\/posts\/632","targetHints":{"allow":["GET"]}}],"collection":[{"href":"https:\/\/portalincluir.com.br\/index.php\/wp-json\/wp\/v2\/posts"}],"about":[{"href":"https:\/\/portalincluir.com.br\/index.php\/wp-json\/wp\/v2\/types\/post"}],"author":[{"embeddable":true,"href":"https:\/\/portalincluir.com.br\/index.php\/wp-json\/wp\/v2\/users\/1"}],"replies":[{"embeddable":true,"href":"https:\/\/portalincluir.com.br\/index.php\/wp-json\/wp\/v2\/comments?post=632"}],"version-history":[{"count":2,"href":"https:\/\/portalincluir.com.br\/index.php\/wp-json\/wp\/v2\/posts\/632\/revisions"}],"predecessor-version":[{"id":636,"href":"https:\/\/portalincluir.com.br\/index.php\/wp-json\/wp\/v2\/posts\/632\/revisions\/636"}],"wp:featuredmedia":[{"embeddable":true,"href":"https:\/\/portalincluir.com.br\/index.php\/wp-json\/wp\/v2\/media\/634"}],"wp:attachment":[{"href":"https:\/\/portalincluir.com.br\/index.php\/wp-json\/wp\/v2\/media?parent=632"}],"wp:term":[{"taxonomy":"category","embeddable":true,"href":"https:\/\/portalincluir.com.br\/index.php\/wp-json\/wp\/v2\/categories?post=632"},{"taxonomy":"post_tag","embeddable":true,"href":"https:\/\/portalincluir.com.br\/index.php\/wp-json\/wp\/v2\/tags?post=632"}],"curies":[{"name":"wp","href":"https:\/\/api.w.org\/{rel}","templated":true}]}}