{"id":637,"date":"2025-10-20T23:37:03","date_gmt":"2025-10-21T02:37:03","guid":{"rendered":"https:\/\/portalincluir.com.br\/?p=637"},"modified":"2025-10-20T23:41:22","modified_gmt":"2025-10-21T02:41:22","slug":"escola-e-diversidade-o-discurso-da-pratica-e-a-pratica-do-discurso","status":"publish","type":"post","link":"https:\/\/portalincluir.com.br\/index.php\/2025\/10\/20\/escola-e-diversidade-o-discurso-da-pratica-e-a-pratica-do-discurso\/","title":{"rendered":"Escola e diversidade: o discurso da pr\u00e1tica e a pr\u00e1tica do discurso"},"content":{"rendered":"\n<p>Temos ouvido bastante a express\u00e3o aceitar e respeitar as diferen\u00e7as. Talvez, no af\u00e3 de defender a causa, esque\u00e7amo-nos de refletir sobre o verdadeiro sentido que tal express\u00e3o traz em si. Lidar com as diferen\u00e7as talvez seja uma express\u00e3o que sintetize nosso n\u00edvel de aceita\u00e7\u00e3o, de respeito e inclua tamb\u00e9m as atitudes que temos com rela\u00e7\u00e3o \u00e0s diferen\u00e7as concretas com as quais temos que lidar em nosso dia a dia. Reflitamos um pouco a respeito do real sentido dessas palavras. Lidar com as diferen\u00e7as \u00e9 atitude que envolve tr\u00eas dimens\u00f5es: lidar com as diferen\u00e7as do outro, lidar com as minhas pr\u00f3prias diferen\u00e7as e assumir uma postura clara diante das diferen\u00e7as produzidas historicamente.<\/p>\n\n\n\n<p>Lidar com as diferen\u00e7as do outro \u00e9 o mais consagrado sentido que conhecemos. Costumamos pensar que aceitando e \u201cpermitindo\u201d que o outro seja como \u00e9, estaremos lidando com as diferen\u00e7as. Respeitar o outro vai muito al\u00e9m de \u201cpermitir\u201d que o outro ocupe lugar no espa\u00e7o, com base no pensamento reducionista \u201ccada um na sua e tudo bem\u201d. A aceita\u00e7\u00e3o e o respeito pelo outro envolve a contempla\u00e7\u00e3o desse outro, que por sua vez s\u00f3 \u00e9 poss\u00edvel a partir de um olhar fenomenol\u00f3gico para esse outro. Esse olhar caracteriza-se por ver o que ali est\u00e1, sem acr\u00e9scimos ou infer\u00eancias. \u00c9 ver a coisa em si mesma. Ao olhar algu\u00e9m com cabelo tricolor, por exemplo, enxergar o colorido e, no m\u00e1ximo, a ousadia do fato, mas n\u00e3o concluir e projetar imediatamente no outro a insanidade, por exemplo. Ao contemplar, eu descubro, entendo e aprendo com outro. Eu acrescento o outro em mim e amplio minhas concep\u00e7\u00f5es e percep\u00e7\u00f5es. A segunda dimens\u00e3o de \u201clidar com as diferen\u00e7as\u201d est\u00e1 relacionada com a aceita\u00e7\u00e3o das minhas pr\u00f3prias diferen\u00e7as. S\u00f3 consigo verdadeiramente aceitar as diferen\u00e7as do outro quando aceito as minhas pr\u00f3prias diferen\u00e7as. Ningu\u00e9m \u00e9 igual. O que existe \u00e9 uma fantasia de padroniza\u00e7\u00e3o que se expressa atrav\u00e9s da moda, das conven\u00e7\u00f5es sociais e da cultura. Ningu\u00e9m de perto \u00e9 normal. O n\u00edvel da aceita\u00e7\u00e3o das minhas \u201canormalidades\u201d define, por\u00e9m, minha capacidade de lidar com as \u201canormalidades\u201d alheias, al\u00e9m de me fazer plenamente eu mesmo. Por \u00faltimo, lidar com as diferen\u00e7as pressup\u00f5e que assumamos uma atitude concreta com rela\u00e7\u00e3o \u00e0s diferen\u00e7as produzidas historicamente. N\u00e3o lidamos com as diferen\u00e7as, quando somos insens\u00edveis aos exclu\u00eddos. Qual a minha postura diante das minorias \u00e9tnicas? Diante do movimento LGBTs ou diante da popula\u00e7\u00e3o de rua? De que maneira eu me posiciono na pr\u00e1tica com rela\u00e7\u00e3o aos \u201cartistas\u201d de sinal de tr\u00e2nsito?<\/p>\n\n\n\n<p>Uma quest\u00e3o fundamental que n\u00e3o pode ser desprezada \u00e9 com rela\u00e7\u00e3o ao referencial do nosso discurso. Afinal de contas, ao abordarmos as diferen\u00e7as, precisamos nos perguntar: diferente de qu\u00ea? Se h\u00e1 diferen\u00e7as \u00e9 porque h\u00e1 um padr\u00e3o de igualdade previamente estabelecido cuja an\u00e1lise l\u00f3gica n\u00e3o pode deixar de ser feita. Nossa l\u00f3gica de pensamento ainda \u00e9 fortemente influenciada pelas \u201cverdades\u201d dos Tempos Modernos, que dentre outras muitas, nos fez acreditar piamente que existe o \u201clugar certo para o homem certo\u201d, que para todos h\u00e1 um lugar ao sol que depende apenas de esfor\u00e7o e determina\u00e7\u00e3o para ser atingido. A \u201cverdade\u201d modernista mais relacionada \u00e0s nossas reflex\u00f5es diz respeito aos crit\u00e9rios de avalia\u00e7\u00e3o de um indiv\u00edduo \u201cnormal\u201d: \u00e9 aquele que \u00e9 objetivo, ou seja, sabe o que quer, cumpre regras e \u00e9 respeitador e esfor\u00e7a-se para progredir e, se assim o fizer, conquista seus objetivos. Esses s\u00e3o os crit\u00e9rios tomados pela escola para defini\u00e7\u00e3o de \u201cbom aluno\u201d que insistem em permanecer em nosso imagin\u00e1rio de educadores. Qualquer perfil que fuja a esse padr\u00e3o corre o risco de ser rotulado como diferente, estranho, desadaptado.<\/p>\n\n\n\n<p>O fim dos tempos Modernos e o nascimento do P\u00f3s-modernismo inauguraram uma \u00e9poca de reconstru\u00e7\u00e3o de valores e referenciais. ZygmuntBauman batizou de \u201csociedade l\u00edquida\u201d ao conjunto de costumes e valores praticados pelos grupos sociais nesse in\u00edcio do s\u00e9culo XXI. A express\u00e3o l\u00edquida refere-se \u00e0 volatilidade e \u00e0 efemeridade das rela\u00e7\u00f5es e sentimentos que se estabelecem entre as pessoas. Relacionamentos l\u00edquidos, amizades l\u00edquidas, sentimentos l\u00edquidos. Parece que tudo \u201cescorre entre os dedos\u201d e dura muito pouco. Nesse contexto, as novas gera\u00e7\u00f5es desenvolveram cren\u00e7as e valores imediatistas, afinal, tudo dura pouco e \u00e9 preciso curtir ao m\u00e1ximo o momento presente, pois n\u00e3o se sabe se haver\u00e1 amanh\u00e3. Nessa sociedade l\u00edquida, existir \u00e9 sin\u00f4nimo de consumir, ter sucesso \u00e9 igual a virar celebridade e ter velocidade \u00e9 sinal de criar oportunidade. O papel da escola torna-se fundamental para que se crie uma contracultura com rela\u00e7\u00e3o \u00e0 liquidez identificada por Bauman. Estamos produzindo, de forma muito perigosa, novos crit\u00e9rios de normalidade. Diferente \u00e9 quem n\u00e3o consome, quem n\u00e3o est\u00e1 nas redes sociais e quem tem um estilo calmo e contemplativo de ser.<\/p>\n\n\n\n<p>Contudo, a p\u00f3s-modernidade est\u00e1 dando sinais de predisposi\u00e7\u00e3o ao desenvolvimento de atitudes que consolidem o discurso de aceita\u00e7\u00e3o e respeito pelas diferen\u00e7as. Precisamos agilizar a din\u00e2mica de mudan\u00e7a do paradigma de diversidade que cultua a exclus\u00e3o, a homogeneidade, a marginaliza\u00e7\u00e3o e a ideia de estranheza pelo paradigma que cultua a inclus\u00e3o, a heterogeneidade, a possibilidade de enriquecimento atrav\u00e9s do diferente e os encara como \u00fanicos, reconhecendo o direito de serem cidad\u00e3os. Estamos diante do conceito de alteridade.<\/p>\n\n\n\n<p>Alteridade \u00e9 a capacidade de colocar-se no lugar do outro na rela\u00e7\u00e3o interpessoal, com considera\u00e7\u00e3o, valoriza\u00e7\u00e3o, identifica\u00e7\u00e3o e di\u00e1logo com esse outro. A alteridade nas rela\u00e7\u00f5es \u00e9 pr\u00e9-requisito para o exerc\u00edcio da cidadania e para se estabelecer uma rela\u00e7\u00e3o pac\u00edfica e construtiva com os diferentes. Para a Psicologia, alteridade refere-se ao conceito que o indiv\u00edduo tem segundo o qual os outros seres s\u00e3o distintos dele. \u00c9 o contr\u00e1rio de ego. Para a Filosofia, alteridade remete a ser outro, colocar-se ou constituir-se como outro. Quando negamos o outro, revelamos o desejo de eliminar a alteridade presente em n\u00f3s. Precisamos superar a resist\u00eancia ao outro para nos auto constituir. O outro que me amea\u00e7a \u00e9 o mesmo que me liberta, pois somente ele guarda o segredo de quem eu sou. Somente os outros enxergam nossa \u201cmancha cega\u201d que \u00e9 a parte de nossa personalidade desconhecida por n\u00f3s, mas conhecida pelos outros. Sem a consci\u00eancia do que realmente somos e do que parecemos ser n\u00e3o constru\u00edmos a aceita\u00e7\u00e3o necess\u00e1ria de nossas pr\u00f3prias potencialidades e limita\u00e7\u00f5es, o que vai dificultar o reconhecimento do outro com suas peculiaridades.&nbsp;<\/p>\n\n\n\n<p>A Educa\u00e7\u00e3o vem tentando legitimar a pr\u00e1tica da inclus\u00e3o das diferen\u00e7as em seu cotidiano, atrav\u00e9s de conjuntos de ideias e princ\u00edpios batizados de diferentes formas nos diferentes continentes. Na Europa o movimento \u00e9 chamado de Pedagogia do acolhimento ou Educa\u00e7\u00e3o intercultural. Na Am\u00e9rica Anglo-sax\u00f4nica, Educa\u00e7\u00e3o multicultural e na Am\u00e9rica Latina, o movimento \u00e9 designado como Educa\u00e7\u00e3o para a diversidade. Independente do nome de batismo, os movimentos referem-se \u00e0 necessidade de mudan\u00e7a urgente da postura educacional diante das diferen\u00e7as. Na escola, constatamos que o \u201coutro\u201d \u00e9 pouco vivenciado na rela\u00e7\u00e3o ensino-aprendizagem. Essa exclus\u00e3o do outro manifesta-se em especial na aprendizagem de conceitos, processo que ocorre a partir da negocia\u00e7\u00e3o de significados que precisa ocorrer entre professor e aluno. Essa negocia\u00e7\u00e3o somente ocorre de forma eficaz quando o professor tem um olhar carregado de alteridade para o aluno, de forma a usar a empatia na facilita\u00e7\u00e3o da aprendizagem de novos conceitos. Entendemos empatia como a habilidade de nos colocarmos no lugar do outro e sentirmos como o outro sente, vendo o mundo como o outro v\u00ea.<\/p>\n\n\n\n<p>A escola \u00e9 fruto de s\u00e9culos de pol\u00edticas e esfor\u00e7os homogeneizantes. Aprendemos a ser professores de \u201ciguais\u201d e a \u201cnivelar\u201d as diferen\u00e7as. Ainda temos dificuldade de compreender que diferen\u00e7as s\u00e3o a ess\u00eancia da experi\u00eancia e da possibilidade. O reconhecimento e o fortalecimento das identidades est\u00e3o na base da constru\u00e7\u00e3o de uma escola \u201cdiversificada\u201d. \u00c9 preciso perceber e trabalhar os paradoxos. \u00c9 preciso romper com os perfis idealizados e padronizados de aluno e de professor para que possamos consolidar verdadeiramente a escola das diferen\u00e7as. \u00c9 preciso desenvolver urgentemente a fun\u00e7\u00e3o ecol\u00f3gica do curr\u00edculo. Mais do que referencial te\u00f3rico, o curr\u00edculo deve ser dinamizador de rela\u00e7\u00f5es humanas. Essa din\u00e2mica deve levar a uma auto organiza\u00e7\u00e3o em rela\u00e7\u00e3o \u00e0 reciprocidade das pessoas entre si e entre as pessoas e o pr\u00f3prio ambiente. O curr\u00edculo precisa ser o viabilizador das diferen\u00e7as, garantindo a express\u00e3o multicultural e o confronto dos diferentes olhares. O confronto da hist\u00f3ria contada pelos colonizadores e pelos colonizados \u00e9 um bom exemplo dessa concep\u00e7\u00e3o diversa do curr\u00edculo.<\/p>\n\n\n\n<p>Outro vi\u00e9s homogeneizante da escola \u00e9 a concep\u00e7\u00e3o epistemol\u00f3gica resultante do paradigma comportamental que predominou (e ainda predomina) nas salas de aula. Segundo esse modelo, aprender \u00e9 acumular conhecimento. O conhecimento sai da cabe\u00e7a do professor e \u00e9 transferido para a cabe\u00e7a do aluno, atrav\u00e9s de um processo unidirecional. Professor fala e aluno ouve. A Neuroci\u00eancia, atrav\u00e9s de pesquisas realizadas nas \u00faltimas d\u00e9cadas j\u00e1 descobriu que embora a mem\u00f3ria seja atributo fundamental do processo de aprendizagem, aprender n\u00e3o \u00e9 sin\u00f4nimo de memorizar. O c\u00e9rebro \u00e9 composto por redes neurais-conceituais din\u00e2micas que se entrela\u00e7am o tempo todo atrav\u00e9s de est\u00edmulos provocados por novos conceitos que nos invadem a cada momento. Ler, assistir filmes, conversar com pessoas diferentes s\u00e3o formas de alimentar a din\u00e2mica de funcionamento do c\u00e9rebro e ao mesmo tempo de \u201cdespadronizar\u201d o processo de aprendizagem, respeitando as diversas redes neurais-conceituais que nossos alunos trazem.&nbsp; O paradigma dialogal precisa ser legitimado atrav\u00e9s de esfor\u00e7os da escola em se abrir ao di\u00e1logo necess\u00e1rio com o aluno no processo de constru\u00e7\u00e3o de conceitos.&nbsp;<\/p>\n\n\n\n<p>O discurso da diversidade j\u00e1 \u00e9 velho conhecido da escola e de n\u00f3s professores. Precisamos, por\u00e9m, perceber suas contradi\u00e7\u00f5es e ler suas entrelinhas no sentido de construirmos a\u00e7\u00f5es concretas nas pr\u00e1ticas escolares. Parafraseando o poeta Beto Guedes, o discurso da pr\u00e1tica j\u00e1 sabemos de cor, mas a pr\u00e1tica do discurso ainda nos resta aprender.<\/p>\n\n\n\n<figure class=\"wp-block-image alignleft size-large is-resized\"><img loading=\"lazy\" decoding=\"async\" width=\"1024\" height=\"948\" src=\"https:\/\/portalincluir.com.br\/wp-content\/uploads\/2025\/10\/JULIO-FURTADO-7-FOTO-DE-Lindsay-Romariz-scaled-e1761014151786-1024x948.jpg\" alt=\"\" class=\"wp-image-638\" style=\"width:101px;height:auto\" srcset=\"https:\/\/portalincluir.com.br\/wp-content\/uploads\/2025\/10\/JULIO-FURTADO-7-FOTO-DE-Lindsay-Romariz-scaled-e1761014151786-1024x948.jpg 1024w, https:\/\/portalincluir.com.br\/wp-content\/uploads\/2025\/10\/JULIO-FURTADO-7-FOTO-DE-Lindsay-Romariz-scaled-e1761014151786-300x278.jpg 300w, https:\/\/portalincluir.com.br\/wp-content\/uploads\/2025\/10\/JULIO-FURTADO-7-FOTO-DE-Lindsay-Romariz-scaled-e1761014151786-768x711.jpg 768w, https:\/\/portalincluir.com.br\/wp-content\/uploads\/2025\/10\/JULIO-FURTADO-7-FOTO-DE-Lindsay-Romariz-scaled-e1761014151786-1536x1422.jpg 1536w, https:\/\/portalincluir.com.br\/wp-content\/uploads\/2025\/10\/JULIO-FURTADO-7-FOTO-DE-Lindsay-Romariz-scaled-e1761014151786.jpg 1707w\" sizes=\"auto, (max-width: 1024px) 100vw, 1024px\" \/><\/figure>\n\n\n\n<p><\/p>\n\n\n\n<p><strong>J\u00falio Furtado<\/strong>, Pedagogo e mestre em Educa\u00e7\u00e3o, doutor em Ci\u00eancias da Educa\u00e7\u00e3o, Orientador Educacional do Col\u00e9gio Professor Anselmo (RJ)<\/p>\n\n\n\n<p><\/p>\n\n\n\n<p>.<\/p>\n\n\n\n<p><\/p>\n\n\n\n<p><\/p>\n","protected":false},"excerpt":{"rendered":"<p>Temos ouvido bastante a express\u00e3o aceitar e respeitar as diferen\u00e7as. Talvez, no af\u00e3 de defender<\/p>\n","protected":false},"author":1,"featured_media":638,"comment_status":"open","ping_status":"open","sticky":false,"template":"","format":"standard","meta":{"om_disable_all_campaigns":false,"_monsterinsights_skip_tracking":false,"_monsterinsights_sitenote_active":false,"_monsterinsights_sitenote_note":"","_monsterinsights_sitenote_category":0,"_uf_show_specific_survey":0,"_uf_disable_surveys":false,"footnotes":""},"categories":[21,1],"tags":[],"class_list":["post-637","post","type-post","status-publish","format-standard","has-post-thumbnail","hentry","category-opiniao","category-portal"],"yoast_head":"<!-- This site is optimized with the Yoast SEO plugin v27.4 - https:\/\/yoast.com\/product\/yoast-seo-wordpress\/ -->\n<title>Escola e diversidade: o discurso da pr\u00e1tica e a pr\u00e1tica do discurso - PORTAL INCLUIR<\/title>\n<meta name=\"robots\" content=\"index, follow, max-snippet:-1, max-image-preview:large, max-video-preview:-1\" \/>\n<link rel=\"canonical\" href=\"https:\/\/portalincluir.com.br\/index.php\/2025\/10\/20\/escola-e-diversidade-o-discurso-da-pratica-e-a-pratica-do-discurso\/\" \/>\n<meta property=\"og:locale\" content=\"pt_BR\" \/>\n<meta property=\"og:type\" content=\"article\" \/>\n<meta property=\"og:title\" content=\"Escola e diversidade: o discurso da pr\u00e1tica e a pr\u00e1tica do discurso - PORTAL INCLUIR\" \/>\n<meta property=\"og:description\" content=\"Temos ouvido bastante a express\u00e3o aceitar e respeitar as diferen\u00e7as. Talvez, no af\u00e3 de defender\" \/>\n<meta property=\"og:url\" content=\"https:\/\/portalincluir.com.br\/index.php\/2025\/10\/20\/escola-e-diversidade-o-discurso-da-pratica-e-a-pratica-do-discurso\/\" \/>\n<meta property=\"og:site_name\" content=\"PORTAL INCLUIR\" \/>\n<meta property=\"article:published_time\" content=\"2025-10-21T02:37:03+00:00\" \/>\n<meta property=\"article:modified_time\" content=\"2025-10-21T02:41:22+00:00\" \/>\n<meta property=\"og:image\" content=\"https:\/\/portalincluir.com.br\/wp-content\/uploads\/2025\/10\/JULIO-FURTADO-7-FOTO-DE-Lindsay-Romariz-scaled-e1761014151786.jpg\" \/>\n\t<meta property=\"og:image:width\" content=\"1707\" \/>\n\t<meta property=\"og:image:height\" content=\"1580\" \/>\n\t<meta property=\"og:image:type\" content=\"image\/jpeg\" \/>\n<meta name=\"author\" content=\"Portal Incluir\" \/>\n<meta name=\"twitter:card\" content=\"summary_large_image\" \/>\n<meta name=\"twitter:label1\" content=\"Escrito por\" \/>\n\t<meta name=\"twitter:data1\" content=\"Portal Incluir\" \/>\n\t<meta name=\"twitter:label2\" content=\"Est. tempo de leitura\" \/>\n\t<meta name=\"twitter:data2\" content=\"9 minutos\" \/>\n<script type=\"application\/ld+json\" class=\"yoast-schema-graph\">{\"@context\":\"https:\\\/\\\/schema.org\",\"@graph\":[{\"@type\":[\"Article\",\"BlogPosting\"],\"@id\":\"https:\\\/\\\/portalincluir.com.br\\\/index.php\\\/2025\\\/10\\\/20\\\/escola-e-diversidade-o-discurso-da-pratica-e-a-pratica-do-discurso\\\/#article\",\"isPartOf\":{\"@id\":\"https:\\\/\\\/portalincluir.com.br\\\/index.php\\\/2025\\\/10\\\/20\\\/escola-e-diversidade-o-discurso-da-pratica-e-a-pratica-do-discurso\\\/\"},\"author\":{\"name\":\"Portal Incluir\",\"@id\":\"https:\\\/\\\/portalincluir.com.br\\\/#\\\/schema\\\/person\\\/8823664e5902eee555607fb75c4c35ae\"},\"headline\":\"Escola e diversidade: o discurso da pr\u00e1tica e a pr\u00e1tica do discurso\",\"datePublished\":\"2025-10-21T02:37:03+00:00\",\"dateModified\":\"2025-10-21T02:41:22+00:00\",\"mainEntityOfPage\":{\"@id\":\"https:\\\/\\\/portalincluir.com.br\\\/index.php\\\/2025\\\/10\\\/20\\\/escola-e-diversidade-o-discurso-da-pratica-e-a-pratica-do-discurso\\\/\"},\"wordCount\":1813,\"commentCount\":0,\"image\":{\"@id\":\"https:\\\/\\\/portalincluir.com.br\\\/index.php\\\/2025\\\/10\\\/20\\\/escola-e-diversidade-o-discurso-da-pratica-e-a-pratica-do-discurso\\\/#primaryimage\"},\"thumbnailUrl\":\"https:\\\/\\\/portalincluir.com.br\\\/wp-content\\\/uploads\\\/2025\\\/10\\\/JULIO-FURTADO-7-FOTO-DE-Lindsay-Romariz-scaled-e1761014151786.jpg\",\"articleSection\":[\"Opini\u00e3o\",\"Portal\"],\"inLanguage\":\"pt-BR\",\"potentialAction\":[{\"@type\":\"CommentAction\",\"name\":\"Comment\",\"target\":[\"https:\\\/\\\/portalincluir.com.br\\\/index.php\\\/2025\\\/10\\\/20\\\/escola-e-diversidade-o-discurso-da-pratica-e-a-pratica-do-discurso\\\/#respond\"]}]},{\"@type\":\"WebPage\",\"@id\":\"https:\\\/\\\/portalincluir.com.br\\\/index.php\\\/2025\\\/10\\\/20\\\/escola-e-diversidade-o-discurso-da-pratica-e-a-pratica-do-discurso\\\/\",\"url\":\"https:\\\/\\\/portalincluir.com.br\\\/index.php\\\/2025\\\/10\\\/20\\\/escola-e-diversidade-o-discurso-da-pratica-e-a-pratica-do-discurso\\\/\",\"name\":\"Escola e diversidade: o discurso da pr\u00e1tica e a pr\u00e1tica do discurso - PORTAL INCLUIR\",\"isPartOf\":{\"@id\":\"https:\\\/\\\/portalincluir.com.br\\\/#website\"},\"primaryImageOfPage\":{\"@id\":\"https:\\\/\\\/portalincluir.com.br\\\/index.php\\\/2025\\\/10\\\/20\\\/escola-e-diversidade-o-discurso-da-pratica-e-a-pratica-do-discurso\\\/#primaryimage\"},\"image\":{\"@id\":\"https:\\\/\\\/portalincluir.com.br\\\/index.php\\\/2025\\\/10\\\/20\\\/escola-e-diversidade-o-discurso-da-pratica-e-a-pratica-do-discurso\\\/#primaryimage\"},\"thumbnailUrl\":\"https:\\\/\\\/portalincluir.com.br\\\/wp-content\\\/uploads\\\/2025\\\/10\\\/JULIO-FURTADO-7-FOTO-DE-Lindsay-Romariz-scaled-e1761014151786.jpg\",\"datePublished\":\"2025-10-21T02:37:03+00:00\",\"dateModified\":\"2025-10-21T02:41:22+00:00\",\"author\":{\"@id\":\"https:\\\/\\\/portalincluir.com.br\\\/#\\\/schema\\\/person\\\/8823664e5902eee555607fb75c4c35ae\"},\"breadcrumb\":{\"@id\":\"https:\\\/\\\/portalincluir.com.br\\\/index.php\\\/2025\\\/10\\\/20\\\/escola-e-diversidade-o-discurso-da-pratica-e-a-pratica-do-discurso\\\/#breadcrumb\"},\"inLanguage\":\"pt-BR\",\"potentialAction\":[{\"@type\":\"ReadAction\",\"target\":[\"https:\\\/\\\/portalincluir.com.br\\\/index.php\\\/2025\\\/10\\\/20\\\/escola-e-diversidade-o-discurso-da-pratica-e-a-pratica-do-discurso\\\/\"]}]},{\"@type\":\"ImageObject\",\"inLanguage\":\"pt-BR\",\"@id\":\"https:\\\/\\\/portalincluir.com.br\\\/index.php\\\/2025\\\/10\\\/20\\\/escola-e-diversidade-o-discurso-da-pratica-e-a-pratica-do-discurso\\\/#primaryimage\",\"url\":\"https:\\\/\\\/portalincluir.com.br\\\/wp-content\\\/uploads\\\/2025\\\/10\\\/JULIO-FURTADO-7-FOTO-DE-Lindsay-Romariz-scaled-e1761014151786.jpg\",\"contentUrl\":\"https:\\\/\\\/portalincluir.com.br\\\/wp-content\\\/uploads\\\/2025\\\/10\\\/JULIO-FURTADO-7-FOTO-DE-Lindsay-Romariz-scaled-e1761014151786.jpg\",\"width\":1707,\"height\":1580},{\"@type\":\"BreadcrumbList\",\"@id\":\"https:\\\/\\\/portalincluir.com.br\\\/index.php\\\/2025\\\/10\\\/20\\\/escola-e-diversidade-o-discurso-da-pratica-e-a-pratica-do-discurso\\\/#breadcrumb\",\"itemListElement\":[{\"@type\":\"ListItem\",\"position\":1,\"name\":\"In\u00edcio\",\"item\":\"https:\\\/\\\/portalincluir.com.br\\\/\"},{\"@type\":\"ListItem\",\"position\":2,\"name\":\"Escola e diversidade: o discurso da pr\u00e1tica e a pr\u00e1tica do discurso\"}]},{\"@type\":\"WebSite\",\"@id\":\"https:\\\/\\\/portalincluir.com.br\\\/#website\",\"url\":\"https:\\\/\\\/portalincluir.com.br\\\/\",\"name\":\"PORTAL INCLUIR\",\"description\":\"\",\"potentialAction\":[{\"@type\":\"SearchAction\",\"target\":{\"@type\":\"EntryPoint\",\"urlTemplate\":\"https:\\\/\\\/portalincluir.com.br\\\/?s={search_term_string}\"},\"query-input\":{\"@type\":\"PropertyValueSpecification\",\"valueRequired\":true,\"valueName\":\"search_term_string\"}}],\"inLanguage\":\"pt-BR\"},{\"@type\":\"Person\",\"@id\":\"https:\\\/\\\/portalincluir.com.br\\\/#\\\/schema\\\/person\\\/8823664e5902eee555607fb75c4c35ae\",\"name\":\"Portal Incluir\",\"image\":{\"@type\":\"ImageObject\",\"inLanguage\":\"pt-BR\",\"@id\":\"https:\\\/\\\/secure.gravatar.com\\\/avatar\\\/12085fe17e70c3550551519fe1f8f51fae69b1748563a47fc3bea53d91fbcbbd?s=96&d=mm&r=g\",\"url\":\"https:\\\/\\\/secure.gravatar.com\\\/avatar\\\/12085fe17e70c3550551519fe1f8f51fae69b1748563a47fc3bea53d91fbcbbd?s=96&d=mm&r=g\",\"contentUrl\":\"https:\\\/\\\/secure.gravatar.com\\\/avatar\\\/12085fe17e70c3550551519fe1f8f51fae69b1748563a47fc3bea53d91fbcbbd?s=96&d=mm&r=g\",\"caption\":\"Portal Incluir\"},\"sameAs\":[\"http:\\\/\\\/portalincluir.com.br\"],\"url\":\"https:\\\/\\\/portalincluir.com.br\\\/index.php\\\/author\\\/portalincluir-com-br\\\/\"}]}<\/script>\n<!-- \/ Yoast SEO plugin. -->","yoast_head_json":{"title":"Escola e diversidade: o discurso da pr\u00e1tica e a pr\u00e1tica do discurso - PORTAL INCLUIR","robots":{"index":"index","follow":"follow","max-snippet":"max-snippet:-1","max-image-preview":"max-image-preview:large","max-video-preview":"max-video-preview:-1"},"canonical":"https:\/\/portalincluir.com.br\/index.php\/2025\/10\/20\/escola-e-diversidade-o-discurso-da-pratica-e-a-pratica-do-discurso\/","og_locale":"pt_BR","og_type":"article","og_title":"Escola e diversidade: o discurso da pr\u00e1tica e a pr\u00e1tica do discurso - PORTAL INCLUIR","og_description":"Temos ouvido bastante a express\u00e3o aceitar e respeitar as diferen\u00e7as. Talvez, no af\u00e3 de defender","og_url":"https:\/\/portalincluir.com.br\/index.php\/2025\/10\/20\/escola-e-diversidade-o-discurso-da-pratica-e-a-pratica-do-discurso\/","og_site_name":"PORTAL INCLUIR","article_published_time":"2025-10-21T02:37:03+00:00","article_modified_time":"2025-10-21T02:41:22+00:00","og_image":[{"width":1707,"height":1580,"url":"https:\/\/portalincluir.com.br\/wp-content\/uploads\/2025\/10\/JULIO-FURTADO-7-FOTO-DE-Lindsay-Romariz-scaled-e1761014151786.jpg","type":"image\/jpeg"}],"author":"Portal Incluir","twitter_card":"summary_large_image","twitter_misc":{"Escrito por":"Portal Incluir","Est. tempo de leitura":"9 minutos"},"schema":{"@context":"https:\/\/schema.org","@graph":[{"@type":["Article","BlogPosting"],"@id":"https:\/\/portalincluir.com.br\/index.php\/2025\/10\/20\/escola-e-diversidade-o-discurso-da-pratica-e-a-pratica-do-discurso\/#article","isPartOf":{"@id":"https:\/\/portalincluir.com.br\/index.php\/2025\/10\/20\/escola-e-diversidade-o-discurso-da-pratica-e-a-pratica-do-discurso\/"},"author":{"name":"Portal Incluir","@id":"https:\/\/portalincluir.com.br\/#\/schema\/person\/8823664e5902eee555607fb75c4c35ae"},"headline":"Escola e diversidade: o discurso da pr\u00e1tica e a pr\u00e1tica do discurso","datePublished":"2025-10-21T02:37:03+00:00","dateModified":"2025-10-21T02:41:22+00:00","mainEntityOfPage":{"@id":"https:\/\/portalincluir.com.br\/index.php\/2025\/10\/20\/escola-e-diversidade-o-discurso-da-pratica-e-a-pratica-do-discurso\/"},"wordCount":1813,"commentCount":0,"image":{"@id":"https:\/\/portalincluir.com.br\/index.php\/2025\/10\/20\/escola-e-diversidade-o-discurso-da-pratica-e-a-pratica-do-discurso\/#primaryimage"},"thumbnailUrl":"https:\/\/portalincluir.com.br\/wp-content\/uploads\/2025\/10\/JULIO-FURTADO-7-FOTO-DE-Lindsay-Romariz-scaled-e1761014151786.jpg","articleSection":["Opini\u00e3o","Portal"],"inLanguage":"pt-BR","potentialAction":[{"@type":"CommentAction","name":"Comment","target":["https:\/\/portalincluir.com.br\/index.php\/2025\/10\/20\/escola-e-diversidade-o-discurso-da-pratica-e-a-pratica-do-discurso\/#respond"]}]},{"@type":"WebPage","@id":"https:\/\/portalincluir.com.br\/index.php\/2025\/10\/20\/escola-e-diversidade-o-discurso-da-pratica-e-a-pratica-do-discurso\/","url":"https:\/\/portalincluir.com.br\/index.php\/2025\/10\/20\/escola-e-diversidade-o-discurso-da-pratica-e-a-pratica-do-discurso\/","name":"Escola e diversidade: o discurso da pr\u00e1tica e a pr\u00e1tica do discurso - PORTAL INCLUIR","isPartOf":{"@id":"https:\/\/portalincluir.com.br\/#website"},"primaryImageOfPage":{"@id":"https:\/\/portalincluir.com.br\/index.php\/2025\/10\/20\/escola-e-diversidade-o-discurso-da-pratica-e-a-pratica-do-discurso\/#primaryimage"},"image":{"@id":"https:\/\/portalincluir.com.br\/index.php\/2025\/10\/20\/escola-e-diversidade-o-discurso-da-pratica-e-a-pratica-do-discurso\/#primaryimage"},"thumbnailUrl":"https:\/\/portalincluir.com.br\/wp-content\/uploads\/2025\/10\/JULIO-FURTADO-7-FOTO-DE-Lindsay-Romariz-scaled-e1761014151786.jpg","datePublished":"2025-10-21T02:37:03+00:00","dateModified":"2025-10-21T02:41:22+00:00","author":{"@id":"https:\/\/portalincluir.com.br\/#\/schema\/person\/8823664e5902eee555607fb75c4c35ae"},"breadcrumb":{"@id":"https:\/\/portalincluir.com.br\/index.php\/2025\/10\/20\/escola-e-diversidade-o-discurso-da-pratica-e-a-pratica-do-discurso\/#breadcrumb"},"inLanguage":"pt-BR","potentialAction":[{"@type":"ReadAction","target":["https:\/\/portalincluir.com.br\/index.php\/2025\/10\/20\/escola-e-diversidade-o-discurso-da-pratica-e-a-pratica-do-discurso\/"]}]},{"@type":"ImageObject","inLanguage":"pt-BR","@id":"https:\/\/portalincluir.com.br\/index.php\/2025\/10\/20\/escola-e-diversidade-o-discurso-da-pratica-e-a-pratica-do-discurso\/#primaryimage","url":"https:\/\/portalincluir.com.br\/wp-content\/uploads\/2025\/10\/JULIO-FURTADO-7-FOTO-DE-Lindsay-Romariz-scaled-e1761014151786.jpg","contentUrl":"https:\/\/portalincluir.com.br\/wp-content\/uploads\/2025\/10\/JULIO-FURTADO-7-FOTO-DE-Lindsay-Romariz-scaled-e1761014151786.jpg","width":1707,"height":1580},{"@type":"BreadcrumbList","@id":"https:\/\/portalincluir.com.br\/index.php\/2025\/10\/20\/escola-e-diversidade-o-discurso-da-pratica-e-a-pratica-do-discurso\/#breadcrumb","itemListElement":[{"@type":"ListItem","position":1,"name":"In\u00edcio","item":"https:\/\/portalincluir.com.br\/"},{"@type":"ListItem","position":2,"name":"Escola e diversidade: o discurso da pr\u00e1tica e a pr\u00e1tica do discurso"}]},{"@type":"WebSite","@id":"https:\/\/portalincluir.com.br\/#website","url":"https:\/\/portalincluir.com.br\/","name":"PORTAL INCLUIR","description":"","potentialAction":[{"@type":"SearchAction","target":{"@type":"EntryPoint","urlTemplate":"https:\/\/portalincluir.com.br\/?s={search_term_string}"},"query-input":{"@type":"PropertyValueSpecification","valueRequired":true,"valueName":"search_term_string"}}],"inLanguage":"pt-BR"},{"@type":"Person","@id":"https:\/\/portalincluir.com.br\/#\/schema\/person\/8823664e5902eee555607fb75c4c35ae","name":"Portal Incluir","image":{"@type":"ImageObject","inLanguage":"pt-BR","@id":"https:\/\/secure.gravatar.com\/avatar\/12085fe17e70c3550551519fe1f8f51fae69b1748563a47fc3bea53d91fbcbbd?s=96&d=mm&r=g","url":"https:\/\/secure.gravatar.com\/avatar\/12085fe17e70c3550551519fe1f8f51fae69b1748563a47fc3bea53d91fbcbbd?s=96&d=mm&r=g","contentUrl":"https:\/\/secure.gravatar.com\/avatar\/12085fe17e70c3550551519fe1f8f51fae69b1748563a47fc3bea53d91fbcbbd?s=96&d=mm&r=g","caption":"Portal Incluir"},"sameAs":["http:\/\/portalincluir.com.br"],"url":"https:\/\/portalincluir.com.br\/index.php\/author\/portalincluir-com-br\/"}]}},"_links":{"self":[{"href":"https:\/\/portalincluir.com.br\/index.php\/wp-json\/wp\/v2\/posts\/637","targetHints":{"allow":["GET"]}}],"collection":[{"href":"https:\/\/portalincluir.com.br\/index.php\/wp-json\/wp\/v2\/posts"}],"about":[{"href":"https:\/\/portalincluir.com.br\/index.php\/wp-json\/wp\/v2\/types\/post"}],"author":[{"embeddable":true,"href":"https:\/\/portalincluir.com.br\/index.php\/wp-json\/wp\/v2\/users\/1"}],"replies":[{"embeddable":true,"href":"https:\/\/portalincluir.com.br\/index.php\/wp-json\/wp\/v2\/comments?post=637"}],"version-history":[{"count":6,"href":"https:\/\/portalincluir.com.br\/index.php\/wp-json\/wp\/v2\/posts\/637\/revisions"}],"predecessor-version":[{"id":644,"href":"https:\/\/portalincluir.com.br\/index.php\/wp-json\/wp\/v2\/posts\/637\/revisions\/644"}],"wp:featuredmedia":[{"embeddable":true,"href":"https:\/\/portalincluir.com.br\/index.php\/wp-json\/wp\/v2\/media\/638"}],"wp:attachment":[{"href":"https:\/\/portalincluir.com.br\/index.php\/wp-json\/wp\/v2\/media?parent=637"}],"wp:term":[{"taxonomy":"category","embeddable":true,"href":"https:\/\/portalincluir.com.br\/index.php\/wp-json\/wp\/v2\/categories?post=637"},{"taxonomy":"post_tag","embeddable":true,"href":"https:\/\/portalincluir.com.br\/index.php\/wp-json\/wp\/v2\/tags?post=637"}],"curies":[{"name":"wp","href":"https:\/\/api.w.org\/{rel}","templated":true}]}}