{"id":645,"date":"2025-10-20T23:51:25","date_gmt":"2025-10-21T02:51:25","guid":{"rendered":"https:\/\/portalincluir.com.br\/?p=645"},"modified":"2025-10-20T23:58:07","modified_gmt":"2025-10-21T02:58:07","slug":"um-dia-os-educadores-estarao-de-fato-preparados-para-trabalhar-com-deficiencias","status":"publish","type":"post","link":"https:\/\/portalincluir.com.br\/index.php\/2025\/10\/20\/um-dia-os-educadores-estarao-de-fato-preparados-para-trabalhar-com-deficiencias\/","title":{"rendered":"Um\u00a0dia\u00a0os\u00a0educadores\u00a0estar\u00e3o,\u00a0    de\u00a0fato, preparados\u00a0 para\u00a0trabalhar\u00a0com\u00a0defici\u00ean\u00e7as?"},"content":{"rendered":"\n<p><\/p>\n\n\n\n<p>A escola se espantou com o volume de alunos autistas que agora adentram port\u00f5es escolares. Se de um lado h\u00e1 muito a se comemorar pela chegada dos autistas nas escolas, por outro h\u00e1 que se preocupar com o elevado \u00edndice de professores que se recusam a trabalham com eles, usando sempre o mesmo argumento: eu n\u00e3o estou<br>preparado para trabalhar com isso.<br>N\u00f3s, educadores, precisamos fazer uma reflex\u00e3o: um dia estaremos, de fato, preparados para trabalhar com defici\u00eancias? A pergunta \u00e9 a principal a ser feita porque \u00e9 dela que depende o processo de inclus\u00e3o nas escolas.<br>Nenhum educador ir\u00e1 compor saberes capazes de lidar com o manejo di\u00e1rio das defici\u00eancias. Fica imposs\u00edvel entrar no mundo do autista se a condi\u00e7\u00e3o \u00e9 entender tudo.<br>Mas o autismo \u00e9 s\u00f3 um dos casos para a escola lidar. Ainda h\u00e1 outros, como os de altas habilidades, os surdocegos e os outros 45 milh\u00f5es de brasileiros que possuem alguma defici\u00eancia. N\u00e3o tem e n\u00e3o teremos jamais condi\u00e7\u00f5es de lidar com isso justamente porque a defici\u00eancia exige olhares m\u00faltiplos: dos m\u00e9dicos, dos terapeutas, dos religiosos, dos educadores, das fam\u00edlias e do mundo do trabalho.<br>\u00c9 aqui que reside o erro. Estamos olhando sozinhos, n\u00f3s, escola, para inclus\u00e3o e isso n\u00e3o est\u00e1 e n\u00e3o funcionar\u00e1 jamais. A escola \u00e9 s\u00f3 parte do processo de inclus\u00e3o. As outras organiza\u00e7\u00f5es sociais tamb\u00e9m precisam participar da vida inclusiva. Aqui devemos pensar se as outras institui\u00e7\u00f5es n\u00e3o est\u00e3o participando porque n\u00e3o querem ou se a escola tomou pra si essa quest\u00e3o e nada de espa\u00e7o sobrou aos demais.<br>Se n\u00e3o trabalharmos essa divis\u00e3o, essa partilha o processo de inclus\u00e3o corre risco definitivo de desaparecer. Educadores falham tamb\u00e9m. Mas falhamos sozinhos. Sem a fam\u00edlia, sem a sa\u00fade, sem a assist\u00eancia social, sem as demais possibilidades sociais. A inclus\u00e3o depende de vozes e essas est\u00e3o por a\u00ed. Essas precisam chegar at\u00e9 as escolas.<br>Temos que aprender o que\u00a0\u00a0podemos fazer para melhorar o nosso olhar compassivo, nosso senso de miseric\u00f3rdia e nosso julgamento que s\u00f3 nos permite olhar para o certo, o perfeito e o irretoc\u00e1vel \u2013 todos que n\u00e3o podemos ser, inclusive n\u00f3s, os t\u00edpicos. Crian\u00e7as e jovens at\u00edpicos precisam ser visto onde est\u00e3o. Precisam ser ouvidos de onde falam, e esse empoderamento \u00e9 o in\u00edcio de uma inclus\u00e3o que clama por acontecer.<br>Os deficientes s\u00e3o capazes, mas podem no tempo deles \u00e0 maneira deles, n\u00e3o no tempo da expectativa de quem com eles se relacionam. A escola tem bimestre, trimestre, prova, ano letivo, hora de aula e conte\u00fados planejados, ou seja, exatamente o contr\u00e1rio daquilo que\u00a0\u00a0meninos e meninas deficientes precisam. Sem essa compreens\u00e3o n\u00e3o temos futuro para essas crian\u00e7as. Arrisco a dizer que nem para as t\u00edpicas.<br>E importante enfatizar que a inclus\u00e3o escolar n\u00e3o depende s\u00f3 da escola, mas \u00e9 fundamental que haja uma boa parceria. Levar o autista diariamente, ou quase isso, para processo terap\u00eautico n\u00e3o \u00e9 uma boa op\u00e7\u00e3o. O olhar multidisciplinar \u00e9 muito importante, mas at\u00e9 um certo ponto.\u00a0A maior terapia \u00e9 a terapia familiar: o v\u00ednculo que o autista precisa construir com seus pais, irm\u00e3os e outros membros da fam\u00edlia.<\/p>\n\n\n\n<p><\/p>\n\n\n\n<figure class=\"wp-block-image alignleft size-large is-resized\"><img loading=\"lazy\" decoding=\"async\" width=\"1024\" height=\"1024\" src=\"https:\/\/portalincluir.com.br\/wp-content\/uploads\/2025\/10\/Geraldo-Pecanha-de-Almeida-3-Credito-Vivian-Bentes-1024x1024.jpg\" alt=\"\" class=\"wp-image-647\" style=\"width:72px;height:auto\" srcset=\"https:\/\/portalincluir.com.br\/wp-content\/uploads\/2025\/10\/Geraldo-Pecanha-de-Almeida-3-Credito-Vivian-Bentes-1024x1024.jpg 1024w, https:\/\/portalincluir.com.br\/wp-content\/uploads\/2025\/10\/Geraldo-Pecanha-de-Almeida-3-Credito-Vivian-Bentes-300x300.jpg 300w, https:\/\/portalincluir.com.br\/wp-content\/uploads\/2025\/10\/Geraldo-Pecanha-de-Almeida-3-Credito-Vivian-Bentes-150x150.jpg 150w, https:\/\/portalincluir.com.br\/wp-content\/uploads\/2025\/10\/Geraldo-Pecanha-de-Almeida-3-Credito-Vivian-Bentes-768x768.jpg 768w, https:\/\/portalincluir.com.br\/wp-content\/uploads\/2025\/10\/Geraldo-Pecanha-de-Almeida-3-Credito-Vivian-Bentes.jpg 1080w\" sizes=\"auto, (max-width: 1024px) 100vw, 1024px\" \/><\/figure>\n\n\n\n<p><strong>Geraldo Pe\u00e7anha de Almeida, <\/strong>Especialista em Educa\u00e7\u00e3o Infantil, p\u00f3s-graduado em TEA, pedagogo e psicanalista. Autor de livros sobre inclus\u00e3o, infantis, para educadores e para pais.<\/p>\n\n\n\n<p><\/p>\n","protected":false},"excerpt":{"rendered":"<p>A escola se espantou com o volume de alunos autistas que agora adentram port\u00f5es escolares.<\/p>\n","protected":false},"author":1,"featured_media":646,"comment_status":"open","ping_status":"open","sticky":false,"template":"","format":"standard","meta":{"om_disable_all_campaigns":false,"_monsterinsights_skip_tracking":false,"_monsterinsights_sitenote_active":false,"_monsterinsights_sitenote_note":"","_monsterinsights_sitenote_category":0,"_uf_show_specific_survey":0,"_uf_disable_surveys":false,"footnotes":""},"categories":[6,1],"tags":[],"class_list":["post-645","post","type-post","status-publish","format-standard","has-post-thumbnail","hentry","category-autismo","category-portal"],"yoast_head":"<!-- This site is optimized with the Yoast SEO plugin v27.4 - https:\/\/yoast.com\/product\/yoast-seo-wordpress\/ -->\n<title>Um\u00a0dia\u00a0os\u00a0educadores\u00a0estar\u00e3o,\u00a0  de\u00a0fato, preparados\u00a0 para\u00a0trabalhar\u00a0com\u00a0defici\u00ean\u00e7as? - PORTAL INCLUIR<\/title>\n<meta name=\"robots\" content=\"index, follow, max-snippet:-1, max-image-preview:large, max-video-preview:-1\" \/>\n<link rel=\"canonical\" href=\"https:\/\/portalincluir.com.br\/index.php\/2025\/10\/20\/um-dia-os-educadores-estarao-de-fato-preparados-para-trabalhar-com-deficiencias\/\" \/>\n<meta property=\"og:locale\" content=\"pt_BR\" \/>\n<meta property=\"og:type\" content=\"article\" \/>\n<meta property=\"og:title\" content=\"Um\u00a0dia\u00a0os\u00a0educadores\u00a0estar\u00e3o,\u00a0  de\u00a0fato, preparados\u00a0 para\u00a0trabalhar\u00a0com\u00a0defici\u00ean\u00e7as? - PORTAL INCLUIR\" \/>\n<meta property=\"og:description\" content=\"A escola se espantou com o volume de alunos autistas que agora adentram port\u00f5es escolares.\" \/>\n<meta property=\"og:url\" content=\"https:\/\/portalincluir.com.br\/index.php\/2025\/10\/20\/um-dia-os-educadores-estarao-de-fato-preparados-para-trabalhar-com-deficiencias\/\" \/>\n<meta property=\"og:site_name\" content=\"PORTAL INCLUIR\" \/>\n<meta property=\"article:published_time\" content=\"2025-10-21T02:51:25+00:00\" \/>\n<meta property=\"article:modified_time\" content=\"2025-10-21T02:58:07+00:00\" \/>\n<meta property=\"og:image\" content=\"https:\/\/portalincluir.com.br\/wp-content\/uploads\/2025\/10\/Geraldo-Pecanha-de-Almeida-melhor-3-Credito-Vivian-Bentes-scaled.jpg\" \/>\n\t<meta property=\"og:image:width\" content=\"2560\" \/>\n\t<meta property=\"og:image:height\" content=\"1803\" \/>\n\t<meta property=\"og:image:type\" content=\"image\/jpeg\" \/>\n<meta name=\"author\" content=\"Portal Incluir\" \/>\n<meta name=\"twitter:card\" content=\"summary_large_image\" \/>\n<meta name=\"twitter:label1\" content=\"Escrito por\" \/>\n\t<meta name=\"twitter:data1\" content=\"Portal Incluir\" \/>\n\t<meta name=\"twitter:label2\" content=\"Est. tempo de leitura\" \/>\n\t<meta name=\"twitter:data2\" content=\"3 minutos\" \/>\n<script type=\"application\/ld+json\" class=\"yoast-schema-graph\">{\"@context\":\"https:\\\/\\\/schema.org\",\"@graph\":[{\"@type\":[\"Article\",\"BlogPosting\"],\"@id\":\"https:\\\/\\\/portalincluir.com.br\\\/index.php\\\/2025\\\/10\\\/20\\\/um-dia-os-educadores-estarao-de-fato-preparados-para-trabalhar-com-deficiencias\\\/#article\",\"isPartOf\":{\"@id\":\"https:\\\/\\\/portalincluir.com.br\\\/index.php\\\/2025\\\/10\\\/20\\\/um-dia-os-educadores-estarao-de-fato-preparados-para-trabalhar-com-deficiencias\\\/\"},\"author\":{\"name\":\"Portal Incluir\",\"@id\":\"https:\\\/\\\/portalincluir.com.br\\\/#\\\/schema\\\/person\\\/8823664e5902eee555607fb75c4c35ae\"},\"headline\":\"Um\u00a0dia\u00a0os\u00a0educadores\u00a0estar\u00e3o,\u00a0 de\u00a0fato, preparados\u00a0 para\u00a0trabalhar\u00a0com\u00a0defici\u00ean\u00e7as?\",\"datePublished\":\"2025-10-21T02:51:25+00:00\",\"dateModified\":\"2025-10-21T02:58:07+00:00\",\"mainEntityOfPage\":{\"@id\":\"https:\\\/\\\/portalincluir.com.br\\\/index.php\\\/2025\\\/10\\\/20\\\/um-dia-os-educadores-estarao-de-fato-preparados-para-trabalhar-com-deficiencias\\\/\"},\"wordCount\":614,\"commentCount\":0,\"image\":{\"@id\":\"https:\\\/\\\/portalincluir.com.br\\\/index.php\\\/2025\\\/10\\\/20\\\/um-dia-os-educadores-estarao-de-fato-preparados-para-trabalhar-com-deficiencias\\\/#primaryimage\"},\"thumbnailUrl\":\"https:\\\/\\\/portalincluir.com.br\\\/wp-content\\\/uploads\\\/2025\\\/10\\\/Geraldo-Pecanha-de-Almeida-melhor-3-Credito-Vivian-Bentes-scaled.jpg\",\"articleSection\":[\"Autismo\",\"Portal\"],\"inLanguage\":\"pt-BR\",\"potentialAction\":[{\"@type\":\"CommentAction\",\"name\":\"Comment\",\"target\":[\"https:\\\/\\\/portalincluir.com.br\\\/index.php\\\/2025\\\/10\\\/20\\\/um-dia-os-educadores-estarao-de-fato-preparados-para-trabalhar-com-deficiencias\\\/#respond\"]}]},{\"@type\":\"WebPage\",\"@id\":\"https:\\\/\\\/portalincluir.com.br\\\/index.php\\\/2025\\\/10\\\/20\\\/um-dia-os-educadores-estarao-de-fato-preparados-para-trabalhar-com-deficiencias\\\/\",\"url\":\"https:\\\/\\\/portalincluir.com.br\\\/index.php\\\/2025\\\/10\\\/20\\\/um-dia-os-educadores-estarao-de-fato-preparados-para-trabalhar-com-deficiencias\\\/\",\"name\":\"Um\u00a0dia\u00a0os\u00a0educadores\u00a0estar\u00e3o,\u00a0 de\u00a0fato, preparados\u00a0 para\u00a0trabalhar\u00a0com\u00a0defici\u00ean\u00e7as? - PORTAL INCLUIR\",\"isPartOf\":{\"@id\":\"https:\\\/\\\/portalincluir.com.br\\\/#website\"},\"primaryImageOfPage\":{\"@id\":\"https:\\\/\\\/portalincluir.com.br\\\/index.php\\\/2025\\\/10\\\/20\\\/um-dia-os-educadores-estarao-de-fato-preparados-para-trabalhar-com-deficiencias\\\/#primaryimage\"},\"image\":{\"@id\":\"https:\\\/\\\/portalincluir.com.br\\\/index.php\\\/2025\\\/10\\\/20\\\/um-dia-os-educadores-estarao-de-fato-preparados-para-trabalhar-com-deficiencias\\\/#primaryimage\"},\"thumbnailUrl\":\"https:\\\/\\\/portalincluir.com.br\\\/wp-content\\\/uploads\\\/2025\\\/10\\\/Geraldo-Pecanha-de-Almeida-melhor-3-Credito-Vivian-Bentes-scaled.jpg\",\"datePublished\":\"2025-10-21T02:51:25+00:00\",\"dateModified\":\"2025-10-21T02:58:07+00:00\",\"author\":{\"@id\":\"https:\\\/\\\/portalincluir.com.br\\\/#\\\/schema\\\/person\\\/8823664e5902eee555607fb75c4c35ae\"},\"breadcrumb\":{\"@id\":\"https:\\\/\\\/portalincluir.com.br\\\/index.php\\\/2025\\\/10\\\/20\\\/um-dia-os-educadores-estarao-de-fato-preparados-para-trabalhar-com-deficiencias\\\/#breadcrumb\"},\"inLanguage\":\"pt-BR\",\"potentialAction\":[{\"@type\":\"ReadAction\",\"target\":[\"https:\\\/\\\/portalincluir.com.br\\\/index.php\\\/2025\\\/10\\\/20\\\/um-dia-os-educadores-estarao-de-fato-preparados-para-trabalhar-com-deficiencias\\\/\"]}]},{\"@type\":\"ImageObject\",\"inLanguage\":\"pt-BR\",\"@id\":\"https:\\\/\\\/portalincluir.com.br\\\/index.php\\\/2025\\\/10\\\/20\\\/um-dia-os-educadores-estarao-de-fato-preparados-para-trabalhar-com-deficiencias\\\/#primaryimage\",\"url\":\"https:\\\/\\\/portalincluir.com.br\\\/wp-content\\\/uploads\\\/2025\\\/10\\\/Geraldo-Pecanha-de-Almeida-melhor-3-Credito-Vivian-Bentes-scaled.jpg\",\"contentUrl\":\"https:\\\/\\\/portalincluir.com.br\\\/wp-content\\\/uploads\\\/2025\\\/10\\\/Geraldo-Pecanha-de-Almeida-melhor-3-Credito-Vivian-Bentes-scaled.jpg\",\"width\":2560,\"height\":1803},{\"@type\":\"BreadcrumbList\",\"@id\":\"https:\\\/\\\/portalincluir.com.br\\\/index.php\\\/2025\\\/10\\\/20\\\/um-dia-os-educadores-estarao-de-fato-preparados-para-trabalhar-com-deficiencias\\\/#breadcrumb\",\"itemListElement\":[{\"@type\":\"ListItem\",\"position\":1,\"name\":\"In\u00edcio\",\"item\":\"https:\\\/\\\/portalincluir.com.br\\\/\"},{\"@type\":\"ListItem\",\"position\":2,\"name\":\"Um\u00a0dia\u00a0os\u00a0educadores\u00a0estar\u00e3o,\u00a0 de\u00a0fato, preparados\u00a0 para\u00a0trabalhar\u00a0com\u00a0defici\u00ean\u00e7as?\"}]},{\"@type\":\"WebSite\",\"@id\":\"https:\\\/\\\/portalincluir.com.br\\\/#website\",\"url\":\"https:\\\/\\\/portalincluir.com.br\\\/\",\"name\":\"PORTAL INCLUIR\",\"description\":\"\",\"potentialAction\":[{\"@type\":\"SearchAction\",\"target\":{\"@type\":\"EntryPoint\",\"urlTemplate\":\"https:\\\/\\\/portalincluir.com.br\\\/?s={search_term_string}\"},\"query-input\":{\"@type\":\"PropertyValueSpecification\",\"valueRequired\":true,\"valueName\":\"search_term_string\"}}],\"inLanguage\":\"pt-BR\"},{\"@type\":\"Person\",\"@id\":\"https:\\\/\\\/portalincluir.com.br\\\/#\\\/schema\\\/person\\\/8823664e5902eee555607fb75c4c35ae\",\"name\":\"Portal Incluir\",\"image\":{\"@type\":\"ImageObject\",\"inLanguage\":\"pt-BR\",\"@id\":\"https:\\\/\\\/secure.gravatar.com\\\/avatar\\\/12085fe17e70c3550551519fe1f8f51fae69b1748563a47fc3bea53d91fbcbbd?s=96&d=mm&r=g\",\"url\":\"https:\\\/\\\/secure.gravatar.com\\\/avatar\\\/12085fe17e70c3550551519fe1f8f51fae69b1748563a47fc3bea53d91fbcbbd?s=96&d=mm&r=g\",\"contentUrl\":\"https:\\\/\\\/secure.gravatar.com\\\/avatar\\\/12085fe17e70c3550551519fe1f8f51fae69b1748563a47fc3bea53d91fbcbbd?s=96&d=mm&r=g\",\"caption\":\"Portal Incluir\"},\"sameAs\":[\"http:\\\/\\\/portalincluir.com.br\"],\"url\":\"https:\\\/\\\/portalincluir.com.br\\\/index.php\\\/author\\\/portalincluir-com-br\\\/\"}]}<\/script>\n<!-- \/ Yoast SEO plugin. -->","yoast_head_json":{"title":"Um\u00a0dia\u00a0os\u00a0educadores\u00a0estar\u00e3o,\u00a0  de\u00a0fato, preparados\u00a0 para\u00a0trabalhar\u00a0com\u00a0defici\u00ean\u00e7as? - PORTAL INCLUIR","robots":{"index":"index","follow":"follow","max-snippet":"max-snippet:-1","max-image-preview":"max-image-preview:large","max-video-preview":"max-video-preview:-1"},"canonical":"https:\/\/portalincluir.com.br\/index.php\/2025\/10\/20\/um-dia-os-educadores-estarao-de-fato-preparados-para-trabalhar-com-deficiencias\/","og_locale":"pt_BR","og_type":"article","og_title":"Um\u00a0dia\u00a0os\u00a0educadores\u00a0estar\u00e3o,\u00a0  de\u00a0fato, preparados\u00a0 para\u00a0trabalhar\u00a0com\u00a0defici\u00ean\u00e7as? - PORTAL INCLUIR","og_description":"A escola se espantou com o volume de alunos autistas que agora adentram port\u00f5es escolares.","og_url":"https:\/\/portalincluir.com.br\/index.php\/2025\/10\/20\/um-dia-os-educadores-estarao-de-fato-preparados-para-trabalhar-com-deficiencias\/","og_site_name":"PORTAL INCLUIR","article_published_time":"2025-10-21T02:51:25+00:00","article_modified_time":"2025-10-21T02:58:07+00:00","og_image":[{"width":2560,"height":1803,"url":"https:\/\/portalincluir.com.br\/wp-content\/uploads\/2025\/10\/Geraldo-Pecanha-de-Almeida-melhor-3-Credito-Vivian-Bentes-scaled.jpg","type":"image\/jpeg"}],"author":"Portal Incluir","twitter_card":"summary_large_image","twitter_misc":{"Escrito por":"Portal Incluir","Est. tempo de leitura":"3 minutos"},"schema":{"@context":"https:\/\/schema.org","@graph":[{"@type":["Article","BlogPosting"],"@id":"https:\/\/portalincluir.com.br\/index.php\/2025\/10\/20\/um-dia-os-educadores-estarao-de-fato-preparados-para-trabalhar-com-deficiencias\/#article","isPartOf":{"@id":"https:\/\/portalincluir.com.br\/index.php\/2025\/10\/20\/um-dia-os-educadores-estarao-de-fato-preparados-para-trabalhar-com-deficiencias\/"},"author":{"name":"Portal Incluir","@id":"https:\/\/portalincluir.com.br\/#\/schema\/person\/8823664e5902eee555607fb75c4c35ae"},"headline":"Um\u00a0dia\u00a0os\u00a0educadores\u00a0estar\u00e3o,\u00a0 de\u00a0fato, preparados\u00a0 para\u00a0trabalhar\u00a0com\u00a0defici\u00ean\u00e7as?","datePublished":"2025-10-21T02:51:25+00:00","dateModified":"2025-10-21T02:58:07+00:00","mainEntityOfPage":{"@id":"https:\/\/portalincluir.com.br\/index.php\/2025\/10\/20\/um-dia-os-educadores-estarao-de-fato-preparados-para-trabalhar-com-deficiencias\/"},"wordCount":614,"commentCount":0,"image":{"@id":"https:\/\/portalincluir.com.br\/index.php\/2025\/10\/20\/um-dia-os-educadores-estarao-de-fato-preparados-para-trabalhar-com-deficiencias\/#primaryimage"},"thumbnailUrl":"https:\/\/portalincluir.com.br\/wp-content\/uploads\/2025\/10\/Geraldo-Pecanha-de-Almeida-melhor-3-Credito-Vivian-Bentes-scaled.jpg","articleSection":["Autismo","Portal"],"inLanguage":"pt-BR","potentialAction":[{"@type":"CommentAction","name":"Comment","target":["https:\/\/portalincluir.com.br\/index.php\/2025\/10\/20\/um-dia-os-educadores-estarao-de-fato-preparados-para-trabalhar-com-deficiencias\/#respond"]}]},{"@type":"WebPage","@id":"https:\/\/portalincluir.com.br\/index.php\/2025\/10\/20\/um-dia-os-educadores-estarao-de-fato-preparados-para-trabalhar-com-deficiencias\/","url":"https:\/\/portalincluir.com.br\/index.php\/2025\/10\/20\/um-dia-os-educadores-estarao-de-fato-preparados-para-trabalhar-com-deficiencias\/","name":"Um\u00a0dia\u00a0os\u00a0educadores\u00a0estar\u00e3o,\u00a0 de\u00a0fato, preparados\u00a0 para\u00a0trabalhar\u00a0com\u00a0defici\u00ean\u00e7as? - PORTAL INCLUIR","isPartOf":{"@id":"https:\/\/portalincluir.com.br\/#website"},"primaryImageOfPage":{"@id":"https:\/\/portalincluir.com.br\/index.php\/2025\/10\/20\/um-dia-os-educadores-estarao-de-fato-preparados-para-trabalhar-com-deficiencias\/#primaryimage"},"image":{"@id":"https:\/\/portalincluir.com.br\/index.php\/2025\/10\/20\/um-dia-os-educadores-estarao-de-fato-preparados-para-trabalhar-com-deficiencias\/#primaryimage"},"thumbnailUrl":"https:\/\/portalincluir.com.br\/wp-content\/uploads\/2025\/10\/Geraldo-Pecanha-de-Almeida-melhor-3-Credito-Vivian-Bentes-scaled.jpg","datePublished":"2025-10-21T02:51:25+00:00","dateModified":"2025-10-21T02:58:07+00:00","author":{"@id":"https:\/\/portalincluir.com.br\/#\/schema\/person\/8823664e5902eee555607fb75c4c35ae"},"breadcrumb":{"@id":"https:\/\/portalincluir.com.br\/index.php\/2025\/10\/20\/um-dia-os-educadores-estarao-de-fato-preparados-para-trabalhar-com-deficiencias\/#breadcrumb"},"inLanguage":"pt-BR","potentialAction":[{"@type":"ReadAction","target":["https:\/\/portalincluir.com.br\/index.php\/2025\/10\/20\/um-dia-os-educadores-estarao-de-fato-preparados-para-trabalhar-com-deficiencias\/"]}]},{"@type":"ImageObject","inLanguage":"pt-BR","@id":"https:\/\/portalincluir.com.br\/index.php\/2025\/10\/20\/um-dia-os-educadores-estarao-de-fato-preparados-para-trabalhar-com-deficiencias\/#primaryimage","url":"https:\/\/portalincluir.com.br\/wp-content\/uploads\/2025\/10\/Geraldo-Pecanha-de-Almeida-melhor-3-Credito-Vivian-Bentes-scaled.jpg","contentUrl":"https:\/\/portalincluir.com.br\/wp-content\/uploads\/2025\/10\/Geraldo-Pecanha-de-Almeida-melhor-3-Credito-Vivian-Bentes-scaled.jpg","width":2560,"height":1803},{"@type":"BreadcrumbList","@id":"https:\/\/portalincluir.com.br\/index.php\/2025\/10\/20\/um-dia-os-educadores-estarao-de-fato-preparados-para-trabalhar-com-deficiencias\/#breadcrumb","itemListElement":[{"@type":"ListItem","position":1,"name":"In\u00edcio","item":"https:\/\/portalincluir.com.br\/"},{"@type":"ListItem","position":2,"name":"Um\u00a0dia\u00a0os\u00a0educadores\u00a0estar\u00e3o,\u00a0 de\u00a0fato, preparados\u00a0 para\u00a0trabalhar\u00a0com\u00a0defici\u00ean\u00e7as?"}]},{"@type":"WebSite","@id":"https:\/\/portalincluir.com.br\/#website","url":"https:\/\/portalincluir.com.br\/","name":"PORTAL INCLUIR","description":"","potentialAction":[{"@type":"SearchAction","target":{"@type":"EntryPoint","urlTemplate":"https:\/\/portalincluir.com.br\/?s={search_term_string}"},"query-input":{"@type":"PropertyValueSpecification","valueRequired":true,"valueName":"search_term_string"}}],"inLanguage":"pt-BR"},{"@type":"Person","@id":"https:\/\/portalincluir.com.br\/#\/schema\/person\/8823664e5902eee555607fb75c4c35ae","name":"Portal Incluir","image":{"@type":"ImageObject","inLanguage":"pt-BR","@id":"https:\/\/secure.gravatar.com\/avatar\/12085fe17e70c3550551519fe1f8f51fae69b1748563a47fc3bea53d91fbcbbd?s=96&d=mm&r=g","url":"https:\/\/secure.gravatar.com\/avatar\/12085fe17e70c3550551519fe1f8f51fae69b1748563a47fc3bea53d91fbcbbd?s=96&d=mm&r=g","contentUrl":"https:\/\/secure.gravatar.com\/avatar\/12085fe17e70c3550551519fe1f8f51fae69b1748563a47fc3bea53d91fbcbbd?s=96&d=mm&r=g","caption":"Portal Incluir"},"sameAs":["http:\/\/portalincluir.com.br"],"url":"https:\/\/portalincluir.com.br\/index.php\/author\/portalincluir-com-br\/"}]}},"_links":{"self":[{"href":"https:\/\/portalincluir.com.br\/index.php\/wp-json\/wp\/v2\/posts\/645","targetHints":{"allow":["GET"]}}],"collection":[{"href":"https:\/\/portalincluir.com.br\/index.php\/wp-json\/wp\/v2\/posts"}],"about":[{"href":"https:\/\/portalincluir.com.br\/index.php\/wp-json\/wp\/v2\/types\/post"}],"author":[{"embeddable":true,"href":"https:\/\/portalincluir.com.br\/index.php\/wp-json\/wp\/v2\/users\/1"}],"replies":[{"embeddable":true,"href":"https:\/\/portalincluir.com.br\/index.php\/wp-json\/wp\/v2\/comments?post=645"}],"version-history":[{"count":5,"href":"https:\/\/portalincluir.com.br\/index.php\/wp-json\/wp\/v2\/posts\/645\/revisions"}],"predecessor-version":[{"id":655,"href":"https:\/\/portalincluir.com.br\/index.php\/wp-json\/wp\/v2\/posts\/645\/revisions\/655"}],"wp:featuredmedia":[{"embeddable":true,"href":"https:\/\/portalincluir.com.br\/index.php\/wp-json\/wp\/v2\/media\/646"}],"wp:attachment":[{"href":"https:\/\/portalincluir.com.br\/index.php\/wp-json\/wp\/v2\/media?parent=645"}],"wp:term":[{"taxonomy":"category","embeddable":true,"href":"https:\/\/portalincluir.com.br\/index.php\/wp-json\/wp\/v2\/categories?post=645"},{"taxonomy":"post_tag","embeddable":true,"href":"https:\/\/portalincluir.com.br\/index.php\/wp-json\/wp\/v2\/tags?post=645"}],"curies":[{"name":"wp","href":"https:\/\/api.w.org\/{rel}","templated":true}]}}