{"id":659,"date":"2025-10-21T17:31:25","date_gmt":"2025-10-21T20:31:25","guid":{"rendered":"https:\/\/portalincluir.com.br\/?p=659"},"modified":"2025-10-21T20:19:56","modified_gmt":"2025-10-21T23:19:56","slug":"discriminacao-racial-a-educacao-como-transformacao-social","status":"publish","type":"post","link":"https:\/\/portalincluir.com.br\/index.php\/2025\/10\/21\/discriminacao-racial-a-educacao-como-transformacao-social\/","title":{"rendered":"Discrimina\u00e7\u00e3o Racial: a educa\u00e7\u00e3o como transforma\u00e7\u00e3o social"},"content":{"rendered":"\n<h3 class=\"wp-block-heading\">Reconstruindo valores e verdades sobre o outro<\/h3>\n\n\n\n<p>Nas considera\u00e7\u00f5es de Paulo Freire, um sem-n\u00famero de educadores sabe que a educa\u00e7\u00e3o n\u00e3o \u00e9 a chave das transforma\u00e7\u00f5es do mundo, mas sabemos tamb\u00e9m que as mudan\u00e7as do mundo s\u00e3o um quefazer educativo em si mesmas. Sabemos que a educa\u00e7\u00e3o n\u00e3o pode tudo, mas pode alguma coisa. Cabe a n\u00f3s p\u00f4r sua for\u00e7a a servi\u00e7o de nossos sonhos.<\/p>\n\n\n\n<p>Faz-se necess\u00e1rio compreender a educa\u00e7\u00e3o como transforma\u00e7\u00e3o social, oportunizar aosnossos alunos desde a educa\u00e7\u00e3o infantil serem sujeitos construtores da pr\u00f3pria hist\u00f3ria, a &nbsp;escola deve educar para a vida desde bem cedo, da\u00ed a import\u00e2ncia de se trabalhar na escola quest\u00f5es, como: a discrimina\u00e7\u00e3o racial e a diversidade cultural; oportunizando aos alunos a quebra de paradigmas desde cedo, reconstruindo valores e verdades a respeito do outro, respeitando as diferen\u00e7as sociais, culturais e raciais no seu cotidiano.<\/p>\n\n\n\n<p>\u00c9 imprescind\u00edvel, a escola atual, trabalhar de maneira eficaz a matriz africana no seu curr\u00edculo. Pois a Hist\u00f3ria africana, sua forma\u00e7\u00e3o e delineamento da identidade cultural afrobrasileira, \u00e9 de suma import\u00e2ncia no cen\u00e1rio educacional, pois ser\u00e1 interpretando e recriando as pr\u00e1ticas de outras culturas, que os alunos ir\u00e3o ter possibilidades de conhecer e assim respeitar o outro.<\/p>\n\n\n\n<p>Herdeiros de uma escola que sempre privilegiou, em grande parte de sua trajet\u00f3ria, conte\u00fados euroc\u00eantricos, vivemos hoje a urg\u00eancia de rever conte\u00fados e temas formativos em nossos bancos escolares. Dessa maneira, conhecer e refletir sobre os costumes e tradi\u00e7\u00f5es, as pr\u00e1ticas e as representa\u00e7\u00f5es culturais, a mitologia e a religi\u00e3o, a linguagem e as escritas, a resist\u00eancia e as lutas, a mem\u00f3ria e a hist\u00f3ria do povo africano; assim ensinar, aprender, refletir e debater sobre as \u2018identidades\u2019 \u00e9 um exerc\u00edcio fundamental para o combate \u00e0 intoler\u00e2ncia, \u00e0 discrimina\u00e7\u00e3o, \u00e0 xenofobia, ao racismo.<\/p>\n\n\n\n<p>Importante Saber<\/p>\n\n\n\n<p>A Lei 11.645\/2008 estabelece as diretrizes e bases da educa\u00e7\u00e3o nacional, para incluir no curr\u00edculo oficial da rede de ensino a obrigatoriedade da tem\u00e1tica \u201cHist\u00f3ria e cultura afro-brasileira e ind\u00edgena\u201d. Isso implica a necessidade de abordar a tem\u00e1tica em quest\u00e3o no ensino de todas as disciplinas do curr\u00edculo da educa\u00e7\u00e3o b\u00e1sica, que inclui o ensino fundamental e m\u00e9dio. Consequentemente, essa tem\u00e1tica aparece tamb\u00e9m no livro did\u00e1tico, uma vez que ele \u00e9 um dos instrumentos mais utilizados pelos professores e alunos nos processos de ensino e aprendizagem.<\/p>\n\n\n\n<p><strong><u>Atividades para a Educa\u00e7\u00e3o Infantil<\/u><\/strong><\/p>\n\n\n\n<p>Primeira Atividade<\/p>\n\n\n\n<p>Tema:Como sou bonita!<\/p>\n\n\n\n<p>Faixa Et\u00e1ria: Educa\u00e7\u00e3o Infantil, 2 anos a 5 anos<\/p>\n\n\n\n<p>Objetivo: Compreender a diversidade cultural do povo afrobrasileiro, atrav\u00e9s da leitura do livro de Ana Maria Machado: Menina Bonita do La\u00e7o de Fita, para assim conhecer e respeitar o outro. Uma importante estrat\u00e9gia para o combate ao racismo e para a supera\u00e7\u00e3o de antigas representa\u00e7\u00f5es sobre a presen\u00e7a negra na sociedade brasileira.<\/p>\n\n\n\n<p>Disciplinas com as quais interage: Literatura Infantil, Artes, Hist\u00f3ria, L\u00edngua Portuguesa.<\/p>\n\n\n\n<p>Tempo: 4 aulas, com dura\u00e7\u00e3o cada uma de 50 minutos.<\/p>\n\n\n\n<p>Metodologias:<\/p>\n\n\n\n<p>Primeiro Passo \u2013 Apresentar o livro para os alunos, suas ilustra\u00e7\u00f5es. Fazer a leitura da est\u00f3ria, de prefer\u00eancia, utilizando fantoches.<\/p>\n\n\n\n<p>Segundo Passo -Pedir aos alunos que fa\u00e7am a conta\u00e7\u00e3o da est\u00f3ria, utilizando os fantoches, deixando-os recriar a est\u00f3ria de acordo com seu ponto de vista.<\/p>\n\n\n\n<p>Terceiro Passo \u2013atividade com tintas guache, massinhas, cartolinas, fitas, tecidos, material recicl\u00e1vel; oportunizando aos alunos utilizarem estes materiais na elabora\u00e7\u00e3o de materiais diversos que expressem a est\u00f3ria contada, os personagens, cen\u00e1rios, etc.<\/p>\n\n\n\n<p>Quarto Passo \u2013Exposi\u00e7\u00e3o na sala de aula ou no p\u00e1tio da escola, dos materiais confeccionados pelos alunos.<\/p>\n\n\n\n<p>Segunda Atividade<\/p>\n\n\n\n<p>Tema: Piquenique Cultural<\/p>\n\n\n\n<p>Faixa Et\u00e1ria: Educa\u00e7\u00e3o Infantil, 2 anos a 5 anos<\/p>\n\n\n\n<p>Objetivo: Compreender a diversidade cultural do povo afrobrasileiro, atrav\u00e9s da exposi\u00e7\u00e3o de diversos alimentos, brincadeiras e m\u00fasicas da cultura afrobrasileira. Uma importante estrat\u00e9gia para o combate ao racismo e para a supera\u00e7\u00e3o de antigas representa\u00e7\u00f5es sobre a presen\u00e7a negra na sociedade brasileira, conhecer para respeitar. Aprender as regras e a din\u00e2mica dos jogos e brincadeiras africanas, reconhecendo a cultura e as particularidades da cultura afro brasileira.<\/p>\n\n\n\n<p>Disciplinas com as quais interage: Literatura Infantil, Artes, Hist\u00f3ria, L\u00edngua Portuguesa, Educa\u00e7\u00e3o F\u00edsica.<\/p>\n\n\n\n<p>Tempo: 3 aulas, com dura\u00e7\u00e3o cada uma de 50 minutos.<\/p>\n\n\n\n<p>Metodologias:<\/p>\n\n\n\n<p>Primeiro Passo \u2013 organizar um piquenique com os alunos, podendo tamb\u00e9m convidar a fam\u00edlia; poder\u00e1 ser no p\u00e1tio da escola ou em um parque da cidade. Como a escola preferir.<\/p>\n\n\n\n<p>Segundo Passo -Organizar dias antes do evento, uma lista com os alimentos que ser\u00e3o levados para o piquenique. Esses alimentos da culin\u00e1ria africana ou afro brasileira, poder\u00e3o ser levados pelos alunos ou pela escola.<\/p>\n\n\n\n<p>Terceiro Passo \u2013 Escolher m\u00fasicas e brincadeiras afro-brasileiras para apresentar no dia do piquenique, com a ajuda de professores das diversas \u00e1reas que interagem, como: Literatura Infantil, Artes, Hist\u00f3ria, L\u00edngua Portuguesa, Educa\u00e7\u00e3o F\u00edsica.<\/p>\n\n\n\n<p>Exemplo de uma brincadeira:Amarelinha africana<\/p>\n\n\n\n<p>Os participantes fazem o desenho da amarelinha, como indicado ao lado. Um dos diferenciais dessa amarelinha \u00e9 que duas crian\u00e7as pulam ao mesmo tempo.<\/p>\n\n\n\n<p>Cada participante come\u00e7a a brincadeira de um lado do gr\u00e1fico, com cada p\u00e9 em um quadrado. Eles devem pular para os quadrados \u00e0 direita ao mesmo tempo.<\/p>\n\n\n\n<p>Depois de pular para os dois quadrados ao lado eles voltam para o lugar onde come\u00e7aram o jogo. A\u00ed saltam para os quadrados em frente, pulam para os que est\u00e3o ao lado e retornam. Em seguida, voltam para os quadrados de tr\u00e1s e pulam de novo para os quadrados ao lado.<\/p>\n\n\n\n<p>Dali, eles pulam para a terceira linha de quadrados e repetem os movimentos, at\u00e9 que um fique de costas para o outro. Quando isso acontece, eles pulam de novo para o quadrado ao lado e voltam. Depois pulam para a \u00faltima linha e repetem o movimento.<\/p>\n\n\n\n<p>Dar meia volta, deixando o p\u00e9 direito no quadrado em que est\u00e1 e colocando o p\u00e9 esquerdo no quadrado de tr\u00e1s e recome\u00e7ar o jogo trocando os lados do quadrado principal, at\u00e9 que um dos jogadores erre a sequ\u00eancia ou pise na linha.<\/p>\n\n\n\n<p>Quarto Passo &#8211; Dia do piquenique, arrumar todo o cen\u00e1rio com os alimentos, caixa desom com as m\u00fasicas escolhidas, durante o piquenique os professores explicarem sobre a diversidade cultural brasileira, as caracter\u00edsticas da culin\u00e1ria, das m\u00fasicas e brincadeiras afro brasileiras.<\/p>\n\n\n\n<p>Quinto Passo &#8211; Registrar com fotos e v\u00eddeos, para posteriormente fazer uma exposi\u00e7\u00e3o na escola com esse material.<\/p>\n\n\n\n<figure class=\"wp-block-image alignleft size-full is-resized\"><img loading=\"lazy\" decoding=\"async\" width=\"720\" height=\"567\" src=\"https:\/\/portalincluir.com.br\/wp-content\/uploads\/2025\/10\/Imagem-do-WhatsApp-de-2025-10-21-as-20.03.01_fc5bb472-e1761088693166.jpg\" alt=\"\" class=\"wp-image-666\" style=\"width:101px;height:auto\" srcset=\"https:\/\/portalincluir.com.br\/wp-content\/uploads\/2025\/10\/Imagem-do-WhatsApp-de-2025-10-21-as-20.03.01_fc5bb472-e1761088693166.jpg 720w, https:\/\/portalincluir.com.br\/wp-content\/uploads\/2025\/10\/Imagem-do-WhatsApp-de-2025-10-21-as-20.03.01_fc5bb472-e1761088693166-300x236.jpg 300w\" sizes=\"auto, (max-width: 720px) 100vw, 720px\" \/><\/figure>\n\n\n\n<p><strong>Simone Viana. <\/strong>Mestre em Pol\u00edticas Sociais, graduada em Pedagogia e Hist\u00f3ria. Professora e coordenadora do curso de Pedagogia da Universidade Est\u00e1cio de S\u00e1 e professora e coordenadora&nbsp;da&nbsp;SEEDUC<\/p>\n\n\n\n<p><\/p>\n","protected":false},"excerpt":{"rendered":"<p>Reconstruindo valores e verdades sobre o outro Nas considera\u00e7\u00f5es de Paulo Freire, um sem-n\u00famero de<\/p>\n","protected":false},"author":1,"featured_media":666,"comment_status":"open","ping_status":"open","sticky":false,"template":"","format":"standard","meta":{"om_disable_all_campaigns":false,"_monsterinsights_skip_tracking":false,"_monsterinsights_sitenote_active":false,"_monsterinsights_sitenote_note":"","_monsterinsights_sitenote_category":0,"_uf_show_specific_survey":0,"_uf_disable_surveys":false,"footnotes":""},"categories":[9,21],"tags":[],"class_list":["post-659","post","type-post","status-publish","format-standard","has-post-thumbnail","hentry","category-noticias","category-opiniao"],"yoast_head":"<!-- This site is optimized with the Yoast SEO plugin v27.4 - https:\/\/yoast.com\/product\/yoast-seo-wordpress\/ -->\n<title>Discrimina\u00e7\u00e3o Racial: a educa\u00e7\u00e3o como transforma\u00e7\u00e3o social - PORTAL INCLUIR<\/title>\n<meta name=\"robots\" content=\"index, follow, max-snippet:-1, max-image-preview:large, max-video-preview:-1\" \/>\n<link rel=\"canonical\" href=\"https:\/\/portalincluir.com.br\/index.php\/2025\/10\/21\/discriminacao-racial-a-educacao-como-transformacao-social\/\" \/>\n<meta property=\"og:locale\" content=\"pt_BR\" \/>\n<meta property=\"og:type\" content=\"article\" \/>\n<meta property=\"og:title\" content=\"Discrimina\u00e7\u00e3o Racial: a educa\u00e7\u00e3o como transforma\u00e7\u00e3o social - PORTAL INCLUIR\" \/>\n<meta property=\"og:description\" content=\"Reconstruindo valores e verdades sobre o outro Nas considera\u00e7\u00f5es de Paulo Freire, um sem-n\u00famero de\" \/>\n<meta property=\"og:url\" content=\"https:\/\/portalincluir.com.br\/index.php\/2025\/10\/21\/discriminacao-racial-a-educacao-como-transformacao-social\/\" \/>\n<meta property=\"og:site_name\" content=\"PORTAL INCLUIR\" \/>\n<meta property=\"article:published_time\" content=\"2025-10-21T20:31:25+00:00\" \/>\n<meta property=\"article:modified_time\" content=\"2025-10-21T23:19:56+00:00\" \/>\n<meta property=\"og:image\" content=\"https:\/\/portalincluir.com.br\/wp-content\/uploads\/2025\/10\/Imagem-do-WhatsApp-de-2025-10-21-as-20.03.01_fc5bb472-e1761088693166.jpg\" \/>\n\t<meta property=\"og:image:width\" content=\"720\" \/>\n\t<meta property=\"og:image:height\" content=\"567\" \/>\n\t<meta property=\"og:image:type\" content=\"image\/jpeg\" \/>\n<meta name=\"author\" content=\"Portal Incluir\" \/>\n<meta name=\"twitter:card\" content=\"summary_large_image\" \/>\n<meta name=\"twitter:label1\" content=\"Escrito por\" \/>\n\t<meta name=\"twitter:data1\" content=\"Portal Incluir\" \/>\n\t<meta name=\"twitter:label2\" content=\"Est. tempo de leitura\" \/>\n\t<meta name=\"twitter:data2\" content=\"6 minutos\" \/>\n<script type=\"application\/ld+json\" class=\"yoast-schema-graph\">{\"@context\":\"https:\\\/\\\/schema.org\",\"@graph\":[{\"@type\":[\"Article\",\"BlogPosting\"],\"@id\":\"https:\\\/\\\/portalincluir.com.br\\\/index.php\\\/2025\\\/10\\\/21\\\/discriminacao-racial-a-educacao-como-transformacao-social\\\/#article\",\"isPartOf\":{\"@id\":\"https:\\\/\\\/portalincluir.com.br\\\/index.php\\\/2025\\\/10\\\/21\\\/discriminacao-racial-a-educacao-como-transformacao-social\\\/\"},\"author\":{\"name\":\"Portal Incluir\",\"@id\":\"https:\\\/\\\/portalincluir.com.br\\\/#\\\/schema\\\/person\\\/8823664e5902eee555607fb75c4c35ae\"},\"headline\":\"Discrimina\u00e7\u00e3o Racial: a educa\u00e7\u00e3o como transforma\u00e7\u00e3o social\",\"datePublished\":\"2025-10-21T20:31:25+00:00\",\"dateModified\":\"2025-10-21T23:19:56+00:00\",\"mainEntityOfPage\":{\"@id\":\"https:\\\/\\\/portalincluir.com.br\\\/index.php\\\/2025\\\/10\\\/21\\\/discriminacao-racial-a-educacao-como-transformacao-social\\\/\"},\"wordCount\":1172,\"commentCount\":0,\"image\":{\"@id\":\"https:\\\/\\\/portalincluir.com.br\\\/index.php\\\/2025\\\/10\\\/21\\\/discriminacao-racial-a-educacao-como-transformacao-social\\\/#primaryimage\"},\"thumbnailUrl\":\"https:\\\/\\\/portalincluir.com.br\\\/wp-content\\\/uploads\\\/2025\\\/10\\\/Imagem-do-WhatsApp-de-2025-10-21-as-20.03.01_fc5bb472-e1761088693166.jpg\",\"articleSection\":[\"Not\u00edcias\",\"Opini\u00e3o\"],\"inLanguage\":\"pt-BR\",\"potentialAction\":[{\"@type\":\"CommentAction\",\"name\":\"Comment\",\"target\":[\"https:\\\/\\\/portalincluir.com.br\\\/index.php\\\/2025\\\/10\\\/21\\\/discriminacao-racial-a-educacao-como-transformacao-social\\\/#respond\"]}]},{\"@type\":\"WebPage\",\"@id\":\"https:\\\/\\\/portalincluir.com.br\\\/index.php\\\/2025\\\/10\\\/21\\\/discriminacao-racial-a-educacao-como-transformacao-social\\\/\",\"url\":\"https:\\\/\\\/portalincluir.com.br\\\/index.php\\\/2025\\\/10\\\/21\\\/discriminacao-racial-a-educacao-como-transformacao-social\\\/\",\"name\":\"Discrimina\u00e7\u00e3o Racial: a educa\u00e7\u00e3o como transforma\u00e7\u00e3o social - PORTAL INCLUIR\",\"isPartOf\":{\"@id\":\"https:\\\/\\\/portalincluir.com.br\\\/#website\"},\"primaryImageOfPage\":{\"@id\":\"https:\\\/\\\/portalincluir.com.br\\\/index.php\\\/2025\\\/10\\\/21\\\/discriminacao-racial-a-educacao-como-transformacao-social\\\/#primaryimage\"},\"image\":{\"@id\":\"https:\\\/\\\/portalincluir.com.br\\\/index.php\\\/2025\\\/10\\\/21\\\/discriminacao-racial-a-educacao-como-transformacao-social\\\/#primaryimage\"},\"thumbnailUrl\":\"https:\\\/\\\/portalincluir.com.br\\\/wp-content\\\/uploads\\\/2025\\\/10\\\/Imagem-do-WhatsApp-de-2025-10-21-as-20.03.01_fc5bb472-e1761088693166.jpg\",\"datePublished\":\"2025-10-21T20:31:25+00:00\",\"dateModified\":\"2025-10-21T23:19:56+00:00\",\"author\":{\"@id\":\"https:\\\/\\\/portalincluir.com.br\\\/#\\\/schema\\\/person\\\/8823664e5902eee555607fb75c4c35ae\"},\"breadcrumb\":{\"@id\":\"https:\\\/\\\/portalincluir.com.br\\\/index.php\\\/2025\\\/10\\\/21\\\/discriminacao-racial-a-educacao-como-transformacao-social\\\/#breadcrumb\"},\"inLanguage\":\"pt-BR\",\"potentialAction\":[{\"@type\":\"ReadAction\",\"target\":[\"https:\\\/\\\/portalincluir.com.br\\\/index.php\\\/2025\\\/10\\\/21\\\/discriminacao-racial-a-educacao-como-transformacao-social\\\/\"]}]},{\"@type\":\"ImageObject\",\"inLanguage\":\"pt-BR\",\"@id\":\"https:\\\/\\\/portalincluir.com.br\\\/index.php\\\/2025\\\/10\\\/21\\\/discriminacao-racial-a-educacao-como-transformacao-social\\\/#primaryimage\",\"url\":\"https:\\\/\\\/portalincluir.com.br\\\/wp-content\\\/uploads\\\/2025\\\/10\\\/Imagem-do-WhatsApp-de-2025-10-21-as-20.03.01_fc5bb472-e1761088693166.jpg\",\"contentUrl\":\"https:\\\/\\\/portalincluir.com.br\\\/wp-content\\\/uploads\\\/2025\\\/10\\\/Imagem-do-WhatsApp-de-2025-10-21-as-20.03.01_fc5bb472-e1761088693166.jpg\",\"width\":720,\"height\":567},{\"@type\":\"BreadcrumbList\",\"@id\":\"https:\\\/\\\/portalincluir.com.br\\\/index.php\\\/2025\\\/10\\\/21\\\/discriminacao-racial-a-educacao-como-transformacao-social\\\/#breadcrumb\",\"itemListElement\":[{\"@type\":\"ListItem\",\"position\":1,\"name\":\"In\u00edcio\",\"item\":\"https:\\\/\\\/portalincluir.com.br\\\/\"},{\"@type\":\"ListItem\",\"position\":2,\"name\":\"Discrimina\u00e7\u00e3o Racial: a educa\u00e7\u00e3o como transforma\u00e7\u00e3o social\"}]},{\"@type\":\"WebSite\",\"@id\":\"https:\\\/\\\/portalincluir.com.br\\\/#website\",\"url\":\"https:\\\/\\\/portalincluir.com.br\\\/\",\"name\":\"PORTAL INCLUIR\",\"description\":\"\",\"potentialAction\":[{\"@type\":\"SearchAction\",\"target\":{\"@type\":\"EntryPoint\",\"urlTemplate\":\"https:\\\/\\\/portalincluir.com.br\\\/?s={search_term_string}\"},\"query-input\":{\"@type\":\"PropertyValueSpecification\",\"valueRequired\":true,\"valueName\":\"search_term_string\"}}],\"inLanguage\":\"pt-BR\"},{\"@type\":\"Person\",\"@id\":\"https:\\\/\\\/portalincluir.com.br\\\/#\\\/schema\\\/person\\\/8823664e5902eee555607fb75c4c35ae\",\"name\":\"Portal Incluir\",\"image\":{\"@type\":\"ImageObject\",\"inLanguage\":\"pt-BR\",\"@id\":\"https:\\\/\\\/secure.gravatar.com\\\/avatar\\\/12085fe17e70c3550551519fe1f8f51fae69b1748563a47fc3bea53d91fbcbbd?s=96&d=mm&r=g\",\"url\":\"https:\\\/\\\/secure.gravatar.com\\\/avatar\\\/12085fe17e70c3550551519fe1f8f51fae69b1748563a47fc3bea53d91fbcbbd?s=96&d=mm&r=g\",\"contentUrl\":\"https:\\\/\\\/secure.gravatar.com\\\/avatar\\\/12085fe17e70c3550551519fe1f8f51fae69b1748563a47fc3bea53d91fbcbbd?s=96&d=mm&r=g\",\"caption\":\"Portal Incluir\"},\"sameAs\":[\"http:\\\/\\\/portalincluir.com.br\"],\"url\":\"https:\\\/\\\/portalincluir.com.br\\\/index.php\\\/author\\\/portalincluir-com-br\\\/\"}]}<\/script>\n<!-- \/ Yoast SEO plugin. -->","yoast_head_json":{"title":"Discrimina\u00e7\u00e3o Racial: a educa\u00e7\u00e3o como transforma\u00e7\u00e3o social - PORTAL INCLUIR","robots":{"index":"index","follow":"follow","max-snippet":"max-snippet:-1","max-image-preview":"max-image-preview:large","max-video-preview":"max-video-preview:-1"},"canonical":"https:\/\/portalincluir.com.br\/index.php\/2025\/10\/21\/discriminacao-racial-a-educacao-como-transformacao-social\/","og_locale":"pt_BR","og_type":"article","og_title":"Discrimina\u00e7\u00e3o Racial: a educa\u00e7\u00e3o como transforma\u00e7\u00e3o social - PORTAL INCLUIR","og_description":"Reconstruindo valores e verdades sobre o outro Nas considera\u00e7\u00f5es de Paulo Freire, um sem-n\u00famero de","og_url":"https:\/\/portalincluir.com.br\/index.php\/2025\/10\/21\/discriminacao-racial-a-educacao-como-transformacao-social\/","og_site_name":"PORTAL INCLUIR","article_published_time":"2025-10-21T20:31:25+00:00","article_modified_time":"2025-10-21T23:19:56+00:00","og_image":[{"width":720,"height":567,"url":"https:\/\/portalincluir.com.br\/wp-content\/uploads\/2025\/10\/Imagem-do-WhatsApp-de-2025-10-21-as-20.03.01_fc5bb472-e1761088693166.jpg","type":"image\/jpeg"}],"author":"Portal Incluir","twitter_card":"summary_large_image","twitter_misc":{"Escrito por":"Portal Incluir","Est. tempo de leitura":"6 minutos"},"schema":{"@context":"https:\/\/schema.org","@graph":[{"@type":["Article","BlogPosting"],"@id":"https:\/\/portalincluir.com.br\/index.php\/2025\/10\/21\/discriminacao-racial-a-educacao-como-transformacao-social\/#article","isPartOf":{"@id":"https:\/\/portalincluir.com.br\/index.php\/2025\/10\/21\/discriminacao-racial-a-educacao-como-transformacao-social\/"},"author":{"name":"Portal Incluir","@id":"https:\/\/portalincluir.com.br\/#\/schema\/person\/8823664e5902eee555607fb75c4c35ae"},"headline":"Discrimina\u00e7\u00e3o Racial: a educa\u00e7\u00e3o como transforma\u00e7\u00e3o social","datePublished":"2025-10-21T20:31:25+00:00","dateModified":"2025-10-21T23:19:56+00:00","mainEntityOfPage":{"@id":"https:\/\/portalincluir.com.br\/index.php\/2025\/10\/21\/discriminacao-racial-a-educacao-como-transformacao-social\/"},"wordCount":1172,"commentCount":0,"image":{"@id":"https:\/\/portalincluir.com.br\/index.php\/2025\/10\/21\/discriminacao-racial-a-educacao-como-transformacao-social\/#primaryimage"},"thumbnailUrl":"https:\/\/portalincluir.com.br\/wp-content\/uploads\/2025\/10\/Imagem-do-WhatsApp-de-2025-10-21-as-20.03.01_fc5bb472-e1761088693166.jpg","articleSection":["Not\u00edcias","Opini\u00e3o"],"inLanguage":"pt-BR","potentialAction":[{"@type":"CommentAction","name":"Comment","target":["https:\/\/portalincluir.com.br\/index.php\/2025\/10\/21\/discriminacao-racial-a-educacao-como-transformacao-social\/#respond"]}]},{"@type":"WebPage","@id":"https:\/\/portalincluir.com.br\/index.php\/2025\/10\/21\/discriminacao-racial-a-educacao-como-transformacao-social\/","url":"https:\/\/portalincluir.com.br\/index.php\/2025\/10\/21\/discriminacao-racial-a-educacao-como-transformacao-social\/","name":"Discrimina\u00e7\u00e3o Racial: a educa\u00e7\u00e3o como transforma\u00e7\u00e3o social - PORTAL INCLUIR","isPartOf":{"@id":"https:\/\/portalincluir.com.br\/#website"},"primaryImageOfPage":{"@id":"https:\/\/portalincluir.com.br\/index.php\/2025\/10\/21\/discriminacao-racial-a-educacao-como-transformacao-social\/#primaryimage"},"image":{"@id":"https:\/\/portalincluir.com.br\/index.php\/2025\/10\/21\/discriminacao-racial-a-educacao-como-transformacao-social\/#primaryimage"},"thumbnailUrl":"https:\/\/portalincluir.com.br\/wp-content\/uploads\/2025\/10\/Imagem-do-WhatsApp-de-2025-10-21-as-20.03.01_fc5bb472-e1761088693166.jpg","datePublished":"2025-10-21T20:31:25+00:00","dateModified":"2025-10-21T23:19:56+00:00","author":{"@id":"https:\/\/portalincluir.com.br\/#\/schema\/person\/8823664e5902eee555607fb75c4c35ae"},"breadcrumb":{"@id":"https:\/\/portalincluir.com.br\/index.php\/2025\/10\/21\/discriminacao-racial-a-educacao-como-transformacao-social\/#breadcrumb"},"inLanguage":"pt-BR","potentialAction":[{"@type":"ReadAction","target":["https:\/\/portalincluir.com.br\/index.php\/2025\/10\/21\/discriminacao-racial-a-educacao-como-transformacao-social\/"]}]},{"@type":"ImageObject","inLanguage":"pt-BR","@id":"https:\/\/portalincluir.com.br\/index.php\/2025\/10\/21\/discriminacao-racial-a-educacao-como-transformacao-social\/#primaryimage","url":"https:\/\/portalincluir.com.br\/wp-content\/uploads\/2025\/10\/Imagem-do-WhatsApp-de-2025-10-21-as-20.03.01_fc5bb472-e1761088693166.jpg","contentUrl":"https:\/\/portalincluir.com.br\/wp-content\/uploads\/2025\/10\/Imagem-do-WhatsApp-de-2025-10-21-as-20.03.01_fc5bb472-e1761088693166.jpg","width":720,"height":567},{"@type":"BreadcrumbList","@id":"https:\/\/portalincluir.com.br\/index.php\/2025\/10\/21\/discriminacao-racial-a-educacao-como-transformacao-social\/#breadcrumb","itemListElement":[{"@type":"ListItem","position":1,"name":"In\u00edcio","item":"https:\/\/portalincluir.com.br\/"},{"@type":"ListItem","position":2,"name":"Discrimina\u00e7\u00e3o Racial: a educa\u00e7\u00e3o como transforma\u00e7\u00e3o social"}]},{"@type":"WebSite","@id":"https:\/\/portalincluir.com.br\/#website","url":"https:\/\/portalincluir.com.br\/","name":"PORTAL INCLUIR","description":"","potentialAction":[{"@type":"SearchAction","target":{"@type":"EntryPoint","urlTemplate":"https:\/\/portalincluir.com.br\/?s={search_term_string}"},"query-input":{"@type":"PropertyValueSpecification","valueRequired":true,"valueName":"search_term_string"}}],"inLanguage":"pt-BR"},{"@type":"Person","@id":"https:\/\/portalincluir.com.br\/#\/schema\/person\/8823664e5902eee555607fb75c4c35ae","name":"Portal Incluir","image":{"@type":"ImageObject","inLanguage":"pt-BR","@id":"https:\/\/secure.gravatar.com\/avatar\/12085fe17e70c3550551519fe1f8f51fae69b1748563a47fc3bea53d91fbcbbd?s=96&d=mm&r=g","url":"https:\/\/secure.gravatar.com\/avatar\/12085fe17e70c3550551519fe1f8f51fae69b1748563a47fc3bea53d91fbcbbd?s=96&d=mm&r=g","contentUrl":"https:\/\/secure.gravatar.com\/avatar\/12085fe17e70c3550551519fe1f8f51fae69b1748563a47fc3bea53d91fbcbbd?s=96&d=mm&r=g","caption":"Portal Incluir"},"sameAs":["http:\/\/portalincluir.com.br"],"url":"https:\/\/portalincluir.com.br\/index.php\/author\/portalincluir-com-br\/"}]}},"_links":{"self":[{"href":"https:\/\/portalincluir.com.br\/index.php\/wp-json\/wp\/v2\/posts\/659","targetHints":{"allow":["GET"]}}],"collection":[{"href":"https:\/\/portalincluir.com.br\/index.php\/wp-json\/wp\/v2\/posts"}],"about":[{"href":"https:\/\/portalincluir.com.br\/index.php\/wp-json\/wp\/v2\/types\/post"}],"author":[{"embeddable":true,"href":"https:\/\/portalincluir.com.br\/index.php\/wp-json\/wp\/v2\/users\/1"}],"replies":[{"embeddable":true,"href":"https:\/\/portalincluir.com.br\/index.php\/wp-json\/wp\/v2\/comments?post=659"}],"version-history":[{"count":2,"href":"https:\/\/portalincluir.com.br\/index.php\/wp-json\/wp\/v2\/posts\/659\/revisions"}],"predecessor-version":[{"id":667,"href":"https:\/\/portalincluir.com.br\/index.php\/wp-json\/wp\/v2\/posts\/659\/revisions\/667"}],"wp:featuredmedia":[{"embeddable":true,"href":"https:\/\/portalincluir.com.br\/index.php\/wp-json\/wp\/v2\/media\/666"}],"wp:attachment":[{"href":"https:\/\/portalincluir.com.br\/index.php\/wp-json\/wp\/v2\/media?parent=659"}],"wp:term":[{"taxonomy":"category","embeddable":true,"href":"https:\/\/portalincluir.com.br\/index.php\/wp-json\/wp\/v2\/categories?post=659"},{"taxonomy":"post_tag","embeddable":true,"href":"https:\/\/portalincluir.com.br\/index.php\/wp-json\/wp\/v2\/tags?post=659"}],"curies":[{"name":"wp","href":"https:\/\/api.w.org\/{rel}","templated":true}]}}