{"id":662,"date":"2025-10-21T17:52:08","date_gmt":"2025-10-21T20:52:08","guid":{"rendered":"https:\/\/portalincluir.com.br\/?p=662"},"modified":"2025-10-21T17:54:57","modified_gmt":"2025-10-21T20:54:57","slug":"autismo-o-caminho-da-informacao-empatia-e-respeito-a-luz-da-psicanalise","status":"publish","type":"post","link":"https:\/\/portalincluir.com.br\/index.php\/2025\/10\/21\/autismo-o-caminho-da-informacao-empatia-e-respeito-a-luz-da-psicanalise\/","title":{"rendered":"Autismo: o caminho da informa\u00e7\u00e3o, empatia e respeito \u00e0 luz da psican\u00e1lise"},"content":{"rendered":"\n<p>O autismo \u00e9 uma condi\u00e7\u00e3o neurobiol\u00f3gica que afeta o desenvolvimento social, comportamental e comunicativo dos indiv\u00edduos. Ao longo dos anos, o conhecimento sobre o Transtorno do Espectro Autista (TEA) tem evolu\u00eddo, e com ele a forma como a sociedade lida com os autistas. O lema da campanha deste ano, \u201cInforma\u00e7\u00e3o Gera Empatia, Empatia Gera Respeito\u201d, reflete uma abordagem fundamental para a inclus\u00e3o dessas pessoas: a dissemina\u00e7\u00e3o de conhecimento e a promo\u00e7\u00e3o de uma postura emp\u00e1tica e respeitosa para com a diversidade humana.<\/p>\n\n\n\n<p>A psican\u00e1lise, como campo que busca compreender os processos ps\u00edquicos, oferece importantes contribui\u00e7\u00f5es para a compreens\u00e3o do autismo. Freud (1913), o fundador da psican\u00e1lise, inicialmente associou o autismo a quest\u00f5es emocionais e de desenvolvimento precoce, uma vis\u00e3o que, com o tempo, foi sendo revista \u00e0 medida que os estudos em neuroci\u00eancias avan\u00e7aram. Contudo, a psican\u00e1lise continua relevante no contexto do autismo, pois ela permite uma compreens\u00e3o profunda das dificuldades e pot\u00eancias ps\u00edquicas desses indiv\u00edduos.<\/p>\n\n\n\n<p>A partir da psican\u00e1lise, \u00e9 poss\u00edvel perceber que o autismo n\u00e3o deve ser visto como uma &#8220;defici\u00eancia&#8221; ou uma &#8220;anormalidade&#8221;, mas sim como uma maneira diferente de viver o mundo. Cada pessoa com autismo possui uma forma \u00fanica de perceber e se relacionar com o ambiente e as outras pessoas. Esse entendimento \u00e9 fundamental para a constru\u00e7\u00e3o de uma sociedade mais inclusiva e acolhedora.<\/p>\n\n\n\n<p>A campanha deste ano, ao trazer o lema acima j\u00e1 supracitado, destaca que o primeiro passo para uma conviv\u00eancia mais harmoniosa com as pessoas com autismo \u00e9 a dissemina\u00e7\u00e3o do conhecimento. Quando as pessoas compreendem o que \u00e9 o autismo, elas se tornam mais aptas a respeitar as diferen\u00e7as e a apoiar os indiv\u00edduos autistas de forma adequada. A informa\u00e7\u00e3o \u00e9, portanto, a chave para desmistificar o autismo e para combater o estigma e a exclus\u00e3o que muitas vezes cercam essas pessoas.<\/p>\n\n\n\n<p>A empatia, por sua vez, \u00e9 o ponto de partida para a constru\u00e7\u00e3o de uma sociedade mais justa. Ao se colocar no lugar do outro e tentar entender sua perspectiva, somos capazes de perceber as necessidades espec\u00edficas dos autistas, respeitando suas limita\u00e7\u00f5es e reconhecendo suas habilidades e pot\u00eancias. A psican\u00e1lise, ao explorar os processos emocionais e subjetivos, nos ensina que a empatia n\u00e3o \u00e9 apenas uma atitude superficial, mas uma profunda compreens\u00e3o das experi\u00eancias ps\u00edquicas e emocionais do outro.<\/p>\n\n\n\n<p>O respeito, como culmin\u00e2ncia do processo de informa\u00e7\u00e3o e empatia, implica em reconhecer a autonomia do indiv\u00edduo autista, respeitar seus direitos e apoiar seu desenvolvimento de acordo com suas pr\u00f3prias capacidades e ritmos. O respeito, nesse contexto, se traduz na cria\u00e7\u00e3o de ambientes inclusivos e na oferta de recursos adequados para que o autista possa se desenvolver de forma plena, em harmonia com suas pr\u00f3prias necessidades e limites.<\/p>\n\n\n\n<p>\u00c9 importante ressaltar que, a inclus\u00e3o social do autista n\u00e3o depende apenas da informa\u00e7\u00e3o e da empatia da sociedade em geral, mas tamb\u00e9m de pr\u00e1ticas educacionais, familiares e terap\u00eauticas que sejam sens\u00edveis \u00e0s especificidades do autismo. A psican\u00e1lise, ao oferecer uma escuta cuidadosa e uma interpreta\u00e7\u00e3o dos conflitos internos do autista, pode ser uma ferramenta valiosa nesse processo de inclus\u00e3o.<\/p>\n\n\n\n<p>Diversos estudos psicanal\u00edticos abordam o autismo sob diferentes perspectivas. Melanie Klein (1975, p.244), por exemplo, fez importantes contribui\u00e7\u00f5es ao descrever o autismo como um mecanismo de defesa primitivo frente a experi\u00eancias emocionais avassaladoras. Essa vis\u00e3o sugere que, em vez de ver o autismo como uma barreira, \u00e9 poss\u00edvel compreender o comportamento autista como uma forma de prote\u00e7\u00e3o do indiv\u00edduo frente a um mundo emocionalmente dif\u00edcil. Esse entendimento abre caminho para interven\u00e7\u00f5es terap\u00eauticas que respeitem o psiquismo do autista e favore\u00e7am seu desenvolvimento.<\/p>\n\n\n\n<p>A campanha deste ano, ao enfatizar a rela\u00e7\u00e3o entre informa\u00e7\u00e3o, empatia e respeito, oferece um convite para que a sociedade reconsidere suas pr\u00e1ticas e atitudes diante do autismo. A psican\u00e1lise, ao iluminar os aspectos subjetivos do transtorno, fortalece a import\u00e2ncia de uma abordagem que, ao inv\u00e9s de tratar o autismo como uma condi\u00e7\u00e3o a ser corrigida, busca acolher o indiv\u00edduo em suas especificidades.<\/p>\n\n\n\n<p>Em conclus\u00e3o, a campanha &#8220;Informa\u00e7\u00e3o Gera Empatia, Empatia Gera Respeito&#8221; nos lembra que o autismo n\u00e3o \u00e9 um problema a ser solucionado, mas uma realidade a ser compreendida e respeitada. A psican\u00e1lise, com suas ferramentas de escuta e interpreta\u00e7\u00e3o, oferece uma lente valiosa para compreender os desafios internos dos autistas, permitindo que possamos, como sociedade, caminhar para um futuro mais inclusivo e emp\u00e1tico, onde as diferen\u00e7as s\u00e3o reconhecidas e respeitadas como uma parte essencial da diversidade humana.<\/p>\n\n\n\n<p><\/p>\n\n\n\n<p><em><strong>Dr. Richard Munhoz<\/strong> \u00e9 psicanalista Cl\u00ednico e Infantil, especialista em An\u00e1lise e Interpreta\u00e7\u00e3o do Desenho, psicopedagogo, neuropsicopedagogo, mestre e doutor em Ci\u00eancias M\u00e9dicas.\u00a0<\/em><\/p>\n\n\n\n<p><em><strong>Sarah Alves Munhoz<\/strong> &#8211; Psicanalista Cl\u00ednica e Infantil. Especialista em An\u00e1lise e Interpreta\u00e7\u00e3o do Desenho \u2013 Testes Projetivos e Sandplay Therapy \u2013 Psicologia Anal\u00edtica. Cursos de aprofundamento nas \u00e1reas da Psicologia aplicada \u00e0 teoria psicanal\u00edtica. Psicopedagoga Cl\u00ednica e Institucional. T\u00e9cnica em assistente administrativo. Especialista em Neuropsicologia, transtornos depressivos e ansiosos e PNL.<\/em><\/p>\n\n\n\n<p><strong>REFER\u00caNCIAS BIBLIOGR\u00c1FICAS<\/strong><\/p>\n\n\n\n<p>KLEIN, M. (1975). <strong><em>Envy and Gratitude and Other Works<\/em><\/strong><em> 1946-1963<\/em>. The Hogarth Press and the Institute of Psycho-Analysis.<\/p>\n\n\n\n<p>FREUD, S. (1913). <strong><em>On Narcissism: An Introduction<\/em><\/strong>. Standard Edition, 14.<\/p>\n\n\n\n<p>BRASIL, Minist\u00e9rio da Sa\u00fade. (2012). <strong><em>Protocolo Cl\u00ednico e Diretrizes Terap\u00eauticas para o Transtorno do Espectro Autista<\/em>.<\/strong><\/p>\n\n\n\n<p>SANTOS, C. (2019). <strong><em>Autismo e Psican\u00e1lise: Perspectivas e Pr\u00e1ticas Terap\u00eauticas<\/em><\/strong>. Editora Psican\u00e1lise.<\/p>\n\n\n\n<p><\/p>\n","protected":false},"excerpt":{"rendered":"<p>O autismo \u00e9 uma condi\u00e7\u00e3o neurobiol\u00f3gica que afeta o desenvolvimento social, comportamental e comunicativo dos<\/p>\n","protected":false},"author":1,"featured_media":664,"comment_status":"open","ping_status":"open","sticky":false,"template":"","format":"standard","meta":{"om_disable_all_campaigns":false,"_monsterinsights_skip_tracking":false,"_monsterinsights_sitenote_active":false,"_monsterinsights_sitenote_note":"","_monsterinsights_sitenote_category":0,"_uf_show_specific_survey":0,"_uf_disable_surveys":false,"footnotes":""},"categories":[6,21,1],"tags":[],"class_list":["post-662","post","type-post","status-publish","format-standard","has-post-thumbnail","hentry","category-autismo","category-opiniao","category-portal"],"yoast_head":"<!-- This site is optimized with the Yoast SEO plugin v27.4 - https:\/\/yoast.com\/product\/yoast-seo-wordpress\/ -->\n<title>Autismo: o caminho da informa\u00e7\u00e3o, empatia e respeito \u00e0 luz da psican\u00e1lise - PORTAL INCLUIR<\/title>\n<meta name=\"robots\" content=\"index, follow, max-snippet:-1, max-image-preview:large, max-video-preview:-1\" \/>\n<link rel=\"canonical\" href=\"https:\/\/portalincluir.com.br\/index.php\/2025\/10\/21\/autismo-o-caminho-da-informacao-empatia-e-respeito-a-luz-da-psicanalise\/\" \/>\n<meta property=\"og:locale\" content=\"pt_BR\" \/>\n<meta property=\"og:type\" content=\"article\" \/>\n<meta property=\"og:title\" content=\"Autismo: o caminho da informa\u00e7\u00e3o, empatia e respeito \u00e0 luz da psican\u00e1lise - PORTAL INCLUIR\" \/>\n<meta property=\"og:description\" content=\"O autismo \u00e9 uma condi\u00e7\u00e3o neurobiol\u00f3gica que afeta o desenvolvimento social, comportamental e comunicativo dos\" \/>\n<meta property=\"og:url\" content=\"https:\/\/portalincluir.com.br\/index.php\/2025\/10\/21\/autismo-o-caminho-da-informacao-empatia-e-respeito-a-luz-da-psicanalise\/\" \/>\n<meta property=\"og:site_name\" content=\"PORTAL INCLUIR\" \/>\n<meta property=\"article:published_time\" content=\"2025-10-21T20:52:08+00:00\" \/>\n<meta property=\"article:modified_time\" content=\"2025-10-21T20:54:57+00:00\" \/>\n<meta property=\"og:image\" content=\"https:\/\/portalincluir.com.br\/wp-content\/uploads\/2025\/10\/juntos-1.png\" \/>\n\t<meta property=\"og:image:width\" content=\"992\" \/>\n\t<meta property=\"og:image:height\" content=\"686\" \/>\n\t<meta property=\"og:image:type\" content=\"image\/png\" \/>\n<meta name=\"author\" content=\"Portal Incluir\" \/>\n<meta name=\"twitter:card\" content=\"summary_large_image\" \/>\n<meta name=\"twitter:label1\" content=\"Escrito por\" \/>\n\t<meta name=\"twitter:data1\" content=\"Portal Incluir\" \/>\n\t<meta name=\"twitter:label2\" content=\"Est. tempo de leitura\" \/>\n\t<meta name=\"twitter:data2\" content=\"5 minutos\" \/>\n<script type=\"application\/ld+json\" class=\"yoast-schema-graph\">{\"@context\":\"https:\\\/\\\/schema.org\",\"@graph\":[{\"@type\":[\"Article\",\"BlogPosting\"],\"@id\":\"https:\\\/\\\/portalincluir.com.br\\\/index.php\\\/2025\\\/10\\\/21\\\/autismo-o-caminho-da-informacao-empatia-e-respeito-a-luz-da-psicanalise\\\/#article\",\"isPartOf\":{\"@id\":\"https:\\\/\\\/portalincluir.com.br\\\/index.php\\\/2025\\\/10\\\/21\\\/autismo-o-caminho-da-informacao-empatia-e-respeito-a-luz-da-psicanalise\\\/\"},\"author\":{\"name\":\"Portal Incluir\",\"@id\":\"https:\\\/\\\/portalincluir.com.br\\\/#\\\/schema\\\/person\\\/8823664e5902eee555607fb75c4c35ae\"},\"headline\":\"Autismo: o caminho da informa\u00e7\u00e3o, empatia e respeito \u00e0 luz da psican\u00e1lise\",\"datePublished\":\"2025-10-21T20:52:08+00:00\",\"dateModified\":\"2025-10-21T20:54:57+00:00\",\"mainEntityOfPage\":{\"@id\":\"https:\\\/\\\/portalincluir.com.br\\\/index.php\\\/2025\\\/10\\\/21\\\/autismo-o-caminho-da-informacao-empatia-e-respeito-a-luz-da-psicanalise\\\/\"},\"wordCount\":962,\"commentCount\":0,\"image\":{\"@id\":\"https:\\\/\\\/portalincluir.com.br\\\/index.php\\\/2025\\\/10\\\/21\\\/autismo-o-caminho-da-informacao-empatia-e-respeito-a-luz-da-psicanalise\\\/#primaryimage\"},\"thumbnailUrl\":\"https:\\\/\\\/portalincluir.com.br\\\/wp-content\\\/uploads\\\/2025\\\/10\\\/juntos-1.png\",\"articleSection\":[\"Autismo\",\"Opini\u00e3o\",\"Portal\"],\"inLanguage\":\"pt-BR\",\"potentialAction\":[{\"@type\":\"CommentAction\",\"name\":\"Comment\",\"target\":[\"https:\\\/\\\/portalincluir.com.br\\\/index.php\\\/2025\\\/10\\\/21\\\/autismo-o-caminho-da-informacao-empatia-e-respeito-a-luz-da-psicanalise\\\/#respond\"]}]},{\"@type\":\"WebPage\",\"@id\":\"https:\\\/\\\/portalincluir.com.br\\\/index.php\\\/2025\\\/10\\\/21\\\/autismo-o-caminho-da-informacao-empatia-e-respeito-a-luz-da-psicanalise\\\/\",\"url\":\"https:\\\/\\\/portalincluir.com.br\\\/index.php\\\/2025\\\/10\\\/21\\\/autismo-o-caminho-da-informacao-empatia-e-respeito-a-luz-da-psicanalise\\\/\",\"name\":\"Autismo: o caminho da informa\u00e7\u00e3o, empatia e respeito \u00e0 luz da psican\u00e1lise - PORTAL INCLUIR\",\"isPartOf\":{\"@id\":\"https:\\\/\\\/portalincluir.com.br\\\/#website\"},\"primaryImageOfPage\":{\"@id\":\"https:\\\/\\\/portalincluir.com.br\\\/index.php\\\/2025\\\/10\\\/21\\\/autismo-o-caminho-da-informacao-empatia-e-respeito-a-luz-da-psicanalise\\\/#primaryimage\"},\"image\":{\"@id\":\"https:\\\/\\\/portalincluir.com.br\\\/index.php\\\/2025\\\/10\\\/21\\\/autismo-o-caminho-da-informacao-empatia-e-respeito-a-luz-da-psicanalise\\\/#primaryimage\"},\"thumbnailUrl\":\"https:\\\/\\\/portalincluir.com.br\\\/wp-content\\\/uploads\\\/2025\\\/10\\\/juntos-1.png\",\"datePublished\":\"2025-10-21T20:52:08+00:00\",\"dateModified\":\"2025-10-21T20:54:57+00:00\",\"author\":{\"@id\":\"https:\\\/\\\/portalincluir.com.br\\\/#\\\/schema\\\/person\\\/8823664e5902eee555607fb75c4c35ae\"},\"breadcrumb\":{\"@id\":\"https:\\\/\\\/portalincluir.com.br\\\/index.php\\\/2025\\\/10\\\/21\\\/autismo-o-caminho-da-informacao-empatia-e-respeito-a-luz-da-psicanalise\\\/#breadcrumb\"},\"inLanguage\":\"pt-BR\",\"potentialAction\":[{\"@type\":\"ReadAction\",\"target\":[\"https:\\\/\\\/portalincluir.com.br\\\/index.php\\\/2025\\\/10\\\/21\\\/autismo-o-caminho-da-informacao-empatia-e-respeito-a-luz-da-psicanalise\\\/\"]}]},{\"@type\":\"ImageObject\",\"inLanguage\":\"pt-BR\",\"@id\":\"https:\\\/\\\/portalincluir.com.br\\\/index.php\\\/2025\\\/10\\\/21\\\/autismo-o-caminho-da-informacao-empatia-e-respeito-a-luz-da-psicanalise\\\/#primaryimage\",\"url\":\"https:\\\/\\\/portalincluir.com.br\\\/wp-content\\\/uploads\\\/2025\\\/10\\\/juntos-1.png\",\"contentUrl\":\"https:\\\/\\\/portalincluir.com.br\\\/wp-content\\\/uploads\\\/2025\\\/10\\\/juntos-1.png\",\"width\":992,\"height\":686},{\"@type\":\"BreadcrumbList\",\"@id\":\"https:\\\/\\\/portalincluir.com.br\\\/index.php\\\/2025\\\/10\\\/21\\\/autismo-o-caminho-da-informacao-empatia-e-respeito-a-luz-da-psicanalise\\\/#breadcrumb\",\"itemListElement\":[{\"@type\":\"ListItem\",\"position\":1,\"name\":\"In\u00edcio\",\"item\":\"https:\\\/\\\/portalincluir.com.br\\\/\"},{\"@type\":\"ListItem\",\"position\":2,\"name\":\"Autismo: o caminho da informa\u00e7\u00e3o, empatia e respeito \u00e0 luz da psican\u00e1lise\"}]},{\"@type\":\"WebSite\",\"@id\":\"https:\\\/\\\/portalincluir.com.br\\\/#website\",\"url\":\"https:\\\/\\\/portalincluir.com.br\\\/\",\"name\":\"PORTAL INCLUIR\",\"description\":\"\",\"potentialAction\":[{\"@type\":\"SearchAction\",\"target\":{\"@type\":\"EntryPoint\",\"urlTemplate\":\"https:\\\/\\\/portalincluir.com.br\\\/?s={search_term_string}\"},\"query-input\":{\"@type\":\"PropertyValueSpecification\",\"valueRequired\":true,\"valueName\":\"search_term_string\"}}],\"inLanguage\":\"pt-BR\"},{\"@type\":\"Person\",\"@id\":\"https:\\\/\\\/portalincluir.com.br\\\/#\\\/schema\\\/person\\\/8823664e5902eee555607fb75c4c35ae\",\"name\":\"Portal Incluir\",\"image\":{\"@type\":\"ImageObject\",\"inLanguage\":\"pt-BR\",\"@id\":\"https:\\\/\\\/secure.gravatar.com\\\/avatar\\\/12085fe17e70c3550551519fe1f8f51fae69b1748563a47fc3bea53d91fbcbbd?s=96&d=mm&r=g\",\"url\":\"https:\\\/\\\/secure.gravatar.com\\\/avatar\\\/12085fe17e70c3550551519fe1f8f51fae69b1748563a47fc3bea53d91fbcbbd?s=96&d=mm&r=g\",\"contentUrl\":\"https:\\\/\\\/secure.gravatar.com\\\/avatar\\\/12085fe17e70c3550551519fe1f8f51fae69b1748563a47fc3bea53d91fbcbbd?s=96&d=mm&r=g\",\"caption\":\"Portal Incluir\"},\"sameAs\":[\"http:\\\/\\\/portalincluir.com.br\"],\"url\":\"https:\\\/\\\/portalincluir.com.br\\\/index.php\\\/author\\\/portalincluir-com-br\\\/\"}]}<\/script>\n<!-- \/ Yoast SEO plugin. -->","yoast_head_json":{"title":"Autismo: o caminho da informa\u00e7\u00e3o, empatia e respeito \u00e0 luz da psican\u00e1lise - PORTAL INCLUIR","robots":{"index":"index","follow":"follow","max-snippet":"max-snippet:-1","max-image-preview":"max-image-preview:large","max-video-preview":"max-video-preview:-1"},"canonical":"https:\/\/portalincluir.com.br\/index.php\/2025\/10\/21\/autismo-o-caminho-da-informacao-empatia-e-respeito-a-luz-da-psicanalise\/","og_locale":"pt_BR","og_type":"article","og_title":"Autismo: o caminho da informa\u00e7\u00e3o, empatia e respeito \u00e0 luz da psican\u00e1lise - PORTAL INCLUIR","og_description":"O autismo \u00e9 uma condi\u00e7\u00e3o neurobiol\u00f3gica que afeta o desenvolvimento social, comportamental e comunicativo dos","og_url":"https:\/\/portalincluir.com.br\/index.php\/2025\/10\/21\/autismo-o-caminho-da-informacao-empatia-e-respeito-a-luz-da-psicanalise\/","og_site_name":"PORTAL INCLUIR","article_published_time":"2025-10-21T20:52:08+00:00","article_modified_time":"2025-10-21T20:54:57+00:00","og_image":[{"width":992,"height":686,"url":"https:\/\/portalincluir.com.br\/wp-content\/uploads\/2025\/10\/juntos-1.png","type":"image\/png"}],"author":"Portal Incluir","twitter_card":"summary_large_image","twitter_misc":{"Escrito por":"Portal Incluir","Est. tempo de leitura":"5 minutos"},"schema":{"@context":"https:\/\/schema.org","@graph":[{"@type":["Article","BlogPosting"],"@id":"https:\/\/portalincluir.com.br\/index.php\/2025\/10\/21\/autismo-o-caminho-da-informacao-empatia-e-respeito-a-luz-da-psicanalise\/#article","isPartOf":{"@id":"https:\/\/portalincluir.com.br\/index.php\/2025\/10\/21\/autismo-o-caminho-da-informacao-empatia-e-respeito-a-luz-da-psicanalise\/"},"author":{"name":"Portal Incluir","@id":"https:\/\/portalincluir.com.br\/#\/schema\/person\/8823664e5902eee555607fb75c4c35ae"},"headline":"Autismo: o caminho da informa\u00e7\u00e3o, empatia e respeito \u00e0 luz da psican\u00e1lise","datePublished":"2025-10-21T20:52:08+00:00","dateModified":"2025-10-21T20:54:57+00:00","mainEntityOfPage":{"@id":"https:\/\/portalincluir.com.br\/index.php\/2025\/10\/21\/autismo-o-caminho-da-informacao-empatia-e-respeito-a-luz-da-psicanalise\/"},"wordCount":962,"commentCount":0,"image":{"@id":"https:\/\/portalincluir.com.br\/index.php\/2025\/10\/21\/autismo-o-caminho-da-informacao-empatia-e-respeito-a-luz-da-psicanalise\/#primaryimage"},"thumbnailUrl":"https:\/\/portalincluir.com.br\/wp-content\/uploads\/2025\/10\/juntos-1.png","articleSection":["Autismo","Opini\u00e3o","Portal"],"inLanguage":"pt-BR","potentialAction":[{"@type":"CommentAction","name":"Comment","target":["https:\/\/portalincluir.com.br\/index.php\/2025\/10\/21\/autismo-o-caminho-da-informacao-empatia-e-respeito-a-luz-da-psicanalise\/#respond"]}]},{"@type":"WebPage","@id":"https:\/\/portalincluir.com.br\/index.php\/2025\/10\/21\/autismo-o-caminho-da-informacao-empatia-e-respeito-a-luz-da-psicanalise\/","url":"https:\/\/portalincluir.com.br\/index.php\/2025\/10\/21\/autismo-o-caminho-da-informacao-empatia-e-respeito-a-luz-da-psicanalise\/","name":"Autismo: o caminho da informa\u00e7\u00e3o, empatia e respeito \u00e0 luz da psican\u00e1lise - PORTAL INCLUIR","isPartOf":{"@id":"https:\/\/portalincluir.com.br\/#website"},"primaryImageOfPage":{"@id":"https:\/\/portalincluir.com.br\/index.php\/2025\/10\/21\/autismo-o-caminho-da-informacao-empatia-e-respeito-a-luz-da-psicanalise\/#primaryimage"},"image":{"@id":"https:\/\/portalincluir.com.br\/index.php\/2025\/10\/21\/autismo-o-caminho-da-informacao-empatia-e-respeito-a-luz-da-psicanalise\/#primaryimage"},"thumbnailUrl":"https:\/\/portalincluir.com.br\/wp-content\/uploads\/2025\/10\/juntos-1.png","datePublished":"2025-10-21T20:52:08+00:00","dateModified":"2025-10-21T20:54:57+00:00","author":{"@id":"https:\/\/portalincluir.com.br\/#\/schema\/person\/8823664e5902eee555607fb75c4c35ae"},"breadcrumb":{"@id":"https:\/\/portalincluir.com.br\/index.php\/2025\/10\/21\/autismo-o-caminho-da-informacao-empatia-e-respeito-a-luz-da-psicanalise\/#breadcrumb"},"inLanguage":"pt-BR","potentialAction":[{"@type":"ReadAction","target":["https:\/\/portalincluir.com.br\/index.php\/2025\/10\/21\/autismo-o-caminho-da-informacao-empatia-e-respeito-a-luz-da-psicanalise\/"]}]},{"@type":"ImageObject","inLanguage":"pt-BR","@id":"https:\/\/portalincluir.com.br\/index.php\/2025\/10\/21\/autismo-o-caminho-da-informacao-empatia-e-respeito-a-luz-da-psicanalise\/#primaryimage","url":"https:\/\/portalincluir.com.br\/wp-content\/uploads\/2025\/10\/juntos-1.png","contentUrl":"https:\/\/portalincluir.com.br\/wp-content\/uploads\/2025\/10\/juntos-1.png","width":992,"height":686},{"@type":"BreadcrumbList","@id":"https:\/\/portalincluir.com.br\/index.php\/2025\/10\/21\/autismo-o-caminho-da-informacao-empatia-e-respeito-a-luz-da-psicanalise\/#breadcrumb","itemListElement":[{"@type":"ListItem","position":1,"name":"In\u00edcio","item":"https:\/\/portalincluir.com.br\/"},{"@type":"ListItem","position":2,"name":"Autismo: o caminho da informa\u00e7\u00e3o, empatia e respeito \u00e0 luz da psican\u00e1lise"}]},{"@type":"WebSite","@id":"https:\/\/portalincluir.com.br\/#website","url":"https:\/\/portalincluir.com.br\/","name":"PORTAL INCLUIR","description":"","potentialAction":[{"@type":"SearchAction","target":{"@type":"EntryPoint","urlTemplate":"https:\/\/portalincluir.com.br\/?s={search_term_string}"},"query-input":{"@type":"PropertyValueSpecification","valueRequired":true,"valueName":"search_term_string"}}],"inLanguage":"pt-BR"},{"@type":"Person","@id":"https:\/\/portalincluir.com.br\/#\/schema\/person\/8823664e5902eee555607fb75c4c35ae","name":"Portal Incluir","image":{"@type":"ImageObject","inLanguage":"pt-BR","@id":"https:\/\/secure.gravatar.com\/avatar\/12085fe17e70c3550551519fe1f8f51fae69b1748563a47fc3bea53d91fbcbbd?s=96&d=mm&r=g","url":"https:\/\/secure.gravatar.com\/avatar\/12085fe17e70c3550551519fe1f8f51fae69b1748563a47fc3bea53d91fbcbbd?s=96&d=mm&r=g","contentUrl":"https:\/\/secure.gravatar.com\/avatar\/12085fe17e70c3550551519fe1f8f51fae69b1748563a47fc3bea53d91fbcbbd?s=96&d=mm&r=g","caption":"Portal Incluir"},"sameAs":["http:\/\/portalincluir.com.br"],"url":"https:\/\/portalincluir.com.br\/index.php\/author\/portalincluir-com-br\/"}]}},"_links":{"self":[{"href":"https:\/\/portalincluir.com.br\/index.php\/wp-json\/wp\/v2\/posts\/662","targetHints":{"allow":["GET"]}}],"collection":[{"href":"https:\/\/portalincluir.com.br\/index.php\/wp-json\/wp\/v2\/posts"}],"about":[{"href":"https:\/\/portalincluir.com.br\/index.php\/wp-json\/wp\/v2\/types\/post"}],"author":[{"embeddable":true,"href":"https:\/\/portalincluir.com.br\/index.php\/wp-json\/wp\/v2\/users\/1"}],"replies":[{"embeddable":true,"href":"https:\/\/portalincluir.com.br\/index.php\/wp-json\/wp\/v2\/comments?post=662"}],"version-history":[{"count":1,"href":"https:\/\/portalincluir.com.br\/index.php\/wp-json\/wp\/v2\/posts\/662\/revisions"}],"predecessor-version":[{"id":665,"href":"https:\/\/portalincluir.com.br\/index.php\/wp-json\/wp\/v2\/posts\/662\/revisions\/665"}],"wp:featuredmedia":[{"embeddable":true,"href":"https:\/\/portalincluir.com.br\/index.php\/wp-json\/wp\/v2\/media\/664"}],"wp:attachment":[{"href":"https:\/\/portalincluir.com.br\/index.php\/wp-json\/wp\/v2\/media?parent=662"}],"wp:term":[{"taxonomy":"category","embeddable":true,"href":"https:\/\/portalincluir.com.br\/index.php\/wp-json\/wp\/v2\/categories?post=662"},{"taxonomy":"post_tag","embeddable":true,"href":"https:\/\/portalincluir.com.br\/index.php\/wp-json\/wp\/v2\/tags?post=662"}],"curies":[{"name":"wp","href":"https:\/\/api.w.org\/{rel}","templated":true}]}}