{"id":668,"date":"2025-10-23T15:12:38","date_gmt":"2025-10-23T18:12:38","guid":{"rendered":"https:\/\/portalincluir.com.br\/?p=668"},"modified":"2025-10-23T15:13:48","modified_gmt":"2025-10-23T18:13:48","slug":"influencer-de-sp-gabriel-isaac-abre-os-planos-para-a-cultura-surda-no-brasil-em-2026","status":"publish","type":"post","link":"https:\/\/portalincluir.com.br\/index.php\/2025\/10\/23\/influencer-de-sp-gabriel-isaac-abre-os-planos-para-a-cultura-surda-no-brasil-em-2026\/","title":{"rendered":"Influencer de SP, Gabriel Isaac abre os planos para a \u2018cultura surda\u2019 no Brasil, em 2026"},"content":{"rendered":"\n<p>Empres\u00e1rio \u00e0 frente da Isflocos Studios, o \u2018creator\u2019 surdo segue se destacando na cena ap\u00f3s mobilizar o \u20181\u00ba Encontro Cultural da Euforie-se\u2019 e a 4\u00aa festa hom\u00f4nima, que atraiu a comunidade sul-americana e europeia para a capital paulista.<\/p>\n\n\n\n<p>O estado de S\u00e3o Paulo (SP) viveu dias intensos de protagonismo da \u2018cultura surda\u2019. Somente no m\u00eas de outubro, a capital recebeu cerca de 600 pessoas pelo \u20181\u00ba Encontro Cultural Euforie-se\u2019 e mais de mil participantes na \u20184\u00aa edi\u00e7\u00e3o da festa hom\u00f4nima\u2019, ocupando espa\u00e7os como o Museu das Favelas e o Carioca Club.<\/p>\n\n\n\n<p>Trazendo o protagonismo surdo, o influencer Gabriel Isaac, 28, est\u00e1 por tr\u00e1s das transforma\u00e7\u00f5es na capital paulista. Ele, que soma quase 200 mil seguidores nas redes, nos perfis oficiais do Instagram, X (ex-Twitter) e Youtube, t\u00eam transformado o conceito de \u2018acessibilidade\u2019 no Brasil.<\/p>\n\n\n\n<p>Imerso em um contexto de 10 milh\u00f5es de pessoas surdas no pa\u00eds, segundo dados do Instituto Brasileiro de Geografia e Estat\u00edstica (IBGE), o influenciador passou \u00e0 questionar as barreiras locais, como as dificuldades do povo surdo em aproveitar simples espa\u00e7os de festas.<\/p>\n\n\n\n<p>\u201cDurante muito tempo, a participa\u00e7\u00e3o de pessoas surdas foi limitada no Carnaval, micareta\u2026 como se n\u00f3s, surdos, nunca pud\u00e9ssemos aproveitar essas festas. Eu sou brasileiro, tenho CPF, e mesmo assim n\u00e3o consigo participar plenamente dessa cultura\u201d, explica.<\/p>\n\n\n\n<p>Foi a partir dessa inquieta\u00e7\u00e3o que Gabriel decidiu unir acessibilidade, cultura e representatividade surda em uma s\u00e9rie de iniciativas. Assinando o \u20181\u00ba Encontro Cultural da Euforie-se\u2019 e a 4\u00aa festa hom\u00f4nima em 2025; o que o influenciador enxergava como \u201cacessibilidade\u201d passou \u00e0 ter outro significado, constru\u00eddo ao longo dos anos.<\/p>\n\n\n\n<p>\u201cAs pessoas acham que basta colocar um int\u00e9rprete e est\u00e1 tudo resolvido. Mas n\u00e3o \u00e9 s\u00f3 isso. \u00c9 fundamental pensar em como a comunica\u00e7\u00e3o \u00e9 constru\u00edda e representada, garantindo que pessoas surdas se sintam realmente inclu\u00eddas. A acessibilidade precisa estar presente desde a divulga\u00e7\u00e3o, linguagem visual e textual, atendimento, representatividade at\u00e9 a experi\u00eancia no evento. Tudo isso contribui para uma comunica\u00e7\u00e3o mais adequada e respeitosa com o p\u00fablico surdo\u201d, comenta.<\/p>\n\n\n\n<figure class=\"wp-block-image alignleft size-large is-resized\"><img loading=\"lazy\" decoding=\"async\" width=\"682\" height=\"1024\" src=\"https:\/\/portalincluir.com.br\/wp-content\/uploads\/2025\/10\/gabriel-isaac-682x1024.jpg\" alt=\"\" class=\"wp-image-669\" style=\"width:380px;height:auto\" srcset=\"https:\/\/portalincluir.com.br\/wp-content\/uploads\/2025\/10\/gabriel-isaac-682x1024.jpg 682w, https:\/\/portalincluir.com.br\/wp-content\/uploads\/2025\/10\/gabriel-isaac-200x300.jpg 200w, https:\/\/portalincluir.com.br\/wp-content\/uploads\/2025\/10\/gabriel-isaac-768x1153.jpg 768w, https:\/\/portalincluir.com.br\/wp-content\/uploads\/2025\/10\/gabriel-isaac-1023x1536.jpg 1023w, https:\/\/portalincluir.com.br\/wp-content\/uploads\/2025\/10\/gabriel-isaac-1024x1537.jpg 1024w, https:\/\/portalincluir.com.br\/wp-content\/uploads\/2025\/10\/gabriel-isaac.jpg 1066w\" sizes=\"auto, (max-width: 682px) 100vw, 682px\" \/><figcaption class=\"wp-element-caption\">Fotos: Gabi Garcia\/Divulga\u00e7\u00e3o<\/figcaption><\/figure>\n\n\n\n<p>Agente de transforma\u00e7\u00f5es em plena capital paulista, Gabriel Isaac, conhecido artisticamente como Isflocos, colocou o povo surdo no centro das experi\u00eancias da Festa Euforie-se. O que come\u00e7ou timidamente com 150 participantes (2022) subiu para mais de mil espectadores neste ano, com ingressos esgotados em menos de 48 horas.<\/p>\n\n\n\n<p>De l\u00e1 pra c\u00e1, Isaac j\u00e1 impactou 2 mil brasileiros e estrangeiros, trazendo participantes da Argentina, Uruguai, Col\u00f4mbia, Portugal e Bol\u00edvia para somar \u00e0 festa multicultural. E tudo personalizado. A experi\u00eancia traz abad\u00e1s ilustrados, pulseiras que acendem no ritmo da m\u00fasica, aromas exclusivos, e artistas surdos como DJs, performers, passistas, duplas surdo-ouvintes e int\u00e9rpretes.<\/p>\n\n\n\n<p>Outro destaque foi o patroc\u00ednio oficial da TIM, que apresentou a nova funcionalidade TIM Vibe \u2013 dispon\u00edvel via app Meu TIM \u2013 permitindo \u00e0s pessoas surdas sentirem a m\u00fasica por meio de vibra\u00e7\u00f5es t\u00e1teis no celular. \u201cA Euforie-se \u00e9 uma festa, sim, mas com muito significado, representatividade, protagonismo e reconhecimento. Estamos muito felizes com o reconhecimento de grandes marcas que est\u00e3o chegando com a gente\u201d, revela.<\/p>\n\n\n\n<p>N\u00e3o satisfeito em limitar \u00e0s experi\u00eancias a um evento exclusivo, a \u2018Euforie-se\u2019 ganhou uma nova roupagem atrav\u00e9s do 1\u00ba Encontro Cultural. Estimulando o interc\u00e2mbio art\u00edstico e social da cultura surda ao p\u00fablico ouvinte, o influencer trouxe uma experi\u00eancia imersiva \u00e0 grande S\u00e3o Paulo \u2013 trazendo literatura; saraus; performances art\u00edsticas de DJ; m\u00edmico; coletivo de poetas surdos; al\u00e9m do lan\u00e7amento do livreto \u2018Folclore Brasileiro Surdo\u2019, todas pautadas no povo surdo.<\/p>\n\n\n\n<p>\u201cPrecisamos pensar a comunica\u00e7\u00e3o de forma eficaz, trazendo pessoas surdas para o centro da constru\u00e7\u00e3o, e n\u00e3o apenas int\u00e9rpretes. \u00c9 da\u00ed que vem a urg\u00eancia e o significado por tr\u00e1s dessas experi\u00eancias. E h\u00e1 um p\u00fablico ansioso por essas iniciativas. Tanto \u00e9 que a \u2018Euforie-se\u2019, no ano que vem, se prepara para a comemora\u00e7\u00e3o de seus cinco anos, com novos projetos e surpresas em fase de avalia\u00e7\u00e3o\u201d, elucida.<\/p>\n\n\n\n<p>Olhando para sua trajet\u00f3ria, Isaac \u2013 que \u00e9 influenciador, empres\u00e1rio e criador do Euforie-se \u2013 se orgulha do espa\u00e7o conquistado, mas deseja al\u00e7ar voos ainda maiores, ampliando a presen\u00e7a surda em espa\u00e7os culturais, educacionais e institucionais. O influenciador anseia por consolidar a atua\u00e7\u00e3o da \u2018Euforie-se\u2019 em toda a Am\u00e9rica Latina, ressignificando o \u2018Deaf Power\u2019 (poder surdo) em todos os setores da sociedade.<\/p>\n\n\n\n<p>Para isso, Isaac j\u00e1 antecipa os planos para 2026, que incluir\u00e1 duas edi\u00e7\u00f5es marcantes do projeto. A primeira ser\u00e1 a Folia da Euforie-se, prevista para o dia 21 de fevereiro, no Rio de Janeiro \u2013 um carnaval voltado ao protagonismo e \u00e0 representatividade da comunidade surda.<\/p>\n\n\n\n<p>J\u00e1 em outubro, a cidade de S\u00e3o Paulo receber\u00e1 a 5\u00aa edi\u00e7\u00e3o da Festa Euforie-se, celebrando cinco anos do movimento que vem transformando a cena cultural brasileira. \u201cEsse projeto, revolucion\u00e1rio, une cultura, brasilidade e inova\u00e7\u00e3o. Acreditamos que investir nessas a\u00e7\u00f5es \u00e9 investir em um futuro onde diversidade e inclus\u00e3o caminham junto com emo\u00e7\u00e3o e prop\u00f3sito\u201d,&nbsp;conclui.<\/p>\n","protected":false},"excerpt":{"rendered":"<p>Empres\u00e1rio \u00e0 frente da Isflocos Studios, o \u2018creator\u2019 surdo segue se destacando na cena ap\u00f3s<\/p>\n","protected":false},"author":1,"featured_media":670,"comment_status":"open","ping_status":"open","sticky":false,"template":"","format":"standard","meta":{"om_disable_all_campaigns":false,"_monsterinsights_skip_tracking":false,"_monsterinsights_sitenote_active":false,"_monsterinsights_sitenote_note":"","_monsterinsights_sitenote_category":0,"_uf_show_specific_survey":0,"_uf_disable_surveys":false,"footnotes":""},"categories":[18,9,1],"tags":[],"class_list":["post-668","post","type-post","status-publish","format-standard","has-post-thumbnail","hentry","category-deficiente-auditivo","category-noticias","category-portal"],"yoast_head":"<!-- This site is optimized with the Yoast SEO plugin v27.4 - https:\/\/yoast.com\/product\/yoast-seo-wordpress\/ -->\n<title>Influencer de SP, Gabriel Isaac abre os planos para a \u2018cultura surda\u2019 no Brasil, em 2026 - PORTAL INCLUIR<\/title>\n<meta name=\"robots\" content=\"index, follow, max-snippet:-1, max-image-preview:large, max-video-preview:-1\" \/>\n<link rel=\"canonical\" href=\"https:\/\/portalincluir.com.br\/index.php\/2025\/10\/23\/influencer-de-sp-gabriel-isaac-abre-os-planos-para-a-cultura-surda-no-brasil-em-2026\/\" \/>\n<meta property=\"og:locale\" content=\"pt_BR\" \/>\n<meta property=\"og:type\" content=\"article\" \/>\n<meta property=\"og:title\" content=\"Influencer de SP, Gabriel Isaac abre os planos para a \u2018cultura surda\u2019 no Brasil, em 2026 - PORTAL INCLUIR\" \/>\n<meta property=\"og:description\" content=\"Empres\u00e1rio \u00e0 frente da Isflocos Studios, o \u2018creator\u2019 surdo segue se destacando na cena ap\u00f3s\" \/>\n<meta property=\"og:url\" content=\"https:\/\/portalincluir.com.br\/index.php\/2025\/10\/23\/influencer-de-sp-gabriel-isaac-abre-os-planos-para-a-cultura-surda-no-brasil-em-2026\/\" \/>\n<meta property=\"og:site_name\" content=\"PORTAL INCLUIR\" \/>\n<meta property=\"article:published_time\" content=\"2025-10-23T18:12:38+00:00\" \/>\n<meta property=\"article:modified_time\" content=\"2025-10-23T18:13:48+00:00\" \/>\n<meta property=\"og:image\" content=\"https:\/\/portalincluir.com.br\/wp-content\/uploads\/2025\/10\/gabriel-isaac1.jpg\" \/>\n\t<meta property=\"og:image:width\" content=\"1073\" \/>\n\t<meta property=\"og:image:height\" content=\"745\" \/>\n\t<meta property=\"og:image:type\" content=\"image\/jpeg\" \/>\n<meta name=\"author\" content=\"Portal Incluir\" \/>\n<meta name=\"twitter:card\" content=\"summary_large_image\" \/>\n<meta name=\"twitter:label1\" content=\"Escrito por\" \/>\n\t<meta name=\"twitter:data1\" content=\"Portal Incluir\" \/>\n\t<meta name=\"twitter:label2\" content=\"Est. tempo de leitura\" \/>\n\t<meta name=\"twitter:data2\" content=\"4 minutos\" \/>\n<script type=\"application\/ld+json\" class=\"yoast-schema-graph\">{\"@context\":\"https:\\\/\\\/schema.org\",\"@graph\":[{\"@type\":[\"Article\",\"BlogPosting\"],\"@id\":\"https:\\\/\\\/portalincluir.com.br\\\/index.php\\\/2025\\\/10\\\/23\\\/influencer-de-sp-gabriel-isaac-abre-os-planos-para-a-cultura-surda-no-brasil-em-2026\\\/#article\",\"isPartOf\":{\"@id\":\"https:\\\/\\\/portalincluir.com.br\\\/index.php\\\/2025\\\/10\\\/23\\\/influencer-de-sp-gabriel-isaac-abre-os-planos-para-a-cultura-surda-no-brasil-em-2026\\\/\"},\"author\":{\"name\":\"Portal Incluir\",\"@id\":\"https:\\\/\\\/portalincluir.com.br\\\/#\\\/schema\\\/person\\\/8823664e5902eee555607fb75c4c35ae\"},\"headline\":\"Influencer de SP, Gabriel Isaac abre os planos para a \u2018cultura surda\u2019 no Brasil, em 2026\",\"datePublished\":\"2025-10-23T18:12:38+00:00\",\"dateModified\":\"2025-10-23T18:13:48+00:00\",\"mainEntityOfPage\":{\"@id\":\"https:\\\/\\\/portalincluir.com.br\\\/index.php\\\/2025\\\/10\\\/23\\\/influencer-de-sp-gabriel-isaac-abre-os-planos-para-a-cultura-surda-no-brasil-em-2026\\\/\"},\"wordCount\":870,\"commentCount\":0,\"image\":{\"@id\":\"https:\\\/\\\/portalincluir.com.br\\\/index.php\\\/2025\\\/10\\\/23\\\/influencer-de-sp-gabriel-isaac-abre-os-planos-para-a-cultura-surda-no-brasil-em-2026\\\/#primaryimage\"},\"thumbnailUrl\":\"https:\\\/\\\/portalincluir.com.br\\\/wp-content\\\/uploads\\\/2025\\\/10\\\/gabriel-isaac1.jpg\",\"articleSection\":[\"Deficiente Auditivo\",\"Not\u00edcias\",\"Portal\"],\"inLanguage\":\"pt-BR\",\"potentialAction\":[{\"@type\":\"CommentAction\",\"name\":\"Comment\",\"target\":[\"https:\\\/\\\/portalincluir.com.br\\\/index.php\\\/2025\\\/10\\\/23\\\/influencer-de-sp-gabriel-isaac-abre-os-planos-para-a-cultura-surda-no-brasil-em-2026\\\/#respond\"]}]},{\"@type\":\"WebPage\",\"@id\":\"https:\\\/\\\/portalincluir.com.br\\\/index.php\\\/2025\\\/10\\\/23\\\/influencer-de-sp-gabriel-isaac-abre-os-planos-para-a-cultura-surda-no-brasil-em-2026\\\/\",\"url\":\"https:\\\/\\\/portalincluir.com.br\\\/index.php\\\/2025\\\/10\\\/23\\\/influencer-de-sp-gabriel-isaac-abre-os-planos-para-a-cultura-surda-no-brasil-em-2026\\\/\",\"name\":\"Influencer de SP, Gabriel Isaac abre os planos para a \u2018cultura surda\u2019 no Brasil, em 2026 - PORTAL INCLUIR\",\"isPartOf\":{\"@id\":\"https:\\\/\\\/portalincluir.com.br\\\/#website\"},\"primaryImageOfPage\":{\"@id\":\"https:\\\/\\\/portalincluir.com.br\\\/index.php\\\/2025\\\/10\\\/23\\\/influencer-de-sp-gabriel-isaac-abre-os-planos-para-a-cultura-surda-no-brasil-em-2026\\\/#primaryimage\"},\"image\":{\"@id\":\"https:\\\/\\\/portalincluir.com.br\\\/index.php\\\/2025\\\/10\\\/23\\\/influencer-de-sp-gabriel-isaac-abre-os-planos-para-a-cultura-surda-no-brasil-em-2026\\\/#primaryimage\"},\"thumbnailUrl\":\"https:\\\/\\\/portalincluir.com.br\\\/wp-content\\\/uploads\\\/2025\\\/10\\\/gabriel-isaac1.jpg\",\"datePublished\":\"2025-10-23T18:12:38+00:00\",\"dateModified\":\"2025-10-23T18:13:48+00:00\",\"author\":{\"@id\":\"https:\\\/\\\/portalincluir.com.br\\\/#\\\/schema\\\/person\\\/8823664e5902eee555607fb75c4c35ae\"},\"breadcrumb\":{\"@id\":\"https:\\\/\\\/portalincluir.com.br\\\/index.php\\\/2025\\\/10\\\/23\\\/influencer-de-sp-gabriel-isaac-abre-os-planos-para-a-cultura-surda-no-brasil-em-2026\\\/#breadcrumb\"},\"inLanguage\":\"pt-BR\",\"potentialAction\":[{\"@type\":\"ReadAction\",\"target\":[\"https:\\\/\\\/portalincluir.com.br\\\/index.php\\\/2025\\\/10\\\/23\\\/influencer-de-sp-gabriel-isaac-abre-os-planos-para-a-cultura-surda-no-brasil-em-2026\\\/\"]}]},{\"@type\":\"ImageObject\",\"inLanguage\":\"pt-BR\",\"@id\":\"https:\\\/\\\/portalincluir.com.br\\\/index.php\\\/2025\\\/10\\\/23\\\/influencer-de-sp-gabriel-isaac-abre-os-planos-para-a-cultura-surda-no-brasil-em-2026\\\/#primaryimage\",\"url\":\"https:\\\/\\\/portalincluir.com.br\\\/wp-content\\\/uploads\\\/2025\\\/10\\\/gabriel-isaac1.jpg\",\"contentUrl\":\"https:\\\/\\\/portalincluir.com.br\\\/wp-content\\\/uploads\\\/2025\\\/10\\\/gabriel-isaac1.jpg\",\"width\":1073,\"height\":745},{\"@type\":\"BreadcrumbList\",\"@id\":\"https:\\\/\\\/portalincluir.com.br\\\/index.php\\\/2025\\\/10\\\/23\\\/influencer-de-sp-gabriel-isaac-abre-os-planos-para-a-cultura-surda-no-brasil-em-2026\\\/#breadcrumb\",\"itemListElement\":[{\"@type\":\"ListItem\",\"position\":1,\"name\":\"In\u00edcio\",\"item\":\"https:\\\/\\\/portalincluir.com.br\\\/\"},{\"@type\":\"ListItem\",\"position\":2,\"name\":\"Influencer de SP, Gabriel Isaac abre os planos para a \u2018cultura surda\u2019 no Brasil, em 2026\"}]},{\"@type\":\"WebSite\",\"@id\":\"https:\\\/\\\/portalincluir.com.br\\\/#website\",\"url\":\"https:\\\/\\\/portalincluir.com.br\\\/\",\"name\":\"PORTAL INCLUIR\",\"description\":\"\",\"potentialAction\":[{\"@type\":\"SearchAction\",\"target\":{\"@type\":\"EntryPoint\",\"urlTemplate\":\"https:\\\/\\\/portalincluir.com.br\\\/?s={search_term_string}\"},\"query-input\":{\"@type\":\"PropertyValueSpecification\",\"valueRequired\":true,\"valueName\":\"search_term_string\"}}],\"inLanguage\":\"pt-BR\"},{\"@type\":\"Person\",\"@id\":\"https:\\\/\\\/portalincluir.com.br\\\/#\\\/schema\\\/person\\\/8823664e5902eee555607fb75c4c35ae\",\"name\":\"Portal Incluir\",\"image\":{\"@type\":\"ImageObject\",\"inLanguage\":\"pt-BR\",\"@id\":\"https:\\\/\\\/secure.gravatar.com\\\/avatar\\\/12085fe17e70c3550551519fe1f8f51fae69b1748563a47fc3bea53d91fbcbbd?s=96&d=mm&r=g\",\"url\":\"https:\\\/\\\/secure.gravatar.com\\\/avatar\\\/12085fe17e70c3550551519fe1f8f51fae69b1748563a47fc3bea53d91fbcbbd?s=96&d=mm&r=g\",\"contentUrl\":\"https:\\\/\\\/secure.gravatar.com\\\/avatar\\\/12085fe17e70c3550551519fe1f8f51fae69b1748563a47fc3bea53d91fbcbbd?s=96&d=mm&r=g\",\"caption\":\"Portal Incluir\"},\"sameAs\":[\"http:\\\/\\\/portalincluir.com.br\"],\"url\":\"https:\\\/\\\/portalincluir.com.br\\\/index.php\\\/author\\\/portalincluir-com-br\\\/\"}]}<\/script>\n<!-- \/ Yoast SEO plugin. -->","yoast_head_json":{"title":"Influencer de SP, Gabriel Isaac abre os planos para a \u2018cultura surda\u2019 no Brasil, em 2026 - PORTAL INCLUIR","robots":{"index":"index","follow":"follow","max-snippet":"max-snippet:-1","max-image-preview":"max-image-preview:large","max-video-preview":"max-video-preview:-1"},"canonical":"https:\/\/portalincluir.com.br\/index.php\/2025\/10\/23\/influencer-de-sp-gabriel-isaac-abre-os-planos-para-a-cultura-surda-no-brasil-em-2026\/","og_locale":"pt_BR","og_type":"article","og_title":"Influencer de SP, Gabriel Isaac abre os planos para a \u2018cultura surda\u2019 no Brasil, em 2026 - PORTAL INCLUIR","og_description":"Empres\u00e1rio \u00e0 frente da Isflocos Studios, o \u2018creator\u2019 surdo segue se destacando na cena ap\u00f3s","og_url":"https:\/\/portalincluir.com.br\/index.php\/2025\/10\/23\/influencer-de-sp-gabriel-isaac-abre-os-planos-para-a-cultura-surda-no-brasil-em-2026\/","og_site_name":"PORTAL INCLUIR","article_published_time":"2025-10-23T18:12:38+00:00","article_modified_time":"2025-10-23T18:13:48+00:00","og_image":[{"width":1073,"height":745,"url":"https:\/\/portalincluir.com.br\/wp-content\/uploads\/2025\/10\/gabriel-isaac1.jpg","type":"image\/jpeg"}],"author":"Portal Incluir","twitter_card":"summary_large_image","twitter_misc":{"Escrito por":"Portal Incluir","Est. tempo de leitura":"4 minutos"},"schema":{"@context":"https:\/\/schema.org","@graph":[{"@type":["Article","BlogPosting"],"@id":"https:\/\/portalincluir.com.br\/index.php\/2025\/10\/23\/influencer-de-sp-gabriel-isaac-abre-os-planos-para-a-cultura-surda-no-brasil-em-2026\/#article","isPartOf":{"@id":"https:\/\/portalincluir.com.br\/index.php\/2025\/10\/23\/influencer-de-sp-gabriel-isaac-abre-os-planos-para-a-cultura-surda-no-brasil-em-2026\/"},"author":{"name":"Portal Incluir","@id":"https:\/\/portalincluir.com.br\/#\/schema\/person\/8823664e5902eee555607fb75c4c35ae"},"headline":"Influencer de SP, Gabriel Isaac abre os planos para a \u2018cultura surda\u2019 no Brasil, em 2026","datePublished":"2025-10-23T18:12:38+00:00","dateModified":"2025-10-23T18:13:48+00:00","mainEntityOfPage":{"@id":"https:\/\/portalincluir.com.br\/index.php\/2025\/10\/23\/influencer-de-sp-gabriel-isaac-abre-os-planos-para-a-cultura-surda-no-brasil-em-2026\/"},"wordCount":870,"commentCount":0,"image":{"@id":"https:\/\/portalincluir.com.br\/index.php\/2025\/10\/23\/influencer-de-sp-gabriel-isaac-abre-os-planos-para-a-cultura-surda-no-brasil-em-2026\/#primaryimage"},"thumbnailUrl":"https:\/\/portalincluir.com.br\/wp-content\/uploads\/2025\/10\/gabriel-isaac1.jpg","articleSection":["Deficiente Auditivo","Not\u00edcias","Portal"],"inLanguage":"pt-BR","potentialAction":[{"@type":"CommentAction","name":"Comment","target":["https:\/\/portalincluir.com.br\/index.php\/2025\/10\/23\/influencer-de-sp-gabriel-isaac-abre-os-planos-para-a-cultura-surda-no-brasil-em-2026\/#respond"]}]},{"@type":"WebPage","@id":"https:\/\/portalincluir.com.br\/index.php\/2025\/10\/23\/influencer-de-sp-gabriel-isaac-abre-os-planos-para-a-cultura-surda-no-brasil-em-2026\/","url":"https:\/\/portalincluir.com.br\/index.php\/2025\/10\/23\/influencer-de-sp-gabriel-isaac-abre-os-planos-para-a-cultura-surda-no-brasil-em-2026\/","name":"Influencer de SP, Gabriel Isaac abre os planos para a \u2018cultura surda\u2019 no Brasil, em 2026 - PORTAL INCLUIR","isPartOf":{"@id":"https:\/\/portalincluir.com.br\/#website"},"primaryImageOfPage":{"@id":"https:\/\/portalincluir.com.br\/index.php\/2025\/10\/23\/influencer-de-sp-gabriel-isaac-abre-os-planos-para-a-cultura-surda-no-brasil-em-2026\/#primaryimage"},"image":{"@id":"https:\/\/portalincluir.com.br\/index.php\/2025\/10\/23\/influencer-de-sp-gabriel-isaac-abre-os-planos-para-a-cultura-surda-no-brasil-em-2026\/#primaryimage"},"thumbnailUrl":"https:\/\/portalincluir.com.br\/wp-content\/uploads\/2025\/10\/gabriel-isaac1.jpg","datePublished":"2025-10-23T18:12:38+00:00","dateModified":"2025-10-23T18:13:48+00:00","author":{"@id":"https:\/\/portalincluir.com.br\/#\/schema\/person\/8823664e5902eee555607fb75c4c35ae"},"breadcrumb":{"@id":"https:\/\/portalincluir.com.br\/index.php\/2025\/10\/23\/influencer-de-sp-gabriel-isaac-abre-os-planos-para-a-cultura-surda-no-brasil-em-2026\/#breadcrumb"},"inLanguage":"pt-BR","potentialAction":[{"@type":"ReadAction","target":["https:\/\/portalincluir.com.br\/index.php\/2025\/10\/23\/influencer-de-sp-gabriel-isaac-abre-os-planos-para-a-cultura-surda-no-brasil-em-2026\/"]}]},{"@type":"ImageObject","inLanguage":"pt-BR","@id":"https:\/\/portalincluir.com.br\/index.php\/2025\/10\/23\/influencer-de-sp-gabriel-isaac-abre-os-planos-para-a-cultura-surda-no-brasil-em-2026\/#primaryimage","url":"https:\/\/portalincluir.com.br\/wp-content\/uploads\/2025\/10\/gabriel-isaac1.jpg","contentUrl":"https:\/\/portalincluir.com.br\/wp-content\/uploads\/2025\/10\/gabriel-isaac1.jpg","width":1073,"height":745},{"@type":"BreadcrumbList","@id":"https:\/\/portalincluir.com.br\/index.php\/2025\/10\/23\/influencer-de-sp-gabriel-isaac-abre-os-planos-para-a-cultura-surda-no-brasil-em-2026\/#breadcrumb","itemListElement":[{"@type":"ListItem","position":1,"name":"In\u00edcio","item":"https:\/\/portalincluir.com.br\/"},{"@type":"ListItem","position":2,"name":"Influencer de SP, Gabriel Isaac abre os planos para a \u2018cultura surda\u2019 no Brasil, em 2026"}]},{"@type":"WebSite","@id":"https:\/\/portalincluir.com.br\/#website","url":"https:\/\/portalincluir.com.br\/","name":"PORTAL INCLUIR","description":"","potentialAction":[{"@type":"SearchAction","target":{"@type":"EntryPoint","urlTemplate":"https:\/\/portalincluir.com.br\/?s={search_term_string}"},"query-input":{"@type":"PropertyValueSpecification","valueRequired":true,"valueName":"search_term_string"}}],"inLanguage":"pt-BR"},{"@type":"Person","@id":"https:\/\/portalincluir.com.br\/#\/schema\/person\/8823664e5902eee555607fb75c4c35ae","name":"Portal Incluir","image":{"@type":"ImageObject","inLanguage":"pt-BR","@id":"https:\/\/secure.gravatar.com\/avatar\/12085fe17e70c3550551519fe1f8f51fae69b1748563a47fc3bea53d91fbcbbd?s=96&d=mm&r=g","url":"https:\/\/secure.gravatar.com\/avatar\/12085fe17e70c3550551519fe1f8f51fae69b1748563a47fc3bea53d91fbcbbd?s=96&d=mm&r=g","contentUrl":"https:\/\/secure.gravatar.com\/avatar\/12085fe17e70c3550551519fe1f8f51fae69b1748563a47fc3bea53d91fbcbbd?s=96&d=mm&r=g","caption":"Portal Incluir"},"sameAs":["http:\/\/portalincluir.com.br"],"url":"https:\/\/portalincluir.com.br\/index.php\/author\/portalincluir-com-br\/"}]}},"_links":{"self":[{"href":"https:\/\/portalincluir.com.br\/index.php\/wp-json\/wp\/v2\/posts\/668","targetHints":{"allow":["GET"]}}],"collection":[{"href":"https:\/\/portalincluir.com.br\/index.php\/wp-json\/wp\/v2\/posts"}],"about":[{"href":"https:\/\/portalincluir.com.br\/index.php\/wp-json\/wp\/v2\/types\/post"}],"author":[{"embeddable":true,"href":"https:\/\/portalincluir.com.br\/index.php\/wp-json\/wp\/v2\/users\/1"}],"replies":[{"embeddable":true,"href":"https:\/\/portalincluir.com.br\/index.php\/wp-json\/wp\/v2\/comments?post=668"}],"version-history":[{"count":1,"href":"https:\/\/portalincluir.com.br\/index.php\/wp-json\/wp\/v2\/posts\/668\/revisions"}],"predecessor-version":[{"id":671,"href":"https:\/\/portalincluir.com.br\/index.php\/wp-json\/wp\/v2\/posts\/668\/revisions\/671"}],"wp:featuredmedia":[{"embeddable":true,"href":"https:\/\/portalincluir.com.br\/index.php\/wp-json\/wp\/v2\/media\/670"}],"wp:attachment":[{"href":"https:\/\/portalincluir.com.br\/index.php\/wp-json\/wp\/v2\/media?parent=668"}],"wp:term":[{"taxonomy":"category","embeddable":true,"href":"https:\/\/portalincluir.com.br\/index.php\/wp-json\/wp\/v2\/categories?post=668"},{"taxonomy":"post_tag","embeddable":true,"href":"https:\/\/portalincluir.com.br\/index.php\/wp-json\/wp\/v2\/tags?post=668"}],"curies":[{"name":"wp","href":"https:\/\/api.w.org\/{rel}","templated":true}]}}