{"id":675,"date":"2025-10-25T08:42:39","date_gmt":"2025-10-25T11:42:39","guid":{"rendered":"https:\/\/portalincluir.com.br\/?p=675"},"modified":"2025-10-25T08:42:40","modified_gmt":"2025-10-25T11:42:40","slug":"estelionato-contra-pcd-passa-a-ser-alvo-de-acao-penal-incondicionada","status":"publish","type":"post","link":"https:\/\/portalincluir.com.br\/index.php\/2025\/10\/25\/estelionato-contra-pcd-passa-a-ser-alvo-de-acao-penal-incondicionada\/","title":{"rendered":"Estelionato contra PcD passa a ser alvo de a\u00e7\u00e3o penal incondicionada"},"content":{"rendered":"\n<p>Foi sancionada pelo presidente da Rep\u00fablica, Luiz In\u00e1cio Lula da Silva, a <a href=\"https:\/\/www.in.gov.br\/en\/web\/dou\/-\/lei-n-15.229-de-2-de-outubro-de-2025-660005115\" rel=\"noreferrer noopener\" target=\"_blank\">Lei <\/a><a href=\"https:\/\/www.in.gov.br\/en\/web\/dou\/-\/lei-n-15.229-de-2-de-outubro-de-2025-660005115\" rel=\"noreferrer noopener\" target=\"_blank\">15.229<\/a>,&nbsp;que obriga o Minist\u00e9rio P\u00fablico a iniciar a\u00e7\u00e3o penal por crime de estelionato contra pessoa com defici\u00eancia, mesmo que a v\u00edtima n\u00e3o denuncie.<\/p>\n\n\n\n<p>O texto, publicado na edi\u00e7\u00e3o do <em>Di\u00e1rio Oficial da Uni\u00e3<\/em>o desta sexta-feira (3), altera o C\u00f3digo Penal (<a href=\"https:\/\/normas.leg.br\/?urn=urn:lex:br:federal:decreto.lei:1940-12-07;2848\" rel=\"noreferrer noopener\" target=\"_blank\">Decreto-Lei 2.848, de 1940<\/a>) para estabelecer que os casos de estelionato contra pessoa com qualquer tipo de defici\u00eancia devem ser processados por meio de a\u00e7\u00e3o p\u00fablica incondicionada. Esse tipo de a\u00e7\u00e3o judicial \u00e9 iniciada pelo Minist\u00e9rio P\u00fablico, independentemente da vontade da v\u00edtima.<\/p>\n\n\n\n<p>A norma teve origem no <a href=\"https:\/\/www25.senado.leg.br\/web\/atividade\/materias\/-\/materia\/158199\" rel=\"noreferrer noopener\" target=\"_blank\">PL 3.114\/2023<\/a>, da senadora Damares Alves (Republicanos-DF).&nbsp; &nbsp;<\/p>\n\n\n\n<p>Com a entrada em vigor da Lei Anticrime (<a href=\"https:\/\/normas.leg.br\/?urn=urn:lex:br:federal:lei:2019-12-24;13964\" rel=\"noreferrer noopener\" target=\"_blank\">Lei 13.964, de 2019<\/a>), o C\u00f3digo Penal passou a determinar que a a\u00e7\u00e3o p\u00fablica seja incondicionada quando a v\u00edtima de estelionato for a administra\u00e7\u00e3o p\u00fablica, pessoa com menos de 18 ou mais de 70 anos, pessoa com defici\u00eancia mental ou pessoa incapaz.<\/p>\n\n\n\n<p>Damares observou que era preciso estender a prote\u00e7\u00e3o a todas as pessoas mais vulner\u00e1veis \u00e0 a\u00e7\u00e3o de estelionat\u00e1rios. Segundo sua justifica\u00e7\u00e3o, \u201ca defici\u00eancia f\u00edsica tamb\u00e9m pode gerar maior vulnerabilidade, a exemplo do que ocorre com as pessoas que t\u00eam algum sentido (vis\u00e3o ou audi\u00e7\u00e3o) comprometido\u201d.<\/p>\n\n\n\n<p>A mat\u00e9ria foi aprovada na Comiss\u00e3o de Constitui\u00e7\u00e3o e Justi\u00e7a (CCJ) do Senado ainda no ano passado, com relat\u00f3rio favor\u00e1vel do senador Pl\u00ednio Val\u00e9rio (PSDB-AM). Na ocasi\u00e3o, Damares justificou a medida como um instrumento de prote\u00e7\u00e3o e humanidade com essas pessoas que, muitas vezes, podem estar em uma situa\u00e7\u00e3o de vulnerabilidade ou grave risco de vida.&nbsp;<\/p>\n\n\n\n<p>\u2014 Imagine uma pessoa na cama e ter que sair para fazer o boletim de ocorr\u00eancia porque a a\u00e7\u00e3o \u00e9 condicionada \u00e0 sua vontade? [&#8230;] Por que n\u00e3o pode ser [uma a\u00e7\u00e3o] incondicionada? \u2014 argumentou durante a vota\u00e7\u00e3o.<\/p>\n\n\n\n<p>Foto: <small>Pedro Ventura\/Ag\u00eancia Bras\u00edlia<\/small><\/p>\n\n\n\n<p>Fonte: Ag\u00eancia Senado<\/p>\n","protected":false},"excerpt":{"rendered":"<p>Foi sancionada pelo presidente da Rep\u00fablica, Luiz In\u00e1cio Lula da Silva, a Lei 15.229,&nbsp;que obriga<\/p>\n","protected":false},"author":1,"featured_media":676,"comment_status":"open","ping_status":"open","sticky":false,"template":"","format":"standard","meta":{"om_disable_all_campaigns":false,"_monsterinsights_skip_tracking":false,"_monsterinsights_sitenote_active":false,"_monsterinsights_sitenote_note":"","_monsterinsights_sitenote_category":0,"_uf_show_specific_survey":0,"_uf_disable_surveys":false,"footnotes":""},"categories":[9],"tags":[],"class_list":["post-675","post","type-post","status-publish","format-standard","has-post-thumbnail","hentry","category-noticias"],"yoast_head":"<!-- This site is optimized with the Yoast SEO plugin v27.4 - https:\/\/yoast.com\/product\/yoast-seo-wordpress\/ -->\n<title>Estelionato contra PcD passa a ser alvo de a\u00e7\u00e3o penal incondicionada - PORTAL INCLUIR<\/title>\n<meta name=\"robots\" content=\"index, follow, max-snippet:-1, max-image-preview:large, max-video-preview:-1\" \/>\n<link rel=\"canonical\" href=\"https:\/\/portalincluir.com.br\/index.php\/2025\/10\/25\/estelionato-contra-pcd-passa-a-ser-alvo-de-acao-penal-incondicionada\/\" \/>\n<meta property=\"og:locale\" content=\"pt_BR\" \/>\n<meta property=\"og:type\" content=\"article\" \/>\n<meta property=\"og:title\" content=\"Estelionato contra PcD passa a ser alvo de a\u00e7\u00e3o penal incondicionada - PORTAL INCLUIR\" \/>\n<meta property=\"og:description\" content=\"Foi sancionada pelo presidente da Rep\u00fablica, Luiz In\u00e1cio Lula da Silva, a Lei 15.229,&nbsp;que obriga\" \/>\n<meta property=\"og:url\" content=\"https:\/\/portalincluir.com.br\/index.php\/2025\/10\/25\/estelionato-contra-pcd-passa-a-ser-alvo-de-acao-penal-incondicionada\/\" \/>\n<meta property=\"og:site_name\" content=\"PORTAL INCLUIR\" \/>\n<meta property=\"article:published_time\" content=\"2025-10-25T11:42:39+00:00\" \/>\n<meta property=\"article:modified_time\" content=\"2025-10-25T11:42:40+00:00\" \/>\n<meta property=\"og:image\" content=\"https:\/\/portalincluir.com.br\/wp-content\/uploads\/2025\/10\/imagem_materia.jpg\" \/>\n\t<meta property=\"og:image:width\" content=\"858\" \/>\n\t<meta property=\"og:image:height\" content=\"570\" \/>\n\t<meta property=\"og:image:type\" content=\"image\/jpeg\" \/>\n<meta name=\"author\" content=\"Portal Incluir\" \/>\n<meta name=\"twitter:card\" content=\"summary_large_image\" \/>\n<meta name=\"twitter:label1\" content=\"Escrito por\" \/>\n\t<meta name=\"twitter:data1\" content=\"Portal Incluir\" \/>\n\t<meta name=\"twitter:label2\" content=\"Est. tempo de leitura\" \/>\n\t<meta name=\"twitter:data2\" content=\"2 minutos\" \/>\n<script type=\"application\/ld+json\" class=\"yoast-schema-graph\">{\"@context\":\"https:\\\/\\\/schema.org\",\"@graph\":[{\"@type\":[\"Article\",\"BlogPosting\"],\"@id\":\"https:\\\/\\\/portalincluir.com.br\\\/index.php\\\/2025\\\/10\\\/25\\\/estelionato-contra-pcd-passa-a-ser-alvo-de-acao-penal-incondicionada\\\/#article\",\"isPartOf\":{\"@id\":\"https:\\\/\\\/portalincluir.com.br\\\/index.php\\\/2025\\\/10\\\/25\\\/estelionato-contra-pcd-passa-a-ser-alvo-de-acao-penal-incondicionada\\\/\"},\"author\":{\"name\":\"Portal Incluir\",\"@id\":\"https:\\\/\\\/portalincluir.com.br\\\/#\\\/schema\\\/person\\\/8823664e5902eee555607fb75c4c35ae\"},\"headline\":\"Estelionato contra PcD passa a ser alvo de a\u00e7\u00e3o penal incondicionada\",\"datePublished\":\"2025-10-25T11:42:39+00:00\",\"dateModified\":\"2025-10-25T11:42:40+00:00\",\"mainEntityOfPage\":{\"@id\":\"https:\\\/\\\/portalincluir.com.br\\\/index.php\\\/2025\\\/10\\\/25\\\/estelionato-contra-pcd-passa-a-ser-alvo-de-acao-penal-incondicionada\\\/\"},\"wordCount\":361,\"commentCount\":0,\"image\":{\"@id\":\"https:\\\/\\\/portalincluir.com.br\\\/index.php\\\/2025\\\/10\\\/25\\\/estelionato-contra-pcd-passa-a-ser-alvo-de-acao-penal-incondicionada\\\/#primaryimage\"},\"thumbnailUrl\":\"https:\\\/\\\/portalincluir.com.br\\\/wp-content\\\/uploads\\\/2025\\\/10\\\/imagem_materia.jpg\",\"articleSection\":[\"Not\u00edcias\"],\"inLanguage\":\"pt-BR\",\"potentialAction\":[{\"@type\":\"CommentAction\",\"name\":\"Comment\",\"target\":[\"https:\\\/\\\/portalincluir.com.br\\\/index.php\\\/2025\\\/10\\\/25\\\/estelionato-contra-pcd-passa-a-ser-alvo-de-acao-penal-incondicionada\\\/#respond\"]}]},{\"@type\":\"WebPage\",\"@id\":\"https:\\\/\\\/portalincluir.com.br\\\/index.php\\\/2025\\\/10\\\/25\\\/estelionato-contra-pcd-passa-a-ser-alvo-de-acao-penal-incondicionada\\\/\",\"url\":\"https:\\\/\\\/portalincluir.com.br\\\/index.php\\\/2025\\\/10\\\/25\\\/estelionato-contra-pcd-passa-a-ser-alvo-de-acao-penal-incondicionada\\\/\",\"name\":\"Estelionato contra PcD passa a ser alvo de a\u00e7\u00e3o penal incondicionada - PORTAL INCLUIR\",\"isPartOf\":{\"@id\":\"https:\\\/\\\/portalincluir.com.br\\\/#website\"},\"primaryImageOfPage\":{\"@id\":\"https:\\\/\\\/portalincluir.com.br\\\/index.php\\\/2025\\\/10\\\/25\\\/estelionato-contra-pcd-passa-a-ser-alvo-de-acao-penal-incondicionada\\\/#primaryimage\"},\"image\":{\"@id\":\"https:\\\/\\\/portalincluir.com.br\\\/index.php\\\/2025\\\/10\\\/25\\\/estelionato-contra-pcd-passa-a-ser-alvo-de-acao-penal-incondicionada\\\/#primaryimage\"},\"thumbnailUrl\":\"https:\\\/\\\/portalincluir.com.br\\\/wp-content\\\/uploads\\\/2025\\\/10\\\/imagem_materia.jpg\",\"datePublished\":\"2025-10-25T11:42:39+00:00\",\"dateModified\":\"2025-10-25T11:42:40+00:00\",\"author\":{\"@id\":\"https:\\\/\\\/portalincluir.com.br\\\/#\\\/schema\\\/person\\\/8823664e5902eee555607fb75c4c35ae\"},\"breadcrumb\":{\"@id\":\"https:\\\/\\\/portalincluir.com.br\\\/index.php\\\/2025\\\/10\\\/25\\\/estelionato-contra-pcd-passa-a-ser-alvo-de-acao-penal-incondicionada\\\/#breadcrumb\"},\"inLanguage\":\"pt-BR\",\"potentialAction\":[{\"@type\":\"ReadAction\",\"target\":[\"https:\\\/\\\/portalincluir.com.br\\\/index.php\\\/2025\\\/10\\\/25\\\/estelionato-contra-pcd-passa-a-ser-alvo-de-acao-penal-incondicionada\\\/\"]}]},{\"@type\":\"ImageObject\",\"inLanguage\":\"pt-BR\",\"@id\":\"https:\\\/\\\/portalincluir.com.br\\\/index.php\\\/2025\\\/10\\\/25\\\/estelionato-contra-pcd-passa-a-ser-alvo-de-acao-penal-incondicionada\\\/#primaryimage\",\"url\":\"https:\\\/\\\/portalincluir.com.br\\\/wp-content\\\/uploads\\\/2025\\\/10\\\/imagem_materia.jpg\",\"contentUrl\":\"https:\\\/\\\/portalincluir.com.br\\\/wp-content\\\/uploads\\\/2025\\\/10\\\/imagem_materia.jpg\",\"width\":858,\"height\":570},{\"@type\":\"BreadcrumbList\",\"@id\":\"https:\\\/\\\/portalincluir.com.br\\\/index.php\\\/2025\\\/10\\\/25\\\/estelionato-contra-pcd-passa-a-ser-alvo-de-acao-penal-incondicionada\\\/#breadcrumb\",\"itemListElement\":[{\"@type\":\"ListItem\",\"position\":1,\"name\":\"In\u00edcio\",\"item\":\"https:\\\/\\\/portalincluir.com.br\\\/\"},{\"@type\":\"ListItem\",\"position\":2,\"name\":\"Estelionato contra PcD passa a ser alvo de a\u00e7\u00e3o penal incondicionada\"}]},{\"@type\":\"WebSite\",\"@id\":\"https:\\\/\\\/portalincluir.com.br\\\/#website\",\"url\":\"https:\\\/\\\/portalincluir.com.br\\\/\",\"name\":\"PORTAL INCLUIR\",\"description\":\"\",\"potentialAction\":[{\"@type\":\"SearchAction\",\"target\":{\"@type\":\"EntryPoint\",\"urlTemplate\":\"https:\\\/\\\/portalincluir.com.br\\\/?s={search_term_string}\"},\"query-input\":{\"@type\":\"PropertyValueSpecification\",\"valueRequired\":true,\"valueName\":\"search_term_string\"}}],\"inLanguage\":\"pt-BR\"},{\"@type\":\"Person\",\"@id\":\"https:\\\/\\\/portalincluir.com.br\\\/#\\\/schema\\\/person\\\/8823664e5902eee555607fb75c4c35ae\",\"name\":\"Portal Incluir\",\"image\":{\"@type\":\"ImageObject\",\"inLanguage\":\"pt-BR\",\"@id\":\"https:\\\/\\\/secure.gravatar.com\\\/avatar\\\/12085fe17e70c3550551519fe1f8f51fae69b1748563a47fc3bea53d91fbcbbd?s=96&d=mm&r=g\",\"url\":\"https:\\\/\\\/secure.gravatar.com\\\/avatar\\\/12085fe17e70c3550551519fe1f8f51fae69b1748563a47fc3bea53d91fbcbbd?s=96&d=mm&r=g\",\"contentUrl\":\"https:\\\/\\\/secure.gravatar.com\\\/avatar\\\/12085fe17e70c3550551519fe1f8f51fae69b1748563a47fc3bea53d91fbcbbd?s=96&d=mm&r=g\",\"caption\":\"Portal Incluir\"},\"sameAs\":[\"http:\\\/\\\/portalincluir.com.br\"],\"url\":\"https:\\\/\\\/portalincluir.com.br\\\/index.php\\\/author\\\/portalincluir-com-br\\\/\"}]}<\/script>\n<!-- \/ Yoast SEO plugin. -->","yoast_head_json":{"title":"Estelionato contra PcD passa a ser alvo de a\u00e7\u00e3o penal incondicionada - PORTAL INCLUIR","robots":{"index":"index","follow":"follow","max-snippet":"max-snippet:-1","max-image-preview":"max-image-preview:large","max-video-preview":"max-video-preview:-1"},"canonical":"https:\/\/portalincluir.com.br\/index.php\/2025\/10\/25\/estelionato-contra-pcd-passa-a-ser-alvo-de-acao-penal-incondicionada\/","og_locale":"pt_BR","og_type":"article","og_title":"Estelionato contra PcD passa a ser alvo de a\u00e7\u00e3o penal incondicionada - PORTAL INCLUIR","og_description":"Foi sancionada pelo presidente da Rep\u00fablica, Luiz In\u00e1cio Lula da Silva, a Lei 15.229,&nbsp;que obriga","og_url":"https:\/\/portalincluir.com.br\/index.php\/2025\/10\/25\/estelionato-contra-pcd-passa-a-ser-alvo-de-acao-penal-incondicionada\/","og_site_name":"PORTAL INCLUIR","article_published_time":"2025-10-25T11:42:39+00:00","article_modified_time":"2025-10-25T11:42:40+00:00","og_image":[{"width":858,"height":570,"url":"https:\/\/portalincluir.com.br\/wp-content\/uploads\/2025\/10\/imagem_materia.jpg","type":"image\/jpeg"}],"author":"Portal Incluir","twitter_card":"summary_large_image","twitter_misc":{"Escrito por":"Portal Incluir","Est. tempo de leitura":"2 minutos"},"schema":{"@context":"https:\/\/schema.org","@graph":[{"@type":["Article","BlogPosting"],"@id":"https:\/\/portalincluir.com.br\/index.php\/2025\/10\/25\/estelionato-contra-pcd-passa-a-ser-alvo-de-acao-penal-incondicionada\/#article","isPartOf":{"@id":"https:\/\/portalincluir.com.br\/index.php\/2025\/10\/25\/estelionato-contra-pcd-passa-a-ser-alvo-de-acao-penal-incondicionada\/"},"author":{"name":"Portal Incluir","@id":"https:\/\/portalincluir.com.br\/#\/schema\/person\/8823664e5902eee555607fb75c4c35ae"},"headline":"Estelionato contra PcD passa a ser alvo de a\u00e7\u00e3o penal incondicionada","datePublished":"2025-10-25T11:42:39+00:00","dateModified":"2025-10-25T11:42:40+00:00","mainEntityOfPage":{"@id":"https:\/\/portalincluir.com.br\/index.php\/2025\/10\/25\/estelionato-contra-pcd-passa-a-ser-alvo-de-acao-penal-incondicionada\/"},"wordCount":361,"commentCount":0,"image":{"@id":"https:\/\/portalincluir.com.br\/index.php\/2025\/10\/25\/estelionato-contra-pcd-passa-a-ser-alvo-de-acao-penal-incondicionada\/#primaryimage"},"thumbnailUrl":"https:\/\/portalincluir.com.br\/wp-content\/uploads\/2025\/10\/imagem_materia.jpg","articleSection":["Not\u00edcias"],"inLanguage":"pt-BR","potentialAction":[{"@type":"CommentAction","name":"Comment","target":["https:\/\/portalincluir.com.br\/index.php\/2025\/10\/25\/estelionato-contra-pcd-passa-a-ser-alvo-de-acao-penal-incondicionada\/#respond"]}]},{"@type":"WebPage","@id":"https:\/\/portalincluir.com.br\/index.php\/2025\/10\/25\/estelionato-contra-pcd-passa-a-ser-alvo-de-acao-penal-incondicionada\/","url":"https:\/\/portalincluir.com.br\/index.php\/2025\/10\/25\/estelionato-contra-pcd-passa-a-ser-alvo-de-acao-penal-incondicionada\/","name":"Estelionato contra PcD passa a ser alvo de a\u00e7\u00e3o penal incondicionada - PORTAL INCLUIR","isPartOf":{"@id":"https:\/\/portalincluir.com.br\/#website"},"primaryImageOfPage":{"@id":"https:\/\/portalincluir.com.br\/index.php\/2025\/10\/25\/estelionato-contra-pcd-passa-a-ser-alvo-de-acao-penal-incondicionada\/#primaryimage"},"image":{"@id":"https:\/\/portalincluir.com.br\/index.php\/2025\/10\/25\/estelionato-contra-pcd-passa-a-ser-alvo-de-acao-penal-incondicionada\/#primaryimage"},"thumbnailUrl":"https:\/\/portalincluir.com.br\/wp-content\/uploads\/2025\/10\/imagem_materia.jpg","datePublished":"2025-10-25T11:42:39+00:00","dateModified":"2025-10-25T11:42:40+00:00","author":{"@id":"https:\/\/portalincluir.com.br\/#\/schema\/person\/8823664e5902eee555607fb75c4c35ae"},"breadcrumb":{"@id":"https:\/\/portalincluir.com.br\/index.php\/2025\/10\/25\/estelionato-contra-pcd-passa-a-ser-alvo-de-acao-penal-incondicionada\/#breadcrumb"},"inLanguage":"pt-BR","potentialAction":[{"@type":"ReadAction","target":["https:\/\/portalincluir.com.br\/index.php\/2025\/10\/25\/estelionato-contra-pcd-passa-a-ser-alvo-de-acao-penal-incondicionada\/"]}]},{"@type":"ImageObject","inLanguage":"pt-BR","@id":"https:\/\/portalincluir.com.br\/index.php\/2025\/10\/25\/estelionato-contra-pcd-passa-a-ser-alvo-de-acao-penal-incondicionada\/#primaryimage","url":"https:\/\/portalincluir.com.br\/wp-content\/uploads\/2025\/10\/imagem_materia.jpg","contentUrl":"https:\/\/portalincluir.com.br\/wp-content\/uploads\/2025\/10\/imagem_materia.jpg","width":858,"height":570},{"@type":"BreadcrumbList","@id":"https:\/\/portalincluir.com.br\/index.php\/2025\/10\/25\/estelionato-contra-pcd-passa-a-ser-alvo-de-acao-penal-incondicionada\/#breadcrumb","itemListElement":[{"@type":"ListItem","position":1,"name":"In\u00edcio","item":"https:\/\/portalincluir.com.br\/"},{"@type":"ListItem","position":2,"name":"Estelionato contra PcD passa a ser alvo de a\u00e7\u00e3o penal incondicionada"}]},{"@type":"WebSite","@id":"https:\/\/portalincluir.com.br\/#website","url":"https:\/\/portalincluir.com.br\/","name":"PORTAL INCLUIR","description":"","potentialAction":[{"@type":"SearchAction","target":{"@type":"EntryPoint","urlTemplate":"https:\/\/portalincluir.com.br\/?s={search_term_string}"},"query-input":{"@type":"PropertyValueSpecification","valueRequired":true,"valueName":"search_term_string"}}],"inLanguage":"pt-BR"},{"@type":"Person","@id":"https:\/\/portalincluir.com.br\/#\/schema\/person\/8823664e5902eee555607fb75c4c35ae","name":"Portal Incluir","image":{"@type":"ImageObject","inLanguage":"pt-BR","@id":"https:\/\/secure.gravatar.com\/avatar\/12085fe17e70c3550551519fe1f8f51fae69b1748563a47fc3bea53d91fbcbbd?s=96&d=mm&r=g","url":"https:\/\/secure.gravatar.com\/avatar\/12085fe17e70c3550551519fe1f8f51fae69b1748563a47fc3bea53d91fbcbbd?s=96&d=mm&r=g","contentUrl":"https:\/\/secure.gravatar.com\/avatar\/12085fe17e70c3550551519fe1f8f51fae69b1748563a47fc3bea53d91fbcbbd?s=96&d=mm&r=g","caption":"Portal Incluir"},"sameAs":["http:\/\/portalincluir.com.br"],"url":"https:\/\/portalincluir.com.br\/index.php\/author\/portalincluir-com-br\/"}]}},"_links":{"self":[{"href":"https:\/\/portalincluir.com.br\/index.php\/wp-json\/wp\/v2\/posts\/675","targetHints":{"allow":["GET"]}}],"collection":[{"href":"https:\/\/portalincluir.com.br\/index.php\/wp-json\/wp\/v2\/posts"}],"about":[{"href":"https:\/\/portalincluir.com.br\/index.php\/wp-json\/wp\/v2\/types\/post"}],"author":[{"embeddable":true,"href":"https:\/\/portalincluir.com.br\/index.php\/wp-json\/wp\/v2\/users\/1"}],"replies":[{"embeddable":true,"href":"https:\/\/portalincluir.com.br\/index.php\/wp-json\/wp\/v2\/comments?post=675"}],"version-history":[{"count":1,"href":"https:\/\/portalincluir.com.br\/index.php\/wp-json\/wp\/v2\/posts\/675\/revisions"}],"predecessor-version":[{"id":677,"href":"https:\/\/portalincluir.com.br\/index.php\/wp-json\/wp\/v2\/posts\/675\/revisions\/677"}],"wp:featuredmedia":[{"embeddable":true,"href":"https:\/\/portalincluir.com.br\/index.php\/wp-json\/wp\/v2\/media\/676"}],"wp:attachment":[{"href":"https:\/\/portalincluir.com.br\/index.php\/wp-json\/wp\/v2\/media?parent=675"}],"wp:term":[{"taxonomy":"category","embeddable":true,"href":"https:\/\/portalincluir.com.br\/index.php\/wp-json\/wp\/v2\/categories?post=675"},{"taxonomy":"post_tag","embeddable":true,"href":"https:\/\/portalincluir.com.br\/index.php\/wp-json\/wp\/v2\/tags?post=675"}],"curies":[{"name":"wp","href":"https:\/\/api.w.org\/{rel}","templated":true}]}}