{"id":678,"date":"2025-10-25T14:56:50","date_gmt":"2025-10-25T17:56:50","guid":{"rendered":"https:\/\/portalincluir.com.br\/?p=678"},"modified":"2025-10-25T14:56:51","modified_gmt":"2025-10-25T17:56:51","slug":"os-desafios-da-escola-e-sociedade-inclusiva","status":"publish","type":"post","link":"https:\/\/portalincluir.com.br\/index.php\/2025\/10\/25\/os-desafios-da-escola-e-sociedade-inclusiva\/","title":{"rendered":"Os desafios da escola e sociedade inclusiva"},"content":{"rendered":"\n<p>A educa\u00e7\u00e3o inclusiva \u00e9 um princ\u00edpio fundamental que visa garantir que todas as pessoas, independentemente das suas diferen\u00e7as e capacidades, tenham acesso \u00e0 educa\u00e7\u00e3o de qualidade. Nesse contexto, \u00e9 essencial promover a inclus\u00e3o de pessoas com defici\u00eancia intelectual e m\u00faltipla, garantindo que elas recebam o apoio necess\u00e1rio para alcan\u00e7ar seu pleno potencial educacional efetivamente implementada para apoiar esses alunos, tais como:<\/p>\n\n\n\n<p><strong>Conscientiza\u00e7\u00e3o e mudan\u00e7a de atitude:<\/strong> A primeira etapa para promover a educa\u00e7\u00e3o inclusiva \u00e9 criar conscientiza\u00e7\u00e3o e promover uma mudan\u00e7a de atitude na sociedade em rela\u00e7\u00e3o \u00e0s essas pessoas. \u00c9 fundamental superar estere\u00f3tipos e preconceitos, reconhecendo a igualdade de direitos e oportunidades de aprendizagem para todos.<\/p>\n\n\n\n<p><strong>Adapta\u00e7\u00e3o curricular<\/strong>: \u00c9 importante que os curr\u00edculos sejam adaptados para atender \u00e0s necessidades individuais dos alunos com defici\u00eancia intelectual e m\u00faltipla. Isso pode envolver a modifica\u00e7\u00e3o de materiais did\u00e1ticos, o uso de estrat\u00e9gias de ensino diferenciadas e a implementa\u00e7\u00e3o de apoios e recursos adicionais, como o uso de tecnologia assistiva.<\/p>\n\n\n\n<p><strong>Forma\u00e7\u00e3o e capacita\u00e7\u00e3o de professores<\/strong>: Para promover a educa\u00e7\u00e3o inclusiva, \u00e9 essencial investir na forma\u00e7\u00e3o e capacita\u00e7\u00e3o de professores. Os educadores devem receber treinamento espec\u00edfico para entender as necessidades individuais desses alunos, aprender estrat\u00e9gias de ensino adaptadas e desenvolver habilidades para trabalhar de forma inclusiva em sala de aula. \u00c9 importante promover a colabora\u00e7\u00e3o entre professores regulares e especializados, compartilhando conhecimentos e experi\u00eancias para oferecer um suporte adequado aos alunos.<\/p>\n\n\n\n<p><strong>Ambientes de aprendizagem colaborativos<\/strong>: A cria\u00e7\u00e3o de ambientes de aprendizagem colaborativos \u00e9 essencial para promover a educa\u00e7\u00e3o inclusiva de pessoas com defici\u00eancia. Isso pode ser alcan\u00e7ado por meio da promo\u00e7\u00e3o da intera\u00e7\u00e3o e da coopera\u00e7\u00e3o entre os alunos, independentemente de suas habilidades e capacidades. Incentivar o trabalho em grupo, a participa\u00e7\u00e3o em projetos comuns e realiza\u00e7\u00e3o de atividades que promovem a inclus\u00e3o ajudam a desenvolver um senso de pertencimento e respeito m\u00fatuo entre os alunos.<\/p>\n\n\n\n<p><strong>Acesso a recursos e suportes<\/strong>: Para promover a educa\u00e7\u00e3o inclusiva de pessoas com defici\u00eancia intelectual e m\u00faltipla, \u00e9 crucial garantir o acesso a recursos e suportes adequados. Isso pode incluir a disponibilidade de profissionais de apoio, como psic\u00f3logos, terapeutas ocupacionais e fonoaudi\u00f3logos, fornecendo atendimento individualizado aos alunos, garantindo a disponibilidade de materiais educacionais adaptados, tecnologias assistivas e equipamentos especializados, de modo a atender \u00e0s necessidades espec\u00edficas dos estudantes.<\/p>\n\n\n\n<p><strong>A PARCERIA ESCOLA, FAM\u00cdLIAS E COMUNIDADE<\/strong><\/p>\n\n\n\n<p>A parceria com as fam\u00edlias e comunidade desempenha um papel crucial na promo\u00e7\u00e3o da educa\u00e7\u00e3o inclusiva. Reconhecer que a inclus\u00e3o n\u00e3o se limita apenas ao ambiente escolar \u00e9 fundamental para criar um ambiente educacional inclusivo. \u00c9 necess\u00e1rio estabelecer uma colabora\u00e7\u00e3o ativa com as fam\u00edlias e envolv\u00ea-las de forma significativa no processo educacional de seus filhos com defici\u00eancia intelectual e m\u00faltipla.<\/p>\n\n\n\n<p>A comunica\u00e7\u00e3o aberta e constante com os pais e respons\u00e1veis \u200b\u200b\u00e9 essencial. Isso implica em fornecer informa\u00e7\u00f5es claras e transparentes sobre as metas educacionais, estrat\u00e9gias de ensino e apoios dispon\u00edveis para garantir que as necessidades dos alunos sejam atendidas de maneira adequada. \u00c9 importante ouvir ativamente as preocupa\u00e7\u00f5es e sugest\u00f5es dos pais, levando em considera\u00e7\u00e3o suas perspectivas e experi\u00eancias \u00fanicas. Isso fortalece a parceria entre a escola e a fam\u00edlia, permitindo uma colabora\u00e7\u00e3o mais efetiva em benef\u00edcio do aluno.<\/p>\n\n\n\n<p>Al\u00e9m do envolvimento das fam\u00edlias, \u00e9 crucial envolver a comunidade local na promo\u00e7\u00e3o da inclus\u00e3o, feito atrav\u00e9s de uma variedade de atividades inclusivas, eventos educacionais e iniciativas de sensibiliza\u00e7\u00e3o. A escola pode organizar eventos abertos \u00e0 comunidade, como feiras de ci\u00eancias, exposi\u00e7\u00f5es de arte ou apresenta\u00e7\u00f5es culturais, onde os alunos com defici\u00eancia intelectual e m\u00faltiplos podem mostrar suas habilidades e talentos. Isso ajuda a combater estere\u00f3tipos e preconceitos, promovendo a valoriza\u00e7\u00e3o da diversidade e o respeito pela inclus\u00e3o.<\/p>\n\n\n\n<p>Uma maneira de sensibilizar a comunidade \u00e9 por meio de campanhas de conscientiza\u00e7\u00e3o, realizando a divulga\u00e7\u00e3o de informa\u00e7\u00f5es sobre a inclus\u00e3o, os direitos das pessoas com defici\u00eancia e os benef\u00edcios de uma educa\u00e7\u00e3o inclusiva, feito por meio de materiais impressos, m\u00eddias sociais, an\u00fancios em r\u00e1dio e televis\u00e3o, entre outros canais de comunica\u00e7\u00e3o. Ao transmitir mensagens positivas e emp\u00e1ticas, \u00e9 poss\u00edvel combater estere\u00f3tipos e preconceitos, promovendo uma compreens\u00e3o mais ampla e acolhedora da diversidade.<\/p>\n\n\n\n<p>Palestras educacionais tamb\u00e9m desempenham um papel importante na sensibiliza\u00e7\u00e3o da comunidade. Escolas e organiza\u00e7\u00f5es locais podem convidar especialistas na \u00e1rea da inclus\u00e3o e defici\u00eancia para compartilhar seus conhecimentos e experi\u00eancias abordando temas como a import\u00e2ncia da inclus\u00e3o, as barreiras enfrentadas pelas pessoas com defici\u00eancia e as melhores pr\u00e1ticas para promover a participa\u00e7\u00e3o plena e igualit\u00e1ria de todos os alunos. Ao educar a comunidade sobre essas quest\u00f5es, \u00e9 poss\u00edvel fomentar uma cultura de respeito e apoio m\u00fatuo.<\/p>\n\n\n\n<p>Estabelecer parcerias com organiza\u00e7\u00f5es locais que atuam na \u00e1rea da inclus\u00e3o e dos direitos das pessoas com defici\u00eancia \u00e9 outra estrat\u00e9gia eficaz. Essas organiza\u00e7\u00f5es possuem expertise e recursos que podem contribuir significativamente para a promo\u00e7\u00e3o da inclus\u00e3o na comunidade. Ao colaborar com elas, \u00e9 poss\u00edvel realizar eventos conjuntos, workshops ou atividades que visam compartilhar conhecimentos e sensibilizar um p\u00fablico mais amplo. Essas parcerias fortalecem a rede de suporte e cria\u00e7\u00e3o de um ambiente inclusivo e solid\u00e1rio.<\/p>\n\n\n\n<p>Quando a comunidade como um todo est\u00e1 envolvida no processo de sensibiliza\u00e7\u00e3o, h\u00e1 uma mudan\u00e7a positiva na percep\u00e7\u00e3o e atitude em rela\u00e7\u00e3o \u00e0 inclus\u00e3o. As pessoas passam a compreender que a diversidade \u00e9 uma riqueza e que a inclus\u00e3o beneficia a todos. Essa conscientiza\u00e7\u00e3o leva a um maior apoio e colabora\u00e7\u00e3o no contexto educacional, proporcionando um ambiente de aprendizado mais inclusivo e acolhedor para os alunos com defici\u00eancia intelectual e m\u00faltipla, criando um ambiente verdadeiramente inclusivo, onde todos os alunos, independentemente de suas habilidades e caracter\u00edsticas, podem participar livremente e alcan\u00e7ar seu potencial m\u00e1ximo.<\/p>\n\n\n\n<p>Em geral, a educa\u00e7\u00e3o inclusiva n\u00e3o \u00e9 apenas um direito, mas tamb\u00e9m uma necessidade para uma sociedade mais justa e equitativa. \u00c9 importante ressaltar que a inclus\u00e3o de pessoas com defici\u00eancia intelectual e m\u00faltipla \u00e9 um processo cont\u00ednuo que envolve a\u00e7\u00f5es em diversos \u00e2mbitos, desde a conscientiza\u00e7\u00e3o e a mudan\u00e7a de atitudes at\u00e9 a implementa\u00e7\u00e3o de pol\u00edticas p\u00fablicas e a garantia de direitos.<\/p>\n\n\n\n<figure class=\"wp-block-image alignleft size-large is-resized\"><img loading=\"lazy\" decoding=\"async\" width=\"1024\" height=\"846\" src=\"https:\/\/portalincluir.com.br\/wp-content\/uploads\/2025\/10\/Emilio-Figueira-Arquivo-pessoal-4-1-scaled-e1761414956354-1024x846.jpg\" alt=\"\" class=\"wp-image-679\" style=\"width:84px;height:auto\" srcset=\"https:\/\/portalincluir.com.br\/wp-content\/uploads\/2025\/10\/Emilio-Figueira-Arquivo-pessoal-4-1-scaled-e1761414956354-1024x846.jpg 1024w, https:\/\/portalincluir.com.br\/wp-content\/uploads\/2025\/10\/Emilio-Figueira-Arquivo-pessoal-4-1-scaled-e1761414956354-300x248.jpg 300w, https:\/\/portalincluir.com.br\/wp-content\/uploads\/2025\/10\/Emilio-Figueira-Arquivo-pessoal-4-1-scaled-e1761414956354-768x635.jpg 768w, https:\/\/portalincluir.com.br\/wp-content\/uploads\/2025\/10\/Emilio-Figueira-Arquivo-pessoal-4-1-scaled-e1761414956354-1536x1269.jpg 1536w, https:\/\/portalincluir.com.br\/wp-content\/uploads\/2025\/10\/Emilio-Figueira-Arquivo-pessoal-4-1-scaled-e1761414956354.jpg 1709w\" sizes=\"auto, (max-width: 1024px) 100vw, 1024px\" \/><\/figure>\n\n\n\n<p><strong>Em\u00edlio Figueira<\/strong> \u00e9 jornalista, psic\u00f3logo, psicanalista e escritor, com 40 anos de experi\u00eancia na \u00e1rea da inclus\u00e3o.\u00a0 Autor dentre outros, dos livros \u201cPsicologia e Inclus\u00e3o\u201d e \u201cAs Pessoas Com Defici\u00eancia Na Hist\u00f3ria Do Brasil\u201d.<\/p>\n\n\n\n<p><\/p>\n","protected":false},"excerpt":{"rendered":"<p>A educa\u00e7\u00e3o inclusiva \u00e9 um princ\u00edpio fundamental que visa garantir que todas as pessoas, independentemente<\/p>\n","protected":false},"author":1,"featured_media":679,"comment_status":"open","ping_status":"open","sticky":false,"template":"","format":"standard","meta":{"om_disable_all_campaigns":false,"_monsterinsights_skip_tracking":false,"_monsterinsights_sitenote_active":false,"_monsterinsights_sitenote_note":"","_monsterinsights_sitenote_category":0,"_uf_show_specific_survey":0,"_uf_disable_surveys":false,"footnotes":""},"categories":[21,1],"tags":[],"class_list":["post-678","post","type-post","status-publish","format-standard","has-post-thumbnail","hentry","category-opiniao","category-portal"],"yoast_head":"<!-- This site is optimized with the Yoast SEO plugin v27.4 - https:\/\/yoast.com\/product\/yoast-seo-wordpress\/ -->\n<title>Os desafios da escola e sociedade inclusiva - PORTAL INCLUIR<\/title>\n<meta name=\"robots\" content=\"index, follow, max-snippet:-1, max-image-preview:large, max-video-preview:-1\" \/>\n<link rel=\"canonical\" href=\"https:\/\/portalincluir.com.br\/index.php\/2025\/10\/25\/os-desafios-da-escola-e-sociedade-inclusiva\/\" \/>\n<meta property=\"og:locale\" content=\"pt_BR\" \/>\n<meta property=\"og:type\" content=\"article\" \/>\n<meta property=\"og:title\" content=\"Os desafios da escola e sociedade inclusiva - PORTAL INCLUIR\" \/>\n<meta property=\"og:description\" content=\"A educa\u00e7\u00e3o inclusiva \u00e9 um princ\u00edpio fundamental que visa garantir que todas as pessoas, independentemente\" \/>\n<meta property=\"og:url\" content=\"https:\/\/portalincluir.com.br\/index.php\/2025\/10\/25\/os-desafios-da-escola-e-sociedade-inclusiva\/\" \/>\n<meta property=\"og:site_name\" content=\"PORTAL INCLUIR\" \/>\n<meta property=\"article:published_time\" content=\"2025-10-25T17:56:50+00:00\" \/>\n<meta property=\"article:modified_time\" content=\"2025-10-25T17:56:51+00:00\" \/>\n<meta property=\"og:image\" content=\"https:\/\/portalincluir.com.br\/wp-content\/uploads\/2025\/10\/Emilio-Figueira-Arquivo-pessoal-4-1-scaled-e1761414956354.jpg\" \/>\n\t<meta property=\"og:image:width\" content=\"1709\" \/>\n\t<meta property=\"og:image:height\" content=\"1412\" \/>\n\t<meta property=\"og:image:type\" content=\"image\/jpeg\" \/>\n<meta name=\"author\" content=\"Portal Incluir\" \/>\n<meta name=\"twitter:card\" content=\"summary_large_image\" \/>\n<meta name=\"twitter:label1\" content=\"Escrito por\" \/>\n\t<meta name=\"twitter:data1\" content=\"Portal Incluir\" \/>\n\t<meta name=\"twitter:label2\" content=\"Est. tempo de leitura\" \/>\n\t<meta name=\"twitter:data2\" content=\"6 minutos\" \/>\n<script type=\"application\/ld+json\" class=\"yoast-schema-graph\">{\"@context\":\"https:\\\/\\\/schema.org\",\"@graph\":[{\"@type\":[\"Article\",\"BlogPosting\"],\"@id\":\"https:\\\/\\\/portalincluir.com.br\\\/index.php\\\/2025\\\/10\\\/25\\\/os-desafios-da-escola-e-sociedade-inclusiva\\\/#article\",\"isPartOf\":{\"@id\":\"https:\\\/\\\/portalincluir.com.br\\\/index.php\\\/2025\\\/10\\\/25\\\/os-desafios-da-escola-e-sociedade-inclusiva\\\/\"},\"author\":{\"name\":\"Portal Incluir\",\"@id\":\"https:\\\/\\\/portalincluir.com.br\\\/#\\\/schema\\\/person\\\/8823664e5902eee555607fb75c4c35ae\"},\"headline\":\"Os desafios da escola e sociedade inclusiva\",\"datePublished\":\"2025-10-25T17:56:50+00:00\",\"dateModified\":\"2025-10-25T17:56:51+00:00\",\"mainEntityOfPage\":{\"@id\":\"https:\\\/\\\/portalincluir.com.br\\\/index.php\\\/2025\\\/10\\\/25\\\/os-desafios-da-escola-e-sociedade-inclusiva\\\/\"},\"wordCount\":1151,\"commentCount\":0,\"image\":{\"@id\":\"https:\\\/\\\/portalincluir.com.br\\\/index.php\\\/2025\\\/10\\\/25\\\/os-desafios-da-escola-e-sociedade-inclusiva\\\/#primaryimage\"},\"thumbnailUrl\":\"https:\\\/\\\/portalincluir.com.br\\\/wp-content\\\/uploads\\\/2025\\\/10\\\/Emilio-Figueira-Arquivo-pessoal-4-1-scaled-e1761414956354.jpg\",\"articleSection\":[\"Opini\u00e3o\",\"Portal\"],\"inLanguage\":\"pt-BR\",\"potentialAction\":[{\"@type\":\"CommentAction\",\"name\":\"Comment\",\"target\":[\"https:\\\/\\\/portalincluir.com.br\\\/index.php\\\/2025\\\/10\\\/25\\\/os-desafios-da-escola-e-sociedade-inclusiva\\\/#respond\"]}]},{\"@type\":\"WebPage\",\"@id\":\"https:\\\/\\\/portalincluir.com.br\\\/index.php\\\/2025\\\/10\\\/25\\\/os-desafios-da-escola-e-sociedade-inclusiva\\\/\",\"url\":\"https:\\\/\\\/portalincluir.com.br\\\/index.php\\\/2025\\\/10\\\/25\\\/os-desafios-da-escola-e-sociedade-inclusiva\\\/\",\"name\":\"Os desafios da escola e sociedade inclusiva - PORTAL INCLUIR\",\"isPartOf\":{\"@id\":\"https:\\\/\\\/portalincluir.com.br\\\/#website\"},\"primaryImageOfPage\":{\"@id\":\"https:\\\/\\\/portalincluir.com.br\\\/index.php\\\/2025\\\/10\\\/25\\\/os-desafios-da-escola-e-sociedade-inclusiva\\\/#primaryimage\"},\"image\":{\"@id\":\"https:\\\/\\\/portalincluir.com.br\\\/index.php\\\/2025\\\/10\\\/25\\\/os-desafios-da-escola-e-sociedade-inclusiva\\\/#primaryimage\"},\"thumbnailUrl\":\"https:\\\/\\\/portalincluir.com.br\\\/wp-content\\\/uploads\\\/2025\\\/10\\\/Emilio-Figueira-Arquivo-pessoal-4-1-scaled-e1761414956354.jpg\",\"datePublished\":\"2025-10-25T17:56:50+00:00\",\"dateModified\":\"2025-10-25T17:56:51+00:00\",\"author\":{\"@id\":\"https:\\\/\\\/portalincluir.com.br\\\/#\\\/schema\\\/person\\\/8823664e5902eee555607fb75c4c35ae\"},\"breadcrumb\":{\"@id\":\"https:\\\/\\\/portalincluir.com.br\\\/index.php\\\/2025\\\/10\\\/25\\\/os-desafios-da-escola-e-sociedade-inclusiva\\\/#breadcrumb\"},\"inLanguage\":\"pt-BR\",\"potentialAction\":[{\"@type\":\"ReadAction\",\"target\":[\"https:\\\/\\\/portalincluir.com.br\\\/index.php\\\/2025\\\/10\\\/25\\\/os-desafios-da-escola-e-sociedade-inclusiva\\\/\"]}]},{\"@type\":\"ImageObject\",\"inLanguage\":\"pt-BR\",\"@id\":\"https:\\\/\\\/portalincluir.com.br\\\/index.php\\\/2025\\\/10\\\/25\\\/os-desafios-da-escola-e-sociedade-inclusiva\\\/#primaryimage\",\"url\":\"https:\\\/\\\/portalincluir.com.br\\\/wp-content\\\/uploads\\\/2025\\\/10\\\/Emilio-Figueira-Arquivo-pessoal-4-1-scaled-e1761414956354.jpg\",\"contentUrl\":\"https:\\\/\\\/portalincluir.com.br\\\/wp-content\\\/uploads\\\/2025\\\/10\\\/Emilio-Figueira-Arquivo-pessoal-4-1-scaled-e1761414956354.jpg\",\"width\":1709,\"height\":1412},{\"@type\":\"BreadcrumbList\",\"@id\":\"https:\\\/\\\/portalincluir.com.br\\\/index.php\\\/2025\\\/10\\\/25\\\/os-desafios-da-escola-e-sociedade-inclusiva\\\/#breadcrumb\",\"itemListElement\":[{\"@type\":\"ListItem\",\"position\":1,\"name\":\"In\u00edcio\",\"item\":\"https:\\\/\\\/portalincluir.com.br\\\/\"},{\"@type\":\"ListItem\",\"position\":2,\"name\":\"Os desafios da escola e sociedade inclusiva\"}]},{\"@type\":\"WebSite\",\"@id\":\"https:\\\/\\\/portalincluir.com.br\\\/#website\",\"url\":\"https:\\\/\\\/portalincluir.com.br\\\/\",\"name\":\"PORTAL INCLUIR\",\"description\":\"\",\"potentialAction\":[{\"@type\":\"SearchAction\",\"target\":{\"@type\":\"EntryPoint\",\"urlTemplate\":\"https:\\\/\\\/portalincluir.com.br\\\/?s={search_term_string}\"},\"query-input\":{\"@type\":\"PropertyValueSpecification\",\"valueRequired\":true,\"valueName\":\"search_term_string\"}}],\"inLanguage\":\"pt-BR\"},{\"@type\":\"Person\",\"@id\":\"https:\\\/\\\/portalincluir.com.br\\\/#\\\/schema\\\/person\\\/8823664e5902eee555607fb75c4c35ae\",\"name\":\"Portal Incluir\",\"image\":{\"@type\":\"ImageObject\",\"inLanguage\":\"pt-BR\",\"@id\":\"https:\\\/\\\/secure.gravatar.com\\\/avatar\\\/12085fe17e70c3550551519fe1f8f51fae69b1748563a47fc3bea53d91fbcbbd?s=96&d=mm&r=g\",\"url\":\"https:\\\/\\\/secure.gravatar.com\\\/avatar\\\/12085fe17e70c3550551519fe1f8f51fae69b1748563a47fc3bea53d91fbcbbd?s=96&d=mm&r=g\",\"contentUrl\":\"https:\\\/\\\/secure.gravatar.com\\\/avatar\\\/12085fe17e70c3550551519fe1f8f51fae69b1748563a47fc3bea53d91fbcbbd?s=96&d=mm&r=g\",\"caption\":\"Portal Incluir\"},\"sameAs\":[\"http:\\\/\\\/portalincluir.com.br\"],\"url\":\"https:\\\/\\\/portalincluir.com.br\\\/index.php\\\/author\\\/portalincluir-com-br\\\/\"}]}<\/script>\n<!-- \/ Yoast SEO plugin. -->","yoast_head_json":{"title":"Os desafios da escola e sociedade inclusiva - PORTAL INCLUIR","robots":{"index":"index","follow":"follow","max-snippet":"max-snippet:-1","max-image-preview":"max-image-preview:large","max-video-preview":"max-video-preview:-1"},"canonical":"https:\/\/portalincluir.com.br\/index.php\/2025\/10\/25\/os-desafios-da-escola-e-sociedade-inclusiva\/","og_locale":"pt_BR","og_type":"article","og_title":"Os desafios da escola e sociedade inclusiva - PORTAL INCLUIR","og_description":"A educa\u00e7\u00e3o inclusiva \u00e9 um princ\u00edpio fundamental que visa garantir que todas as pessoas, independentemente","og_url":"https:\/\/portalincluir.com.br\/index.php\/2025\/10\/25\/os-desafios-da-escola-e-sociedade-inclusiva\/","og_site_name":"PORTAL INCLUIR","article_published_time":"2025-10-25T17:56:50+00:00","article_modified_time":"2025-10-25T17:56:51+00:00","og_image":[{"width":1709,"height":1412,"url":"https:\/\/portalincluir.com.br\/wp-content\/uploads\/2025\/10\/Emilio-Figueira-Arquivo-pessoal-4-1-scaled-e1761414956354.jpg","type":"image\/jpeg"}],"author":"Portal Incluir","twitter_card":"summary_large_image","twitter_misc":{"Escrito por":"Portal Incluir","Est. tempo de leitura":"6 minutos"},"schema":{"@context":"https:\/\/schema.org","@graph":[{"@type":["Article","BlogPosting"],"@id":"https:\/\/portalincluir.com.br\/index.php\/2025\/10\/25\/os-desafios-da-escola-e-sociedade-inclusiva\/#article","isPartOf":{"@id":"https:\/\/portalincluir.com.br\/index.php\/2025\/10\/25\/os-desafios-da-escola-e-sociedade-inclusiva\/"},"author":{"name":"Portal Incluir","@id":"https:\/\/portalincluir.com.br\/#\/schema\/person\/8823664e5902eee555607fb75c4c35ae"},"headline":"Os desafios da escola e sociedade inclusiva","datePublished":"2025-10-25T17:56:50+00:00","dateModified":"2025-10-25T17:56:51+00:00","mainEntityOfPage":{"@id":"https:\/\/portalincluir.com.br\/index.php\/2025\/10\/25\/os-desafios-da-escola-e-sociedade-inclusiva\/"},"wordCount":1151,"commentCount":0,"image":{"@id":"https:\/\/portalincluir.com.br\/index.php\/2025\/10\/25\/os-desafios-da-escola-e-sociedade-inclusiva\/#primaryimage"},"thumbnailUrl":"https:\/\/portalincluir.com.br\/wp-content\/uploads\/2025\/10\/Emilio-Figueira-Arquivo-pessoal-4-1-scaled-e1761414956354.jpg","articleSection":["Opini\u00e3o","Portal"],"inLanguage":"pt-BR","potentialAction":[{"@type":"CommentAction","name":"Comment","target":["https:\/\/portalincluir.com.br\/index.php\/2025\/10\/25\/os-desafios-da-escola-e-sociedade-inclusiva\/#respond"]}]},{"@type":"WebPage","@id":"https:\/\/portalincluir.com.br\/index.php\/2025\/10\/25\/os-desafios-da-escola-e-sociedade-inclusiva\/","url":"https:\/\/portalincluir.com.br\/index.php\/2025\/10\/25\/os-desafios-da-escola-e-sociedade-inclusiva\/","name":"Os desafios da escola e sociedade inclusiva - PORTAL INCLUIR","isPartOf":{"@id":"https:\/\/portalincluir.com.br\/#website"},"primaryImageOfPage":{"@id":"https:\/\/portalincluir.com.br\/index.php\/2025\/10\/25\/os-desafios-da-escola-e-sociedade-inclusiva\/#primaryimage"},"image":{"@id":"https:\/\/portalincluir.com.br\/index.php\/2025\/10\/25\/os-desafios-da-escola-e-sociedade-inclusiva\/#primaryimage"},"thumbnailUrl":"https:\/\/portalincluir.com.br\/wp-content\/uploads\/2025\/10\/Emilio-Figueira-Arquivo-pessoal-4-1-scaled-e1761414956354.jpg","datePublished":"2025-10-25T17:56:50+00:00","dateModified":"2025-10-25T17:56:51+00:00","author":{"@id":"https:\/\/portalincluir.com.br\/#\/schema\/person\/8823664e5902eee555607fb75c4c35ae"},"breadcrumb":{"@id":"https:\/\/portalincluir.com.br\/index.php\/2025\/10\/25\/os-desafios-da-escola-e-sociedade-inclusiva\/#breadcrumb"},"inLanguage":"pt-BR","potentialAction":[{"@type":"ReadAction","target":["https:\/\/portalincluir.com.br\/index.php\/2025\/10\/25\/os-desafios-da-escola-e-sociedade-inclusiva\/"]}]},{"@type":"ImageObject","inLanguage":"pt-BR","@id":"https:\/\/portalincluir.com.br\/index.php\/2025\/10\/25\/os-desafios-da-escola-e-sociedade-inclusiva\/#primaryimage","url":"https:\/\/portalincluir.com.br\/wp-content\/uploads\/2025\/10\/Emilio-Figueira-Arquivo-pessoal-4-1-scaled-e1761414956354.jpg","contentUrl":"https:\/\/portalincluir.com.br\/wp-content\/uploads\/2025\/10\/Emilio-Figueira-Arquivo-pessoal-4-1-scaled-e1761414956354.jpg","width":1709,"height":1412},{"@type":"BreadcrumbList","@id":"https:\/\/portalincluir.com.br\/index.php\/2025\/10\/25\/os-desafios-da-escola-e-sociedade-inclusiva\/#breadcrumb","itemListElement":[{"@type":"ListItem","position":1,"name":"In\u00edcio","item":"https:\/\/portalincluir.com.br\/"},{"@type":"ListItem","position":2,"name":"Os desafios da escola e sociedade inclusiva"}]},{"@type":"WebSite","@id":"https:\/\/portalincluir.com.br\/#website","url":"https:\/\/portalincluir.com.br\/","name":"PORTAL INCLUIR","description":"","potentialAction":[{"@type":"SearchAction","target":{"@type":"EntryPoint","urlTemplate":"https:\/\/portalincluir.com.br\/?s={search_term_string}"},"query-input":{"@type":"PropertyValueSpecification","valueRequired":true,"valueName":"search_term_string"}}],"inLanguage":"pt-BR"},{"@type":"Person","@id":"https:\/\/portalincluir.com.br\/#\/schema\/person\/8823664e5902eee555607fb75c4c35ae","name":"Portal Incluir","image":{"@type":"ImageObject","inLanguage":"pt-BR","@id":"https:\/\/secure.gravatar.com\/avatar\/12085fe17e70c3550551519fe1f8f51fae69b1748563a47fc3bea53d91fbcbbd?s=96&d=mm&r=g","url":"https:\/\/secure.gravatar.com\/avatar\/12085fe17e70c3550551519fe1f8f51fae69b1748563a47fc3bea53d91fbcbbd?s=96&d=mm&r=g","contentUrl":"https:\/\/secure.gravatar.com\/avatar\/12085fe17e70c3550551519fe1f8f51fae69b1748563a47fc3bea53d91fbcbbd?s=96&d=mm&r=g","caption":"Portal Incluir"},"sameAs":["http:\/\/portalincluir.com.br"],"url":"https:\/\/portalincluir.com.br\/index.php\/author\/portalincluir-com-br\/"}]}},"_links":{"self":[{"href":"https:\/\/portalincluir.com.br\/index.php\/wp-json\/wp\/v2\/posts\/678","targetHints":{"allow":["GET"]}}],"collection":[{"href":"https:\/\/portalincluir.com.br\/index.php\/wp-json\/wp\/v2\/posts"}],"about":[{"href":"https:\/\/portalincluir.com.br\/index.php\/wp-json\/wp\/v2\/types\/post"}],"author":[{"embeddable":true,"href":"https:\/\/portalincluir.com.br\/index.php\/wp-json\/wp\/v2\/users\/1"}],"replies":[{"embeddable":true,"href":"https:\/\/portalincluir.com.br\/index.php\/wp-json\/wp\/v2\/comments?post=678"}],"version-history":[{"count":1,"href":"https:\/\/portalincluir.com.br\/index.php\/wp-json\/wp\/v2\/posts\/678\/revisions"}],"predecessor-version":[{"id":680,"href":"https:\/\/portalincluir.com.br\/index.php\/wp-json\/wp\/v2\/posts\/678\/revisions\/680"}],"wp:featuredmedia":[{"embeddable":true,"href":"https:\/\/portalincluir.com.br\/index.php\/wp-json\/wp\/v2\/media\/679"}],"wp:attachment":[{"href":"https:\/\/portalincluir.com.br\/index.php\/wp-json\/wp\/v2\/media?parent=678"}],"wp:term":[{"taxonomy":"category","embeddable":true,"href":"https:\/\/portalincluir.com.br\/index.php\/wp-json\/wp\/v2\/categories?post=678"},{"taxonomy":"post_tag","embeddable":true,"href":"https:\/\/portalincluir.com.br\/index.php\/wp-json\/wp\/v2\/tags?post=678"}],"curies":[{"name":"wp","href":"https:\/\/api.w.org\/{rel}","templated":true}]}}