{"id":684,"date":"2025-10-27T09:46:47","date_gmt":"2025-10-27T12:46:47","guid":{"rendered":"https:\/\/portalincluir.com.br\/?p=684"},"modified":"2025-10-27T09:47:59","modified_gmt":"2025-10-27T12:47:59","slug":"tdah-atencao-pais-suspender-a-medicacao-prescrita-do-seu-filho-para-a-escola-pode-se-caracterizar-como-crime","status":"publish","type":"post","link":"https:\/\/portalincluir.com.br\/index.php\/2025\/10\/27\/tdah-atencao-pais-suspender-a-medicacao-prescrita-do-seu-filho-para-a-escola-pode-se-caracterizar-como-crime\/","title":{"rendered":"TDAH &#8211; Aten\u00e7\u00e3o pais: suspender a medica\u00e7\u00e3o prescrita do seu filho para a escola pode se caracterizar como crime"},"content":{"rendered":"\n<p>O Estatuto da Crian\u00e7a e do Adolescente assegura a todas as crian\u00e7as e adolescentes o direito \u00e0 sa\u00fade e \u00e0 educa\u00e7\u00e3o. No entanto, uma pr\u00e1tica que tem preocupado especialistas e educadores \u00e9 a decis\u00e3o de alguns pais de suspender a medica\u00e7\u00e3o indicada por especialistas durante o per\u00edodo escolar, com o intuito de \u201cguardar o efeito\u201d para uso em casa. Essa atitude, al\u00e9m de prejudicar o desenvolvimento integral da crian\u00e7a, pode ser enquadrada legalmente como omiss\u00e3o de cuidado.<\/p>\n\n\n\n<p>Quando a medica\u00e7\u00e3o \u00e9 retirada na escola, a crian\u00e7a com autismo encontra maiores dificuldades para manter a aten\u00e7\u00e3o, controlar impulsos e gerenciar crises de irrita\u00e7\u00e3o. O resultado imediato \u00e9 a sensa\u00e7\u00e3o constante de fracasso, por n\u00e3o conseguir acompanhar o ritmo dos colegas. S\u00e3o elas que mais sofrem, mas o impacto n\u00e3o para por a\u00ed: professores precisam investir uma energia extra para tentar incluir esse aluno, e a conviv\u00eancia entre colegas pode ser prejudicada, gerando rejei\u00e7\u00e3o e isolamento social. A escola, por sua vez, fica sobrecarregada e malvista, quando, na verdade, sofre a falta do suporte familiar.<\/p>\n\n\n\n<p>A decis\u00e3o de \u201cguardar o efeito\u201d da medica\u00e7\u00e3o n\u00e3o \u00e9 neutra. Pode prejudicar n\u00e3o apenas o aprendizado da crian\u00e7a, mas tamb\u00e9m comprometer o desenvolvimento da turma inteira. Al\u00e9m disso, se caracteriza como omiss\u00e3o do cuidado necess\u00e1rio, com poss\u00edvel responsabiliza\u00e7\u00e3o legal dos respons\u00e1veis.<\/p>\n\n\n\n<p>\u00c9 fundamental entender que a medica\u00e7\u00e3o n\u00e3o tem o objetivo de proporcionar \u201csossego\u201d apenas em casa, mas sim garantir condi\u00e7\u00f5es reais para que a crian\u00e7a possa desenvolver seu potencial na escola, ambiente onde ela passa a maior parte do seu dia.<\/p>\n\n\n\n<p>Pais, a escolha deve ser pelo bem-estar completo do seu filho, integrando cuidado em casa e na escola, pois garantir esse suporte integral \u00e9 garantir suas melhores chances para o futuro.<\/p>\n\n\n\n<p>Fonte: <a href=\"https:\/\/www.instagram.com\/p\/DPUiShtkUEj\/?igsh=cmswaDN1NnhkN3hl\" target=\"_blank\" rel=\"noreferrer noopener\">@ofabioflores<\/a><\/p>\n\n\n\n<p><\/p>\n","protected":false},"excerpt":{"rendered":"<p>O Estatuto da Crian\u00e7a e do Adolescente assegura a todas as crian\u00e7as e adolescentes o<\/p>\n","protected":false},"author":1,"featured_media":685,"comment_status":"open","ping_status":"open","sticky":false,"template":"","format":"standard","meta":{"om_disable_all_campaigns":false,"_monsterinsights_skip_tracking":false,"_monsterinsights_sitenote_active":false,"_monsterinsights_sitenote_note":"","_monsterinsights_sitenote_category":0,"_uf_show_specific_survey":0,"_uf_disable_surveys":false,"footnotes":""},"categories":[9],"tags":[],"class_list":["post-684","post","type-post","status-publish","format-standard","has-post-thumbnail","hentry","category-noticias"],"yoast_head":"<!-- This site is optimized with the Yoast SEO plugin v27.4 - https:\/\/yoast.com\/product\/yoast-seo-wordpress\/ -->\n<title>TDAH - Aten\u00e7\u00e3o pais: suspender a medica\u00e7\u00e3o prescrita do seu filho para a escola pode se caracterizar como crime - PORTAL INCLUIR<\/title>\n<meta name=\"robots\" content=\"index, follow, max-snippet:-1, max-image-preview:large, max-video-preview:-1\" \/>\n<link rel=\"canonical\" href=\"https:\/\/portalincluir.com.br\/index.php\/2025\/10\/27\/tdah-atencao-pais-suspender-a-medicacao-prescrita-do-seu-filho-para-a-escola-pode-se-caracterizar-como-crime\/\" \/>\n<meta property=\"og:locale\" content=\"pt_BR\" \/>\n<meta property=\"og:type\" content=\"article\" \/>\n<meta property=\"og:title\" content=\"TDAH - Aten\u00e7\u00e3o pais: suspender a medica\u00e7\u00e3o prescrita do seu filho para a escola pode se caracterizar como crime - PORTAL INCLUIR\" \/>\n<meta property=\"og:description\" content=\"O Estatuto da Crian\u00e7a e do Adolescente assegura a todas as crian\u00e7as e adolescentes o\" \/>\n<meta property=\"og:url\" content=\"https:\/\/portalincluir.com.br\/index.php\/2025\/10\/27\/tdah-atencao-pais-suspender-a-medicacao-prescrita-do-seu-filho-para-a-escola-pode-se-caracterizar-como-crime\/\" \/>\n<meta property=\"og:site_name\" content=\"PORTAL INCLUIR\" \/>\n<meta property=\"article:published_time\" content=\"2025-10-27T12:46:47+00:00\" \/>\n<meta property=\"article:modified_time\" content=\"2025-10-27T12:47:59+00:00\" \/>\n<meta property=\"og:image\" content=\"https:\/\/portalincluir.com.br\/wp-content\/uploads\/2025\/10\/images.jpg\" \/>\n\t<meta property=\"og:image:width\" content=\"201\" \/>\n\t<meta property=\"og:image:height\" content=\"170\" \/>\n\t<meta property=\"og:image:type\" content=\"image\/jpeg\" \/>\n<meta name=\"author\" content=\"Portal Incluir\" \/>\n<meta name=\"twitter:card\" content=\"summary_large_image\" \/>\n<meta name=\"twitter:label1\" content=\"Escrito por\" \/>\n\t<meta name=\"twitter:data1\" content=\"Portal Incluir\" \/>\n\t<meta name=\"twitter:label2\" content=\"Est. tempo de leitura\" \/>\n\t<meta name=\"twitter:data2\" content=\"2 minutos\" \/>\n<script type=\"application\/ld+json\" class=\"yoast-schema-graph\">{\"@context\":\"https:\\\/\\\/schema.org\",\"@graph\":[{\"@type\":[\"Article\",\"BlogPosting\"],\"@id\":\"https:\\\/\\\/portalincluir.com.br\\\/index.php\\\/2025\\\/10\\\/27\\\/tdah-atencao-pais-suspender-a-medicacao-prescrita-do-seu-filho-para-a-escola-pode-se-caracterizar-como-crime\\\/#article\",\"isPartOf\":{\"@id\":\"https:\\\/\\\/portalincluir.com.br\\\/index.php\\\/2025\\\/10\\\/27\\\/tdah-atencao-pais-suspender-a-medicacao-prescrita-do-seu-filho-para-a-escola-pode-se-caracterizar-como-crime\\\/\"},\"author\":{\"name\":\"Portal Incluir\",\"@id\":\"https:\\\/\\\/portalincluir.com.br\\\/#\\\/schema\\\/person\\\/8823664e5902eee555607fb75c4c35ae\"},\"headline\":\"TDAH &#8211; Aten\u00e7\u00e3o pais: suspender a medica\u00e7\u00e3o prescrita do seu filho para a escola pode se caracterizar como crime\",\"datePublished\":\"2025-10-27T12:46:47+00:00\",\"dateModified\":\"2025-10-27T12:47:59+00:00\",\"mainEntityOfPage\":{\"@id\":\"https:\\\/\\\/portalincluir.com.br\\\/index.php\\\/2025\\\/10\\\/27\\\/tdah-atencao-pais-suspender-a-medicacao-prescrita-do-seu-filho-para-a-escola-pode-se-caracterizar-como-crime\\\/\"},\"wordCount\":339,\"commentCount\":0,\"image\":{\"@id\":\"https:\\\/\\\/portalincluir.com.br\\\/index.php\\\/2025\\\/10\\\/27\\\/tdah-atencao-pais-suspender-a-medicacao-prescrita-do-seu-filho-para-a-escola-pode-se-caracterizar-como-crime\\\/#primaryimage\"},\"thumbnailUrl\":\"https:\\\/\\\/portalincluir.com.br\\\/wp-content\\\/uploads\\\/2025\\\/10\\\/images.jpg\",\"articleSection\":[\"Not\u00edcias\"],\"inLanguage\":\"pt-BR\",\"potentialAction\":[{\"@type\":\"CommentAction\",\"name\":\"Comment\",\"target\":[\"https:\\\/\\\/portalincluir.com.br\\\/index.php\\\/2025\\\/10\\\/27\\\/tdah-atencao-pais-suspender-a-medicacao-prescrita-do-seu-filho-para-a-escola-pode-se-caracterizar-como-crime\\\/#respond\"]}]},{\"@type\":\"WebPage\",\"@id\":\"https:\\\/\\\/portalincluir.com.br\\\/index.php\\\/2025\\\/10\\\/27\\\/tdah-atencao-pais-suspender-a-medicacao-prescrita-do-seu-filho-para-a-escola-pode-se-caracterizar-como-crime\\\/\",\"url\":\"https:\\\/\\\/portalincluir.com.br\\\/index.php\\\/2025\\\/10\\\/27\\\/tdah-atencao-pais-suspender-a-medicacao-prescrita-do-seu-filho-para-a-escola-pode-se-caracterizar-como-crime\\\/\",\"name\":\"TDAH - Aten\u00e7\u00e3o pais: suspender a medica\u00e7\u00e3o prescrita do seu filho para a escola pode se caracterizar como crime - PORTAL INCLUIR\",\"isPartOf\":{\"@id\":\"https:\\\/\\\/portalincluir.com.br\\\/#website\"},\"primaryImageOfPage\":{\"@id\":\"https:\\\/\\\/portalincluir.com.br\\\/index.php\\\/2025\\\/10\\\/27\\\/tdah-atencao-pais-suspender-a-medicacao-prescrita-do-seu-filho-para-a-escola-pode-se-caracterizar-como-crime\\\/#primaryimage\"},\"image\":{\"@id\":\"https:\\\/\\\/portalincluir.com.br\\\/index.php\\\/2025\\\/10\\\/27\\\/tdah-atencao-pais-suspender-a-medicacao-prescrita-do-seu-filho-para-a-escola-pode-se-caracterizar-como-crime\\\/#primaryimage\"},\"thumbnailUrl\":\"https:\\\/\\\/portalincluir.com.br\\\/wp-content\\\/uploads\\\/2025\\\/10\\\/images.jpg\",\"datePublished\":\"2025-10-27T12:46:47+00:00\",\"dateModified\":\"2025-10-27T12:47:59+00:00\",\"author\":{\"@id\":\"https:\\\/\\\/portalincluir.com.br\\\/#\\\/schema\\\/person\\\/8823664e5902eee555607fb75c4c35ae\"},\"breadcrumb\":{\"@id\":\"https:\\\/\\\/portalincluir.com.br\\\/index.php\\\/2025\\\/10\\\/27\\\/tdah-atencao-pais-suspender-a-medicacao-prescrita-do-seu-filho-para-a-escola-pode-se-caracterizar-como-crime\\\/#breadcrumb\"},\"inLanguage\":\"pt-BR\",\"potentialAction\":[{\"@type\":\"ReadAction\",\"target\":[\"https:\\\/\\\/portalincluir.com.br\\\/index.php\\\/2025\\\/10\\\/27\\\/tdah-atencao-pais-suspender-a-medicacao-prescrita-do-seu-filho-para-a-escola-pode-se-caracterizar-como-crime\\\/\"]}]},{\"@type\":\"ImageObject\",\"inLanguage\":\"pt-BR\",\"@id\":\"https:\\\/\\\/portalincluir.com.br\\\/index.php\\\/2025\\\/10\\\/27\\\/tdah-atencao-pais-suspender-a-medicacao-prescrita-do-seu-filho-para-a-escola-pode-se-caracterizar-como-crime\\\/#primaryimage\",\"url\":\"https:\\\/\\\/portalincluir.com.br\\\/wp-content\\\/uploads\\\/2025\\\/10\\\/images.jpg\",\"contentUrl\":\"https:\\\/\\\/portalincluir.com.br\\\/wp-content\\\/uploads\\\/2025\\\/10\\\/images.jpg\",\"width\":201,\"height\":170},{\"@type\":\"BreadcrumbList\",\"@id\":\"https:\\\/\\\/portalincluir.com.br\\\/index.php\\\/2025\\\/10\\\/27\\\/tdah-atencao-pais-suspender-a-medicacao-prescrita-do-seu-filho-para-a-escola-pode-se-caracterizar-como-crime\\\/#breadcrumb\",\"itemListElement\":[{\"@type\":\"ListItem\",\"position\":1,\"name\":\"In\u00edcio\",\"item\":\"https:\\\/\\\/portalincluir.com.br\\\/\"},{\"@type\":\"ListItem\",\"position\":2,\"name\":\"TDAH &#8211; Aten\u00e7\u00e3o pais: suspender a medica\u00e7\u00e3o prescrita do seu filho para a escola pode se caracterizar como crime\"}]},{\"@type\":\"WebSite\",\"@id\":\"https:\\\/\\\/portalincluir.com.br\\\/#website\",\"url\":\"https:\\\/\\\/portalincluir.com.br\\\/\",\"name\":\"PORTAL INCLUIR\",\"description\":\"\",\"potentialAction\":[{\"@type\":\"SearchAction\",\"target\":{\"@type\":\"EntryPoint\",\"urlTemplate\":\"https:\\\/\\\/portalincluir.com.br\\\/?s={search_term_string}\"},\"query-input\":{\"@type\":\"PropertyValueSpecification\",\"valueRequired\":true,\"valueName\":\"search_term_string\"}}],\"inLanguage\":\"pt-BR\"},{\"@type\":\"Person\",\"@id\":\"https:\\\/\\\/portalincluir.com.br\\\/#\\\/schema\\\/person\\\/8823664e5902eee555607fb75c4c35ae\",\"name\":\"Portal Incluir\",\"image\":{\"@type\":\"ImageObject\",\"inLanguage\":\"pt-BR\",\"@id\":\"https:\\\/\\\/secure.gravatar.com\\\/avatar\\\/12085fe17e70c3550551519fe1f8f51fae69b1748563a47fc3bea53d91fbcbbd?s=96&d=mm&r=g\",\"url\":\"https:\\\/\\\/secure.gravatar.com\\\/avatar\\\/12085fe17e70c3550551519fe1f8f51fae69b1748563a47fc3bea53d91fbcbbd?s=96&d=mm&r=g\",\"contentUrl\":\"https:\\\/\\\/secure.gravatar.com\\\/avatar\\\/12085fe17e70c3550551519fe1f8f51fae69b1748563a47fc3bea53d91fbcbbd?s=96&d=mm&r=g\",\"caption\":\"Portal Incluir\"},\"sameAs\":[\"http:\\\/\\\/portalincluir.com.br\"],\"url\":\"https:\\\/\\\/portalincluir.com.br\\\/index.php\\\/author\\\/portalincluir-com-br\\\/\"}]}<\/script>\n<!-- \/ Yoast SEO plugin. -->","yoast_head_json":{"title":"TDAH - Aten\u00e7\u00e3o pais: suspender a medica\u00e7\u00e3o prescrita do seu filho para a escola pode se caracterizar como crime - PORTAL INCLUIR","robots":{"index":"index","follow":"follow","max-snippet":"max-snippet:-1","max-image-preview":"max-image-preview:large","max-video-preview":"max-video-preview:-1"},"canonical":"https:\/\/portalincluir.com.br\/index.php\/2025\/10\/27\/tdah-atencao-pais-suspender-a-medicacao-prescrita-do-seu-filho-para-a-escola-pode-se-caracterizar-como-crime\/","og_locale":"pt_BR","og_type":"article","og_title":"TDAH - Aten\u00e7\u00e3o pais: suspender a medica\u00e7\u00e3o prescrita do seu filho para a escola pode se caracterizar como crime - PORTAL INCLUIR","og_description":"O Estatuto da Crian\u00e7a e do Adolescente assegura a todas as crian\u00e7as e adolescentes o","og_url":"https:\/\/portalincluir.com.br\/index.php\/2025\/10\/27\/tdah-atencao-pais-suspender-a-medicacao-prescrita-do-seu-filho-para-a-escola-pode-se-caracterizar-como-crime\/","og_site_name":"PORTAL INCLUIR","article_published_time":"2025-10-27T12:46:47+00:00","article_modified_time":"2025-10-27T12:47:59+00:00","og_image":[{"width":201,"height":170,"url":"https:\/\/portalincluir.com.br\/wp-content\/uploads\/2025\/10\/images.jpg","type":"image\/jpeg"}],"author":"Portal Incluir","twitter_card":"summary_large_image","twitter_misc":{"Escrito por":"Portal Incluir","Est. tempo de leitura":"2 minutos"},"schema":{"@context":"https:\/\/schema.org","@graph":[{"@type":["Article","BlogPosting"],"@id":"https:\/\/portalincluir.com.br\/index.php\/2025\/10\/27\/tdah-atencao-pais-suspender-a-medicacao-prescrita-do-seu-filho-para-a-escola-pode-se-caracterizar-como-crime\/#article","isPartOf":{"@id":"https:\/\/portalincluir.com.br\/index.php\/2025\/10\/27\/tdah-atencao-pais-suspender-a-medicacao-prescrita-do-seu-filho-para-a-escola-pode-se-caracterizar-como-crime\/"},"author":{"name":"Portal Incluir","@id":"https:\/\/portalincluir.com.br\/#\/schema\/person\/8823664e5902eee555607fb75c4c35ae"},"headline":"TDAH &#8211; Aten\u00e7\u00e3o pais: suspender a medica\u00e7\u00e3o prescrita do seu filho para a escola pode se caracterizar como crime","datePublished":"2025-10-27T12:46:47+00:00","dateModified":"2025-10-27T12:47:59+00:00","mainEntityOfPage":{"@id":"https:\/\/portalincluir.com.br\/index.php\/2025\/10\/27\/tdah-atencao-pais-suspender-a-medicacao-prescrita-do-seu-filho-para-a-escola-pode-se-caracterizar-como-crime\/"},"wordCount":339,"commentCount":0,"image":{"@id":"https:\/\/portalincluir.com.br\/index.php\/2025\/10\/27\/tdah-atencao-pais-suspender-a-medicacao-prescrita-do-seu-filho-para-a-escola-pode-se-caracterizar-como-crime\/#primaryimage"},"thumbnailUrl":"https:\/\/portalincluir.com.br\/wp-content\/uploads\/2025\/10\/images.jpg","articleSection":["Not\u00edcias"],"inLanguage":"pt-BR","potentialAction":[{"@type":"CommentAction","name":"Comment","target":["https:\/\/portalincluir.com.br\/index.php\/2025\/10\/27\/tdah-atencao-pais-suspender-a-medicacao-prescrita-do-seu-filho-para-a-escola-pode-se-caracterizar-como-crime\/#respond"]}]},{"@type":"WebPage","@id":"https:\/\/portalincluir.com.br\/index.php\/2025\/10\/27\/tdah-atencao-pais-suspender-a-medicacao-prescrita-do-seu-filho-para-a-escola-pode-se-caracterizar-como-crime\/","url":"https:\/\/portalincluir.com.br\/index.php\/2025\/10\/27\/tdah-atencao-pais-suspender-a-medicacao-prescrita-do-seu-filho-para-a-escola-pode-se-caracterizar-como-crime\/","name":"TDAH - Aten\u00e7\u00e3o pais: suspender a medica\u00e7\u00e3o prescrita do seu filho para a escola pode se caracterizar como crime - PORTAL INCLUIR","isPartOf":{"@id":"https:\/\/portalincluir.com.br\/#website"},"primaryImageOfPage":{"@id":"https:\/\/portalincluir.com.br\/index.php\/2025\/10\/27\/tdah-atencao-pais-suspender-a-medicacao-prescrita-do-seu-filho-para-a-escola-pode-se-caracterizar-como-crime\/#primaryimage"},"image":{"@id":"https:\/\/portalincluir.com.br\/index.php\/2025\/10\/27\/tdah-atencao-pais-suspender-a-medicacao-prescrita-do-seu-filho-para-a-escola-pode-se-caracterizar-como-crime\/#primaryimage"},"thumbnailUrl":"https:\/\/portalincluir.com.br\/wp-content\/uploads\/2025\/10\/images.jpg","datePublished":"2025-10-27T12:46:47+00:00","dateModified":"2025-10-27T12:47:59+00:00","author":{"@id":"https:\/\/portalincluir.com.br\/#\/schema\/person\/8823664e5902eee555607fb75c4c35ae"},"breadcrumb":{"@id":"https:\/\/portalincluir.com.br\/index.php\/2025\/10\/27\/tdah-atencao-pais-suspender-a-medicacao-prescrita-do-seu-filho-para-a-escola-pode-se-caracterizar-como-crime\/#breadcrumb"},"inLanguage":"pt-BR","potentialAction":[{"@type":"ReadAction","target":["https:\/\/portalincluir.com.br\/index.php\/2025\/10\/27\/tdah-atencao-pais-suspender-a-medicacao-prescrita-do-seu-filho-para-a-escola-pode-se-caracterizar-como-crime\/"]}]},{"@type":"ImageObject","inLanguage":"pt-BR","@id":"https:\/\/portalincluir.com.br\/index.php\/2025\/10\/27\/tdah-atencao-pais-suspender-a-medicacao-prescrita-do-seu-filho-para-a-escola-pode-se-caracterizar-como-crime\/#primaryimage","url":"https:\/\/portalincluir.com.br\/wp-content\/uploads\/2025\/10\/images.jpg","contentUrl":"https:\/\/portalincluir.com.br\/wp-content\/uploads\/2025\/10\/images.jpg","width":201,"height":170},{"@type":"BreadcrumbList","@id":"https:\/\/portalincluir.com.br\/index.php\/2025\/10\/27\/tdah-atencao-pais-suspender-a-medicacao-prescrita-do-seu-filho-para-a-escola-pode-se-caracterizar-como-crime\/#breadcrumb","itemListElement":[{"@type":"ListItem","position":1,"name":"In\u00edcio","item":"https:\/\/portalincluir.com.br\/"},{"@type":"ListItem","position":2,"name":"TDAH &#8211; Aten\u00e7\u00e3o pais: suspender a medica\u00e7\u00e3o prescrita do seu filho para a escola pode se caracterizar como crime"}]},{"@type":"WebSite","@id":"https:\/\/portalincluir.com.br\/#website","url":"https:\/\/portalincluir.com.br\/","name":"PORTAL INCLUIR","description":"","potentialAction":[{"@type":"SearchAction","target":{"@type":"EntryPoint","urlTemplate":"https:\/\/portalincluir.com.br\/?s={search_term_string}"},"query-input":{"@type":"PropertyValueSpecification","valueRequired":true,"valueName":"search_term_string"}}],"inLanguage":"pt-BR"},{"@type":"Person","@id":"https:\/\/portalincluir.com.br\/#\/schema\/person\/8823664e5902eee555607fb75c4c35ae","name":"Portal Incluir","image":{"@type":"ImageObject","inLanguage":"pt-BR","@id":"https:\/\/secure.gravatar.com\/avatar\/12085fe17e70c3550551519fe1f8f51fae69b1748563a47fc3bea53d91fbcbbd?s=96&d=mm&r=g","url":"https:\/\/secure.gravatar.com\/avatar\/12085fe17e70c3550551519fe1f8f51fae69b1748563a47fc3bea53d91fbcbbd?s=96&d=mm&r=g","contentUrl":"https:\/\/secure.gravatar.com\/avatar\/12085fe17e70c3550551519fe1f8f51fae69b1748563a47fc3bea53d91fbcbbd?s=96&d=mm&r=g","caption":"Portal Incluir"},"sameAs":["http:\/\/portalincluir.com.br"],"url":"https:\/\/portalincluir.com.br\/index.php\/author\/portalincluir-com-br\/"}]}},"_links":{"self":[{"href":"https:\/\/portalincluir.com.br\/index.php\/wp-json\/wp\/v2\/posts\/684","targetHints":{"allow":["GET"]}}],"collection":[{"href":"https:\/\/portalincluir.com.br\/index.php\/wp-json\/wp\/v2\/posts"}],"about":[{"href":"https:\/\/portalincluir.com.br\/index.php\/wp-json\/wp\/v2\/types\/post"}],"author":[{"embeddable":true,"href":"https:\/\/portalincluir.com.br\/index.php\/wp-json\/wp\/v2\/users\/1"}],"replies":[{"embeddable":true,"href":"https:\/\/portalincluir.com.br\/index.php\/wp-json\/wp\/v2\/comments?post=684"}],"version-history":[{"count":2,"href":"https:\/\/portalincluir.com.br\/index.php\/wp-json\/wp\/v2\/posts\/684\/revisions"}],"predecessor-version":[{"id":687,"href":"https:\/\/portalincluir.com.br\/index.php\/wp-json\/wp\/v2\/posts\/684\/revisions\/687"}],"wp:featuredmedia":[{"embeddable":true,"href":"https:\/\/portalincluir.com.br\/index.php\/wp-json\/wp\/v2\/media\/685"}],"wp:attachment":[{"href":"https:\/\/portalincluir.com.br\/index.php\/wp-json\/wp\/v2\/media?parent=684"}],"wp:term":[{"taxonomy":"category","embeddable":true,"href":"https:\/\/portalincluir.com.br\/index.php\/wp-json\/wp\/v2\/categories?post=684"},{"taxonomy":"post_tag","embeddable":true,"href":"https:\/\/portalincluir.com.br\/index.php\/wp-json\/wp\/v2\/tags?post=684"}],"curies":[{"name":"wp","href":"https:\/\/api.w.org\/{rel}","templated":true}]}}