{"id":688,"date":"2025-10-27T10:11:19","date_gmt":"2025-10-27T13:11:19","guid":{"rendered":"https:\/\/portalincluir.com.br\/?p=688"},"modified":"2025-10-27T10:11:19","modified_gmt":"2025-10-27T13:11:19","slug":"comissao-aprova-projeto-que-tipifica-como-crime-causar-sofrimento-a-pessoa-em-razao-de-sua-deficiencia","status":"publish","type":"post","link":"https:\/\/portalincluir.com.br\/index.php\/2025\/10\/27\/comissao-aprova-projeto-que-tipifica-como-crime-causar-sofrimento-a-pessoa-em-razao-de-sua-deficiencia\/","title":{"rendered":"Comiss\u00e3o aprova projeto que tipifica como crime causar sofrimento a pessoa em raz\u00e3o de sua defici\u00eancia"},"content":{"rendered":"\n<p>A Comiss\u00e3o de Defesa dos Direitos das Pessoas com Defici\u00eancia da C\u00e2mara dos Deputados aprovou uma importante proposta que fortalece a prote\u00e7\u00e3o contra maus-tratos. Agora, causar sofrimento f\u00edsico ou mental a uma pessoa por conta de sua defici\u00eancia ser\u00e1 crime, com pena de deten\u00e7\u00e3o de um a tr\u00eas anos. Se a v\u00edtima estiver sob os cuidados do autor do ato, a pena poder\u00e1 ser aumentada em um ter\u00e7o.<\/p>\n\n\n\n<p>Essa medida \u00e9 resultado da aprova\u00e7\u00e3o de um substitutivo apresentado pelo deputado Felipe Becari (Uni\u00e3o-SP) ao&nbsp;<a rel=\"noreferrer noopener\" target=\"_blank\" href=\"https:\/\/www.camara.leg.br\/noticias\/1147258-protecao-ao-silencio-projeto-busca-garantir-respeito-as-pessoas-com-autismo\">Projeto de Lei 4299\/24<\/a>, originalmente de autoria do deputado Glaustin da Fokus (Pode-GO). Enquanto o texto inicial focava no&nbsp;transtorno do espectro autista (TEA)\ufeff&nbsp;e detalhava formas espec\u00edficas de perturba\u00e7\u00e3o, como abuso de instrumentos musicais e sons, o substitutivo optou por uma abordagem mais ampla e concisa: punir quem causar qualquer sofrimento f\u00edsico ou mental devido \u00e0 defici\u00eancia da pessoa.<\/p>\n\n\n\n<p>Segundo Becari, a mudan\u00e7a visa alinhar a lei ao regime jur\u00eddico existente que protege pessoas com defici\u00eancia, incluindo explicitamente aquelas com&nbsp;TEA\ufeff. A altera\u00e7\u00e3o ocorrer\u00e1 no&nbsp;<a rel=\"noreferrer noopener\" target=\"_blank\" href=\"https:\/\/www2.camara.leg.br\/legin\/fed\/lei\/2015\/lei-13146-6-julho-2015-781174-norma-pl.html\">Estatuto da Pessoa com Defici\u00eancia<\/a>, fortalecendo os direitos e a dignidade dessas pessoas.<\/p>\n\n\n\n<h2 class=\"wp-block-heading\">Pr\u00f3ximos passos da proposta<\/h2>\n\n\n\n<p>Ap\u00f3s essa aprova\u00e7\u00e3o, o projeto seguir\u00e1 para an\u00e1lise na Comiss\u00e3o de Constitui\u00e7\u00e3o e Justi\u00e7a e de Cidadania. Depois, ser\u00e1 discutido e votado em Plen\u00e1rio para que possa avan\u00e7ar no processo legislativo.<\/p>\n\n\n\n<p>Protegendo a dignidade e os direitos das pessoas com defici\u00eancia, essa iniciativa mostra um passo significativo rumo a uma sociedade mais inclusiva e respeitosa.<\/p>\n\n\n\n<p>Reportagem \u2013 Emanuelle Brasil<br>Edi\u00e7\u00e3o \u2013 Ana Chalub<br>Fonte: Ag\u00eancia C\u00e2mara de Not\u00edcias<\/p>\n\n\n\n<p>Imagem: <a href=\"https:\/\/tismoo.com.br\/\">Tismoo<\/a><\/p>\n","protected":false},"excerpt":{"rendered":"<p>A Comiss\u00e3o de Defesa dos Direitos das Pessoas com Defici\u00eancia da C\u00e2mara dos Deputados aprovou<\/p>\n","protected":false},"author":1,"featured_media":689,"comment_status":"open","ping_status":"open","sticky":false,"template":"","format":"standard","meta":{"om_disable_all_campaigns":false,"_monsterinsights_skip_tracking":false,"_monsterinsights_sitenote_active":false,"_monsterinsights_sitenote_note":"","_monsterinsights_sitenote_category":0,"_uf_show_specific_survey":0,"_uf_disable_surveys":false,"footnotes":""},"categories":[6,1],"tags":[],"class_list":["post-688","post","type-post","status-publish","format-standard","has-post-thumbnail","hentry","category-autismo","category-portal"],"yoast_head":"<!-- This site is optimized with the Yoast SEO plugin v27.4 - https:\/\/yoast.com\/product\/yoast-seo-wordpress\/ -->\n<title>Comiss\u00e3o aprova projeto que tipifica como crime causar sofrimento a pessoa em raz\u00e3o de sua defici\u00eancia - PORTAL INCLUIR<\/title>\n<meta name=\"robots\" content=\"index, follow, max-snippet:-1, max-image-preview:large, max-video-preview:-1\" \/>\n<link rel=\"canonical\" href=\"https:\/\/portalincluir.com.br\/index.php\/2025\/10\/27\/comissao-aprova-projeto-que-tipifica-como-crime-causar-sofrimento-a-pessoa-em-razao-de-sua-deficiencia\/\" \/>\n<meta property=\"og:locale\" content=\"pt_BR\" \/>\n<meta property=\"og:type\" content=\"article\" \/>\n<meta property=\"og:title\" content=\"Comiss\u00e3o aprova projeto que tipifica como crime causar sofrimento a pessoa em raz\u00e3o de sua defici\u00eancia - PORTAL INCLUIR\" \/>\n<meta property=\"og:description\" content=\"A Comiss\u00e3o de Defesa dos Direitos das Pessoas com Defici\u00eancia da C\u00e2mara dos Deputados aprovou\" \/>\n<meta property=\"og:url\" content=\"https:\/\/portalincluir.com.br\/index.php\/2025\/10\/27\/comissao-aprova-projeto-que-tipifica-como-crime-causar-sofrimento-a-pessoa-em-razao-de-sua-deficiencia\/\" \/>\n<meta property=\"og:site_name\" content=\"PORTAL INCLUIR\" \/>\n<meta property=\"article:published_time\" content=\"2025-10-27T13:11:19+00:00\" \/>\n<meta property=\"og:image\" content=\"https:\/\/portalincluir.com.br\/wp-content\/uploads\/2025\/10\/portal-autista-sala-aula.jpg\" \/>\n\t<meta property=\"og:image:width\" content=\"900\" \/>\n\t<meta property=\"og:image:height\" content=\"588\" \/>\n\t<meta property=\"og:image:type\" content=\"image\/jpeg\" \/>\n<meta name=\"author\" content=\"Portal Incluir\" \/>\n<meta name=\"twitter:card\" content=\"summary_large_image\" \/>\n<meta name=\"twitter:label1\" content=\"Escrito por\" \/>\n\t<meta name=\"twitter:data1\" content=\"Portal Incluir\" \/>\n\t<meta name=\"twitter:label2\" content=\"Est. tempo de leitura\" \/>\n\t<meta name=\"twitter:data2\" content=\"1 minuto\" \/>\n<script type=\"application\/ld+json\" class=\"yoast-schema-graph\">{\"@context\":\"https:\\\/\\\/schema.org\",\"@graph\":[{\"@type\":[\"Article\",\"BlogPosting\"],\"@id\":\"https:\\\/\\\/portalincluir.com.br\\\/index.php\\\/2025\\\/10\\\/27\\\/comissao-aprova-projeto-que-tipifica-como-crime-causar-sofrimento-a-pessoa-em-razao-de-sua-deficiencia\\\/#article\",\"isPartOf\":{\"@id\":\"https:\\\/\\\/portalincluir.com.br\\\/index.php\\\/2025\\\/10\\\/27\\\/comissao-aprova-projeto-que-tipifica-como-crime-causar-sofrimento-a-pessoa-em-razao-de-sua-deficiencia\\\/\"},\"author\":{\"name\":\"Portal Incluir\",\"@id\":\"https:\\\/\\\/portalincluir.com.br\\\/#\\\/schema\\\/person\\\/8823664e5902eee555607fb75c4c35ae\"},\"headline\":\"Comiss\u00e3o aprova projeto que tipifica como crime causar sofrimento a pessoa em raz\u00e3o de sua defici\u00eancia\",\"datePublished\":\"2025-10-27T13:11:19+00:00\",\"mainEntityOfPage\":{\"@id\":\"https:\\\/\\\/portalincluir.com.br\\\/index.php\\\/2025\\\/10\\\/27\\\/comissao-aprova-projeto-que-tipifica-como-crime-causar-sofrimento-a-pessoa-em-razao-de-sua-deficiencia\\\/\"},\"wordCount\":309,\"commentCount\":0,\"image\":{\"@id\":\"https:\\\/\\\/portalincluir.com.br\\\/index.php\\\/2025\\\/10\\\/27\\\/comissao-aprova-projeto-que-tipifica-como-crime-causar-sofrimento-a-pessoa-em-razao-de-sua-deficiencia\\\/#primaryimage\"},\"thumbnailUrl\":\"https:\\\/\\\/portalincluir.com.br\\\/wp-content\\\/uploads\\\/2025\\\/10\\\/portal-autista-sala-aula.jpg\",\"articleSection\":[\"Autismo\",\"Portal\"],\"inLanguage\":\"pt-BR\",\"potentialAction\":[{\"@type\":\"CommentAction\",\"name\":\"Comment\",\"target\":[\"https:\\\/\\\/portalincluir.com.br\\\/index.php\\\/2025\\\/10\\\/27\\\/comissao-aprova-projeto-que-tipifica-como-crime-causar-sofrimento-a-pessoa-em-razao-de-sua-deficiencia\\\/#respond\"]}]},{\"@type\":\"WebPage\",\"@id\":\"https:\\\/\\\/portalincluir.com.br\\\/index.php\\\/2025\\\/10\\\/27\\\/comissao-aprova-projeto-que-tipifica-como-crime-causar-sofrimento-a-pessoa-em-razao-de-sua-deficiencia\\\/\",\"url\":\"https:\\\/\\\/portalincluir.com.br\\\/index.php\\\/2025\\\/10\\\/27\\\/comissao-aprova-projeto-que-tipifica-como-crime-causar-sofrimento-a-pessoa-em-razao-de-sua-deficiencia\\\/\",\"name\":\"Comiss\u00e3o aprova projeto que tipifica como crime causar sofrimento a pessoa em raz\u00e3o de sua defici\u00eancia - PORTAL INCLUIR\",\"isPartOf\":{\"@id\":\"https:\\\/\\\/portalincluir.com.br\\\/#website\"},\"primaryImageOfPage\":{\"@id\":\"https:\\\/\\\/portalincluir.com.br\\\/index.php\\\/2025\\\/10\\\/27\\\/comissao-aprova-projeto-que-tipifica-como-crime-causar-sofrimento-a-pessoa-em-razao-de-sua-deficiencia\\\/#primaryimage\"},\"image\":{\"@id\":\"https:\\\/\\\/portalincluir.com.br\\\/index.php\\\/2025\\\/10\\\/27\\\/comissao-aprova-projeto-que-tipifica-como-crime-causar-sofrimento-a-pessoa-em-razao-de-sua-deficiencia\\\/#primaryimage\"},\"thumbnailUrl\":\"https:\\\/\\\/portalincluir.com.br\\\/wp-content\\\/uploads\\\/2025\\\/10\\\/portal-autista-sala-aula.jpg\",\"datePublished\":\"2025-10-27T13:11:19+00:00\",\"author\":{\"@id\":\"https:\\\/\\\/portalincluir.com.br\\\/#\\\/schema\\\/person\\\/8823664e5902eee555607fb75c4c35ae\"},\"breadcrumb\":{\"@id\":\"https:\\\/\\\/portalincluir.com.br\\\/index.php\\\/2025\\\/10\\\/27\\\/comissao-aprova-projeto-que-tipifica-como-crime-causar-sofrimento-a-pessoa-em-razao-de-sua-deficiencia\\\/#breadcrumb\"},\"inLanguage\":\"pt-BR\",\"potentialAction\":[{\"@type\":\"ReadAction\",\"target\":[\"https:\\\/\\\/portalincluir.com.br\\\/index.php\\\/2025\\\/10\\\/27\\\/comissao-aprova-projeto-que-tipifica-como-crime-causar-sofrimento-a-pessoa-em-razao-de-sua-deficiencia\\\/\"]}]},{\"@type\":\"ImageObject\",\"inLanguage\":\"pt-BR\",\"@id\":\"https:\\\/\\\/portalincluir.com.br\\\/index.php\\\/2025\\\/10\\\/27\\\/comissao-aprova-projeto-que-tipifica-como-crime-causar-sofrimento-a-pessoa-em-razao-de-sua-deficiencia\\\/#primaryimage\",\"url\":\"https:\\\/\\\/portalincluir.com.br\\\/wp-content\\\/uploads\\\/2025\\\/10\\\/portal-autista-sala-aula.jpg\",\"contentUrl\":\"https:\\\/\\\/portalincluir.com.br\\\/wp-content\\\/uploads\\\/2025\\\/10\\\/portal-autista-sala-aula.jpg\",\"width\":900,\"height\":588},{\"@type\":\"BreadcrumbList\",\"@id\":\"https:\\\/\\\/portalincluir.com.br\\\/index.php\\\/2025\\\/10\\\/27\\\/comissao-aprova-projeto-que-tipifica-como-crime-causar-sofrimento-a-pessoa-em-razao-de-sua-deficiencia\\\/#breadcrumb\",\"itemListElement\":[{\"@type\":\"ListItem\",\"position\":1,\"name\":\"In\u00edcio\",\"item\":\"https:\\\/\\\/portalincluir.com.br\\\/\"},{\"@type\":\"ListItem\",\"position\":2,\"name\":\"Comiss\u00e3o aprova projeto que tipifica como crime causar sofrimento a pessoa em raz\u00e3o de sua defici\u00eancia\"}]},{\"@type\":\"WebSite\",\"@id\":\"https:\\\/\\\/portalincluir.com.br\\\/#website\",\"url\":\"https:\\\/\\\/portalincluir.com.br\\\/\",\"name\":\"PORTAL INCLUIR\",\"description\":\"\",\"potentialAction\":[{\"@type\":\"SearchAction\",\"target\":{\"@type\":\"EntryPoint\",\"urlTemplate\":\"https:\\\/\\\/portalincluir.com.br\\\/?s={search_term_string}\"},\"query-input\":{\"@type\":\"PropertyValueSpecification\",\"valueRequired\":true,\"valueName\":\"search_term_string\"}}],\"inLanguage\":\"pt-BR\"},{\"@type\":\"Person\",\"@id\":\"https:\\\/\\\/portalincluir.com.br\\\/#\\\/schema\\\/person\\\/8823664e5902eee555607fb75c4c35ae\",\"name\":\"Portal Incluir\",\"image\":{\"@type\":\"ImageObject\",\"inLanguage\":\"pt-BR\",\"@id\":\"https:\\\/\\\/secure.gravatar.com\\\/avatar\\\/12085fe17e70c3550551519fe1f8f51fae69b1748563a47fc3bea53d91fbcbbd?s=96&d=mm&r=g\",\"url\":\"https:\\\/\\\/secure.gravatar.com\\\/avatar\\\/12085fe17e70c3550551519fe1f8f51fae69b1748563a47fc3bea53d91fbcbbd?s=96&d=mm&r=g\",\"contentUrl\":\"https:\\\/\\\/secure.gravatar.com\\\/avatar\\\/12085fe17e70c3550551519fe1f8f51fae69b1748563a47fc3bea53d91fbcbbd?s=96&d=mm&r=g\",\"caption\":\"Portal Incluir\"},\"sameAs\":[\"http:\\\/\\\/portalincluir.com.br\"],\"url\":\"https:\\\/\\\/portalincluir.com.br\\\/index.php\\\/author\\\/portalincluir-com-br\\\/\"}]}<\/script>\n<!-- \/ Yoast SEO plugin. -->","yoast_head_json":{"title":"Comiss\u00e3o aprova projeto que tipifica como crime causar sofrimento a pessoa em raz\u00e3o de sua defici\u00eancia - PORTAL INCLUIR","robots":{"index":"index","follow":"follow","max-snippet":"max-snippet:-1","max-image-preview":"max-image-preview:large","max-video-preview":"max-video-preview:-1"},"canonical":"https:\/\/portalincluir.com.br\/index.php\/2025\/10\/27\/comissao-aprova-projeto-que-tipifica-como-crime-causar-sofrimento-a-pessoa-em-razao-de-sua-deficiencia\/","og_locale":"pt_BR","og_type":"article","og_title":"Comiss\u00e3o aprova projeto que tipifica como crime causar sofrimento a pessoa em raz\u00e3o de sua defici\u00eancia - PORTAL INCLUIR","og_description":"A Comiss\u00e3o de Defesa dos Direitos das Pessoas com Defici\u00eancia da C\u00e2mara dos Deputados aprovou","og_url":"https:\/\/portalincluir.com.br\/index.php\/2025\/10\/27\/comissao-aprova-projeto-que-tipifica-como-crime-causar-sofrimento-a-pessoa-em-razao-de-sua-deficiencia\/","og_site_name":"PORTAL INCLUIR","article_published_time":"2025-10-27T13:11:19+00:00","og_image":[{"width":900,"height":588,"url":"https:\/\/portalincluir.com.br\/wp-content\/uploads\/2025\/10\/portal-autista-sala-aula.jpg","type":"image\/jpeg"}],"author":"Portal Incluir","twitter_card":"summary_large_image","twitter_misc":{"Escrito por":"Portal Incluir","Est. tempo de leitura":"1 minuto"},"schema":{"@context":"https:\/\/schema.org","@graph":[{"@type":["Article","BlogPosting"],"@id":"https:\/\/portalincluir.com.br\/index.php\/2025\/10\/27\/comissao-aprova-projeto-que-tipifica-como-crime-causar-sofrimento-a-pessoa-em-razao-de-sua-deficiencia\/#article","isPartOf":{"@id":"https:\/\/portalincluir.com.br\/index.php\/2025\/10\/27\/comissao-aprova-projeto-que-tipifica-como-crime-causar-sofrimento-a-pessoa-em-razao-de-sua-deficiencia\/"},"author":{"name":"Portal Incluir","@id":"https:\/\/portalincluir.com.br\/#\/schema\/person\/8823664e5902eee555607fb75c4c35ae"},"headline":"Comiss\u00e3o aprova projeto que tipifica como crime causar sofrimento a pessoa em raz\u00e3o de sua defici\u00eancia","datePublished":"2025-10-27T13:11:19+00:00","mainEntityOfPage":{"@id":"https:\/\/portalincluir.com.br\/index.php\/2025\/10\/27\/comissao-aprova-projeto-que-tipifica-como-crime-causar-sofrimento-a-pessoa-em-razao-de-sua-deficiencia\/"},"wordCount":309,"commentCount":0,"image":{"@id":"https:\/\/portalincluir.com.br\/index.php\/2025\/10\/27\/comissao-aprova-projeto-que-tipifica-como-crime-causar-sofrimento-a-pessoa-em-razao-de-sua-deficiencia\/#primaryimage"},"thumbnailUrl":"https:\/\/portalincluir.com.br\/wp-content\/uploads\/2025\/10\/portal-autista-sala-aula.jpg","articleSection":["Autismo","Portal"],"inLanguage":"pt-BR","potentialAction":[{"@type":"CommentAction","name":"Comment","target":["https:\/\/portalincluir.com.br\/index.php\/2025\/10\/27\/comissao-aprova-projeto-que-tipifica-como-crime-causar-sofrimento-a-pessoa-em-razao-de-sua-deficiencia\/#respond"]}]},{"@type":"WebPage","@id":"https:\/\/portalincluir.com.br\/index.php\/2025\/10\/27\/comissao-aprova-projeto-que-tipifica-como-crime-causar-sofrimento-a-pessoa-em-razao-de-sua-deficiencia\/","url":"https:\/\/portalincluir.com.br\/index.php\/2025\/10\/27\/comissao-aprova-projeto-que-tipifica-como-crime-causar-sofrimento-a-pessoa-em-razao-de-sua-deficiencia\/","name":"Comiss\u00e3o aprova projeto que tipifica como crime causar sofrimento a pessoa em raz\u00e3o de sua defici\u00eancia - PORTAL INCLUIR","isPartOf":{"@id":"https:\/\/portalincluir.com.br\/#website"},"primaryImageOfPage":{"@id":"https:\/\/portalincluir.com.br\/index.php\/2025\/10\/27\/comissao-aprova-projeto-que-tipifica-como-crime-causar-sofrimento-a-pessoa-em-razao-de-sua-deficiencia\/#primaryimage"},"image":{"@id":"https:\/\/portalincluir.com.br\/index.php\/2025\/10\/27\/comissao-aprova-projeto-que-tipifica-como-crime-causar-sofrimento-a-pessoa-em-razao-de-sua-deficiencia\/#primaryimage"},"thumbnailUrl":"https:\/\/portalincluir.com.br\/wp-content\/uploads\/2025\/10\/portal-autista-sala-aula.jpg","datePublished":"2025-10-27T13:11:19+00:00","author":{"@id":"https:\/\/portalincluir.com.br\/#\/schema\/person\/8823664e5902eee555607fb75c4c35ae"},"breadcrumb":{"@id":"https:\/\/portalincluir.com.br\/index.php\/2025\/10\/27\/comissao-aprova-projeto-que-tipifica-como-crime-causar-sofrimento-a-pessoa-em-razao-de-sua-deficiencia\/#breadcrumb"},"inLanguage":"pt-BR","potentialAction":[{"@type":"ReadAction","target":["https:\/\/portalincluir.com.br\/index.php\/2025\/10\/27\/comissao-aprova-projeto-que-tipifica-como-crime-causar-sofrimento-a-pessoa-em-razao-de-sua-deficiencia\/"]}]},{"@type":"ImageObject","inLanguage":"pt-BR","@id":"https:\/\/portalincluir.com.br\/index.php\/2025\/10\/27\/comissao-aprova-projeto-que-tipifica-como-crime-causar-sofrimento-a-pessoa-em-razao-de-sua-deficiencia\/#primaryimage","url":"https:\/\/portalincluir.com.br\/wp-content\/uploads\/2025\/10\/portal-autista-sala-aula.jpg","contentUrl":"https:\/\/portalincluir.com.br\/wp-content\/uploads\/2025\/10\/portal-autista-sala-aula.jpg","width":900,"height":588},{"@type":"BreadcrumbList","@id":"https:\/\/portalincluir.com.br\/index.php\/2025\/10\/27\/comissao-aprova-projeto-que-tipifica-como-crime-causar-sofrimento-a-pessoa-em-razao-de-sua-deficiencia\/#breadcrumb","itemListElement":[{"@type":"ListItem","position":1,"name":"In\u00edcio","item":"https:\/\/portalincluir.com.br\/"},{"@type":"ListItem","position":2,"name":"Comiss\u00e3o aprova projeto que tipifica como crime causar sofrimento a pessoa em raz\u00e3o de sua defici\u00eancia"}]},{"@type":"WebSite","@id":"https:\/\/portalincluir.com.br\/#website","url":"https:\/\/portalincluir.com.br\/","name":"PORTAL INCLUIR","description":"","potentialAction":[{"@type":"SearchAction","target":{"@type":"EntryPoint","urlTemplate":"https:\/\/portalincluir.com.br\/?s={search_term_string}"},"query-input":{"@type":"PropertyValueSpecification","valueRequired":true,"valueName":"search_term_string"}}],"inLanguage":"pt-BR"},{"@type":"Person","@id":"https:\/\/portalincluir.com.br\/#\/schema\/person\/8823664e5902eee555607fb75c4c35ae","name":"Portal Incluir","image":{"@type":"ImageObject","inLanguage":"pt-BR","@id":"https:\/\/secure.gravatar.com\/avatar\/12085fe17e70c3550551519fe1f8f51fae69b1748563a47fc3bea53d91fbcbbd?s=96&d=mm&r=g","url":"https:\/\/secure.gravatar.com\/avatar\/12085fe17e70c3550551519fe1f8f51fae69b1748563a47fc3bea53d91fbcbbd?s=96&d=mm&r=g","contentUrl":"https:\/\/secure.gravatar.com\/avatar\/12085fe17e70c3550551519fe1f8f51fae69b1748563a47fc3bea53d91fbcbbd?s=96&d=mm&r=g","caption":"Portal Incluir"},"sameAs":["http:\/\/portalincluir.com.br"],"url":"https:\/\/portalincluir.com.br\/index.php\/author\/portalincluir-com-br\/"}]}},"_links":{"self":[{"href":"https:\/\/portalincluir.com.br\/index.php\/wp-json\/wp\/v2\/posts\/688","targetHints":{"allow":["GET"]}}],"collection":[{"href":"https:\/\/portalincluir.com.br\/index.php\/wp-json\/wp\/v2\/posts"}],"about":[{"href":"https:\/\/portalincluir.com.br\/index.php\/wp-json\/wp\/v2\/types\/post"}],"author":[{"embeddable":true,"href":"https:\/\/portalincluir.com.br\/index.php\/wp-json\/wp\/v2\/users\/1"}],"replies":[{"embeddable":true,"href":"https:\/\/portalincluir.com.br\/index.php\/wp-json\/wp\/v2\/comments?post=688"}],"version-history":[{"count":1,"href":"https:\/\/portalincluir.com.br\/index.php\/wp-json\/wp\/v2\/posts\/688\/revisions"}],"predecessor-version":[{"id":690,"href":"https:\/\/portalincluir.com.br\/index.php\/wp-json\/wp\/v2\/posts\/688\/revisions\/690"}],"wp:featuredmedia":[{"embeddable":true,"href":"https:\/\/portalincluir.com.br\/index.php\/wp-json\/wp\/v2\/media\/689"}],"wp:attachment":[{"href":"https:\/\/portalincluir.com.br\/index.php\/wp-json\/wp\/v2\/media?parent=688"}],"wp:term":[{"taxonomy":"category","embeddable":true,"href":"https:\/\/portalincluir.com.br\/index.php\/wp-json\/wp\/v2\/categories?post=688"},{"taxonomy":"post_tag","embeddable":true,"href":"https:\/\/portalincluir.com.br\/index.php\/wp-json\/wp\/v2\/tags?post=688"}],"curies":[{"name":"wp","href":"https:\/\/api.w.org\/{rel}","templated":true}]}}