{"id":691,"date":"2025-10-27T10:19:55","date_gmt":"2025-10-27T13:19:55","guid":{"rendered":"https:\/\/portalincluir.com.br\/?p=691"},"modified":"2025-10-27T10:20:38","modified_gmt":"2025-10-27T13:20:38","slug":"alunos-autistas-contam-em-video-como-e-ouvir-barulho-na-sala-de-aula","status":"publish","type":"post","link":"https:\/\/portalincluir.com.br\/index.php\/2025\/10\/27\/alunos-autistas-contam-em-video-como-e-ouvir-barulho-na-sala-de-aula\/","title":{"rendered":"Alunos autistas contam em v\u00eddeo como \u00e9 ouvir barulho na sala de aula"},"content":{"rendered":"\n<h3 class=\"wp-block-heading\">Com hipersensibilidade auditiva, muitas pessoas com autismo sentem inc\u00f4modo com sons que, \u00e0s vezes, passam despercebidos pela maioria<\/h3>\n\n\n\n<p>Muitos autistas t\u00eam hipersensibilidade auditiva, portanto, como o pr\u00f3prio nome diz, s\u00e3o mais sens\u00edveis aos sons que a m\u00e9dia da popula\u00e7\u00e3o. Para os mais novos, ainda aprendendo a lidar com as sensa\u00e7\u00f5es, o problema \u00e9 potencializado. Por isso n\u00e3o \u00e9 incomum vermos uma pessoa com autismo, sobretudo crian\u00e7as, tapando os ouvidos por algum motivo \u2014 que muitas vezes nem entendemos, pois pode ser um cortador de grama h\u00e1 um quarteir\u00e3o de dist\u00e2ncia, ou o reator de uma l\u00e2mpada fluorescente emitindo um som numa frequ\u00eancia quase inaud\u00edvel para a maioria.<\/p>\n\n\n\n<p>Explica\u00e7\u00e3o mais precisa pode dar quem sente isso. Foi o que fizeram o dois alunos do v\u00eddeo abaixo, da uma escola municipal, que foi compartilhado pela professora Nane Palandi, em Garuva, cidade de 15 mil habitante, no norte de Santa Catarina \u2014 a 226 km de Florian\u00f3polis.<\/p>\n\n\n\n<p>Melhor que eu ficar escrevendo (e voc\u00ea lendo) \u00e9 assistirmos ao v\u00eddeo deles, que t\u00eam muito mais o que dizer e imensamente com mais propriedade e autoridade no assunto, afinal, s\u00e3o eles que sentem o inc\u00f4modo do barulho e suas consequ\u00eancias.<\/p>\n\n\n\n<p>Clique no play para assistir ao v\u00eddeo, que j\u00e1 ultrapassou os 3 milh\u00f5es de visualiza\u00e7\u00f5es.<\/p>\n\n\n\n<p><a href=\"https:\/\/www.facebook.com\/nane.palandi\/posts\/1663643583781046\">https:\/\/www.facebook.com\/nane.palandi\/posts\/1663643583781046<\/a><\/p>\n\n\n\n<p>Imagem: freepik<\/p>\n\n\n\n<p>Fonte: <a href=\"https:\/\/tismoo.com.br\/\">https:\/\/tismoo.com.br\/<\/a><\/p>\n","protected":false},"excerpt":{"rendered":"<p>Com hipersensibilidade auditiva, muitas pessoas com autismo sentem inc\u00f4modo com sons que, \u00e0s vezes, passam<\/p>\n","protected":false},"author":1,"featured_media":692,"comment_status":"open","ping_status":"open","sticky":false,"template":"","format":"standard","meta":{"om_disable_all_campaigns":false,"_monsterinsights_skip_tracking":false,"_monsterinsights_sitenote_active":false,"_monsterinsights_sitenote_note":"","_monsterinsights_sitenote_category":0,"_uf_show_specific_survey":0,"_uf_disable_surveys":false,"footnotes":""},"categories":[9],"tags":[],"class_list":["post-691","post","type-post","status-publish","format-standard","has-post-thumbnail","hentry","category-noticias"],"yoast_head":"<!-- This site is optimized with the Yoast SEO plugin v27.4 - https:\/\/yoast.com\/product\/yoast-seo-wordpress\/ -->\n<title>Alunos autistas contam em v\u00eddeo como \u00e9 ouvir barulho na sala de aula - PORTAL INCLUIR<\/title>\n<meta name=\"robots\" content=\"index, follow, max-snippet:-1, max-image-preview:large, max-video-preview:-1\" \/>\n<link rel=\"canonical\" href=\"https:\/\/portalincluir.com.br\/index.php\/2025\/10\/27\/alunos-autistas-contam-em-video-como-e-ouvir-barulho-na-sala-de-aula\/\" \/>\n<meta property=\"og:locale\" content=\"pt_BR\" \/>\n<meta property=\"og:type\" content=\"article\" \/>\n<meta property=\"og:title\" content=\"Alunos autistas contam em v\u00eddeo como \u00e9 ouvir barulho na sala de aula - PORTAL INCLUIR\" \/>\n<meta property=\"og:description\" content=\"Com hipersensibilidade auditiva, muitas pessoas com autismo sentem inc\u00f4modo com sons que, \u00e0s vezes, passam\" \/>\n<meta property=\"og:url\" content=\"https:\/\/portalincluir.com.br\/index.php\/2025\/10\/27\/alunos-autistas-contam-em-video-como-e-ouvir-barulho-na-sala-de-aula\/\" \/>\n<meta property=\"og:site_name\" content=\"PORTAL INCLUIR\" \/>\n<meta property=\"article:published_time\" content=\"2025-10-27T13:19:55+00:00\" \/>\n<meta property=\"article:modified_time\" content=\"2025-10-27T13:20:38+00:00\" \/>\n<meta name=\"author\" content=\"Portal Incluir\" \/>\n<meta name=\"twitter:card\" content=\"summary_large_image\" \/>\n<meta name=\"twitter:label1\" content=\"Escrito por\" \/>\n\t<meta name=\"twitter:data1\" content=\"Portal Incluir\" \/>\n\t<meta name=\"twitter:label2\" content=\"Est. tempo de leitura\" \/>\n\t<meta name=\"twitter:data2\" content=\"1 minuto\" \/>\n<script type=\"application\/ld+json\" class=\"yoast-schema-graph\">{\"@context\":\"https:\\\/\\\/schema.org\",\"@graph\":[{\"@type\":[\"Article\",\"BlogPosting\"],\"@id\":\"https:\\\/\\\/portalincluir.com.br\\\/index.php\\\/2025\\\/10\\\/27\\\/alunos-autistas-contam-em-video-como-e-ouvir-barulho-na-sala-de-aula\\\/#article\",\"isPartOf\":{\"@id\":\"https:\\\/\\\/portalincluir.com.br\\\/index.php\\\/2025\\\/10\\\/27\\\/alunos-autistas-contam-em-video-como-e-ouvir-barulho-na-sala-de-aula\\\/\"},\"author\":{\"name\":\"Portal Incluir\",\"@id\":\"https:\\\/\\\/portalincluir.com.br\\\/#\\\/schema\\\/person\\\/8823664e5902eee555607fb75c4c35ae\"},\"headline\":\"Alunos autistas contam em v\u00eddeo como \u00e9 ouvir barulho na sala de aula\",\"datePublished\":\"2025-10-27T13:19:55+00:00\",\"dateModified\":\"2025-10-27T13:20:38+00:00\",\"mainEntityOfPage\":{\"@id\":\"https:\\\/\\\/portalincluir.com.br\\\/index.php\\\/2025\\\/10\\\/27\\\/alunos-autistas-contam-em-video-como-e-ouvir-barulho-na-sala-de-aula\\\/\"},\"wordCount\":255,\"commentCount\":0,\"image\":{\"@id\":\"https:\\\/\\\/portalincluir.com.br\\\/index.php\\\/2025\\\/10\\\/27\\\/alunos-autistas-contam-em-video-como-e-ouvir-barulho-na-sala-de-aula\\\/#primaryimage\"},\"thumbnailUrl\":\"https:\\\/\\\/portalincluir.com.br\\\/wp-content\\\/uploads\\\/2025\\\/10\\\/crianca-de-tiro-medio-com-fones-de-ouvido_23-2148551605.avif\",\"articleSection\":[\"Not\u00edcias\"],\"inLanguage\":\"pt-BR\",\"potentialAction\":[{\"@type\":\"CommentAction\",\"name\":\"Comment\",\"target\":[\"https:\\\/\\\/portalincluir.com.br\\\/index.php\\\/2025\\\/10\\\/27\\\/alunos-autistas-contam-em-video-como-e-ouvir-barulho-na-sala-de-aula\\\/#respond\"]}]},{\"@type\":\"WebPage\",\"@id\":\"https:\\\/\\\/portalincluir.com.br\\\/index.php\\\/2025\\\/10\\\/27\\\/alunos-autistas-contam-em-video-como-e-ouvir-barulho-na-sala-de-aula\\\/\",\"url\":\"https:\\\/\\\/portalincluir.com.br\\\/index.php\\\/2025\\\/10\\\/27\\\/alunos-autistas-contam-em-video-como-e-ouvir-barulho-na-sala-de-aula\\\/\",\"name\":\"Alunos autistas contam em v\u00eddeo como \u00e9 ouvir barulho na sala de aula - PORTAL INCLUIR\",\"isPartOf\":{\"@id\":\"https:\\\/\\\/portalincluir.com.br\\\/#website\"},\"primaryImageOfPage\":{\"@id\":\"https:\\\/\\\/portalincluir.com.br\\\/index.php\\\/2025\\\/10\\\/27\\\/alunos-autistas-contam-em-video-como-e-ouvir-barulho-na-sala-de-aula\\\/#primaryimage\"},\"image\":{\"@id\":\"https:\\\/\\\/portalincluir.com.br\\\/index.php\\\/2025\\\/10\\\/27\\\/alunos-autistas-contam-em-video-como-e-ouvir-barulho-na-sala-de-aula\\\/#primaryimage\"},\"thumbnailUrl\":\"https:\\\/\\\/portalincluir.com.br\\\/wp-content\\\/uploads\\\/2025\\\/10\\\/crianca-de-tiro-medio-com-fones-de-ouvido_23-2148551605.avif\",\"datePublished\":\"2025-10-27T13:19:55+00:00\",\"dateModified\":\"2025-10-27T13:20:38+00:00\",\"author\":{\"@id\":\"https:\\\/\\\/portalincluir.com.br\\\/#\\\/schema\\\/person\\\/8823664e5902eee555607fb75c4c35ae\"},\"breadcrumb\":{\"@id\":\"https:\\\/\\\/portalincluir.com.br\\\/index.php\\\/2025\\\/10\\\/27\\\/alunos-autistas-contam-em-video-como-e-ouvir-barulho-na-sala-de-aula\\\/#breadcrumb\"},\"inLanguage\":\"pt-BR\",\"potentialAction\":[{\"@type\":\"ReadAction\",\"target\":[\"https:\\\/\\\/portalincluir.com.br\\\/index.php\\\/2025\\\/10\\\/27\\\/alunos-autistas-contam-em-video-como-e-ouvir-barulho-na-sala-de-aula\\\/\"]}]},{\"@type\":\"ImageObject\",\"inLanguage\":\"pt-BR\",\"@id\":\"https:\\\/\\\/portalincluir.com.br\\\/index.php\\\/2025\\\/10\\\/27\\\/alunos-autistas-contam-em-video-como-e-ouvir-barulho-na-sala-de-aula\\\/#primaryimage\",\"url\":\"https:\\\/\\\/portalincluir.com.br\\\/wp-content\\\/uploads\\\/2025\\\/10\\\/crianca-de-tiro-medio-com-fones-de-ouvido_23-2148551605.avif\",\"contentUrl\":\"https:\\\/\\\/portalincluir.com.br\\\/wp-content\\\/uploads\\\/2025\\\/10\\\/crianca-de-tiro-medio-com-fones-de-ouvido_23-2148551605.avif\",\"width\":740,\"height\":492},{\"@type\":\"BreadcrumbList\",\"@id\":\"https:\\\/\\\/portalincluir.com.br\\\/index.php\\\/2025\\\/10\\\/27\\\/alunos-autistas-contam-em-video-como-e-ouvir-barulho-na-sala-de-aula\\\/#breadcrumb\",\"itemListElement\":[{\"@type\":\"ListItem\",\"position\":1,\"name\":\"In\u00edcio\",\"item\":\"https:\\\/\\\/portalincluir.com.br\\\/\"},{\"@type\":\"ListItem\",\"position\":2,\"name\":\"Alunos autistas contam em v\u00eddeo como \u00e9 ouvir barulho na sala de aula\"}]},{\"@type\":\"WebSite\",\"@id\":\"https:\\\/\\\/portalincluir.com.br\\\/#website\",\"url\":\"https:\\\/\\\/portalincluir.com.br\\\/\",\"name\":\"PORTAL INCLUIR\",\"description\":\"\",\"potentialAction\":[{\"@type\":\"SearchAction\",\"target\":{\"@type\":\"EntryPoint\",\"urlTemplate\":\"https:\\\/\\\/portalincluir.com.br\\\/?s={search_term_string}\"},\"query-input\":{\"@type\":\"PropertyValueSpecification\",\"valueRequired\":true,\"valueName\":\"search_term_string\"}}],\"inLanguage\":\"pt-BR\"},{\"@type\":\"Person\",\"@id\":\"https:\\\/\\\/portalincluir.com.br\\\/#\\\/schema\\\/person\\\/8823664e5902eee555607fb75c4c35ae\",\"name\":\"Portal Incluir\",\"image\":{\"@type\":\"ImageObject\",\"inLanguage\":\"pt-BR\",\"@id\":\"https:\\\/\\\/secure.gravatar.com\\\/avatar\\\/12085fe17e70c3550551519fe1f8f51fae69b1748563a47fc3bea53d91fbcbbd?s=96&d=mm&r=g\",\"url\":\"https:\\\/\\\/secure.gravatar.com\\\/avatar\\\/12085fe17e70c3550551519fe1f8f51fae69b1748563a47fc3bea53d91fbcbbd?s=96&d=mm&r=g\",\"contentUrl\":\"https:\\\/\\\/secure.gravatar.com\\\/avatar\\\/12085fe17e70c3550551519fe1f8f51fae69b1748563a47fc3bea53d91fbcbbd?s=96&d=mm&r=g\",\"caption\":\"Portal Incluir\"},\"sameAs\":[\"http:\\\/\\\/portalincluir.com.br\"],\"url\":\"https:\\\/\\\/portalincluir.com.br\\\/index.php\\\/author\\\/portalincluir-com-br\\\/\"}]}<\/script>\n<!-- \/ Yoast SEO plugin. -->","yoast_head_json":{"title":"Alunos autistas contam em v\u00eddeo como \u00e9 ouvir barulho na sala de aula - PORTAL INCLUIR","robots":{"index":"index","follow":"follow","max-snippet":"max-snippet:-1","max-image-preview":"max-image-preview:large","max-video-preview":"max-video-preview:-1"},"canonical":"https:\/\/portalincluir.com.br\/index.php\/2025\/10\/27\/alunos-autistas-contam-em-video-como-e-ouvir-barulho-na-sala-de-aula\/","og_locale":"pt_BR","og_type":"article","og_title":"Alunos autistas contam em v\u00eddeo como \u00e9 ouvir barulho na sala de aula - PORTAL INCLUIR","og_description":"Com hipersensibilidade auditiva, muitas pessoas com autismo sentem inc\u00f4modo com sons que, \u00e0s vezes, passam","og_url":"https:\/\/portalincluir.com.br\/index.php\/2025\/10\/27\/alunos-autistas-contam-em-video-como-e-ouvir-barulho-na-sala-de-aula\/","og_site_name":"PORTAL INCLUIR","article_published_time":"2025-10-27T13:19:55+00:00","article_modified_time":"2025-10-27T13:20:38+00:00","author":"Portal Incluir","twitter_card":"summary_large_image","twitter_misc":{"Escrito por":"Portal Incluir","Est. tempo de leitura":"1 minuto"},"schema":{"@context":"https:\/\/schema.org","@graph":[{"@type":["Article","BlogPosting"],"@id":"https:\/\/portalincluir.com.br\/index.php\/2025\/10\/27\/alunos-autistas-contam-em-video-como-e-ouvir-barulho-na-sala-de-aula\/#article","isPartOf":{"@id":"https:\/\/portalincluir.com.br\/index.php\/2025\/10\/27\/alunos-autistas-contam-em-video-como-e-ouvir-barulho-na-sala-de-aula\/"},"author":{"name":"Portal Incluir","@id":"https:\/\/portalincluir.com.br\/#\/schema\/person\/8823664e5902eee555607fb75c4c35ae"},"headline":"Alunos autistas contam em v\u00eddeo como \u00e9 ouvir barulho na sala de aula","datePublished":"2025-10-27T13:19:55+00:00","dateModified":"2025-10-27T13:20:38+00:00","mainEntityOfPage":{"@id":"https:\/\/portalincluir.com.br\/index.php\/2025\/10\/27\/alunos-autistas-contam-em-video-como-e-ouvir-barulho-na-sala-de-aula\/"},"wordCount":255,"commentCount":0,"image":{"@id":"https:\/\/portalincluir.com.br\/index.php\/2025\/10\/27\/alunos-autistas-contam-em-video-como-e-ouvir-barulho-na-sala-de-aula\/#primaryimage"},"thumbnailUrl":"https:\/\/portalincluir.com.br\/wp-content\/uploads\/2025\/10\/crianca-de-tiro-medio-com-fones-de-ouvido_23-2148551605.avif","articleSection":["Not\u00edcias"],"inLanguage":"pt-BR","potentialAction":[{"@type":"CommentAction","name":"Comment","target":["https:\/\/portalincluir.com.br\/index.php\/2025\/10\/27\/alunos-autistas-contam-em-video-como-e-ouvir-barulho-na-sala-de-aula\/#respond"]}]},{"@type":"WebPage","@id":"https:\/\/portalincluir.com.br\/index.php\/2025\/10\/27\/alunos-autistas-contam-em-video-como-e-ouvir-barulho-na-sala-de-aula\/","url":"https:\/\/portalincluir.com.br\/index.php\/2025\/10\/27\/alunos-autistas-contam-em-video-como-e-ouvir-barulho-na-sala-de-aula\/","name":"Alunos autistas contam em v\u00eddeo como \u00e9 ouvir barulho na sala de aula - PORTAL INCLUIR","isPartOf":{"@id":"https:\/\/portalincluir.com.br\/#website"},"primaryImageOfPage":{"@id":"https:\/\/portalincluir.com.br\/index.php\/2025\/10\/27\/alunos-autistas-contam-em-video-como-e-ouvir-barulho-na-sala-de-aula\/#primaryimage"},"image":{"@id":"https:\/\/portalincluir.com.br\/index.php\/2025\/10\/27\/alunos-autistas-contam-em-video-como-e-ouvir-barulho-na-sala-de-aula\/#primaryimage"},"thumbnailUrl":"https:\/\/portalincluir.com.br\/wp-content\/uploads\/2025\/10\/crianca-de-tiro-medio-com-fones-de-ouvido_23-2148551605.avif","datePublished":"2025-10-27T13:19:55+00:00","dateModified":"2025-10-27T13:20:38+00:00","author":{"@id":"https:\/\/portalincluir.com.br\/#\/schema\/person\/8823664e5902eee555607fb75c4c35ae"},"breadcrumb":{"@id":"https:\/\/portalincluir.com.br\/index.php\/2025\/10\/27\/alunos-autistas-contam-em-video-como-e-ouvir-barulho-na-sala-de-aula\/#breadcrumb"},"inLanguage":"pt-BR","potentialAction":[{"@type":"ReadAction","target":["https:\/\/portalincluir.com.br\/index.php\/2025\/10\/27\/alunos-autistas-contam-em-video-como-e-ouvir-barulho-na-sala-de-aula\/"]}]},{"@type":"ImageObject","inLanguage":"pt-BR","@id":"https:\/\/portalincluir.com.br\/index.php\/2025\/10\/27\/alunos-autistas-contam-em-video-como-e-ouvir-barulho-na-sala-de-aula\/#primaryimage","url":"https:\/\/portalincluir.com.br\/wp-content\/uploads\/2025\/10\/crianca-de-tiro-medio-com-fones-de-ouvido_23-2148551605.avif","contentUrl":"https:\/\/portalincluir.com.br\/wp-content\/uploads\/2025\/10\/crianca-de-tiro-medio-com-fones-de-ouvido_23-2148551605.avif","width":740,"height":492},{"@type":"BreadcrumbList","@id":"https:\/\/portalincluir.com.br\/index.php\/2025\/10\/27\/alunos-autistas-contam-em-video-como-e-ouvir-barulho-na-sala-de-aula\/#breadcrumb","itemListElement":[{"@type":"ListItem","position":1,"name":"In\u00edcio","item":"https:\/\/portalincluir.com.br\/"},{"@type":"ListItem","position":2,"name":"Alunos autistas contam em v\u00eddeo como \u00e9 ouvir barulho na sala de aula"}]},{"@type":"WebSite","@id":"https:\/\/portalincluir.com.br\/#website","url":"https:\/\/portalincluir.com.br\/","name":"PORTAL INCLUIR","description":"","potentialAction":[{"@type":"SearchAction","target":{"@type":"EntryPoint","urlTemplate":"https:\/\/portalincluir.com.br\/?s={search_term_string}"},"query-input":{"@type":"PropertyValueSpecification","valueRequired":true,"valueName":"search_term_string"}}],"inLanguage":"pt-BR"},{"@type":"Person","@id":"https:\/\/portalincluir.com.br\/#\/schema\/person\/8823664e5902eee555607fb75c4c35ae","name":"Portal Incluir","image":{"@type":"ImageObject","inLanguage":"pt-BR","@id":"https:\/\/secure.gravatar.com\/avatar\/12085fe17e70c3550551519fe1f8f51fae69b1748563a47fc3bea53d91fbcbbd?s=96&d=mm&r=g","url":"https:\/\/secure.gravatar.com\/avatar\/12085fe17e70c3550551519fe1f8f51fae69b1748563a47fc3bea53d91fbcbbd?s=96&d=mm&r=g","contentUrl":"https:\/\/secure.gravatar.com\/avatar\/12085fe17e70c3550551519fe1f8f51fae69b1748563a47fc3bea53d91fbcbbd?s=96&d=mm&r=g","caption":"Portal Incluir"},"sameAs":["http:\/\/portalincluir.com.br"],"url":"https:\/\/portalincluir.com.br\/index.php\/author\/portalincluir-com-br\/"}]}},"_links":{"self":[{"href":"https:\/\/portalincluir.com.br\/index.php\/wp-json\/wp\/v2\/posts\/691","targetHints":{"allow":["GET"]}}],"collection":[{"href":"https:\/\/portalincluir.com.br\/index.php\/wp-json\/wp\/v2\/posts"}],"about":[{"href":"https:\/\/portalincluir.com.br\/index.php\/wp-json\/wp\/v2\/types\/post"}],"author":[{"embeddable":true,"href":"https:\/\/portalincluir.com.br\/index.php\/wp-json\/wp\/v2\/users\/1"}],"replies":[{"embeddable":true,"href":"https:\/\/portalincluir.com.br\/index.php\/wp-json\/wp\/v2\/comments?post=691"}],"version-history":[{"count":2,"href":"https:\/\/portalincluir.com.br\/index.php\/wp-json\/wp\/v2\/posts\/691\/revisions"}],"predecessor-version":[{"id":694,"href":"https:\/\/portalincluir.com.br\/index.php\/wp-json\/wp\/v2\/posts\/691\/revisions\/694"}],"wp:featuredmedia":[{"embeddable":true,"href":"https:\/\/portalincluir.com.br\/index.php\/wp-json\/wp\/v2\/media\/692"}],"wp:attachment":[{"href":"https:\/\/portalincluir.com.br\/index.php\/wp-json\/wp\/v2\/media?parent=691"}],"wp:term":[{"taxonomy":"category","embeddable":true,"href":"https:\/\/portalincluir.com.br\/index.php\/wp-json\/wp\/v2\/categories?post=691"},{"taxonomy":"post_tag","embeddable":true,"href":"https:\/\/portalincluir.com.br\/index.php\/wp-json\/wp\/v2\/tags?post=691"}],"curies":[{"name":"wp","href":"https:\/\/api.w.org\/{rel}","templated":true}]}}