{"id":695,"date":"2025-10-28T08:51:01","date_gmt":"2025-10-28T11:51:01","guid":{"rendered":"https:\/\/portalincluir.com.br\/?p=695"},"modified":"2025-10-28T08:53:24","modified_gmt":"2025-10-28T11:53:24","slug":"apae-de-vitoria-da-conquista-promove-inclusao-e-celebra-cultura-com-campeonato-de-judo-e-capoeira","status":"publish","type":"post","link":"https:\/\/portalincluir.com.br\/index.php\/2025\/10\/28\/apae-de-vitoria-da-conquista-promove-inclusao-e-celebra-cultura-com-campeonato-de-judo-e-capoeira\/","title":{"rendered":"APAE de Vit\u00f3ria da Conquista promove inclus\u00e3o e celebra cultura com Campeonato de Jud\u00f4 e Capoeira"},"content":{"rendered":"\n<p>No dia 20 de setembro de 2025, a APAE de Vit\u00f3ria da Conquista-BA realizou um evento inspirador: o I Campeonato de Jud\u00f4 e a apresenta\u00e7\u00e3o de Capoeira, reunindo crian\u00e7as e adolescentes de diversas institui\u00e7\u00f5es na Quadra Poliesportiva da Faculdade Independente do Nordeste (FAINOR), localizada na Av. Lu\u00eds Eduardo Magalh\u00e3es, 1305 \u2014 Candeias.<\/p>\n\n\n\n<p>O campeonato foi uma emocionante homenagem \u00e0 Professora Sandra Viana, que dedicou mais de 30 anos de sua vida \u00e0 APAE. Uma placa foi entregue aos seus familiares, eternizando seu legado de comprometimento e amor ao ensino e \u00e0 inclus\u00e3o.<\/p>\n\n\n\n<h2 class=\"wp-block-heading\">Esporte, cultura e inclus\u00e3o social em evid\u00eancia<\/h2>\n\n\n\n<p>O evento contou com a participa\u00e7\u00e3o de atletas das institui\u00e7\u00f5es Capela Santa Rita de C\u00e1ssia, Col\u00e9gio Juv\u00eancio Terra, Col\u00e9gio Padre C\u00edcero, Prefeitura Municipal de Vit\u00f3ria da Conquista, Gema, Instituto Padre Benedito Soares, e, claro, da pr\u00f3pria APAE de Vit\u00f3ria da Conquista. Esta integra\u00e7\u00e3o entre escolas, organiza\u00e7\u00f5es da sociedade civil e o poder p\u00fablico municipal refor\u00e7a a import\u00e2ncia do esporte e da cultura como ferramentas essenciais para o desenvolvimento social, educacional e humano.<\/p>\n\n\n\n<p>Capoeira e jud\u00f4 s\u00e3o pr\u00e1ticas esportivas que, quando adaptadas para pessoas com defici\u00eancia intelectual e m\u00faltipla, promovem melhorias f\u00edsicas, sociais e emocionais. Elas desenvolvem a coordena\u00e7\u00e3o motora, o equil\u00edbrio, a disciplina e o respeito, al\u00e9m de refor\u00e7ar a autoestima e o senso de pertencimento dos participantes.<\/p>\n\n\n\n<h2 class=\"wp-block-heading\">Psicologia e esporte: elo fundamental para a inclus\u00e3o<\/h2>\n\n\n\n<p>A APAE destaca a import\u00e2ncia do acompanhamento psicol\u00f3gico, que apoia o reconhecimento das potencialidades de cada aluno. Esse suporte \u00e9 crucial para fortalecer a autoestima, a motiva\u00e7\u00e3o e o sentimento de compet\u00eancia, al\u00e9m de criar um v\u00ednculo consistente entre a institui\u00e7\u00e3o, as fam\u00edlias e os assistidos. Assim, os benef\u00edcios conquistados no esporte se refletem positivamente na vida di\u00e1ria dos praticantes.<\/p>\n\n\n\n<h2 class=\"wp-block-heading\">O impacto do evento na comunidade<\/h2>\n\n\n\n<p>O Campeonato e a apresenta\u00e7\u00e3o de Capoeira simbolizam uma conquista para a diversidade e inclus\u00e3o social em Vit\u00f3ria da Conquista. A espontaneidade, a alegria e a intera\u00e7\u00e3o dos atletas da APAE mostraram que o esporte \u00e9 uma ponte poderosa para a igualdade de oportunidades. Os participantes seguiram as regras, celebraram cada conquista, torceram uns pelos outros e compartilharam suas habilidades num ambiente de muito respeito e coopera\u00e7\u00e3o.<\/p>\n\n\n\n<p>Este evento n\u00e3o s\u00f3 celebra a tradi\u00e7\u00e3o brasileira, como destaca a necessidade vital de promover mais iniciativas como esta, que valorizam a inclus\u00e3o e oferecem espa\u00e7o para que todos possam brilhar.<\/p>\n\n\n\n<figure class=\"wp-block-gallery has-nested-images columns-default is-cropped wp-block-gallery-1 is-layout-flex wp-block-gallery-is-layout-flex\">\n<figure class=\"wp-block-image size-large is-style-default\"><img loading=\"lazy\" decoding=\"async\" width=\"1024\" height=\"759\" data-id=\"697\" src=\"https:\/\/portalincluir.com.br\/wp-content\/uploads\/2025\/10\/apae2b-1-1024x759.jpg\" alt=\"\" class=\"wp-image-697\" srcset=\"https:\/\/portalincluir.com.br\/wp-content\/uploads\/2025\/10\/apae2b-1-1024x759.jpg 1024w, https:\/\/portalincluir.com.br\/wp-content\/uploads\/2025\/10\/apae2b-1-300x223.jpg 300w, https:\/\/portalincluir.com.br\/wp-content\/uploads\/2025\/10\/apae2b-1-768x570.jpg 768w, https:\/\/portalincluir.com.br\/wp-content\/uploads\/2025\/10\/apae2b-1.jpg 1080w\" sizes=\"auto, (max-width: 1024px) 100vw, 1024px\" \/><\/figure>\n\n\n\n<figure class=\"wp-block-image size-large\"><img loading=\"lazy\" decoding=\"async\" width=\"1024\" height=\"768\" data-id=\"699\" src=\"https:\/\/portalincluir.com.br\/wp-content\/uploads\/2025\/10\/WhatsApp-Image-2025-10-02-at-10.03.21-1024x768.jpeg\" alt=\"\" class=\"wp-image-699\" srcset=\"https:\/\/portalincluir.com.br\/wp-content\/uploads\/2025\/10\/WhatsApp-Image-2025-10-02-at-10.03.21-1024x768.jpeg 1024w, https:\/\/portalincluir.com.br\/wp-content\/uploads\/2025\/10\/WhatsApp-Image-2025-10-02-at-10.03.21-300x225.jpeg 300w, https:\/\/portalincluir.com.br\/wp-content\/uploads\/2025\/10\/WhatsApp-Image-2025-10-02-at-10.03.21-768x576.jpeg 768w, https:\/\/portalincluir.com.br\/wp-content\/uploads\/2025\/10\/WhatsApp-Image-2025-10-02-at-10.03.21.jpeg 1280w\" sizes=\"auto, (max-width: 1024px) 100vw, 1024px\" \/><\/figure>\n\n\n\n<figure class=\"wp-block-image size-large\"><img loading=\"lazy\" decoding=\"async\" width=\"768\" height=\"1024\" data-id=\"703\" src=\"https:\/\/portalincluir.com.br\/wp-content\/uploads\/2025\/10\/WhatsApp-Image-2025-10-02-at-10.27.02-768x1024.jpeg\" alt=\"\" class=\"wp-image-703\" srcset=\"https:\/\/portalincluir.com.br\/wp-content\/uploads\/2025\/10\/WhatsApp-Image-2025-10-02-at-10.27.02-768x1024.jpeg 768w, https:\/\/portalincluir.com.br\/wp-content\/uploads\/2025\/10\/WhatsApp-Image-2025-10-02-at-10.27.02-225x300.jpeg 225w, https:\/\/portalincluir.com.br\/wp-content\/uploads\/2025\/10\/WhatsApp-Image-2025-10-02-at-10.27.02-1152x1536.jpeg 1152w, https:\/\/portalincluir.com.br\/wp-content\/uploads\/2025\/10\/WhatsApp-Image-2025-10-02-at-10.27.02-1024x1365.jpeg 1024w, https:\/\/portalincluir.com.br\/wp-content\/uploads\/2025\/10\/WhatsApp-Image-2025-10-02-at-10.27.02.jpeg 1200w\" sizes=\"auto, (max-width: 768px) 100vw, 768px\" \/><\/figure>\n\n\n\n<figure class=\"wp-block-image size-large\"><img loading=\"lazy\" decoding=\"async\" width=\"769\" height=\"1024\" data-id=\"702\" src=\"https:\/\/portalincluir.com.br\/wp-content\/uploads\/2025\/10\/WhatsApp-Image-2025-09-22-at-22.31.02-769x1024.jpeg\" alt=\"\" class=\"wp-image-702\" srcset=\"https:\/\/portalincluir.com.br\/wp-content\/uploads\/2025\/10\/WhatsApp-Image-2025-09-22-at-22.31.02-769x1024.jpeg 769w, https:\/\/portalincluir.com.br\/wp-content\/uploads\/2025\/10\/WhatsApp-Image-2025-09-22-at-22.31.02-225x300.jpeg 225w, https:\/\/portalincluir.com.br\/wp-content\/uploads\/2025\/10\/WhatsApp-Image-2025-09-22-at-22.31.02-768x1023.jpeg 768w, https:\/\/portalincluir.com.br\/wp-content\/uploads\/2025\/10\/WhatsApp-Image-2025-09-22-at-22.31.02-1153x1536.jpeg 1153w, https:\/\/portalincluir.com.br\/wp-content\/uploads\/2025\/10\/WhatsApp-Image-2025-09-22-at-22.31.02-1024x1364.jpeg 1024w, https:\/\/portalincluir.com.br\/wp-content\/uploads\/2025\/10\/WhatsApp-Image-2025-09-22-at-22.31.02.jpeg 1201w\" sizes=\"auto, (max-width: 769px) 100vw, 769px\" \/><\/figure>\n\n\n\n<figure class=\"wp-block-image size-large\"><img loading=\"lazy\" decoding=\"async\" width=\"769\" height=\"1024\" data-id=\"700\" src=\"https:\/\/portalincluir.com.br\/wp-content\/uploads\/2025\/10\/WhatsApp-Image-2025-09-22-at-22.31.02-1-769x1024.jpeg\" alt=\"\" class=\"wp-image-700\" srcset=\"https:\/\/portalincluir.com.br\/wp-content\/uploads\/2025\/10\/WhatsApp-Image-2025-09-22-at-22.31.02-1-769x1024.jpeg 769w, https:\/\/portalincluir.com.br\/wp-content\/uploads\/2025\/10\/WhatsApp-Image-2025-09-22-at-22.31.02-1-225x300.jpeg 225w, https:\/\/portalincluir.com.br\/wp-content\/uploads\/2025\/10\/WhatsApp-Image-2025-09-22-at-22.31.02-1-768x1023.jpeg 768w, https:\/\/portalincluir.com.br\/wp-content\/uploads\/2025\/10\/WhatsApp-Image-2025-09-22-at-22.31.02-1-1153x1536.jpeg 1153w, https:\/\/portalincluir.com.br\/wp-content\/uploads\/2025\/10\/WhatsApp-Image-2025-09-22-at-22.31.02-1-1024x1364.jpeg 1024w, https:\/\/portalincluir.com.br\/wp-content\/uploads\/2025\/10\/WhatsApp-Image-2025-09-22-at-22.31.02-1.jpeg 1201w\" sizes=\"auto, (max-width: 769px) 100vw, 769px\" \/><\/figure>\n\n\n\n<figure class=\"wp-block-image size-large\"><img loading=\"lazy\" decoding=\"async\" width=\"869\" height=\"1024\" data-id=\"701\" src=\"https:\/\/portalincluir.com.br\/wp-content\/uploads\/2025\/10\/apae4-869x1024.jpg\" alt=\"\" class=\"wp-image-701\" srcset=\"https:\/\/portalincluir.com.br\/wp-content\/uploads\/2025\/10\/apae4-869x1024.jpg 869w, https:\/\/portalincluir.com.br\/wp-content\/uploads\/2025\/10\/apae4-255x300.jpg 255w, https:\/\/portalincluir.com.br\/wp-content\/uploads\/2025\/10\/apae4-768x905.jpg 768w, https:\/\/portalincluir.com.br\/wp-content\/uploads\/2025\/10\/apae4-1024x1207.jpg 1024w, https:\/\/portalincluir.com.br\/wp-content\/uploads\/2025\/10\/apae4.jpg 1080w\" sizes=\"auto, (max-width: 869px) 100vw, 869px\" \/><\/figure>\n\n\n\n<figure class=\"wp-block-image size-large\"><img loading=\"lazy\" decoding=\"async\" width=\"973\" height=\"1024\" data-id=\"698\" src=\"https:\/\/portalincluir.com.br\/wp-content\/uploads\/2025\/10\/apae3-973x1024.jpg\" alt=\"\" class=\"wp-image-698\" srcset=\"https:\/\/portalincluir.com.br\/wp-content\/uploads\/2025\/10\/apae3-973x1024.jpg 973w, https:\/\/portalincluir.com.br\/wp-content\/uploads\/2025\/10\/apae3-285x300.jpg 285w, https:\/\/portalincluir.com.br\/wp-content\/uploads\/2025\/10\/apae3-768x809.jpg 768w, https:\/\/portalincluir.com.br\/wp-content\/uploads\/2025\/10\/apae3-1024x1078.jpg 1024w, https:\/\/portalincluir.com.br\/wp-content\/uploads\/2025\/10\/apae3.jpg 1078w\" sizes=\"auto, (max-width: 973px) 100vw, 973px\" \/><\/figure>\n\n\n\n<figure class=\"wp-block-image size-large\"><img loading=\"lazy\" decoding=\"async\" width=\"769\" height=\"1024\" data-id=\"705\" src=\"https:\/\/portalincluir.com.br\/wp-content\/uploads\/2025\/10\/apae5r-769x1024.jpg\" alt=\"\" class=\"wp-image-705\" srcset=\"https:\/\/portalincluir.com.br\/wp-content\/uploads\/2025\/10\/apae5r-769x1024.jpg 769w, https:\/\/portalincluir.com.br\/wp-content\/uploads\/2025\/10\/apae5r-225x300.jpg 225w, https:\/\/portalincluir.com.br\/wp-content\/uploads\/2025\/10\/apae5r-768x1023.jpg 768w, https:\/\/portalincluir.com.br\/wp-content\/uploads\/2025\/10\/apae5r-1153x1536.jpg 1153w, https:\/\/portalincluir.com.br\/wp-content\/uploads\/2025\/10\/apae5r-1024x1364.jpg 1024w, https:\/\/portalincluir.com.br\/wp-content\/uploads\/2025\/10\/apae5r.jpg 1201w\" sizes=\"auto, (max-width: 769px) 100vw, 769px\" \/><\/figure>\n\n\n\n<figure class=\"wp-block-image size-large\"><img loading=\"lazy\" decoding=\"async\" width=\"648\" height=\"1024\" data-id=\"706\" src=\"https:\/\/portalincluir.com.br\/wp-content\/uploads\/2025\/10\/apae4f-648x1024.jpg\" alt=\"\" class=\"wp-image-706\" srcset=\"https:\/\/portalincluir.com.br\/wp-content\/uploads\/2025\/10\/apae4f-648x1024.jpg 648w, https:\/\/portalincluir.com.br\/wp-content\/uploads\/2025\/10\/apae4f-190x300.jpg 190w, https:\/\/portalincluir.com.br\/wp-content\/uploads\/2025\/10\/apae4f-768x1214.jpg 768w, https:\/\/portalincluir.com.br\/wp-content\/uploads\/2025\/10\/apae4f-972x1536.jpg 972w, https:\/\/portalincluir.com.br\/wp-content\/uploads\/2025\/10\/apae4f.jpg 1012w\" sizes=\"auto, (max-width: 648px) 100vw, 648px\" \/><\/figure>\n<\/figure>\n","protected":false},"excerpt":{"rendered":"<p>No dia 20 de setembro de 2025, a APAE de Vit\u00f3ria da Conquista-BA realizou um<\/p>\n","protected":false},"author":1,"featured_media":696,"comment_status":"open","ping_status":"open","sticky":false,"template":"","format":"standard","meta":{"om_disable_all_campaigns":false,"_monsterinsights_skip_tracking":false,"_monsterinsights_sitenote_active":false,"_monsterinsights_sitenote_note":"","_monsterinsights_sitenote_category":0,"_uf_show_specific_survey":0,"_uf_disable_surveys":false,"footnotes":""},"categories":[9],"tags":[],"class_list":["post-695","post","type-post","status-publish","format-standard","has-post-thumbnail","hentry","category-noticias"],"yoast_head":"<!-- This site is optimized with the Yoast SEO plugin v27.4 - https:\/\/yoast.com\/product\/yoast-seo-wordpress\/ -->\n<title>APAE de Vit\u00f3ria da Conquista promove inclus\u00e3o e celebra cultura com Campeonato de Jud\u00f4 e Capoeira - PORTAL INCLUIR<\/title>\n<meta name=\"robots\" content=\"index, follow, max-snippet:-1, max-image-preview:large, max-video-preview:-1\" \/>\n<link rel=\"canonical\" href=\"https:\/\/portalincluir.com.br\/index.php\/2025\/10\/28\/apae-de-vitoria-da-conquista-promove-inclusao-e-celebra-cultura-com-campeonato-de-judo-e-capoeira\/\" \/>\n<meta property=\"og:locale\" content=\"pt_BR\" \/>\n<meta property=\"og:type\" content=\"article\" \/>\n<meta property=\"og:title\" content=\"APAE de Vit\u00f3ria da Conquista promove inclus\u00e3o e celebra cultura com Campeonato de Jud\u00f4 e Capoeira - PORTAL INCLUIR\" \/>\n<meta property=\"og:description\" content=\"No dia 20 de setembro de 2025, a APAE de Vit\u00f3ria da Conquista-BA realizou um\" \/>\n<meta property=\"og:url\" content=\"https:\/\/portalincluir.com.br\/index.php\/2025\/10\/28\/apae-de-vitoria-da-conquista-promove-inclusao-e-celebra-cultura-com-campeonato-de-judo-e-capoeira\/\" \/>\n<meta property=\"og:site_name\" content=\"PORTAL INCLUIR\" \/>\n<meta property=\"article:published_time\" content=\"2025-10-28T11:51:01+00:00\" \/>\n<meta property=\"article:modified_time\" content=\"2025-10-28T11:53:24+00:00\" \/>\n<meta property=\"og:image\" content=\"https:\/\/portalincluir.com.br\/wp-content\/uploads\/2025\/10\/apae2b.jpg\" \/>\n\t<meta property=\"og:image:width\" content=\"1080\" \/>\n\t<meta property=\"og:image:height\" content=\"801\" \/>\n\t<meta property=\"og:image:type\" content=\"image\/jpeg\" \/>\n<meta name=\"author\" content=\"Portal Incluir\" \/>\n<meta name=\"twitter:card\" content=\"summary_large_image\" \/>\n<meta name=\"twitter:label1\" content=\"Escrito por\" \/>\n\t<meta name=\"twitter:data1\" content=\"Portal Incluir\" \/>\n\t<meta name=\"twitter:label2\" content=\"Est. tempo de leitura\" \/>\n\t<meta name=\"twitter:data2\" content=\"2 minutos\" \/>\n<script type=\"application\/ld+json\" class=\"yoast-schema-graph\">{\"@context\":\"https:\\\/\\\/schema.org\",\"@graph\":[{\"@type\":[\"Article\",\"BlogPosting\"],\"@id\":\"https:\\\/\\\/portalincluir.com.br\\\/index.php\\\/2025\\\/10\\\/28\\\/apae-de-vitoria-da-conquista-promove-inclusao-e-celebra-cultura-com-campeonato-de-judo-e-capoeira\\\/#article\",\"isPartOf\":{\"@id\":\"https:\\\/\\\/portalincluir.com.br\\\/index.php\\\/2025\\\/10\\\/28\\\/apae-de-vitoria-da-conquista-promove-inclusao-e-celebra-cultura-com-campeonato-de-judo-e-capoeira\\\/\"},\"author\":{\"name\":\"Portal Incluir\",\"@id\":\"https:\\\/\\\/portalincluir.com.br\\\/#\\\/schema\\\/person\\\/8823664e5902eee555607fb75c4c35ae\"},\"headline\":\"APAE de Vit\u00f3ria da Conquista promove inclus\u00e3o e celebra cultura com Campeonato de Jud\u00f4 e Capoeira\",\"datePublished\":\"2025-10-28T11:51:01+00:00\",\"dateModified\":\"2025-10-28T11:53:24+00:00\",\"mainEntityOfPage\":{\"@id\":\"https:\\\/\\\/portalincluir.com.br\\\/index.php\\\/2025\\\/10\\\/28\\\/apae-de-vitoria-da-conquista-promove-inclusao-e-celebra-cultura-com-campeonato-de-judo-e-capoeira\\\/\"},\"wordCount\":450,\"commentCount\":0,\"image\":{\"@id\":\"https:\\\/\\\/portalincluir.com.br\\\/index.php\\\/2025\\\/10\\\/28\\\/apae-de-vitoria-da-conquista-promove-inclusao-e-celebra-cultura-com-campeonato-de-judo-e-capoeira\\\/#primaryimage\"},\"thumbnailUrl\":\"https:\\\/\\\/portalincluir.com.br\\\/wp-content\\\/uploads\\\/2025\\\/10\\\/apae2b.jpg\",\"articleSection\":[\"Not\u00edcias\"],\"inLanguage\":\"pt-BR\",\"potentialAction\":[{\"@type\":\"CommentAction\",\"name\":\"Comment\",\"target\":[\"https:\\\/\\\/portalincluir.com.br\\\/index.php\\\/2025\\\/10\\\/28\\\/apae-de-vitoria-da-conquista-promove-inclusao-e-celebra-cultura-com-campeonato-de-judo-e-capoeira\\\/#respond\"]}]},{\"@type\":\"WebPage\",\"@id\":\"https:\\\/\\\/portalincluir.com.br\\\/index.php\\\/2025\\\/10\\\/28\\\/apae-de-vitoria-da-conquista-promove-inclusao-e-celebra-cultura-com-campeonato-de-judo-e-capoeira\\\/\",\"url\":\"https:\\\/\\\/portalincluir.com.br\\\/index.php\\\/2025\\\/10\\\/28\\\/apae-de-vitoria-da-conquista-promove-inclusao-e-celebra-cultura-com-campeonato-de-judo-e-capoeira\\\/\",\"name\":\"APAE de Vit\u00f3ria da Conquista promove inclus\u00e3o e celebra cultura com Campeonato de Jud\u00f4 e Capoeira - PORTAL INCLUIR\",\"isPartOf\":{\"@id\":\"https:\\\/\\\/portalincluir.com.br\\\/#website\"},\"primaryImageOfPage\":{\"@id\":\"https:\\\/\\\/portalincluir.com.br\\\/index.php\\\/2025\\\/10\\\/28\\\/apae-de-vitoria-da-conquista-promove-inclusao-e-celebra-cultura-com-campeonato-de-judo-e-capoeira\\\/#primaryimage\"},\"image\":{\"@id\":\"https:\\\/\\\/portalincluir.com.br\\\/index.php\\\/2025\\\/10\\\/28\\\/apae-de-vitoria-da-conquista-promove-inclusao-e-celebra-cultura-com-campeonato-de-judo-e-capoeira\\\/#primaryimage\"},\"thumbnailUrl\":\"https:\\\/\\\/portalincluir.com.br\\\/wp-content\\\/uploads\\\/2025\\\/10\\\/apae2b.jpg\",\"datePublished\":\"2025-10-28T11:51:01+00:00\",\"dateModified\":\"2025-10-28T11:53:24+00:00\",\"author\":{\"@id\":\"https:\\\/\\\/portalincluir.com.br\\\/#\\\/schema\\\/person\\\/8823664e5902eee555607fb75c4c35ae\"},\"breadcrumb\":{\"@id\":\"https:\\\/\\\/portalincluir.com.br\\\/index.php\\\/2025\\\/10\\\/28\\\/apae-de-vitoria-da-conquista-promove-inclusao-e-celebra-cultura-com-campeonato-de-judo-e-capoeira\\\/#breadcrumb\"},\"inLanguage\":\"pt-BR\",\"potentialAction\":[{\"@type\":\"ReadAction\",\"target\":[\"https:\\\/\\\/portalincluir.com.br\\\/index.php\\\/2025\\\/10\\\/28\\\/apae-de-vitoria-da-conquista-promove-inclusao-e-celebra-cultura-com-campeonato-de-judo-e-capoeira\\\/\"]}]},{\"@type\":\"ImageObject\",\"inLanguage\":\"pt-BR\",\"@id\":\"https:\\\/\\\/portalincluir.com.br\\\/index.php\\\/2025\\\/10\\\/28\\\/apae-de-vitoria-da-conquista-promove-inclusao-e-celebra-cultura-com-campeonato-de-judo-e-capoeira\\\/#primaryimage\",\"url\":\"https:\\\/\\\/portalincluir.com.br\\\/wp-content\\\/uploads\\\/2025\\\/10\\\/apae2b.jpg\",\"contentUrl\":\"https:\\\/\\\/portalincluir.com.br\\\/wp-content\\\/uploads\\\/2025\\\/10\\\/apae2b.jpg\",\"width\":1080,\"height\":801},{\"@type\":\"BreadcrumbList\",\"@id\":\"https:\\\/\\\/portalincluir.com.br\\\/index.php\\\/2025\\\/10\\\/28\\\/apae-de-vitoria-da-conquista-promove-inclusao-e-celebra-cultura-com-campeonato-de-judo-e-capoeira\\\/#breadcrumb\",\"itemListElement\":[{\"@type\":\"ListItem\",\"position\":1,\"name\":\"In\u00edcio\",\"item\":\"https:\\\/\\\/portalincluir.com.br\\\/\"},{\"@type\":\"ListItem\",\"position\":2,\"name\":\"APAE de Vit\u00f3ria da Conquista promove inclus\u00e3o e celebra cultura com Campeonato de Jud\u00f4 e Capoeira\"}]},{\"@type\":\"WebSite\",\"@id\":\"https:\\\/\\\/portalincluir.com.br\\\/#website\",\"url\":\"https:\\\/\\\/portalincluir.com.br\\\/\",\"name\":\"PORTAL INCLUIR\",\"description\":\"\",\"potentialAction\":[{\"@type\":\"SearchAction\",\"target\":{\"@type\":\"EntryPoint\",\"urlTemplate\":\"https:\\\/\\\/portalincluir.com.br\\\/?s={search_term_string}\"},\"query-input\":{\"@type\":\"PropertyValueSpecification\",\"valueRequired\":true,\"valueName\":\"search_term_string\"}}],\"inLanguage\":\"pt-BR\"},{\"@type\":\"Person\",\"@id\":\"https:\\\/\\\/portalincluir.com.br\\\/#\\\/schema\\\/person\\\/8823664e5902eee555607fb75c4c35ae\",\"name\":\"Portal Incluir\",\"image\":{\"@type\":\"ImageObject\",\"inLanguage\":\"pt-BR\",\"@id\":\"https:\\\/\\\/secure.gravatar.com\\\/avatar\\\/12085fe17e70c3550551519fe1f8f51fae69b1748563a47fc3bea53d91fbcbbd?s=96&d=mm&r=g\",\"url\":\"https:\\\/\\\/secure.gravatar.com\\\/avatar\\\/12085fe17e70c3550551519fe1f8f51fae69b1748563a47fc3bea53d91fbcbbd?s=96&d=mm&r=g\",\"contentUrl\":\"https:\\\/\\\/secure.gravatar.com\\\/avatar\\\/12085fe17e70c3550551519fe1f8f51fae69b1748563a47fc3bea53d91fbcbbd?s=96&d=mm&r=g\",\"caption\":\"Portal Incluir\"},\"sameAs\":[\"http:\\\/\\\/portalincluir.com.br\"],\"url\":\"https:\\\/\\\/portalincluir.com.br\\\/index.php\\\/author\\\/portalincluir-com-br\\\/\"}]}<\/script>\n<!-- \/ Yoast SEO plugin. -->","yoast_head_json":{"title":"APAE de Vit\u00f3ria da Conquista promove inclus\u00e3o e celebra cultura com Campeonato de Jud\u00f4 e Capoeira - PORTAL INCLUIR","robots":{"index":"index","follow":"follow","max-snippet":"max-snippet:-1","max-image-preview":"max-image-preview:large","max-video-preview":"max-video-preview:-1"},"canonical":"https:\/\/portalincluir.com.br\/index.php\/2025\/10\/28\/apae-de-vitoria-da-conquista-promove-inclusao-e-celebra-cultura-com-campeonato-de-judo-e-capoeira\/","og_locale":"pt_BR","og_type":"article","og_title":"APAE de Vit\u00f3ria da Conquista promove inclus\u00e3o e celebra cultura com Campeonato de Jud\u00f4 e Capoeira - PORTAL INCLUIR","og_description":"No dia 20 de setembro de 2025, a APAE de Vit\u00f3ria da Conquista-BA realizou um","og_url":"https:\/\/portalincluir.com.br\/index.php\/2025\/10\/28\/apae-de-vitoria-da-conquista-promove-inclusao-e-celebra-cultura-com-campeonato-de-judo-e-capoeira\/","og_site_name":"PORTAL INCLUIR","article_published_time":"2025-10-28T11:51:01+00:00","article_modified_time":"2025-10-28T11:53:24+00:00","og_image":[{"width":1080,"height":801,"url":"https:\/\/portalincluir.com.br\/wp-content\/uploads\/2025\/10\/apae2b.jpg","type":"image\/jpeg"}],"author":"Portal Incluir","twitter_card":"summary_large_image","twitter_misc":{"Escrito por":"Portal Incluir","Est. tempo de leitura":"2 minutos"},"schema":{"@context":"https:\/\/schema.org","@graph":[{"@type":["Article","BlogPosting"],"@id":"https:\/\/portalincluir.com.br\/index.php\/2025\/10\/28\/apae-de-vitoria-da-conquista-promove-inclusao-e-celebra-cultura-com-campeonato-de-judo-e-capoeira\/#article","isPartOf":{"@id":"https:\/\/portalincluir.com.br\/index.php\/2025\/10\/28\/apae-de-vitoria-da-conquista-promove-inclusao-e-celebra-cultura-com-campeonato-de-judo-e-capoeira\/"},"author":{"name":"Portal Incluir","@id":"https:\/\/portalincluir.com.br\/#\/schema\/person\/8823664e5902eee555607fb75c4c35ae"},"headline":"APAE de Vit\u00f3ria da Conquista promove inclus\u00e3o e celebra cultura com Campeonato de Jud\u00f4 e Capoeira","datePublished":"2025-10-28T11:51:01+00:00","dateModified":"2025-10-28T11:53:24+00:00","mainEntityOfPage":{"@id":"https:\/\/portalincluir.com.br\/index.php\/2025\/10\/28\/apae-de-vitoria-da-conquista-promove-inclusao-e-celebra-cultura-com-campeonato-de-judo-e-capoeira\/"},"wordCount":450,"commentCount":0,"image":{"@id":"https:\/\/portalincluir.com.br\/index.php\/2025\/10\/28\/apae-de-vitoria-da-conquista-promove-inclusao-e-celebra-cultura-com-campeonato-de-judo-e-capoeira\/#primaryimage"},"thumbnailUrl":"https:\/\/portalincluir.com.br\/wp-content\/uploads\/2025\/10\/apae2b.jpg","articleSection":["Not\u00edcias"],"inLanguage":"pt-BR","potentialAction":[{"@type":"CommentAction","name":"Comment","target":["https:\/\/portalincluir.com.br\/index.php\/2025\/10\/28\/apae-de-vitoria-da-conquista-promove-inclusao-e-celebra-cultura-com-campeonato-de-judo-e-capoeira\/#respond"]}]},{"@type":"WebPage","@id":"https:\/\/portalincluir.com.br\/index.php\/2025\/10\/28\/apae-de-vitoria-da-conquista-promove-inclusao-e-celebra-cultura-com-campeonato-de-judo-e-capoeira\/","url":"https:\/\/portalincluir.com.br\/index.php\/2025\/10\/28\/apae-de-vitoria-da-conquista-promove-inclusao-e-celebra-cultura-com-campeonato-de-judo-e-capoeira\/","name":"APAE de Vit\u00f3ria da Conquista promove inclus\u00e3o e celebra cultura com Campeonato de Jud\u00f4 e Capoeira - PORTAL INCLUIR","isPartOf":{"@id":"https:\/\/portalincluir.com.br\/#website"},"primaryImageOfPage":{"@id":"https:\/\/portalincluir.com.br\/index.php\/2025\/10\/28\/apae-de-vitoria-da-conquista-promove-inclusao-e-celebra-cultura-com-campeonato-de-judo-e-capoeira\/#primaryimage"},"image":{"@id":"https:\/\/portalincluir.com.br\/index.php\/2025\/10\/28\/apae-de-vitoria-da-conquista-promove-inclusao-e-celebra-cultura-com-campeonato-de-judo-e-capoeira\/#primaryimage"},"thumbnailUrl":"https:\/\/portalincluir.com.br\/wp-content\/uploads\/2025\/10\/apae2b.jpg","datePublished":"2025-10-28T11:51:01+00:00","dateModified":"2025-10-28T11:53:24+00:00","author":{"@id":"https:\/\/portalincluir.com.br\/#\/schema\/person\/8823664e5902eee555607fb75c4c35ae"},"breadcrumb":{"@id":"https:\/\/portalincluir.com.br\/index.php\/2025\/10\/28\/apae-de-vitoria-da-conquista-promove-inclusao-e-celebra-cultura-com-campeonato-de-judo-e-capoeira\/#breadcrumb"},"inLanguage":"pt-BR","potentialAction":[{"@type":"ReadAction","target":["https:\/\/portalincluir.com.br\/index.php\/2025\/10\/28\/apae-de-vitoria-da-conquista-promove-inclusao-e-celebra-cultura-com-campeonato-de-judo-e-capoeira\/"]}]},{"@type":"ImageObject","inLanguage":"pt-BR","@id":"https:\/\/portalincluir.com.br\/index.php\/2025\/10\/28\/apae-de-vitoria-da-conquista-promove-inclusao-e-celebra-cultura-com-campeonato-de-judo-e-capoeira\/#primaryimage","url":"https:\/\/portalincluir.com.br\/wp-content\/uploads\/2025\/10\/apae2b.jpg","contentUrl":"https:\/\/portalincluir.com.br\/wp-content\/uploads\/2025\/10\/apae2b.jpg","width":1080,"height":801},{"@type":"BreadcrumbList","@id":"https:\/\/portalincluir.com.br\/index.php\/2025\/10\/28\/apae-de-vitoria-da-conquista-promove-inclusao-e-celebra-cultura-com-campeonato-de-judo-e-capoeira\/#breadcrumb","itemListElement":[{"@type":"ListItem","position":1,"name":"In\u00edcio","item":"https:\/\/portalincluir.com.br\/"},{"@type":"ListItem","position":2,"name":"APAE de Vit\u00f3ria da Conquista promove inclus\u00e3o e celebra cultura com Campeonato de Jud\u00f4 e Capoeira"}]},{"@type":"WebSite","@id":"https:\/\/portalincluir.com.br\/#website","url":"https:\/\/portalincluir.com.br\/","name":"PORTAL INCLUIR","description":"","potentialAction":[{"@type":"SearchAction","target":{"@type":"EntryPoint","urlTemplate":"https:\/\/portalincluir.com.br\/?s={search_term_string}"},"query-input":{"@type":"PropertyValueSpecification","valueRequired":true,"valueName":"search_term_string"}}],"inLanguage":"pt-BR"},{"@type":"Person","@id":"https:\/\/portalincluir.com.br\/#\/schema\/person\/8823664e5902eee555607fb75c4c35ae","name":"Portal Incluir","image":{"@type":"ImageObject","inLanguage":"pt-BR","@id":"https:\/\/secure.gravatar.com\/avatar\/12085fe17e70c3550551519fe1f8f51fae69b1748563a47fc3bea53d91fbcbbd?s=96&d=mm&r=g","url":"https:\/\/secure.gravatar.com\/avatar\/12085fe17e70c3550551519fe1f8f51fae69b1748563a47fc3bea53d91fbcbbd?s=96&d=mm&r=g","contentUrl":"https:\/\/secure.gravatar.com\/avatar\/12085fe17e70c3550551519fe1f8f51fae69b1748563a47fc3bea53d91fbcbbd?s=96&d=mm&r=g","caption":"Portal Incluir"},"sameAs":["http:\/\/portalincluir.com.br"],"url":"https:\/\/portalincluir.com.br\/index.php\/author\/portalincluir-com-br\/"}]}},"_links":{"self":[{"href":"https:\/\/portalincluir.com.br\/index.php\/wp-json\/wp\/v2\/posts\/695","targetHints":{"allow":["GET"]}}],"collection":[{"href":"https:\/\/portalincluir.com.br\/index.php\/wp-json\/wp\/v2\/posts"}],"about":[{"href":"https:\/\/portalincluir.com.br\/index.php\/wp-json\/wp\/v2\/types\/post"}],"author":[{"embeddable":true,"href":"https:\/\/portalincluir.com.br\/index.php\/wp-json\/wp\/v2\/users\/1"}],"replies":[{"embeddable":true,"href":"https:\/\/portalincluir.com.br\/index.php\/wp-json\/wp\/v2\/comments?post=695"}],"version-history":[{"count":2,"href":"https:\/\/portalincluir.com.br\/index.php\/wp-json\/wp\/v2\/posts\/695\/revisions"}],"predecessor-version":[{"id":707,"href":"https:\/\/portalincluir.com.br\/index.php\/wp-json\/wp\/v2\/posts\/695\/revisions\/707"}],"wp:featuredmedia":[{"embeddable":true,"href":"https:\/\/portalincluir.com.br\/index.php\/wp-json\/wp\/v2\/media\/696"}],"wp:attachment":[{"href":"https:\/\/portalincluir.com.br\/index.php\/wp-json\/wp\/v2\/media?parent=695"}],"wp:term":[{"taxonomy":"category","embeddable":true,"href":"https:\/\/portalincluir.com.br\/index.php\/wp-json\/wp\/v2\/categories?post=695"},{"taxonomy":"post_tag","embeddable":true,"href":"https:\/\/portalincluir.com.br\/index.php\/wp-json\/wp\/v2\/tags?post=695"}],"curies":[{"name":"wp","href":"https:\/\/api.w.org\/{rel}","templated":true}]}}