{"id":7,"date":"2023-08-24T23:52:59","date_gmt":"2023-08-25T02:52:59","guid":{"rendered":"http:\/\/portalincluir.com.br\/index.php\/2023\/08\/24\/inclusao-e-diversidade-valorizando-as-habilidades-das-pessoas-com-deficiencia\/"},"modified":"2024-03-03T23:04:05","modified_gmt":"2024-03-04T02:04:05","slug":"inclusao-e-diversidade-valorizando-as-habilidades-das-pessoas-com-deficiencia","status":"publish","type":"post","link":"https:\/\/portalincluir.com.br\/index.php\/2023\/08\/24\/inclusao-e-diversidade-valorizando-as-habilidades-das-pessoas-com-deficiencia\/","title":{"rendered":"Inclus\u00e3o e diversidade: valorizando as habilidades das pessoas com defici\u00eancia"},"content":{"rendered":"<h2>Quebrando barreiras e promovendo oportunidades<\/h2>\n<p>A inclus\u00e3o de pessoas com defici\u00eancia \u00e9 um tema cada vez mais debatido e valorizado em nossa sociedade. \u00c9 um compromisso que deve ser abra\u00e7ado por todos, afinal, a diversidade \u00e9 uma riqueza que enriquece n\u00e3o apenas o ambiente de trabalho, mas tamb\u00e9m as rela\u00e7\u00f5es sociais e a vida em geral.<\/p>\n<p>Em nosso portal, acreditamos que todas as pessoas, independentemente de suas habilidades ou limita\u00e7\u00f5es, t\u00eam o direito de serem inclu\u00eddas e valorizadas. Nosso objetivo \u00e9 proporcionar um espa\u00e7o onde as pessoas com defici\u00eancia possam mostrar suas habilidades e talentos, rompendo barreiras e construindo uma sociedade mais inclusiva.<\/p>\n<h2>A import\u00e2ncia da inclus\u00e3o<\/h2>\n<p>Quando falamos em inclus\u00e3o, estamos falando em reconhecer o valor das diferen\u00e7as e promover igualdade de oportunidades. Isso n\u00e3o significa tratar todas as pessoas da mesma forma, mas sim valorizar as habilidades e potenciais individuais.<\/p>\n<p>Quando uma empresa, institui\u00e7\u00e3o ou sociedade se compromete com a inclus\u00e3o, todos ganham. As pessoas com defici\u00eancia t\u00eam a chance de contribuir e se desenvolver, enquanto as organiza\u00e7\u00f5es se beneficiam com uma equipe mais diversificada e com diferentes perspectivas.<\/p>\n<h2>Superando desafios e construindo um futuro inclusivo<\/h2>\n<p>Sabemos que a inclus\u00e3o de pessoas com defici\u00eancia pode trazer desafios, mas acreditamos que \u00e9 fundamental enfrent\u00e1-los de maneira positiva. \u00c9 preciso criar ambientes acess\u00edveis, oferecer oportunidades de aprendizado e capacita\u00e7\u00e3o, e principalmente, combater o preconceito e a discrimina\u00e7\u00e3o.<\/p>\n<p>\u00c9 importante ressaltar que a inclus\u00e3o n\u00e3o \u00e9 um favor, mas sim um direito. \u00c9 um compromisso que deve ser assumido por todos n\u00f3s, como cidad\u00e3os e como sociedade. Somente juntos podemos construir um futuro mais inclusivo, onde todas as pessoas tenham a oportunidade de desenvolver seu potencial e contribuir de forma significativa.<\/p>\n","protected":false},"excerpt":{"rendered":"<p>Quebrando barreiras e promovendo oportunidades A inclus\u00e3o de pessoas com defici\u00eancia \u00e9 um tema cada<\/p>\n","protected":false},"author":1,"featured_media":200,"comment_status":"open","ping_status":"open","sticky":false,"template":"","format":"standard","meta":{"om_disable_all_campaigns":false,"_monsterinsights_skip_tracking":false,"_monsterinsights_sitenote_active":false,"_monsterinsights_sitenote_note":"","_monsterinsights_sitenote_category":0,"_uf_show_specific_survey":0,"_uf_disable_surveys":false,"footnotes":""},"categories":[1],"tags":[],"class_list":["post-7","post","type-post","status-publish","format-standard","has-post-thumbnail","hentry","category-portal"],"yoast_head":"<!-- This site is optimized with the Yoast SEO plugin v27.4 - https:\/\/yoast.com\/product\/yoast-seo-wordpress\/ -->\n<title>Inclus\u00e3o e diversidade: valorizando as habilidades das pessoas com defici\u00eancia - PORTAL INCLUIR<\/title>\n<meta name=\"robots\" content=\"index, follow, max-snippet:-1, max-image-preview:large, max-video-preview:-1\" \/>\n<link rel=\"canonical\" href=\"https:\/\/portalincluir.com.br\/index.php\/2023\/08\/24\/inclusao-e-diversidade-valorizando-as-habilidades-das-pessoas-com-deficiencia\/\" \/>\n<meta property=\"og:locale\" content=\"pt_BR\" \/>\n<meta property=\"og:type\" content=\"article\" \/>\n<meta property=\"og:title\" content=\"Inclus\u00e3o e diversidade: valorizando as habilidades das pessoas com defici\u00eancia - PORTAL INCLUIR\" \/>\n<meta property=\"og:description\" content=\"Quebrando barreiras e promovendo oportunidades A inclus\u00e3o de pessoas com defici\u00eancia \u00e9 um tema cada\" \/>\n<meta property=\"og:url\" content=\"https:\/\/portalincluir.com.br\/index.php\/2023\/08\/24\/inclusao-e-diversidade-valorizando-as-habilidades-das-pessoas-com-deficiencia\/\" \/>\n<meta property=\"og:site_name\" content=\"PORTAL INCLUIR\" \/>\n<meta property=\"article:published_time\" content=\"2023-08-25T02:52:59+00:00\" \/>\n<meta property=\"article:modified_time\" content=\"2024-03-04T02:04:05+00:00\" \/>\n<meta property=\"og:image\" content=\"https:\/\/portalincluir.com.br\/wp-content\/uploads\/2023\/08\/1.png\" \/>\n\t<meta property=\"og:image:width\" content=\"599\" \/>\n\t<meta property=\"og:image:height\" content=\"377\" \/>\n\t<meta property=\"og:image:type\" content=\"image\/png\" \/>\n<meta name=\"author\" content=\"Portal Incluir\" \/>\n<meta name=\"twitter:card\" content=\"summary_large_image\" \/>\n<meta name=\"twitter:label1\" content=\"Escrito por\" \/>\n\t<meta name=\"twitter:data1\" content=\"Portal Incluir\" \/>\n\t<meta name=\"twitter:label2\" content=\"Est. tempo de leitura\" \/>\n\t<meta name=\"twitter:data2\" content=\"2 minutos\" \/>\n<script type=\"application\/ld+json\" class=\"yoast-schema-graph\">{\"@context\":\"https:\\\/\\\/schema.org\",\"@graph\":[{\"@type\":[\"Article\",\"BlogPosting\"],\"@id\":\"https:\\\/\\\/portalincluir.com.br\\\/index.php\\\/2023\\\/08\\\/24\\\/inclusao-e-diversidade-valorizando-as-habilidades-das-pessoas-com-deficiencia\\\/#article\",\"isPartOf\":{\"@id\":\"https:\\\/\\\/portalincluir.com.br\\\/index.php\\\/2023\\\/08\\\/24\\\/inclusao-e-diversidade-valorizando-as-habilidades-das-pessoas-com-deficiencia\\\/\"},\"author\":{\"name\":\"Portal Incluir\",\"@id\":\"https:\\\/\\\/portalincluir.com.br\\\/#\\\/schema\\\/person\\\/8823664e5902eee555607fb75c4c35ae\"},\"headline\":\"Inclus\u00e3o e diversidade: valorizando as habilidades das pessoas com defici\u00eancia\",\"datePublished\":\"2023-08-25T02:52:59+00:00\",\"dateModified\":\"2024-03-04T02:04:05+00:00\",\"mainEntityOfPage\":{\"@id\":\"https:\\\/\\\/portalincluir.com.br\\\/index.php\\\/2023\\\/08\\\/24\\\/inclusao-e-diversidade-valorizando-as-habilidades-das-pessoas-com-deficiencia\\\/\"},\"wordCount\":314,\"commentCount\":0,\"image\":{\"@id\":\"https:\\\/\\\/portalincluir.com.br\\\/index.php\\\/2023\\\/08\\\/24\\\/inclusao-e-diversidade-valorizando-as-habilidades-das-pessoas-com-deficiencia\\\/#primaryimage\"},\"thumbnailUrl\":\"https:\\\/\\\/portalincluir.com.br\\\/wp-content\\\/uploads\\\/2023\\\/08\\\/1.png\",\"articleSection\":[\"Portal\"],\"inLanguage\":\"pt-BR\",\"potentialAction\":[{\"@type\":\"CommentAction\",\"name\":\"Comment\",\"target\":[\"https:\\\/\\\/portalincluir.com.br\\\/index.php\\\/2023\\\/08\\\/24\\\/inclusao-e-diversidade-valorizando-as-habilidades-das-pessoas-com-deficiencia\\\/#respond\"]}]},{\"@type\":\"WebPage\",\"@id\":\"https:\\\/\\\/portalincluir.com.br\\\/index.php\\\/2023\\\/08\\\/24\\\/inclusao-e-diversidade-valorizando-as-habilidades-das-pessoas-com-deficiencia\\\/\",\"url\":\"https:\\\/\\\/portalincluir.com.br\\\/index.php\\\/2023\\\/08\\\/24\\\/inclusao-e-diversidade-valorizando-as-habilidades-das-pessoas-com-deficiencia\\\/\",\"name\":\"Inclus\u00e3o e diversidade: valorizando as habilidades das pessoas com defici\u00eancia - PORTAL INCLUIR\",\"isPartOf\":{\"@id\":\"https:\\\/\\\/portalincluir.com.br\\\/#website\"},\"primaryImageOfPage\":{\"@id\":\"https:\\\/\\\/portalincluir.com.br\\\/index.php\\\/2023\\\/08\\\/24\\\/inclusao-e-diversidade-valorizando-as-habilidades-das-pessoas-com-deficiencia\\\/#primaryimage\"},\"image\":{\"@id\":\"https:\\\/\\\/portalincluir.com.br\\\/index.php\\\/2023\\\/08\\\/24\\\/inclusao-e-diversidade-valorizando-as-habilidades-das-pessoas-com-deficiencia\\\/#primaryimage\"},\"thumbnailUrl\":\"https:\\\/\\\/portalincluir.com.br\\\/wp-content\\\/uploads\\\/2023\\\/08\\\/1.png\",\"datePublished\":\"2023-08-25T02:52:59+00:00\",\"dateModified\":\"2024-03-04T02:04:05+00:00\",\"author\":{\"@id\":\"https:\\\/\\\/portalincluir.com.br\\\/#\\\/schema\\\/person\\\/8823664e5902eee555607fb75c4c35ae\"},\"breadcrumb\":{\"@id\":\"https:\\\/\\\/portalincluir.com.br\\\/index.php\\\/2023\\\/08\\\/24\\\/inclusao-e-diversidade-valorizando-as-habilidades-das-pessoas-com-deficiencia\\\/#breadcrumb\"},\"inLanguage\":\"pt-BR\",\"potentialAction\":[{\"@type\":\"ReadAction\",\"target\":[\"https:\\\/\\\/portalincluir.com.br\\\/index.php\\\/2023\\\/08\\\/24\\\/inclusao-e-diversidade-valorizando-as-habilidades-das-pessoas-com-deficiencia\\\/\"]}]},{\"@type\":\"ImageObject\",\"inLanguage\":\"pt-BR\",\"@id\":\"https:\\\/\\\/portalincluir.com.br\\\/index.php\\\/2023\\\/08\\\/24\\\/inclusao-e-diversidade-valorizando-as-habilidades-das-pessoas-com-deficiencia\\\/#primaryimage\",\"url\":\"https:\\\/\\\/portalincluir.com.br\\\/wp-content\\\/uploads\\\/2023\\\/08\\\/1.png\",\"contentUrl\":\"https:\\\/\\\/portalincluir.com.br\\\/wp-content\\\/uploads\\\/2023\\\/08\\\/1.png\",\"width\":599,\"height\":377},{\"@type\":\"BreadcrumbList\",\"@id\":\"https:\\\/\\\/portalincluir.com.br\\\/index.php\\\/2023\\\/08\\\/24\\\/inclusao-e-diversidade-valorizando-as-habilidades-das-pessoas-com-deficiencia\\\/#breadcrumb\",\"itemListElement\":[{\"@type\":\"ListItem\",\"position\":1,\"name\":\"In\u00edcio\",\"item\":\"https:\\\/\\\/portalincluir.com.br\\\/\"},{\"@type\":\"ListItem\",\"position\":2,\"name\":\"Inclus\u00e3o e diversidade: valorizando as habilidades das pessoas com defici\u00eancia\"}]},{\"@type\":\"WebSite\",\"@id\":\"https:\\\/\\\/portalincluir.com.br\\\/#website\",\"url\":\"https:\\\/\\\/portalincluir.com.br\\\/\",\"name\":\"PORTAL INCLUIR\",\"description\":\"\",\"potentialAction\":[{\"@type\":\"SearchAction\",\"target\":{\"@type\":\"EntryPoint\",\"urlTemplate\":\"https:\\\/\\\/portalincluir.com.br\\\/?s={search_term_string}\"},\"query-input\":{\"@type\":\"PropertyValueSpecification\",\"valueRequired\":true,\"valueName\":\"search_term_string\"}}],\"inLanguage\":\"pt-BR\"},{\"@type\":\"Person\",\"@id\":\"https:\\\/\\\/portalincluir.com.br\\\/#\\\/schema\\\/person\\\/8823664e5902eee555607fb75c4c35ae\",\"name\":\"Portal Incluir\",\"image\":{\"@type\":\"ImageObject\",\"inLanguage\":\"pt-BR\",\"@id\":\"https:\\\/\\\/secure.gravatar.com\\\/avatar\\\/12085fe17e70c3550551519fe1f8f51fae69b1748563a47fc3bea53d91fbcbbd?s=96&d=mm&r=g\",\"url\":\"https:\\\/\\\/secure.gravatar.com\\\/avatar\\\/12085fe17e70c3550551519fe1f8f51fae69b1748563a47fc3bea53d91fbcbbd?s=96&d=mm&r=g\",\"contentUrl\":\"https:\\\/\\\/secure.gravatar.com\\\/avatar\\\/12085fe17e70c3550551519fe1f8f51fae69b1748563a47fc3bea53d91fbcbbd?s=96&d=mm&r=g\",\"caption\":\"Portal Incluir\"},\"sameAs\":[\"http:\\\/\\\/portalincluir.com.br\"],\"url\":\"https:\\\/\\\/portalincluir.com.br\\\/index.php\\\/author\\\/portalincluir-com-br\\\/\"}]}<\/script>\n<!-- \/ Yoast SEO plugin. -->","yoast_head_json":{"title":"Inclus\u00e3o e diversidade: valorizando as habilidades das pessoas com defici\u00eancia - PORTAL INCLUIR","robots":{"index":"index","follow":"follow","max-snippet":"max-snippet:-1","max-image-preview":"max-image-preview:large","max-video-preview":"max-video-preview:-1"},"canonical":"https:\/\/portalincluir.com.br\/index.php\/2023\/08\/24\/inclusao-e-diversidade-valorizando-as-habilidades-das-pessoas-com-deficiencia\/","og_locale":"pt_BR","og_type":"article","og_title":"Inclus\u00e3o e diversidade: valorizando as habilidades das pessoas com defici\u00eancia - PORTAL INCLUIR","og_description":"Quebrando barreiras e promovendo oportunidades A inclus\u00e3o de pessoas com defici\u00eancia \u00e9 um tema cada","og_url":"https:\/\/portalincluir.com.br\/index.php\/2023\/08\/24\/inclusao-e-diversidade-valorizando-as-habilidades-das-pessoas-com-deficiencia\/","og_site_name":"PORTAL INCLUIR","article_published_time":"2023-08-25T02:52:59+00:00","article_modified_time":"2024-03-04T02:04:05+00:00","og_image":[{"width":599,"height":377,"url":"https:\/\/portalincluir.com.br\/wp-content\/uploads\/2023\/08\/1.png","type":"image\/png"}],"author":"Portal Incluir","twitter_card":"summary_large_image","twitter_misc":{"Escrito por":"Portal Incluir","Est. tempo de leitura":"2 minutos"},"schema":{"@context":"https:\/\/schema.org","@graph":[{"@type":["Article","BlogPosting"],"@id":"https:\/\/portalincluir.com.br\/index.php\/2023\/08\/24\/inclusao-e-diversidade-valorizando-as-habilidades-das-pessoas-com-deficiencia\/#article","isPartOf":{"@id":"https:\/\/portalincluir.com.br\/index.php\/2023\/08\/24\/inclusao-e-diversidade-valorizando-as-habilidades-das-pessoas-com-deficiencia\/"},"author":{"name":"Portal Incluir","@id":"https:\/\/portalincluir.com.br\/#\/schema\/person\/8823664e5902eee555607fb75c4c35ae"},"headline":"Inclus\u00e3o e diversidade: valorizando as habilidades das pessoas com defici\u00eancia","datePublished":"2023-08-25T02:52:59+00:00","dateModified":"2024-03-04T02:04:05+00:00","mainEntityOfPage":{"@id":"https:\/\/portalincluir.com.br\/index.php\/2023\/08\/24\/inclusao-e-diversidade-valorizando-as-habilidades-das-pessoas-com-deficiencia\/"},"wordCount":314,"commentCount":0,"image":{"@id":"https:\/\/portalincluir.com.br\/index.php\/2023\/08\/24\/inclusao-e-diversidade-valorizando-as-habilidades-das-pessoas-com-deficiencia\/#primaryimage"},"thumbnailUrl":"https:\/\/portalincluir.com.br\/wp-content\/uploads\/2023\/08\/1.png","articleSection":["Portal"],"inLanguage":"pt-BR","potentialAction":[{"@type":"CommentAction","name":"Comment","target":["https:\/\/portalincluir.com.br\/index.php\/2023\/08\/24\/inclusao-e-diversidade-valorizando-as-habilidades-das-pessoas-com-deficiencia\/#respond"]}]},{"@type":"WebPage","@id":"https:\/\/portalincluir.com.br\/index.php\/2023\/08\/24\/inclusao-e-diversidade-valorizando-as-habilidades-das-pessoas-com-deficiencia\/","url":"https:\/\/portalincluir.com.br\/index.php\/2023\/08\/24\/inclusao-e-diversidade-valorizando-as-habilidades-das-pessoas-com-deficiencia\/","name":"Inclus\u00e3o e diversidade: valorizando as habilidades das pessoas com defici\u00eancia - PORTAL INCLUIR","isPartOf":{"@id":"https:\/\/portalincluir.com.br\/#website"},"primaryImageOfPage":{"@id":"https:\/\/portalincluir.com.br\/index.php\/2023\/08\/24\/inclusao-e-diversidade-valorizando-as-habilidades-das-pessoas-com-deficiencia\/#primaryimage"},"image":{"@id":"https:\/\/portalincluir.com.br\/index.php\/2023\/08\/24\/inclusao-e-diversidade-valorizando-as-habilidades-das-pessoas-com-deficiencia\/#primaryimage"},"thumbnailUrl":"https:\/\/portalincluir.com.br\/wp-content\/uploads\/2023\/08\/1.png","datePublished":"2023-08-25T02:52:59+00:00","dateModified":"2024-03-04T02:04:05+00:00","author":{"@id":"https:\/\/portalincluir.com.br\/#\/schema\/person\/8823664e5902eee555607fb75c4c35ae"},"breadcrumb":{"@id":"https:\/\/portalincluir.com.br\/index.php\/2023\/08\/24\/inclusao-e-diversidade-valorizando-as-habilidades-das-pessoas-com-deficiencia\/#breadcrumb"},"inLanguage":"pt-BR","potentialAction":[{"@type":"ReadAction","target":["https:\/\/portalincluir.com.br\/index.php\/2023\/08\/24\/inclusao-e-diversidade-valorizando-as-habilidades-das-pessoas-com-deficiencia\/"]}]},{"@type":"ImageObject","inLanguage":"pt-BR","@id":"https:\/\/portalincluir.com.br\/index.php\/2023\/08\/24\/inclusao-e-diversidade-valorizando-as-habilidades-das-pessoas-com-deficiencia\/#primaryimage","url":"https:\/\/portalincluir.com.br\/wp-content\/uploads\/2023\/08\/1.png","contentUrl":"https:\/\/portalincluir.com.br\/wp-content\/uploads\/2023\/08\/1.png","width":599,"height":377},{"@type":"BreadcrumbList","@id":"https:\/\/portalincluir.com.br\/index.php\/2023\/08\/24\/inclusao-e-diversidade-valorizando-as-habilidades-das-pessoas-com-deficiencia\/#breadcrumb","itemListElement":[{"@type":"ListItem","position":1,"name":"In\u00edcio","item":"https:\/\/portalincluir.com.br\/"},{"@type":"ListItem","position":2,"name":"Inclus\u00e3o e diversidade: valorizando as habilidades das pessoas com defici\u00eancia"}]},{"@type":"WebSite","@id":"https:\/\/portalincluir.com.br\/#website","url":"https:\/\/portalincluir.com.br\/","name":"PORTAL INCLUIR","description":"","potentialAction":[{"@type":"SearchAction","target":{"@type":"EntryPoint","urlTemplate":"https:\/\/portalincluir.com.br\/?s={search_term_string}"},"query-input":{"@type":"PropertyValueSpecification","valueRequired":true,"valueName":"search_term_string"}}],"inLanguage":"pt-BR"},{"@type":"Person","@id":"https:\/\/portalincluir.com.br\/#\/schema\/person\/8823664e5902eee555607fb75c4c35ae","name":"Portal Incluir","image":{"@type":"ImageObject","inLanguage":"pt-BR","@id":"https:\/\/secure.gravatar.com\/avatar\/12085fe17e70c3550551519fe1f8f51fae69b1748563a47fc3bea53d91fbcbbd?s=96&d=mm&r=g","url":"https:\/\/secure.gravatar.com\/avatar\/12085fe17e70c3550551519fe1f8f51fae69b1748563a47fc3bea53d91fbcbbd?s=96&d=mm&r=g","contentUrl":"https:\/\/secure.gravatar.com\/avatar\/12085fe17e70c3550551519fe1f8f51fae69b1748563a47fc3bea53d91fbcbbd?s=96&d=mm&r=g","caption":"Portal Incluir"},"sameAs":["http:\/\/portalincluir.com.br"],"url":"https:\/\/portalincluir.com.br\/index.php\/author\/portalincluir-com-br\/"}]}},"_links":{"self":[{"href":"https:\/\/portalincluir.com.br\/index.php\/wp-json\/wp\/v2\/posts\/7","targetHints":{"allow":["GET"]}}],"collection":[{"href":"https:\/\/portalincluir.com.br\/index.php\/wp-json\/wp\/v2\/posts"}],"about":[{"href":"https:\/\/portalincluir.com.br\/index.php\/wp-json\/wp\/v2\/types\/post"}],"author":[{"embeddable":true,"href":"https:\/\/portalincluir.com.br\/index.php\/wp-json\/wp\/v2\/users\/1"}],"replies":[{"embeddable":true,"href":"https:\/\/portalincluir.com.br\/index.php\/wp-json\/wp\/v2\/comments?post=7"}],"version-history":[{"count":1,"href":"https:\/\/portalincluir.com.br\/index.php\/wp-json\/wp\/v2\/posts\/7\/revisions"}],"predecessor-version":[{"id":14,"href":"https:\/\/portalincluir.com.br\/index.php\/wp-json\/wp\/v2\/posts\/7\/revisions\/14"}],"wp:featuredmedia":[{"embeddable":true,"href":"https:\/\/portalincluir.com.br\/index.php\/wp-json\/wp\/v2\/media\/200"}],"wp:attachment":[{"href":"https:\/\/portalincluir.com.br\/index.php\/wp-json\/wp\/v2\/media?parent=7"}],"wp:term":[{"taxonomy":"category","embeddable":true,"href":"https:\/\/portalincluir.com.br\/index.php\/wp-json\/wp\/v2\/categories?post=7"},{"taxonomy":"post_tag","embeddable":true,"href":"https:\/\/portalincluir.com.br\/index.php\/wp-json\/wp\/v2\/tags?post=7"}],"curies":[{"name":"wp","href":"https:\/\/api.w.org\/{rel}","templated":true}]}}