{"id":708,"date":"2025-11-03T14:00:07","date_gmt":"2025-11-03T17:00:07","guid":{"rendered":"https:\/\/portalincluir.com.br\/?p=708"},"modified":"2025-11-03T14:00:28","modified_gmt":"2025-11-03T17:00:28","slug":"inclusao-um-compromisso-com-a-diversidade-humana","status":"publish","type":"post","link":"https:\/\/portalincluir.com.br\/index.php\/2025\/11\/03\/inclusao-um-compromisso-com-a-diversidade-humana\/","title":{"rendered":"Inclus\u00e3o: um compromisso com a diversidade humana"},"content":{"rendered":"\n<p>Falar sobre inclus\u00e3o \u00e9, antes de tudo, refletir sobre o significado profundo dessa palavra. <em>Incluir<\/em> vem do latim <em>includere<\/em>, que significa \u201cfechar dentro\u201d, \u201cconter\u201d. Ou seja, trata-se de acolher, de fazer parte, de pertencer a um todo. No entanto, incluir n\u00e3o \u00e9 apenas abrir as portas das escolas para todos. \u00c9 preciso ir al\u00e9m da presen\u00e7a f\u00edsica: \u00e9 necess\u00e1rio garantir a participa\u00e7\u00e3o plena, o pertencimento e o reconhecimento das singularidades de cada sujeito.<\/p>\n\n\n\n<p>Desconstruindo estere\u00f3tipos<\/p>\n\n\n\n<p>Para que a inclus\u00e3o aconte\u00e7a de fato, \u00e9 fundamental desconstruir vis\u00f5es estereotipadas ainda presentes em nossa sociedade \u2014 como a ideia do \u201ccoitadinho\u201d ou do \u201cincapaz\u201d. Essas concep\u00e7\u00f5es reduzem o sujeito \u00e0 sua defici\u00eancia e impedem que vejamos suas potencialidades, suas formas \u00fanicas de ser, aprender e se expressar.<\/p>\n\n\n\n<p>Compreendendo o TEA<\/p>\n\n\n\n<p>O Transtorno do Espectro Autista (TEA) \u00e9 um transtorno do neurodesenvolvimento caracterizado por dificuldades persistentes na comunica\u00e7\u00e3o e na intera\u00e7\u00e3o social, al\u00e9m de comportamentos repetitivos e interesses restritos, conforme o DSM-V. O TEA acompanha o indiv\u00edduo ao longo de toda a vida e se manifesta de formas diversas \u2014 afinal, estamos falando de um espectro. Isso significa que cada pessoa com TEA \u00e9 \u00fanica, com necessidades, habilidades e formas de intera\u00e7\u00e3o pr\u00f3prias, mesmo que estejam classificadas no mesmo n\u00edvel de suporte.<\/p>\n\n\n\n<p>A experi\u00eancia da escola Fl\u00e4mming<\/p>\n\n\n\n<p>Na Alemanha, por volta dos anos 1970, surgiu a escola Fl\u00e4mming, uma pr\u00e9-escola montessoriana que promoveu a conviv\u00eancia entre crian\u00e7as com e sem defici\u00eancia. Idealizada por um grupo de pais, essa iniciativa enfrentou resist\u00eancia, mas conseguiu implementar o princ\u00edpio da vida em comum, sem segrega\u00e7\u00f5es. O foco era adaptar as condi\u00e7\u00f5es pedag\u00f3gicas \u00e0s necessidades de cada crian\u00e7a, respeitando seu ritmo de aprendizagem e promovendo o desenvolvimento integral.<\/p>\n\n\n\n<p>Essa experi\u00eancia provocou transforma\u00e7\u00f5es significativas na pr\u00e1tica docente: centralidade no aluno, valoriza\u00e7\u00e3o do progresso individual, diversifica\u00e7\u00e3o metodol\u00f3gica e fortalecimento dos v\u00ednculos afetivos. Nesse contexto, a bidoc\u00eancia \u2014 atua\u00e7\u00e3o conjunta do professor regente com o especialista em educa\u00e7\u00e3o especial \u2014 emergiu como estrat\u00e9gia potente para atender \u00e0s singularidades dos estudantes.<\/p>\n\n\n\n<p>Desafios estruturais e caminhos poss\u00edveis<\/p>\n\n\n\n<p>No Brasil, sabemos que sem mudan\u00e7as na estrutura escolar n\u00e3o avan\u00e7aremos. Superlota\u00e7\u00e3o das salas, falta de recursos, forma\u00e7\u00e3o continuada e garantia de terapias s\u00e3o entraves \u00e0 constru\u00e7\u00e3o de uma escola verdadeiramente inclusiva. Como professora atuante em um N\u00facleo de Atendimento \u00e0s Pessoas com Necessidades Espec\u00edficas, percebo que pequenas modifica\u00e7\u00f5es na estrutura e na metodologia j\u00e1 causariam grande impacto nos resultados.<\/p>\n\n\n\n<p>Aqui est\u00e3o algumas pr\u00e1ticas que podem auxiliar nesse processo:<\/p>\n\n\n\n<p>1. Desenho Universal para Aprendizagem (DUA)<\/p>\n\n\n\n<p>Oferecer m\u00faltiplas formas de apresenta\u00e7\u00e3o do conte\u00fado \u2014 texto, v\u00eddeo, organograma, elemento gr\u00e1fico \u2014 amplia os canais de aprendizagem. A Intelig\u00eancia Artificial pode ser uma aliada nesse processo, facilitando a cria\u00e7\u00e3o de recursos acess\u00edveis e personalizados.<\/p>\n\n\n\n<p>2. Flexibilidade nos registros de avalia\u00e7\u00e3o e recursos exclusivos<\/p>\n\n\n\n<p>Alguns estudantes chegam aos anos iniciais com idade cronol\u00f3gica muito distante da idade de desenvolvimento. \u00c9 necess\u00e1rio adaptar fichas de avalia\u00e7\u00e3o com base no estudo do desenvolvimento humano, al\u00e9m de garantir apoio especializado em tempo integral, ou seja, no m\u00ednimo 1 professor e um profissional de apoio escolar&nbsp; \u2014 especialmente em casos como TEA n\u00edvel 3.<\/p>\n\n\n\n<p>3. Aprendizagem l\u00fadica<\/p>\n\n\n\n<p>Jogos como domin\u00f3, quebra-cabe\u00e7a, jogo da mem\u00f3ria, Super Trunfo, Cad\u00ea?, Ligue 4 ajudam a desenvolver fun\u00e7\u00f5es executivas: controle inibit\u00f3rio, mem\u00f3ria de trabalho e flexibilidade cognitiva. S\u00e3o atividades simples, acess\u00edveis e eficazes.<\/p>\n\n\n\n<p>4. Uso consciente da tecnologia<\/p>\n\n\n\n<p>Aplicativos como o Family Link ajudam a gerenciar o tempo de tela e o conte\u00fado acessado. A escola pode sugerir apps educativos e orientar as fam\u00edlias sobre o uso equilibrado da tecnologia, evitando o isolamento social. Lembrando que o uso exagerado de telas , especialmente em crian\u00e7as com TEA, pode vir a prejudicar ainda mais o desenvolvimento das rela\u00e7\u00f5es sociais.<\/p>\n\n\n\n<p>5. Parceria entre educa\u00e7\u00e3o e sa\u00fade<\/p>\n\n\n\n<p>Secretarias de educa\u00e7\u00e3o e sa\u00fade devem atuar juntas, promovendo rodas de conversa e apoio \u00e0s fam\u00edlias. Muitas vezes, a escola acaba assumindo o papel da terapia \u2014 algo essencial, mas que deveria ser garantido por pol\u00edticas p\u00fablicas. Assim como \u00e0s crian\u00e7as com TEA precisam estar nas escolas, precisam ter acompanhamento terap\u00eautico.<\/p>\n\n\n\n<p>6. Rotina e est\u00edmulo \u00e0 autonomia<\/p>\n\n\n\n<p>A autonomia \u00e9 um dos pilares do desenvolvimento humano. A rotina familiar \u2014 com hor\u00e1rios, responsabilidades e intera\u00e7\u00f5es \u2014 \u00e9 um campo pedag\u00f3gico vivo. Para estudantes com TEA ou defici\u00eancia intelectual, recursos visuais, instru\u00e7\u00f5es passo a passo e apoio afetivo s\u00e3o fundamentais para promover autonomia com seguran\u00e7a. Al\u00e9m disso, o est\u00edmulo na participa\u00e7\u00e3o de atividades de vida di\u00e1ria (AVDs), como ajudar a colocar a mesa, lavar alguma lou\u00e7a, molhar plantas, cuidar do animal de estima\u00e7\u00e3o promovem maior responsabilidade, organiza\u00e7\u00e3o e autonomia.<\/p>\n\n\n\n<p>Fam\u00edlia e escola: uma parceria essencial<\/p>\n\n\n\n<p>Reconhecer a fam\u00edlia como parceira no processo de aprendizagem \u00e9 essencial para superar barreiras educacionais e promover uma cultura de corresponsabilidade, afeto e acolhimento. A escola, por sua vez, precisa abrir suas portas para o di\u00e1logo, a escuta e a valoriza\u00e7\u00e3o das m\u00faltiplas realidades familiares, assumindo o compromisso de construir pontes \u2014 e n\u00e3o muros.<\/p>\n\n\n\n<p>Al\u00e9m disso, \u00e9 fundamental que a escola deixe claro que o trabalho pedag\u00f3gico s\u00f3 pode ser plenamente desenvolvido quando h\u00e1 uma rede de apoio estruturada e funcional. Isso inclui o envolvimento da fam\u00edlia, o suporte dos \u00f3rg\u00e3os competentes, a garantia de recursos e a atua\u00e7\u00e3o integrada entre educa\u00e7\u00e3o e sa\u00fade. Sem essas condi\u00e7\u00f5es m\u00ednimas, o processo de aprendizagem fica comprometido, especialmente quando se trata de estudantes com necessidades espec\u00edficas, como os que est\u00e3o no espectro autista.<\/p>\n\n\n\n<p><em><strong>Aline Bittencourt.<\/strong> Professora EBTT do CPII- Anos Iniciais do Ensino Fundamental. Doutora em Ci\u00eancias pela Fiocruz. Mestre em Educa\u00e7\u00e3o-UERJ. Psicopedagoga Cl\u00ednica e Institucional. Pedagoga. Organizadora e autora do livro \u201cAutismo e Ci\u00eancias &#8211; O Protagonismo de estudantes com TEA\u201d- WAK Editora<\/em><\/p>\n\n\n\n<p><\/p>\n","protected":false},"excerpt":{"rendered":"<p>Falar sobre inclus\u00e3o \u00e9, antes de tudo, refletir sobre o significado profundo dessa palavra. Incluir<\/p>\n","protected":false},"author":1,"featured_media":709,"comment_status":"open","ping_status":"open","sticky":false,"template":"","format":"standard","meta":{"om_disable_all_campaigns":false,"_monsterinsights_skip_tracking":false,"_monsterinsights_sitenote_active":false,"_monsterinsights_sitenote_note":"","_monsterinsights_sitenote_category":0,"_uf_show_specific_survey":0,"_uf_disable_surveys":false,"footnotes":""},"categories":[9,21],"tags":[],"class_list":["post-708","post","type-post","status-publish","format-standard","has-post-thumbnail","hentry","category-noticias","category-opiniao"],"yoast_head":"<!-- This site is optimized with the Yoast SEO plugin v27.4 - https:\/\/yoast.com\/product\/yoast-seo-wordpress\/ -->\n<title>Inclus\u00e3o: um compromisso com a diversidade humana - PORTAL INCLUIR<\/title>\n<meta name=\"robots\" content=\"index, follow, max-snippet:-1, max-image-preview:large, max-video-preview:-1\" \/>\n<link rel=\"canonical\" href=\"https:\/\/portalincluir.com.br\/index.php\/2025\/11\/03\/inclusao-um-compromisso-com-a-diversidade-humana\/\" \/>\n<meta property=\"og:locale\" content=\"pt_BR\" \/>\n<meta property=\"og:type\" content=\"article\" \/>\n<meta property=\"og:title\" content=\"Inclus\u00e3o: um compromisso com a diversidade humana - PORTAL INCLUIR\" \/>\n<meta property=\"og:description\" content=\"Falar sobre inclus\u00e3o \u00e9, antes de tudo, refletir sobre o significado profundo dessa palavra. Incluir\" \/>\n<meta property=\"og:url\" content=\"https:\/\/portalincluir.com.br\/index.php\/2025\/11\/03\/inclusao-um-compromisso-com-a-diversidade-humana\/\" \/>\n<meta property=\"og:site_name\" content=\"PORTAL INCLUIR\" \/>\n<meta property=\"article:published_time\" content=\"2025-11-03T17:00:07+00:00\" \/>\n<meta property=\"article:modified_time\" content=\"2025-11-03T17:00:28+00:00\" \/>\n<meta property=\"og:image\" content=\"https:\/\/portalincluir.com.br\/wp-content\/uploads\/2025\/11\/Aline-Bittencourt-Arquivo-pessoal.jpg\" \/>\n\t<meta property=\"og:image:width\" content=\"470\" \/>\n\t<meta property=\"og:image:height\" content=\"497\" \/>\n\t<meta property=\"og:image:type\" content=\"image\/jpeg\" \/>\n<meta name=\"author\" content=\"Portal Incluir\" \/>\n<meta name=\"twitter:card\" content=\"summary_large_image\" \/>\n<meta name=\"twitter:label1\" content=\"Escrito por\" \/>\n\t<meta name=\"twitter:data1\" content=\"Portal Incluir\" \/>\n\t<meta name=\"twitter:label2\" content=\"Est. tempo de leitura\" \/>\n\t<meta name=\"twitter:data2\" content=\"5 minutos\" \/>\n<script type=\"application\/ld+json\" class=\"yoast-schema-graph\">{\"@context\":\"https:\\\/\\\/schema.org\",\"@graph\":[{\"@type\":[\"Article\",\"BlogPosting\"],\"@id\":\"https:\\\/\\\/portalincluir.com.br\\\/index.php\\\/2025\\\/11\\\/03\\\/inclusao-um-compromisso-com-a-diversidade-humana\\\/#article\",\"isPartOf\":{\"@id\":\"https:\\\/\\\/portalincluir.com.br\\\/index.php\\\/2025\\\/11\\\/03\\\/inclusao-um-compromisso-com-a-diversidade-humana\\\/\"},\"author\":{\"name\":\"Portal Incluir\",\"@id\":\"https:\\\/\\\/portalincluir.com.br\\\/#\\\/schema\\\/person\\\/8823664e5902eee555607fb75c4c35ae\"},\"headline\":\"Inclus\u00e3o: um compromisso com a diversidade humana\",\"datePublished\":\"2025-11-03T17:00:07+00:00\",\"dateModified\":\"2025-11-03T17:00:28+00:00\",\"mainEntityOfPage\":{\"@id\":\"https:\\\/\\\/portalincluir.com.br\\\/index.php\\\/2025\\\/11\\\/03\\\/inclusao-um-compromisso-com-a-diversidade-humana\\\/\"},\"wordCount\":1033,\"commentCount\":0,\"image\":{\"@id\":\"https:\\\/\\\/portalincluir.com.br\\\/index.php\\\/2025\\\/11\\\/03\\\/inclusao-um-compromisso-com-a-diversidade-humana\\\/#primaryimage\"},\"thumbnailUrl\":\"https:\\\/\\\/portalincluir.com.br\\\/wp-content\\\/uploads\\\/2025\\\/11\\\/Aline-Bittencourt-Arquivo-pessoal.jpg\",\"articleSection\":[\"Not\u00edcias\",\"Opini\u00e3o\"],\"inLanguage\":\"pt-BR\",\"potentialAction\":[{\"@type\":\"CommentAction\",\"name\":\"Comment\",\"target\":[\"https:\\\/\\\/portalincluir.com.br\\\/index.php\\\/2025\\\/11\\\/03\\\/inclusao-um-compromisso-com-a-diversidade-humana\\\/#respond\"]}]},{\"@type\":\"WebPage\",\"@id\":\"https:\\\/\\\/portalincluir.com.br\\\/index.php\\\/2025\\\/11\\\/03\\\/inclusao-um-compromisso-com-a-diversidade-humana\\\/\",\"url\":\"https:\\\/\\\/portalincluir.com.br\\\/index.php\\\/2025\\\/11\\\/03\\\/inclusao-um-compromisso-com-a-diversidade-humana\\\/\",\"name\":\"Inclus\u00e3o: um compromisso com a diversidade humana - PORTAL INCLUIR\",\"isPartOf\":{\"@id\":\"https:\\\/\\\/portalincluir.com.br\\\/#website\"},\"primaryImageOfPage\":{\"@id\":\"https:\\\/\\\/portalincluir.com.br\\\/index.php\\\/2025\\\/11\\\/03\\\/inclusao-um-compromisso-com-a-diversidade-humana\\\/#primaryimage\"},\"image\":{\"@id\":\"https:\\\/\\\/portalincluir.com.br\\\/index.php\\\/2025\\\/11\\\/03\\\/inclusao-um-compromisso-com-a-diversidade-humana\\\/#primaryimage\"},\"thumbnailUrl\":\"https:\\\/\\\/portalincluir.com.br\\\/wp-content\\\/uploads\\\/2025\\\/11\\\/Aline-Bittencourt-Arquivo-pessoal.jpg\",\"datePublished\":\"2025-11-03T17:00:07+00:00\",\"dateModified\":\"2025-11-03T17:00:28+00:00\",\"author\":{\"@id\":\"https:\\\/\\\/portalincluir.com.br\\\/#\\\/schema\\\/person\\\/8823664e5902eee555607fb75c4c35ae\"},\"breadcrumb\":{\"@id\":\"https:\\\/\\\/portalincluir.com.br\\\/index.php\\\/2025\\\/11\\\/03\\\/inclusao-um-compromisso-com-a-diversidade-humana\\\/#breadcrumb\"},\"inLanguage\":\"pt-BR\",\"potentialAction\":[{\"@type\":\"ReadAction\",\"target\":[\"https:\\\/\\\/portalincluir.com.br\\\/index.php\\\/2025\\\/11\\\/03\\\/inclusao-um-compromisso-com-a-diversidade-humana\\\/\"]}]},{\"@type\":\"ImageObject\",\"inLanguage\":\"pt-BR\",\"@id\":\"https:\\\/\\\/portalincluir.com.br\\\/index.php\\\/2025\\\/11\\\/03\\\/inclusao-um-compromisso-com-a-diversidade-humana\\\/#primaryimage\",\"url\":\"https:\\\/\\\/portalincluir.com.br\\\/wp-content\\\/uploads\\\/2025\\\/11\\\/Aline-Bittencourt-Arquivo-pessoal.jpg\",\"contentUrl\":\"https:\\\/\\\/portalincluir.com.br\\\/wp-content\\\/uploads\\\/2025\\\/11\\\/Aline-Bittencourt-Arquivo-pessoal.jpg\",\"width\":470,\"height\":497},{\"@type\":\"BreadcrumbList\",\"@id\":\"https:\\\/\\\/portalincluir.com.br\\\/index.php\\\/2025\\\/11\\\/03\\\/inclusao-um-compromisso-com-a-diversidade-humana\\\/#breadcrumb\",\"itemListElement\":[{\"@type\":\"ListItem\",\"position\":1,\"name\":\"In\u00edcio\",\"item\":\"https:\\\/\\\/portalincluir.com.br\\\/\"},{\"@type\":\"ListItem\",\"position\":2,\"name\":\"Inclus\u00e3o: um compromisso com a diversidade humana\"}]},{\"@type\":\"WebSite\",\"@id\":\"https:\\\/\\\/portalincluir.com.br\\\/#website\",\"url\":\"https:\\\/\\\/portalincluir.com.br\\\/\",\"name\":\"PORTAL INCLUIR\",\"description\":\"\",\"potentialAction\":[{\"@type\":\"SearchAction\",\"target\":{\"@type\":\"EntryPoint\",\"urlTemplate\":\"https:\\\/\\\/portalincluir.com.br\\\/?s={search_term_string}\"},\"query-input\":{\"@type\":\"PropertyValueSpecification\",\"valueRequired\":true,\"valueName\":\"search_term_string\"}}],\"inLanguage\":\"pt-BR\"},{\"@type\":\"Person\",\"@id\":\"https:\\\/\\\/portalincluir.com.br\\\/#\\\/schema\\\/person\\\/8823664e5902eee555607fb75c4c35ae\",\"name\":\"Portal Incluir\",\"image\":{\"@type\":\"ImageObject\",\"inLanguage\":\"pt-BR\",\"@id\":\"https:\\\/\\\/secure.gravatar.com\\\/avatar\\\/12085fe17e70c3550551519fe1f8f51fae69b1748563a47fc3bea53d91fbcbbd?s=96&d=mm&r=g\",\"url\":\"https:\\\/\\\/secure.gravatar.com\\\/avatar\\\/12085fe17e70c3550551519fe1f8f51fae69b1748563a47fc3bea53d91fbcbbd?s=96&d=mm&r=g\",\"contentUrl\":\"https:\\\/\\\/secure.gravatar.com\\\/avatar\\\/12085fe17e70c3550551519fe1f8f51fae69b1748563a47fc3bea53d91fbcbbd?s=96&d=mm&r=g\",\"caption\":\"Portal Incluir\"},\"sameAs\":[\"http:\\\/\\\/portalincluir.com.br\"],\"url\":\"https:\\\/\\\/portalincluir.com.br\\\/index.php\\\/author\\\/portalincluir-com-br\\\/\"}]}<\/script>\n<!-- \/ Yoast SEO plugin. -->","yoast_head_json":{"title":"Inclus\u00e3o: um compromisso com a diversidade humana - PORTAL INCLUIR","robots":{"index":"index","follow":"follow","max-snippet":"max-snippet:-1","max-image-preview":"max-image-preview:large","max-video-preview":"max-video-preview:-1"},"canonical":"https:\/\/portalincluir.com.br\/index.php\/2025\/11\/03\/inclusao-um-compromisso-com-a-diversidade-humana\/","og_locale":"pt_BR","og_type":"article","og_title":"Inclus\u00e3o: um compromisso com a diversidade humana - PORTAL INCLUIR","og_description":"Falar sobre inclus\u00e3o \u00e9, antes de tudo, refletir sobre o significado profundo dessa palavra. Incluir","og_url":"https:\/\/portalincluir.com.br\/index.php\/2025\/11\/03\/inclusao-um-compromisso-com-a-diversidade-humana\/","og_site_name":"PORTAL INCLUIR","article_published_time":"2025-11-03T17:00:07+00:00","article_modified_time":"2025-11-03T17:00:28+00:00","og_image":[{"width":470,"height":497,"url":"https:\/\/portalincluir.com.br\/wp-content\/uploads\/2025\/11\/Aline-Bittencourt-Arquivo-pessoal.jpg","type":"image\/jpeg"}],"author":"Portal Incluir","twitter_card":"summary_large_image","twitter_misc":{"Escrito por":"Portal Incluir","Est. tempo de leitura":"5 minutos"},"schema":{"@context":"https:\/\/schema.org","@graph":[{"@type":["Article","BlogPosting"],"@id":"https:\/\/portalincluir.com.br\/index.php\/2025\/11\/03\/inclusao-um-compromisso-com-a-diversidade-humana\/#article","isPartOf":{"@id":"https:\/\/portalincluir.com.br\/index.php\/2025\/11\/03\/inclusao-um-compromisso-com-a-diversidade-humana\/"},"author":{"name":"Portal Incluir","@id":"https:\/\/portalincluir.com.br\/#\/schema\/person\/8823664e5902eee555607fb75c4c35ae"},"headline":"Inclus\u00e3o: um compromisso com a diversidade humana","datePublished":"2025-11-03T17:00:07+00:00","dateModified":"2025-11-03T17:00:28+00:00","mainEntityOfPage":{"@id":"https:\/\/portalincluir.com.br\/index.php\/2025\/11\/03\/inclusao-um-compromisso-com-a-diversidade-humana\/"},"wordCount":1033,"commentCount":0,"image":{"@id":"https:\/\/portalincluir.com.br\/index.php\/2025\/11\/03\/inclusao-um-compromisso-com-a-diversidade-humana\/#primaryimage"},"thumbnailUrl":"https:\/\/portalincluir.com.br\/wp-content\/uploads\/2025\/11\/Aline-Bittencourt-Arquivo-pessoal.jpg","articleSection":["Not\u00edcias","Opini\u00e3o"],"inLanguage":"pt-BR","potentialAction":[{"@type":"CommentAction","name":"Comment","target":["https:\/\/portalincluir.com.br\/index.php\/2025\/11\/03\/inclusao-um-compromisso-com-a-diversidade-humana\/#respond"]}]},{"@type":"WebPage","@id":"https:\/\/portalincluir.com.br\/index.php\/2025\/11\/03\/inclusao-um-compromisso-com-a-diversidade-humana\/","url":"https:\/\/portalincluir.com.br\/index.php\/2025\/11\/03\/inclusao-um-compromisso-com-a-diversidade-humana\/","name":"Inclus\u00e3o: um compromisso com a diversidade humana - PORTAL INCLUIR","isPartOf":{"@id":"https:\/\/portalincluir.com.br\/#website"},"primaryImageOfPage":{"@id":"https:\/\/portalincluir.com.br\/index.php\/2025\/11\/03\/inclusao-um-compromisso-com-a-diversidade-humana\/#primaryimage"},"image":{"@id":"https:\/\/portalincluir.com.br\/index.php\/2025\/11\/03\/inclusao-um-compromisso-com-a-diversidade-humana\/#primaryimage"},"thumbnailUrl":"https:\/\/portalincluir.com.br\/wp-content\/uploads\/2025\/11\/Aline-Bittencourt-Arquivo-pessoal.jpg","datePublished":"2025-11-03T17:00:07+00:00","dateModified":"2025-11-03T17:00:28+00:00","author":{"@id":"https:\/\/portalincluir.com.br\/#\/schema\/person\/8823664e5902eee555607fb75c4c35ae"},"breadcrumb":{"@id":"https:\/\/portalincluir.com.br\/index.php\/2025\/11\/03\/inclusao-um-compromisso-com-a-diversidade-humana\/#breadcrumb"},"inLanguage":"pt-BR","potentialAction":[{"@type":"ReadAction","target":["https:\/\/portalincluir.com.br\/index.php\/2025\/11\/03\/inclusao-um-compromisso-com-a-diversidade-humana\/"]}]},{"@type":"ImageObject","inLanguage":"pt-BR","@id":"https:\/\/portalincluir.com.br\/index.php\/2025\/11\/03\/inclusao-um-compromisso-com-a-diversidade-humana\/#primaryimage","url":"https:\/\/portalincluir.com.br\/wp-content\/uploads\/2025\/11\/Aline-Bittencourt-Arquivo-pessoal.jpg","contentUrl":"https:\/\/portalincluir.com.br\/wp-content\/uploads\/2025\/11\/Aline-Bittencourt-Arquivo-pessoal.jpg","width":470,"height":497},{"@type":"BreadcrumbList","@id":"https:\/\/portalincluir.com.br\/index.php\/2025\/11\/03\/inclusao-um-compromisso-com-a-diversidade-humana\/#breadcrumb","itemListElement":[{"@type":"ListItem","position":1,"name":"In\u00edcio","item":"https:\/\/portalincluir.com.br\/"},{"@type":"ListItem","position":2,"name":"Inclus\u00e3o: um compromisso com a diversidade humana"}]},{"@type":"WebSite","@id":"https:\/\/portalincluir.com.br\/#website","url":"https:\/\/portalincluir.com.br\/","name":"PORTAL INCLUIR","description":"","potentialAction":[{"@type":"SearchAction","target":{"@type":"EntryPoint","urlTemplate":"https:\/\/portalincluir.com.br\/?s={search_term_string}"},"query-input":{"@type":"PropertyValueSpecification","valueRequired":true,"valueName":"search_term_string"}}],"inLanguage":"pt-BR"},{"@type":"Person","@id":"https:\/\/portalincluir.com.br\/#\/schema\/person\/8823664e5902eee555607fb75c4c35ae","name":"Portal Incluir","image":{"@type":"ImageObject","inLanguage":"pt-BR","@id":"https:\/\/secure.gravatar.com\/avatar\/12085fe17e70c3550551519fe1f8f51fae69b1748563a47fc3bea53d91fbcbbd?s=96&d=mm&r=g","url":"https:\/\/secure.gravatar.com\/avatar\/12085fe17e70c3550551519fe1f8f51fae69b1748563a47fc3bea53d91fbcbbd?s=96&d=mm&r=g","contentUrl":"https:\/\/secure.gravatar.com\/avatar\/12085fe17e70c3550551519fe1f8f51fae69b1748563a47fc3bea53d91fbcbbd?s=96&d=mm&r=g","caption":"Portal Incluir"},"sameAs":["http:\/\/portalincluir.com.br"],"url":"https:\/\/portalincluir.com.br\/index.php\/author\/portalincluir-com-br\/"}]}},"_links":{"self":[{"href":"https:\/\/portalincluir.com.br\/index.php\/wp-json\/wp\/v2\/posts\/708","targetHints":{"allow":["GET"]}}],"collection":[{"href":"https:\/\/portalincluir.com.br\/index.php\/wp-json\/wp\/v2\/posts"}],"about":[{"href":"https:\/\/portalincluir.com.br\/index.php\/wp-json\/wp\/v2\/types\/post"}],"author":[{"embeddable":true,"href":"https:\/\/portalincluir.com.br\/index.php\/wp-json\/wp\/v2\/users\/1"}],"replies":[{"embeddable":true,"href":"https:\/\/portalincluir.com.br\/index.php\/wp-json\/wp\/v2\/comments?post=708"}],"version-history":[{"count":1,"href":"https:\/\/portalincluir.com.br\/index.php\/wp-json\/wp\/v2\/posts\/708\/revisions"}],"predecessor-version":[{"id":710,"href":"https:\/\/portalincluir.com.br\/index.php\/wp-json\/wp\/v2\/posts\/708\/revisions\/710"}],"wp:featuredmedia":[{"embeddable":true,"href":"https:\/\/portalincluir.com.br\/index.php\/wp-json\/wp\/v2\/media\/709"}],"wp:attachment":[{"href":"https:\/\/portalincluir.com.br\/index.php\/wp-json\/wp\/v2\/media?parent=708"}],"wp:term":[{"taxonomy":"category","embeddable":true,"href":"https:\/\/portalincluir.com.br\/index.php\/wp-json\/wp\/v2\/categories?post=708"},{"taxonomy":"post_tag","embeddable":true,"href":"https:\/\/portalincluir.com.br\/index.php\/wp-json\/wp\/v2\/tags?post=708"}],"curies":[{"name":"wp","href":"https:\/\/api.w.org\/{rel}","templated":true}]}}