{"id":712,"date":"2025-11-05T17:20:29","date_gmt":"2025-11-05T20:20:29","guid":{"rendered":"https:\/\/portalincluir.com.br\/?p=712"},"modified":"2025-11-05T17:20:30","modified_gmt":"2025-11-05T20:20:30","slug":"tod-transtorno-opositivo-desafiador-ou-tdo-transtorno-desafiador-opositivo","status":"publish","type":"post","link":"https:\/\/portalincluir.com.br\/index.php\/2025\/11\/05\/tod-transtorno-opositivo-desafiador-ou-tdo-transtorno-desafiador-opositivo\/","title":{"rendered":"TOD (Transtorno Opositivo Desafiador) ou TDO (transtorno Desafiador opositivo)"},"content":{"rendered":"\n<p>TOD \u00e9 um transtorno do Neurodesenvolvimento de diagn\u00f3stico independente, mas \u00e9 frequentemente estudado em conjunto com o transtorno d\u00e9ficit de aten\u00e7\u00e3o e hiperatividade (TDA-H) ou com o transtorno de Conduta (TC).<\/p>\n\n\n\n<p>A caracter\u00edstica principal do TOD \u00e9 estar inclu\u00eddo nos Transtornos Disruptivos, onde os sintomas principais \u00e9 que a crian\u00e7a apresenta um padr\u00e3o de comportamento negativo, desafiador, desobediente e hostil, todos com intensidade, frequ\u00eancia e dura\u00e7\u00e3o acima do esperado para sua idade, e em alguns casos o descontrole emocional pode levar a agressividade e alguns epis\u00f3dios de viol\u00eancia verbal e f\u00edsica.<\/p>\n\n\n\n<p>A preval\u00eancia de TOD em diagn\u00f3stico isolado hoje \u00e9 de aproximadamente 6% a 16%, e a incid\u00eancia como comorbidade secund\u00e1ria no TDAH \u00e9 de 50%, no autismo esse n\u00famero \u00e9 de 29%.<\/p>\n\n\n\n<p>O quadro \u00e9 de maior incid\u00eancia nos meninos para a primeira inf\u00e2ncia e segunda inf\u00e2ncia, e de incid\u00eancia igualit\u00e1ria para meninas e meninos na adolesc\u00eancia.<\/p>\n\n\n\n<p>Horm\u00f4nios e Neurotransmissores<\/p>\n\n\n\n<p>Pesquisas demonstraram que os n\u00edveis de andr\u00f3genos adrenais das pessoas com TOD s\u00e3o mais altos que os dos escritos como controle ou at\u00e9 mesmo de crian\u00e7as com outros diagn\u00f3sticos, incluindo o TDAH. Outra altera\u00e7\u00e3o encontrada \u00e9 na frequ\u00eancia card\u00edaca que chegam a frequ\u00eancias muito altas ap\u00f3s provoca\u00e7\u00e3o e frustra\u00e7\u00e3o, mesmo comparado a outras crian\u00e7as na mesma situa\u00e7\u00e3o.<\/p>\n\n\n\n<p>Cognitivos, Emocionais e Ambientais<\/p>\n\n\n\n<p>Fatores temperamentais relacionados a problemas de regula\u00e7\u00e3o emocional, como baixa toler\u00e2ncia \u00e0 frustra\u00e7\u00e3o, elevada reatividade emocional.<\/p>\n\n\n\n<p>Ambientais: Pr\u00e1ticas agressivas, inconsistentes ou negligentes de cria\u00e7\u00e3o dos filhos s\u00e3o comuns em fam\u00edlias de crian\u00e7as e adolescentes com TOD.<\/p>\n\n\n\n<p>Cognitivos; altera\u00e7\u00f5es na aten\u00e7\u00e3o e concentra\u00e7\u00e3o, altera\u00e7\u00f5es no processo de desenvolvimento da linguagem aspectos pragm\u00e1ticos.<\/p>\n\n\n\n<p>Progn\u00f3stico<\/p>\n\n\n\n<p>A causa do TOD \u00e9 desconhecida ainda, mas pesquisadores identificaram diversas linhas de abordagem, um dos estudos mais atual sugeriu que a exposi\u00e7\u00e3o pr\u00e9-natal a \u00e1lcool, nicotina, entre outros terat\u00f3genos aumentam as chances de a crian\u00e7a vir a ter o TOD, e muitos pais de crian\u00e7as com TOD sofrem de transtornos emocionais, como transtornos de ansiedade e depress\u00e3o.<\/p>\n\n\n\n<p>Geralmente, os primeiros sintomas surgem durante os anos de pr\u00e9-escola e, raramente, mais tarde, ap\u00f3s o inicio da adolesc\u00eancia, \u00e9 uma comorbidades de inicio e curso continuo. Com frequ\u00eancia o TOD precede o desenvolvimento do TC, mas em n\u00fameros m\u00ednimos, tamb\u00e9m pode preceder o transtorno de ansiedade e depressivo maior, e nos que possuem sua classifica\u00e7\u00e3o dentro dos sintomas de humor raivoso\/irrit\u00e1vel respondem pela maior parte do de riscos para os transtornos emocionais.<\/p>\n\n\n\n<p>Atualmente vem se buscando distinguir os dois subtipos e suas dimens\u00f5es, que foram abordados por pesquisadores da Universidade de Calgaria (Canad\u00e1), onde relatam que h\u00e1 dois subtipos:<\/p>\n\n\n\n<p>1 \u2013 Sintoma de Afeto Negativo (ODDNA) \u2013 Sens\u00edvel, raivoso, rancoroso e ou vingativo.<\/p>\n\n\n\n<p>2 \u2013 Sintoma Comportamento Oposi\u00e7\u00e3o (ODDB) \u2013 Argumentador, desafiador, intolerante.<\/p>\n\n\n\n<p>Geralmente os sintomas s\u00e3o classificados como birra, mas a quest\u00e3o \u00e9 bem mais complexa.<\/p>\n\n\n\n<p>Pais, aten\u00e7\u00e3o aos sintomas<\/p>\n\n\n\n<ul class=\"wp-block-list\">\n<li>Humor raivoso\/irrit\u00e1vel<\/li>\n\n\n\n<li>Com frequ\u00eancia perde a calma.<\/li>\n\n\n\n<li>Com frequ\u00eancia \u00e9 sens\u00edvel ou facilmente incomodado.<\/li>\n\n\n\n<li>Com frequ\u00eancia \u00e9 raivoso e ressentido.<\/li>\n\n\n\n<li>Comportamento questionador\/ desafiante<\/li>\n\n\n\n<li>Frequentemente questiona figuras de autoridades ou, no caso de crian\u00e7as e adolescentes, adultos.<\/li>\n\n\n\n<li>Frequentemente desafia acintosamente ou se recusa a obedecer a regras ou pedidos de figuras de autoridade.<\/li>\n\n\n\n<li>Frequentemente incomoda deliberadamente outras pessoas.<\/li>\n\n\n\n<li>Frequentemente culpa outros por seus erros ou mau comportamento.<\/li>\n<\/ul>\n\n\n\n<p>Os n\u00edveis<\/p>\n\n\n\n<p>Leve: Os sintomas se limitam a apenas um ambiente (em casa, na escola, no trabalho, ou com os colegas).<\/p>\n\n\n\n<p>Moderada: Alguns sintomas est\u00e3o presentes em pelo menos dois ambientes.<\/p>\n\n\n\n<p>Grave: Alguns sintomas est\u00e3o presentes em tr\u00eas ou mais ambientes.<\/p>\n\n\n\n<p>Como tratar<\/p>\n\n\n\n<p>O Transtorno opositivo Desafiador quando isolado \u00e9 tratado com terapia Psicol\u00f3gica especifica para modela\u00e7\u00e3o de comportamento, que \u00e9 a Cognitiva Comportamental, e o Treinamento Parental em conjunto para que todos os procedimentos que s\u00e3o utilizados nas terapias sejam refor\u00e7ados em casa. O TOD n\u00e3o tem uma cura espec\u00edfica, e sim uma redu\u00e7\u00e3o significativa dos sintomas, chegando a possibilidade de auto regula\u00e7\u00e3o por parte da crian\u00e7a\/jovem.<\/p>\n\n\n\n<p>Quando a crian\u00e7a apresenta o TOD como uma comorbidades concomitante ao TDA-H se faz necess\u00e1rio a introdu\u00e7\u00e3o de medica\u00e7\u00e3o para controlar os sintomas pertinentes ao TDA-H, e minimizar os efeitos coligados dos transtornos.<\/p>\n\n\n\n<p>Como diferenciar<\/p>\n\n\n\n<figure class=\"wp-block-table\"><table class=\"has-fixed-layout\"><tbody><tr><td>Sintomas<\/td><td>TDA-H<\/td><td>TOD<\/td><\/tr><tr><td>Hostilidade com os pais<\/td><td>&#8211;<\/td><td>+<\/td><\/tr><tr><td>Destrutividade<\/td><td>&#8211;<\/td><td>+<\/td><\/tr><tr><td>Distra\u00e7\u00e3o \/ Desaten\u00e7\u00e3o<\/td><td>+<\/td><td>&#8211;<\/td><\/tr><tr><td>Dificuldade Escolar<\/td><td>++<\/td><td>&#8211; ou +<\/td><\/tr><tr><td>Sentimento de culpa<\/td><td>+<\/td><td>&#8211;<\/td><\/tr><tr><td>Comportamento <strong>antissocial <\/strong>na fam\u00edlia<\/td><td>&#8211;<\/td><td>&#8211; ou +<\/td><\/tr><\/tbody><\/table><\/figure>\n\n\n\n<p>O que \u00e9 treinamento parental<\/p>\n\n\n\n<p>O treinamento parental \u00e9 a base para compreender o que realmente acontece com a pessoa com TOD, como eles se sentem, reagem e interpretam do seu entorno. O treinamento consiste em preparar os pais e respons\u00e1veis para intervir de forma eficaz, com controle da situa\u00e7\u00e3o. O primeiro passo \u00e9 reconhecer os sintomas do TOD, saber quando \u00e9 uma birra (porque toda crian\u00e7a faz birra) e quando \u00e9 uma crise. Diferenciar facilita muito o segundo passo, que \u00e9 saber qual a atitude a ser tomada.<\/p>\n\n\n\n<p>Como a fam\u00edlia e a escola devem proceder com a crian\u00e7a\/jovem com TOD<\/p>\n\n\n\n<p>Em um primeiro momento pode parecer bem dif\u00edcil lidar com os comportamentos e sintomas do TOD, principalmente quando se inicia as atividades escolares, mas se todos se prepararem, existem v\u00e1rias possibilidades de se alcan\u00e7ar \u00eaxito.<\/p>\n\n\n\n<p>Compreender o comportamento<\/p>\n\n\n\n<p>&nbsp;&nbsp;&nbsp;&nbsp;&nbsp;&nbsp;&nbsp;&nbsp;&nbsp;&nbsp;&nbsp; 1 \u2013 Identifique os sintomas do TOD<\/p>\n\n\n\n<p>&nbsp;&nbsp;&nbsp;&nbsp;&nbsp;&nbsp;&nbsp;&nbsp;&nbsp;&nbsp;&nbsp; 2 \u2013 Converse sempre com a crian\u00e7a sobre suas rea\u00e7\u00f5es.<\/p>\n\n\n\n<p>&nbsp;&nbsp;&nbsp;&nbsp;&nbsp;&nbsp;&nbsp;&nbsp;&nbsp;&nbsp;&nbsp; 3 \u2013 Reconhe\u00e7a a necessidade de manter o controle.<\/p>\n\n\n\n<p>&nbsp;&nbsp;&nbsp;&nbsp;&nbsp;&nbsp;&nbsp;&nbsp;&nbsp;&nbsp;&nbsp; 4 \u2013 Inicie a ensinar formas positivas de lidar com a frustra\u00e7\u00e3o.<\/p>\n\n\n\n<p>Ajustar e iniciar as t\u00e9cnicas parentais.<\/p>\n\n\n\n<p>&nbsp;&nbsp;&nbsp;&nbsp;&nbsp;&nbsp;&nbsp;&nbsp;&nbsp;&nbsp;&nbsp; 1 \u2013 Aprenda a se comunicar de forma clara e eficiente.<\/p>\n\n\n\n<p>&nbsp;&nbsp;&nbsp;&nbsp;&nbsp;&nbsp;&nbsp;&nbsp;&nbsp;&nbsp;&nbsp; 2 \u2013 N\u00e3o reaja de maneira raivosa.<\/p>\n\n\n\n<p>&nbsp;&nbsp;&nbsp;&nbsp;&nbsp;&nbsp;&nbsp;&nbsp;&nbsp;&nbsp;&nbsp; 3 \u2013 N\u00e3o culpe a crian\u00e7a\/jovem ou o veja como um problema na sua vida.<\/p>\n\n\n\n<p>&nbsp;&nbsp;&nbsp;&nbsp;&nbsp;&nbsp;&nbsp;&nbsp;&nbsp;&nbsp;&nbsp; 4 \u2013 Assuma a responsabilidade pelos seus pr\u00f3prios sentimentos e atitudes, torne-se um exemplo.<\/p>\n\n\n\n<p>&nbsp;&nbsp;&nbsp;&nbsp;&nbsp;&nbsp;&nbsp;&nbsp;&nbsp;&nbsp;&nbsp; 5 \u2013 Seja consistente, n\u00e3o \u00e9 n\u00e3o, regras e limites devem ser claras e obedecer ao \u00fanico comportamento aceit\u00e1vel.<\/p>\n\n\n\n<p>&nbsp;&nbsp;&nbsp;&nbsp;&nbsp;&nbsp;&nbsp;&nbsp;&nbsp;&nbsp;&nbsp; 6 \u2013 Ajuste seus pensamentos, pois s\u00e3o eles que comandar\u00e3o suas rea\u00e7\u00f5es, substitua os negativos pelos positivos, veja que a crian\u00e7a\/jovem precisa de ajuda e voc\u00ea \u00e9 a refer\u00eancia.<\/p>\n\n\n\n<p>&nbsp;&nbsp;&nbsp;&nbsp;&nbsp;&nbsp;&nbsp;&nbsp;&nbsp;&nbsp;&nbsp; 7 \u2013 Identifique os estressores tanto familiar como ambientais.<\/p>\n\n\n\n<p>&nbsp;&nbsp;&nbsp;&nbsp;&nbsp;&nbsp;&nbsp;&nbsp;&nbsp;&nbsp;&nbsp; 8 \u2013 Ajude a identificar as emo\u00e7\u00f5es, tanto as suas como os da crian\u00e7a, n\u00e3o tente ser forte o tempo todo.<\/p>\n\n\n\n<p>&nbsp;&nbsp;&nbsp;&nbsp;&nbsp;&nbsp;&nbsp;&nbsp;&nbsp;&nbsp;&nbsp; 9 \u2013 Deixe sempre claro a import\u00e2ncia do respeito e dos limites.<\/p>\n\n\n\n<p>&nbsp;&nbsp;&nbsp;&nbsp;&nbsp;&nbsp;&nbsp;&nbsp;&nbsp;&nbsp;&nbsp; 10 \u2013 Comece o tratamento o mais breve poss\u00edvel, estudos mostram que 67% das crian\u00e7as com TOD se tornam assintom\u00e1ticas no prazo de 3 anos caso iniciem o tratamento correto.<\/p>\n\n\n\n<p>&nbsp;&nbsp;&nbsp;&nbsp;&nbsp;&nbsp;&nbsp;&nbsp;&nbsp;&nbsp;&nbsp; 11 \u2013 Trate outros problemas de sa\u00fade mental, investigue se h\u00e1 outras comorbidades al\u00e9m do TOD.<\/p>\n\n\n\n<p>&nbsp;&nbsp;&nbsp;&nbsp;&nbsp;&nbsp;&nbsp;&nbsp;&nbsp;&nbsp;&nbsp; 12 \u2013 Participe de palestras, programas e atividades de treinamento<\/p>\n\n\n\n<p>&nbsp;&nbsp;&nbsp;&nbsp;&nbsp;&nbsp;&nbsp;&nbsp;&nbsp;&nbsp;&nbsp; 13 \u2013 Entre em grupos de apoio.<\/p>\n\n\n\n<p>&nbsp;&nbsp;&nbsp;&nbsp;&nbsp;&nbsp;&nbsp;&nbsp;&nbsp;&nbsp;&nbsp; 14 \u2013 Caso seja necess\u00e1rio n\u00e3o relute em iniciar tratamento farmacol\u00f3gico.<\/p>\n\n\n\n<p>Tratamento farmacol\u00f3gico<\/p>\n\n\n\n<p>O tratamento farmacol\u00f3gico entra em associa\u00e7\u00e3o ao tratamento terap\u00eautico como forma de reduzir, tornar o tratamento eficaz e seguro, nesse ponto de vista reduzir e ou eliminar os sintomas de agress\u00e3o e outros comportamentos disruptivos \u00e9 de extrema import\u00e2ncia.<\/p>\n\n\n\n<p>Ainda n\u00e3o h\u00e1 estudos que comprovem efetivamente a efic\u00e1cia real dos f\u00e1rmacos, mas sim a redu\u00e7\u00e3o dos sintomas, levando em considera\u00e7\u00e3o cada caso, analisando os efeitos adversos, alterando as dosagens e monitorando o processo, pode-se chegar ao f\u00e1rmaco mais prop\u00edcio.<\/p>\n\n\n\n<p>Os sintomas do TOD, em sua grande maioria, n\u00e3o s\u00e3o reduzidos somente com a terapia e o treinamento parental. \u00c9 necess\u00e1rio o tratamento farmacol\u00f3gico em conjunto para que se alcance os resultados esperados.<\/p>\n\n\n\n<p><\/p>\n\n\n\n<p><strong>Emanoele Freitas, <\/strong>Neurocientista\u00a0especializada\u00a0em\u00a0Transtornos\u00a0do\u00a0Neurodesenvolvimento\u00a0e\u00a0Psicopatologia. Entre os livros lan\u00e7ados est\u00e1 \u201cTranstorno Opositivo Desafiador TOD \u2013 Sintomas, avalia\u00e7\u00e3o e diagn\u00f3stico\u201d &#8211; Wak Editora<\/p>\n\n\n\n<p><\/p>\n","protected":false},"excerpt":{"rendered":"<p>TOD \u00e9 um transtorno do Neurodesenvolvimento de diagn\u00f3stico independente, mas \u00e9 frequentemente estudado em conjunto<\/p>\n","protected":false},"author":1,"featured_media":713,"comment_status":"open","ping_status":"open","sticky":false,"template":"","format":"standard","meta":{"om_disable_all_campaigns":false,"_monsterinsights_skip_tracking":false,"_monsterinsights_sitenote_active":false,"_monsterinsights_sitenote_note":"","_monsterinsights_sitenote_category":0,"_uf_show_specific_survey":0,"_uf_disable_surveys":false,"footnotes":""},"categories":[21,1],"tags":[],"class_list":["post-712","post","type-post","status-publish","format-standard","has-post-thumbnail","hentry","category-opiniao","category-portal"],"yoast_head":"<!-- This site is optimized with the Yoast SEO plugin v27.4 - https:\/\/yoast.com\/product\/yoast-seo-wordpress\/ -->\n<title>TOD (Transtorno Opositivo Desafiador) ou TDO (transtorno Desafiador opositivo) - PORTAL INCLUIR<\/title>\n<meta name=\"robots\" content=\"index, follow, max-snippet:-1, max-image-preview:large, max-video-preview:-1\" \/>\n<link rel=\"canonical\" href=\"https:\/\/portalincluir.com.br\/index.php\/2025\/11\/05\/tod-transtorno-opositivo-desafiador-ou-tdo-transtorno-desafiador-opositivo\/\" \/>\n<meta property=\"og:locale\" content=\"pt_BR\" \/>\n<meta property=\"og:type\" content=\"article\" \/>\n<meta property=\"og:title\" content=\"TOD (Transtorno Opositivo Desafiador) ou TDO (transtorno Desafiador opositivo) - PORTAL INCLUIR\" \/>\n<meta property=\"og:description\" content=\"TOD \u00e9 um transtorno do Neurodesenvolvimento de diagn\u00f3stico independente, mas \u00e9 frequentemente estudado em conjunto\" \/>\n<meta property=\"og:url\" content=\"https:\/\/portalincluir.com.br\/index.php\/2025\/11\/05\/tod-transtorno-opositivo-desafiador-ou-tdo-transtorno-desafiador-opositivo\/\" \/>\n<meta property=\"og:site_name\" content=\"PORTAL INCLUIR\" \/>\n<meta property=\"article:published_time\" content=\"2025-11-05T20:20:29+00:00\" \/>\n<meta property=\"article:modified_time\" content=\"2025-11-05T20:20:30+00:00\" \/>\n<meta property=\"og:image\" content=\"https:\/\/portalincluir.com.br\/wp-content\/uploads\/2025\/11\/EMANOELE-FREITAS-ARQUIVO-PESSOAL-5-e1762374006989.jpg\" \/>\n\t<meta property=\"og:image:width\" content=\"1920\" \/>\n\t<meta property=\"og:image:height\" content=\"2220\" \/>\n\t<meta property=\"og:image:type\" content=\"image\/jpeg\" \/>\n<meta name=\"author\" content=\"Portal Incluir\" \/>\n<meta name=\"twitter:card\" content=\"summary_large_image\" \/>\n<meta name=\"twitter:label1\" content=\"Escrito por\" \/>\n\t<meta name=\"twitter:data1\" content=\"Portal Incluir\" \/>\n\t<meta name=\"twitter:label2\" content=\"Est. tempo de leitura\" \/>\n\t<meta name=\"twitter:data2\" content=\"8 minutos\" \/>\n<script type=\"application\/ld+json\" class=\"yoast-schema-graph\">{\"@context\":\"https:\\\/\\\/schema.org\",\"@graph\":[{\"@type\":[\"Article\",\"BlogPosting\"],\"@id\":\"https:\\\/\\\/portalincluir.com.br\\\/index.php\\\/2025\\\/11\\\/05\\\/tod-transtorno-opositivo-desafiador-ou-tdo-transtorno-desafiador-opositivo\\\/#article\",\"isPartOf\":{\"@id\":\"https:\\\/\\\/portalincluir.com.br\\\/index.php\\\/2025\\\/11\\\/05\\\/tod-transtorno-opositivo-desafiador-ou-tdo-transtorno-desafiador-opositivo\\\/\"},\"author\":{\"name\":\"Portal Incluir\",\"@id\":\"https:\\\/\\\/portalincluir.com.br\\\/#\\\/schema\\\/person\\\/8823664e5902eee555607fb75c4c35ae\"},\"headline\":\"TOD (Transtorno Opositivo Desafiador) ou TDO (transtorno Desafiador opositivo)\",\"datePublished\":\"2025-11-05T20:20:29+00:00\",\"dateModified\":\"2025-11-05T20:20:30+00:00\",\"mainEntityOfPage\":{\"@id\":\"https:\\\/\\\/portalincluir.com.br\\\/index.php\\\/2025\\\/11\\\/05\\\/tod-transtorno-opositivo-desafiador-ou-tdo-transtorno-desafiador-opositivo\\\/\"},\"wordCount\":1530,\"commentCount\":0,\"image\":{\"@id\":\"https:\\\/\\\/portalincluir.com.br\\\/index.php\\\/2025\\\/11\\\/05\\\/tod-transtorno-opositivo-desafiador-ou-tdo-transtorno-desafiador-opositivo\\\/#primaryimage\"},\"thumbnailUrl\":\"https:\\\/\\\/portalincluir.com.br\\\/wp-content\\\/uploads\\\/2025\\\/11\\\/EMANOELE-FREITAS-ARQUIVO-PESSOAL-5-e1762374006989.jpg\",\"articleSection\":[\"Opini\u00e3o\",\"Portal\"],\"inLanguage\":\"pt-BR\",\"potentialAction\":[{\"@type\":\"CommentAction\",\"name\":\"Comment\",\"target\":[\"https:\\\/\\\/portalincluir.com.br\\\/index.php\\\/2025\\\/11\\\/05\\\/tod-transtorno-opositivo-desafiador-ou-tdo-transtorno-desafiador-opositivo\\\/#respond\"]}]},{\"@type\":\"WebPage\",\"@id\":\"https:\\\/\\\/portalincluir.com.br\\\/index.php\\\/2025\\\/11\\\/05\\\/tod-transtorno-opositivo-desafiador-ou-tdo-transtorno-desafiador-opositivo\\\/\",\"url\":\"https:\\\/\\\/portalincluir.com.br\\\/index.php\\\/2025\\\/11\\\/05\\\/tod-transtorno-opositivo-desafiador-ou-tdo-transtorno-desafiador-opositivo\\\/\",\"name\":\"TOD (Transtorno Opositivo Desafiador) ou TDO (transtorno Desafiador opositivo) - PORTAL INCLUIR\",\"isPartOf\":{\"@id\":\"https:\\\/\\\/portalincluir.com.br\\\/#website\"},\"primaryImageOfPage\":{\"@id\":\"https:\\\/\\\/portalincluir.com.br\\\/index.php\\\/2025\\\/11\\\/05\\\/tod-transtorno-opositivo-desafiador-ou-tdo-transtorno-desafiador-opositivo\\\/#primaryimage\"},\"image\":{\"@id\":\"https:\\\/\\\/portalincluir.com.br\\\/index.php\\\/2025\\\/11\\\/05\\\/tod-transtorno-opositivo-desafiador-ou-tdo-transtorno-desafiador-opositivo\\\/#primaryimage\"},\"thumbnailUrl\":\"https:\\\/\\\/portalincluir.com.br\\\/wp-content\\\/uploads\\\/2025\\\/11\\\/EMANOELE-FREITAS-ARQUIVO-PESSOAL-5-e1762374006989.jpg\",\"datePublished\":\"2025-11-05T20:20:29+00:00\",\"dateModified\":\"2025-11-05T20:20:30+00:00\",\"author\":{\"@id\":\"https:\\\/\\\/portalincluir.com.br\\\/#\\\/schema\\\/person\\\/8823664e5902eee555607fb75c4c35ae\"},\"breadcrumb\":{\"@id\":\"https:\\\/\\\/portalincluir.com.br\\\/index.php\\\/2025\\\/11\\\/05\\\/tod-transtorno-opositivo-desafiador-ou-tdo-transtorno-desafiador-opositivo\\\/#breadcrumb\"},\"inLanguage\":\"pt-BR\",\"potentialAction\":[{\"@type\":\"ReadAction\",\"target\":[\"https:\\\/\\\/portalincluir.com.br\\\/index.php\\\/2025\\\/11\\\/05\\\/tod-transtorno-opositivo-desafiador-ou-tdo-transtorno-desafiador-opositivo\\\/\"]}]},{\"@type\":\"ImageObject\",\"inLanguage\":\"pt-BR\",\"@id\":\"https:\\\/\\\/portalincluir.com.br\\\/index.php\\\/2025\\\/11\\\/05\\\/tod-transtorno-opositivo-desafiador-ou-tdo-transtorno-desafiador-opositivo\\\/#primaryimage\",\"url\":\"https:\\\/\\\/portalincluir.com.br\\\/wp-content\\\/uploads\\\/2025\\\/11\\\/EMANOELE-FREITAS-ARQUIVO-PESSOAL-5-e1762374006989.jpg\",\"contentUrl\":\"https:\\\/\\\/portalincluir.com.br\\\/wp-content\\\/uploads\\\/2025\\\/11\\\/EMANOELE-FREITAS-ARQUIVO-PESSOAL-5-e1762374006989.jpg\",\"width\":1920,\"height\":2220},{\"@type\":\"BreadcrumbList\",\"@id\":\"https:\\\/\\\/portalincluir.com.br\\\/index.php\\\/2025\\\/11\\\/05\\\/tod-transtorno-opositivo-desafiador-ou-tdo-transtorno-desafiador-opositivo\\\/#breadcrumb\",\"itemListElement\":[{\"@type\":\"ListItem\",\"position\":1,\"name\":\"In\u00edcio\",\"item\":\"https:\\\/\\\/portalincluir.com.br\\\/\"},{\"@type\":\"ListItem\",\"position\":2,\"name\":\"TOD (Transtorno Opositivo Desafiador) ou TDO (transtorno Desafiador opositivo)\"}]},{\"@type\":\"WebSite\",\"@id\":\"https:\\\/\\\/portalincluir.com.br\\\/#website\",\"url\":\"https:\\\/\\\/portalincluir.com.br\\\/\",\"name\":\"PORTAL INCLUIR\",\"description\":\"\",\"potentialAction\":[{\"@type\":\"SearchAction\",\"target\":{\"@type\":\"EntryPoint\",\"urlTemplate\":\"https:\\\/\\\/portalincluir.com.br\\\/?s={search_term_string}\"},\"query-input\":{\"@type\":\"PropertyValueSpecification\",\"valueRequired\":true,\"valueName\":\"search_term_string\"}}],\"inLanguage\":\"pt-BR\"},{\"@type\":\"Person\",\"@id\":\"https:\\\/\\\/portalincluir.com.br\\\/#\\\/schema\\\/person\\\/8823664e5902eee555607fb75c4c35ae\",\"name\":\"Portal Incluir\",\"image\":{\"@type\":\"ImageObject\",\"inLanguage\":\"pt-BR\",\"@id\":\"https:\\\/\\\/secure.gravatar.com\\\/avatar\\\/12085fe17e70c3550551519fe1f8f51fae69b1748563a47fc3bea53d91fbcbbd?s=96&d=mm&r=g\",\"url\":\"https:\\\/\\\/secure.gravatar.com\\\/avatar\\\/12085fe17e70c3550551519fe1f8f51fae69b1748563a47fc3bea53d91fbcbbd?s=96&d=mm&r=g\",\"contentUrl\":\"https:\\\/\\\/secure.gravatar.com\\\/avatar\\\/12085fe17e70c3550551519fe1f8f51fae69b1748563a47fc3bea53d91fbcbbd?s=96&d=mm&r=g\",\"caption\":\"Portal Incluir\"},\"sameAs\":[\"http:\\\/\\\/portalincluir.com.br\"],\"url\":\"https:\\\/\\\/portalincluir.com.br\\\/index.php\\\/author\\\/portalincluir-com-br\\\/\"}]}<\/script>\n<!-- \/ Yoast SEO plugin. -->","yoast_head_json":{"title":"TOD (Transtorno Opositivo Desafiador) ou TDO (transtorno Desafiador opositivo) - PORTAL INCLUIR","robots":{"index":"index","follow":"follow","max-snippet":"max-snippet:-1","max-image-preview":"max-image-preview:large","max-video-preview":"max-video-preview:-1"},"canonical":"https:\/\/portalincluir.com.br\/index.php\/2025\/11\/05\/tod-transtorno-opositivo-desafiador-ou-tdo-transtorno-desafiador-opositivo\/","og_locale":"pt_BR","og_type":"article","og_title":"TOD (Transtorno Opositivo Desafiador) ou TDO (transtorno Desafiador opositivo) - PORTAL INCLUIR","og_description":"TOD \u00e9 um transtorno do Neurodesenvolvimento de diagn\u00f3stico independente, mas \u00e9 frequentemente estudado em conjunto","og_url":"https:\/\/portalincluir.com.br\/index.php\/2025\/11\/05\/tod-transtorno-opositivo-desafiador-ou-tdo-transtorno-desafiador-opositivo\/","og_site_name":"PORTAL INCLUIR","article_published_time":"2025-11-05T20:20:29+00:00","article_modified_time":"2025-11-05T20:20:30+00:00","og_image":[{"width":1920,"height":2220,"url":"https:\/\/portalincluir.com.br\/wp-content\/uploads\/2025\/11\/EMANOELE-FREITAS-ARQUIVO-PESSOAL-5-e1762374006989.jpg","type":"image\/jpeg"}],"author":"Portal Incluir","twitter_card":"summary_large_image","twitter_misc":{"Escrito por":"Portal Incluir","Est. tempo de leitura":"8 minutos"},"schema":{"@context":"https:\/\/schema.org","@graph":[{"@type":["Article","BlogPosting"],"@id":"https:\/\/portalincluir.com.br\/index.php\/2025\/11\/05\/tod-transtorno-opositivo-desafiador-ou-tdo-transtorno-desafiador-opositivo\/#article","isPartOf":{"@id":"https:\/\/portalincluir.com.br\/index.php\/2025\/11\/05\/tod-transtorno-opositivo-desafiador-ou-tdo-transtorno-desafiador-opositivo\/"},"author":{"name":"Portal Incluir","@id":"https:\/\/portalincluir.com.br\/#\/schema\/person\/8823664e5902eee555607fb75c4c35ae"},"headline":"TOD (Transtorno Opositivo Desafiador) ou TDO (transtorno Desafiador opositivo)","datePublished":"2025-11-05T20:20:29+00:00","dateModified":"2025-11-05T20:20:30+00:00","mainEntityOfPage":{"@id":"https:\/\/portalincluir.com.br\/index.php\/2025\/11\/05\/tod-transtorno-opositivo-desafiador-ou-tdo-transtorno-desafiador-opositivo\/"},"wordCount":1530,"commentCount":0,"image":{"@id":"https:\/\/portalincluir.com.br\/index.php\/2025\/11\/05\/tod-transtorno-opositivo-desafiador-ou-tdo-transtorno-desafiador-opositivo\/#primaryimage"},"thumbnailUrl":"https:\/\/portalincluir.com.br\/wp-content\/uploads\/2025\/11\/EMANOELE-FREITAS-ARQUIVO-PESSOAL-5-e1762374006989.jpg","articleSection":["Opini\u00e3o","Portal"],"inLanguage":"pt-BR","potentialAction":[{"@type":"CommentAction","name":"Comment","target":["https:\/\/portalincluir.com.br\/index.php\/2025\/11\/05\/tod-transtorno-opositivo-desafiador-ou-tdo-transtorno-desafiador-opositivo\/#respond"]}]},{"@type":"WebPage","@id":"https:\/\/portalincluir.com.br\/index.php\/2025\/11\/05\/tod-transtorno-opositivo-desafiador-ou-tdo-transtorno-desafiador-opositivo\/","url":"https:\/\/portalincluir.com.br\/index.php\/2025\/11\/05\/tod-transtorno-opositivo-desafiador-ou-tdo-transtorno-desafiador-opositivo\/","name":"TOD (Transtorno Opositivo Desafiador) ou TDO (transtorno Desafiador opositivo) - PORTAL INCLUIR","isPartOf":{"@id":"https:\/\/portalincluir.com.br\/#website"},"primaryImageOfPage":{"@id":"https:\/\/portalincluir.com.br\/index.php\/2025\/11\/05\/tod-transtorno-opositivo-desafiador-ou-tdo-transtorno-desafiador-opositivo\/#primaryimage"},"image":{"@id":"https:\/\/portalincluir.com.br\/index.php\/2025\/11\/05\/tod-transtorno-opositivo-desafiador-ou-tdo-transtorno-desafiador-opositivo\/#primaryimage"},"thumbnailUrl":"https:\/\/portalincluir.com.br\/wp-content\/uploads\/2025\/11\/EMANOELE-FREITAS-ARQUIVO-PESSOAL-5-e1762374006989.jpg","datePublished":"2025-11-05T20:20:29+00:00","dateModified":"2025-11-05T20:20:30+00:00","author":{"@id":"https:\/\/portalincluir.com.br\/#\/schema\/person\/8823664e5902eee555607fb75c4c35ae"},"breadcrumb":{"@id":"https:\/\/portalincluir.com.br\/index.php\/2025\/11\/05\/tod-transtorno-opositivo-desafiador-ou-tdo-transtorno-desafiador-opositivo\/#breadcrumb"},"inLanguage":"pt-BR","potentialAction":[{"@type":"ReadAction","target":["https:\/\/portalincluir.com.br\/index.php\/2025\/11\/05\/tod-transtorno-opositivo-desafiador-ou-tdo-transtorno-desafiador-opositivo\/"]}]},{"@type":"ImageObject","inLanguage":"pt-BR","@id":"https:\/\/portalincluir.com.br\/index.php\/2025\/11\/05\/tod-transtorno-opositivo-desafiador-ou-tdo-transtorno-desafiador-opositivo\/#primaryimage","url":"https:\/\/portalincluir.com.br\/wp-content\/uploads\/2025\/11\/EMANOELE-FREITAS-ARQUIVO-PESSOAL-5-e1762374006989.jpg","contentUrl":"https:\/\/portalincluir.com.br\/wp-content\/uploads\/2025\/11\/EMANOELE-FREITAS-ARQUIVO-PESSOAL-5-e1762374006989.jpg","width":1920,"height":2220},{"@type":"BreadcrumbList","@id":"https:\/\/portalincluir.com.br\/index.php\/2025\/11\/05\/tod-transtorno-opositivo-desafiador-ou-tdo-transtorno-desafiador-opositivo\/#breadcrumb","itemListElement":[{"@type":"ListItem","position":1,"name":"In\u00edcio","item":"https:\/\/portalincluir.com.br\/"},{"@type":"ListItem","position":2,"name":"TOD (Transtorno Opositivo Desafiador) ou TDO (transtorno Desafiador opositivo)"}]},{"@type":"WebSite","@id":"https:\/\/portalincluir.com.br\/#website","url":"https:\/\/portalincluir.com.br\/","name":"PORTAL INCLUIR","description":"","potentialAction":[{"@type":"SearchAction","target":{"@type":"EntryPoint","urlTemplate":"https:\/\/portalincluir.com.br\/?s={search_term_string}"},"query-input":{"@type":"PropertyValueSpecification","valueRequired":true,"valueName":"search_term_string"}}],"inLanguage":"pt-BR"},{"@type":"Person","@id":"https:\/\/portalincluir.com.br\/#\/schema\/person\/8823664e5902eee555607fb75c4c35ae","name":"Portal Incluir","image":{"@type":"ImageObject","inLanguage":"pt-BR","@id":"https:\/\/secure.gravatar.com\/avatar\/12085fe17e70c3550551519fe1f8f51fae69b1748563a47fc3bea53d91fbcbbd?s=96&d=mm&r=g","url":"https:\/\/secure.gravatar.com\/avatar\/12085fe17e70c3550551519fe1f8f51fae69b1748563a47fc3bea53d91fbcbbd?s=96&d=mm&r=g","contentUrl":"https:\/\/secure.gravatar.com\/avatar\/12085fe17e70c3550551519fe1f8f51fae69b1748563a47fc3bea53d91fbcbbd?s=96&d=mm&r=g","caption":"Portal Incluir"},"sameAs":["http:\/\/portalincluir.com.br"],"url":"https:\/\/portalincluir.com.br\/index.php\/author\/portalincluir-com-br\/"}]}},"_links":{"self":[{"href":"https:\/\/portalincluir.com.br\/index.php\/wp-json\/wp\/v2\/posts\/712","targetHints":{"allow":["GET"]}}],"collection":[{"href":"https:\/\/portalincluir.com.br\/index.php\/wp-json\/wp\/v2\/posts"}],"about":[{"href":"https:\/\/portalincluir.com.br\/index.php\/wp-json\/wp\/v2\/types\/post"}],"author":[{"embeddable":true,"href":"https:\/\/portalincluir.com.br\/index.php\/wp-json\/wp\/v2\/users\/1"}],"replies":[{"embeddable":true,"href":"https:\/\/portalincluir.com.br\/index.php\/wp-json\/wp\/v2\/comments?post=712"}],"version-history":[{"count":1,"href":"https:\/\/portalincluir.com.br\/index.php\/wp-json\/wp\/v2\/posts\/712\/revisions"}],"predecessor-version":[{"id":714,"href":"https:\/\/portalincluir.com.br\/index.php\/wp-json\/wp\/v2\/posts\/712\/revisions\/714"}],"wp:featuredmedia":[{"embeddable":true,"href":"https:\/\/portalincluir.com.br\/index.php\/wp-json\/wp\/v2\/media\/713"}],"wp:attachment":[{"href":"https:\/\/portalincluir.com.br\/index.php\/wp-json\/wp\/v2\/media?parent=712"}],"wp:term":[{"taxonomy":"category","embeddable":true,"href":"https:\/\/portalincluir.com.br\/index.php\/wp-json\/wp\/v2\/categories?post=712"},{"taxonomy":"post_tag","embeddable":true,"href":"https:\/\/portalincluir.com.br\/index.php\/wp-json\/wp\/v2\/tags?post=712"}],"curies":[{"name":"wp","href":"https:\/\/api.w.org\/{rel}","templated":true}]}}