{"id":715,"date":"2025-11-05T17:42:20","date_gmt":"2025-11-05T20:42:20","guid":{"rendered":"https:\/\/portalincluir.com.br\/?p=715"},"modified":"2025-11-05T17:44:33","modified_gmt":"2025-11-05T20:44:33","slug":"o-direito-da-pessoa-com-deficiencia","status":"publish","type":"post","link":"https:\/\/portalincluir.com.br\/index.php\/2025\/11\/05\/o-direito-da-pessoa-com-deficiencia\/","title":{"rendered":"O direito da pessoa com defici\u00eancia"},"content":{"rendered":"\n<p>Muito se fala hoje em dia sobre inclus\u00e3o. Geralmente, a maioria das pessoas relaciona inclus\u00e3o \u00e0 escola e, em certo sentido, a uma inser\u00e7\u00e3o social que, na maioria das vezes, est\u00e1 restrita \u00e0 fam\u00edlia e a grupos de amigos. Por\u00e9m, incluir vai muito al\u00e9m, pois \u00e9 um exerc\u00edcio de cidadania e, como tal, implica tamb\u00e9m o trabalho profissional.<\/p>\n\n\n\n<p>De fato, os movimentos inclusivos, ainda que estejam muito ligados \u00e0 educa\u00e7\u00e3o escolar, come\u00e7aram com base nas reivindica\u00e7\u00f5es dos direitos civis, principalmente a partir da segunda metade do s\u00e9culo XX. Movimentos pelos direitos humanos daquela \u00e9poca, principalmente nos Estados Unidos e na Europa, representaram o ponto de partida para uma s\u00e9rie de transforma\u00e7\u00f5es pol\u00edticas, \u00e9ticas e comportamentais, que afetaram a sociedade de uma maneira irrevers\u00edvel, sensibilizando seus membros quanto aos danos que a segrega\u00e7\u00e3o e a marginaliza\u00e7\u00e3o dos grupos minorit\u00e1rios traziam.<\/p>\n\n\n\n<p>Come\u00e7ava, ent\u00e3o, no contexto mundial, a tomar forma o consenso de que era preciso concentrar esfor\u00e7os para atender as necessidades de todos os cidad\u00e3os. Assim, seguindo a tend\u00eancia internacional, as pol\u00edticas oficiais em nosso pa\u00eds passaram a reconhecer o processo de inclus\u00e3o como uma a\u00e7\u00e3o necess\u00e1ria para o exerc\u00edcio plena da cidadania de todo brasileiro.&nbsp; A igualdade e o direito, muitas vezes preteridos das pessoas com defici\u00eancia entraram na pauta iminente dos governos. S\u00e3o desafios impostos pelas quest\u00f5es que emergiram da fam\u00edlia, da sociedade, da cultura e das minorias no contexto da luta pelos direitos do indiv\u00edduo. Tais desafios ajudaram a fomentar, nos \u00faltimos anos, relevantes movimentos na pol\u00edtica de inclus\u00e3o social.<\/p>\n\n\n\n<p><strong>Lei Brasileira de Inclus\u00e3o<\/strong><\/p>\n\n\n\n<p>Um dos grandes marcos dos avan\u00e7os nessas pol\u00edticas foi a promulga\u00e7\u00e3o da Lei Brasileira de Inclus\u00e3o, LBI, que garante direitos \u00e0s pessoas com defici\u00eancia, com o acesso \u00e0 sa\u00fade, educa\u00e7\u00e3o, trabalho, cultura, lazer e informa\u00e7\u00e3o.<\/p>\n\n\n\n<p>A Lei outorga \u00e0 pessoa com defici\u00eancia o direito ao trabalho em ambiente acess\u00edvel e inclusivo, em igualdade de oportunidades com as demais pessoas. As empresas devem assegurar espa\u00e7os de trabalho acess\u00edveis e inclusivos. A pessoa com defici\u00eancia tem direito, em igualdade de oportunidades com as demais pessoas, a condi\u00e7\u00f5es justas e favor\u00e1veis de trabalho, incluindo igual remunera\u00e7\u00e3o por trabalho de igual valor.<\/p>\n\n\n\n<p>Al\u00e9m dessas garantias, \u00e9 vedada a restri\u00e7\u00e3o ao trabalho e qualquer discrimina\u00e7\u00e3o em raz\u00e3o da defici\u00eancia, inclusive nas etapas de recrutamento, sele\u00e7\u00e3o, contrata\u00e7\u00e3o, admiss\u00e3o, exames admissional e peri\u00f3dico.&nbsp;<\/p>\n\n\n\n<p><strong>Rela\u00e7\u00f5es positivas entre defici\u00eancia e trabalho<\/strong><\/p>\n\n\n\n<p>Com a inclus\u00e3o social para o trabalho, os empregados com defici\u00eanciae sem defici\u00eancia encontram modelos positivos de coniv\u00eancia, em raz\u00e3o da supera\u00e7\u00e3o das dificuldades e do sentimento de resili\u00eancia, muito difundido nas empresas. Para o trabalhador inclu\u00eddo, \u00e9 extremamente enriquecedora a experi\u00eancia de viver em ambientes integrados, onde se aprendecom as diferen\u00e7as individuais. Al\u00e9m desses aspectos positivos, h\u00e1 tamb\u00e9m outros que repercutem em todos:<\/p>\n\n\n\n<ul class=\"wp-block-list\">\n<li>Diminui\u00e7\u00e3o da ansiedade em face de fracassos ou insucessos;<\/li>\n\n\n\n<li>Compreens\u00e3o e aceita\u00e7\u00e3o dos outros;<\/li>\n\n\n\n<li>Reconhecimento das necessidades e compet\u00eancias dos colegas;<\/li>\n\n\n\n<li>Respeito por todas as pessoas;<\/li>\n\n\n\n<li>Constru\u00e7\u00e3o de uma sociedade solid\u00e1ria;<\/li>\n\n\n\n<li>Desenvolvimento de apoio e assist\u00eancia m\u00fatua;<\/li>\n\n\n\n<li>Desenvolvimento de projetos de amizade.<\/li>\n<\/ul>\n\n\n\n<p>Al\u00e9m de cada a\u00e7\u00e3o das empresas em favor da inclus\u00e3o para o trabalho, \u00e9 preciso que os governos reconfigurem a estrutura urbana das cidades, ainda extremamente excludente, criando condi\u00e7\u00f5es democr\u00e1ticas e cidad\u00e3s de acessibilidade, eliminando barreiras do preconceito, da discrimina\u00e7\u00e3o e da indiferen\u00e7a. Pol\u00edticas que assegurarem e promovam possibilidades de igualdade no exerc\u00edcio da liberdade de todo cidad\u00e3o, independentemente de defici\u00eancias.<\/p>\n\n\n\n<p><strong>Eug\u00eanio Cunha,<\/strong> Doutor em educa\u00e7\u00e3o, psicopedagogo, pedagogo da Funda\u00e7\u00e3o Municipal de Educa\u00e7\u00e3o de Niter\u00f3i.<\/p>\n","protected":false},"excerpt":{"rendered":"<p>Muito se fala hoje em dia sobre inclus\u00e3o. Geralmente, a maioria das pessoas relaciona inclus\u00e3o<\/p>\n","protected":false},"author":1,"featured_media":716,"comment_status":"open","ping_status":"open","sticky":false,"template":"","format":"standard","meta":{"om_disable_all_campaigns":false,"_monsterinsights_skip_tracking":false,"_monsterinsights_sitenote_active":false,"_monsterinsights_sitenote_note":"","_monsterinsights_sitenote_category":0,"_uf_show_specific_survey":0,"_uf_disable_surveys":false,"footnotes":""},"categories":[21,1],"tags":[],"class_list":["post-715","post","type-post","status-publish","format-standard","has-post-thumbnail","hentry","category-opiniao","category-portal"],"yoast_head":"<!-- This site is optimized with the Yoast SEO plugin v27.4 - https:\/\/yoast.com\/product\/yoast-seo-wordpress\/ -->\n<title>O direito da pessoa com defici\u00eancia - PORTAL INCLUIR<\/title>\n<meta name=\"robots\" content=\"index, follow, max-snippet:-1, max-image-preview:large, max-video-preview:-1\" \/>\n<link rel=\"canonical\" href=\"https:\/\/portalincluir.com.br\/index.php\/2025\/11\/05\/o-direito-da-pessoa-com-deficiencia\/\" \/>\n<meta property=\"og:locale\" content=\"pt_BR\" \/>\n<meta property=\"og:type\" content=\"article\" \/>\n<meta property=\"og:title\" content=\"O direito da pessoa com defici\u00eancia - PORTAL INCLUIR\" \/>\n<meta property=\"og:description\" content=\"Muito se fala hoje em dia sobre inclus\u00e3o. Geralmente, a maioria das pessoas relaciona inclus\u00e3o\" \/>\n<meta property=\"og:url\" content=\"https:\/\/portalincluir.com.br\/index.php\/2025\/11\/05\/o-direito-da-pessoa-com-deficiencia\/\" \/>\n<meta property=\"og:site_name\" content=\"PORTAL INCLUIR\" \/>\n<meta property=\"article:published_time\" content=\"2025-11-05T20:42:20+00:00\" \/>\n<meta property=\"article:modified_time\" content=\"2025-11-05T20:44:33+00:00\" \/>\n<meta property=\"og:image\" content=\"https:\/\/portalincluir.com.br\/wp-content\/uploads\/2025\/11\/Eugenio-Cunha-foto-2-1-e1762375267711.jpg\" \/>\n\t<meta property=\"og:image:width\" content=\"2090\" \/>\n\t<meta property=\"og:image:height\" content=\"1586\" \/>\n\t<meta property=\"og:image:type\" content=\"image\/jpeg\" \/>\n<meta name=\"author\" content=\"Portal Incluir\" \/>\n<meta name=\"twitter:card\" content=\"summary_large_image\" \/>\n<meta name=\"twitter:label1\" content=\"Escrito por\" \/>\n\t<meta name=\"twitter:data1\" content=\"Portal Incluir\" \/>\n\t<meta name=\"twitter:label2\" content=\"Est. tempo de leitura\" \/>\n\t<meta name=\"twitter:data2\" content=\"3 minutos\" \/>\n<script type=\"application\/ld+json\" class=\"yoast-schema-graph\">{\"@context\":\"https:\\\/\\\/schema.org\",\"@graph\":[{\"@type\":[\"Article\",\"BlogPosting\"],\"@id\":\"https:\\\/\\\/portalincluir.com.br\\\/index.php\\\/2025\\\/11\\\/05\\\/o-direito-da-pessoa-com-deficiencia\\\/#article\",\"isPartOf\":{\"@id\":\"https:\\\/\\\/portalincluir.com.br\\\/index.php\\\/2025\\\/11\\\/05\\\/o-direito-da-pessoa-com-deficiencia\\\/\"},\"author\":{\"name\":\"Portal Incluir\",\"@id\":\"https:\\\/\\\/portalincluir.com.br\\\/#\\\/schema\\\/person\\\/8823664e5902eee555607fb75c4c35ae\"},\"headline\":\"O direito da pessoa com defici\u00eancia\",\"datePublished\":\"2025-11-05T20:42:20+00:00\",\"dateModified\":\"2025-11-05T20:44:33+00:00\",\"mainEntityOfPage\":{\"@id\":\"https:\\\/\\\/portalincluir.com.br\\\/index.php\\\/2025\\\/11\\\/05\\\/o-direito-da-pessoa-com-deficiencia\\\/\"},\"wordCount\":670,\"commentCount\":0,\"image\":{\"@id\":\"https:\\\/\\\/portalincluir.com.br\\\/index.php\\\/2025\\\/11\\\/05\\\/o-direito-da-pessoa-com-deficiencia\\\/#primaryimage\"},\"thumbnailUrl\":\"https:\\\/\\\/portalincluir.com.br\\\/wp-content\\\/uploads\\\/2025\\\/11\\\/Eugenio-Cunha-foto-2-1-e1762375267711.jpg\",\"articleSection\":[\"Opini\u00e3o\",\"Portal\"],\"inLanguage\":\"pt-BR\",\"potentialAction\":[{\"@type\":\"CommentAction\",\"name\":\"Comment\",\"target\":[\"https:\\\/\\\/portalincluir.com.br\\\/index.php\\\/2025\\\/11\\\/05\\\/o-direito-da-pessoa-com-deficiencia\\\/#respond\"]}]},{\"@type\":\"WebPage\",\"@id\":\"https:\\\/\\\/portalincluir.com.br\\\/index.php\\\/2025\\\/11\\\/05\\\/o-direito-da-pessoa-com-deficiencia\\\/\",\"url\":\"https:\\\/\\\/portalincluir.com.br\\\/index.php\\\/2025\\\/11\\\/05\\\/o-direito-da-pessoa-com-deficiencia\\\/\",\"name\":\"O direito da pessoa com defici\u00eancia - PORTAL INCLUIR\",\"isPartOf\":{\"@id\":\"https:\\\/\\\/portalincluir.com.br\\\/#website\"},\"primaryImageOfPage\":{\"@id\":\"https:\\\/\\\/portalincluir.com.br\\\/index.php\\\/2025\\\/11\\\/05\\\/o-direito-da-pessoa-com-deficiencia\\\/#primaryimage\"},\"image\":{\"@id\":\"https:\\\/\\\/portalincluir.com.br\\\/index.php\\\/2025\\\/11\\\/05\\\/o-direito-da-pessoa-com-deficiencia\\\/#primaryimage\"},\"thumbnailUrl\":\"https:\\\/\\\/portalincluir.com.br\\\/wp-content\\\/uploads\\\/2025\\\/11\\\/Eugenio-Cunha-foto-2-1-e1762375267711.jpg\",\"datePublished\":\"2025-11-05T20:42:20+00:00\",\"dateModified\":\"2025-11-05T20:44:33+00:00\",\"author\":{\"@id\":\"https:\\\/\\\/portalincluir.com.br\\\/#\\\/schema\\\/person\\\/8823664e5902eee555607fb75c4c35ae\"},\"breadcrumb\":{\"@id\":\"https:\\\/\\\/portalincluir.com.br\\\/index.php\\\/2025\\\/11\\\/05\\\/o-direito-da-pessoa-com-deficiencia\\\/#breadcrumb\"},\"inLanguage\":\"pt-BR\",\"potentialAction\":[{\"@type\":\"ReadAction\",\"target\":[\"https:\\\/\\\/portalincluir.com.br\\\/index.php\\\/2025\\\/11\\\/05\\\/o-direito-da-pessoa-com-deficiencia\\\/\"]}]},{\"@type\":\"ImageObject\",\"inLanguage\":\"pt-BR\",\"@id\":\"https:\\\/\\\/portalincluir.com.br\\\/index.php\\\/2025\\\/11\\\/05\\\/o-direito-da-pessoa-com-deficiencia\\\/#primaryimage\",\"url\":\"https:\\\/\\\/portalincluir.com.br\\\/wp-content\\\/uploads\\\/2025\\\/11\\\/Eugenio-Cunha-foto-2-1-e1762375267711.jpg\",\"contentUrl\":\"https:\\\/\\\/portalincluir.com.br\\\/wp-content\\\/uploads\\\/2025\\\/11\\\/Eugenio-Cunha-foto-2-1-e1762375267711.jpg\",\"width\":2090,\"height\":1586},{\"@type\":\"BreadcrumbList\",\"@id\":\"https:\\\/\\\/portalincluir.com.br\\\/index.php\\\/2025\\\/11\\\/05\\\/o-direito-da-pessoa-com-deficiencia\\\/#breadcrumb\",\"itemListElement\":[{\"@type\":\"ListItem\",\"position\":1,\"name\":\"In\u00edcio\",\"item\":\"https:\\\/\\\/portalincluir.com.br\\\/\"},{\"@type\":\"ListItem\",\"position\":2,\"name\":\"O direito da pessoa com defici\u00eancia\"}]},{\"@type\":\"WebSite\",\"@id\":\"https:\\\/\\\/portalincluir.com.br\\\/#website\",\"url\":\"https:\\\/\\\/portalincluir.com.br\\\/\",\"name\":\"PORTAL INCLUIR\",\"description\":\"\",\"potentialAction\":[{\"@type\":\"SearchAction\",\"target\":{\"@type\":\"EntryPoint\",\"urlTemplate\":\"https:\\\/\\\/portalincluir.com.br\\\/?s={search_term_string}\"},\"query-input\":{\"@type\":\"PropertyValueSpecification\",\"valueRequired\":true,\"valueName\":\"search_term_string\"}}],\"inLanguage\":\"pt-BR\"},{\"@type\":\"Person\",\"@id\":\"https:\\\/\\\/portalincluir.com.br\\\/#\\\/schema\\\/person\\\/8823664e5902eee555607fb75c4c35ae\",\"name\":\"Portal Incluir\",\"image\":{\"@type\":\"ImageObject\",\"inLanguage\":\"pt-BR\",\"@id\":\"https:\\\/\\\/secure.gravatar.com\\\/avatar\\\/12085fe17e70c3550551519fe1f8f51fae69b1748563a47fc3bea53d91fbcbbd?s=96&d=mm&r=g\",\"url\":\"https:\\\/\\\/secure.gravatar.com\\\/avatar\\\/12085fe17e70c3550551519fe1f8f51fae69b1748563a47fc3bea53d91fbcbbd?s=96&d=mm&r=g\",\"contentUrl\":\"https:\\\/\\\/secure.gravatar.com\\\/avatar\\\/12085fe17e70c3550551519fe1f8f51fae69b1748563a47fc3bea53d91fbcbbd?s=96&d=mm&r=g\",\"caption\":\"Portal Incluir\"},\"sameAs\":[\"http:\\\/\\\/portalincluir.com.br\"],\"url\":\"https:\\\/\\\/portalincluir.com.br\\\/index.php\\\/author\\\/portalincluir-com-br\\\/\"}]}<\/script>\n<!-- \/ Yoast SEO plugin. -->","yoast_head_json":{"title":"O direito da pessoa com defici\u00eancia - PORTAL INCLUIR","robots":{"index":"index","follow":"follow","max-snippet":"max-snippet:-1","max-image-preview":"max-image-preview:large","max-video-preview":"max-video-preview:-1"},"canonical":"https:\/\/portalincluir.com.br\/index.php\/2025\/11\/05\/o-direito-da-pessoa-com-deficiencia\/","og_locale":"pt_BR","og_type":"article","og_title":"O direito da pessoa com defici\u00eancia - PORTAL INCLUIR","og_description":"Muito se fala hoje em dia sobre inclus\u00e3o. Geralmente, a maioria das pessoas relaciona inclus\u00e3o","og_url":"https:\/\/portalincluir.com.br\/index.php\/2025\/11\/05\/o-direito-da-pessoa-com-deficiencia\/","og_site_name":"PORTAL INCLUIR","article_published_time":"2025-11-05T20:42:20+00:00","article_modified_time":"2025-11-05T20:44:33+00:00","og_image":[{"width":2090,"height":1586,"url":"https:\/\/portalincluir.com.br\/wp-content\/uploads\/2025\/11\/Eugenio-Cunha-foto-2-1-e1762375267711.jpg","type":"image\/jpeg"}],"author":"Portal Incluir","twitter_card":"summary_large_image","twitter_misc":{"Escrito por":"Portal Incluir","Est. tempo de leitura":"3 minutos"},"schema":{"@context":"https:\/\/schema.org","@graph":[{"@type":["Article","BlogPosting"],"@id":"https:\/\/portalincluir.com.br\/index.php\/2025\/11\/05\/o-direito-da-pessoa-com-deficiencia\/#article","isPartOf":{"@id":"https:\/\/portalincluir.com.br\/index.php\/2025\/11\/05\/o-direito-da-pessoa-com-deficiencia\/"},"author":{"name":"Portal Incluir","@id":"https:\/\/portalincluir.com.br\/#\/schema\/person\/8823664e5902eee555607fb75c4c35ae"},"headline":"O direito da pessoa com defici\u00eancia","datePublished":"2025-11-05T20:42:20+00:00","dateModified":"2025-11-05T20:44:33+00:00","mainEntityOfPage":{"@id":"https:\/\/portalincluir.com.br\/index.php\/2025\/11\/05\/o-direito-da-pessoa-com-deficiencia\/"},"wordCount":670,"commentCount":0,"image":{"@id":"https:\/\/portalincluir.com.br\/index.php\/2025\/11\/05\/o-direito-da-pessoa-com-deficiencia\/#primaryimage"},"thumbnailUrl":"https:\/\/portalincluir.com.br\/wp-content\/uploads\/2025\/11\/Eugenio-Cunha-foto-2-1-e1762375267711.jpg","articleSection":["Opini\u00e3o","Portal"],"inLanguage":"pt-BR","potentialAction":[{"@type":"CommentAction","name":"Comment","target":["https:\/\/portalincluir.com.br\/index.php\/2025\/11\/05\/o-direito-da-pessoa-com-deficiencia\/#respond"]}]},{"@type":"WebPage","@id":"https:\/\/portalincluir.com.br\/index.php\/2025\/11\/05\/o-direito-da-pessoa-com-deficiencia\/","url":"https:\/\/portalincluir.com.br\/index.php\/2025\/11\/05\/o-direito-da-pessoa-com-deficiencia\/","name":"O direito da pessoa com defici\u00eancia - PORTAL INCLUIR","isPartOf":{"@id":"https:\/\/portalincluir.com.br\/#website"},"primaryImageOfPage":{"@id":"https:\/\/portalincluir.com.br\/index.php\/2025\/11\/05\/o-direito-da-pessoa-com-deficiencia\/#primaryimage"},"image":{"@id":"https:\/\/portalincluir.com.br\/index.php\/2025\/11\/05\/o-direito-da-pessoa-com-deficiencia\/#primaryimage"},"thumbnailUrl":"https:\/\/portalincluir.com.br\/wp-content\/uploads\/2025\/11\/Eugenio-Cunha-foto-2-1-e1762375267711.jpg","datePublished":"2025-11-05T20:42:20+00:00","dateModified":"2025-11-05T20:44:33+00:00","author":{"@id":"https:\/\/portalincluir.com.br\/#\/schema\/person\/8823664e5902eee555607fb75c4c35ae"},"breadcrumb":{"@id":"https:\/\/portalincluir.com.br\/index.php\/2025\/11\/05\/o-direito-da-pessoa-com-deficiencia\/#breadcrumb"},"inLanguage":"pt-BR","potentialAction":[{"@type":"ReadAction","target":["https:\/\/portalincluir.com.br\/index.php\/2025\/11\/05\/o-direito-da-pessoa-com-deficiencia\/"]}]},{"@type":"ImageObject","inLanguage":"pt-BR","@id":"https:\/\/portalincluir.com.br\/index.php\/2025\/11\/05\/o-direito-da-pessoa-com-deficiencia\/#primaryimage","url":"https:\/\/portalincluir.com.br\/wp-content\/uploads\/2025\/11\/Eugenio-Cunha-foto-2-1-e1762375267711.jpg","contentUrl":"https:\/\/portalincluir.com.br\/wp-content\/uploads\/2025\/11\/Eugenio-Cunha-foto-2-1-e1762375267711.jpg","width":2090,"height":1586},{"@type":"BreadcrumbList","@id":"https:\/\/portalincluir.com.br\/index.php\/2025\/11\/05\/o-direito-da-pessoa-com-deficiencia\/#breadcrumb","itemListElement":[{"@type":"ListItem","position":1,"name":"In\u00edcio","item":"https:\/\/portalincluir.com.br\/"},{"@type":"ListItem","position":2,"name":"O direito da pessoa com defici\u00eancia"}]},{"@type":"WebSite","@id":"https:\/\/portalincluir.com.br\/#website","url":"https:\/\/portalincluir.com.br\/","name":"PORTAL INCLUIR","description":"","potentialAction":[{"@type":"SearchAction","target":{"@type":"EntryPoint","urlTemplate":"https:\/\/portalincluir.com.br\/?s={search_term_string}"},"query-input":{"@type":"PropertyValueSpecification","valueRequired":true,"valueName":"search_term_string"}}],"inLanguage":"pt-BR"},{"@type":"Person","@id":"https:\/\/portalincluir.com.br\/#\/schema\/person\/8823664e5902eee555607fb75c4c35ae","name":"Portal Incluir","image":{"@type":"ImageObject","inLanguage":"pt-BR","@id":"https:\/\/secure.gravatar.com\/avatar\/12085fe17e70c3550551519fe1f8f51fae69b1748563a47fc3bea53d91fbcbbd?s=96&d=mm&r=g","url":"https:\/\/secure.gravatar.com\/avatar\/12085fe17e70c3550551519fe1f8f51fae69b1748563a47fc3bea53d91fbcbbd?s=96&d=mm&r=g","contentUrl":"https:\/\/secure.gravatar.com\/avatar\/12085fe17e70c3550551519fe1f8f51fae69b1748563a47fc3bea53d91fbcbbd?s=96&d=mm&r=g","caption":"Portal Incluir"},"sameAs":["http:\/\/portalincluir.com.br"],"url":"https:\/\/portalincluir.com.br\/index.php\/author\/portalincluir-com-br\/"}]}},"_links":{"self":[{"href":"https:\/\/portalincluir.com.br\/index.php\/wp-json\/wp\/v2\/posts\/715","targetHints":{"allow":["GET"]}}],"collection":[{"href":"https:\/\/portalincluir.com.br\/index.php\/wp-json\/wp\/v2\/posts"}],"about":[{"href":"https:\/\/portalincluir.com.br\/index.php\/wp-json\/wp\/v2\/types\/post"}],"author":[{"embeddable":true,"href":"https:\/\/portalincluir.com.br\/index.php\/wp-json\/wp\/v2\/users\/1"}],"replies":[{"embeddable":true,"href":"https:\/\/portalincluir.com.br\/index.php\/wp-json\/wp\/v2\/comments?post=715"}],"version-history":[{"count":2,"href":"https:\/\/portalincluir.com.br\/index.php\/wp-json\/wp\/v2\/posts\/715\/revisions"}],"predecessor-version":[{"id":718,"href":"https:\/\/portalincluir.com.br\/index.php\/wp-json\/wp\/v2\/posts\/715\/revisions\/718"}],"wp:featuredmedia":[{"embeddable":true,"href":"https:\/\/portalincluir.com.br\/index.php\/wp-json\/wp\/v2\/media\/716"}],"wp:attachment":[{"href":"https:\/\/portalincluir.com.br\/index.php\/wp-json\/wp\/v2\/media?parent=715"}],"wp:term":[{"taxonomy":"category","embeddable":true,"href":"https:\/\/portalincluir.com.br\/index.php\/wp-json\/wp\/v2\/categories?post=715"},{"taxonomy":"post_tag","embeddable":true,"href":"https:\/\/portalincluir.com.br\/index.php\/wp-json\/wp\/v2\/tags?post=715"}],"curies":[{"name":"wp","href":"https:\/\/api.w.org\/{rel}","templated":true}]}}