{"id":719,"date":"2025-11-06T21:37:13","date_gmt":"2025-11-07T00:37:13","guid":{"rendered":"https:\/\/portalincluir.com.br\/?p=719"},"modified":"2025-11-06T21:37:14","modified_gmt":"2025-11-07T00:37:14","slug":"por-uma-infancia-feliz","status":"publish","type":"post","link":"https:\/\/portalincluir.com.br\/index.php\/2025\/11\/06\/por-uma-infancia-feliz\/","title":{"rendered":"Por uma inf\u00e2ncia feliz"},"content":{"rendered":"\n<p>\u00c9 sempre importante refletirmos sobre o desenvolvimento cognitivo e emocional das crian\u00e7as e como novas tecnologias, como a neuromodula\u00e7\u00e3o, podem contribuir para seu bem-estar.<\/p>\n\n\n\n<p>A neuromodula\u00e7\u00e3o \u00e9 uma \u00e1rea da neuroci\u00eancia que utiliza est\u00edmulos el\u00e9tricos, magn\u00e9ticos ou sensoriais para influenciar a atividade cerebral. T\u00e9cnicas como Estimula\u00e7\u00e3o Transcraniana por Corrente Cont\u00ednua (tDCS\/ETCC) e Neurofeedback podem ajudar a regular padr\u00f5es de atividade neural, promovendo melhorias em aten\u00e7\u00e3o, mem\u00f3ria, aprendizagem e regula\u00e7\u00e3o emocional.<\/p>\n\n\n\n<p>Para crian\u00e7as com dificuldades de aten\u00e7\u00e3o, ansiedade, dist\u00farbios do sono ou desafios de aprendizagem, a neuromodula\u00e7\u00e3o surge como uma ferramenta complementar \u00e0s abordagens tradicionais, potencializando resultados de terapias j\u00e1 conhecidas, como psicopedagogia, neuropsicopedagogia ou fonoaudiologia.<\/p>\n\n\n\n<p>Benef\u00edcios:<\/p>\n\n\n\n<ul class=\"wp-block-list\">\n<li>Melhora da aten\u00e7\u00e3o e foco: crian\u00e7as com TDAH podem se beneficiar do equil\u00edbrio da atividade cerebral, aumentando a capacidade de concentra\u00e7\u00e3o.<\/li>\n\n\n\n<li>Redu\u00e7\u00e3o da ansiedade e estresse: as t\u00e9cnicas ajudam a regular o sistema nervoso, promovendo maior equil\u00edbrio emocional.<\/li>\n\n\n\n<li>Apoio ao aprendizado: ao otimizar fun\u00e7\u00f5es cognitivas como mem\u00f3ria de trabalho e processamento de informa\u00e7\u00f5es, o desempenho escolar pode ser potencializado.<\/li>\n\n\n\n<li>Complemento terap\u00eautico personalizado: cada sess\u00e3o \u00e9 adaptada \u00e0s necessidades individuais, considerando idade, desenvolvimento e objetivos espec\u00edficos.<\/li>\n<\/ul>\n\n\n\n<p>Apesar dos avan\u00e7os tecnol\u00f3gicos, o brincar e a socializa\u00e7\u00e3o continuam essenciais para o desenvolvimento infantil. Jogos, atividades f\u00edsicas, m\u00fasica e intera\u00e7\u00e3o social estimulam o c\u00e9rebro de forma natural, formando a base sobre a qual a neuromodula\u00e7\u00e3o potencializa seus efeitos, pois aliada a terapias e pr\u00e1ticas l\u00fadicas, \u00e9 uma das ferramentas que a ci\u00eancia oferece para que cada crian\u00e7a possa atingir seu m\u00e1ximo potencial. \u00c9 fundamental investir no desenvolvimento integral dos pequenos, garantindo que cres\u00e7am com sa\u00fade emocional, cognitiva e social.<\/p>\n\n\n\n<p><strong>Por Daniela Barreto de Oliveira Ferreira, <\/strong>Mestre em Educa\u00e7\u00e3o, Pedagoga, Neuropsicopedagoga, Psicopedagoga, Neuroterapeuta, Especialista em Neuroci\u00eancia e An\u00e1lise do Comportamento Aplicada (ABA), CEO do Instituto Neuroestare criadora do\u00a0Neuroestarcast.<\/p>\n\n\n\n<p><\/p>\n","protected":false},"excerpt":{"rendered":"<p>\u00c9 sempre importante refletirmos sobre o desenvolvimento cognitivo e emocional das crian\u00e7as e como novas<\/p>\n","protected":false},"author":1,"featured_media":720,"comment_status":"open","ping_status":"open","sticky":false,"template":"","format":"standard","meta":{"om_disable_all_campaigns":false,"_monsterinsights_skip_tracking":false,"_monsterinsights_sitenote_active":false,"_monsterinsights_sitenote_note":"","_monsterinsights_sitenote_category":0,"_uf_show_specific_survey":0,"_uf_disable_surveys":false,"footnotes":""},"categories":[9,21],"tags":[],"class_list":["post-719","post","type-post","status-publish","format-standard","has-post-thumbnail","hentry","category-noticias","category-opiniao"],"yoast_head":"<!-- This site is optimized with the Yoast SEO plugin v27.4 - https:\/\/yoast.com\/product\/yoast-seo-wordpress\/ -->\n<title>Por uma inf\u00e2ncia feliz - PORTAL INCLUIR<\/title>\n<meta name=\"robots\" content=\"index, follow, max-snippet:-1, max-image-preview:large, max-video-preview:-1\" \/>\n<link rel=\"canonical\" href=\"https:\/\/portalincluir.com.br\/index.php\/2025\/11\/06\/por-uma-infancia-feliz\/\" \/>\n<meta property=\"og:locale\" content=\"pt_BR\" \/>\n<meta property=\"og:type\" content=\"article\" \/>\n<meta property=\"og:title\" content=\"Por uma inf\u00e2ncia feliz - PORTAL INCLUIR\" \/>\n<meta property=\"og:description\" content=\"\u00c9 sempre importante refletirmos sobre o desenvolvimento cognitivo e emocional das crian\u00e7as e como novas\" \/>\n<meta property=\"og:url\" content=\"https:\/\/portalincluir.com.br\/index.php\/2025\/11\/06\/por-uma-infancia-feliz\/\" \/>\n<meta property=\"og:site_name\" content=\"PORTAL INCLUIR\" \/>\n<meta property=\"article:published_time\" content=\"2025-11-07T00:37:13+00:00\" \/>\n<meta property=\"article:modified_time\" content=\"2025-11-07T00:37:14+00:00\" \/>\n<meta property=\"og:image\" content=\"https:\/\/portalincluir.com.br\/wp-content\/uploads\/2025\/11\/Daniela-Barreto-Foto-de-Josenilda-Melo-Figueiredo-Guimaraes-4-1-scaled-e1762475809410.jpg\" \/>\n\t<meta property=\"og:image:width\" content=\"1707\" \/>\n\t<meta property=\"og:image:height\" content=\"1562\" \/>\n\t<meta property=\"og:image:type\" content=\"image\/jpeg\" \/>\n<meta name=\"author\" content=\"Portal Incluir\" \/>\n<meta name=\"twitter:card\" content=\"summary_large_image\" \/>\n<meta name=\"twitter:label1\" content=\"Escrito por\" \/>\n\t<meta name=\"twitter:data1\" content=\"Portal Incluir\" \/>\n\t<meta name=\"twitter:label2\" content=\"Est. tempo de leitura\" \/>\n\t<meta name=\"twitter:data2\" content=\"2 minutos\" \/>\n<script type=\"application\/ld+json\" class=\"yoast-schema-graph\">{\"@context\":\"https:\\\/\\\/schema.org\",\"@graph\":[{\"@type\":[\"Article\",\"BlogPosting\"],\"@id\":\"https:\\\/\\\/portalincluir.com.br\\\/index.php\\\/2025\\\/11\\\/06\\\/por-uma-infancia-feliz\\\/#article\",\"isPartOf\":{\"@id\":\"https:\\\/\\\/portalincluir.com.br\\\/index.php\\\/2025\\\/11\\\/06\\\/por-uma-infancia-feliz\\\/\"},\"author\":{\"name\":\"Portal Incluir\",\"@id\":\"https:\\\/\\\/portalincluir.com.br\\\/#\\\/schema\\\/person\\\/8823664e5902eee555607fb75c4c35ae\"},\"headline\":\"Por uma inf\u00e2ncia feliz\",\"datePublished\":\"2025-11-07T00:37:13+00:00\",\"dateModified\":\"2025-11-07T00:37:14+00:00\",\"mainEntityOfPage\":{\"@id\":\"https:\\\/\\\/portalincluir.com.br\\\/index.php\\\/2025\\\/11\\\/06\\\/por-uma-infancia-feliz\\\/\"},\"wordCount\":341,\"commentCount\":0,\"image\":{\"@id\":\"https:\\\/\\\/portalincluir.com.br\\\/index.php\\\/2025\\\/11\\\/06\\\/por-uma-infancia-feliz\\\/#primaryimage\"},\"thumbnailUrl\":\"https:\\\/\\\/portalincluir.com.br\\\/wp-content\\\/uploads\\\/2025\\\/11\\\/Daniela-Barreto-Foto-de-Josenilda-Melo-Figueiredo-Guimaraes-4-1-scaled-e1762475809410.jpg\",\"articleSection\":[\"Not\u00edcias\",\"Opini\u00e3o\"],\"inLanguage\":\"pt-BR\",\"potentialAction\":[{\"@type\":\"CommentAction\",\"name\":\"Comment\",\"target\":[\"https:\\\/\\\/portalincluir.com.br\\\/index.php\\\/2025\\\/11\\\/06\\\/por-uma-infancia-feliz\\\/#respond\"]}]},{\"@type\":\"WebPage\",\"@id\":\"https:\\\/\\\/portalincluir.com.br\\\/index.php\\\/2025\\\/11\\\/06\\\/por-uma-infancia-feliz\\\/\",\"url\":\"https:\\\/\\\/portalincluir.com.br\\\/index.php\\\/2025\\\/11\\\/06\\\/por-uma-infancia-feliz\\\/\",\"name\":\"Por uma inf\u00e2ncia feliz - PORTAL INCLUIR\",\"isPartOf\":{\"@id\":\"https:\\\/\\\/portalincluir.com.br\\\/#website\"},\"primaryImageOfPage\":{\"@id\":\"https:\\\/\\\/portalincluir.com.br\\\/index.php\\\/2025\\\/11\\\/06\\\/por-uma-infancia-feliz\\\/#primaryimage\"},\"image\":{\"@id\":\"https:\\\/\\\/portalincluir.com.br\\\/index.php\\\/2025\\\/11\\\/06\\\/por-uma-infancia-feliz\\\/#primaryimage\"},\"thumbnailUrl\":\"https:\\\/\\\/portalincluir.com.br\\\/wp-content\\\/uploads\\\/2025\\\/11\\\/Daniela-Barreto-Foto-de-Josenilda-Melo-Figueiredo-Guimaraes-4-1-scaled-e1762475809410.jpg\",\"datePublished\":\"2025-11-07T00:37:13+00:00\",\"dateModified\":\"2025-11-07T00:37:14+00:00\",\"author\":{\"@id\":\"https:\\\/\\\/portalincluir.com.br\\\/#\\\/schema\\\/person\\\/8823664e5902eee555607fb75c4c35ae\"},\"breadcrumb\":{\"@id\":\"https:\\\/\\\/portalincluir.com.br\\\/index.php\\\/2025\\\/11\\\/06\\\/por-uma-infancia-feliz\\\/#breadcrumb\"},\"inLanguage\":\"pt-BR\",\"potentialAction\":[{\"@type\":\"ReadAction\",\"target\":[\"https:\\\/\\\/portalincluir.com.br\\\/index.php\\\/2025\\\/11\\\/06\\\/por-uma-infancia-feliz\\\/\"]}]},{\"@type\":\"ImageObject\",\"inLanguage\":\"pt-BR\",\"@id\":\"https:\\\/\\\/portalincluir.com.br\\\/index.php\\\/2025\\\/11\\\/06\\\/por-uma-infancia-feliz\\\/#primaryimage\",\"url\":\"https:\\\/\\\/portalincluir.com.br\\\/wp-content\\\/uploads\\\/2025\\\/11\\\/Daniela-Barreto-Foto-de-Josenilda-Melo-Figueiredo-Guimaraes-4-1-scaled-e1762475809410.jpg\",\"contentUrl\":\"https:\\\/\\\/portalincluir.com.br\\\/wp-content\\\/uploads\\\/2025\\\/11\\\/Daniela-Barreto-Foto-de-Josenilda-Melo-Figueiredo-Guimaraes-4-1-scaled-e1762475809410.jpg\",\"width\":1707,\"height\":1562},{\"@type\":\"BreadcrumbList\",\"@id\":\"https:\\\/\\\/portalincluir.com.br\\\/index.php\\\/2025\\\/11\\\/06\\\/por-uma-infancia-feliz\\\/#breadcrumb\",\"itemListElement\":[{\"@type\":\"ListItem\",\"position\":1,\"name\":\"In\u00edcio\",\"item\":\"https:\\\/\\\/portalincluir.com.br\\\/\"},{\"@type\":\"ListItem\",\"position\":2,\"name\":\"Por uma inf\u00e2ncia feliz\"}]},{\"@type\":\"WebSite\",\"@id\":\"https:\\\/\\\/portalincluir.com.br\\\/#website\",\"url\":\"https:\\\/\\\/portalincluir.com.br\\\/\",\"name\":\"PORTAL INCLUIR\",\"description\":\"\",\"potentialAction\":[{\"@type\":\"SearchAction\",\"target\":{\"@type\":\"EntryPoint\",\"urlTemplate\":\"https:\\\/\\\/portalincluir.com.br\\\/?s={search_term_string}\"},\"query-input\":{\"@type\":\"PropertyValueSpecification\",\"valueRequired\":true,\"valueName\":\"search_term_string\"}}],\"inLanguage\":\"pt-BR\"},{\"@type\":\"Person\",\"@id\":\"https:\\\/\\\/portalincluir.com.br\\\/#\\\/schema\\\/person\\\/8823664e5902eee555607fb75c4c35ae\",\"name\":\"Portal Incluir\",\"image\":{\"@type\":\"ImageObject\",\"inLanguage\":\"pt-BR\",\"@id\":\"https:\\\/\\\/secure.gravatar.com\\\/avatar\\\/12085fe17e70c3550551519fe1f8f51fae69b1748563a47fc3bea53d91fbcbbd?s=96&d=mm&r=g\",\"url\":\"https:\\\/\\\/secure.gravatar.com\\\/avatar\\\/12085fe17e70c3550551519fe1f8f51fae69b1748563a47fc3bea53d91fbcbbd?s=96&d=mm&r=g\",\"contentUrl\":\"https:\\\/\\\/secure.gravatar.com\\\/avatar\\\/12085fe17e70c3550551519fe1f8f51fae69b1748563a47fc3bea53d91fbcbbd?s=96&d=mm&r=g\",\"caption\":\"Portal Incluir\"},\"sameAs\":[\"http:\\\/\\\/portalincluir.com.br\"],\"url\":\"https:\\\/\\\/portalincluir.com.br\\\/index.php\\\/author\\\/portalincluir-com-br\\\/\"}]}<\/script>\n<!-- \/ Yoast SEO plugin. -->","yoast_head_json":{"title":"Por uma inf\u00e2ncia feliz - PORTAL INCLUIR","robots":{"index":"index","follow":"follow","max-snippet":"max-snippet:-1","max-image-preview":"max-image-preview:large","max-video-preview":"max-video-preview:-1"},"canonical":"https:\/\/portalincluir.com.br\/index.php\/2025\/11\/06\/por-uma-infancia-feliz\/","og_locale":"pt_BR","og_type":"article","og_title":"Por uma inf\u00e2ncia feliz - PORTAL INCLUIR","og_description":"\u00c9 sempre importante refletirmos sobre o desenvolvimento cognitivo e emocional das crian\u00e7as e como novas","og_url":"https:\/\/portalincluir.com.br\/index.php\/2025\/11\/06\/por-uma-infancia-feliz\/","og_site_name":"PORTAL INCLUIR","article_published_time":"2025-11-07T00:37:13+00:00","article_modified_time":"2025-11-07T00:37:14+00:00","og_image":[{"width":1707,"height":1562,"url":"https:\/\/portalincluir.com.br\/wp-content\/uploads\/2025\/11\/Daniela-Barreto-Foto-de-Josenilda-Melo-Figueiredo-Guimaraes-4-1-scaled-e1762475809410.jpg","type":"image\/jpeg"}],"author":"Portal Incluir","twitter_card":"summary_large_image","twitter_misc":{"Escrito por":"Portal Incluir","Est. tempo de leitura":"2 minutos"},"schema":{"@context":"https:\/\/schema.org","@graph":[{"@type":["Article","BlogPosting"],"@id":"https:\/\/portalincluir.com.br\/index.php\/2025\/11\/06\/por-uma-infancia-feliz\/#article","isPartOf":{"@id":"https:\/\/portalincluir.com.br\/index.php\/2025\/11\/06\/por-uma-infancia-feliz\/"},"author":{"name":"Portal Incluir","@id":"https:\/\/portalincluir.com.br\/#\/schema\/person\/8823664e5902eee555607fb75c4c35ae"},"headline":"Por uma inf\u00e2ncia feliz","datePublished":"2025-11-07T00:37:13+00:00","dateModified":"2025-11-07T00:37:14+00:00","mainEntityOfPage":{"@id":"https:\/\/portalincluir.com.br\/index.php\/2025\/11\/06\/por-uma-infancia-feliz\/"},"wordCount":341,"commentCount":0,"image":{"@id":"https:\/\/portalincluir.com.br\/index.php\/2025\/11\/06\/por-uma-infancia-feliz\/#primaryimage"},"thumbnailUrl":"https:\/\/portalincluir.com.br\/wp-content\/uploads\/2025\/11\/Daniela-Barreto-Foto-de-Josenilda-Melo-Figueiredo-Guimaraes-4-1-scaled-e1762475809410.jpg","articleSection":["Not\u00edcias","Opini\u00e3o"],"inLanguage":"pt-BR","potentialAction":[{"@type":"CommentAction","name":"Comment","target":["https:\/\/portalincluir.com.br\/index.php\/2025\/11\/06\/por-uma-infancia-feliz\/#respond"]}]},{"@type":"WebPage","@id":"https:\/\/portalincluir.com.br\/index.php\/2025\/11\/06\/por-uma-infancia-feliz\/","url":"https:\/\/portalincluir.com.br\/index.php\/2025\/11\/06\/por-uma-infancia-feliz\/","name":"Por uma inf\u00e2ncia feliz - PORTAL INCLUIR","isPartOf":{"@id":"https:\/\/portalincluir.com.br\/#website"},"primaryImageOfPage":{"@id":"https:\/\/portalincluir.com.br\/index.php\/2025\/11\/06\/por-uma-infancia-feliz\/#primaryimage"},"image":{"@id":"https:\/\/portalincluir.com.br\/index.php\/2025\/11\/06\/por-uma-infancia-feliz\/#primaryimage"},"thumbnailUrl":"https:\/\/portalincluir.com.br\/wp-content\/uploads\/2025\/11\/Daniela-Barreto-Foto-de-Josenilda-Melo-Figueiredo-Guimaraes-4-1-scaled-e1762475809410.jpg","datePublished":"2025-11-07T00:37:13+00:00","dateModified":"2025-11-07T00:37:14+00:00","author":{"@id":"https:\/\/portalincluir.com.br\/#\/schema\/person\/8823664e5902eee555607fb75c4c35ae"},"breadcrumb":{"@id":"https:\/\/portalincluir.com.br\/index.php\/2025\/11\/06\/por-uma-infancia-feliz\/#breadcrumb"},"inLanguage":"pt-BR","potentialAction":[{"@type":"ReadAction","target":["https:\/\/portalincluir.com.br\/index.php\/2025\/11\/06\/por-uma-infancia-feliz\/"]}]},{"@type":"ImageObject","inLanguage":"pt-BR","@id":"https:\/\/portalincluir.com.br\/index.php\/2025\/11\/06\/por-uma-infancia-feliz\/#primaryimage","url":"https:\/\/portalincluir.com.br\/wp-content\/uploads\/2025\/11\/Daniela-Barreto-Foto-de-Josenilda-Melo-Figueiredo-Guimaraes-4-1-scaled-e1762475809410.jpg","contentUrl":"https:\/\/portalincluir.com.br\/wp-content\/uploads\/2025\/11\/Daniela-Barreto-Foto-de-Josenilda-Melo-Figueiredo-Guimaraes-4-1-scaled-e1762475809410.jpg","width":1707,"height":1562},{"@type":"BreadcrumbList","@id":"https:\/\/portalincluir.com.br\/index.php\/2025\/11\/06\/por-uma-infancia-feliz\/#breadcrumb","itemListElement":[{"@type":"ListItem","position":1,"name":"In\u00edcio","item":"https:\/\/portalincluir.com.br\/"},{"@type":"ListItem","position":2,"name":"Por uma inf\u00e2ncia feliz"}]},{"@type":"WebSite","@id":"https:\/\/portalincluir.com.br\/#website","url":"https:\/\/portalincluir.com.br\/","name":"PORTAL INCLUIR","description":"","potentialAction":[{"@type":"SearchAction","target":{"@type":"EntryPoint","urlTemplate":"https:\/\/portalincluir.com.br\/?s={search_term_string}"},"query-input":{"@type":"PropertyValueSpecification","valueRequired":true,"valueName":"search_term_string"}}],"inLanguage":"pt-BR"},{"@type":"Person","@id":"https:\/\/portalincluir.com.br\/#\/schema\/person\/8823664e5902eee555607fb75c4c35ae","name":"Portal Incluir","image":{"@type":"ImageObject","inLanguage":"pt-BR","@id":"https:\/\/secure.gravatar.com\/avatar\/12085fe17e70c3550551519fe1f8f51fae69b1748563a47fc3bea53d91fbcbbd?s=96&d=mm&r=g","url":"https:\/\/secure.gravatar.com\/avatar\/12085fe17e70c3550551519fe1f8f51fae69b1748563a47fc3bea53d91fbcbbd?s=96&d=mm&r=g","contentUrl":"https:\/\/secure.gravatar.com\/avatar\/12085fe17e70c3550551519fe1f8f51fae69b1748563a47fc3bea53d91fbcbbd?s=96&d=mm&r=g","caption":"Portal Incluir"},"sameAs":["http:\/\/portalincluir.com.br"],"url":"https:\/\/portalincluir.com.br\/index.php\/author\/portalincluir-com-br\/"}]}},"_links":{"self":[{"href":"https:\/\/portalincluir.com.br\/index.php\/wp-json\/wp\/v2\/posts\/719","targetHints":{"allow":["GET"]}}],"collection":[{"href":"https:\/\/portalincluir.com.br\/index.php\/wp-json\/wp\/v2\/posts"}],"about":[{"href":"https:\/\/portalincluir.com.br\/index.php\/wp-json\/wp\/v2\/types\/post"}],"author":[{"embeddable":true,"href":"https:\/\/portalincluir.com.br\/index.php\/wp-json\/wp\/v2\/users\/1"}],"replies":[{"embeddable":true,"href":"https:\/\/portalincluir.com.br\/index.php\/wp-json\/wp\/v2\/comments?post=719"}],"version-history":[{"count":1,"href":"https:\/\/portalincluir.com.br\/index.php\/wp-json\/wp\/v2\/posts\/719\/revisions"}],"predecessor-version":[{"id":721,"href":"https:\/\/portalincluir.com.br\/index.php\/wp-json\/wp\/v2\/posts\/719\/revisions\/721"}],"wp:featuredmedia":[{"embeddable":true,"href":"https:\/\/portalincluir.com.br\/index.php\/wp-json\/wp\/v2\/media\/720"}],"wp:attachment":[{"href":"https:\/\/portalincluir.com.br\/index.php\/wp-json\/wp\/v2\/media?parent=719"}],"wp:term":[{"taxonomy":"category","embeddable":true,"href":"https:\/\/portalincluir.com.br\/index.php\/wp-json\/wp\/v2\/categories?post=719"},{"taxonomy":"post_tag","embeddable":true,"href":"https:\/\/portalincluir.com.br\/index.php\/wp-json\/wp\/v2\/tags?post=719"}],"curies":[{"name":"wp","href":"https:\/\/api.w.org\/{rel}","templated":true}]}}