{"id":722,"date":"2025-11-10T22:55:38","date_gmt":"2025-11-11T01:55:38","guid":{"rendered":"https:\/\/portalincluir.com.br\/?p=722"},"modified":"2025-11-10T22:56:05","modified_gmt":"2025-11-11T01:56:05","slug":"os-impactos-do-tdah-na-vida-adulta","status":"publish","type":"post","link":"https:\/\/portalincluir.com.br\/index.php\/2025\/11\/10\/os-impactos-do-tdah-na-vida-adulta\/","title":{"rendered":"Os Impactos do TDAH na Vida Adulta"},"content":{"rendered":"\n<h2 class=\"wp-block-heading\">Uma An\u00e1lise \u00e0 Luz da Psican\u00e1lise e da Neuroci\u00eancia<\/h2>\n\n\n\n<p>O Transtorno do D\u00e9ficit de Aten\u00e7\u00e3o e Hiperatividade (TDAH), comumente associado \u00e0 inf\u00e2ncia, tamb\u00e9m afeta de maneira significativa a vida adulta. Seus efeitos ultrapassam a distra\u00e7\u00e3o e inquietude, interferindo nas rela\u00e7\u00f5es afetivas, no desempenho profissional, na organiza\u00e7\u00e3o cotidiana e na constitui\u00e7\u00e3o do eu. A articula\u00e7\u00e3o entre psican\u00e1lise e neuroci\u00eancia permite uma compreens\u00e3o mais complexa e humanizada desse fen\u00f4meno.<\/p>\n\n\n\n<p>Sob a \u00f3tica neurocient\u00edfica, o TDAH decorre de disfun\u00e7\u00f5es nos circuitos dopamin\u00e9rgicos do c\u00f3rtex pr\u00e9-frontal, impactando aten\u00e7\u00e3o, inibi\u00e7\u00e3o e mem\u00f3ria de trabalho (Barkley, 2015). Hipoatividade em \u00e1reas como o c\u00f3rtex dorsolateral e o estriado ventral compromete a autorregula\u00e7\u00e3o emocional, justificando tra\u00e7os de impulsividade e desorganiza\u00e7\u00e3o. Al\u00e9m disso, h\u00e1 um atraso no amadurecimento cortical de regi\u00f5es essenciais ao autocontrole, evidenciado por estudos de neuroimagem.<\/p>\n\n\n\n<p>Na psican\u00e1lise freudiana, embora o TDAH n\u00e3o fosse nomeado \u00e0 \u00e9poca, suas manifesta\u00e7\u00f5es apontam para um ego fragilizado, que falha em mediar os impulsos do id e as exig\u00eancias do superego. Para Freud (1923), o ego deve inibir e adequar os desejos \u00e0 realidade. No TDAH, esse mecanismo sofre, gerando sentimentos de culpa, fracasso e baixa autoestima, derivados da constante sensa\u00e7\u00e3o de inadequa\u00e7\u00e3o e improdutividade.<\/p>\n\n\n\n<p>A psicologia anal\u00edtica de Jung contribui com outra leitura: o TDAH pode expressar o conflito entre o self e a persona. O adulto, exigido a cumprir fun\u00e7\u00f5es que demandam foco e controle, entra em disson\u00e2ncia quando sua energia ps\u00edquica se dispersa. Jung aponta que a individua\u00e7\u00e3o requer integra\u00e7\u00e3o da sombra \u2014 e, nesse contexto, a desaten\u00e7\u00e3o e a impulsividade surgem como express\u00f5es de conte\u00fados ps\u00edquicos n\u00e3o integrados.<\/p>\n\n\n\n<p>Na vida adulta, os impactos do TDAH s\u00e3o amplos: instabilidade profissional, dificuldades afetivas, uso de subst\u00e2ncias como forma de automedica\u00e7\u00e3o e um sofrimento ps\u00edquico latente. Muitos vivem em um estado de \u201cquase\u201d, oscilando entre o potencial n\u00e3o realizado e a frustra\u00e7\u00e3o constante.<\/p>\n\n\n\n<p>O tratamento ideal \u00e9 multidisciplinar: envolve o uso de medicamentos (como o metilfenidato), estrat\u00e9gias cognitivas e psicoterapia. A abordagem psicanal\u00edtica, longe de negar o diagn\u00f3stico, contribui para resgatar o valor simb\u00f3lico da hist\u00f3ria do sujeito, elaborando falhas narc\u00edsicas e ressignificando o sofrimento. Conforme Winnicott (1971), o setting anal\u00edtico deve oferecer um ambiente suficientemente bom para a emerg\u00eancia do self verdadeiro, mesmo em meio ao caos da aten\u00e7\u00e3o fragmentada.<\/p>\n\n\n\n<p>Em s\u00edntese, o TDAH adulto n\u00e3o se resume a um transtorno neurobiol\u00f3gico. \u00c9 uma condi\u00e7\u00e3o multifacetada que demanda escuta cl\u00ednica, sensibilidade e articula\u00e7\u00e3o entre mente, corpo e cultura. Mais que curar, o papel do terapeuta pode ser o de ajudar o sujeito a reconciliar-se com sua singularidade \u2014 transformando a diferen\u00e7a em pot\u00eancia.<\/p>\n\n\n\n<p><strong>Dr. Richard Munhoz<\/strong> \u00e9 psicanalista, psicopedagogo, neuropsicopedagogo, mestre e doutor em Ci\u00eancias M\u00e9dicas.\u00a0<\/p>\n","protected":false},"excerpt":{"rendered":"<p>Uma An\u00e1lise \u00e0 Luz da Psican\u00e1lise e da Neuroci\u00eancia O Transtorno do D\u00e9ficit de Aten\u00e7\u00e3o<\/p>\n","protected":false},"author":1,"featured_media":723,"comment_status":"open","ping_status":"open","sticky":false,"template":"","format":"standard","meta":{"om_disable_all_campaigns":false,"_monsterinsights_skip_tracking":false,"_monsterinsights_sitenote_active":false,"_monsterinsights_sitenote_note":"","_monsterinsights_sitenote_category":0,"_uf_show_specific_survey":0,"_uf_disable_surveys":false,"footnotes":""},"categories":[9,21],"tags":[],"class_list":["post-722","post","type-post","status-publish","format-standard","has-post-thumbnail","hentry","category-noticias","category-opiniao"],"yoast_head":"<!-- This site is optimized with the Yoast SEO plugin v27.4 - https:\/\/yoast.com\/product\/yoast-seo-wordpress\/ -->\n<title>Os Impactos do TDAH na Vida Adulta - PORTAL INCLUIR<\/title>\n<meta name=\"robots\" content=\"index, follow, max-snippet:-1, max-image-preview:large, max-video-preview:-1\" \/>\n<link rel=\"canonical\" href=\"https:\/\/portalincluir.com.br\/index.php\/2025\/11\/10\/os-impactos-do-tdah-na-vida-adulta\/\" \/>\n<meta property=\"og:locale\" content=\"pt_BR\" \/>\n<meta property=\"og:type\" content=\"article\" \/>\n<meta property=\"og:title\" content=\"Os Impactos do TDAH na Vida Adulta - PORTAL INCLUIR\" \/>\n<meta property=\"og:description\" content=\"Uma An\u00e1lise \u00e0 Luz da Psican\u00e1lise e da Neuroci\u00eancia O Transtorno do D\u00e9ficit de Aten\u00e7\u00e3o\" \/>\n<meta property=\"og:url\" content=\"https:\/\/portalincluir.com.br\/index.php\/2025\/11\/10\/os-impactos-do-tdah-na-vida-adulta\/\" \/>\n<meta property=\"og:site_name\" content=\"PORTAL INCLUIR\" \/>\n<meta property=\"article:published_time\" content=\"2025-11-11T01:55:38+00:00\" \/>\n<meta property=\"article:modified_time\" content=\"2025-11-11T01:56:05+00:00\" \/>\n<meta property=\"og:image\" content=\"https:\/\/portalincluir.com.br\/wp-content\/uploads\/2025\/11\/RICHARD-MUNHOZ-ARQUIVO-PESSOAL-1-e1762826108861.jpeg\" \/>\n\t<meta property=\"og:image:width\" content=\"900\" \/>\n\t<meta property=\"og:image:height\" content=\"1083\" \/>\n\t<meta property=\"og:image:type\" content=\"image\/jpeg\" \/>\n<meta name=\"author\" content=\"Portal Incluir\" \/>\n<meta name=\"twitter:card\" content=\"summary_large_image\" \/>\n<meta name=\"twitter:label1\" content=\"Escrito por\" \/>\n\t<meta name=\"twitter:data1\" content=\"Portal Incluir\" \/>\n\t<meta name=\"twitter:label2\" content=\"Est. tempo de leitura\" \/>\n\t<meta name=\"twitter:data2\" content=\"2 minutos\" \/>\n<script type=\"application\/ld+json\" class=\"yoast-schema-graph\">{\"@context\":\"https:\\\/\\\/schema.org\",\"@graph\":[{\"@type\":[\"Article\",\"BlogPosting\"],\"@id\":\"https:\\\/\\\/portalincluir.com.br\\\/index.php\\\/2025\\\/11\\\/10\\\/os-impactos-do-tdah-na-vida-adulta\\\/#article\",\"isPartOf\":{\"@id\":\"https:\\\/\\\/portalincluir.com.br\\\/index.php\\\/2025\\\/11\\\/10\\\/os-impactos-do-tdah-na-vida-adulta\\\/\"},\"author\":{\"name\":\"Portal Incluir\",\"@id\":\"https:\\\/\\\/portalincluir.com.br\\\/#\\\/schema\\\/person\\\/8823664e5902eee555607fb75c4c35ae\"},\"headline\":\"Os Impactos do TDAH na Vida Adulta\",\"datePublished\":\"2025-11-11T01:55:38+00:00\",\"dateModified\":\"2025-11-11T01:56:05+00:00\",\"mainEntityOfPage\":{\"@id\":\"https:\\\/\\\/portalincluir.com.br\\\/index.php\\\/2025\\\/11\\\/10\\\/os-impactos-do-tdah-na-vida-adulta\\\/\"},\"wordCount\":505,\"commentCount\":0,\"image\":{\"@id\":\"https:\\\/\\\/portalincluir.com.br\\\/index.php\\\/2025\\\/11\\\/10\\\/os-impactos-do-tdah-na-vida-adulta\\\/#primaryimage\"},\"thumbnailUrl\":\"https:\\\/\\\/portalincluir.com.br\\\/wp-content\\\/uploads\\\/2025\\\/11\\\/RICHARD-MUNHOZ-ARQUIVO-PESSOAL-1-e1762826108861.jpeg\",\"articleSection\":[\"Not\u00edcias\",\"Opini\u00e3o\"],\"inLanguage\":\"pt-BR\",\"potentialAction\":[{\"@type\":\"CommentAction\",\"name\":\"Comment\",\"target\":[\"https:\\\/\\\/portalincluir.com.br\\\/index.php\\\/2025\\\/11\\\/10\\\/os-impactos-do-tdah-na-vida-adulta\\\/#respond\"]}]},{\"@type\":\"WebPage\",\"@id\":\"https:\\\/\\\/portalincluir.com.br\\\/index.php\\\/2025\\\/11\\\/10\\\/os-impactos-do-tdah-na-vida-adulta\\\/\",\"url\":\"https:\\\/\\\/portalincluir.com.br\\\/index.php\\\/2025\\\/11\\\/10\\\/os-impactos-do-tdah-na-vida-adulta\\\/\",\"name\":\"Os Impactos do TDAH na Vida Adulta - PORTAL INCLUIR\",\"isPartOf\":{\"@id\":\"https:\\\/\\\/portalincluir.com.br\\\/#website\"},\"primaryImageOfPage\":{\"@id\":\"https:\\\/\\\/portalincluir.com.br\\\/index.php\\\/2025\\\/11\\\/10\\\/os-impactos-do-tdah-na-vida-adulta\\\/#primaryimage\"},\"image\":{\"@id\":\"https:\\\/\\\/portalincluir.com.br\\\/index.php\\\/2025\\\/11\\\/10\\\/os-impactos-do-tdah-na-vida-adulta\\\/#primaryimage\"},\"thumbnailUrl\":\"https:\\\/\\\/portalincluir.com.br\\\/wp-content\\\/uploads\\\/2025\\\/11\\\/RICHARD-MUNHOZ-ARQUIVO-PESSOAL-1-e1762826108861.jpeg\",\"datePublished\":\"2025-11-11T01:55:38+00:00\",\"dateModified\":\"2025-11-11T01:56:05+00:00\",\"author\":{\"@id\":\"https:\\\/\\\/portalincluir.com.br\\\/#\\\/schema\\\/person\\\/8823664e5902eee555607fb75c4c35ae\"},\"breadcrumb\":{\"@id\":\"https:\\\/\\\/portalincluir.com.br\\\/index.php\\\/2025\\\/11\\\/10\\\/os-impactos-do-tdah-na-vida-adulta\\\/#breadcrumb\"},\"inLanguage\":\"pt-BR\",\"potentialAction\":[{\"@type\":\"ReadAction\",\"target\":[\"https:\\\/\\\/portalincluir.com.br\\\/index.php\\\/2025\\\/11\\\/10\\\/os-impactos-do-tdah-na-vida-adulta\\\/\"]}]},{\"@type\":\"ImageObject\",\"inLanguage\":\"pt-BR\",\"@id\":\"https:\\\/\\\/portalincluir.com.br\\\/index.php\\\/2025\\\/11\\\/10\\\/os-impactos-do-tdah-na-vida-adulta\\\/#primaryimage\",\"url\":\"https:\\\/\\\/portalincluir.com.br\\\/wp-content\\\/uploads\\\/2025\\\/11\\\/RICHARD-MUNHOZ-ARQUIVO-PESSOAL-1-e1762826108861.jpeg\",\"contentUrl\":\"https:\\\/\\\/portalincluir.com.br\\\/wp-content\\\/uploads\\\/2025\\\/11\\\/RICHARD-MUNHOZ-ARQUIVO-PESSOAL-1-e1762826108861.jpeg\",\"width\":900,\"height\":1083},{\"@type\":\"BreadcrumbList\",\"@id\":\"https:\\\/\\\/portalincluir.com.br\\\/index.php\\\/2025\\\/11\\\/10\\\/os-impactos-do-tdah-na-vida-adulta\\\/#breadcrumb\",\"itemListElement\":[{\"@type\":\"ListItem\",\"position\":1,\"name\":\"In\u00edcio\",\"item\":\"https:\\\/\\\/portalincluir.com.br\\\/\"},{\"@type\":\"ListItem\",\"position\":2,\"name\":\"Os Impactos do TDAH na Vida Adulta\"}]},{\"@type\":\"WebSite\",\"@id\":\"https:\\\/\\\/portalincluir.com.br\\\/#website\",\"url\":\"https:\\\/\\\/portalincluir.com.br\\\/\",\"name\":\"PORTAL INCLUIR\",\"description\":\"\",\"potentialAction\":[{\"@type\":\"SearchAction\",\"target\":{\"@type\":\"EntryPoint\",\"urlTemplate\":\"https:\\\/\\\/portalincluir.com.br\\\/?s={search_term_string}\"},\"query-input\":{\"@type\":\"PropertyValueSpecification\",\"valueRequired\":true,\"valueName\":\"search_term_string\"}}],\"inLanguage\":\"pt-BR\"},{\"@type\":\"Person\",\"@id\":\"https:\\\/\\\/portalincluir.com.br\\\/#\\\/schema\\\/person\\\/8823664e5902eee555607fb75c4c35ae\",\"name\":\"Portal Incluir\",\"image\":{\"@type\":\"ImageObject\",\"inLanguage\":\"pt-BR\",\"@id\":\"https:\\\/\\\/secure.gravatar.com\\\/avatar\\\/12085fe17e70c3550551519fe1f8f51fae69b1748563a47fc3bea53d91fbcbbd?s=96&d=mm&r=g\",\"url\":\"https:\\\/\\\/secure.gravatar.com\\\/avatar\\\/12085fe17e70c3550551519fe1f8f51fae69b1748563a47fc3bea53d91fbcbbd?s=96&d=mm&r=g\",\"contentUrl\":\"https:\\\/\\\/secure.gravatar.com\\\/avatar\\\/12085fe17e70c3550551519fe1f8f51fae69b1748563a47fc3bea53d91fbcbbd?s=96&d=mm&r=g\",\"caption\":\"Portal Incluir\"},\"sameAs\":[\"http:\\\/\\\/portalincluir.com.br\"],\"url\":\"https:\\\/\\\/portalincluir.com.br\\\/index.php\\\/author\\\/portalincluir-com-br\\\/\"}]}<\/script>\n<!-- \/ Yoast SEO plugin. -->","yoast_head_json":{"title":"Os Impactos do TDAH na Vida Adulta - PORTAL INCLUIR","robots":{"index":"index","follow":"follow","max-snippet":"max-snippet:-1","max-image-preview":"max-image-preview:large","max-video-preview":"max-video-preview:-1"},"canonical":"https:\/\/portalincluir.com.br\/index.php\/2025\/11\/10\/os-impactos-do-tdah-na-vida-adulta\/","og_locale":"pt_BR","og_type":"article","og_title":"Os Impactos do TDAH na Vida Adulta - PORTAL INCLUIR","og_description":"Uma An\u00e1lise \u00e0 Luz da Psican\u00e1lise e da Neuroci\u00eancia O Transtorno do D\u00e9ficit de Aten\u00e7\u00e3o","og_url":"https:\/\/portalincluir.com.br\/index.php\/2025\/11\/10\/os-impactos-do-tdah-na-vida-adulta\/","og_site_name":"PORTAL INCLUIR","article_published_time":"2025-11-11T01:55:38+00:00","article_modified_time":"2025-11-11T01:56:05+00:00","og_image":[{"width":900,"height":1083,"url":"https:\/\/portalincluir.com.br\/wp-content\/uploads\/2025\/11\/RICHARD-MUNHOZ-ARQUIVO-PESSOAL-1-e1762826108861.jpeg","type":"image\/jpeg"}],"author":"Portal Incluir","twitter_card":"summary_large_image","twitter_misc":{"Escrito por":"Portal Incluir","Est. tempo de leitura":"2 minutos"},"schema":{"@context":"https:\/\/schema.org","@graph":[{"@type":["Article","BlogPosting"],"@id":"https:\/\/portalincluir.com.br\/index.php\/2025\/11\/10\/os-impactos-do-tdah-na-vida-adulta\/#article","isPartOf":{"@id":"https:\/\/portalincluir.com.br\/index.php\/2025\/11\/10\/os-impactos-do-tdah-na-vida-adulta\/"},"author":{"name":"Portal Incluir","@id":"https:\/\/portalincluir.com.br\/#\/schema\/person\/8823664e5902eee555607fb75c4c35ae"},"headline":"Os Impactos do TDAH na Vida Adulta","datePublished":"2025-11-11T01:55:38+00:00","dateModified":"2025-11-11T01:56:05+00:00","mainEntityOfPage":{"@id":"https:\/\/portalincluir.com.br\/index.php\/2025\/11\/10\/os-impactos-do-tdah-na-vida-adulta\/"},"wordCount":505,"commentCount":0,"image":{"@id":"https:\/\/portalincluir.com.br\/index.php\/2025\/11\/10\/os-impactos-do-tdah-na-vida-adulta\/#primaryimage"},"thumbnailUrl":"https:\/\/portalincluir.com.br\/wp-content\/uploads\/2025\/11\/RICHARD-MUNHOZ-ARQUIVO-PESSOAL-1-e1762826108861.jpeg","articleSection":["Not\u00edcias","Opini\u00e3o"],"inLanguage":"pt-BR","potentialAction":[{"@type":"CommentAction","name":"Comment","target":["https:\/\/portalincluir.com.br\/index.php\/2025\/11\/10\/os-impactos-do-tdah-na-vida-adulta\/#respond"]}]},{"@type":"WebPage","@id":"https:\/\/portalincluir.com.br\/index.php\/2025\/11\/10\/os-impactos-do-tdah-na-vida-adulta\/","url":"https:\/\/portalincluir.com.br\/index.php\/2025\/11\/10\/os-impactos-do-tdah-na-vida-adulta\/","name":"Os Impactos do TDAH na Vida Adulta - PORTAL INCLUIR","isPartOf":{"@id":"https:\/\/portalincluir.com.br\/#website"},"primaryImageOfPage":{"@id":"https:\/\/portalincluir.com.br\/index.php\/2025\/11\/10\/os-impactos-do-tdah-na-vida-adulta\/#primaryimage"},"image":{"@id":"https:\/\/portalincluir.com.br\/index.php\/2025\/11\/10\/os-impactos-do-tdah-na-vida-adulta\/#primaryimage"},"thumbnailUrl":"https:\/\/portalincluir.com.br\/wp-content\/uploads\/2025\/11\/RICHARD-MUNHOZ-ARQUIVO-PESSOAL-1-e1762826108861.jpeg","datePublished":"2025-11-11T01:55:38+00:00","dateModified":"2025-11-11T01:56:05+00:00","author":{"@id":"https:\/\/portalincluir.com.br\/#\/schema\/person\/8823664e5902eee555607fb75c4c35ae"},"breadcrumb":{"@id":"https:\/\/portalincluir.com.br\/index.php\/2025\/11\/10\/os-impactos-do-tdah-na-vida-adulta\/#breadcrumb"},"inLanguage":"pt-BR","potentialAction":[{"@type":"ReadAction","target":["https:\/\/portalincluir.com.br\/index.php\/2025\/11\/10\/os-impactos-do-tdah-na-vida-adulta\/"]}]},{"@type":"ImageObject","inLanguage":"pt-BR","@id":"https:\/\/portalincluir.com.br\/index.php\/2025\/11\/10\/os-impactos-do-tdah-na-vida-adulta\/#primaryimage","url":"https:\/\/portalincluir.com.br\/wp-content\/uploads\/2025\/11\/RICHARD-MUNHOZ-ARQUIVO-PESSOAL-1-e1762826108861.jpeg","contentUrl":"https:\/\/portalincluir.com.br\/wp-content\/uploads\/2025\/11\/RICHARD-MUNHOZ-ARQUIVO-PESSOAL-1-e1762826108861.jpeg","width":900,"height":1083},{"@type":"BreadcrumbList","@id":"https:\/\/portalincluir.com.br\/index.php\/2025\/11\/10\/os-impactos-do-tdah-na-vida-adulta\/#breadcrumb","itemListElement":[{"@type":"ListItem","position":1,"name":"In\u00edcio","item":"https:\/\/portalincluir.com.br\/"},{"@type":"ListItem","position":2,"name":"Os Impactos do TDAH na Vida Adulta"}]},{"@type":"WebSite","@id":"https:\/\/portalincluir.com.br\/#website","url":"https:\/\/portalincluir.com.br\/","name":"PORTAL INCLUIR","description":"","potentialAction":[{"@type":"SearchAction","target":{"@type":"EntryPoint","urlTemplate":"https:\/\/portalincluir.com.br\/?s={search_term_string}"},"query-input":{"@type":"PropertyValueSpecification","valueRequired":true,"valueName":"search_term_string"}}],"inLanguage":"pt-BR"},{"@type":"Person","@id":"https:\/\/portalincluir.com.br\/#\/schema\/person\/8823664e5902eee555607fb75c4c35ae","name":"Portal Incluir","image":{"@type":"ImageObject","inLanguage":"pt-BR","@id":"https:\/\/secure.gravatar.com\/avatar\/12085fe17e70c3550551519fe1f8f51fae69b1748563a47fc3bea53d91fbcbbd?s=96&d=mm&r=g","url":"https:\/\/secure.gravatar.com\/avatar\/12085fe17e70c3550551519fe1f8f51fae69b1748563a47fc3bea53d91fbcbbd?s=96&d=mm&r=g","contentUrl":"https:\/\/secure.gravatar.com\/avatar\/12085fe17e70c3550551519fe1f8f51fae69b1748563a47fc3bea53d91fbcbbd?s=96&d=mm&r=g","caption":"Portal Incluir"},"sameAs":["http:\/\/portalincluir.com.br"],"url":"https:\/\/portalincluir.com.br\/index.php\/author\/portalincluir-com-br\/"}]}},"_links":{"self":[{"href":"https:\/\/portalincluir.com.br\/index.php\/wp-json\/wp\/v2\/posts\/722","targetHints":{"allow":["GET"]}}],"collection":[{"href":"https:\/\/portalincluir.com.br\/index.php\/wp-json\/wp\/v2\/posts"}],"about":[{"href":"https:\/\/portalincluir.com.br\/index.php\/wp-json\/wp\/v2\/types\/post"}],"author":[{"embeddable":true,"href":"https:\/\/portalincluir.com.br\/index.php\/wp-json\/wp\/v2\/users\/1"}],"replies":[{"embeddable":true,"href":"https:\/\/portalincluir.com.br\/index.php\/wp-json\/wp\/v2\/comments?post=722"}],"version-history":[{"count":1,"href":"https:\/\/portalincluir.com.br\/index.php\/wp-json\/wp\/v2\/posts\/722\/revisions"}],"predecessor-version":[{"id":724,"href":"https:\/\/portalincluir.com.br\/index.php\/wp-json\/wp\/v2\/posts\/722\/revisions\/724"}],"wp:featuredmedia":[{"embeddable":true,"href":"https:\/\/portalincluir.com.br\/index.php\/wp-json\/wp\/v2\/media\/723"}],"wp:attachment":[{"href":"https:\/\/portalincluir.com.br\/index.php\/wp-json\/wp\/v2\/media?parent=722"}],"wp:term":[{"taxonomy":"category","embeddable":true,"href":"https:\/\/portalincluir.com.br\/index.php\/wp-json\/wp\/v2\/categories?post=722"},{"taxonomy":"post_tag","embeddable":true,"href":"https:\/\/portalincluir.com.br\/index.php\/wp-json\/wp\/v2\/tags?post=722"}],"curies":[{"name":"wp","href":"https:\/\/api.w.org\/{rel}","templated":true}]}}