{"id":725,"date":"2025-11-12T22:23:58","date_gmt":"2025-11-13T01:23:58","guid":{"rendered":"https:\/\/portalincluir.com.br\/?p=725"},"modified":"2025-11-12T22:23:58","modified_gmt":"2025-11-13T01:23:58","slug":"escola-acolhedora-segura-e-inclusiva","status":"publish","type":"post","link":"https:\/\/portalincluir.com.br\/index.php\/2025\/11\/12\/escola-acolhedora-segura-e-inclusiva\/","title":{"rendered":"Escola acolhedora, segura e inclusiva"},"content":{"rendered":"\n<p>Vivenciar a escola enquanto estudante LGBTI+ pode ser um grande desafio. E quanto mais evidente a condi\u00e7\u00e3o de ser \u201cdiferente\u201d do convencionalmente esperado, maiores as chances de sofrer viol\u00eancias psicol\u00f3gicas e at\u00e9 f\u00edsicas, at\u00e9 o ponto de a escola se tornar um \u201cinferno\u201d insuport\u00e1vel, resultando no abandono dos estudos, numa trajet\u00f3ria que pode levar a pessoa \u00e0s margens da sociedade.<\/p>\n\n\n\n<p>Pesquisa nacional realizada em 2024 revelou que entre estudantes LGBTI+, 90% j\u00e1 sofreram agress\u00f5es verbais, e 34% j\u00e1 sofreram agress\u00f5es f\u00edsicas nas escolas.&nbsp; Tamb\u00e9m apontou que 97% dos casos de <em>bullying<\/em> s\u00e3o cometidos por colegas e que 35% das ofensas prov\u00eam dos pr\u00f3prios professores. Ainda, uma grande parcela de educadores (em torno de 60%) n\u00e3o possui capacita\u00e7\u00e3o adequada para lidar com essas quest\u00f5es, o que agrava a situa\u00e7\u00e3o.<\/p>\n\n\n\n<p>Estudos t\u00eam mostrado que as consequ\u00eancias dessas viol\u00eancias t\u00eam correla\u00e7\u00e3o com depress\u00e3o, desesperan\u00e7a, sentimentos de opress\u00e3o, falta de pertencimento e falta de apoio social, sendo que estes dois \u00faltimos resultam tamb\u00e9m em sentimentos de solid\u00e3o e at\u00e9 idea\u00e7\u00f5es suicidas. Ainda, os danos causados n\u00e3o se manifestam nas v\u00edtimas somente nesta fase da vida (adolesc\u00eancia), e podem continuar a prejudicar na vida adulta.<\/p>\n\n\n\n<p>Estes dados refor\u00e7am a urg\u00eancia de pol\u00edticas p\u00fablicas espec\u00edficas para garantir ambientes educacionais mais seguros, inclusivos e acolhedores para todas as pessoas.<\/p>\n\n\n\n<p>Vale destacar que o fen\u00f4meno de sofrer agress\u00e3o por ser \u201cdiferente\u201d n\u00e3o se restringe apenas a estudantes LGBTI+. Pesquisas nacionais apontam que os principais motivos para a pr\u00e1tica do <em>bullying<\/em> entre estudantes, sobretudo do ensino m\u00e9dio, se deve a diferen\u00e7as evidentes envolvendo a apar\u00eancia do corpo, a apar\u00eancia do rosto, e cor ou ra\u00e7a.<\/p>\n\n\n\n<p>Assim, \u00e9 essencial que as escolas implementem canais eficazes de den\u00fancia, promovam acesso a suporte psicol\u00f3gico e assumam o compromisso de transformar a realidade insegura vivenciada por muitos\/as estudantes, incluindo, mas n\u00e3o exclusivamente, estudantes LGBTI+.<\/p>\n\n\n\n<p>N\u00e3o faltam respaldos para justificar a atua\u00e7\u00e3o nas escolas para reverter este quadro. Entre eles podemos citar a Lei n\u00ba 13.185\/2015, que institui o Programa de Enfrentamento \u00e0 Intimida\u00e7\u00e3o Sistem\u00e1tica (<em>bullying<\/em>), a Lei 14.811\/2024, que institui medidas de prote\u00e7\u00e3o \u00e0 crian\u00e7a e ao adolescente contra a viol\u00eancia nos estabelecimentos educacionais ou similares e, mais especificamente em rela\u00e7\u00e3o \u00e0 presente reflex\u00e3o sobre estudantes LGBTI+, a A\u00e7\u00e3o Direta de Inconstitucionalidade 5668, tamb\u00e9m de 2024, que orienta as escolas (p\u00fablicas e privadas) a desenvolverem a\u00e7\u00f5es de preven\u00e7\u00e3o \u00e0 viol\u00eancia de car\u00e1ter machista e LGBTIf\u00f3bico.<\/p>\n\n\n\n<p>A luta contra o bullying n\u00e3o \u00e9 apenas uma quest\u00e3o pol\u00edtica, mas uma responsabilidade social que demanda esfor\u00e7os conjuntos de toda a popula\u00e7\u00e3o. \u00c9 hora de agir e garantir um ambiente escolar mais acolhedor, seguro e inclusivo para todos os jovens, sejam eles LGBTI+ ou n\u00e3o.<\/p>\n\n\n\n<p><strong>Toni Reis<\/strong> \u00e9 Presidente da Alian\u00e7a Nacional LGBTI+ e da Associa\u00e7\u00e3o Brasileira de Fam\u00edlias Homotransafetivas. Coautor do livro &#8220;LGBTI+ \u00e9 Conversa Para a Escola?&#8221;<\/p>\n","protected":false},"excerpt":{"rendered":"<p>Vivenciar a escola enquanto estudante LGBTI+ pode ser um grande desafio. E quanto mais evidente<\/p>\n","protected":false},"author":1,"featured_media":726,"comment_status":"open","ping_status":"open","sticky":false,"template":"","format":"standard","meta":{"om_disable_all_campaigns":false,"_monsterinsights_skip_tracking":false,"_monsterinsights_sitenote_active":false,"_monsterinsights_sitenote_note":"","_monsterinsights_sitenote_category":0,"_uf_show_specific_survey":0,"_uf_disable_surveys":false,"footnotes":""},"categories":[21,1],"tags":[],"class_list":["post-725","post","type-post","status-publish","format-standard","has-post-thumbnail","hentry","category-opiniao","category-portal"],"yoast_head":"<!-- This site is optimized with the Yoast SEO plugin v27.4 - https:\/\/yoast.com\/product\/yoast-seo-wordpress\/ -->\n<title>Escola acolhedora, segura e inclusiva - PORTAL INCLUIR<\/title>\n<meta name=\"robots\" content=\"index, follow, max-snippet:-1, max-image-preview:large, max-video-preview:-1\" \/>\n<link rel=\"canonical\" href=\"https:\/\/portalincluir.com.br\/index.php\/2025\/11\/12\/escola-acolhedora-segura-e-inclusiva\/\" \/>\n<meta property=\"og:locale\" content=\"pt_BR\" \/>\n<meta property=\"og:type\" content=\"article\" \/>\n<meta property=\"og:title\" content=\"Escola acolhedora, segura e inclusiva - PORTAL INCLUIR\" \/>\n<meta property=\"og:description\" content=\"Vivenciar a escola enquanto estudante LGBTI+ pode ser um grande desafio. E quanto mais evidente\" \/>\n<meta property=\"og:url\" content=\"https:\/\/portalincluir.com.br\/index.php\/2025\/11\/12\/escola-acolhedora-segura-e-inclusiva\/\" \/>\n<meta property=\"og:site_name\" content=\"PORTAL INCLUIR\" \/>\n<meta property=\"article:published_time\" content=\"2025-11-13T01:23:58+00:00\" \/>\n<meta property=\"og:image\" content=\"https:\/\/portalincluir.com.br\/wp-content\/uploads\/2025\/11\/Toni-Reis-2.jpg\" \/>\n\t<meta property=\"og:image:width\" content=\"1505\" \/>\n\t<meta property=\"og:image:height\" content=\"1003\" \/>\n\t<meta property=\"og:image:type\" content=\"image\/jpeg\" \/>\n<meta name=\"author\" content=\"Portal Incluir\" \/>\n<meta name=\"twitter:card\" content=\"summary_large_image\" \/>\n<meta name=\"twitter:label1\" content=\"Escrito por\" \/>\n\t<meta name=\"twitter:data1\" content=\"Portal Incluir\" \/>\n\t<meta name=\"twitter:label2\" content=\"Est. tempo de leitura\" \/>\n\t<meta name=\"twitter:data2\" content=\"3 minutos\" \/>\n<script type=\"application\/ld+json\" class=\"yoast-schema-graph\">{\"@context\":\"https:\\\/\\\/schema.org\",\"@graph\":[{\"@type\":[\"Article\",\"BlogPosting\"],\"@id\":\"https:\\\/\\\/portalincluir.com.br\\\/index.php\\\/2025\\\/11\\\/12\\\/escola-acolhedora-segura-e-inclusiva\\\/#article\",\"isPartOf\":{\"@id\":\"https:\\\/\\\/portalincluir.com.br\\\/index.php\\\/2025\\\/11\\\/12\\\/escola-acolhedora-segura-e-inclusiva\\\/\"},\"author\":{\"name\":\"Portal Incluir\",\"@id\":\"https:\\\/\\\/portalincluir.com.br\\\/#\\\/schema\\\/person\\\/8823664e5902eee555607fb75c4c35ae\"},\"headline\":\"Escola acolhedora, segura e inclusiva\",\"datePublished\":\"2025-11-13T01:23:58+00:00\",\"mainEntityOfPage\":{\"@id\":\"https:\\\/\\\/portalincluir.com.br\\\/index.php\\\/2025\\\/11\\\/12\\\/escola-acolhedora-segura-e-inclusiva\\\/\"},\"wordCount\":524,\"commentCount\":0,\"image\":{\"@id\":\"https:\\\/\\\/portalincluir.com.br\\\/index.php\\\/2025\\\/11\\\/12\\\/escola-acolhedora-segura-e-inclusiva\\\/#primaryimage\"},\"thumbnailUrl\":\"https:\\\/\\\/portalincluir.com.br\\\/wp-content\\\/uploads\\\/2025\\\/11\\\/Toni-Reis-2.jpg\",\"articleSection\":[\"Opini\u00e3o\",\"Portal\"],\"inLanguage\":\"pt-BR\",\"potentialAction\":[{\"@type\":\"CommentAction\",\"name\":\"Comment\",\"target\":[\"https:\\\/\\\/portalincluir.com.br\\\/index.php\\\/2025\\\/11\\\/12\\\/escola-acolhedora-segura-e-inclusiva\\\/#respond\"]}]},{\"@type\":\"WebPage\",\"@id\":\"https:\\\/\\\/portalincluir.com.br\\\/index.php\\\/2025\\\/11\\\/12\\\/escola-acolhedora-segura-e-inclusiva\\\/\",\"url\":\"https:\\\/\\\/portalincluir.com.br\\\/index.php\\\/2025\\\/11\\\/12\\\/escola-acolhedora-segura-e-inclusiva\\\/\",\"name\":\"Escola acolhedora, segura e inclusiva - PORTAL INCLUIR\",\"isPartOf\":{\"@id\":\"https:\\\/\\\/portalincluir.com.br\\\/#website\"},\"primaryImageOfPage\":{\"@id\":\"https:\\\/\\\/portalincluir.com.br\\\/index.php\\\/2025\\\/11\\\/12\\\/escola-acolhedora-segura-e-inclusiva\\\/#primaryimage\"},\"image\":{\"@id\":\"https:\\\/\\\/portalincluir.com.br\\\/index.php\\\/2025\\\/11\\\/12\\\/escola-acolhedora-segura-e-inclusiva\\\/#primaryimage\"},\"thumbnailUrl\":\"https:\\\/\\\/portalincluir.com.br\\\/wp-content\\\/uploads\\\/2025\\\/11\\\/Toni-Reis-2.jpg\",\"datePublished\":\"2025-11-13T01:23:58+00:00\",\"author\":{\"@id\":\"https:\\\/\\\/portalincluir.com.br\\\/#\\\/schema\\\/person\\\/8823664e5902eee555607fb75c4c35ae\"},\"breadcrumb\":{\"@id\":\"https:\\\/\\\/portalincluir.com.br\\\/index.php\\\/2025\\\/11\\\/12\\\/escola-acolhedora-segura-e-inclusiva\\\/#breadcrumb\"},\"inLanguage\":\"pt-BR\",\"potentialAction\":[{\"@type\":\"ReadAction\",\"target\":[\"https:\\\/\\\/portalincluir.com.br\\\/index.php\\\/2025\\\/11\\\/12\\\/escola-acolhedora-segura-e-inclusiva\\\/\"]}]},{\"@type\":\"ImageObject\",\"inLanguage\":\"pt-BR\",\"@id\":\"https:\\\/\\\/portalincluir.com.br\\\/index.php\\\/2025\\\/11\\\/12\\\/escola-acolhedora-segura-e-inclusiva\\\/#primaryimage\",\"url\":\"https:\\\/\\\/portalincluir.com.br\\\/wp-content\\\/uploads\\\/2025\\\/11\\\/Toni-Reis-2.jpg\",\"contentUrl\":\"https:\\\/\\\/portalincluir.com.br\\\/wp-content\\\/uploads\\\/2025\\\/11\\\/Toni-Reis-2.jpg\",\"width\":1505,\"height\":1003},{\"@type\":\"BreadcrumbList\",\"@id\":\"https:\\\/\\\/portalincluir.com.br\\\/index.php\\\/2025\\\/11\\\/12\\\/escola-acolhedora-segura-e-inclusiva\\\/#breadcrumb\",\"itemListElement\":[{\"@type\":\"ListItem\",\"position\":1,\"name\":\"In\u00edcio\",\"item\":\"https:\\\/\\\/portalincluir.com.br\\\/\"},{\"@type\":\"ListItem\",\"position\":2,\"name\":\"Escola acolhedora, segura e inclusiva\"}]},{\"@type\":\"WebSite\",\"@id\":\"https:\\\/\\\/portalincluir.com.br\\\/#website\",\"url\":\"https:\\\/\\\/portalincluir.com.br\\\/\",\"name\":\"PORTAL INCLUIR\",\"description\":\"\",\"potentialAction\":[{\"@type\":\"SearchAction\",\"target\":{\"@type\":\"EntryPoint\",\"urlTemplate\":\"https:\\\/\\\/portalincluir.com.br\\\/?s={search_term_string}\"},\"query-input\":{\"@type\":\"PropertyValueSpecification\",\"valueRequired\":true,\"valueName\":\"search_term_string\"}}],\"inLanguage\":\"pt-BR\"},{\"@type\":\"Person\",\"@id\":\"https:\\\/\\\/portalincluir.com.br\\\/#\\\/schema\\\/person\\\/8823664e5902eee555607fb75c4c35ae\",\"name\":\"Portal Incluir\",\"image\":{\"@type\":\"ImageObject\",\"inLanguage\":\"pt-BR\",\"@id\":\"https:\\\/\\\/secure.gravatar.com\\\/avatar\\\/12085fe17e70c3550551519fe1f8f51fae69b1748563a47fc3bea53d91fbcbbd?s=96&d=mm&r=g\",\"url\":\"https:\\\/\\\/secure.gravatar.com\\\/avatar\\\/12085fe17e70c3550551519fe1f8f51fae69b1748563a47fc3bea53d91fbcbbd?s=96&d=mm&r=g\",\"contentUrl\":\"https:\\\/\\\/secure.gravatar.com\\\/avatar\\\/12085fe17e70c3550551519fe1f8f51fae69b1748563a47fc3bea53d91fbcbbd?s=96&d=mm&r=g\",\"caption\":\"Portal Incluir\"},\"sameAs\":[\"http:\\\/\\\/portalincluir.com.br\"],\"url\":\"https:\\\/\\\/portalincluir.com.br\\\/index.php\\\/author\\\/portalincluir-com-br\\\/\"}]}<\/script>\n<!-- \/ Yoast SEO plugin. -->","yoast_head_json":{"title":"Escola acolhedora, segura e inclusiva - PORTAL INCLUIR","robots":{"index":"index","follow":"follow","max-snippet":"max-snippet:-1","max-image-preview":"max-image-preview:large","max-video-preview":"max-video-preview:-1"},"canonical":"https:\/\/portalincluir.com.br\/index.php\/2025\/11\/12\/escola-acolhedora-segura-e-inclusiva\/","og_locale":"pt_BR","og_type":"article","og_title":"Escola acolhedora, segura e inclusiva - PORTAL INCLUIR","og_description":"Vivenciar a escola enquanto estudante LGBTI+ pode ser um grande desafio. E quanto mais evidente","og_url":"https:\/\/portalincluir.com.br\/index.php\/2025\/11\/12\/escola-acolhedora-segura-e-inclusiva\/","og_site_name":"PORTAL INCLUIR","article_published_time":"2025-11-13T01:23:58+00:00","og_image":[{"width":1505,"height":1003,"url":"https:\/\/portalincluir.com.br\/wp-content\/uploads\/2025\/11\/Toni-Reis-2.jpg","type":"image\/jpeg"}],"author":"Portal Incluir","twitter_card":"summary_large_image","twitter_misc":{"Escrito por":"Portal Incluir","Est. tempo de leitura":"3 minutos"},"schema":{"@context":"https:\/\/schema.org","@graph":[{"@type":["Article","BlogPosting"],"@id":"https:\/\/portalincluir.com.br\/index.php\/2025\/11\/12\/escola-acolhedora-segura-e-inclusiva\/#article","isPartOf":{"@id":"https:\/\/portalincluir.com.br\/index.php\/2025\/11\/12\/escola-acolhedora-segura-e-inclusiva\/"},"author":{"name":"Portal Incluir","@id":"https:\/\/portalincluir.com.br\/#\/schema\/person\/8823664e5902eee555607fb75c4c35ae"},"headline":"Escola acolhedora, segura e inclusiva","datePublished":"2025-11-13T01:23:58+00:00","mainEntityOfPage":{"@id":"https:\/\/portalincluir.com.br\/index.php\/2025\/11\/12\/escola-acolhedora-segura-e-inclusiva\/"},"wordCount":524,"commentCount":0,"image":{"@id":"https:\/\/portalincluir.com.br\/index.php\/2025\/11\/12\/escola-acolhedora-segura-e-inclusiva\/#primaryimage"},"thumbnailUrl":"https:\/\/portalincluir.com.br\/wp-content\/uploads\/2025\/11\/Toni-Reis-2.jpg","articleSection":["Opini\u00e3o","Portal"],"inLanguage":"pt-BR","potentialAction":[{"@type":"CommentAction","name":"Comment","target":["https:\/\/portalincluir.com.br\/index.php\/2025\/11\/12\/escola-acolhedora-segura-e-inclusiva\/#respond"]}]},{"@type":"WebPage","@id":"https:\/\/portalincluir.com.br\/index.php\/2025\/11\/12\/escola-acolhedora-segura-e-inclusiva\/","url":"https:\/\/portalincluir.com.br\/index.php\/2025\/11\/12\/escola-acolhedora-segura-e-inclusiva\/","name":"Escola acolhedora, segura e inclusiva - PORTAL INCLUIR","isPartOf":{"@id":"https:\/\/portalincluir.com.br\/#website"},"primaryImageOfPage":{"@id":"https:\/\/portalincluir.com.br\/index.php\/2025\/11\/12\/escola-acolhedora-segura-e-inclusiva\/#primaryimage"},"image":{"@id":"https:\/\/portalincluir.com.br\/index.php\/2025\/11\/12\/escola-acolhedora-segura-e-inclusiva\/#primaryimage"},"thumbnailUrl":"https:\/\/portalincluir.com.br\/wp-content\/uploads\/2025\/11\/Toni-Reis-2.jpg","datePublished":"2025-11-13T01:23:58+00:00","author":{"@id":"https:\/\/portalincluir.com.br\/#\/schema\/person\/8823664e5902eee555607fb75c4c35ae"},"breadcrumb":{"@id":"https:\/\/portalincluir.com.br\/index.php\/2025\/11\/12\/escola-acolhedora-segura-e-inclusiva\/#breadcrumb"},"inLanguage":"pt-BR","potentialAction":[{"@type":"ReadAction","target":["https:\/\/portalincluir.com.br\/index.php\/2025\/11\/12\/escola-acolhedora-segura-e-inclusiva\/"]}]},{"@type":"ImageObject","inLanguage":"pt-BR","@id":"https:\/\/portalincluir.com.br\/index.php\/2025\/11\/12\/escola-acolhedora-segura-e-inclusiva\/#primaryimage","url":"https:\/\/portalincluir.com.br\/wp-content\/uploads\/2025\/11\/Toni-Reis-2.jpg","contentUrl":"https:\/\/portalincluir.com.br\/wp-content\/uploads\/2025\/11\/Toni-Reis-2.jpg","width":1505,"height":1003},{"@type":"BreadcrumbList","@id":"https:\/\/portalincluir.com.br\/index.php\/2025\/11\/12\/escola-acolhedora-segura-e-inclusiva\/#breadcrumb","itemListElement":[{"@type":"ListItem","position":1,"name":"In\u00edcio","item":"https:\/\/portalincluir.com.br\/"},{"@type":"ListItem","position":2,"name":"Escola acolhedora, segura e inclusiva"}]},{"@type":"WebSite","@id":"https:\/\/portalincluir.com.br\/#website","url":"https:\/\/portalincluir.com.br\/","name":"PORTAL INCLUIR","description":"","potentialAction":[{"@type":"SearchAction","target":{"@type":"EntryPoint","urlTemplate":"https:\/\/portalincluir.com.br\/?s={search_term_string}"},"query-input":{"@type":"PropertyValueSpecification","valueRequired":true,"valueName":"search_term_string"}}],"inLanguage":"pt-BR"},{"@type":"Person","@id":"https:\/\/portalincluir.com.br\/#\/schema\/person\/8823664e5902eee555607fb75c4c35ae","name":"Portal Incluir","image":{"@type":"ImageObject","inLanguage":"pt-BR","@id":"https:\/\/secure.gravatar.com\/avatar\/12085fe17e70c3550551519fe1f8f51fae69b1748563a47fc3bea53d91fbcbbd?s=96&d=mm&r=g","url":"https:\/\/secure.gravatar.com\/avatar\/12085fe17e70c3550551519fe1f8f51fae69b1748563a47fc3bea53d91fbcbbd?s=96&d=mm&r=g","contentUrl":"https:\/\/secure.gravatar.com\/avatar\/12085fe17e70c3550551519fe1f8f51fae69b1748563a47fc3bea53d91fbcbbd?s=96&d=mm&r=g","caption":"Portal Incluir"},"sameAs":["http:\/\/portalincluir.com.br"],"url":"https:\/\/portalincluir.com.br\/index.php\/author\/portalincluir-com-br\/"}]}},"_links":{"self":[{"href":"https:\/\/portalincluir.com.br\/index.php\/wp-json\/wp\/v2\/posts\/725","targetHints":{"allow":["GET"]}}],"collection":[{"href":"https:\/\/portalincluir.com.br\/index.php\/wp-json\/wp\/v2\/posts"}],"about":[{"href":"https:\/\/portalincluir.com.br\/index.php\/wp-json\/wp\/v2\/types\/post"}],"author":[{"embeddable":true,"href":"https:\/\/portalincluir.com.br\/index.php\/wp-json\/wp\/v2\/users\/1"}],"replies":[{"embeddable":true,"href":"https:\/\/portalincluir.com.br\/index.php\/wp-json\/wp\/v2\/comments?post=725"}],"version-history":[{"count":1,"href":"https:\/\/portalincluir.com.br\/index.php\/wp-json\/wp\/v2\/posts\/725\/revisions"}],"predecessor-version":[{"id":727,"href":"https:\/\/portalincluir.com.br\/index.php\/wp-json\/wp\/v2\/posts\/725\/revisions\/727"}],"wp:featuredmedia":[{"embeddable":true,"href":"https:\/\/portalincluir.com.br\/index.php\/wp-json\/wp\/v2\/media\/726"}],"wp:attachment":[{"href":"https:\/\/portalincluir.com.br\/index.php\/wp-json\/wp\/v2\/media?parent=725"}],"wp:term":[{"taxonomy":"category","embeddable":true,"href":"https:\/\/portalincluir.com.br\/index.php\/wp-json\/wp\/v2\/categories?post=725"},{"taxonomy":"post_tag","embeddable":true,"href":"https:\/\/portalincluir.com.br\/index.php\/wp-json\/wp\/v2\/tags?post=725"}],"curies":[{"name":"wp","href":"https:\/\/api.w.org\/{rel}","templated":true}]}}