{"id":729,"date":"2025-11-14T00:06:40","date_gmt":"2025-11-14T03:06:40","guid":{"rendered":"https:\/\/portalincluir.com.br\/?p=729"},"modified":"2025-11-14T00:06:42","modified_gmt":"2025-11-14T03:06:42","slug":"em-busca-de-caminhos-para-uma-educacao-antirracista","status":"publish","type":"post","link":"https:\/\/portalincluir.com.br\/index.php\/2025\/11\/14\/em-busca-de-caminhos-para-uma-educacao-antirracista\/","title":{"rendered":"Em busca de caminhos para uma educa\u00e7\u00e3o antirracista"},"content":{"rendered":"\n<p>&nbsp;Estamos celebrando o novembro negro, m\u00eas que marca a resist\u00eancia de Zumbi dos Palmares. No dia 20 \u00e9 celebrado o Dia da Consci\u00eancia Negra. \u00c9 sempre importante frisar quecomemorar a luta de Palmares ou o m\u00eas da consci\u00eancia negra \u00e9 uma quest\u00e3o pol\u00edtica em face a desigualdade estrutural e social que vivemos. Assim, recorrer a lei 10.639\/03 que institui que as escolas abordem as quest\u00f5es relativas \u00e0 cultura e hist\u00f3ria Afro-Brasileira e Africana \u00e9 um caminhopara justificar as festas, os cartazes, os eventos que ocorrem de um modo geral neste per\u00edodo. Contudo, defendemos o argumento de que isto n\u00e3o basta. N\u00e3o podemos pensar nos povos negros ou na heran\u00e7a dos nossos ancestrais africanos e levantar bandeiras contra preconceito e racismo apenas nos meses de maio e novembro.<\/p>\n\n\n\n<p>Neste sentido, pensar em uma educa\u00e7\u00e3o antirracista \u00e9 pensar em uma luta cotidiana. \u00c9 refletir, problematizar e principalmente partir de um posicionamento \u00e9tico-pol\u00edtico no contexto social que se construiu sob estrutura advinda da escravid\u00e3o por mais de tr\u00eas s\u00e9culos, que fixou uma desigualdade de classe\/ra\u00e7a\/etnia e espacial que se mantem com poucas mudan\u00e7as e atravessa o ambiente escolar. Promover o movimento de educa\u00e7\u00e3o antirracista \u00e9 uma tarefa plural em defesa da dignidade como uma decis\u00e3o \u00e9tica, que transcende a repetida express\u00e3o de \u201cracismo estrutural\u201d.<\/p>\n\n\n\n<p>Por sinal, a palavra teoria significa olhar atrav\u00e9s de, ent\u00e3o \u00e9 na abertura irrestrita ao Outro que podemos ver que as reformas educacionais at\u00e9 o momento foram insuficientes para possibilitar este caminho. &nbsp;Com isso, deixando sob a \u201cnova\u201d roupagem a homogeneiza\u00e7\u00e3o simb\u00f3lica de \u201chabilidades espec\u00edficas\u201d com v\u00e1rios numerais, o mesmo pensamento \u00fanico que submetem os\/as educandos\/as a uma constante viol\u00eancia simb\u00f3lica na aprendizagem que quase sempre implicam em um fracasso programado para aqueles\/as que tem sido historicamente humilhados e invisibilizados no campo da educa\u00e7\u00e3o, que deveria ser uma pr\u00e1tica da liberdade e da esperan\u00e7a (Paulo Freire), como foi Palmares.<\/p>\n\n\n\n<p>A partir de um simples olhar no cotidiano, no encontro de culturas presentes na escola podemos sentir a presen\u00e7a africana. Assim, para incorpora-las ao nosso curr\u00edculo basta apenas interesse e sensibilidade de cada professor\/a, independente da disciplina que leciona. As dan\u00e7as de nossos\/as estudantes: o samba, o funk,os movimentos de bra\u00e7os e quadris do tiktok; os cabelos, as tran\u00e7as, os jogos e as brincadeiras, muitas comidas servidas no refeit\u00f3rio ou vendidas nas cantinas, as cores exuberantes, o modo de falar e principalmente o Ax\u00e9 nos encontros, podem nos dizer muito da heran\u00e7a africana e ser incorporados ao curr\u00edculo escolar. \u00c9 sempre importante refor\u00e7ar: para al\u00e9m da Base Nacional Comum Curricular ou de outros documentos que regem a Educa\u00e7\u00e3o Nacional, cada escola possui seu curr\u00edculo.<\/p>\n\n\n\n<p>&nbsp;O curr\u00edculo \u00e9 vivo e se constr\u00f3i no dia-a-dia. A escola \u00e9 aut\u00f4noma e as escolhas dependem de sua comunidade. Assim, prezados\/as professores\/as e comunidade escolar cabe \u00fanica e exclusivamente a cada um de n\u00f3s manter viva e valorizada a cultura e heran\u00e7a africana em nossas escolas. Com isso, certamente, se o tema aparecer em provas e concursos nossos\/as alunos\/as ter\u00e3o argumentos suficientes para escrever sobre o tema.<\/p>\n\n\n\n<p>\u00c9 urgente o debate antirracista tamb\u00e9m no ambiente familiar. Muitas vezes creditam \u00e0 escola o papel na forma\u00e7\u00e3o dos filhos a respeito de diversos assuntos que permeiam nossa sociedade. O racismo \u00e9 um desses. Mas ser\u00e1 que somente cabe a escola esta conversa?<\/p>\n\n\n\n<p>O papel dos gestores para consolidar a Educa\u00e7\u00e3o Antirracista<\/p>\n\n\n\n<p>A gest\u00e3o escolar n\u00e3o encontra o tema com facilidade e destaque nos sites especializados, nas refer\u00eancias bibliogr\u00e1ficas mais conceituadas, nas v\u00eddeos confer\u00eancias e nos cursos de gest\u00e3o, tanto de especializa\u00e7\u00e3o como de extens\u00e3o. Por esta raz\u00e3o, a quest\u00e3o se reveste da maior relev\u00e2ncia que os gestores escolares tomem a decis\u00e3o \u00e9tica-pol\u00edtica-est\u00e9tica de incorporar a Educa\u00e7\u00e3o Antirracista no planejamento participativo, com crit\u00e9rios epistemol\u00f3gicos e pressupostos te\u00f3ricos-metodol\u00f3gicos. Conforme o disposto na Constitui\u00e7\u00e3o de 1988 e nas Diretrizes Curriculares Nacionais para a Educa\u00e7\u00e3o das Rela\u00e7\u00f5es \u00c9tnico-Raciais, e para o Ensino de Hist\u00f3ria e Cultura Afro-Brasileira e Africanas. O Projeto Pol\u00edtico Pedag\u00f3gico (PPP) \u00e9 um poderoso instrumento da gest\u00e3o escolar que deve ter um vi\u00e9s na Educa\u00e7\u00e3o Antirracista.<\/p>\n\n\n\n<p>A parceria fam\u00edlia-escola<\/p>\n\n\n\n<p>A parceria fam\u00edlia-escola deve ter como finalidade a decis\u00e3o \u00e9tica de formar pessoas protagonista de uma nova humanidade, que seja efetivamente plural e dial\u00f3gica com diversas heran\u00e7as culturais. \u00c9 dever do Estado e da sociedade garantir a igualdade de oportunidades, reconhecendo a todo cidad\u00e3o brasileiro, independentemente da etnia ou da cor da pele, o direito \u00e0 participa\u00e7\u00e3o na comunidade, especialmente nas atividades pol\u00edticas, econ\u00f4micas, empresariais, educacionais, culturais e esportivas, defendendo sua dignidade e seus valores religiosos e culturais. Essa parceria d\u00e1 direito \u00e0 participa\u00e7\u00e3o na comunidade, que pode ter a\u00e7\u00f5es como rodas de conversas, e atividades pedag\u00f3gicas envolvendo cinema, leitura e artes.<\/p>\n\n\n\n<p><strong>Jo\u00e3o\u00a0Jos\u00e9\u00a0do\u00a0Nascimento\u00a0<\/strong>\u00e9 Mestre\u00a0em\u00a0Filosofia\u00a0e\u00a0especialista\u00a0em\u00a0Ensino\u00a0de\u00a0Hist\u00f3ria\u00a0da\u00a0\u00c1frica. <\/p>\n\n\n\n<p><strong>Paulo\u00a0Melga\u00e7o\u00a0da\u00a0 Silva\u00a0Junior<\/strong> \u00e9 doutor em\u00a0Educa\u00e7\u00e3o\u00a0e  professor\u00a0de\u00a0Arte\u00a0na\u00a0Secretaria\u00a0Municipal\u00a0de\u00a0Educa\u00e7\u00e3o\u00a0de\u00a0Duque\u00a0de\u00a0Caxias.\u00a0\u00a0<\/p>\n\n\n\n<p>S\u00e3o&nbsp;autores&nbsp;do&nbsp;livro&nbsp;\u201cCaminhos&nbsp;Para&nbsp;Uma&nbsp;Educa\u00e7\u00e3o&nbsp;Antirracista.&nbsp;Teorias&nbsp;e&nbsp;pr\u00e1ticas&nbsp;docentes\u201d&nbsp;(Wak&nbsp;Editora).<\/p>\n\n\n\n<p><\/p>\n","protected":false},"excerpt":{"rendered":"<p>&nbsp;Estamos celebrando o novembro negro, m\u00eas que marca a resist\u00eancia de Zumbi dos Palmares. No<\/p>\n","protected":false},"author":1,"featured_media":730,"comment_status":"open","ping_status":"open","sticky":false,"template":"","format":"standard","meta":{"om_disable_all_campaigns":false,"_monsterinsights_skip_tracking":false,"_monsterinsights_sitenote_active":false,"_monsterinsights_sitenote_note":"","_monsterinsights_sitenote_category":0,"_uf_show_specific_survey":0,"_uf_disable_surveys":false,"footnotes":""},"categories":[21,1],"tags":[],"class_list":["post-729","post","type-post","status-publish","format-standard","has-post-thumbnail","hentry","category-opiniao","category-portal"],"yoast_head":"<!-- This site is optimized with the Yoast SEO plugin v27.4 - https:\/\/yoast.com\/product\/yoast-seo-wordpress\/ -->\n<title>Em busca de caminhos para uma educa\u00e7\u00e3o antirracista - PORTAL INCLUIR<\/title>\n<meta name=\"robots\" content=\"index, follow, max-snippet:-1, max-image-preview:large, max-video-preview:-1\" \/>\n<link rel=\"canonical\" href=\"https:\/\/portalincluir.com.br\/index.php\/2025\/11\/14\/em-busca-de-caminhos-para-uma-educacao-antirracista\/\" \/>\n<meta property=\"og:locale\" content=\"pt_BR\" \/>\n<meta property=\"og:type\" content=\"article\" \/>\n<meta property=\"og:title\" content=\"Em busca de caminhos para uma educa\u00e7\u00e3o antirracista - PORTAL INCLUIR\" \/>\n<meta property=\"og:description\" content=\"&nbsp;Estamos celebrando o novembro negro, m\u00eas que marca a resist\u00eancia de Zumbi dos Palmares. No\" \/>\n<meta property=\"og:url\" content=\"https:\/\/portalincluir.com.br\/index.php\/2025\/11\/14\/em-busca-de-caminhos-para-uma-educacao-antirracista\/\" \/>\n<meta property=\"og:site_name\" content=\"PORTAL INCLUIR\" \/>\n<meta property=\"article:published_time\" content=\"2025-11-14T03:06:40+00:00\" \/>\n<meta property=\"article:modified_time\" content=\"2025-11-14T03:06:42+00:00\" \/>\n<meta property=\"og:image\" content=\"https:\/\/portalincluir.com.br\/wp-content\/uploads\/2025\/11\/4b7f97ef-4607-455f-b8c0-b6296a836705.png\" \/>\n\t<meta property=\"og:image:width\" content=\"778\" \/>\n\t<meta property=\"og:image:height\" content=\"540\" \/>\n\t<meta property=\"og:image:type\" content=\"image\/png\" \/>\n<meta name=\"author\" content=\"Portal Incluir\" \/>\n<meta name=\"twitter:card\" content=\"summary_large_image\" \/>\n<meta name=\"twitter:label1\" content=\"Escrito por\" \/>\n\t<meta name=\"twitter:data1\" content=\"Portal Incluir\" \/>\n\t<meta name=\"twitter:label2\" content=\"Est. tempo de leitura\" \/>\n\t<meta name=\"twitter:data2\" content=\"5 minutos\" \/>\n<script type=\"application\/ld+json\" class=\"yoast-schema-graph\">{\"@context\":\"https:\\\/\\\/schema.org\",\"@graph\":[{\"@type\":[\"Article\",\"BlogPosting\"],\"@id\":\"https:\\\/\\\/portalincluir.com.br\\\/index.php\\\/2025\\\/11\\\/14\\\/em-busca-de-caminhos-para-uma-educacao-antirracista\\\/#article\",\"isPartOf\":{\"@id\":\"https:\\\/\\\/portalincluir.com.br\\\/index.php\\\/2025\\\/11\\\/14\\\/em-busca-de-caminhos-para-uma-educacao-antirracista\\\/\"},\"author\":{\"name\":\"Portal Incluir\",\"@id\":\"https:\\\/\\\/portalincluir.com.br\\\/#\\\/schema\\\/person\\\/8823664e5902eee555607fb75c4c35ae\"},\"headline\":\"Em busca de caminhos para uma educa\u00e7\u00e3o antirracista\",\"datePublished\":\"2025-11-14T03:06:40+00:00\",\"dateModified\":\"2025-11-14T03:06:42+00:00\",\"mainEntityOfPage\":{\"@id\":\"https:\\\/\\\/portalincluir.com.br\\\/index.php\\\/2025\\\/11\\\/14\\\/em-busca-de-caminhos-para-uma-educacao-antirracista\\\/\"},\"wordCount\":944,\"commentCount\":0,\"image\":{\"@id\":\"https:\\\/\\\/portalincluir.com.br\\\/index.php\\\/2025\\\/11\\\/14\\\/em-busca-de-caminhos-para-uma-educacao-antirracista\\\/#primaryimage\"},\"thumbnailUrl\":\"https:\\\/\\\/portalincluir.com.br\\\/wp-content\\\/uploads\\\/2025\\\/11\\\/4b7f97ef-4607-455f-b8c0-b6296a836705.png\",\"articleSection\":[\"Opini\u00e3o\",\"Portal\"],\"inLanguage\":\"pt-BR\",\"potentialAction\":[{\"@type\":\"CommentAction\",\"name\":\"Comment\",\"target\":[\"https:\\\/\\\/portalincluir.com.br\\\/index.php\\\/2025\\\/11\\\/14\\\/em-busca-de-caminhos-para-uma-educacao-antirracista\\\/#respond\"]}]},{\"@type\":\"WebPage\",\"@id\":\"https:\\\/\\\/portalincluir.com.br\\\/index.php\\\/2025\\\/11\\\/14\\\/em-busca-de-caminhos-para-uma-educacao-antirracista\\\/\",\"url\":\"https:\\\/\\\/portalincluir.com.br\\\/index.php\\\/2025\\\/11\\\/14\\\/em-busca-de-caminhos-para-uma-educacao-antirracista\\\/\",\"name\":\"Em busca de caminhos para uma educa\u00e7\u00e3o antirracista - PORTAL INCLUIR\",\"isPartOf\":{\"@id\":\"https:\\\/\\\/portalincluir.com.br\\\/#website\"},\"primaryImageOfPage\":{\"@id\":\"https:\\\/\\\/portalincluir.com.br\\\/index.php\\\/2025\\\/11\\\/14\\\/em-busca-de-caminhos-para-uma-educacao-antirracista\\\/#primaryimage\"},\"image\":{\"@id\":\"https:\\\/\\\/portalincluir.com.br\\\/index.php\\\/2025\\\/11\\\/14\\\/em-busca-de-caminhos-para-uma-educacao-antirracista\\\/#primaryimage\"},\"thumbnailUrl\":\"https:\\\/\\\/portalincluir.com.br\\\/wp-content\\\/uploads\\\/2025\\\/11\\\/4b7f97ef-4607-455f-b8c0-b6296a836705.png\",\"datePublished\":\"2025-11-14T03:06:40+00:00\",\"dateModified\":\"2025-11-14T03:06:42+00:00\",\"author\":{\"@id\":\"https:\\\/\\\/portalincluir.com.br\\\/#\\\/schema\\\/person\\\/8823664e5902eee555607fb75c4c35ae\"},\"breadcrumb\":{\"@id\":\"https:\\\/\\\/portalincluir.com.br\\\/index.php\\\/2025\\\/11\\\/14\\\/em-busca-de-caminhos-para-uma-educacao-antirracista\\\/#breadcrumb\"},\"inLanguage\":\"pt-BR\",\"potentialAction\":[{\"@type\":\"ReadAction\",\"target\":[\"https:\\\/\\\/portalincluir.com.br\\\/index.php\\\/2025\\\/11\\\/14\\\/em-busca-de-caminhos-para-uma-educacao-antirracista\\\/\"]}]},{\"@type\":\"ImageObject\",\"inLanguage\":\"pt-BR\",\"@id\":\"https:\\\/\\\/portalincluir.com.br\\\/index.php\\\/2025\\\/11\\\/14\\\/em-busca-de-caminhos-para-uma-educacao-antirracista\\\/#primaryimage\",\"url\":\"https:\\\/\\\/portalincluir.com.br\\\/wp-content\\\/uploads\\\/2025\\\/11\\\/4b7f97ef-4607-455f-b8c0-b6296a836705.png\",\"contentUrl\":\"https:\\\/\\\/portalincluir.com.br\\\/wp-content\\\/uploads\\\/2025\\\/11\\\/4b7f97ef-4607-455f-b8c0-b6296a836705.png\",\"width\":778,\"height\":540,\"caption\":\"Jo\u00e3o Jos\u00e9 e Paulo Melga\u00e7o\"},{\"@type\":\"BreadcrumbList\",\"@id\":\"https:\\\/\\\/portalincluir.com.br\\\/index.php\\\/2025\\\/11\\\/14\\\/em-busca-de-caminhos-para-uma-educacao-antirracista\\\/#breadcrumb\",\"itemListElement\":[{\"@type\":\"ListItem\",\"position\":1,\"name\":\"In\u00edcio\",\"item\":\"https:\\\/\\\/portalincluir.com.br\\\/\"},{\"@type\":\"ListItem\",\"position\":2,\"name\":\"Em busca de caminhos para uma educa\u00e7\u00e3o antirracista\"}]},{\"@type\":\"WebSite\",\"@id\":\"https:\\\/\\\/portalincluir.com.br\\\/#website\",\"url\":\"https:\\\/\\\/portalincluir.com.br\\\/\",\"name\":\"PORTAL INCLUIR\",\"description\":\"\",\"potentialAction\":[{\"@type\":\"SearchAction\",\"target\":{\"@type\":\"EntryPoint\",\"urlTemplate\":\"https:\\\/\\\/portalincluir.com.br\\\/?s={search_term_string}\"},\"query-input\":{\"@type\":\"PropertyValueSpecification\",\"valueRequired\":true,\"valueName\":\"search_term_string\"}}],\"inLanguage\":\"pt-BR\"},{\"@type\":\"Person\",\"@id\":\"https:\\\/\\\/portalincluir.com.br\\\/#\\\/schema\\\/person\\\/8823664e5902eee555607fb75c4c35ae\",\"name\":\"Portal Incluir\",\"image\":{\"@type\":\"ImageObject\",\"inLanguage\":\"pt-BR\",\"@id\":\"https:\\\/\\\/secure.gravatar.com\\\/avatar\\\/12085fe17e70c3550551519fe1f8f51fae69b1748563a47fc3bea53d91fbcbbd?s=96&d=mm&r=g\",\"url\":\"https:\\\/\\\/secure.gravatar.com\\\/avatar\\\/12085fe17e70c3550551519fe1f8f51fae69b1748563a47fc3bea53d91fbcbbd?s=96&d=mm&r=g\",\"contentUrl\":\"https:\\\/\\\/secure.gravatar.com\\\/avatar\\\/12085fe17e70c3550551519fe1f8f51fae69b1748563a47fc3bea53d91fbcbbd?s=96&d=mm&r=g\",\"caption\":\"Portal Incluir\"},\"sameAs\":[\"http:\\\/\\\/portalincluir.com.br\"],\"url\":\"https:\\\/\\\/portalincluir.com.br\\\/index.php\\\/author\\\/portalincluir-com-br\\\/\"}]}<\/script>\n<!-- \/ Yoast SEO plugin. -->","yoast_head_json":{"title":"Em busca de caminhos para uma educa\u00e7\u00e3o antirracista - PORTAL INCLUIR","robots":{"index":"index","follow":"follow","max-snippet":"max-snippet:-1","max-image-preview":"max-image-preview:large","max-video-preview":"max-video-preview:-1"},"canonical":"https:\/\/portalincluir.com.br\/index.php\/2025\/11\/14\/em-busca-de-caminhos-para-uma-educacao-antirracista\/","og_locale":"pt_BR","og_type":"article","og_title":"Em busca de caminhos para uma educa\u00e7\u00e3o antirracista - PORTAL INCLUIR","og_description":"&nbsp;Estamos celebrando o novembro negro, m\u00eas que marca a resist\u00eancia de Zumbi dos Palmares. No","og_url":"https:\/\/portalincluir.com.br\/index.php\/2025\/11\/14\/em-busca-de-caminhos-para-uma-educacao-antirracista\/","og_site_name":"PORTAL INCLUIR","article_published_time":"2025-11-14T03:06:40+00:00","article_modified_time":"2025-11-14T03:06:42+00:00","og_image":[{"width":778,"height":540,"url":"https:\/\/portalincluir.com.br\/wp-content\/uploads\/2025\/11\/4b7f97ef-4607-455f-b8c0-b6296a836705.png","type":"image\/png"}],"author":"Portal Incluir","twitter_card":"summary_large_image","twitter_misc":{"Escrito por":"Portal Incluir","Est. tempo de leitura":"5 minutos"},"schema":{"@context":"https:\/\/schema.org","@graph":[{"@type":["Article","BlogPosting"],"@id":"https:\/\/portalincluir.com.br\/index.php\/2025\/11\/14\/em-busca-de-caminhos-para-uma-educacao-antirracista\/#article","isPartOf":{"@id":"https:\/\/portalincluir.com.br\/index.php\/2025\/11\/14\/em-busca-de-caminhos-para-uma-educacao-antirracista\/"},"author":{"name":"Portal Incluir","@id":"https:\/\/portalincluir.com.br\/#\/schema\/person\/8823664e5902eee555607fb75c4c35ae"},"headline":"Em busca de caminhos para uma educa\u00e7\u00e3o antirracista","datePublished":"2025-11-14T03:06:40+00:00","dateModified":"2025-11-14T03:06:42+00:00","mainEntityOfPage":{"@id":"https:\/\/portalincluir.com.br\/index.php\/2025\/11\/14\/em-busca-de-caminhos-para-uma-educacao-antirracista\/"},"wordCount":944,"commentCount":0,"image":{"@id":"https:\/\/portalincluir.com.br\/index.php\/2025\/11\/14\/em-busca-de-caminhos-para-uma-educacao-antirracista\/#primaryimage"},"thumbnailUrl":"https:\/\/portalincluir.com.br\/wp-content\/uploads\/2025\/11\/4b7f97ef-4607-455f-b8c0-b6296a836705.png","articleSection":["Opini\u00e3o","Portal"],"inLanguage":"pt-BR","potentialAction":[{"@type":"CommentAction","name":"Comment","target":["https:\/\/portalincluir.com.br\/index.php\/2025\/11\/14\/em-busca-de-caminhos-para-uma-educacao-antirracista\/#respond"]}]},{"@type":"WebPage","@id":"https:\/\/portalincluir.com.br\/index.php\/2025\/11\/14\/em-busca-de-caminhos-para-uma-educacao-antirracista\/","url":"https:\/\/portalincluir.com.br\/index.php\/2025\/11\/14\/em-busca-de-caminhos-para-uma-educacao-antirracista\/","name":"Em busca de caminhos para uma educa\u00e7\u00e3o antirracista - PORTAL INCLUIR","isPartOf":{"@id":"https:\/\/portalincluir.com.br\/#website"},"primaryImageOfPage":{"@id":"https:\/\/portalincluir.com.br\/index.php\/2025\/11\/14\/em-busca-de-caminhos-para-uma-educacao-antirracista\/#primaryimage"},"image":{"@id":"https:\/\/portalincluir.com.br\/index.php\/2025\/11\/14\/em-busca-de-caminhos-para-uma-educacao-antirracista\/#primaryimage"},"thumbnailUrl":"https:\/\/portalincluir.com.br\/wp-content\/uploads\/2025\/11\/4b7f97ef-4607-455f-b8c0-b6296a836705.png","datePublished":"2025-11-14T03:06:40+00:00","dateModified":"2025-11-14T03:06:42+00:00","author":{"@id":"https:\/\/portalincluir.com.br\/#\/schema\/person\/8823664e5902eee555607fb75c4c35ae"},"breadcrumb":{"@id":"https:\/\/portalincluir.com.br\/index.php\/2025\/11\/14\/em-busca-de-caminhos-para-uma-educacao-antirracista\/#breadcrumb"},"inLanguage":"pt-BR","potentialAction":[{"@type":"ReadAction","target":["https:\/\/portalincluir.com.br\/index.php\/2025\/11\/14\/em-busca-de-caminhos-para-uma-educacao-antirracista\/"]}]},{"@type":"ImageObject","inLanguage":"pt-BR","@id":"https:\/\/portalincluir.com.br\/index.php\/2025\/11\/14\/em-busca-de-caminhos-para-uma-educacao-antirracista\/#primaryimage","url":"https:\/\/portalincluir.com.br\/wp-content\/uploads\/2025\/11\/4b7f97ef-4607-455f-b8c0-b6296a836705.png","contentUrl":"https:\/\/portalincluir.com.br\/wp-content\/uploads\/2025\/11\/4b7f97ef-4607-455f-b8c0-b6296a836705.png","width":778,"height":540,"caption":"Jo\u00e3o Jos\u00e9 e Paulo Melga\u00e7o"},{"@type":"BreadcrumbList","@id":"https:\/\/portalincluir.com.br\/index.php\/2025\/11\/14\/em-busca-de-caminhos-para-uma-educacao-antirracista\/#breadcrumb","itemListElement":[{"@type":"ListItem","position":1,"name":"In\u00edcio","item":"https:\/\/portalincluir.com.br\/"},{"@type":"ListItem","position":2,"name":"Em busca de caminhos para uma educa\u00e7\u00e3o antirracista"}]},{"@type":"WebSite","@id":"https:\/\/portalincluir.com.br\/#website","url":"https:\/\/portalincluir.com.br\/","name":"PORTAL INCLUIR","description":"","potentialAction":[{"@type":"SearchAction","target":{"@type":"EntryPoint","urlTemplate":"https:\/\/portalincluir.com.br\/?s={search_term_string}"},"query-input":{"@type":"PropertyValueSpecification","valueRequired":true,"valueName":"search_term_string"}}],"inLanguage":"pt-BR"},{"@type":"Person","@id":"https:\/\/portalincluir.com.br\/#\/schema\/person\/8823664e5902eee555607fb75c4c35ae","name":"Portal Incluir","image":{"@type":"ImageObject","inLanguage":"pt-BR","@id":"https:\/\/secure.gravatar.com\/avatar\/12085fe17e70c3550551519fe1f8f51fae69b1748563a47fc3bea53d91fbcbbd?s=96&d=mm&r=g","url":"https:\/\/secure.gravatar.com\/avatar\/12085fe17e70c3550551519fe1f8f51fae69b1748563a47fc3bea53d91fbcbbd?s=96&d=mm&r=g","contentUrl":"https:\/\/secure.gravatar.com\/avatar\/12085fe17e70c3550551519fe1f8f51fae69b1748563a47fc3bea53d91fbcbbd?s=96&d=mm&r=g","caption":"Portal Incluir"},"sameAs":["http:\/\/portalincluir.com.br"],"url":"https:\/\/portalincluir.com.br\/index.php\/author\/portalincluir-com-br\/"}]}},"_links":{"self":[{"href":"https:\/\/portalincluir.com.br\/index.php\/wp-json\/wp\/v2\/posts\/729","targetHints":{"allow":["GET"]}}],"collection":[{"href":"https:\/\/portalincluir.com.br\/index.php\/wp-json\/wp\/v2\/posts"}],"about":[{"href":"https:\/\/portalincluir.com.br\/index.php\/wp-json\/wp\/v2\/types\/post"}],"author":[{"embeddable":true,"href":"https:\/\/portalincluir.com.br\/index.php\/wp-json\/wp\/v2\/users\/1"}],"replies":[{"embeddable":true,"href":"https:\/\/portalincluir.com.br\/index.php\/wp-json\/wp\/v2\/comments?post=729"}],"version-history":[{"count":1,"href":"https:\/\/portalincluir.com.br\/index.php\/wp-json\/wp\/v2\/posts\/729\/revisions"}],"predecessor-version":[{"id":731,"href":"https:\/\/portalincluir.com.br\/index.php\/wp-json\/wp\/v2\/posts\/729\/revisions\/731"}],"wp:featuredmedia":[{"embeddable":true,"href":"https:\/\/portalincluir.com.br\/index.php\/wp-json\/wp\/v2\/media\/730"}],"wp:attachment":[{"href":"https:\/\/portalincluir.com.br\/index.php\/wp-json\/wp\/v2\/media?parent=729"}],"wp:term":[{"taxonomy":"category","embeddable":true,"href":"https:\/\/portalincluir.com.br\/index.php\/wp-json\/wp\/v2\/categories?post=729"},{"taxonomy":"post_tag","embeddable":true,"href":"https:\/\/portalincluir.com.br\/index.php\/wp-json\/wp\/v2\/tags?post=729"}],"curies":[{"name":"wp","href":"https:\/\/api.w.org\/{rel}","templated":true}]}}