{"id":732,"date":"2025-07-03T10:50:00","date_gmt":"2025-07-03T13:50:00","guid":{"rendered":"https:\/\/portalincluir.com.br\/?p=732"},"modified":"2025-11-17T14:27:45","modified_gmt":"2025-11-17T17:27:45","slug":"pessoas-com-sindrome-de-down-alzheimer-parkinson-hiv-e-tea-estao-dispensadas-de-pericia","status":"publish","type":"post","link":"https:\/\/portalincluir.com.br\/index.php\/2025\/07\/03\/pessoas-com-sindrome-de-down-alzheimer-parkinson-hiv-e-tea-estao-dispensadas-de-pericia\/","title":{"rendered":"Pessoas com S\u00edndrome de Down, Alzheimer, Parkinson, HIV e TEA est\u00e3o dispensadas de per\u00edcia"},"content":{"rendered":"\n<p>O presidente Luiz In\u00e1cio Lula da Silva sancionou no dia 1\u00ba de julho a Lei 15.157\/25, que muda de forma significativa a rotina de milhares de benefici\u00e1rios do INSS.<br>A nova regra dispensa pessoas portadoras de doen\u00e7as incur\u00e1veis ou irrevers\u00edveis da obriga\u00e7\u00e3o de se submeter \u00e0s per\u00edcias m\u00e9dicas peri\u00f3dicas de reavalia\u00e7\u00e3o.<br>At\u00e9 ent\u00e3o, quem recebia benef\u00edcios por incapacidade \u2014 como aux\u00edlio-doen\u00e7a, aposentadoria por incapacidade permanente ou o BPC\/Loas \u2014 poderia ser convocado a qualquer momento para novas per\u00edcias.<\/p>\n\n\n\n<p><\/p>\n\n\n\n<p><strong>Como funcionava antes da lei<\/strong><\/p>\n\n\n\n<p>O sistema previdenci\u00e1rio previa que, mesmo ap\u00f3s a concess\u00e3o do benef\u00edcio, o INSS tinha autonomia para chamar o segurado novamente.<br>M\u00e9dicos peritos avaliavam se a incapacidade continuava ou se havia possibilidade de retorno ao mercado de trabalho.<br>Esse processo causava inseguran\u00e7a. Muitos doentes, mesmo sem chances de recupera\u00e7\u00e3o, precisavam comparecer repetidamente \u00e0s ag\u00eancias para comprovar a situa\u00e7\u00e3o de sa\u00fade. Agora, a nova legisla\u00e7\u00e3o elimina essa exig\u00eancia.<\/p>\n\n\n\n<p><\/p>\n\n\n\n<p><strong>Quais doen\u00e7as est\u00e3o inclu\u00eddas<\/strong><\/p>\n\n\n\n<p>A lei cita quatro enfermidades de forma expressa:<\/p>\n\n\n\n<p>AIDS<br>Alzheimer<br>Esclerose lateral amiotr\u00f3fica (ELA)<br>Doen\u00e7a de Parkinson<br>Pessoas diagnosticadas com essas condi\u00e7\u00f5es n\u00e3o precisar\u00e3o mais passar por per\u00edcias peri\u00f3dicas, independentemente do tipo de benef\u00edcio que recebem.<\/p>\n\n\n\n<p>No entanto, o texto legal tamb\u00e9m abre espa\u00e7o para outras doen\u00e7as graves, incur\u00e1veis e irrevers\u00edveis. Ou seja, mesmo que a enfermidade n\u00e3o esteja na lista, basta comprovar o car\u00e1ter incur\u00e1vel com laudos m\u00e9dicos para que a dispensa seja aplicada.<\/p>\n\n\n\n<p><\/p>\n\n\n\n<p><strong>O impacto direto para os benefici\u00e1rios<\/strong><\/p>\n\n\n\n<p>Com a nova lei, o INSS n\u00e3o deve mais convocar quem se enquadra nesses casos.<br>Caso haja convoca\u00e7\u00e3o por engano ou falha administrativa, especialistas orientam procurar imediatamente um advogado previdenci\u00e1rio. O profissional poder\u00e1 apresentar os documentos e confirmar que a convoca\u00e7\u00e3o \u00e9 indevida.<br>O benef\u00edcio continua v\u00e1lido tanto para quem obteve a concess\u00e3o de forma administrativa, diretamente no INSS, quanto para quem conquistou na Justi\u00e7a. N\u00e3o h\u00e1 diferen\u00e7a: em ambos os cen\u00e1rios a dispensa da per\u00edcia peri\u00f3dica vale.<\/p>\n\n\n\n<p><\/p>\n\n\n\n<p><strong>Seguran\u00e7a para quem depende do benef\u00edcio<\/strong><\/p>\n\n\n\n<p>A mudan\u00e7a traz al\u00edvio para milhares de brasileiros que enfrentam doen\u00e7as sem cura. At\u00e9 aqui, o medo de perder o benef\u00edcio em uma eventual reavalia\u00e7\u00e3o era constante.<\/p>\n\n\n\n<p>Agora, a lei assegura estabilidade financeira e emocional, pois o direito passa a estar protegido por determina\u00e7\u00e3o legal.<\/p>\n\n\n\n<p>O dispositivo altera a Lei n\u00ba 8.213\/1991, que organiza os benef\u00edcios da Previd\u00eancia Social. Essa lei de 1991 nunca havia trazido uma regra t\u00e3o clara sobre a dispensa, o que deixava brechas para convoca\u00e7\u00f5es frequentes.<\/p>\n\n\n\n<p>O que fazer em caso de convoca\u00e7\u00e3o indevida<\/p>\n\n\n\n<p>Embora a lei esteja em vigor desde julho, ainda pode haver falhas. O INSS pode encaminhar notifica\u00e7\u00f5es autom\u00e1ticas por desorganiza\u00e7\u00e3o interna.<\/p>\n\n\n\n<p>Se isso ocorrer, o primeiro passo \u00e9 n\u00e3o ignorar a situa\u00e7\u00e3o. \u00c9 fundamental reunir relat\u00f3rios m\u00e9dicos atualizados e buscar um advogado previdenci\u00e1rio.<\/p>\n\n\n\n<p>Ele poder\u00e1 contestar a convoca\u00e7\u00e3o, apresentar defesa administrativa ou at\u00e9 acionar a Justi\u00e7a, caso o instituto insista.<\/p>\n\n\n\n<p>A import\u00e2ncia da orienta\u00e7\u00e3o profissional<\/p>\n\n\n\n<p>O direito previdenci\u00e1rio \u00e9 complexo. Muitas vezes o segurado, sozinho, n\u00e3o consegue garantir a aplica\u00e7\u00e3o correta da lei. Especialistas refor\u00e7am que a atua\u00e7\u00e3o de um advogado pode evitar cancelamentos indevidos ou atrasos no pagamento.<\/p>\n\n\n\n<p>Al\u00e9m disso, a pr\u00f3pria experi\u00eancia mostra que o INSS nem sempre cumpre de imediato as determina\u00e7\u00f5es legais. Por isso, acompanhamento t\u00e9cnico torna-se essencial.<\/p>\n\n\n\n<p>Informa\u00e7\u00e3o como ferramenta de defesa<\/p>\n\n\n\n<p>Advogados e especialistas da \u00e1rea v\u00eam destacando a relev\u00e2ncia da divulga\u00e7\u00e3o da nova regra. Grande parte da popula\u00e7\u00e3o desconhece seus direitos, o que facilita abusos ou erros administrativos.<\/p>\n\n\n\n<p>Manter-se informado pode ser decisivo para impedir a suspens\u00e3o de uma renda que, muitas vezes, \u00e9 a \u00fanica fonte de sustento da fam\u00edlia.<\/p>\n\n\n\n<p>A Lei n\u00ba 15.157 de 2025 representa um marco no direito previdenci\u00e1rio brasileiro. Ao dispensar portadores de doen\u00e7as incur\u00e1veis de per\u00edcias peri\u00f3dicas, o governo reconhece a necessidade de proteger essas pessoas de desgastes desnecess\u00e1rios.<\/p>\n\n\n\n<p>Agora, o desafio est\u00e1 em garantir a aplica\u00e7\u00e3o pr\u00e1tica da lei. Benefici\u00e1rios precisam estar atentos, guardar relat\u00f3rios m\u00e9dicos atualizados e buscar orienta\u00e7\u00e3o jur\u00eddica sempre que houver d\u00favida.<\/p>\n\n\n\n<p>Fonte: <a href=\"https:\/\/clickpetroleoegas.com.br\/presidente-lula-pessoas-com-doencas-essas-doencas-ficam-dispensadas-de-pericias-periodicas-do-inss-flpc96\/\" target=\"_blank\" rel=\"noreferrer noopener\">Clickpetroleogas<\/a><\/p>\n\n\n\n<p><\/p>\n","protected":false},"excerpt":{"rendered":"<p>O presidente Luiz In\u00e1cio Lula da Silva sancionou no dia 1\u00ba de julho a Lei<\/p>\n","protected":false},"author":1,"featured_media":733,"comment_status":"open","ping_status":"open","sticky":false,"template":"","format":"standard","meta":{"om_disable_all_campaigns":false,"_monsterinsights_skip_tracking":false,"_monsterinsights_sitenote_active":false,"_monsterinsights_sitenote_note":"","_monsterinsights_sitenote_category":0,"_uf_show_specific_survey":0,"_uf_disable_surveys":false,"footnotes":""},"categories":[9],"tags":[],"class_list":["post-732","post","type-post","status-publish","format-standard","has-post-thumbnail","hentry","category-noticias"],"yoast_head":"<!-- This site is optimized with the Yoast SEO plugin v27.4 - https:\/\/yoast.com\/product\/yoast-seo-wordpress\/ -->\n<title>Pessoas com S\u00edndrome de Down, Alzheimer, Parkinson, HIV e TEA est\u00e3o dispensadas de per\u00edcia - PORTAL INCLUIR<\/title>\n<meta name=\"robots\" content=\"index, follow, max-snippet:-1, max-image-preview:large, max-video-preview:-1\" \/>\n<link rel=\"canonical\" href=\"https:\/\/portalincluir.com.br\/index.php\/2025\/07\/03\/pessoas-com-sindrome-de-down-alzheimer-parkinson-hiv-e-tea-estao-dispensadas-de-pericia\/\" \/>\n<meta property=\"og:locale\" content=\"pt_BR\" \/>\n<meta property=\"og:type\" content=\"article\" \/>\n<meta property=\"og:title\" content=\"Pessoas com S\u00edndrome de Down, Alzheimer, Parkinson, HIV e TEA est\u00e3o dispensadas de per\u00edcia - PORTAL INCLUIR\" \/>\n<meta property=\"og:description\" content=\"O presidente Luiz In\u00e1cio Lula da Silva sancionou no dia 1\u00ba de julho a Lei\" \/>\n<meta property=\"og:url\" content=\"https:\/\/portalincluir.com.br\/index.php\/2025\/07\/03\/pessoas-com-sindrome-de-down-alzheimer-parkinson-hiv-e-tea-estao-dispensadas-de-pericia\/\" \/>\n<meta property=\"og:site_name\" content=\"PORTAL INCLUIR\" \/>\n<meta property=\"article:published_time\" content=\"2025-07-03T13:50:00+00:00\" \/>\n<meta property=\"article:modified_time\" content=\"2025-11-17T17:27:45+00:00\" \/>\n<meta property=\"og:image\" content=\"https:\/\/portalincluir.com.br\/wp-content\/uploads\/2025\/11\/inss-Lula-1536x1023-1.jpg\" \/>\n\t<meta property=\"og:image:width\" content=\"1536\" \/>\n\t<meta property=\"og:image:height\" content=\"1023\" \/>\n\t<meta property=\"og:image:type\" content=\"image\/jpeg\" \/>\n<meta name=\"author\" content=\"Portal Incluir\" \/>\n<meta name=\"twitter:card\" content=\"summary_large_image\" \/>\n<meta name=\"twitter:label1\" content=\"Escrito por\" \/>\n\t<meta name=\"twitter:data1\" content=\"Portal Incluir\" \/>\n\t<meta name=\"twitter:label2\" content=\"Est. tempo de leitura\" \/>\n\t<meta name=\"twitter:data2\" content=\"4 minutos\" \/>\n<script type=\"application\/ld+json\" class=\"yoast-schema-graph\">{\"@context\":\"https:\\\/\\\/schema.org\",\"@graph\":[{\"@type\":[\"Article\",\"BlogPosting\"],\"@id\":\"https:\\\/\\\/portalincluir.com.br\\\/index.php\\\/2025\\\/07\\\/03\\\/pessoas-com-sindrome-de-down-alzheimer-parkinson-hiv-e-tea-estao-dispensadas-de-pericia\\\/#article\",\"isPartOf\":{\"@id\":\"https:\\\/\\\/portalincluir.com.br\\\/index.php\\\/2025\\\/07\\\/03\\\/pessoas-com-sindrome-de-down-alzheimer-parkinson-hiv-e-tea-estao-dispensadas-de-pericia\\\/\"},\"author\":{\"name\":\"Portal Incluir\",\"@id\":\"https:\\\/\\\/portalincluir.com.br\\\/#\\\/schema\\\/person\\\/8823664e5902eee555607fb75c4c35ae\"},\"headline\":\"Pessoas com S\u00edndrome de Down, Alzheimer, Parkinson, HIV e TEA est\u00e3o dispensadas de per\u00edcia\",\"datePublished\":\"2025-07-03T13:50:00+00:00\",\"dateModified\":\"2025-11-17T17:27:45+00:00\",\"mainEntityOfPage\":{\"@id\":\"https:\\\/\\\/portalincluir.com.br\\\/index.php\\\/2025\\\/07\\\/03\\\/pessoas-com-sindrome-de-down-alzheimer-parkinson-hiv-e-tea-estao-dispensadas-de-pericia\\\/\"},\"wordCount\":766,\"commentCount\":0,\"image\":{\"@id\":\"https:\\\/\\\/portalincluir.com.br\\\/index.php\\\/2025\\\/07\\\/03\\\/pessoas-com-sindrome-de-down-alzheimer-parkinson-hiv-e-tea-estao-dispensadas-de-pericia\\\/#primaryimage\"},\"thumbnailUrl\":\"https:\\\/\\\/portalincluir.com.br\\\/wp-content\\\/uploads\\\/2025\\\/11\\\/inss-Lula-1536x1023-1.jpg\",\"articleSection\":[\"Not\u00edcias\"],\"inLanguage\":\"pt-BR\",\"potentialAction\":[{\"@type\":\"CommentAction\",\"name\":\"Comment\",\"target\":[\"https:\\\/\\\/portalincluir.com.br\\\/index.php\\\/2025\\\/07\\\/03\\\/pessoas-com-sindrome-de-down-alzheimer-parkinson-hiv-e-tea-estao-dispensadas-de-pericia\\\/#respond\"]}]},{\"@type\":\"WebPage\",\"@id\":\"https:\\\/\\\/portalincluir.com.br\\\/index.php\\\/2025\\\/07\\\/03\\\/pessoas-com-sindrome-de-down-alzheimer-parkinson-hiv-e-tea-estao-dispensadas-de-pericia\\\/\",\"url\":\"https:\\\/\\\/portalincluir.com.br\\\/index.php\\\/2025\\\/07\\\/03\\\/pessoas-com-sindrome-de-down-alzheimer-parkinson-hiv-e-tea-estao-dispensadas-de-pericia\\\/\",\"name\":\"Pessoas com S\u00edndrome de Down, Alzheimer, Parkinson, HIV e TEA est\u00e3o dispensadas de per\u00edcia - PORTAL INCLUIR\",\"isPartOf\":{\"@id\":\"https:\\\/\\\/portalincluir.com.br\\\/#website\"},\"primaryImageOfPage\":{\"@id\":\"https:\\\/\\\/portalincluir.com.br\\\/index.php\\\/2025\\\/07\\\/03\\\/pessoas-com-sindrome-de-down-alzheimer-parkinson-hiv-e-tea-estao-dispensadas-de-pericia\\\/#primaryimage\"},\"image\":{\"@id\":\"https:\\\/\\\/portalincluir.com.br\\\/index.php\\\/2025\\\/07\\\/03\\\/pessoas-com-sindrome-de-down-alzheimer-parkinson-hiv-e-tea-estao-dispensadas-de-pericia\\\/#primaryimage\"},\"thumbnailUrl\":\"https:\\\/\\\/portalincluir.com.br\\\/wp-content\\\/uploads\\\/2025\\\/11\\\/inss-Lula-1536x1023-1.jpg\",\"datePublished\":\"2025-07-03T13:50:00+00:00\",\"dateModified\":\"2025-11-17T17:27:45+00:00\",\"author\":{\"@id\":\"https:\\\/\\\/portalincluir.com.br\\\/#\\\/schema\\\/person\\\/8823664e5902eee555607fb75c4c35ae\"},\"breadcrumb\":{\"@id\":\"https:\\\/\\\/portalincluir.com.br\\\/index.php\\\/2025\\\/07\\\/03\\\/pessoas-com-sindrome-de-down-alzheimer-parkinson-hiv-e-tea-estao-dispensadas-de-pericia\\\/#breadcrumb\"},\"inLanguage\":\"pt-BR\",\"potentialAction\":[{\"@type\":\"ReadAction\",\"target\":[\"https:\\\/\\\/portalincluir.com.br\\\/index.php\\\/2025\\\/07\\\/03\\\/pessoas-com-sindrome-de-down-alzheimer-parkinson-hiv-e-tea-estao-dispensadas-de-pericia\\\/\"]}]},{\"@type\":\"ImageObject\",\"inLanguage\":\"pt-BR\",\"@id\":\"https:\\\/\\\/portalincluir.com.br\\\/index.php\\\/2025\\\/07\\\/03\\\/pessoas-com-sindrome-de-down-alzheimer-parkinson-hiv-e-tea-estao-dispensadas-de-pericia\\\/#primaryimage\",\"url\":\"https:\\\/\\\/portalincluir.com.br\\\/wp-content\\\/uploads\\\/2025\\\/11\\\/inss-Lula-1536x1023-1.jpg\",\"contentUrl\":\"https:\\\/\\\/portalincluir.com.br\\\/wp-content\\\/uploads\\\/2025\\\/11\\\/inss-Lula-1536x1023-1.jpg\",\"width\":1536,\"height\":1023},{\"@type\":\"BreadcrumbList\",\"@id\":\"https:\\\/\\\/portalincluir.com.br\\\/index.php\\\/2025\\\/07\\\/03\\\/pessoas-com-sindrome-de-down-alzheimer-parkinson-hiv-e-tea-estao-dispensadas-de-pericia\\\/#breadcrumb\",\"itemListElement\":[{\"@type\":\"ListItem\",\"position\":1,\"name\":\"In\u00edcio\",\"item\":\"https:\\\/\\\/portalincluir.com.br\\\/\"},{\"@type\":\"ListItem\",\"position\":2,\"name\":\"Pessoas com S\u00edndrome de Down, Alzheimer, Parkinson, HIV e TEA est\u00e3o dispensadas de per\u00edcia\"}]},{\"@type\":\"WebSite\",\"@id\":\"https:\\\/\\\/portalincluir.com.br\\\/#website\",\"url\":\"https:\\\/\\\/portalincluir.com.br\\\/\",\"name\":\"PORTAL INCLUIR\",\"description\":\"\",\"potentialAction\":[{\"@type\":\"SearchAction\",\"target\":{\"@type\":\"EntryPoint\",\"urlTemplate\":\"https:\\\/\\\/portalincluir.com.br\\\/?s={search_term_string}\"},\"query-input\":{\"@type\":\"PropertyValueSpecification\",\"valueRequired\":true,\"valueName\":\"search_term_string\"}}],\"inLanguage\":\"pt-BR\"},{\"@type\":\"Person\",\"@id\":\"https:\\\/\\\/portalincluir.com.br\\\/#\\\/schema\\\/person\\\/8823664e5902eee555607fb75c4c35ae\",\"name\":\"Portal Incluir\",\"image\":{\"@type\":\"ImageObject\",\"inLanguage\":\"pt-BR\",\"@id\":\"https:\\\/\\\/secure.gravatar.com\\\/avatar\\\/12085fe17e70c3550551519fe1f8f51fae69b1748563a47fc3bea53d91fbcbbd?s=96&d=mm&r=g\",\"url\":\"https:\\\/\\\/secure.gravatar.com\\\/avatar\\\/12085fe17e70c3550551519fe1f8f51fae69b1748563a47fc3bea53d91fbcbbd?s=96&d=mm&r=g\",\"contentUrl\":\"https:\\\/\\\/secure.gravatar.com\\\/avatar\\\/12085fe17e70c3550551519fe1f8f51fae69b1748563a47fc3bea53d91fbcbbd?s=96&d=mm&r=g\",\"caption\":\"Portal Incluir\"},\"sameAs\":[\"http:\\\/\\\/portalincluir.com.br\"],\"url\":\"https:\\\/\\\/portalincluir.com.br\\\/index.php\\\/author\\\/portalincluir-com-br\\\/\"}]}<\/script>\n<!-- \/ Yoast SEO plugin. -->","yoast_head_json":{"title":"Pessoas com S\u00edndrome de Down, Alzheimer, Parkinson, HIV e TEA est\u00e3o dispensadas de per\u00edcia - PORTAL INCLUIR","robots":{"index":"index","follow":"follow","max-snippet":"max-snippet:-1","max-image-preview":"max-image-preview:large","max-video-preview":"max-video-preview:-1"},"canonical":"https:\/\/portalincluir.com.br\/index.php\/2025\/07\/03\/pessoas-com-sindrome-de-down-alzheimer-parkinson-hiv-e-tea-estao-dispensadas-de-pericia\/","og_locale":"pt_BR","og_type":"article","og_title":"Pessoas com S\u00edndrome de Down, Alzheimer, Parkinson, HIV e TEA est\u00e3o dispensadas de per\u00edcia - PORTAL INCLUIR","og_description":"O presidente Luiz In\u00e1cio Lula da Silva sancionou no dia 1\u00ba de julho a Lei","og_url":"https:\/\/portalincluir.com.br\/index.php\/2025\/07\/03\/pessoas-com-sindrome-de-down-alzheimer-parkinson-hiv-e-tea-estao-dispensadas-de-pericia\/","og_site_name":"PORTAL INCLUIR","article_published_time":"2025-07-03T13:50:00+00:00","article_modified_time":"2025-11-17T17:27:45+00:00","og_image":[{"width":1536,"height":1023,"url":"https:\/\/portalincluir.com.br\/wp-content\/uploads\/2025\/11\/inss-Lula-1536x1023-1.jpg","type":"image\/jpeg"}],"author":"Portal Incluir","twitter_card":"summary_large_image","twitter_misc":{"Escrito por":"Portal Incluir","Est. tempo de leitura":"4 minutos"},"schema":{"@context":"https:\/\/schema.org","@graph":[{"@type":["Article","BlogPosting"],"@id":"https:\/\/portalincluir.com.br\/index.php\/2025\/07\/03\/pessoas-com-sindrome-de-down-alzheimer-parkinson-hiv-e-tea-estao-dispensadas-de-pericia\/#article","isPartOf":{"@id":"https:\/\/portalincluir.com.br\/index.php\/2025\/07\/03\/pessoas-com-sindrome-de-down-alzheimer-parkinson-hiv-e-tea-estao-dispensadas-de-pericia\/"},"author":{"name":"Portal Incluir","@id":"https:\/\/portalincluir.com.br\/#\/schema\/person\/8823664e5902eee555607fb75c4c35ae"},"headline":"Pessoas com S\u00edndrome de Down, Alzheimer, Parkinson, HIV e TEA est\u00e3o dispensadas de per\u00edcia","datePublished":"2025-07-03T13:50:00+00:00","dateModified":"2025-11-17T17:27:45+00:00","mainEntityOfPage":{"@id":"https:\/\/portalincluir.com.br\/index.php\/2025\/07\/03\/pessoas-com-sindrome-de-down-alzheimer-parkinson-hiv-e-tea-estao-dispensadas-de-pericia\/"},"wordCount":766,"commentCount":0,"image":{"@id":"https:\/\/portalincluir.com.br\/index.php\/2025\/07\/03\/pessoas-com-sindrome-de-down-alzheimer-parkinson-hiv-e-tea-estao-dispensadas-de-pericia\/#primaryimage"},"thumbnailUrl":"https:\/\/portalincluir.com.br\/wp-content\/uploads\/2025\/11\/inss-Lula-1536x1023-1.jpg","articleSection":["Not\u00edcias"],"inLanguage":"pt-BR","potentialAction":[{"@type":"CommentAction","name":"Comment","target":["https:\/\/portalincluir.com.br\/index.php\/2025\/07\/03\/pessoas-com-sindrome-de-down-alzheimer-parkinson-hiv-e-tea-estao-dispensadas-de-pericia\/#respond"]}]},{"@type":"WebPage","@id":"https:\/\/portalincluir.com.br\/index.php\/2025\/07\/03\/pessoas-com-sindrome-de-down-alzheimer-parkinson-hiv-e-tea-estao-dispensadas-de-pericia\/","url":"https:\/\/portalincluir.com.br\/index.php\/2025\/07\/03\/pessoas-com-sindrome-de-down-alzheimer-parkinson-hiv-e-tea-estao-dispensadas-de-pericia\/","name":"Pessoas com S\u00edndrome de Down, Alzheimer, Parkinson, HIV e TEA est\u00e3o dispensadas de per\u00edcia - PORTAL INCLUIR","isPartOf":{"@id":"https:\/\/portalincluir.com.br\/#website"},"primaryImageOfPage":{"@id":"https:\/\/portalincluir.com.br\/index.php\/2025\/07\/03\/pessoas-com-sindrome-de-down-alzheimer-parkinson-hiv-e-tea-estao-dispensadas-de-pericia\/#primaryimage"},"image":{"@id":"https:\/\/portalincluir.com.br\/index.php\/2025\/07\/03\/pessoas-com-sindrome-de-down-alzheimer-parkinson-hiv-e-tea-estao-dispensadas-de-pericia\/#primaryimage"},"thumbnailUrl":"https:\/\/portalincluir.com.br\/wp-content\/uploads\/2025\/11\/inss-Lula-1536x1023-1.jpg","datePublished":"2025-07-03T13:50:00+00:00","dateModified":"2025-11-17T17:27:45+00:00","author":{"@id":"https:\/\/portalincluir.com.br\/#\/schema\/person\/8823664e5902eee555607fb75c4c35ae"},"breadcrumb":{"@id":"https:\/\/portalincluir.com.br\/index.php\/2025\/07\/03\/pessoas-com-sindrome-de-down-alzheimer-parkinson-hiv-e-tea-estao-dispensadas-de-pericia\/#breadcrumb"},"inLanguage":"pt-BR","potentialAction":[{"@type":"ReadAction","target":["https:\/\/portalincluir.com.br\/index.php\/2025\/07\/03\/pessoas-com-sindrome-de-down-alzheimer-parkinson-hiv-e-tea-estao-dispensadas-de-pericia\/"]}]},{"@type":"ImageObject","inLanguage":"pt-BR","@id":"https:\/\/portalincluir.com.br\/index.php\/2025\/07\/03\/pessoas-com-sindrome-de-down-alzheimer-parkinson-hiv-e-tea-estao-dispensadas-de-pericia\/#primaryimage","url":"https:\/\/portalincluir.com.br\/wp-content\/uploads\/2025\/11\/inss-Lula-1536x1023-1.jpg","contentUrl":"https:\/\/portalincluir.com.br\/wp-content\/uploads\/2025\/11\/inss-Lula-1536x1023-1.jpg","width":1536,"height":1023},{"@type":"BreadcrumbList","@id":"https:\/\/portalincluir.com.br\/index.php\/2025\/07\/03\/pessoas-com-sindrome-de-down-alzheimer-parkinson-hiv-e-tea-estao-dispensadas-de-pericia\/#breadcrumb","itemListElement":[{"@type":"ListItem","position":1,"name":"In\u00edcio","item":"https:\/\/portalincluir.com.br\/"},{"@type":"ListItem","position":2,"name":"Pessoas com S\u00edndrome de Down, Alzheimer, Parkinson, HIV e TEA est\u00e3o dispensadas de per\u00edcia"}]},{"@type":"WebSite","@id":"https:\/\/portalincluir.com.br\/#website","url":"https:\/\/portalincluir.com.br\/","name":"PORTAL INCLUIR","description":"","potentialAction":[{"@type":"SearchAction","target":{"@type":"EntryPoint","urlTemplate":"https:\/\/portalincluir.com.br\/?s={search_term_string}"},"query-input":{"@type":"PropertyValueSpecification","valueRequired":true,"valueName":"search_term_string"}}],"inLanguage":"pt-BR"},{"@type":"Person","@id":"https:\/\/portalincluir.com.br\/#\/schema\/person\/8823664e5902eee555607fb75c4c35ae","name":"Portal Incluir","image":{"@type":"ImageObject","inLanguage":"pt-BR","@id":"https:\/\/secure.gravatar.com\/avatar\/12085fe17e70c3550551519fe1f8f51fae69b1748563a47fc3bea53d91fbcbbd?s=96&d=mm&r=g","url":"https:\/\/secure.gravatar.com\/avatar\/12085fe17e70c3550551519fe1f8f51fae69b1748563a47fc3bea53d91fbcbbd?s=96&d=mm&r=g","contentUrl":"https:\/\/secure.gravatar.com\/avatar\/12085fe17e70c3550551519fe1f8f51fae69b1748563a47fc3bea53d91fbcbbd?s=96&d=mm&r=g","caption":"Portal Incluir"},"sameAs":["http:\/\/portalincluir.com.br"],"url":"https:\/\/portalincluir.com.br\/index.php\/author\/portalincluir-com-br\/"}]}},"_links":{"self":[{"href":"https:\/\/portalincluir.com.br\/index.php\/wp-json\/wp\/v2\/posts\/732","targetHints":{"allow":["GET"]}}],"collection":[{"href":"https:\/\/portalincluir.com.br\/index.php\/wp-json\/wp\/v2\/posts"}],"about":[{"href":"https:\/\/portalincluir.com.br\/index.php\/wp-json\/wp\/v2\/types\/post"}],"author":[{"embeddable":true,"href":"https:\/\/portalincluir.com.br\/index.php\/wp-json\/wp\/v2\/users\/1"}],"replies":[{"embeddable":true,"href":"https:\/\/portalincluir.com.br\/index.php\/wp-json\/wp\/v2\/comments?post=732"}],"version-history":[{"count":3,"href":"https:\/\/portalincluir.com.br\/index.php\/wp-json\/wp\/v2\/posts\/732\/revisions"}],"predecessor-version":[{"id":738,"href":"https:\/\/portalincluir.com.br\/index.php\/wp-json\/wp\/v2\/posts\/732\/revisions\/738"}],"wp:featuredmedia":[{"embeddable":true,"href":"https:\/\/portalincluir.com.br\/index.php\/wp-json\/wp\/v2\/media\/733"}],"wp:attachment":[{"href":"https:\/\/portalincluir.com.br\/index.php\/wp-json\/wp\/v2\/media?parent=732"}],"wp:term":[{"taxonomy":"category","embeddable":true,"href":"https:\/\/portalincluir.com.br\/index.php\/wp-json\/wp\/v2\/categories?post=732"},{"taxonomy":"post_tag","embeddable":true,"href":"https:\/\/portalincluir.com.br\/index.php\/wp-json\/wp\/v2\/tags?post=732"}],"curies":[{"name":"wp","href":"https:\/\/api.w.org\/{rel}","templated":true}]}}