{"id":739,"date":"2025-11-17T14:46:34","date_gmt":"2025-11-17T17:46:34","guid":{"rendered":"https:\/\/portalincluir.com.br\/?p=739"},"modified":"2025-11-17T14:47:43","modified_gmt":"2025-11-17T17:47:43","slug":"a-cidade-de-15-minutos-mito-e-realidade","status":"publish","type":"post","link":"https:\/\/portalincluir.com.br\/index.php\/2025\/11\/17\/a-cidade-de-15-minutos-mito-e-realidade\/","title":{"rendered":"A cidade de 15 minutos: mito e realidade"},"content":{"rendered":"\n<p>A ideia da \u201ccidade de 15 minutos\u201d ganhou destaque durante a campanha de reelei\u00e7\u00e3o da prefeita de Paris, Anne Hidalgo, em 2020. Em 2024, seu principal conselheiro de planejamento urbano, Carlos Moreno, publicou o livro de t\u00edtulo modesto\u00a0\u201cA Cidade de 15 Minutos: Uma Solu\u00e7\u00e3o para Salvar Nosso Tempo e Nosso Planeta\u201d, no qual aprofunda o conceito. O argumento central de Moreno \u00e9 que precisamos de planejadores urbanos competentes para organizar bairros onde tudo o que necessitamos \u2014 inclusive nossos empregos \u2014 esteja a no m\u00e1ximo 15 minutos a p\u00e9 de casa. Outros livros foram publicados para refor\u00e7ar sua tese, como\u00a0\u201c<em>Shrink the City: The 15-Minute Urban Experiment and the Cities of the Future\u201d<\/em>, de Natalie Whittle (2024).<\/p>\n\n\n\n<figure class=\"wp-block-image size-large\"><img loading=\"lazy\" decoding=\"async\" width=\"1024\" height=\"761\" src=\"https:\/\/portalincluir.com.br\/wp-content\/uploads\/2025\/11\/paris-capa-1024x761.webp\" alt=\"\" class=\"wp-image-741\" srcset=\"https:\/\/portalincluir.com.br\/wp-content\/uploads\/2025\/11\/paris-capa-1024x761.webp 1024w, https:\/\/portalincluir.com.br\/wp-content\/uploads\/2025\/11\/paris-capa-300x223.webp 300w, https:\/\/portalincluir.com.br\/wp-content\/uploads\/2025\/11\/paris-capa-768x571.webp 768w, https:\/\/portalincluir.com.br\/wp-content\/uploads\/2025\/11\/paris-capa-1536x1141.webp 1536w, https:\/\/portalincluir.com.br\/wp-content\/uploads\/2025\/11\/paris-capa.webp 2000w\" sizes=\"auto, (max-width: 1024px) 100vw, 1024px\" \/><figcaption class=\"wp-element-caption\">Foto: Daria Agafonova\/Pexels<\/figcaption><\/figure>\n\n\n\n<p>\u00c9 dif\u00edcil imaginar algu\u00e9m se opondo \u00e0 ideia de uma cidade em que tudo que precisamos est\u00e1 a 15 minutos de caminhada de casa. Cr\u00edticos da ideia de Moreno, no entanto, argumentam que essa proposta exigiria uma interven\u00e7\u00e3o excessiva do governo na economia urbana e poderia gerar gentrifica\u00e7\u00e3o, fazendo os alugu\u00e9is aumentarem nesses bairros \u201cideais\u201d. Alguns chegaram a insinuar que a cidade de 15 minutos \u00e9 parte de uma conspira\u00e7\u00e3o sombria para estabelecer controle governamental sobre a popula\u00e7\u00e3o urbana.<\/p>\n\n\n\n<p>Eu n\u00e3o acredito que a cidade de 15 minutos seja uma conspira\u00e7\u00e3o; vejo-a como uma utopia simpaticamente ing\u00eanua. E como todas as utopias, ela desvia a aten\u00e7\u00e3o dos verdadeiros problemas das cidades. Eis os meus argumentos:<\/p>\n\n\n\n<p>Os defensores da cidade de 15 minutos fazem duas promessas. Primeiro, que os urbanistas podem garantir que tudo que consumimos \u2014 alimentos, roupas, eletrodom\u00e9sticos, lazer, cultura \u2014 esteja a at\u00e9 15 minutos a p\u00e9 de casa. E segundo, que esses mesmos urbanistas poder\u00e3o alocar o emprego que n\u00f3s preferimos \u2014 dentre os v\u00e1rios poss\u00edveis em uma grande \u00e1rea metropolitana como Paris \u2014 tamb\u00e9m a uma caminhada de 15 minutos da nossa casa.<\/p>\n\n\n\n<h3 class=\"wp-block-heading\">Todo o consumo di\u00e1rio deve estar a at\u00e9 15 minutos a p\u00e9?<\/h3>\n\n\n\n<p>Comecemos pelo consumo rotineiro mais t\u00edpico: supermercado, padaria e servi\u00e7os como barbearia e sal\u00e3o de beleza. Em uma economia de mercado, empreendedores privados criam e operam esses tipos de com\u00e9rcio. Eles decidem a localiza\u00e7\u00e3o das lojas com base no n\u00famero de potenciais clientes que podem atrair.<\/p>\n\n\n\n<p>Na cidade de 15 minutos, esses empreendedores dependeriam da quantidade de clientes residindo em um raio de aproximadamente 1 km \u2014 a dist\u00e2ncia aproximada que um pedestre alcan\u00e7a em 15 minutos a uma velocidade m\u00e9dia de 4 km\/h. A renda m\u00e9dia das fam\u00edlias dentro desse raio acess\u00edvel v\u00e3o determinar o tipo de loja e os produtos vendidos. Quanto mais pessoas nesse c\u00edrculo, maior a probabilidade das lojas concorrerem entre si,&nbsp; e mais atrativas elas ser\u00e3o aos potenciais clientes.<\/p>\n\n\n\n<p>A possibilidade de ter produtos e servi\u00e7os do dia a dia a 15 minutos de casa depende da densidade residencial em uma \u00e1rea de cerca de 314 hectares. Para ter viabilidade econ\u00f4mica, cada tipo de neg\u00f3cio exige um n\u00famero diferente de consumidores em potencial. Uma rede de&nbsp;<em>fast-food&nbsp;<\/em>e um restaurante japon\u00eas sofisticado, por exemplo, precisam de n\u00fameros diferentes de clientes, com n\u00edveis de renda distintos, para serem economicamente sustent\u00e1veis atraindo pessoas da \u00e1rea circundante.<\/p>\n\n\n\n<p>Portanto, a capacidade de criar bairros de 15 minutos n\u00e3o depende de um urbanista determinando a \u00e1rea certa para alocar uma padaria, restaurante ou bar. Na verdade, depende inteiramente da densidade populacional, da renda dos moradores e da decis\u00e3o de empreendedores privados sobre quantos clientes em potencial s\u00e3o necess\u00e1rios para que o neg\u00f3cio funcione. Urbanistas n\u00e3o t\u00eam controle sobre nenhuma dessas vari\u00e1veis. Densidade, renda domiciliar e decis\u00f5es de empreendedores fazem parte da ordem espont\u00e2nea que contribui para a pr\u00f3pria exist\u00eancia das cidades.<\/p>\n\n\n\n<p>Como tanto as densidades quanto as rendas variam amplamente entre bairros da mesma cidade, dever\u00edamos falar em \u201cbairros de 15 minutos\u201d ao inv\u00e9s de \u201ccidades de 15 minutos\u201d.<\/p>\n\n\n\n<p>Paris \u00e9 uma cidade excepcionalmente densa \u2014 com uma m\u00e9dia de 210 habitantes por hectare, chegando a 411 em alguns bairros \u2014 e com uma alta renda domiciliar mediana, de 42.260 d\u00f3lares por ano. Consequentemente, \u00e9 de se esperar que existam muitas lojas, restaurantes e servi\u00e7os acess\u00edveis a p\u00e9 em uma \u00e1rea de 314 hectares. De fato, dados do\u00a0<em>Atelier Parisien d\u2019Urbanisme (APUR)<\/em>\u00a0confirmam\u00a0que os parisienses t\u00eam acesso a cerca de 59 padarias e 197 mercearias a at\u00e9 15 minutos de caminhada da resid\u00eancia. Essa abund\u00e2ncia de com\u00e9rcio n\u00e3o \u00e9 resultado de um planejamento urbano inteligente, mas sim da alta densidade e alta renda da cidade.<\/p>\n\n\n\n<p>Al\u00e9m disso, os parisienses se beneficiam de uma regula\u00e7\u00e3o favor\u00e1vel em rela\u00e7\u00e3o ao uso do solo. Neg\u00f3cios de varejo podem operar em qualquer parte de uma \u00e1rea residencial, sem as leis de zoneamento restringindo os usos, como ocorre nos Estados Unidos. Em Paris, apenas ind\u00fastrias pesadas s\u00e3o proibidas em \u00e1reas residenciais. Portanto, embora urbanistas n\u00e3o possam criar cidades de 15 minutos, eles podem acabar impedindo que elas existam \u2014 por meio da regula\u00e7\u00e3o.<\/p>\n\n\n\n<p>A localiza\u00e7\u00e3o de equipamentos p\u00fablicos \u2014 como creches, escolas prim\u00e1rias e unidades de sa\u00fade \u2014 tamb\u00e9m depende da densidade populacional do bairro.<\/p>\n\n\n\n<p>Uma escola n\u00e3o funciona sem um n\u00famero m\u00ednimo de alunos. O Minist\u00e9rio da Educa\u00e7\u00e3o franc\u00eas recomenda pelo menos 200 crian\u00e7as por escola prim\u00e1ria. Em Paris, a m\u00e9dia \u00e9 de 180 alunos por escola, com um total de 657 escolas \u2014 aproximadamente 23 escolas prim\u00e1rias por raio de 15 minutos a p\u00e9.<\/p>\n\n\n\n<p>A acessibilidade a p\u00e9 a creches e escolas depende da densidade de crian\u00e7as, que por sua vez depende da taxa de fecundidade e do perfil et\u00e1rio das mulheres no bairro. O&nbsp;<em>16\u00ba arrondissement<\/em>, por exemplo, tem uma popula\u00e7\u00e3o mais envelhecida que a m\u00e9dia da cidade e, portanto, menos crian\u00e7as em idade escolar. Como resultado, algumas escolas est\u00e3o sendo fechadas por falta de alunos. Quando isso acontece, a dist\u00e2ncia a p\u00e9 at\u00e9 as escolas remanescentes aumenta para as crian\u00e7as que frequentavam a que foi fechada.&nbsp;<\/p>\n\n\n\n<p>O tempo de caminhada at\u00e9 a escola, portanto, n\u00e3o depende do planejamento urbano, mas sim da idade e da fecundidade das mulheres que residem no bairro. Nenhum urbanista brilhante consegue influenciar isso.<\/p>\n\n\n\n<p>Utilizei Paris para testar a viabilidade da acessibilidade com 15 minutos de caminhada a estabelecimentos que vendem bens de consumo di\u00e1rio. Esse mesmo teste pode ser feito em outros bairros de diferentes partes do mundo.<\/p>\n\n\n\n<p>A tabela abaixo mostra a densidade de diversos bairros, desde um sub\u00farbio pouco denso de Nova York at\u00e9 uma \u00e1rea de alta densidade no centro de Han\u00f3i. Ela tamb\u00e9m indica o n\u00famero de pessoas a at\u00e9 15 minutos de caminhada de qualquer loja. \u00c9 f\u00e1cil inferir quais bairros j\u00e1 funcionam como \u201cbairros de 15 minutos\u201d e quais n\u00e3o. Mas o tipo de com\u00e9rcio tamb\u00e9m depender\u00e1 da renda m\u00e9dia das fam\u00edlias no bairro.<\/p>\n\n\n\n<figure class=\"wp-block-image\"><img decoding=\"async\" src=\"https:\/\/storage.caosplanejado.com\/uploads\/2025\/05\/tabela-densidades.webp\" alt=\"\" class=\"wp-image-21071\"\/><figcaption class=\"wp-element-caption\">Tabela com densidades (hab\/ha) de diferentes bairros e a popula\u00e7\u00e3o dentro de um c\u00edrculo de 314 hectares. Fonte: Alain Bertaud, com base nos censos<\/figcaption><\/figure>\n\n\n\n<h3 class=\"wp-block-heading\">Urbanistas podem prover o emprego que voc\u00ea deseja a 15 minutos da sua casa?<\/h3>\n\n\n\n<p>Embora seja poss\u00edvel, com densidade e renda suficientes, encontrar lojas e restaurantes a 15 minutos de casa, as chances de encontrar o emprego ideal a essa dist\u00e2ncia s\u00e3o muito pequenas em uma grande metr\u00f3pole.<\/p>\n\n\n\n<p>Pessoas se mudam para grandes cidades \u2014 mesmo enfrentando aluguel alto e tr\u00e2nsito \u2014 porque elas oferecem diversidade de oportunidades de emprego. Em meu livro\u00a0\u201cOrdem sem Design: Como os Mercados Moldam as Cidades\u201d, argumento que cidades s\u00e3o, acima de tudo, mercados de trabalho. E a palavra-chave aqui \u00e9 \u201cmercado\u201d.<\/p>\n\n\n\n<p>Escolher um emprego no mercado significa ter v\u00e1rias op\u00e7\u00f5es concorrentes. Embora possamos estar satisfeitos com tr\u00eas ou quatro padarias, n\u00e3o estar\u00edamos contentes com uma escolha restrita a apenas quatro op\u00e7\u00f5es de emprego. A motiva\u00e7\u00e3o para morar em uma cidade grande \u00e9 justamente o acesso a muitas oportunidades. Se o sistema de transporte da cidade \u00e9 eficiente, podemos escolher um emprego ideal em qualquer parte da cidade \u2014 tornando irrelevante a localiza\u00e7\u00e3o da moradia. Se ele for ineficiente, limitamos nossa busca a empregos a at\u00e9 1 hora de dist\u00e2ncia, reduzindo o leque de op\u00e7\u00f5es.<\/p>\n\n\n\n<p>Com o tempo, podemos querer mudar de emprego. E novamente, queremos ter v\u00e1rias op\u00e7\u00f5es para poder avaliar o equil\u00edbrio entre o tempo de deslocamento e a qualidade ou o interesse pelo trabalho. Embora possamos deixar de procurar empregos que exijam um tempo de deslocamento acima de um limite determinado \u2014 digamos, 1 hora \u2014, um deslocamento muito curto, como uma caminhada de 15 minutos, dificilmente ser\u00e1 o fator decisivo quando comparado a aspectos como sal\u00e1rio, interesse pelo trabalho, possibilidades de crescimento, ambiente profissional etc.<\/p>\n\n\n\n<p>Ao observar os padr\u00f5es de deslocamento na regi\u00e3o metropolitana de Paris, vemos que 30% dos parisienses empregados trabalham fora da cidade de Paris, apesar dela oferecer mais de 1,8 empregos para cada trabalhador.<\/p>\n\n\n\n<figure class=\"wp-block-image\"><img decoding=\"async\" src=\"https:\/\/storage.caosplanejado.com\/uploads\/2025\/05\/viagens-RM-paris-910x863.webp\" alt=\"\" class=\"wp-image-21072\"\/><figcaption class=\"wp-element-caption\">Deslocamentos casa-trabalho na regi\u00e3o metropolitana de Paris. Imagem: APUR<\/figcaption><\/figure>\n\n\n\n<p>Devido \u00e0 alta densidade de empregos dispon\u00edveis em Paris, cada trabalhador tem acesso a aproximadamente 50 mil empregos a uma caminhada de 15 minutos de sua resid\u00eancia. No entanto, apenas 12% dos trabalhadores tiram proveito dessa proximidade, e 88% optam por utilizar algum outro meio de transporte para chegar ao local de trabalho. Al\u00e9m disso, 8% dos trabalhadores gastam mais de 1 hora de deslocamento, apesar dos 50 mil empregos acess\u00edveis a p\u00e9. Essa distribui\u00e7\u00e3o do tempo de deslocamento reflete as escolhas e ren\u00fancias encontradas em qualquer grande mercado de trabalho.<\/p>\n\n\n\n<figure class=\"wp-block-image\"><img decoding=\"async\" src=\"https:\/\/storage.caosplanejado.com\/uploads\/2025\/05\/grafico.png\" alt=\"\" class=\"wp-image-21084\"\/><\/figure>\n\n\n\n<p>At\u00e9 30% dos trabalhadores parisienses escolhem trabalhar fora da cidade, mesmo diante da alta concentra\u00e7\u00e3o de empregos em Paris.<\/p>\n\n\n\n<figure class=\"wp-block-image\"><img decoding=\"async\" src=\"https:\/\/storage.caosplanejado.com\/uploads\/2025\/05\/tabela-1-1-910x302.webp\" alt=\"\" class=\"wp-image-21077\"\/><\/figure>\n\n\n\n<p>A maioria dos empregos localizados no munic\u00edpio de Paris (61%) \u00e9 ocupada por trabalhadores que vivem na regi\u00e3o metropolitana de Paris ou at\u00e9 mais longe.<\/p>\n\n\n\n<figure class=\"wp-block-image\"><img decoding=\"async\" src=\"https:\/\/storage.caosplanejado.com\/uploads\/2025\/05\/tabela-2-910x321.webp\" alt=\"\" class=\"wp-image-21079\"\/><\/figure>\n\n\n\n<p>Percebemos que a maioria dos parisienses e dos trabalhadores suburbanos faz escolhas para encontrar um equil\u00edbrio entre dist\u00e2ncia e qualidade do emprego, n\u00e3o necessariamente priorizando a proximidade, mas sim a atratividade da oportunidade. O conceito de cidade de 15 minutos, quando aplicado ao trabalho, assume que a proximidade \u00e9 o principal crit\u00e9rio na hora de escolher um emprego.<\/p>\n\n\n\n<p>Urbanistas t\u00eam a infeliz tend\u00eancia paternalista de substituir as escolhas dos cidad\u00e3os por suas pr\u00f3prias prefer\u00eancias. Um estudo sobre os padr\u00f5es de deslocamento revela com facilidade as prefer\u00eancias dos trabalhadores ao escolherem seus empregos em uma \u00e1rea metropolitana. Urbanistas podem melhorar a vida dos trabalhadores ao aumentar a velocidade dos meios de transporte, ao inv\u00e9s de tentar alocar empregos com base no local de moradia dos cidad\u00e3os.<\/p>\n\n\n\n<h3 class=\"wp-block-heading\">A cidade de 15 minutos \u00e9 boa demais para ser verdade?<\/h3>\n\n\n\n<p>A ideia de ter acesso a alimentos, servi\u00e7os e emprego a apenas 15 minutos de caminhada de casa \u00e9, sem d\u00favida, atraente. Mas \u00e9 evidente que os urbanistas n\u00e3o possuem as ferramentas necess\u00e1rias para atingir isso. Em Paris, o acesso a bens e servi\u00e7os cotidianos \u00e9 conquistado n\u00e3o por causa de um planejamento urbano inteligente, mas por conta da hist\u00f3rica alta densidade e da elevada renda das fam\u00edlias parisienses.<\/p>\n\n\n\n<p>No futuro, com as mudan\u00e7as nos padr\u00f5es de consumo e a tecnologia de entregas, os urbanistas talvez nem consigam mais determinar quais densidades seriam necess\u00e1rias para garantir que alimentos estivessem dispon\u00edveis a 15 minutos a p\u00e9. Cada vez mais as compras s\u00e3o feitas online, e alimentos e outros produtos s\u00e3o entregues diretamente em casa, sem que as pessoas precisem caminhar at\u00e9 um restaurante ou loja.<\/p>\n\n\n\n<p>Ser\u00e1 que essa tend\u00eancia vai avan\u00e7ar at\u00e9 o ponto em que a produ\u00e7\u00e3o de alimentos que distribui comida diretamente para as resid\u00eancias vai substituir muitos dos restaurantes existentes? Espero que n\u00e3o, mas ainda n\u00e3o sabemos. Ser\u00e3o as prefer\u00eancias dos consumidores, os n\u00edveis de renda e as restri\u00e7\u00f5es de oferta dos produtores que determinar\u00e3o isso \u2014 e n\u00e3o os urbanistas.<\/p>\n\n\n\n<p>Urbanistas que prometem empregos desej\u00e1veis a 15 minutos a p\u00e9 de casa est\u00e3o sendo ainda mais desonestos. O conceito ignora a forma como os mercados de trabalho realmente funcionam. No caso de Paris, quando Carlos Moreno afirma que vai prover empregos desej\u00e1veis a uma caminhada de 15 minutos, o que exatamente isso significa? Ele criar\u00e1 novos empregos em Paris, al\u00e9m dos que j\u00e1 existem? Na realidade, a maioria dos empregos em Paris j\u00e1 \u00e9 ocupada por residentes dos sub\u00farbios. E de qualquer forma, urbanistas n\u00e3o podem criar empregos em locais espec\u00edficos. Seus instrumentos regulat\u00f3rios s\u00f3 permitem que eles impe\u00e7am que empregos sejam criados em determinados lugares. Criar mais empregos dentro do munic\u00edpio de Paris n\u00e3o tornaria o deslocamento ainda mais longo e congestionado para os trabalhadores suburbanos?<\/p>\n\n\n\n<p>Suponhamos que urbanistas queiram reduzir as dist\u00e2ncias at\u00e9 lojas e restaurantes: eles poderiam flexibilizar as leis de zoneamento, que em muitas cidades restringem a localiza\u00e7\u00e3o de com\u00e9rcios em \u00e1reas residenciais. Essa restri\u00e7\u00e3o n\u00e3o existe em Paris.<\/p>\n\n\n\n<p>Como em muitas outras \u00e1reas metropolitanas, os longos deslocamentos s\u00e3o, sem d\u00favida, um problema em Paris. Para reduzir os tempos de deslocamento, urbanistas podem melhorar a velocidade dos diferentes meios de transporte j\u00e1 existentes e, possivelmente, introduzir modais alternativos. Remover as restri\u00e7\u00f5es regulat\u00f3rias que congelam o potencial construtivo para uso residencial permitiria que o setor privado constru\u00edsse moradias mais acess\u00edveis para um n\u00famero maior de trabalhadores e em locais mais desej\u00e1veis, com acesso a empregos.&nbsp;<\/p>\n\n\n\n<p>Em resumo: o conceito da cidade de 15 minutos funciona como uma distra\u00e7\u00e3o que desvia a aten\u00e7\u00e3o de outros problemas complexos \u2014 como o transporte metropolitano e a oferta de moradia acess\u00edvel.<\/p>\n\n\n\n<p><strong>Artigo originalmente publicado em&nbsp;<a href=\"https:\/\/coecept.substack.com\/p\/6-the-15-minute-city-urbanisation?utm_source=post-email-title&amp;publication_id=3858597&amp;post_id=163256892&amp;utm_campaign=email-post-title&amp;isFreemail=true&amp;r=2s5wce&amp;triedRedirect=true&amp;utm_medium=email\">Ideas for Indian Cities<\/a>, em maio de 2025.<\/strong><\/p>\n","protected":false},"excerpt":{"rendered":"<p>A ideia da \u201ccidade de 15 minutos\u201d ganhou destaque durante a campanha de reelei\u00e7\u00e3o da<\/p>\n","protected":false},"author":1,"featured_media":740,"comment_status":"open","ping_status":"open","sticky":false,"template":"","format":"standard","meta":{"om_disable_all_campaigns":false,"_monsterinsights_skip_tracking":false,"_monsterinsights_sitenote_active":false,"_monsterinsights_sitenote_note":"","_monsterinsights_sitenote_category":0,"_uf_show_specific_survey":0,"_uf_disable_surveys":false,"footnotes":""},"categories":[9,1],"tags":[],"class_list":["post-739","post","type-post","status-publish","format-standard","has-post-thumbnail","hentry","category-noticias","category-portal"],"yoast_head":"<!-- This site is optimized with the Yoast SEO plugin v27.4 - https:\/\/yoast.com\/product\/yoast-seo-wordpress\/ -->\n<title>A cidade de 15 minutos: mito e realidade - PORTAL INCLUIR<\/title>\n<meta name=\"robots\" content=\"index, follow, max-snippet:-1, max-image-preview:large, max-video-preview:-1\" \/>\n<link rel=\"canonical\" href=\"https:\/\/portalincluir.com.br\/index.php\/2025\/11\/17\/a-cidade-de-15-minutos-mito-e-realidade\/\" \/>\n<meta property=\"og:locale\" content=\"pt_BR\" \/>\n<meta property=\"og:type\" content=\"article\" \/>\n<meta property=\"og:title\" content=\"A cidade de 15 minutos: mito e realidade - PORTAL INCLUIR\" \/>\n<meta property=\"og:description\" content=\"A ideia da \u201ccidade de 15 minutos\u201d ganhou destaque durante a campanha de reelei\u00e7\u00e3o da\" \/>\n<meta property=\"og:url\" content=\"https:\/\/portalincluir.com.br\/index.php\/2025\/11\/17\/a-cidade-de-15-minutos-mito-e-realidade\/\" \/>\n<meta property=\"og:site_name\" content=\"PORTAL INCLUIR\" \/>\n<meta property=\"article:published_time\" content=\"2025-11-17T17:46:34+00:00\" \/>\n<meta property=\"article:modified_time\" content=\"2025-11-17T17:47:43+00:00\" \/>\n<meta property=\"og:image\" content=\"https:\/\/portalincluir.com.br\/wp-content\/uploads\/2025\/11\/Screen-Shot-2025-05-12-at-16.02.50.webp\" \/>\n\t<meta property=\"og:image:width\" content=\"900\" \/>\n\t<meta property=\"og:image:height\" content=\"597\" \/>\n\t<meta property=\"og:image:type\" content=\"image\/webp\" \/>\n<meta name=\"author\" content=\"Portal Incluir\" \/>\n<meta name=\"twitter:card\" content=\"summary_large_image\" \/>\n<meta name=\"twitter:label1\" content=\"Escrito por\" \/>\n\t<meta name=\"twitter:data1\" content=\"Portal Incluir\" \/>\n\t<meta name=\"twitter:label2\" content=\"Est. tempo de leitura\" \/>\n\t<meta name=\"twitter:data2\" content=\"12 minutos\" \/>\n<script type=\"application\/ld+json\" class=\"yoast-schema-graph\">{\"@context\":\"https:\\\/\\\/schema.org\",\"@graph\":[{\"@type\":[\"Article\",\"BlogPosting\"],\"@id\":\"https:\\\/\\\/portalincluir.com.br\\\/index.php\\\/2025\\\/11\\\/17\\\/a-cidade-de-15-minutos-mito-e-realidade\\\/#article\",\"isPartOf\":{\"@id\":\"https:\\\/\\\/portalincluir.com.br\\\/index.php\\\/2025\\\/11\\\/17\\\/a-cidade-de-15-minutos-mito-e-realidade\\\/\"},\"author\":{\"name\":\"Portal Incluir\",\"@id\":\"https:\\\/\\\/portalincluir.com.br\\\/#\\\/schema\\\/person\\\/8823664e5902eee555607fb75c4c35ae\"},\"headline\":\"A cidade de 15 minutos: mito e realidade\",\"datePublished\":\"2025-11-17T17:46:34+00:00\",\"dateModified\":\"2025-11-17T17:47:43+00:00\",\"mainEntityOfPage\":{\"@id\":\"https:\\\/\\\/portalincluir.com.br\\\/index.php\\\/2025\\\/11\\\/17\\\/a-cidade-de-15-minutos-mito-e-realidade\\\/\"},\"wordCount\":2320,\"commentCount\":0,\"image\":{\"@id\":\"https:\\\/\\\/portalincluir.com.br\\\/index.php\\\/2025\\\/11\\\/17\\\/a-cidade-de-15-minutos-mito-e-realidade\\\/#primaryimage\"},\"thumbnailUrl\":\"https:\\\/\\\/portalincluir.com.br\\\/wp-content\\\/uploads\\\/2025\\\/11\\\/Screen-Shot-2025-05-12-at-16.02.50.webp\",\"articleSection\":[\"Not\u00edcias\",\"Portal\"],\"inLanguage\":\"pt-BR\",\"potentialAction\":[{\"@type\":\"CommentAction\",\"name\":\"Comment\",\"target\":[\"https:\\\/\\\/portalincluir.com.br\\\/index.php\\\/2025\\\/11\\\/17\\\/a-cidade-de-15-minutos-mito-e-realidade\\\/#respond\"]}]},{\"@type\":\"WebPage\",\"@id\":\"https:\\\/\\\/portalincluir.com.br\\\/index.php\\\/2025\\\/11\\\/17\\\/a-cidade-de-15-minutos-mito-e-realidade\\\/\",\"url\":\"https:\\\/\\\/portalincluir.com.br\\\/index.php\\\/2025\\\/11\\\/17\\\/a-cidade-de-15-minutos-mito-e-realidade\\\/\",\"name\":\"A cidade de 15 minutos: mito e realidade - PORTAL INCLUIR\",\"isPartOf\":{\"@id\":\"https:\\\/\\\/portalincluir.com.br\\\/#website\"},\"primaryImageOfPage\":{\"@id\":\"https:\\\/\\\/portalincluir.com.br\\\/index.php\\\/2025\\\/11\\\/17\\\/a-cidade-de-15-minutos-mito-e-realidade\\\/#primaryimage\"},\"image\":{\"@id\":\"https:\\\/\\\/portalincluir.com.br\\\/index.php\\\/2025\\\/11\\\/17\\\/a-cidade-de-15-minutos-mito-e-realidade\\\/#primaryimage\"},\"thumbnailUrl\":\"https:\\\/\\\/portalincluir.com.br\\\/wp-content\\\/uploads\\\/2025\\\/11\\\/Screen-Shot-2025-05-12-at-16.02.50.webp\",\"datePublished\":\"2025-11-17T17:46:34+00:00\",\"dateModified\":\"2025-11-17T17:47:43+00:00\",\"author\":{\"@id\":\"https:\\\/\\\/portalincluir.com.br\\\/#\\\/schema\\\/person\\\/8823664e5902eee555607fb75c4c35ae\"},\"breadcrumb\":{\"@id\":\"https:\\\/\\\/portalincluir.com.br\\\/index.php\\\/2025\\\/11\\\/17\\\/a-cidade-de-15-minutos-mito-e-realidade\\\/#breadcrumb\"},\"inLanguage\":\"pt-BR\",\"potentialAction\":[{\"@type\":\"ReadAction\",\"target\":[\"https:\\\/\\\/portalincluir.com.br\\\/index.php\\\/2025\\\/11\\\/17\\\/a-cidade-de-15-minutos-mito-e-realidade\\\/\"]}]},{\"@type\":\"ImageObject\",\"inLanguage\":\"pt-BR\",\"@id\":\"https:\\\/\\\/portalincluir.com.br\\\/index.php\\\/2025\\\/11\\\/17\\\/a-cidade-de-15-minutos-mito-e-realidade\\\/#primaryimage\",\"url\":\"https:\\\/\\\/portalincluir.com.br\\\/wp-content\\\/uploads\\\/2025\\\/11\\\/Screen-Shot-2025-05-12-at-16.02.50.webp\",\"contentUrl\":\"https:\\\/\\\/portalincluir.com.br\\\/wp-content\\\/uploads\\\/2025\\\/11\\\/Screen-Shot-2025-05-12-at-16.02.50.webp\",\"width\":900,\"height\":597},{\"@type\":\"BreadcrumbList\",\"@id\":\"https:\\\/\\\/portalincluir.com.br\\\/index.php\\\/2025\\\/11\\\/17\\\/a-cidade-de-15-minutos-mito-e-realidade\\\/#breadcrumb\",\"itemListElement\":[{\"@type\":\"ListItem\",\"position\":1,\"name\":\"In\u00edcio\",\"item\":\"https:\\\/\\\/portalincluir.com.br\\\/\"},{\"@type\":\"ListItem\",\"position\":2,\"name\":\"A cidade de 15 minutos: mito e realidade\"}]},{\"@type\":\"WebSite\",\"@id\":\"https:\\\/\\\/portalincluir.com.br\\\/#website\",\"url\":\"https:\\\/\\\/portalincluir.com.br\\\/\",\"name\":\"PORTAL INCLUIR\",\"description\":\"\",\"potentialAction\":[{\"@type\":\"SearchAction\",\"target\":{\"@type\":\"EntryPoint\",\"urlTemplate\":\"https:\\\/\\\/portalincluir.com.br\\\/?s={search_term_string}\"},\"query-input\":{\"@type\":\"PropertyValueSpecification\",\"valueRequired\":true,\"valueName\":\"search_term_string\"}}],\"inLanguage\":\"pt-BR\"},{\"@type\":\"Person\",\"@id\":\"https:\\\/\\\/portalincluir.com.br\\\/#\\\/schema\\\/person\\\/8823664e5902eee555607fb75c4c35ae\",\"name\":\"Portal Incluir\",\"image\":{\"@type\":\"ImageObject\",\"inLanguage\":\"pt-BR\",\"@id\":\"https:\\\/\\\/secure.gravatar.com\\\/avatar\\\/12085fe17e70c3550551519fe1f8f51fae69b1748563a47fc3bea53d91fbcbbd?s=96&d=mm&r=g\",\"url\":\"https:\\\/\\\/secure.gravatar.com\\\/avatar\\\/12085fe17e70c3550551519fe1f8f51fae69b1748563a47fc3bea53d91fbcbbd?s=96&d=mm&r=g\",\"contentUrl\":\"https:\\\/\\\/secure.gravatar.com\\\/avatar\\\/12085fe17e70c3550551519fe1f8f51fae69b1748563a47fc3bea53d91fbcbbd?s=96&d=mm&r=g\",\"caption\":\"Portal Incluir\"},\"sameAs\":[\"http:\\\/\\\/portalincluir.com.br\"],\"url\":\"https:\\\/\\\/portalincluir.com.br\\\/index.php\\\/author\\\/portalincluir-com-br\\\/\"}]}<\/script>\n<!-- \/ Yoast SEO plugin. -->","yoast_head_json":{"title":"A cidade de 15 minutos: mito e realidade - PORTAL INCLUIR","robots":{"index":"index","follow":"follow","max-snippet":"max-snippet:-1","max-image-preview":"max-image-preview:large","max-video-preview":"max-video-preview:-1"},"canonical":"https:\/\/portalincluir.com.br\/index.php\/2025\/11\/17\/a-cidade-de-15-minutos-mito-e-realidade\/","og_locale":"pt_BR","og_type":"article","og_title":"A cidade de 15 minutos: mito e realidade - PORTAL INCLUIR","og_description":"A ideia da \u201ccidade de 15 minutos\u201d ganhou destaque durante a campanha de reelei\u00e7\u00e3o da","og_url":"https:\/\/portalincluir.com.br\/index.php\/2025\/11\/17\/a-cidade-de-15-minutos-mito-e-realidade\/","og_site_name":"PORTAL INCLUIR","article_published_time":"2025-11-17T17:46:34+00:00","article_modified_time":"2025-11-17T17:47:43+00:00","og_image":[{"width":900,"height":597,"url":"https:\/\/portalincluir.com.br\/wp-content\/uploads\/2025\/11\/Screen-Shot-2025-05-12-at-16.02.50.webp","type":"image\/webp"}],"author":"Portal Incluir","twitter_card":"summary_large_image","twitter_misc":{"Escrito por":"Portal Incluir","Est. tempo de leitura":"12 minutos"},"schema":{"@context":"https:\/\/schema.org","@graph":[{"@type":["Article","BlogPosting"],"@id":"https:\/\/portalincluir.com.br\/index.php\/2025\/11\/17\/a-cidade-de-15-minutos-mito-e-realidade\/#article","isPartOf":{"@id":"https:\/\/portalincluir.com.br\/index.php\/2025\/11\/17\/a-cidade-de-15-minutos-mito-e-realidade\/"},"author":{"name":"Portal Incluir","@id":"https:\/\/portalincluir.com.br\/#\/schema\/person\/8823664e5902eee555607fb75c4c35ae"},"headline":"A cidade de 15 minutos: mito e realidade","datePublished":"2025-11-17T17:46:34+00:00","dateModified":"2025-11-17T17:47:43+00:00","mainEntityOfPage":{"@id":"https:\/\/portalincluir.com.br\/index.php\/2025\/11\/17\/a-cidade-de-15-minutos-mito-e-realidade\/"},"wordCount":2320,"commentCount":0,"image":{"@id":"https:\/\/portalincluir.com.br\/index.php\/2025\/11\/17\/a-cidade-de-15-minutos-mito-e-realidade\/#primaryimage"},"thumbnailUrl":"https:\/\/portalincluir.com.br\/wp-content\/uploads\/2025\/11\/Screen-Shot-2025-05-12-at-16.02.50.webp","articleSection":["Not\u00edcias","Portal"],"inLanguage":"pt-BR","potentialAction":[{"@type":"CommentAction","name":"Comment","target":["https:\/\/portalincluir.com.br\/index.php\/2025\/11\/17\/a-cidade-de-15-minutos-mito-e-realidade\/#respond"]}]},{"@type":"WebPage","@id":"https:\/\/portalincluir.com.br\/index.php\/2025\/11\/17\/a-cidade-de-15-minutos-mito-e-realidade\/","url":"https:\/\/portalincluir.com.br\/index.php\/2025\/11\/17\/a-cidade-de-15-minutos-mito-e-realidade\/","name":"A cidade de 15 minutos: mito e realidade - PORTAL INCLUIR","isPartOf":{"@id":"https:\/\/portalincluir.com.br\/#website"},"primaryImageOfPage":{"@id":"https:\/\/portalincluir.com.br\/index.php\/2025\/11\/17\/a-cidade-de-15-minutos-mito-e-realidade\/#primaryimage"},"image":{"@id":"https:\/\/portalincluir.com.br\/index.php\/2025\/11\/17\/a-cidade-de-15-minutos-mito-e-realidade\/#primaryimage"},"thumbnailUrl":"https:\/\/portalincluir.com.br\/wp-content\/uploads\/2025\/11\/Screen-Shot-2025-05-12-at-16.02.50.webp","datePublished":"2025-11-17T17:46:34+00:00","dateModified":"2025-11-17T17:47:43+00:00","author":{"@id":"https:\/\/portalincluir.com.br\/#\/schema\/person\/8823664e5902eee555607fb75c4c35ae"},"breadcrumb":{"@id":"https:\/\/portalincluir.com.br\/index.php\/2025\/11\/17\/a-cidade-de-15-minutos-mito-e-realidade\/#breadcrumb"},"inLanguage":"pt-BR","potentialAction":[{"@type":"ReadAction","target":["https:\/\/portalincluir.com.br\/index.php\/2025\/11\/17\/a-cidade-de-15-minutos-mito-e-realidade\/"]}]},{"@type":"ImageObject","inLanguage":"pt-BR","@id":"https:\/\/portalincluir.com.br\/index.php\/2025\/11\/17\/a-cidade-de-15-minutos-mito-e-realidade\/#primaryimage","url":"https:\/\/portalincluir.com.br\/wp-content\/uploads\/2025\/11\/Screen-Shot-2025-05-12-at-16.02.50.webp","contentUrl":"https:\/\/portalincluir.com.br\/wp-content\/uploads\/2025\/11\/Screen-Shot-2025-05-12-at-16.02.50.webp","width":900,"height":597},{"@type":"BreadcrumbList","@id":"https:\/\/portalincluir.com.br\/index.php\/2025\/11\/17\/a-cidade-de-15-minutos-mito-e-realidade\/#breadcrumb","itemListElement":[{"@type":"ListItem","position":1,"name":"In\u00edcio","item":"https:\/\/portalincluir.com.br\/"},{"@type":"ListItem","position":2,"name":"A cidade de 15 minutos: mito e realidade"}]},{"@type":"WebSite","@id":"https:\/\/portalincluir.com.br\/#website","url":"https:\/\/portalincluir.com.br\/","name":"PORTAL INCLUIR","description":"","potentialAction":[{"@type":"SearchAction","target":{"@type":"EntryPoint","urlTemplate":"https:\/\/portalincluir.com.br\/?s={search_term_string}"},"query-input":{"@type":"PropertyValueSpecification","valueRequired":true,"valueName":"search_term_string"}}],"inLanguage":"pt-BR"},{"@type":"Person","@id":"https:\/\/portalincluir.com.br\/#\/schema\/person\/8823664e5902eee555607fb75c4c35ae","name":"Portal Incluir","image":{"@type":"ImageObject","inLanguage":"pt-BR","@id":"https:\/\/secure.gravatar.com\/avatar\/12085fe17e70c3550551519fe1f8f51fae69b1748563a47fc3bea53d91fbcbbd?s=96&d=mm&r=g","url":"https:\/\/secure.gravatar.com\/avatar\/12085fe17e70c3550551519fe1f8f51fae69b1748563a47fc3bea53d91fbcbbd?s=96&d=mm&r=g","contentUrl":"https:\/\/secure.gravatar.com\/avatar\/12085fe17e70c3550551519fe1f8f51fae69b1748563a47fc3bea53d91fbcbbd?s=96&d=mm&r=g","caption":"Portal Incluir"},"sameAs":["http:\/\/portalincluir.com.br"],"url":"https:\/\/portalincluir.com.br\/index.php\/author\/portalincluir-com-br\/"}]}},"_links":{"self":[{"href":"https:\/\/portalincluir.com.br\/index.php\/wp-json\/wp\/v2\/posts\/739","targetHints":{"allow":["GET"]}}],"collection":[{"href":"https:\/\/portalincluir.com.br\/index.php\/wp-json\/wp\/v2\/posts"}],"about":[{"href":"https:\/\/portalincluir.com.br\/index.php\/wp-json\/wp\/v2\/types\/post"}],"author":[{"embeddable":true,"href":"https:\/\/portalincluir.com.br\/index.php\/wp-json\/wp\/v2\/users\/1"}],"replies":[{"embeddable":true,"href":"https:\/\/portalincluir.com.br\/index.php\/wp-json\/wp\/v2\/comments?post=739"}],"version-history":[{"count":2,"href":"https:\/\/portalincluir.com.br\/index.php\/wp-json\/wp\/v2\/posts\/739\/revisions"}],"predecessor-version":[{"id":744,"href":"https:\/\/portalincluir.com.br\/index.php\/wp-json\/wp\/v2\/posts\/739\/revisions\/744"}],"wp:featuredmedia":[{"embeddable":true,"href":"https:\/\/portalincluir.com.br\/index.php\/wp-json\/wp\/v2\/media\/740"}],"wp:attachment":[{"href":"https:\/\/portalincluir.com.br\/index.php\/wp-json\/wp\/v2\/media?parent=739"}],"wp:term":[{"taxonomy":"category","embeddable":true,"href":"https:\/\/portalincluir.com.br\/index.php\/wp-json\/wp\/v2\/categories?post=739"},{"taxonomy":"post_tag","embeddable":true,"href":"https:\/\/portalincluir.com.br\/index.php\/wp-json\/wp\/v2\/tags?post=739"}],"curies":[{"name":"wp","href":"https:\/\/api.w.org\/{rel}","templated":true}]}}