{"id":745,"date":"2025-11-17T21:15:42","date_gmt":"2025-11-18T00:15:42","guid":{"rendered":"https:\/\/portalincluir.com.br\/?p=745"},"modified":"2025-11-17T21:16:24","modified_gmt":"2025-11-18T00:16:24","slug":"linguagem-simples-em-mensagens-de-orgaos-publicos-agora-e-obrigatoria","status":"publish","type":"post","link":"https:\/\/portalincluir.com.br\/index.php\/2025\/11\/17\/linguagem-simples-em-mensagens-de-orgaos-publicos-agora-e-obrigatoria\/","title":{"rendered":"Linguagem simples em mensagens de \u00f3rg\u00e3os p\u00fablicos agora \u00e9 obrigat\u00f3ria"},"content":{"rendered":"\n<p>Os \u00f3rg\u00e3os p\u00fablicos devem usar linguagem simples para se comunicar com a popula\u00e7\u00e3o. \u00c9 o que determina a <a href=\"https:\/\/normas.leg.br\/?urn=urn:lex:br:federal:lei:2025-11-14;15263\" rel=\"noreferrer noopener\" target=\"_blank\">Lei 15.263<\/a>, publicada nesta segunda-feira (17) no <em>Di\u00e1rio Oficial da Uni\u00e3o<\/em>. O presidente da Rep\u00fablica, Luiz In\u00e1cio Lula da Silva, a sancionou na sexta-feira (14), com um veto (leia abaixo).<\/p>\n\n\n\n<p>A nova lei cria a Pol\u00edtica Nacional de Linguagem Simples. A regra vale para todos os \u00f3rg\u00e3os e entidades da administra\u00e7\u00e3o p\u00fablica direta e indireta de todos os Poderes da Uni\u00e3o, dos estados, do Distrito Federal e dos munic\u00edpios.<\/p>\n\n\n\n<p>Linguagem simples \u00e9 o conjunto de t\u00e9cnicas usadas para a transmiss\u00e3o clara de informa\u00e7\u00f5es. Um dos objetivos \u00e9 permitir que o cidad\u00e3o encontre, compreenda e utilize facilmente as informa\u00e7\u00f5es divulgadas pelos \u00f3rg\u00e3os p\u00fablicos. A Lei 15.263 estabelece outros objetivos para a Pol\u00edtica Nacional de Linguagem Simples:<\/p>\n\n\n\n<p>\u2022 reduzir a necessidade de intermedi\u00e1rios na comunica\u00e7\u00e3o entre o poder p\u00fablico e o cidad\u00e3o;<\/p>\n\n\n\n<p>\u2022 reduzir os custos administrativos e o tempo gasto no atendimento ao cidad\u00e3o;<\/p>\n\n\n\n<p>\u2022 promover a transpar\u00eancia e o acesso \u00e0 informa\u00e7\u00e3o p\u00fablica;<\/p>\n\n\n\n<p>\u2022 facilitar a participa\u00e7\u00e3o popular e o controle social; e<\/p>\n\n\n\n<p>\u2022 facilitar a compreens\u00e3o da comunica\u00e7\u00e3o p\u00fablica por pessoas com defici\u00eancia.<\/p>\n\n\n\n<p>A nova lei lista 18 t\u00e9cnicas de linguagem que devem ser usadas pelos \u00f3rg\u00e3os p\u00fablicos na comunica\u00e7\u00e3o com o cidad\u00e3o. Entre elas:<\/p>\n\n\n\n<p>\u2022 usar frases curtas e em ordem direta;<\/p>\n\n\n\n<p>\u2022 preferir palavras comuns, de f\u00e1cil compreens\u00e3o;<\/p>\n\n\n\n<p>\u2022&nbsp;evitar palavras estrangeiras;<\/p>\n\n\n\n<p>\u2022 usar listas, tabelas e recursos gr\u00e1ficos;<\/p>\n\n\n\n<p>\u2022 evitar frases intercaladas;<\/p>\n\n\n\n<p>\u2022 evitar palavras desnecess\u00e1rias ou imprecisas;<\/p>\n\n\n\n<p>\u2022 usar linguagem acess\u00edvel \u00e0 pessoa com defici\u00eancia;<\/p>\n\n\n\n<p>\u2022 quando a mensagem for dirigida a comunidades ind\u00edgenas, o texto deve ser publicado em portugu\u00eas e tamb\u00e9m na l\u00edngua dos destinat\u00e1rios.<\/p>\n\n\n\n<h3 class=\"wp-block-heading\"><strong>Veto<\/strong><\/h3>\n\n\n\n<p>O presidente Lula vetou um artigo do texto. O dispositivo obrigava os \u00f3rg\u00e3os p\u00fablicos a definir um servidor para fazer o tratamento das informa\u00e7\u00f5es em linguagem simples. Para o Pal\u00e1cio do Planalto, a medida \u00e9 inconstitucional porque leis sobre o funcionamento da administra\u00e7\u00e3o p\u00fablica s\u00f3 podem ser propostas pelo chefe do Poder Executivo.<\/p>\n\n\n\n<h3 class=\"wp-block-heading\"><strong>Projeto<\/strong><\/h3>\n\n\n\n<p>A&nbsp; Lei 15.263 \u00e9 resultado do projeto de lei (PL) 6.256\/2019, da deputada Erika Kokay (PT-DF). No Senado, a mat\u00e9ria recebeu relat\u00f3rio favor\u00e1vel do senador Alessandro Vieira (MDB-SE), tendo sido <a href=\"\/noticias\/materias\/2025\/03\/12\/senado-aprova-uso-da-linguagem-simples-em-orgaos-publicos\" rel=\"noreferrer noopener\" target=\"_blank\">aprovado em mar\u00e7o<\/a>.<\/p>\n\n\n\n<p>O texto ent\u00e3o voltou \u00e0 C\u00e2mara, que endossou no fim de outubro as mudan\u00e7as introduzidas por Alessandro Vieira:&nbsp;uma para deixar claro que a linguagem simples ser\u00e1 obrigat\u00f3ria em todos os Poderes da Uni\u00e3o, estados, DF e munic\u00edpios. E outra para que todas pessoas com defici\u00eancia sejam p\u00fablico-alvo espec\u00edfico da linguagem, n\u00e3o apenas as pessoas com defici\u00eancia intelectual.&nbsp;<\/p>\n\n\n\n<p>Fonte: Ag\u00eancia Senado<\/p>\n","protected":false},"excerpt":{"rendered":"<p>Os \u00f3rg\u00e3os p\u00fablicos devem usar linguagem simples para se comunicar com a popula\u00e7\u00e3o. \u00c9 o<\/p>\n","protected":false},"author":1,"featured_media":746,"comment_status":"open","ping_status":"open","sticky":false,"template":"","format":"standard","meta":{"om_disable_all_campaigns":false,"_monsterinsights_skip_tracking":false,"_monsterinsights_sitenote_active":false,"_monsterinsights_sitenote_note":"","_monsterinsights_sitenote_category":0,"_uf_show_specific_survey":0,"_uf_disable_surveys":false,"footnotes":""},"categories":[9,1],"tags":[],"class_list":["post-745","post","type-post","status-publish","format-standard","has-post-thumbnail","hentry","category-noticias","category-portal"],"yoast_head":"<!-- This site is optimized with the Yoast SEO plugin v27.4 - https:\/\/yoast.com\/product\/yoast-seo-wordpress\/ -->\n<title>Linguagem simples em mensagens de \u00f3rg\u00e3os p\u00fablicos agora \u00e9 obrigat\u00f3ria - PORTAL INCLUIR<\/title>\n<meta name=\"robots\" content=\"index, follow, max-snippet:-1, max-image-preview:large, max-video-preview:-1\" \/>\n<link rel=\"canonical\" href=\"https:\/\/portalincluir.com.br\/index.php\/2025\/11\/17\/linguagem-simples-em-mensagens-de-orgaos-publicos-agora-e-obrigatoria\/\" \/>\n<meta property=\"og:locale\" content=\"pt_BR\" \/>\n<meta property=\"og:type\" content=\"article\" \/>\n<meta property=\"og:title\" content=\"Linguagem simples em mensagens de \u00f3rg\u00e3os p\u00fablicos agora \u00e9 obrigat\u00f3ria - PORTAL INCLUIR\" \/>\n<meta property=\"og:description\" content=\"Os \u00f3rg\u00e3os p\u00fablicos devem usar linguagem simples para se comunicar com a popula\u00e7\u00e3o. \u00c9 o\" \/>\n<meta property=\"og:url\" content=\"https:\/\/portalincluir.com.br\/index.php\/2025\/11\/17\/linguagem-simples-em-mensagens-de-orgaos-publicos-agora-e-obrigatoria\/\" \/>\n<meta property=\"og:site_name\" content=\"PORTAL INCLUIR\" \/>\n<meta property=\"article:published_time\" content=\"2025-11-18T00:15:42+00:00\" \/>\n<meta property=\"article:modified_time\" content=\"2025-11-18T00:16:24+00:00\" \/>\n<meta property=\"og:image\" content=\"https:\/\/portalincluir.com.br\/wp-content\/uploads\/2025\/11\/imagem_materia.jpeg\" \/>\n\t<meta property=\"og:image:width\" content=\"860\" \/>\n\t<meta property=\"og:image:height\" content=\"570\" \/>\n\t<meta property=\"og:image:type\" content=\"image\/jpeg\" \/>\n<meta name=\"author\" content=\"Portal Incluir\" \/>\n<meta name=\"twitter:card\" content=\"summary_large_image\" \/>\n<meta name=\"twitter:label1\" content=\"Escrito por\" \/>\n\t<meta name=\"twitter:data1\" content=\"Portal Incluir\" \/>\n\t<meta name=\"twitter:label2\" content=\"Est. tempo de leitura\" \/>\n\t<meta name=\"twitter:data2\" content=\"2 minutos\" \/>\n<script type=\"application\/ld+json\" class=\"yoast-schema-graph\">{\"@context\":\"https:\\\/\\\/schema.org\",\"@graph\":[{\"@type\":[\"Article\",\"BlogPosting\"],\"@id\":\"https:\\\/\\\/portalincluir.com.br\\\/index.php\\\/2025\\\/11\\\/17\\\/linguagem-simples-em-mensagens-de-orgaos-publicos-agora-e-obrigatoria\\\/#article\",\"isPartOf\":{\"@id\":\"https:\\\/\\\/portalincluir.com.br\\\/index.php\\\/2025\\\/11\\\/17\\\/linguagem-simples-em-mensagens-de-orgaos-publicos-agora-e-obrigatoria\\\/\"},\"author\":{\"name\":\"Portal Incluir\",\"@id\":\"https:\\\/\\\/portalincluir.com.br\\\/#\\\/schema\\\/person\\\/8823664e5902eee555607fb75c4c35ae\"},\"headline\":\"Linguagem simples em mensagens de \u00f3rg\u00e3os p\u00fablicos agora \u00e9 obrigat\u00f3ria\",\"datePublished\":\"2025-11-18T00:15:42+00:00\",\"dateModified\":\"2025-11-18T00:16:24+00:00\",\"mainEntityOfPage\":{\"@id\":\"https:\\\/\\\/portalincluir.com.br\\\/index.php\\\/2025\\\/11\\\/17\\\/linguagem-simples-em-mensagens-de-orgaos-publicos-agora-e-obrigatoria\\\/\"},\"wordCount\":489,\"commentCount\":0,\"image\":{\"@id\":\"https:\\\/\\\/portalincluir.com.br\\\/index.php\\\/2025\\\/11\\\/17\\\/linguagem-simples-em-mensagens-de-orgaos-publicos-agora-e-obrigatoria\\\/#primaryimage\"},\"thumbnailUrl\":\"https:\\\/\\\/portalincluir.com.br\\\/wp-content\\\/uploads\\\/2025\\\/11\\\/imagem_materia.jpeg\",\"articleSection\":[\"Not\u00edcias\",\"Portal\"],\"inLanguage\":\"pt-BR\",\"potentialAction\":[{\"@type\":\"CommentAction\",\"name\":\"Comment\",\"target\":[\"https:\\\/\\\/portalincluir.com.br\\\/index.php\\\/2025\\\/11\\\/17\\\/linguagem-simples-em-mensagens-de-orgaos-publicos-agora-e-obrigatoria\\\/#respond\"]}]},{\"@type\":\"WebPage\",\"@id\":\"https:\\\/\\\/portalincluir.com.br\\\/index.php\\\/2025\\\/11\\\/17\\\/linguagem-simples-em-mensagens-de-orgaos-publicos-agora-e-obrigatoria\\\/\",\"url\":\"https:\\\/\\\/portalincluir.com.br\\\/index.php\\\/2025\\\/11\\\/17\\\/linguagem-simples-em-mensagens-de-orgaos-publicos-agora-e-obrigatoria\\\/\",\"name\":\"Linguagem simples em mensagens de \u00f3rg\u00e3os p\u00fablicos agora \u00e9 obrigat\u00f3ria - PORTAL INCLUIR\",\"isPartOf\":{\"@id\":\"https:\\\/\\\/portalincluir.com.br\\\/#website\"},\"primaryImageOfPage\":{\"@id\":\"https:\\\/\\\/portalincluir.com.br\\\/index.php\\\/2025\\\/11\\\/17\\\/linguagem-simples-em-mensagens-de-orgaos-publicos-agora-e-obrigatoria\\\/#primaryimage\"},\"image\":{\"@id\":\"https:\\\/\\\/portalincluir.com.br\\\/index.php\\\/2025\\\/11\\\/17\\\/linguagem-simples-em-mensagens-de-orgaos-publicos-agora-e-obrigatoria\\\/#primaryimage\"},\"thumbnailUrl\":\"https:\\\/\\\/portalincluir.com.br\\\/wp-content\\\/uploads\\\/2025\\\/11\\\/imagem_materia.jpeg\",\"datePublished\":\"2025-11-18T00:15:42+00:00\",\"dateModified\":\"2025-11-18T00:16:24+00:00\",\"author\":{\"@id\":\"https:\\\/\\\/portalincluir.com.br\\\/#\\\/schema\\\/person\\\/8823664e5902eee555607fb75c4c35ae\"},\"breadcrumb\":{\"@id\":\"https:\\\/\\\/portalincluir.com.br\\\/index.php\\\/2025\\\/11\\\/17\\\/linguagem-simples-em-mensagens-de-orgaos-publicos-agora-e-obrigatoria\\\/#breadcrumb\"},\"inLanguage\":\"pt-BR\",\"potentialAction\":[{\"@type\":\"ReadAction\",\"target\":[\"https:\\\/\\\/portalincluir.com.br\\\/index.php\\\/2025\\\/11\\\/17\\\/linguagem-simples-em-mensagens-de-orgaos-publicos-agora-e-obrigatoria\\\/\"]}]},{\"@type\":\"ImageObject\",\"inLanguage\":\"pt-BR\",\"@id\":\"https:\\\/\\\/portalincluir.com.br\\\/index.php\\\/2025\\\/11\\\/17\\\/linguagem-simples-em-mensagens-de-orgaos-publicos-agora-e-obrigatoria\\\/#primaryimage\",\"url\":\"https:\\\/\\\/portalincluir.com.br\\\/wp-content\\\/uploads\\\/2025\\\/11\\\/imagem_materia.jpeg\",\"contentUrl\":\"https:\\\/\\\/portalincluir.com.br\\\/wp-content\\\/uploads\\\/2025\\\/11\\\/imagem_materia.jpeg\",\"width\":860,\"height\":570},{\"@type\":\"BreadcrumbList\",\"@id\":\"https:\\\/\\\/portalincluir.com.br\\\/index.php\\\/2025\\\/11\\\/17\\\/linguagem-simples-em-mensagens-de-orgaos-publicos-agora-e-obrigatoria\\\/#breadcrumb\",\"itemListElement\":[{\"@type\":\"ListItem\",\"position\":1,\"name\":\"In\u00edcio\",\"item\":\"https:\\\/\\\/portalincluir.com.br\\\/\"},{\"@type\":\"ListItem\",\"position\":2,\"name\":\"Linguagem simples em mensagens de \u00f3rg\u00e3os p\u00fablicos agora \u00e9 obrigat\u00f3ria\"}]},{\"@type\":\"WebSite\",\"@id\":\"https:\\\/\\\/portalincluir.com.br\\\/#website\",\"url\":\"https:\\\/\\\/portalincluir.com.br\\\/\",\"name\":\"PORTAL INCLUIR\",\"description\":\"\",\"potentialAction\":[{\"@type\":\"SearchAction\",\"target\":{\"@type\":\"EntryPoint\",\"urlTemplate\":\"https:\\\/\\\/portalincluir.com.br\\\/?s={search_term_string}\"},\"query-input\":{\"@type\":\"PropertyValueSpecification\",\"valueRequired\":true,\"valueName\":\"search_term_string\"}}],\"inLanguage\":\"pt-BR\"},{\"@type\":\"Person\",\"@id\":\"https:\\\/\\\/portalincluir.com.br\\\/#\\\/schema\\\/person\\\/8823664e5902eee555607fb75c4c35ae\",\"name\":\"Portal Incluir\",\"image\":{\"@type\":\"ImageObject\",\"inLanguage\":\"pt-BR\",\"@id\":\"https:\\\/\\\/secure.gravatar.com\\\/avatar\\\/12085fe17e70c3550551519fe1f8f51fae69b1748563a47fc3bea53d91fbcbbd?s=96&d=mm&r=g\",\"url\":\"https:\\\/\\\/secure.gravatar.com\\\/avatar\\\/12085fe17e70c3550551519fe1f8f51fae69b1748563a47fc3bea53d91fbcbbd?s=96&d=mm&r=g\",\"contentUrl\":\"https:\\\/\\\/secure.gravatar.com\\\/avatar\\\/12085fe17e70c3550551519fe1f8f51fae69b1748563a47fc3bea53d91fbcbbd?s=96&d=mm&r=g\",\"caption\":\"Portal Incluir\"},\"sameAs\":[\"http:\\\/\\\/portalincluir.com.br\"],\"url\":\"https:\\\/\\\/portalincluir.com.br\\\/index.php\\\/author\\\/portalincluir-com-br\\\/\"}]}<\/script>\n<!-- \/ Yoast SEO plugin. -->","yoast_head_json":{"title":"Linguagem simples em mensagens de \u00f3rg\u00e3os p\u00fablicos agora \u00e9 obrigat\u00f3ria - PORTAL INCLUIR","robots":{"index":"index","follow":"follow","max-snippet":"max-snippet:-1","max-image-preview":"max-image-preview:large","max-video-preview":"max-video-preview:-1"},"canonical":"https:\/\/portalincluir.com.br\/index.php\/2025\/11\/17\/linguagem-simples-em-mensagens-de-orgaos-publicos-agora-e-obrigatoria\/","og_locale":"pt_BR","og_type":"article","og_title":"Linguagem simples em mensagens de \u00f3rg\u00e3os p\u00fablicos agora \u00e9 obrigat\u00f3ria - PORTAL INCLUIR","og_description":"Os \u00f3rg\u00e3os p\u00fablicos devem usar linguagem simples para se comunicar com a popula\u00e7\u00e3o. \u00c9 o","og_url":"https:\/\/portalincluir.com.br\/index.php\/2025\/11\/17\/linguagem-simples-em-mensagens-de-orgaos-publicos-agora-e-obrigatoria\/","og_site_name":"PORTAL INCLUIR","article_published_time":"2025-11-18T00:15:42+00:00","article_modified_time":"2025-11-18T00:16:24+00:00","og_image":[{"width":860,"height":570,"url":"https:\/\/portalincluir.com.br\/wp-content\/uploads\/2025\/11\/imagem_materia.jpeg","type":"image\/jpeg"}],"author":"Portal Incluir","twitter_card":"summary_large_image","twitter_misc":{"Escrito por":"Portal Incluir","Est. tempo de leitura":"2 minutos"},"schema":{"@context":"https:\/\/schema.org","@graph":[{"@type":["Article","BlogPosting"],"@id":"https:\/\/portalincluir.com.br\/index.php\/2025\/11\/17\/linguagem-simples-em-mensagens-de-orgaos-publicos-agora-e-obrigatoria\/#article","isPartOf":{"@id":"https:\/\/portalincluir.com.br\/index.php\/2025\/11\/17\/linguagem-simples-em-mensagens-de-orgaos-publicos-agora-e-obrigatoria\/"},"author":{"name":"Portal Incluir","@id":"https:\/\/portalincluir.com.br\/#\/schema\/person\/8823664e5902eee555607fb75c4c35ae"},"headline":"Linguagem simples em mensagens de \u00f3rg\u00e3os p\u00fablicos agora \u00e9 obrigat\u00f3ria","datePublished":"2025-11-18T00:15:42+00:00","dateModified":"2025-11-18T00:16:24+00:00","mainEntityOfPage":{"@id":"https:\/\/portalincluir.com.br\/index.php\/2025\/11\/17\/linguagem-simples-em-mensagens-de-orgaos-publicos-agora-e-obrigatoria\/"},"wordCount":489,"commentCount":0,"image":{"@id":"https:\/\/portalincluir.com.br\/index.php\/2025\/11\/17\/linguagem-simples-em-mensagens-de-orgaos-publicos-agora-e-obrigatoria\/#primaryimage"},"thumbnailUrl":"https:\/\/portalincluir.com.br\/wp-content\/uploads\/2025\/11\/imagem_materia.jpeg","articleSection":["Not\u00edcias","Portal"],"inLanguage":"pt-BR","potentialAction":[{"@type":"CommentAction","name":"Comment","target":["https:\/\/portalincluir.com.br\/index.php\/2025\/11\/17\/linguagem-simples-em-mensagens-de-orgaos-publicos-agora-e-obrigatoria\/#respond"]}]},{"@type":"WebPage","@id":"https:\/\/portalincluir.com.br\/index.php\/2025\/11\/17\/linguagem-simples-em-mensagens-de-orgaos-publicos-agora-e-obrigatoria\/","url":"https:\/\/portalincluir.com.br\/index.php\/2025\/11\/17\/linguagem-simples-em-mensagens-de-orgaos-publicos-agora-e-obrigatoria\/","name":"Linguagem simples em mensagens de \u00f3rg\u00e3os p\u00fablicos agora \u00e9 obrigat\u00f3ria - PORTAL INCLUIR","isPartOf":{"@id":"https:\/\/portalincluir.com.br\/#website"},"primaryImageOfPage":{"@id":"https:\/\/portalincluir.com.br\/index.php\/2025\/11\/17\/linguagem-simples-em-mensagens-de-orgaos-publicos-agora-e-obrigatoria\/#primaryimage"},"image":{"@id":"https:\/\/portalincluir.com.br\/index.php\/2025\/11\/17\/linguagem-simples-em-mensagens-de-orgaos-publicos-agora-e-obrigatoria\/#primaryimage"},"thumbnailUrl":"https:\/\/portalincluir.com.br\/wp-content\/uploads\/2025\/11\/imagem_materia.jpeg","datePublished":"2025-11-18T00:15:42+00:00","dateModified":"2025-11-18T00:16:24+00:00","author":{"@id":"https:\/\/portalincluir.com.br\/#\/schema\/person\/8823664e5902eee555607fb75c4c35ae"},"breadcrumb":{"@id":"https:\/\/portalincluir.com.br\/index.php\/2025\/11\/17\/linguagem-simples-em-mensagens-de-orgaos-publicos-agora-e-obrigatoria\/#breadcrumb"},"inLanguage":"pt-BR","potentialAction":[{"@type":"ReadAction","target":["https:\/\/portalincluir.com.br\/index.php\/2025\/11\/17\/linguagem-simples-em-mensagens-de-orgaos-publicos-agora-e-obrigatoria\/"]}]},{"@type":"ImageObject","inLanguage":"pt-BR","@id":"https:\/\/portalincluir.com.br\/index.php\/2025\/11\/17\/linguagem-simples-em-mensagens-de-orgaos-publicos-agora-e-obrigatoria\/#primaryimage","url":"https:\/\/portalincluir.com.br\/wp-content\/uploads\/2025\/11\/imagem_materia.jpeg","contentUrl":"https:\/\/portalincluir.com.br\/wp-content\/uploads\/2025\/11\/imagem_materia.jpeg","width":860,"height":570},{"@type":"BreadcrumbList","@id":"https:\/\/portalincluir.com.br\/index.php\/2025\/11\/17\/linguagem-simples-em-mensagens-de-orgaos-publicos-agora-e-obrigatoria\/#breadcrumb","itemListElement":[{"@type":"ListItem","position":1,"name":"In\u00edcio","item":"https:\/\/portalincluir.com.br\/"},{"@type":"ListItem","position":2,"name":"Linguagem simples em mensagens de \u00f3rg\u00e3os p\u00fablicos agora \u00e9 obrigat\u00f3ria"}]},{"@type":"WebSite","@id":"https:\/\/portalincluir.com.br\/#website","url":"https:\/\/portalincluir.com.br\/","name":"PORTAL INCLUIR","description":"","potentialAction":[{"@type":"SearchAction","target":{"@type":"EntryPoint","urlTemplate":"https:\/\/portalincluir.com.br\/?s={search_term_string}"},"query-input":{"@type":"PropertyValueSpecification","valueRequired":true,"valueName":"search_term_string"}}],"inLanguage":"pt-BR"},{"@type":"Person","@id":"https:\/\/portalincluir.com.br\/#\/schema\/person\/8823664e5902eee555607fb75c4c35ae","name":"Portal Incluir","image":{"@type":"ImageObject","inLanguage":"pt-BR","@id":"https:\/\/secure.gravatar.com\/avatar\/12085fe17e70c3550551519fe1f8f51fae69b1748563a47fc3bea53d91fbcbbd?s=96&d=mm&r=g","url":"https:\/\/secure.gravatar.com\/avatar\/12085fe17e70c3550551519fe1f8f51fae69b1748563a47fc3bea53d91fbcbbd?s=96&d=mm&r=g","contentUrl":"https:\/\/secure.gravatar.com\/avatar\/12085fe17e70c3550551519fe1f8f51fae69b1748563a47fc3bea53d91fbcbbd?s=96&d=mm&r=g","caption":"Portal Incluir"},"sameAs":["http:\/\/portalincluir.com.br"],"url":"https:\/\/portalincluir.com.br\/index.php\/author\/portalincluir-com-br\/"}]}},"_links":{"self":[{"href":"https:\/\/portalincluir.com.br\/index.php\/wp-json\/wp\/v2\/posts\/745","targetHints":{"allow":["GET"]}}],"collection":[{"href":"https:\/\/portalincluir.com.br\/index.php\/wp-json\/wp\/v2\/posts"}],"about":[{"href":"https:\/\/portalincluir.com.br\/index.php\/wp-json\/wp\/v2\/types\/post"}],"author":[{"embeddable":true,"href":"https:\/\/portalincluir.com.br\/index.php\/wp-json\/wp\/v2\/users\/1"}],"replies":[{"embeddable":true,"href":"https:\/\/portalincluir.com.br\/index.php\/wp-json\/wp\/v2\/comments?post=745"}],"version-history":[{"count":2,"href":"https:\/\/portalincluir.com.br\/index.php\/wp-json\/wp\/v2\/posts\/745\/revisions"}],"predecessor-version":[{"id":748,"href":"https:\/\/portalincluir.com.br\/index.php\/wp-json\/wp\/v2\/posts\/745\/revisions\/748"}],"wp:featuredmedia":[{"embeddable":true,"href":"https:\/\/portalincluir.com.br\/index.php\/wp-json\/wp\/v2\/media\/746"}],"wp:attachment":[{"href":"https:\/\/portalincluir.com.br\/index.php\/wp-json\/wp\/v2\/media?parent=745"}],"wp:term":[{"taxonomy":"category","embeddable":true,"href":"https:\/\/portalincluir.com.br\/index.php\/wp-json\/wp\/v2\/categories?post=745"},{"taxonomy":"post_tag","embeddable":true,"href":"https:\/\/portalincluir.com.br\/index.php\/wp-json\/wp\/v2\/tags?post=745"}],"curies":[{"name":"wp","href":"https:\/\/api.w.org\/{rel}","templated":true}]}}