{"id":749,"date":"2025-11-19T14:46:24","date_gmt":"2025-11-19T17:46:24","guid":{"rendered":"https:\/\/portalincluir.com.br\/?p=749"},"modified":"2025-11-19T14:46:45","modified_gmt":"2025-11-19T17:46:45","slug":"nelson-quilombola-a-voz-que-mantem-viva-a-resistencia-no-sudoeste-baiano","status":"publish","type":"post","link":"https:\/\/portalincluir.com.br\/index.php\/2025\/11\/19\/nelson-quilombola-a-voz-que-mantem-viva-a-resistencia-no-sudoeste-baiano\/","title":{"rendered":"Nelson Quilombola: A voz que mant\u00e9m viva a resist\u00eancia no Sudoeste baiano"},"content":{"rendered":"\n<p>Reconhecido pela resist\u00eancia e protagonismo no movimento quilombola do Sudoeste da Bahia, Nelson Quilombola, de 52 anos, \u00e9 s\u00edmbolo da luta antirracista e pela afirma\u00e7\u00e3o de direitos das comunidades tradicionais. Nascido em Wenceslau Guimar\u00e3es, no Quilombo Jeric\u00f3, no sul da Bahia, Nelson construiu sua trajet\u00f3ria vinculada \u00e0s Comunidades Eclesiais de Base (CEBs) ligadas \u00e0 Igreja Cat\u00f3lica, onde deu os primeiros passos na mobiliza\u00e7\u00e3o social. Nos anos 1990, mudou-se para Vit\u00f3ria da Conquista, onde se estabeleceu e passou a circular entre bairros urbanos e localidades rurais, ampliando sua atua\u00e7\u00e3o pol\u00edtica e social.\u200b<\/p>\n\n\n\n<p>Foi j\u00e1 em Conquista que se aproximou do movimento negro organizado. \u201cDentro do movimento negro n\u00f3s descobrimos o nosso verdadeiro movimento, que \u00e9 o movimento quilombola. E ent\u00e3o, a partir de 1998, come\u00e7amos a nos articular de forma organizada\u201d, relata o ativista. Essa articula\u00e7\u00e3o coletiva foi essencial para a identifica\u00e7\u00e3o e o reconhecimento oficial das comunidades quilombolas da regi\u00e3o junto \u00e0 Funda\u00e7\u00e3o Palmares, processo iniciado nos anos 2000 com apoio do poder p\u00fablico municipal.\u200b<\/p>\n\n\n\n<p>Residente atualmente no bairro Guarani, Nelson \u00e9 conhecido pelo compromisso incans\u00e1vel com os direitos da popula\u00e7\u00e3o quilombola, transitando continuamente por diferentes territ\u00f3rios para fortalecer articula\u00e7\u00f5es pol\u00edticas, exigir o cumprimento de pol\u00edticas p\u00fablicas e incentivar o orgulho da identidade negra. Sua lideran\u00e7a \u00e9 marcada pela busca constante de reconhecimento, titula\u00e7\u00e3o de terras e valoriza\u00e7\u00e3o das tradi\u00e7\u00f5es culturais, tornando-o refer\u00eancia para novas gera\u00e7\u00f5es de militantes e defensores dos direitos humanos.<\/p>\n\n\n\n<p>Nelson foi&nbsp;nosso convidado no Inclus\u00e3o em Foco de hoje. Confira a entrevista na \u00edntegra.<\/p>\n\n\n\n<pre class=\"wp-block-code\"><code><\/code><\/pre>\n\n\n\n<iframe loading=\"lazy\" src=\"https:\/\/castbox.fm\/app\/castbox\/player\/id5711915\/id874210396?v=8.22.11&#038;autoplay=0\" frameborder=\"0\" width=\"100%\" height=\"172\"><\/iframe>\n","protected":false},"excerpt":{"rendered":"<p>Reconhecido pela resist\u00eancia e protagonismo no movimento quilombola do Sudoeste da Bahia, Nelson Quilombola, de<\/p>\n","protected":false},"author":1,"featured_media":750,"comment_status":"open","ping_status":"open","sticky":false,"template":"","format":"standard","meta":{"om_disable_all_campaigns":false,"_monsterinsights_skip_tracking":false,"_monsterinsights_sitenote_active":false,"_monsterinsights_sitenote_note":"","_monsterinsights_sitenote_category":0,"_uf_show_specific_survey":0,"_uf_disable_surveys":false,"footnotes":""},"categories":[9,1],"tags":[],"class_list":["post-749","post","type-post","status-publish","format-standard","has-post-thumbnail","hentry","category-noticias","category-portal"],"yoast_head":"<!-- This site is optimized with the Yoast SEO plugin v27.4 - https:\/\/yoast.com\/product\/yoast-seo-wordpress\/ -->\n<title>Nelson Quilombola: A voz que mant\u00e9m viva a resist\u00eancia no Sudoeste baiano - PORTAL INCLUIR<\/title>\n<meta name=\"robots\" content=\"index, follow, max-snippet:-1, max-image-preview:large, max-video-preview:-1\" \/>\n<link rel=\"canonical\" href=\"https:\/\/portalincluir.com.br\/index.php\/2025\/11\/19\/nelson-quilombola-a-voz-que-mantem-viva-a-resistencia-no-sudoeste-baiano\/\" \/>\n<meta property=\"og:locale\" content=\"pt_BR\" \/>\n<meta property=\"og:type\" content=\"article\" \/>\n<meta property=\"og:title\" content=\"Nelson Quilombola: A voz que mant\u00e9m viva a resist\u00eancia no Sudoeste baiano - PORTAL INCLUIR\" \/>\n<meta property=\"og:description\" content=\"Reconhecido pela resist\u00eancia e protagonismo no movimento quilombola do Sudoeste da Bahia, Nelson Quilombola, de\" \/>\n<meta property=\"og:url\" content=\"https:\/\/portalincluir.com.br\/index.php\/2025\/11\/19\/nelson-quilombola-a-voz-que-mantem-viva-a-resistencia-no-sudoeste-baiano\/\" \/>\n<meta property=\"og:site_name\" content=\"PORTAL INCLUIR\" \/>\n<meta property=\"article:published_time\" content=\"2025-11-19T17:46:24+00:00\" \/>\n<meta property=\"article:modified_time\" content=\"2025-11-19T17:46:45+00:00\" \/>\n<meta property=\"og:image\" content=\"https:\/\/portalincluir.com.br\/wp-content\/uploads\/2025\/11\/nelson-quilombola.jpg\" \/>\n\t<meta property=\"og:image:width\" content=\"1163\" \/>\n\t<meta property=\"og:image:height\" content=\"768\" \/>\n\t<meta property=\"og:image:type\" content=\"image\/jpeg\" \/>\n<meta name=\"author\" content=\"Portal Incluir\" \/>\n<meta name=\"twitter:card\" content=\"summary_large_image\" \/>\n<meta name=\"twitter:label1\" content=\"Escrito por\" \/>\n\t<meta name=\"twitter:data1\" content=\"Portal Incluir\" \/>\n\t<meta name=\"twitter:label2\" content=\"Est. tempo de leitura\" \/>\n\t<meta name=\"twitter:data2\" content=\"1 minuto\" \/>\n<script type=\"application\/ld+json\" class=\"yoast-schema-graph\">{\"@context\":\"https:\\\/\\\/schema.org\",\"@graph\":[{\"@type\":[\"Article\",\"BlogPosting\"],\"@id\":\"https:\\\/\\\/portalincluir.com.br\\\/index.php\\\/2025\\\/11\\\/19\\\/nelson-quilombola-a-voz-que-mantem-viva-a-resistencia-no-sudoeste-baiano\\\/#article\",\"isPartOf\":{\"@id\":\"https:\\\/\\\/portalincluir.com.br\\\/index.php\\\/2025\\\/11\\\/19\\\/nelson-quilombola-a-voz-que-mantem-viva-a-resistencia-no-sudoeste-baiano\\\/\"},\"author\":{\"name\":\"Portal Incluir\",\"@id\":\"https:\\\/\\\/portalincluir.com.br\\\/#\\\/schema\\\/person\\\/8823664e5902eee555607fb75c4c35ae\"},\"headline\":\"Nelson Quilombola: A voz que mant\u00e9m viva a resist\u00eancia no Sudoeste baiano\",\"datePublished\":\"2025-11-19T17:46:24+00:00\",\"dateModified\":\"2025-11-19T17:46:45+00:00\",\"mainEntityOfPage\":{\"@id\":\"https:\\\/\\\/portalincluir.com.br\\\/index.php\\\/2025\\\/11\\\/19\\\/nelson-quilombola-a-voz-que-mantem-viva-a-resistencia-no-sudoeste-baiano\\\/\"},\"wordCount\":285,\"commentCount\":0,\"image\":{\"@id\":\"https:\\\/\\\/portalincluir.com.br\\\/index.php\\\/2025\\\/11\\\/19\\\/nelson-quilombola-a-voz-que-mantem-viva-a-resistencia-no-sudoeste-baiano\\\/#primaryimage\"},\"thumbnailUrl\":\"https:\\\/\\\/portalincluir.com.br\\\/wp-content\\\/uploads\\\/2025\\\/11\\\/nelson-quilombola.jpg\",\"articleSection\":[\"Not\u00edcias\",\"Portal\"],\"inLanguage\":\"pt-BR\",\"potentialAction\":[{\"@type\":\"CommentAction\",\"name\":\"Comment\",\"target\":[\"https:\\\/\\\/portalincluir.com.br\\\/index.php\\\/2025\\\/11\\\/19\\\/nelson-quilombola-a-voz-que-mantem-viva-a-resistencia-no-sudoeste-baiano\\\/#respond\"]}]},{\"@type\":\"WebPage\",\"@id\":\"https:\\\/\\\/portalincluir.com.br\\\/index.php\\\/2025\\\/11\\\/19\\\/nelson-quilombola-a-voz-que-mantem-viva-a-resistencia-no-sudoeste-baiano\\\/\",\"url\":\"https:\\\/\\\/portalincluir.com.br\\\/index.php\\\/2025\\\/11\\\/19\\\/nelson-quilombola-a-voz-que-mantem-viva-a-resistencia-no-sudoeste-baiano\\\/\",\"name\":\"Nelson Quilombola: A voz que mant\u00e9m viva a resist\u00eancia no Sudoeste baiano - PORTAL INCLUIR\",\"isPartOf\":{\"@id\":\"https:\\\/\\\/portalincluir.com.br\\\/#website\"},\"primaryImageOfPage\":{\"@id\":\"https:\\\/\\\/portalincluir.com.br\\\/index.php\\\/2025\\\/11\\\/19\\\/nelson-quilombola-a-voz-que-mantem-viva-a-resistencia-no-sudoeste-baiano\\\/#primaryimage\"},\"image\":{\"@id\":\"https:\\\/\\\/portalincluir.com.br\\\/index.php\\\/2025\\\/11\\\/19\\\/nelson-quilombola-a-voz-que-mantem-viva-a-resistencia-no-sudoeste-baiano\\\/#primaryimage\"},\"thumbnailUrl\":\"https:\\\/\\\/portalincluir.com.br\\\/wp-content\\\/uploads\\\/2025\\\/11\\\/nelson-quilombola.jpg\",\"datePublished\":\"2025-11-19T17:46:24+00:00\",\"dateModified\":\"2025-11-19T17:46:45+00:00\",\"author\":{\"@id\":\"https:\\\/\\\/portalincluir.com.br\\\/#\\\/schema\\\/person\\\/8823664e5902eee555607fb75c4c35ae\"},\"breadcrumb\":{\"@id\":\"https:\\\/\\\/portalincluir.com.br\\\/index.php\\\/2025\\\/11\\\/19\\\/nelson-quilombola-a-voz-que-mantem-viva-a-resistencia-no-sudoeste-baiano\\\/#breadcrumb\"},\"inLanguage\":\"pt-BR\",\"potentialAction\":[{\"@type\":\"ReadAction\",\"target\":[\"https:\\\/\\\/portalincluir.com.br\\\/index.php\\\/2025\\\/11\\\/19\\\/nelson-quilombola-a-voz-que-mantem-viva-a-resistencia-no-sudoeste-baiano\\\/\"]}]},{\"@type\":\"ImageObject\",\"inLanguage\":\"pt-BR\",\"@id\":\"https:\\\/\\\/portalincluir.com.br\\\/index.php\\\/2025\\\/11\\\/19\\\/nelson-quilombola-a-voz-que-mantem-viva-a-resistencia-no-sudoeste-baiano\\\/#primaryimage\",\"url\":\"https:\\\/\\\/portalincluir.com.br\\\/wp-content\\\/uploads\\\/2025\\\/11\\\/nelson-quilombola.jpg\",\"contentUrl\":\"https:\\\/\\\/portalincluir.com.br\\\/wp-content\\\/uploads\\\/2025\\\/11\\\/nelson-quilombola.jpg\",\"width\":1163,\"height\":768},{\"@type\":\"BreadcrumbList\",\"@id\":\"https:\\\/\\\/portalincluir.com.br\\\/index.php\\\/2025\\\/11\\\/19\\\/nelson-quilombola-a-voz-que-mantem-viva-a-resistencia-no-sudoeste-baiano\\\/#breadcrumb\",\"itemListElement\":[{\"@type\":\"ListItem\",\"position\":1,\"name\":\"In\u00edcio\",\"item\":\"https:\\\/\\\/portalincluir.com.br\\\/\"},{\"@type\":\"ListItem\",\"position\":2,\"name\":\"Nelson Quilombola: A voz que mant\u00e9m viva a resist\u00eancia no Sudoeste baiano\"}]},{\"@type\":\"WebSite\",\"@id\":\"https:\\\/\\\/portalincluir.com.br\\\/#website\",\"url\":\"https:\\\/\\\/portalincluir.com.br\\\/\",\"name\":\"PORTAL INCLUIR\",\"description\":\"\",\"potentialAction\":[{\"@type\":\"SearchAction\",\"target\":{\"@type\":\"EntryPoint\",\"urlTemplate\":\"https:\\\/\\\/portalincluir.com.br\\\/?s={search_term_string}\"},\"query-input\":{\"@type\":\"PropertyValueSpecification\",\"valueRequired\":true,\"valueName\":\"search_term_string\"}}],\"inLanguage\":\"pt-BR\"},{\"@type\":\"Person\",\"@id\":\"https:\\\/\\\/portalincluir.com.br\\\/#\\\/schema\\\/person\\\/8823664e5902eee555607fb75c4c35ae\",\"name\":\"Portal Incluir\",\"image\":{\"@type\":\"ImageObject\",\"inLanguage\":\"pt-BR\",\"@id\":\"https:\\\/\\\/secure.gravatar.com\\\/avatar\\\/12085fe17e70c3550551519fe1f8f51fae69b1748563a47fc3bea53d91fbcbbd?s=96&d=mm&r=g\",\"url\":\"https:\\\/\\\/secure.gravatar.com\\\/avatar\\\/12085fe17e70c3550551519fe1f8f51fae69b1748563a47fc3bea53d91fbcbbd?s=96&d=mm&r=g\",\"contentUrl\":\"https:\\\/\\\/secure.gravatar.com\\\/avatar\\\/12085fe17e70c3550551519fe1f8f51fae69b1748563a47fc3bea53d91fbcbbd?s=96&d=mm&r=g\",\"caption\":\"Portal Incluir\"},\"sameAs\":[\"http:\\\/\\\/portalincluir.com.br\"],\"url\":\"https:\\\/\\\/portalincluir.com.br\\\/index.php\\\/author\\\/portalincluir-com-br\\\/\"}]}<\/script>\n<!-- \/ Yoast SEO plugin. -->","yoast_head_json":{"title":"Nelson Quilombola: A voz que mant\u00e9m viva a resist\u00eancia no Sudoeste baiano - PORTAL INCLUIR","robots":{"index":"index","follow":"follow","max-snippet":"max-snippet:-1","max-image-preview":"max-image-preview:large","max-video-preview":"max-video-preview:-1"},"canonical":"https:\/\/portalincluir.com.br\/index.php\/2025\/11\/19\/nelson-quilombola-a-voz-que-mantem-viva-a-resistencia-no-sudoeste-baiano\/","og_locale":"pt_BR","og_type":"article","og_title":"Nelson Quilombola: A voz que mant\u00e9m viva a resist\u00eancia no Sudoeste baiano - PORTAL INCLUIR","og_description":"Reconhecido pela resist\u00eancia e protagonismo no movimento quilombola do Sudoeste da Bahia, Nelson Quilombola, de","og_url":"https:\/\/portalincluir.com.br\/index.php\/2025\/11\/19\/nelson-quilombola-a-voz-que-mantem-viva-a-resistencia-no-sudoeste-baiano\/","og_site_name":"PORTAL INCLUIR","article_published_time":"2025-11-19T17:46:24+00:00","article_modified_time":"2025-11-19T17:46:45+00:00","og_image":[{"width":1163,"height":768,"url":"https:\/\/portalincluir.com.br\/wp-content\/uploads\/2025\/11\/nelson-quilombola.jpg","type":"image\/jpeg"}],"author":"Portal Incluir","twitter_card":"summary_large_image","twitter_misc":{"Escrito por":"Portal Incluir","Est. tempo de leitura":"1 minuto"},"schema":{"@context":"https:\/\/schema.org","@graph":[{"@type":["Article","BlogPosting"],"@id":"https:\/\/portalincluir.com.br\/index.php\/2025\/11\/19\/nelson-quilombola-a-voz-que-mantem-viva-a-resistencia-no-sudoeste-baiano\/#article","isPartOf":{"@id":"https:\/\/portalincluir.com.br\/index.php\/2025\/11\/19\/nelson-quilombola-a-voz-que-mantem-viva-a-resistencia-no-sudoeste-baiano\/"},"author":{"name":"Portal Incluir","@id":"https:\/\/portalincluir.com.br\/#\/schema\/person\/8823664e5902eee555607fb75c4c35ae"},"headline":"Nelson Quilombola: A voz que mant\u00e9m viva a resist\u00eancia no Sudoeste baiano","datePublished":"2025-11-19T17:46:24+00:00","dateModified":"2025-11-19T17:46:45+00:00","mainEntityOfPage":{"@id":"https:\/\/portalincluir.com.br\/index.php\/2025\/11\/19\/nelson-quilombola-a-voz-que-mantem-viva-a-resistencia-no-sudoeste-baiano\/"},"wordCount":285,"commentCount":0,"image":{"@id":"https:\/\/portalincluir.com.br\/index.php\/2025\/11\/19\/nelson-quilombola-a-voz-que-mantem-viva-a-resistencia-no-sudoeste-baiano\/#primaryimage"},"thumbnailUrl":"https:\/\/portalincluir.com.br\/wp-content\/uploads\/2025\/11\/nelson-quilombola.jpg","articleSection":["Not\u00edcias","Portal"],"inLanguage":"pt-BR","potentialAction":[{"@type":"CommentAction","name":"Comment","target":["https:\/\/portalincluir.com.br\/index.php\/2025\/11\/19\/nelson-quilombola-a-voz-que-mantem-viva-a-resistencia-no-sudoeste-baiano\/#respond"]}]},{"@type":"WebPage","@id":"https:\/\/portalincluir.com.br\/index.php\/2025\/11\/19\/nelson-quilombola-a-voz-que-mantem-viva-a-resistencia-no-sudoeste-baiano\/","url":"https:\/\/portalincluir.com.br\/index.php\/2025\/11\/19\/nelson-quilombola-a-voz-que-mantem-viva-a-resistencia-no-sudoeste-baiano\/","name":"Nelson Quilombola: A voz que mant\u00e9m viva a resist\u00eancia no Sudoeste baiano - PORTAL INCLUIR","isPartOf":{"@id":"https:\/\/portalincluir.com.br\/#website"},"primaryImageOfPage":{"@id":"https:\/\/portalincluir.com.br\/index.php\/2025\/11\/19\/nelson-quilombola-a-voz-que-mantem-viva-a-resistencia-no-sudoeste-baiano\/#primaryimage"},"image":{"@id":"https:\/\/portalincluir.com.br\/index.php\/2025\/11\/19\/nelson-quilombola-a-voz-que-mantem-viva-a-resistencia-no-sudoeste-baiano\/#primaryimage"},"thumbnailUrl":"https:\/\/portalincluir.com.br\/wp-content\/uploads\/2025\/11\/nelson-quilombola.jpg","datePublished":"2025-11-19T17:46:24+00:00","dateModified":"2025-11-19T17:46:45+00:00","author":{"@id":"https:\/\/portalincluir.com.br\/#\/schema\/person\/8823664e5902eee555607fb75c4c35ae"},"breadcrumb":{"@id":"https:\/\/portalincluir.com.br\/index.php\/2025\/11\/19\/nelson-quilombola-a-voz-que-mantem-viva-a-resistencia-no-sudoeste-baiano\/#breadcrumb"},"inLanguage":"pt-BR","potentialAction":[{"@type":"ReadAction","target":["https:\/\/portalincluir.com.br\/index.php\/2025\/11\/19\/nelson-quilombola-a-voz-que-mantem-viva-a-resistencia-no-sudoeste-baiano\/"]}]},{"@type":"ImageObject","inLanguage":"pt-BR","@id":"https:\/\/portalincluir.com.br\/index.php\/2025\/11\/19\/nelson-quilombola-a-voz-que-mantem-viva-a-resistencia-no-sudoeste-baiano\/#primaryimage","url":"https:\/\/portalincluir.com.br\/wp-content\/uploads\/2025\/11\/nelson-quilombola.jpg","contentUrl":"https:\/\/portalincluir.com.br\/wp-content\/uploads\/2025\/11\/nelson-quilombola.jpg","width":1163,"height":768},{"@type":"BreadcrumbList","@id":"https:\/\/portalincluir.com.br\/index.php\/2025\/11\/19\/nelson-quilombola-a-voz-que-mantem-viva-a-resistencia-no-sudoeste-baiano\/#breadcrumb","itemListElement":[{"@type":"ListItem","position":1,"name":"In\u00edcio","item":"https:\/\/portalincluir.com.br\/"},{"@type":"ListItem","position":2,"name":"Nelson Quilombola: A voz que mant\u00e9m viva a resist\u00eancia no Sudoeste baiano"}]},{"@type":"WebSite","@id":"https:\/\/portalincluir.com.br\/#website","url":"https:\/\/portalincluir.com.br\/","name":"PORTAL INCLUIR","description":"","potentialAction":[{"@type":"SearchAction","target":{"@type":"EntryPoint","urlTemplate":"https:\/\/portalincluir.com.br\/?s={search_term_string}"},"query-input":{"@type":"PropertyValueSpecification","valueRequired":true,"valueName":"search_term_string"}}],"inLanguage":"pt-BR"},{"@type":"Person","@id":"https:\/\/portalincluir.com.br\/#\/schema\/person\/8823664e5902eee555607fb75c4c35ae","name":"Portal Incluir","image":{"@type":"ImageObject","inLanguage":"pt-BR","@id":"https:\/\/secure.gravatar.com\/avatar\/12085fe17e70c3550551519fe1f8f51fae69b1748563a47fc3bea53d91fbcbbd?s=96&d=mm&r=g","url":"https:\/\/secure.gravatar.com\/avatar\/12085fe17e70c3550551519fe1f8f51fae69b1748563a47fc3bea53d91fbcbbd?s=96&d=mm&r=g","contentUrl":"https:\/\/secure.gravatar.com\/avatar\/12085fe17e70c3550551519fe1f8f51fae69b1748563a47fc3bea53d91fbcbbd?s=96&d=mm&r=g","caption":"Portal Incluir"},"sameAs":["http:\/\/portalincluir.com.br"],"url":"https:\/\/portalincluir.com.br\/index.php\/author\/portalincluir-com-br\/"}]}},"_links":{"self":[{"href":"https:\/\/portalincluir.com.br\/index.php\/wp-json\/wp\/v2\/posts\/749","targetHints":{"allow":["GET"]}}],"collection":[{"href":"https:\/\/portalincluir.com.br\/index.php\/wp-json\/wp\/v2\/posts"}],"about":[{"href":"https:\/\/portalincluir.com.br\/index.php\/wp-json\/wp\/v2\/types\/post"}],"author":[{"embeddable":true,"href":"https:\/\/portalincluir.com.br\/index.php\/wp-json\/wp\/v2\/users\/1"}],"replies":[{"embeddable":true,"href":"https:\/\/portalincluir.com.br\/index.php\/wp-json\/wp\/v2\/comments?post=749"}],"version-history":[{"count":1,"href":"https:\/\/portalincluir.com.br\/index.php\/wp-json\/wp\/v2\/posts\/749\/revisions"}],"predecessor-version":[{"id":751,"href":"https:\/\/portalincluir.com.br\/index.php\/wp-json\/wp\/v2\/posts\/749\/revisions\/751"}],"wp:featuredmedia":[{"embeddable":true,"href":"https:\/\/portalincluir.com.br\/index.php\/wp-json\/wp\/v2\/media\/750"}],"wp:attachment":[{"href":"https:\/\/portalincluir.com.br\/index.php\/wp-json\/wp\/v2\/media?parent=749"}],"wp:term":[{"taxonomy":"category","embeddable":true,"href":"https:\/\/portalincluir.com.br\/index.php\/wp-json\/wp\/v2\/categories?post=749"},{"taxonomy":"post_tag","embeddable":true,"href":"https:\/\/portalincluir.com.br\/index.php\/wp-json\/wp\/v2\/tags?post=749"}],"curies":[{"name":"wp","href":"https:\/\/api.w.org\/{rel}","templated":true}]}}