{"id":752,"date":"2025-11-20T20:43:17","date_gmt":"2025-11-20T23:43:17","guid":{"rendered":"https:\/\/portalincluir.com.br\/?p=752"},"modified":"2025-11-20T20:43:43","modified_gmt":"2025-11-20T23:43:43","slug":"educacao-antirracista-desafios-e-caminhos-para-alem-do-novembro-negro","status":"publish","type":"post","link":"https:\/\/portalincluir.com.br\/index.php\/2025\/11\/20\/educacao-antirracista-desafios-e-caminhos-para-alem-do-novembro-negro\/","title":{"rendered":"Educa\u00e7\u00e3o antirracista: desafios e caminhos para al\u00e9m do Novembro Negro"},"content":{"rendered":"\n<p>Para o professor Paulo Melga\u00e7o, o Novembro Negro \u00e9 um momento de reviver a luta do povo negro pela igualdade e pela representatividade, reverenciando os ancestrais e refletindo sobre os caminhos do antirracismo. Ele destaca que, embora o m\u00eas tenha um significado especial, a luta antirracista deve acontecer todos os dias do ano, pois o racismo est\u00e1 presente permanentemente na sociedade, nas diversas formas de discrimina\u00e7\u00e3o e viol\u00eancia.\u200b<\/p>\n\n\n\n<h2 class=\"wp-block-heading\">A lei 10.639\/2003: avan\u00e7os e desafios<\/h2>\n\n\n\n<p>A lei que torna obrigat\u00f3rio o ensino da hist\u00f3ria e cultura afro-brasileira nas escolas \u00e9 um marco importante que reconhece o Brasil como um pa\u00eds racista e a necessidade de valorizar a cultura negra. No entanto, Melga\u00e7o ressalta que essa legisla\u00e7\u00e3o, que tem 22 anos, ainda n\u00e3o \u00e9 suficiente nem efetiva, pois muitas escolas a aplicam apenas no dia 20 de novembro ou tratam os temas de forma folcl\u00f3rica e estereotipada. Ele lembra que o enfrentamento do racismo deve ser uma responsabilidade de toda a escola e de todas as disciplinas, inclusive as chamadas \u201cdisciplinas do n\u00facleo duro\u201d como matem\u00e1tica, qu\u00edmica e biologia, e n\u00e3o apenas das disciplinas previstas pela lei.\u200b<\/p>\n\n\n\n<h2 class=\"wp-block-heading\">O racismo estrutural na escola<\/h2>\n\n\n\n<p>O professor comenta que o racismo estrutural e a heran\u00e7a da escravid\u00e3o afetam diretamente o desempenho escolar de crian\u00e7as e jovens negros. Isso est\u00e1 relacionado \u00e0 baixa expectativa que profissionais de educa\u00e7\u00e3o t\u00eam em rela\u00e7\u00e3o a esses estudantes, \u00e0 falta de reconhecimento nas mat\u00e9rias, nos livros did\u00e1ticos e na rotina escolar, o que acaba naturalizando a reprova\u00e7\u00e3o e a evas\u00e3o escolar. Ele destaca que o apagamento das culturas negra e ind\u00edgena na escola refor\u00e7a esse problema, refletindo o racismo colonial estrutural presente at\u00e9 hoje.\u200b<\/p>\n\n\n\n<h2 class=\"wp-block-heading\">A cultura negra no curr\u00edculo escolar<\/h2>\n\n\n\n<p>Melga\u00e7o aponta que transformar a presen\u00e7a da cultura negra em parte do curr\u00edculo significa trazer para o cotidiano a hist\u00f3ria, a m\u00fasica, as dan\u00e7as, as religi\u00f5es e os saberes negros, que s\u00e3o muitas vezes invisibilizados. \u00c9 necess\u00e1rio que esses elementos apare\u00e7am nas escolas n\u00e3o apenas no dia da Consci\u00eancia Negra, mas durante todo o ano letivo, sendo incorporados em livros, cartazes e nas falas dos professores. Ele tamb\u00e9m defende que as teorias acad\u00eamicas e cient\u00edficas incluam as contribui\u00e7\u00f5es africanas, disseminando uma vis\u00e3o menos euroc\u00eantrica.\u200b<\/p>\n\n\n\n<h2 class=\"wp-block-heading\">O papel dos gestores e da comunidade escolar<\/h2>\n\n\n\n<p>O entrevistado enfatiza que o comprometimento da gest\u00e3o escolar \u00e9 fundamental para garantir o engajamento de toda a escola (professores, funcion\u00e1rios e familiares) na luta antirracista. O projeto pol\u00edtico-pedag\u00f3gico deve formalizar essa prioridade e respaldar as pr\u00e1ticas antirracistas no cotidiano escolar. A participa\u00e7\u00e3o das fam\u00edlias e respons\u00e1veis tamb\u00e9m \u00e9 essencial para fortalecer essa constru\u00e7\u00e3o coletiva.\u200b<\/p>\n\n\n\n<h2 class=\"wp-block-heading\">Primeiros passos para a educa\u00e7\u00e3o antirracista<\/h2>\n\n\n\n<p>Para iniciar ou fortalecer uma pr\u00e1tica antirracista, Melga\u00e7o indica que o primeiro passo \u00e9 reconhecer que todos s\u00e3o racistas, em maior ou menor grau, e que o Brasil \u00e9 um pa\u00eds racista. \u00c9 preciso quebrar o mito da democracia racial e compreender que pequenas atitudes reproduzem o racismo. Al\u00e9m disso, deve-se reconhecer a branquitude como uma ra\u00e7a detentora de privil\u00e9gios que precisam ser questionados. A partir desse reconhecimento, a escola pode trabalhar cotidianamente para desenvolver uma educa\u00e7\u00e3o antirracista que envolva todos os membros da comunidade escolar e que seja parte do dia a dia, desde a entrada na escola at\u00e9 o curr\u00edculo.\u200b<\/p>\n\n\n\n<p>Essa entrevista refor\u00e7a que a educa\u00e7\u00e3o antirracista \u00e9 um compromisso permanente e abrangente, que precisa estar presente n\u00e3o s\u00f3 em pol\u00edticas e documentos, mas tamb\u00e9m em pr\u00e1ticas concretas di\u00e1rias na escola e na vida social. A valoriza\u00e7\u00e3o da cultura negra, a desconstru\u00e7\u00e3o do racismo e o envolvimento da gest\u00e3o e da comunidade s\u00e3o pilares para uma educa\u00e7\u00e3o mais justa e igualit\u00e1ria.<\/p>\n\n\n\n<p>Confira a entrevista concedida ao programa INCLUS\u00c3O EM FOCO.<\/p>\n\n\n\n<iframe loading=\"lazy\" src=\"https:\/\/castbox.fm\/app\/castbox\/player\/id5711915\/id874263938?v=8.22.11&#038;autoplay=0\" frameborder=\"0\" width=\"100%\" height=\"172\"><\/iframe>\n","protected":false},"excerpt":{"rendered":"<p>Para o professor Paulo Melga\u00e7o, o Novembro Negro \u00e9 um momento de reviver a luta<\/p>\n","protected":false},"author":1,"featured_media":753,"comment_status":"open","ping_status":"open","sticky":false,"template":"","format":"standard","meta":{"om_disable_all_campaigns":false,"_monsterinsights_skip_tracking":false,"_monsterinsights_sitenote_active":false,"_monsterinsights_sitenote_note":"","_monsterinsights_sitenote_category":0,"_uf_show_specific_survey":0,"_uf_disable_surveys":false,"footnotes":""},"categories":[9,1],"tags":[],"class_list":["post-752","post","type-post","status-publish","format-standard","has-post-thumbnail","hentry","category-noticias","category-portal"],"yoast_head":"<!-- This site is optimized with the Yoast SEO plugin v27.4 - https:\/\/yoast.com\/product\/yoast-seo-wordpress\/ -->\n<title>Educa\u00e7\u00e3o antirracista: desafios e caminhos para al\u00e9m do Novembro Negro - PORTAL INCLUIR<\/title>\n<meta name=\"robots\" content=\"index, follow, max-snippet:-1, max-image-preview:large, max-video-preview:-1\" \/>\n<link rel=\"canonical\" href=\"https:\/\/portalincluir.com.br\/index.php\/2025\/11\/20\/educacao-antirracista-desafios-e-caminhos-para-alem-do-novembro-negro\/\" \/>\n<meta property=\"og:locale\" content=\"pt_BR\" \/>\n<meta property=\"og:type\" content=\"article\" \/>\n<meta property=\"og:title\" content=\"Educa\u00e7\u00e3o antirracista: desafios e caminhos para al\u00e9m do Novembro Negro - PORTAL INCLUIR\" \/>\n<meta property=\"og:description\" content=\"Para o professor Paulo Melga\u00e7o, o Novembro Negro \u00e9 um momento de reviver a luta\" \/>\n<meta property=\"og:url\" content=\"https:\/\/portalincluir.com.br\/index.php\/2025\/11\/20\/educacao-antirracista-desafios-e-caminhos-para-alem-do-novembro-negro\/\" \/>\n<meta property=\"og:site_name\" content=\"PORTAL INCLUIR\" \/>\n<meta property=\"article:published_time\" content=\"2025-11-20T23:43:17+00:00\" \/>\n<meta property=\"article:modified_time\" content=\"2025-11-20T23:43:43+00:00\" \/>\n<meta property=\"og:image\" content=\"https:\/\/portalincluir.com.br\/wp-content\/uploads\/2025\/11\/prof-paulo.jpg\" \/>\n\t<meta property=\"og:image:width\" content=\"2000\" \/>\n\t<meta property=\"og:image:height\" content=\"1719\" \/>\n\t<meta property=\"og:image:type\" content=\"image\/jpeg\" \/>\n<meta name=\"author\" content=\"Portal Incluir\" \/>\n<meta name=\"twitter:card\" content=\"summary_large_image\" \/>\n<meta name=\"twitter:label1\" content=\"Escrito por\" \/>\n\t<meta name=\"twitter:data1\" content=\"Portal Incluir\" \/>\n\t<meta name=\"twitter:label2\" content=\"Est. tempo de leitura\" \/>\n\t<meta name=\"twitter:data2\" content=\"4 minutos\" \/>\n<script type=\"application\/ld+json\" class=\"yoast-schema-graph\">{\"@context\":\"https:\\\/\\\/schema.org\",\"@graph\":[{\"@type\":[\"Article\",\"BlogPosting\"],\"@id\":\"https:\\\/\\\/portalincluir.com.br\\\/index.php\\\/2025\\\/11\\\/20\\\/educacao-antirracista-desafios-e-caminhos-para-alem-do-novembro-negro\\\/#article\",\"isPartOf\":{\"@id\":\"https:\\\/\\\/portalincluir.com.br\\\/index.php\\\/2025\\\/11\\\/20\\\/educacao-antirracista-desafios-e-caminhos-para-alem-do-novembro-negro\\\/\"},\"author\":{\"name\":\"Portal Incluir\",\"@id\":\"https:\\\/\\\/portalincluir.com.br\\\/#\\\/schema\\\/person\\\/8823664e5902eee555607fb75c4c35ae\"},\"headline\":\"Educa\u00e7\u00e3o antirracista: desafios e caminhos para al\u00e9m do Novembro Negro\",\"datePublished\":\"2025-11-20T23:43:17+00:00\",\"dateModified\":\"2025-11-20T23:43:43+00:00\",\"mainEntityOfPage\":{\"@id\":\"https:\\\/\\\/portalincluir.com.br\\\/index.php\\\/2025\\\/11\\\/20\\\/educacao-antirracista-desafios-e-caminhos-para-alem-do-novembro-negro\\\/\"},\"wordCount\":683,\"commentCount\":0,\"image\":{\"@id\":\"https:\\\/\\\/portalincluir.com.br\\\/index.php\\\/2025\\\/11\\\/20\\\/educacao-antirracista-desafios-e-caminhos-para-alem-do-novembro-negro\\\/#primaryimage\"},\"thumbnailUrl\":\"https:\\\/\\\/portalincluir.com.br\\\/wp-content\\\/uploads\\\/2025\\\/11\\\/prof-paulo.jpg\",\"articleSection\":[\"Not\u00edcias\",\"Portal\"],\"inLanguage\":\"pt-BR\",\"potentialAction\":[{\"@type\":\"CommentAction\",\"name\":\"Comment\",\"target\":[\"https:\\\/\\\/portalincluir.com.br\\\/index.php\\\/2025\\\/11\\\/20\\\/educacao-antirracista-desafios-e-caminhos-para-alem-do-novembro-negro\\\/#respond\"]}]},{\"@type\":\"WebPage\",\"@id\":\"https:\\\/\\\/portalincluir.com.br\\\/index.php\\\/2025\\\/11\\\/20\\\/educacao-antirracista-desafios-e-caminhos-para-alem-do-novembro-negro\\\/\",\"url\":\"https:\\\/\\\/portalincluir.com.br\\\/index.php\\\/2025\\\/11\\\/20\\\/educacao-antirracista-desafios-e-caminhos-para-alem-do-novembro-negro\\\/\",\"name\":\"Educa\u00e7\u00e3o antirracista: desafios e caminhos para al\u00e9m do Novembro Negro - PORTAL INCLUIR\",\"isPartOf\":{\"@id\":\"https:\\\/\\\/portalincluir.com.br\\\/#website\"},\"primaryImageOfPage\":{\"@id\":\"https:\\\/\\\/portalincluir.com.br\\\/index.php\\\/2025\\\/11\\\/20\\\/educacao-antirracista-desafios-e-caminhos-para-alem-do-novembro-negro\\\/#primaryimage\"},\"image\":{\"@id\":\"https:\\\/\\\/portalincluir.com.br\\\/index.php\\\/2025\\\/11\\\/20\\\/educacao-antirracista-desafios-e-caminhos-para-alem-do-novembro-negro\\\/#primaryimage\"},\"thumbnailUrl\":\"https:\\\/\\\/portalincluir.com.br\\\/wp-content\\\/uploads\\\/2025\\\/11\\\/prof-paulo.jpg\",\"datePublished\":\"2025-11-20T23:43:17+00:00\",\"dateModified\":\"2025-11-20T23:43:43+00:00\",\"author\":{\"@id\":\"https:\\\/\\\/portalincluir.com.br\\\/#\\\/schema\\\/person\\\/8823664e5902eee555607fb75c4c35ae\"},\"breadcrumb\":{\"@id\":\"https:\\\/\\\/portalincluir.com.br\\\/index.php\\\/2025\\\/11\\\/20\\\/educacao-antirracista-desafios-e-caminhos-para-alem-do-novembro-negro\\\/#breadcrumb\"},\"inLanguage\":\"pt-BR\",\"potentialAction\":[{\"@type\":\"ReadAction\",\"target\":[\"https:\\\/\\\/portalincluir.com.br\\\/index.php\\\/2025\\\/11\\\/20\\\/educacao-antirracista-desafios-e-caminhos-para-alem-do-novembro-negro\\\/\"]}]},{\"@type\":\"ImageObject\",\"inLanguage\":\"pt-BR\",\"@id\":\"https:\\\/\\\/portalincluir.com.br\\\/index.php\\\/2025\\\/11\\\/20\\\/educacao-antirracista-desafios-e-caminhos-para-alem-do-novembro-negro\\\/#primaryimage\",\"url\":\"https:\\\/\\\/portalincluir.com.br\\\/wp-content\\\/uploads\\\/2025\\\/11\\\/prof-paulo.jpg\",\"contentUrl\":\"https:\\\/\\\/portalincluir.com.br\\\/wp-content\\\/uploads\\\/2025\\\/11\\\/prof-paulo.jpg\",\"width\":2000,\"height\":1719},{\"@type\":\"BreadcrumbList\",\"@id\":\"https:\\\/\\\/portalincluir.com.br\\\/index.php\\\/2025\\\/11\\\/20\\\/educacao-antirracista-desafios-e-caminhos-para-alem-do-novembro-negro\\\/#breadcrumb\",\"itemListElement\":[{\"@type\":\"ListItem\",\"position\":1,\"name\":\"In\u00edcio\",\"item\":\"https:\\\/\\\/portalincluir.com.br\\\/\"},{\"@type\":\"ListItem\",\"position\":2,\"name\":\"Educa\u00e7\u00e3o antirracista: desafios e caminhos para al\u00e9m do Novembro Negro\"}]},{\"@type\":\"WebSite\",\"@id\":\"https:\\\/\\\/portalincluir.com.br\\\/#website\",\"url\":\"https:\\\/\\\/portalincluir.com.br\\\/\",\"name\":\"PORTAL INCLUIR\",\"description\":\"\",\"potentialAction\":[{\"@type\":\"SearchAction\",\"target\":{\"@type\":\"EntryPoint\",\"urlTemplate\":\"https:\\\/\\\/portalincluir.com.br\\\/?s={search_term_string}\"},\"query-input\":{\"@type\":\"PropertyValueSpecification\",\"valueRequired\":true,\"valueName\":\"search_term_string\"}}],\"inLanguage\":\"pt-BR\"},{\"@type\":\"Person\",\"@id\":\"https:\\\/\\\/portalincluir.com.br\\\/#\\\/schema\\\/person\\\/8823664e5902eee555607fb75c4c35ae\",\"name\":\"Portal Incluir\",\"image\":{\"@type\":\"ImageObject\",\"inLanguage\":\"pt-BR\",\"@id\":\"https:\\\/\\\/secure.gravatar.com\\\/avatar\\\/12085fe17e70c3550551519fe1f8f51fae69b1748563a47fc3bea53d91fbcbbd?s=96&d=mm&r=g\",\"url\":\"https:\\\/\\\/secure.gravatar.com\\\/avatar\\\/12085fe17e70c3550551519fe1f8f51fae69b1748563a47fc3bea53d91fbcbbd?s=96&d=mm&r=g\",\"contentUrl\":\"https:\\\/\\\/secure.gravatar.com\\\/avatar\\\/12085fe17e70c3550551519fe1f8f51fae69b1748563a47fc3bea53d91fbcbbd?s=96&d=mm&r=g\",\"caption\":\"Portal Incluir\"},\"sameAs\":[\"http:\\\/\\\/portalincluir.com.br\"],\"url\":\"https:\\\/\\\/portalincluir.com.br\\\/index.php\\\/author\\\/portalincluir-com-br\\\/\"}]}<\/script>\n<!-- \/ Yoast SEO plugin. -->","yoast_head_json":{"title":"Educa\u00e7\u00e3o antirracista: desafios e caminhos para al\u00e9m do Novembro Negro - PORTAL INCLUIR","robots":{"index":"index","follow":"follow","max-snippet":"max-snippet:-1","max-image-preview":"max-image-preview:large","max-video-preview":"max-video-preview:-1"},"canonical":"https:\/\/portalincluir.com.br\/index.php\/2025\/11\/20\/educacao-antirracista-desafios-e-caminhos-para-alem-do-novembro-negro\/","og_locale":"pt_BR","og_type":"article","og_title":"Educa\u00e7\u00e3o antirracista: desafios e caminhos para al\u00e9m do Novembro Negro - PORTAL INCLUIR","og_description":"Para o professor Paulo Melga\u00e7o, o Novembro Negro \u00e9 um momento de reviver a luta","og_url":"https:\/\/portalincluir.com.br\/index.php\/2025\/11\/20\/educacao-antirracista-desafios-e-caminhos-para-alem-do-novembro-negro\/","og_site_name":"PORTAL INCLUIR","article_published_time":"2025-11-20T23:43:17+00:00","article_modified_time":"2025-11-20T23:43:43+00:00","og_image":[{"width":2000,"height":1719,"url":"https:\/\/portalincluir.com.br\/wp-content\/uploads\/2025\/11\/prof-paulo.jpg","type":"image\/jpeg"}],"author":"Portal Incluir","twitter_card":"summary_large_image","twitter_misc":{"Escrito por":"Portal Incluir","Est. tempo de leitura":"4 minutos"},"schema":{"@context":"https:\/\/schema.org","@graph":[{"@type":["Article","BlogPosting"],"@id":"https:\/\/portalincluir.com.br\/index.php\/2025\/11\/20\/educacao-antirracista-desafios-e-caminhos-para-alem-do-novembro-negro\/#article","isPartOf":{"@id":"https:\/\/portalincluir.com.br\/index.php\/2025\/11\/20\/educacao-antirracista-desafios-e-caminhos-para-alem-do-novembro-negro\/"},"author":{"name":"Portal Incluir","@id":"https:\/\/portalincluir.com.br\/#\/schema\/person\/8823664e5902eee555607fb75c4c35ae"},"headline":"Educa\u00e7\u00e3o antirracista: desafios e caminhos para al\u00e9m do Novembro Negro","datePublished":"2025-11-20T23:43:17+00:00","dateModified":"2025-11-20T23:43:43+00:00","mainEntityOfPage":{"@id":"https:\/\/portalincluir.com.br\/index.php\/2025\/11\/20\/educacao-antirracista-desafios-e-caminhos-para-alem-do-novembro-negro\/"},"wordCount":683,"commentCount":0,"image":{"@id":"https:\/\/portalincluir.com.br\/index.php\/2025\/11\/20\/educacao-antirracista-desafios-e-caminhos-para-alem-do-novembro-negro\/#primaryimage"},"thumbnailUrl":"https:\/\/portalincluir.com.br\/wp-content\/uploads\/2025\/11\/prof-paulo.jpg","articleSection":["Not\u00edcias","Portal"],"inLanguage":"pt-BR","potentialAction":[{"@type":"CommentAction","name":"Comment","target":["https:\/\/portalincluir.com.br\/index.php\/2025\/11\/20\/educacao-antirracista-desafios-e-caminhos-para-alem-do-novembro-negro\/#respond"]}]},{"@type":"WebPage","@id":"https:\/\/portalincluir.com.br\/index.php\/2025\/11\/20\/educacao-antirracista-desafios-e-caminhos-para-alem-do-novembro-negro\/","url":"https:\/\/portalincluir.com.br\/index.php\/2025\/11\/20\/educacao-antirracista-desafios-e-caminhos-para-alem-do-novembro-negro\/","name":"Educa\u00e7\u00e3o antirracista: desafios e caminhos para al\u00e9m do Novembro Negro - PORTAL INCLUIR","isPartOf":{"@id":"https:\/\/portalincluir.com.br\/#website"},"primaryImageOfPage":{"@id":"https:\/\/portalincluir.com.br\/index.php\/2025\/11\/20\/educacao-antirracista-desafios-e-caminhos-para-alem-do-novembro-negro\/#primaryimage"},"image":{"@id":"https:\/\/portalincluir.com.br\/index.php\/2025\/11\/20\/educacao-antirracista-desafios-e-caminhos-para-alem-do-novembro-negro\/#primaryimage"},"thumbnailUrl":"https:\/\/portalincluir.com.br\/wp-content\/uploads\/2025\/11\/prof-paulo.jpg","datePublished":"2025-11-20T23:43:17+00:00","dateModified":"2025-11-20T23:43:43+00:00","author":{"@id":"https:\/\/portalincluir.com.br\/#\/schema\/person\/8823664e5902eee555607fb75c4c35ae"},"breadcrumb":{"@id":"https:\/\/portalincluir.com.br\/index.php\/2025\/11\/20\/educacao-antirracista-desafios-e-caminhos-para-alem-do-novembro-negro\/#breadcrumb"},"inLanguage":"pt-BR","potentialAction":[{"@type":"ReadAction","target":["https:\/\/portalincluir.com.br\/index.php\/2025\/11\/20\/educacao-antirracista-desafios-e-caminhos-para-alem-do-novembro-negro\/"]}]},{"@type":"ImageObject","inLanguage":"pt-BR","@id":"https:\/\/portalincluir.com.br\/index.php\/2025\/11\/20\/educacao-antirracista-desafios-e-caminhos-para-alem-do-novembro-negro\/#primaryimage","url":"https:\/\/portalincluir.com.br\/wp-content\/uploads\/2025\/11\/prof-paulo.jpg","contentUrl":"https:\/\/portalincluir.com.br\/wp-content\/uploads\/2025\/11\/prof-paulo.jpg","width":2000,"height":1719},{"@type":"BreadcrumbList","@id":"https:\/\/portalincluir.com.br\/index.php\/2025\/11\/20\/educacao-antirracista-desafios-e-caminhos-para-alem-do-novembro-negro\/#breadcrumb","itemListElement":[{"@type":"ListItem","position":1,"name":"In\u00edcio","item":"https:\/\/portalincluir.com.br\/"},{"@type":"ListItem","position":2,"name":"Educa\u00e7\u00e3o antirracista: desafios e caminhos para al\u00e9m do Novembro Negro"}]},{"@type":"WebSite","@id":"https:\/\/portalincluir.com.br\/#website","url":"https:\/\/portalincluir.com.br\/","name":"PORTAL INCLUIR","description":"","potentialAction":[{"@type":"SearchAction","target":{"@type":"EntryPoint","urlTemplate":"https:\/\/portalincluir.com.br\/?s={search_term_string}"},"query-input":{"@type":"PropertyValueSpecification","valueRequired":true,"valueName":"search_term_string"}}],"inLanguage":"pt-BR"},{"@type":"Person","@id":"https:\/\/portalincluir.com.br\/#\/schema\/person\/8823664e5902eee555607fb75c4c35ae","name":"Portal Incluir","image":{"@type":"ImageObject","inLanguage":"pt-BR","@id":"https:\/\/secure.gravatar.com\/avatar\/12085fe17e70c3550551519fe1f8f51fae69b1748563a47fc3bea53d91fbcbbd?s=96&d=mm&r=g","url":"https:\/\/secure.gravatar.com\/avatar\/12085fe17e70c3550551519fe1f8f51fae69b1748563a47fc3bea53d91fbcbbd?s=96&d=mm&r=g","contentUrl":"https:\/\/secure.gravatar.com\/avatar\/12085fe17e70c3550551519fe1f8f51fae69b1748563a47fc3bea53d91fbcbbd?s=96&d=mm&r=g","caption":"Portal Incluir"},"sameAs":["http:\/\/portalincluir.com.br"],"url":"https:\/\/portalincluir.com.br\/index.php\/author\/portalincluir-com-br\/"}]}},"_links":{"self":[{"href":"https:\/\/portalincluir.com.br\/index.php\/wp-json\/wp\/v2\/posts\/752","targetHints":{"allow":["GET"]}}],"collection":[{"href":"https:\/\/portalincluir.com.br\/index.php\/wp-json\/wp\/v2\/posts"}],"about":[{"href":"https:\/\/portalincluir.com.br\/index.php\/wp-json\/wp\/v2\/types\/post"}],"author":[{"embeddable":true,"href":"https:\/\/portalincluir.com.br\/index.php\/wp-json\/wp\/v2\/users\/1"}],"replies":[{"embeddable":true,"href":"https:\/\/portalincluir.com.br\/index.php\/wp-json\/wp\/v2\/comments?post=752"}],"version-history":[{"count":1,"href":"https:\/\/portalincluir.com.br\/index.php\/wp-json\/wp\/v2\/posts\/752\/revisions"}],"predecessor-version":[{"id":754,"href":"https:\/\/portalincluir.com.br\/index.php\/wp-json\/wp\/v2\/posts\/752\/revisions\/754"}],"wp:featuredmedia":[{"embeddable":true,"href":"https:\/\/portalincluir.com.br\/index.php\/wp-json\/wp\/v2\/media\/753"}],"wp:attachment":[{"href":"https:\/\/portalincluir.com.br\/index.php\/wp-json\/wp\/v2\/media?parent=752"}],"wp:term":[{"taxonomy":"category","embeddable":true,"href":"https:\/\/portalincluir.com.br\/index.php\/wp-json\/wp\/v2\/categories?post=752"},{"taxonomy":"post_tag","embeddable":true,"href":"https:\/\/portalincluir.com.br\/index.php\/wp-json\/wp\/v2\/tags?post=752"}],"curies":[{"name":"wp","href":"https:\/\/api.w.org\/{rel}","templated":true}]}}