{"id":757,"date":"2025-11-21T13:55:14","date_gmt":"2025-11-21T16:55:14","guid":{"rendered":"https:\/\/portalincluir.com.br\/?p=757"},"modified":"2025-11-21T13:55:15","modified_gmt":"2025-11-21T16:55:15","slug":"anjo-azul","status":"publish","type":"post","link":"https:\/\/portalincluir.com.br\/index.php\/2025\/11\/21\/anjo-azul\/","title":{"rendered":"Anjo Azul"},"content":{"rendered":"\n<p>Contam que em Floren\u00e7a, na It\u00e1lia, durante o per\u00edodo da Renascen\u00e7a, uma grande pedra de m\u00e1rmore foi cortada para ser transformada numa escultura. Alguns escultores receberam a encomenda, por\u00e9m nenhum deles foi capaz de decidir o que fazer. Todos desistiram do trabalho, passando o desafio para as m\u00e3os de Michelangelo. Tempos depois, no lugar daquela pedra estava esculpida a imagem de um anjo. \u201cVi o anjo adormecido dentro da pedra, esperando para ser libertado\u201d, disse o artista.\u00a0<\/p>\n\n\n\n<p>Pais de autistas costumam chamar seus filhos de anjos azuis. Azul \u00e9 a cor do autismo, e abril \u00e9 um m\u00eas repleto de eventos que revelam a luta pela inclus\u00e3o social da pessoa com o espectro. Nesse sentido, penso que a hist\u00f3ria de Michelangelo pode nos ensinar algumas coisas.&nbsp;&nbsp;<\/p>\n\n\n\n<p>O transtorno do espectro autista (TEA) atinge milh\u00f5es de pessoas no mundo, trazendo consider\u00e1veis dificuldades na intera\u00e7\u00e3o social e na comunica\u00e7\u00e3o. Aparece nos primeiros anos de vida, proveniente de causas ainda n\u00e3o totalmente conhecidas, trazendo incertezas que dificultam, em muitos casos, o diagn\u00f3stico. Atualmente, a maioria das pessoas, em diferentes c\u00edrculos sociais, conhece algu\u00e9m com TEA: na fam\u00edlia, entre amigos, no trabalho, no condom\u00ednio, na rua onde mora e, principalmente, na escola.\u00a0\u00a0\u00a0<\/p>\n\n\n\n<p>Infelizmente, mesmo com apoio de familiares e educadores, boa divulga\u00e7\u00e3o na m\u00eddia, al\u00e9m de uma Lei Federal, Lei Berenice Piana, garantindo direitos e pol\u00edticas p\u00fablicas, encontramos casos de discrimina\u00e7\u00e3o, intoler\u00e2ncia e de exclus\u00e3o, consequ\u00eancias de um olhar preconceituoso e capacitista, que j\u00e1 deveria ter sido superado.&nbsp;<\/p>\n\n\n\n<p>Por isso, como Michelangelo, precisamos enxergar para al\u00e9m da pedra de m\u00e1rmore e ver o anjo que est\u00e1 aguardando para ser lapidado. O professor Rubem Alves dizia que n\u00f3s n\u00e3o vemos o que vemos, mas vemos o que somos. Por essa raz\u00e3o, enxergamos beleza na vida, porque a beleza est\u00e1 dentro de n\u00f3s. Um olhar desprovido de preconceitos traz a possibilidade de conviv\u00eancia com o outro. Dessa forma, nos tornamos mais semelhantes no amor, estabelecendo as bases para a forma\u00e7\u00e3o de uma sociedade inclusiva. Da\u00ed nasce a compreens\u00e3o de que, para al\u00e9m de qualquer condi\u00e7\u00e3o decorrente do autismo, estar\u00e1 a condi\u00e7\u00e3o humana do autista. Quando chegamos \u00e0 escola somos todos como uma pedra preciosa a ser lapidada. Dessa forma, a hist\u00f3ria de Michelangelo nos ensina a ver o autismo com os olhos da equidade. A educa\u00e7\u00e3o \u00e9 afetiva, social e transformadora. Os espa\u00e7os da escola s\u00e3o espa\u00e7os de conhecimento, aprendizagem e viv\u00eancias, reiterando sempre que em nossas semelhan\u00e7as ou em nossas diferen\u00e7as somos todos iguais.\u00a0<\/p>\n\n\n\n<p><em><strong>Eug\u00eanio Cunha<\/strong>, Doutor em educa\u00e7\u00e3o, professor do ensino superior, psicopedagogo, mestre em Tecnologia Educacional e coordenador pedag\u00f3gico do Col\u00e9gio Objetivo Camboinhas. Entre os livros lan\u00e7ados est\u00e3o \u201cAfeto e aprendizagem\u201d, \u201cAutismo e inclus\u00e3o\u201d, \u201cPr\u00e1ticas pedag\u00f3gicas para inclus\u00e3o e diversidade\u201d.<\/em><\/p>\n\n\n\n<p><\/p>\n","protected":false},"excerpt":{"rendered":"<p>Contam que em Floren\u00e7a, na It\u00e1lia, durante o per\u00edodo da Renascen\u00e7a, uma grande pedra de<\/p>\n","protected":false},"author":1,"featured_media":758,"comment_status":"open","ping_status":"open","sticky":false,"template":"","format":"standard","meta":{"om_disable_all_campaigns":false,"_monsterinsights_skip_tracking":false,"_monsterinsights_sitenote_active":false,"_monsterinsights_sitenote_note":"","_monsterinsights_sitenote_category":0,"_uf_show_specific_survey":0,"_uf_disable_surveys":false,"footnotes":""},"categories":[6,21],"tags":[],"class_list":["post-757","post","type-post","status-publish","format-standard","has-post-thumbnail","hentry","category-autismo","category-opiniao"],"yoast_head":"<!-- This site is optimized with the Yoast SEO plugin v27.4 - https:\/\/yoast.com\/product\/yoast-seo-wordpress\/ -->\n<title>Anjo Azul - PORTAL INCLUIR<\/title>\n<meta name=\"robots\" content=\"index, follow, max-snippet:-1, max-image-preview:large, max-video-preview:-1\" \/>\n<link rel=\"canonical\" href=\"https:\/\/portalincluir.com.br\/index.php\/2025\/11\/21\/anjo-azul\/\" \/>\n<meta property=\"og:locale\" content=\"pt_BR\" \/>\n<meta property=\"og:type\" content=\"article\" \/>\n<meta property=\"og:title\" content=\"Anjo Azul - PORTAL INCLUIR\" \/>\n<meta property=\"og:description\" content=\"Contam que em Floren\u00e7a, na It\u00e1lia, durante o per\u00edodo da Renascen\u00e7a, uma grande pedra de\" \/>\n<meta property=\"og:url\" content=\"https:\/\/portalincluir.com.br\/index.php\/2025\/11\/21\/anjo-azul\/\" \/>\n<meta property=\"og:site_name\" content=\"PORTAL INCLUIR\" \/>\n<meta property=\"article:published_time\" content=\"2025-11-21T16:55:14+00:00\" \/>\n<meta property=\"article:modified_time\" content=\"2025-11-21T16:55:15+00:00\" \/>\n<meta property=\"og:image\" content=\"https:\/\/portalincluir.com.br\/wp-content\/uploads\/2025\/11\/eugenio-e1763744095275.jpg\" \/>\n\t<meta property=\"og:image:width\" content=\"1189\" \/>\n\t<meta property=\"og:image:height\" content=\"1064\" \/>\n\t<meta property=\"og:image:type\" content=\"image\/jpeg\" \/>\n<meta name=\"author\" content=\"Portal Incluir\" \/>\n<meta name=\"twitter:card\" content=\"summary_large_image\" \/>\n<meta name=\"twitter:label1\" content=\"Escrito por\" \/>\n\t<meta name=\"twitter:data1\" content=\"Portal Incluir\" \/>\n\t<meta name=\"twitter:label2\" content=\"Est. tempo de leitura\" \/>\n\t<meta name=\"twitter:data2\" content=\"3 minutos\" \/>\n<script type=\"application\/ld+json\" class=\"yoast-schema-graph\">{\"@context\":\"https:\\\/\\\/schema.org\",\"@graph\":[{\"@type\":[\"Article\",\"BlogPosting\"],\"@id\":\"https:\\\/\\\/portalincluir.com.br\\\/index.php\\\/2025\\\/11\\\/21\\\/anjo-azul\\\/#article\",\"isPartOf\":{\"@id\":\"https:\\\/\\\/portalincluir.com.br\\\/index.php\\\/2025\\\/11\\\/21\\\/anjo-azul\\\/\"},\"author\":{\"name\":\"Portal Incluir\",\"@id\":\"https:\\\/\\\/portalincluir.com.br\\\/#\\\/schema\\\/person\\\/8823664e5902eee555607fb75c4c35ae\"},\"headline\":\"Anjo Azul\",\"datePublished\":\"2025-11-21T16:55:14+00:00\",\"dateModified\":\"2025-11-21T16:55:15+00:00\",\"mainEntityOfPage\":{\"@id\":\"https:\\\/\\\/portalincluir.com.br\\\/index.php\\\/2025\\\/11\\\/21\\\/anjo-azul\\\/\"},\"wordCount\":507,\"commentCount\":0,\"image\":{\"@id\":\"https:\\\/\\\/portalincluir.com.br\\\/index.php\\\/2025\\\/11\\\/21\\\/anjo-azul\\\/#primaryimage\"},\"thumbnailUrl\":\"https:\\\/\\\/portalincluir.com.br\\\/wp-content\\\/uploads\\\/2025\\\/11\\\/eugenio-e1763744095275.jpg\",\"articleSection\":[\"Autismo\",\"Opini\u00e3o\"],\"inLanguage\":\"pt-BR\",\"potentialAction\":[{\"@type\":\"CommentAction\",\"name\":\"Comment\",\"target\":[\"https:\\\/\\\/portalincluir.com.br\\\/index.php\\\/2025\\\/11\\\/21\\\/anjo-azul\\\/#respond\"]}]},{\"@type\":\"WebPage\",\"@id\":\"https:\\\/\\\/portalincluir.com.br\\\/index.php\\\/2025\\\/11\\\/21\\\/anjo-azul\\\/\",\"url\":\"https:\\\/\\\/portalincluir.com.br\\\/index.php\\\/2025\\\/11\\\/21\\\/anjo-azul\\\/\",\"name\":\"Anjo Azul - PORTAL INCLUIR\",\"isPartOf\":{\"@id\":\"https:\\\/\\\/portalincluir.com.br\\\/#website\"},\"primaryImageOfPage\":{\"@id\":\"https:\\\/\\\/portalincluir.com.br\\\/index.php\\\/2025\\\/11\\\/21\\\/anjo-azul\\\/#primaryimage\"},\"image\":{\"@id\":\"https:\\\/\\\/portalincluir.com.br\\\/index.php\\\/2025\\\/11\\\/21\\\/anjo-azul\\\/#primaryimage\"},\"thumbnailUrl\":\"https:\\\/\\\/portalincluir.com.br\\\/wp-content\\\/uploads\\\/2025\\\/11\\\/eugenio-e1763744095275.jpg\",\"datePublished\":\"2025-11-21T16:55:14+00:00\",\"dateModified\":\"2025-11-21T16:55:15+00:00\",\"author\":{\"@id\":\"https:\\\/\\\/portalincluir.com.br\\\/#\\\/schema\\\/person\\\/8823664e5902eee555607fb75c4c35ae\"},\"breadcrumb\":{\"@id\":\"https:\\\/\\\/portalincluir.com.br\\\/index.php\\\/2025\\\/11\\\/21\\\/anjo-azul\\\/#breadcrumb\"},\"inLanguage\":\"pt-BR\",\"potentialAction\":[{\"@type\":\"ReadAction\",\"target\":[\"https:\\\/\\\/portalincluir.com.br\\\/index.php\\\/2025\\\/11\\\/21\\\/anjo-azul\\\/\"]}]},{\"@type\":\"ImageObject\",\"inLanguage\":\"pt-BR\",\"@id\":\"https:\\\/\\\/portalincluir.com.br\\\/index.php\\\/2025\\\/11\\\/21\\\/anjo-azul\\\/#primaryimage\",\"url\":\"https:\\\/\\\/portalincluir.com.br\\\/wp-content\\\/uploads\\\/2025\\\/11\\\/eugenio-e1763744095275.jpg\",\"contentUrl\":\"https:\\\/\\\/portalincluir.com.br\\\/wp-content\\\/uploads\\\/2025\\\/11\\\/eugenio-e1763744095275.jpg\",\"width\":1189,\"height\":1064},{\"@type\":\"BreadcrumbList\",\"@id\":\"https:\\\/\\\/portalincluir.com.br\\\/index.php\\\/2025\\\/11\\\/21\\\/anjo-azul\\\/#breadcrumb\",\"itemListElement\":[{\"@type\":\"ListItem\",\"position\":1,\"name\":\"In\u00edcio\",\"item\":\"https:\\\/\\\/portalincluir.com.br\\\/\"},{\"@type\":\"ListItem\",\"position\":2,\"name\":\"Anjo Azul\"}]},{\"@type\":\"WebSite\",\"@id\":\"https:\\\/\\\/portalincluir.com.br\\\/#website\",\"url\":\"https:\\\/\\\/portalincluir.com.br\\\/\",\"name\":\"PORTAL INCLUIR\",\"description\":\"\",\"potentialAction\":[{\"@type\":\"SearchAction\",\"target\":{\"@type\":\"EntryPoint\",\"urlTemplate\":\"https:\\\/\\\/portalincluir.com.br\\\/?s={search_term_string}\"},\"query-input\":{\"@type\":\"PropertyValueSpecification\",\"valueRequired\":true,\"valueName\":\"search_term_string\"}}],\"inLanguage\":\"pt-BR\"},{\"@type\":\"Person\",\"@id\":\"https:\\\/\\\/portalincluir.com.br\\\/#\\\/schema\\\/person\\\/8823664e5902eee555607fb75c4c35ae\",\"name\":\"Portal Incluir\",\"image\":{\"@type\":\"ImageObject\",\"inLanguage\":\"pt-BR\",\"@id\":\"https:\\\/\\\/secure.gravatar.com\\\/avatar\\\/12085fe17e70c3550551519fe1f8f51fae69b1748563a47fc3bea53d91fbcbbd?s=96&d=mm&r=g\",\"url\":\"https:\\\/\\\/secure.gravatar.com\\\/avatar\\\/12085fe17e70c3550551519fe1f8f51fae69b1748563a47fc3bea53d91fbcbbd?s=96&d=mm&r=g\",\"contentUrl\":\"https:\\\/\\\/secure.gravatar.com\\\/avatar\\\/12085fe17e70c3550551519fe1f8f51fae69b1748563a47fc3bea53d91fbcbbd?s=96&d=mm&r=g\",\"caption\":\"Portal Incluir\"},\"sameAs\":[\"http:\\\/\\\/portalincluir.com.br\"],\"url\":\"https:\\\/\\\/portalincluir.com.br\\\/index.php\\\/author\\\/portalincluir-com-br\\\/\"}]}<\/script>\n<!-- \/ Yoast SEO plugin. -->","yoast_head_json":{"title":"Anjo Azul - PORTAL INCLUIR","robots":{"index":"index","follow":"follow","max-snippet":"max-snippet:-1","max-image-preview":"max-image-preview:large","max-video-preview":"max-video-preview:-1"},"canonical":"https:\/\/portalincluir.com.br\/index.php\/2025\/11\/21\/anjo-azul\/","og_locale":"pt_BR","og_type":"article","og_title":"Anjo Azul - PORTAL INCLUIR","og_description":"Contam que em Floren\u00e7a, na It\u00e1lia, durante o per\u00edodo da Renascen\u00e7a, uma grande pedra de","og_url":"https:\/\/portalincluir.com.br\/index.php\/2025\/11\/21\/anjo-azul\/","og_site_name":"PORTAL INCLUIR","article_published_time":"2025-11-21T16:55:14+00:00","article_modified_time":"2025-11-21T16:55:15+00:00","og_image":[{"width":1189,"height":1064,"url":"https:\/\/portalincluir.com.br\/wp-content\/uploads\/2025\/11\/eugenio-e1763744095275.jpg","type":"image\/jpeg"}],"author":"Portal Incluir","twitter_card":"summary_large_image","twitter_misc":{"Escrito por":"Portal Incluir","Est. tempo de leitura":"3 minutos"},"schema":{"@context":"https:\/\/schema.org","@graph":[{"@type":["Article","BlogPosting"],"@id":"https:\/\/portalincluir.com.br\/index.php\/2025\/11\/21\/anjo-azul\/#article","isPartOf":{"@id":"https:\/\/portalincluir.com.br\/index.php\/2025\/11\/21\/anjo-azul\/"},"author":{"name":"Portal Incluir","@id":"https:\/\/portalincluir.com.br\/#\/schema\/person\/8823664e5902eee555607fb75c4c35ae"},"headline":"Anjo Azul","datePublished":"2025-11-21T16:55:14+00:00","dateModified":"2025-11-21T16:55:15+00:00","mainEntityOfPage":{"@id":"https:\/\/portalincluir.com.br\/index.php\/2025\/11\/21\/anjo-azul\/"},"wordCount":507,"commentCount":0,"image":{"@id":"https:\/\/portalincluir.com.br\/index.php\/2025\/11\/21\/anjo-azul\/#primaryimage"},"thumbnailUrl":"https:\/\/portalincluir.com.br\/wp-content\/uploads\/2025\/11\/eugenio-e1763744095275.jpg","articleSection":["Autismo","Opini\u00e3o"],"inLanguage":"pt-BR","potentialAction":[{"@type":"CommentAction","name":"Comment","target":["https:\/\/portalincluir.com.br\/index.php\/2025\/11\/21\/anjo-azul\/#respond"]}]},{"@type":"WebPage","@id":"https:\/\/portalincluir.com.br\/index.php\/2025\/11\/21\/anjo-azul\/","url":"https:\/\/portalincluir.com.br\/index.php\/2025\/11\/21\/anjo-azul\/","name":"Anjo Azul - PORTAL INCLUIR","isPartOf":{"@id":"https:\/\/portalincluir.com.br\/#website"},"primaryImageOfPage":{"@id":"https:\/\/portalincluir.com.br\/index.php\/2025\/11\/21\/anjo-azul\/#primaryimage"},"image":{"@id":"https:\/\/portalincluir.com.br\/index.php\/2025\/11\/21\/anjo-azul\/#primaryimage"},"thumbnailUrl":"https:\/\/portalincluir.com.br\/wp-content\/uploads\/2025\/11\/eugenio-e1763744095275.jpg","datePublished":"2025-11-21T16:55:14+00:00","dateModified":"2025-11-21T16:55:15+00:00","author":{"@id":"https:\/\/portalincluir.com.br\/#\/schema\/person\/8823664e5902eee555607fb75c4c35ae"},"breadcrumb":{"@id":"https:\/\/portalincluir.com.br\/index.php\/2025\/11\/21\/anjo-azul\/#breadcrumb"},"inLanguage":"pt-BR","potentialAction":[{"@type":"ReadAction","target":["https:\/\/portalincluir.com.br\/index.php\/2025\/11\/21\/anjo-azul\/"]}]},{"@type":"ImageObject","inLanguage":"pt-BR","@id":"https:\/\/portalincluir.com.br\/index.php\/2025\/11\/21\/anjo-azul\/#primaryimage","url":"https:\/\/portalincluir.com.br\/wp-content\/uploads\/2025\/11\/eugenio-e1763744095275.jpg","contentUrl":"https:\/\/portalincluir.com.br\/wp-content\/uploads\/2025\/11\/eugenio-e1763744095275.jpg","width":1189,"height":1064},{"@type":"BreadcrumbList","@id":"https:\/\/portalincluir.com.br\/index.php\/2025\/11\/21\/anjo-azul\/#breadcrumb","itemListElement":[{"@type":"ListItem","position":1,"name":"In\u00edcio","item":"https:\/\/portalincluir.com.br\/"},{"@type":"ListItem","position":2,"name":"Anjo Azul"}]},{"@type":"WebSite","@id":"https:\/\/portalincluir.com.br\/#website","url":"https:\/\/portalincluir.com.br\/","name":"PORTAL INCLUIR","description":"","potentialAction":[{"@type":"SearchAction","target":{"@type":"EntryPoint","urlTemplate":"https:\/\/portalincluir.com.br\/?s={search_term_string}"},"query-input":{"@type":"PropertyValueSpecification","valueRequired":true,"valueName":"search_term_string"}}],"inLanguage":"pt-BR"},{"@type":"Person","@id":"https:\/\/portalincluir.com.br\/#\/schema\/person\/8823664e5902eee555607fb75c4c35ae","name":"Portal Incluir","image":{"@type":"ImageObject","inLanguage":"pt-BR","@id":"https:\/\/secure.gravatar.com\/avatar\/12085fe17e70c3550551519fe1f8f51fae69b1748563a47fc3bea53d91fbcbbd?s=96&d=mm&r=g","url":"https:\/\/secure.gravatar.com\/avatar\/12085fe17e70c3550551519fe1f8f51fae69b1748563a47fc3bea53d91fbcbbd?s=96&d=mm&r=g","contentUrl":"https:\/\/secure.gravatar.com\/avatar\/12085fe17e70c3550551519fe1f8f51fae69b1748563a47fc3bea53d91fbcbbd?s=96&d=mm&r=g","caption":"Portal Incluir"},"sameAs":["http:\/\/portalincluir.com.br"],"url":"https:\/\/portalincluir.com.br\/index.php\/author\/portalincluir-com-br\/"}]}},"_links":{"self":[{"href":"https:\/\/portalincluir.com.br\/index.php\/wp-json\/wp\/v2\/posts\/757","targetHints":{"allow":["GET"]}}],"collection":[{"href":"https:\/\/portalincluir.com.br\/index.php\/wp-json\/wp\/v2\/posts"}],"about":[{"href":"https:\/\/portalincluir.com.br\/index.php\/wp-json\/wp\/v2\/types\/post"}],"author":[{"embeddable":true,"href":"https:\/\/portalincluir.com.br\/index.php\/wp-json\/wp\/v2\/users\/1"}],"replies":[{"embeddable":true,"href":"https:\/\/portalincluir.com.br\/index.php\/wp-json\/wp\/v2\/comments?post=757"}],"version-history":[{"count":1,"href":"https:\/\/portalincluir.com.br\/index.php\/wp-json\/wp\/v2\/posts\/757\/revisions"}],"predecessor-version":[{"id":759,"href":"https:\/\/portalincluir.com.br\/index.php\/wp-json\/wp\/v2\/posts\/757\/revisions\/759"}],"wp:featuredmedia":[{"embeddable":true,"href":"https:\/\/portalincluir.com.br\/index.php\/wp-json\/wp\/v2\/media\/758"}],"wp:attachment":[{"href":"https:\/\/portalincluir.com.br\/index.php\/wp-json\/wp\/v2\/media?parent=757"}],"wp:term":[{"taxonomy":"category","embeddable":true,"href":"https:\/\/portalincluir.com.br\/index.php\/wp-json\/wp\/v2\/categories?post=757"},{"taxonomy":"post_tag","embeddable":true,"href":"https:\/\/portalincluir.com.br\/index.php\/wp-json\/wp\/v2\/tags?post=757"}],"curies":[{"name":"wp","href":"https:\/\/api.w.org\/{rel}","templated":true}]}}