{"id":760,"date":"2025-11-22T14:34:02","date_gmt":"2025-11-22T17:34:02","guid":{"rendered":"https:\/\/portalincluir.com.br\/?p=760"},"modified":"2025-11-22T14:36:33","modified_gmt":"2025-11-22T17:36:33","slug":"campinas-testemunha-virada-historica-no-debate-sobre-sindrome-de-down","status":"publish","type":"post","link":"https:\/\/portalincluir.com.br\/index.php\/2025\/11\/22\/campinas-testemunha-virada-historica-no-debate-sobre-sindrome-de-down\/","title":{"rendered":"Campinas testemunha virada hist\u00f3rica no debate sobre S\u00edndrome de Down"},"content":{"rendered":"\n<p>Entre os dias 19 e 22 de novembro, Campinas-SP foi palco de uma transforma\u00e7\u00e3o silenciosa \u2014 mas profunda. O Congresso internacional \u201cEu tenho S\u00edndrome de Down, e da\u00ed?\u201d, realizado pela Funda\u00e7\u00e3o S\u00edndrome de Down (FSDown), fez da cidade o epicentro mundial das discuss\u00f5es mais urgentes sobre inclus\u00e3o, diversidade e direitos das pessoas com defici\u00eancia. Delega\u00e7\u00f5es de 19 pa\u00edses estiveram presentes neste encontro, integrando o IX Congresso Brasileiro e o VII Congresso Ibero-americano de S\u00edndrome de Down.<\/p>\n\n\n\n<p>Durante quatro dias, estudiosos, especialistas e, sobretudo, pessoas com S\u00edndrome de Down protagonizaram debates que ultrapassam a ret\u00f3rica. O evento n\u00e3o se limitou ao formato tradicional de congressos cient\u00edficos. Foi \u2014 nas palavras de quem participou \u2014 um espa\u00e7o vivo de troca, escuta ativa e constru\u00e7\u00e3o coletiva. Temas como autonomias, vida adulta, mercado de trabalho, afetividade e o direito \u00e0 tomada de decis\u00f5es ganharam dimens\u00e3o pr\u00e1tica e emocional, colocando o cotidiano das pessoas com S\u00edndrome de Down no centro das discuss\u00f5es.<\/p>\n\n\n\n<p>O evento tamb\u00e9m marcou o anivers\u00e1rio de 40 anos da FSDown, celebrando a luta cont\u00ednua pela invisibilizada cidadania das pessoas com defici\u00eancia. Palestras, rodas de conversa e workshops evidenciaram que o protagonismo n\u00e3o \u00e9 apenas discurso: mais de 100 pessoas com S\u00edndrome de Down, de todas as regi\u00f5es do Brasil, foram as vozes principais nos debates e reivindica\u00e7\u00f5es, ocupando os espa\u00e7os que antes lhes eram negados.<\/p>\n\n\n\n<h2 class=\"wp-block-heading\">Vozes que ecoam uma nova realidade<\/h2>\n\n\n\n<p>Especialistas internacionais como Carlo Lepri (It\u00e1lia), David Rodrigues (Portugal) e Eduardo Moreno Vivot (Argentina) somaram-se a nomes brasileiros de refer\u00eancia, entre eles Zan Mustachi (m\u00e9dico geneticista), Maria Teresa Egler Mantoan (Unicamp) e Maria Clara Machado Israel (autodefensora e atriz). Cada fala reafirmou: ser protagonista da pr\u00f3pria hist\u00f3ria n\u00e3o \u00e9 futuro distante, mas urg\u00eancia do presente.<\/p>\n\n\n\n<p>O congresso de Campinas fez mais do que discutir inclus\u00e3o; rompeu o sil\u00eancio em torno dos desafios reais \u2014 autonomia, mercado de trabalho, direito ao afeto, moradia independente e decis\u00e3o sobre o pr\u00f3prio corpo. Ao colocar as pessoas com S\u00edndrome de Down no centro, exp\u00f4s fragilidades das estruturas e apontou caminhos poss\u00edveis.<\/p>\n\n\n\n<h2 class=\"wp-block-heading\">Qual sociedade queremos construir?<\/h2>\n\n\n\n<p>Volta-se para fora dos audit\u00f3rios uma pergunta inc\u00f4moda e necess\u00e1ria: estamos realmente prontos para enxergar os sujeitos atr\u00e1s dos diagn\u00f3sticos? O Congresso mostrou que inclus\u00e3o s\u00f3 se concretiza na escuta e a\u00e7\u00e3o coletivas. A cada experi\u00eancia compartilhada, a cada reivindica\u00e7\u00e3o p\u00fablica, a certeza: construir uma sociedade mais justa exige desaprender preconceitos e reinventar a forma de fazer pol\u00edticas p\u00fablicas.<\/p>\n\n\n\n<p>Quando a programa\u00e7\u00e3o se encerrou, o sentimento era de travessia \u2014 n\u00e3o de chegada. \u201cAqui, a pessoa com S\u00edndrome de Down \u00e9 o centro. Falar por si mesmas \u00e9 o passo mais importante para uma cidadania plena\u201d, refor\u00e7ou Marcos Rog\u00e9rio Tofoli, presidente da FSDown. O desafio que se abre, agora, \u00e9 n\u00e3o deixar que as vozes silenciadas pelo tempo se calem novamente.<\/p>\n\n\n\n<p>Foto: defatocampinas.com.br<\/p>\n","protected":false},"excerpt":{"rendered":"<p>Entre os dias 19 e 22 de novembro, Campinas-SP foi palco de uma transforma\u00e7\u00e3o silenciosa<\/p>\n","protected":false},"author":1,"featured_media":761,"comment_status":"open","ping_status":"open","sticky":false,"template":"","format":"standard","meta":{"om_disable_all_campaigns":false,"_monsterinsights_skip_tracking":false,"_monsterinsights_sitenote_active":false,"_monsterinsights_sitenote_note":"","_monsterinsights_sitenote_category":0,"_uf_show_specific_survey":0,"_uf_disable_surveys":false,"footnotes":""},"categories":[1,7],"tags":[],"class_list":["post-760","post","type-post","status-publish","format-standard","has-post-thumbnail","hentry","category-portal","category-t21"],"yoast_head":"<!-- This site is optimized with the Yoast SEO plugin v27.4 - https:\/\/yoast.com\/product\/yoast-seo-wordpress\/ -->\n<title>Campinas testemunha virada hist\u00f3rica no debate sobre S\u00edndrome de Down - PORTAL INCLUIR<\/title>\n<meta name=\"robots\" content=\"index, follow, max-snippet:-1, max-image-preview:large, max-video-preview:-1\" \/>\n<link rel=\"canonical\" href=\"https:\/\/portalincluir.com.br\/index.php\/2025\/11\/22\/campinas-testemunha-virada-historica-no-debate-sobre-sindrome-de-down\/\" \/>\n<meta property=\"og:locale\" content=\"pt_BR\" \/>\n<meta property=\"og:type\" content=\"article\" \/>\n<meta property=\"og:title\" content=\"Campinas testemunha virada hist\u00f3rica no debate sobre S\u00edndrome de Down - PORTAL INCLUIR\" \/>\n<meta property=\"og:description\" content=\"Entre os dias 19 e 22 de novembro, Campinas-SP foi palco de uma transforma\u00e7\u00e3o silenciosa\" \/>\n<meta property=\"og:url\" content=\"https:\/\/portalincluir.com.br\/index.php\/2025\/11\/22\/campinas-testemunha-virada-historica-no-debate-sobre-sindrome-de-down\/\" \/>\n<meta property=\"og:site_name\" content=\"PORTAL INCLUIR\" \/>\n<meta property=\"article:published_time\" content=\"2025-11-22T17:34:02+00:00\" \/>\n<meta property=\"article:modified_time\" content=\"2025-11-22T17:36:33+00:00\" \/>\n<meta property=\"og:image\" content=\"https:\/\/portalincluir.com.br\/wp-content\/uploads\/2025\/11\/down.jpg\" \/>\n\t<meta property=\"og:image:width\" content=\"1024\" \/>\n\t<meta property=\"og:image:height\" content=\"768\" \/>\n\t<meta property=\"og:image:type\" content=\"image\/jpeg\" \/>\n<meta name=\"author\" content=\"Portal Incluir\" \/>\n<meta name=\"twitter:card\" content=\"summary_large_image\" \/>\n<meta name=\"twitter:label1\" content=\"Escrito por\" \/>\n\t<meta name=\"twitter:data1\" content=\"Portal Incluir\" \/>\n\t<meta name=\"twitter:label2\" content=\"Est. tempo de leitura\" \/>\n\t<meta name=\"twitter:data2\" content=\"3 minutos\" \/>\n<script type=\"application\/ld+json\" class=\"yoast-schema-graph\">{\"@context\":\"https:\\\/\\\/schema.org\",\"@graph\":[{\"@type\":[\"Article\",\"BlogPosting\"],\"@id\":\"https:\\\/\\\/portalincluir.com.br\\\/index.php\\\/2025\\\/11\\\/22\\\/campinas-testemunha-virada-historica-no-debate-sobre-sindrome-de-down\\\/#article\",\"isPartOf\":{\"@id\":\"https:\\\/\\\/portalincluir.com.br\\\/index.php\\\/2025\\\/11\\\/22\\\/campinas-testemunha-virada-historica-no-debate-sobre-sindrome-de-down\\\/\"},\"author\":{\"name\":\"Portal Incluir\",\"@id\":\"https:\\\/\\\/portalincluir.com.br\\\/#\\\/schema\\\/person\\\/8823664e5902eee555607fb75c4c35ae\"},\"headline\":\"Campinas testemunha virada hist\u00f3rica no debate sobre S\u00edndrome de Down\",\"datePublished\":\"2025-11-22T17:34:02+00:00\",\"dateModified\":\"2025-11-22T17:36:33+00:00\",\"mainEntityOfPage\":{\"@id\":\"https:\\\/\\\/portalincluir.com.br\\\/index.php\\\/2025\\\/11\\\/22\\\/campinas-testemunha-virada-historica-no-debate-sobre-sindrome-de-down\\\/\"},\"wordCount\":523,\"commentCount\":0,\"image\":{\"@id\":\"https:\\\/\\\/portalincluir.com.br\\\/index.php\\\/2025\\\/11\\\/22\\\/campinas-testemunha-virada-historica-no-debate-sobre-sindrome-de-down\\\/#primaryimage\"},\"thumbnailUrl\":\"https:\\\/\\\/portalincluir.com.br\\\/wp-content\\\/uploads\\\/2025\\\/11\\\/down.jpg\",\"articleSection\":[\"Portal\",\"T21\"],\"inLanguage\":\"pt-BR\",\"potentialAction\":[{\"@type\":\"CommentAction\",\"name\":\"Comment\",\"target\":[\"https:\\\/\\\/portalincluir.com.br\\\/index.php\\\/2025\\\/11\\\/22\\\/campinas-testemunha-virada-historica-no-debate-sobre-sindrome-de-down\\\/#respond\"]}]},{\"@type\":\"WebPage\",\"@id\":\"https:\\\/\\\/portalincluir.com.br\\\/index.php\\\/2025\\\/11\\\/22\\\/campinas-testemunha-virada-historica-no-debate-sobre-sindrome-de-down\\\/\",\"url\":\"https:\\\/\\\/portalincluir.com.br\\\/index.php\\\/2025\\\/11\\\/22\\\/campinas-testemunha-virada-historica-no-debate-sobre-sindrome-de-down\\\/\",\"name\":\"Campinas testemunha virada hist\u00f3rica no debate sobre S\u00edndrome de Down - PORTAL INCLUIR\",\"isPartOf\":{\"@id\":\"https:\\\/\\\/portalincluir.com.br\\\/#website\"},\"primaryImageOfPage\":{\"@id\":\"https:\\\/\\\/portalincluir.com.br\\\/index.php\\\/2025\\\/11\\\/22\\\/campinas-testemunha-virada-historica-no-debate-sobre-sindrome-de-down\\\/#primaryimage\"},\"image\":{\"@id\":\"https:\\\/\\\/portalincluir.com.br\\\/index.php\\\/2025\\\/11\\\/22\\\/campinas-testemunha-virada-historica-no-debate-sobre-sindrome-de-down\\\/#primaryimage\"},\"thumbnailUrl\":\"https:\\\/\\\/portalincluir.com.br\\\/wp-content\\\/uploads\\\/2025\\\/11\\\/down.jpg\",\"datePublished\":\"2025-11-22T17:34:02+00:00\",\"dateModified\":\"2025-11-22T17:36:33+00:00\",\"author\":{\"@id\":\"https:\\\/\\\/portalincluir.com.br\\\/#\\\/schema\\\/person\\\/8823664e5902eee555607fb75c4c35ae\"},\"breadcrumb\":{\"@id\":\"https:\\\/\\\/portalincluir.com.br\\\/index.php\\\/2025\\\/11\\\/22\\\/campinas-testemunha-virada-historica-no-debate-sobre-sindrome-de-down\\\/#breadcrumb\"},\"inLanguage\":\"pt-BR\",\"potentialAction\":[{\"@type\":\"ReadAction\",\"target\":[\"https:\\\/\\\/portalincluir.com.br\\\/index.php\\\/2025\\\/11\\\/22\\\/campinas-testemunha-virada-historica-no-debate-sobre-sindrome-de-down\\\/\"]}]},{\"@type\":\"ImageObject\",\"inLanguage\":\"pt-BR\",\"@id\":\"https:\\\/\\\/portalincluir.com.br\\\/index.php\\\/2025\\\/11\\\/22\\\/campinas-testemunha-virada-historica-no-debate-sobre-sindrome-de-down\\\/#primaryimage\",\"url\":\"https:\\\/\\\/portalincluir.com.br\\\/wp-content\\\/uploads\\\/2025\\\/11\\\/down.jpg\",\"contentUrl\":\"https:\\\/\\\/portalincluir.com.br\\\/wp-content\\\/uploads\\\/2025\\\/11\\\/down.jpg\",\"width\":1024,\"height\":768},{\"@type\":\"BreadcrumbList\",\"@id\":\"https:\\\/\\\/portalincluir.com.br\\\/index.php\\\/2025\\\/11\\\/22\\\/campinas-testemunha-virada-historica-no-debate-sobre-sindrome-de-down\\\/#breadcrumb\",\"itemListElement\":[{\"@type\":\"ListItem\",\"position\":1,\"name\":\"In\u00edcio\",\"item\":\"https:\\\/\\\/portalincluir.com.br\\\/\"},{\"@type\":\"ListItem\",\"position\":2,\"name\":\"Campinas testemunha virada hist\u00f3rica no debate sobre S\u00edndrome de Down\"}]},{\"@type\":\"WebSite\",\"@id\":\"https:\\\/\\\/portalincluir.com.br\\\/#website\",\"url\":\"https:\\\/\\\/portalincluir.com.br\\\/\",\"name\":\"PORTAL INCLUIR\",\"description\":\"\",\"potentialAction\":[{\"@type\":\"SearchAction\",\"target\":{\"@type\":\"EntryPoint\",\"urlTemplate\":\"https:\\\/\\\/portalincluir.com.br\\\/?s={search_term_string}\"},\"query-input\":{\"@type\":\"PropertyValueSpecification\",\"valueRequired\":true,\"valueName\":\"search_term_string\"}}],\"inLanguage\":\"pt-BR\"},{\"@type\":\"Person\",\"@id\":\"https:\\\/\\\/portalincluir.com.br\\\/#\\\/schema\\\/person\\\/8823664e5902eee555607fb75c4c35ae\",\"name\":\"Portal Incluir\",\"image\":{\"@type\":\"ImageObject\",\"inLanguage\":\"pt-BR\",\"@id\":\"https:\\\/\\\/secure.gravatar.com\\\/avatar\\\/12085fe17e70c3550551519fe1f8f51fae69b1748563a47fc3bea53d91fbcbbd?s=96&d=mm&r=g\",\"url\":\"https:\\\/\\\/secure.gravatar.com\\\/avatar\\\/12085fe17e70c3550551519fe1f8f51fae69b1748563a47fc3bea53d91fbcbbd?s=96&d=mm&r=g\",\"contentUrl\":\"https:\\\/\\\/secure.gravatar.com\\\/avatar\\\/12085fe17e70c3550551519fe1f8f51fae69b1748563a47fc3bea53d91fbcbbd?s=96&d=mm&r=g\",\"caption\":\"Portal Incluir\"},\"sameAs\":[\"http:\\\/\\\/portalincluir.com.br\"],\"url\":\"https:\\\/\\\/portalincluir.com.br\\\/index.php\\\/author\\\/portalincluir-com-br\\\/\"}]}<\/script>\n<!-- \/ Yoast SEO plugin. -->","yoast_head_json":{"title":"Campinas testemunha virada hist\u00f3rica no debate sobre S\u00edndrome de Down - PORTAL INCLUIR","robots":{"index":"index","follow":"follow","max-snippet":"max-snippet:-1","max-image-preview":"max-image-preview:large","max-video-preview":"max-video-preview:-1"},"canonical":"https:\/\/portalincluir.com.br\/index.php\/2025\/11\/22\/campinas-testemunha-virada-historica-no-debate-sobre-sindrome-de-down\/","og_locale":"pt_BR","og_type":"article","og_title":"Campinas testemunha virada hist\u00f3rica no debate sobre S\u00edndrome de Down - PORTAL INCLUIR","og_description":"Entre os dias 19 e 22 de novembro, Campinas-SP foi palco de uma transforma\u00e7\u00e3o silenciosa","og_url":"https:\/\/portalincluir.com.br\/index.php\/2025\/11\/22\/campinas-testemunha-virada-historica-no-debate-sobre-sindrome-de-down\/","og_site_name":"PORTAL INCLUIR","article_published_time":"2025-11-22T17:34:02+00:00","article_modified_time":"2025-11-22T17:36:33+00:00","og_image":[{"width":1024,"height":768,"url":"https:\/\/portalincluir.com.br\/wp-content\/uploads\/2025\/11\/down.jpg","type":"image\/jpeg"}],"author":"Portal Incluir","twitter_card":"summary_large_image","twitter_misc":{"Escrito por":"Portal Incluir","Est. tempo de leitura":"3 minutos"},"schema":{"@context":"https:\/\/schema.org","@graph":[{"@type":["Article","BlogPosting"],"@id":"https:\/\/portalincluir.com.br\/index.php\/2025\/11\/22\/campinas-testemunha-virada-historica-no-debate-sobre-sindrome-de-down\/#article","isPartOf":{"@id":"https:\/\/portalincluir.com.br\/index.php\/2025\/11\/22\/campinas-testemunha-virada-historica-no-debate-sobre-sindrome-de-down\/"},"author":{"name":"Portal Incluir","@id":"https:\/\/portalincluir.com.br\/#\/schema\/person\/8823664e5902eee555607fb75c4c35ae"},"headline":"Campinas testemunha virada hist\u00f3rica no debate sobre S\u00edndrome de Down","datePublished":"2025-11-22T17:34:02+00:00","dateModified":"2025-11-22T17:36:33+00:00","mainEntityOfPage":{"@id":"https:\/\/portalincluir.com.br\/index.php\/2025\/11\/22\/campinas-testemunha-virada-historica-no-debate-sobre-sindrome-de-down\/"},"wordCount":523,"commentCount":0,"image":{"@id":"https:\/\/portalincluir.com.br\/index.php\/2025\/11\/22\/campinas-testemunha-virada-historica-no-debate-sobre-sindrome-de-down\/#primaryimage"},"thumbnailUrl":"https:\/\/portalincluir.com.br\/wp-content\/uploads\/2025\/11\/down.jpg","articleSection":["Portal","T21"],"inLanguage":"pt-BR","potentialAction":[{"@type":"CommentAction","name":"Comment","target":["https:\/\/portalincluir.com.br\/index.php\/2025\/11\/22\/campinas-testemunha-virada-historica-no-debate-sobre-sindrome-de-down\/#respond"]}]},{"@type":"WebPage","@id":"https:\/\/portalincluir.com.br\/index.php\/2025\/11\/22\/campinas-testemunha-virada-historica-no-debate-sobre-sindrome-de-down\/","url":"https:\/\/portalincluir.com.br\/index.php\/2025\/11\/22\/campinas-testemunha-virada-historica-no-debate-sobre-sindrome-de-down\/","name":"Campinas testemunha virada hist\u00f3rica no debate sobre S\u00edndrome de Down - PORTAL INCLUIR","isPartOf":{"@id":"https:\/\/portalincluir.com.br\/#website"},"primaryImageOfPage":{"@id":"https:\/\/portalincluir.com.br\/index.php\/2025\/11\/22\/campinas-testemunha-virada-historica-no-debate-sobre-sindrome-de-down\/#primaryimage"},"image":{"@id":"https:\/\/portalincluir.com.br\/index.php\/2025\/11\/22\/campinas-testemunha-virada-historica-no-debate-sobre-sindrome-de-down\/#primaryimage"},"thumbnailUrl":"https:\/\/portalincluir.com.br\/wp-content\/uploads\/2025\/11\/down.jpg","datePublished":"2025-11-22T17:34:02+00:00","dateModified":"2025-11-22T17:36:33+00:00","author":{"@id":"https:\/\/portalincluir.com.br\/#\/schema\/person\/8823664e5902eee555607fb75c4c35ae"},"breadcrumb":{"@id":"https:\/\/portalincluir.com.br\/index.php\/2025\/11\/22\/campinas-testemunha-virada-historica-no-debate-sobre-sindrome-de-down\/#breadcrumb"},"inLanguage":"pt-BR","potentialAction":[{"@type":"ReadAction","target":["https:\/\/portalincluir.com.br\/index.php\/2025\/11\/22\/campinas-testemunha-virada-historica-no-debate-sobre-sindrome-de-down\/"]}]},{"@type":"ImageObject","inLanguage":"pt-BR","@id":"https:\/\/portalincluir.com.br\/index.php\/2025\/11\/22\/campinas-testemunha-virada-historica-no-debate-sobre-sindrome-de-down\/#primaryimage","url":"https:\/\/portalincluir.com.br\/wp-content\/uploads\/2025\/11\/down.jpg","contentUrl":"https:\/\/portalincluir.com.br\/wp-content\/uploads\/2025\/11\/down.jpg","width":1024,"height":768},{"@type":"BreadcrumbList","@id":"https:\/\/portalincluir.com.br\/index.php\/2025\/11\/22\/campinas-testemunha-virada-historica-no-debate-sobre-sindrome-de-down\/#breadcrumb","itemListElement":[{"@type":"ListItem","position":1,"name":"In\u00edcio","item":"https:\/\/portalincluir.com.br\/"},{"@type":"ListItem","position":2,"name":"Campinas testemunha virada hist\u00f3rica no debate sobre S\u00edndrome de Down"}]},{"@type":"WebSite","@id":"https:\/\/portalincluir.com.br\/#website","url":"https:\/\/portalincluir.com.br\/","name":"PORTAL INCLUIR","description":"","potentialAction":[{"@type":"SearchAction","target":{"@type":"EntryPoint","urlTemplate":"https:\/\/portalincluir.com.br\/?s={search_term_string}"},"query-input":{"@type":"PropertyValueSpecification","valueRequired":true,"valueName":"search_term_string"}}],"inLanguage":"pt-BR"},{"@type":"Person","@id":"https:\/\/portalincluir.com.br\/#\/schema\/person\/8823664e5902eee555607fb75c4c35ae","name":"Portal Incluir","image":{"@type":"ImageObject","inLanguage":"pt-BR","@id":"https:\/\/secure.gravatar.com\/avatar\/12085fe17e70c3550551519fe1f8f51fae69b1748563a47fc3bea53d91fbcbbd?s=96&d=mm&r=g","url":"https:\/\/secure.gravatar.com\/avatar\/12085fe17e70c3550551519fe1f8f51fae69b1748563a47fc3bea53d91fbcbbd?s=96&d=mm&r=g","contentUrl":"https:\/\/secure.gravatar.com\/avatar\/12085fe17e70c3550551519fe1f8f51fae69b1748563a47fc3bea53d91fbcbbd?s=96&d=mm&r=g","caption":"Portal Incluir"},"sameAs":["http:\/\/portalincluir.com.br"],"url":"https:\/\/portalincluir.com.br\/index.php\/author\/portalincluir-com-br\/"}]}},"_links":{"self":[{"href":"https:\/\/portalincluir.com.br\/index.php\/wp-json\/wp\/v2\/posts\/760","targetHints":{"allow":["GET"]}}],"collection":[{"href":"https:\/\/portalincluir.com.br\/index.php\/wp-json\/wp\/v2\/posts"}],"about":[{"href":"https:\/\/portalincluir.com.br\/index.php\/wp-json\/wp\/v2\/types\/post"}],"author":[{"embeddable":true,"href":"https:\/\/portalincluir.com.br\/index.php\/wp-json\/wp\/v2\/users\/1"}],"replies":[{"embeddable":true,"href":"https:\/\/portalincluir.com.br\/index.php\/wp-json\/wp\/v2\/comments?post=760"}],"version-history":[{"count":3,"href":"https:\/\/portalincluir.com.br\/index.php\/wp-json\/wp\/v2\/posts\/760\/revisions"}],"predecessor-version":[{"id":764,"href":"https:\/\/portalincluir.com.br\/index.php\/wp-json\/wp\/v2\/posts\/760\/revisions\/764"}],"wp:featuredmedia":[{"embeddable":true,"href":"https:\/\/portalincluir.com.br\/index.php\/wp-json\/wp\/v2\/media\/761"}],"wp:attachment":[{"href":"https:\/\/portalincluir.com.br\/index.php\/wp-json\/wp\/v2\/media?parent=760"}],"wp:term":[{"taxonomy":"category","embeddable":true,"href":"https:\/\/portalincluir.com.br\/index.php\/wp-json\/wp\/v2\/categories?post=760"},{"taxonomy":"post_tag","embeddable":true,"href":"https:\/\/portalincluir.com.br\/index.php\/wp-json\/wp\/v2\/tags?post=760"}],"curies":[{"name":"wp","href":"https:\/\/api.w.org\/{rel}","templated":true}]}}