{"id":765,"date":"2025-11-24T21:38:13","date_gmt":"2025-11-25T00:38:13","guid":{"rendered":"https:\/\/portalincluir.com.br\/?p=765"},"modified":"2025-11-24T21:38:14","modified_gmt":"2025-11-25T00:38:14","slug":"congresso-internacional-sobre-sindrome-de-down-reune-1-200-participantes-e-consolida-protagonismo-das-pessoas-com-deficiencia","status":"publish","type":"post","link":"https:\/\/portalincluir.com.br\/index.php\/2025\/11\/24\/congresso-internacional-sobre-sindrome-de-down-reune-1-200-participantes-e-consolida-protagonismo-das-pessoas-com-deficiencia\/","title":{"rendered":"Congresso internacional sobre S\u00edndrome de Down re\u00fane 1.200 participantes e consolida protagonismo das pessoas com defici\u00eancia"},"content":{"rendered":"\n<h3 class=\"wp-block-heading\"><strong><em>Realizado em Campinas-SP, o congresso internacional \u201cEu Tenho S\u00edndrome de Down, e Da\u00ed?\u201d, que integrou o IX Congresso Brasileiro e o VII Congresso Ibero-americano de S\u00edndrome de Down, encerrou-se no \u00faltimo dia 22 de novembro com n\u00fameros expressivos e um impacto in\u00e9dito no debate sobre inclus\u00e3o, vida adulta, autonomia e direitos da pessoa com defici\u00eancia<\/em><\/strong><\/h3>\n\n\n\n<p>Entre 19 e 22 de novembro, o congresso internacional \u201cEu Tenho S\u00edndrome de Down, e Da\u00ed?\u201d, que integrou o IX Congresso Brasileiro e o VII Congresso Ibero-americano de S\u00edndrome de Down, reuniu cerca de 1.200 participantes, delega\u00e7\u00f5es de 13 pa\u00edses, representantes de todos os estados brasileiros, al\u00e9m de 80 palestrantes. Ao longo de quatro dias, mais de 60 atividades, entre mesas, rodas de conversa, oficinas e apresenta\u00e7\u00f5es culturais, ocuparam as salas do Pavilh\u00e3o do Expo D. Pedro, em Campinas (SP).<\/p>\n\n\n\n<p>Todas as mesas tiveram, obrigatoriamente, pelo menos um palestrante com s\u00edndrome de Down, refor\u00e7ando a centralidade do protagonismo das pessoas com defici\u00eancia intelectual na produ\u00e7\u00e3o de conhecimento e na formula\u00e7\u00e3o de pol\u00edticas p\u00fablicas. O congresso foi tamb\u00e9m palco do III Encontro Nacional de Autodefensoria, com a presen\u00e7a de mais de 200 autodefensores (pessoas com s\u00edndrome de Down que se apropriam e falam de seus pr\u00f3prios direitos) de todo o pa\u00eds.<\/p>\n\n\n\n<p>Autoridades, especialistas, federa\u00e7\u00f5es, associa\u00e7\u00f5es, universidades, centros de pesquisa e institui\u00e7\u00f5es brasileiras e internacionais estiveram presentes em um encontro que consolidou Campinas como polo global de discuss\u00e3o sobre inclus\u00e3o, diversidade e vida adulta. No \u00faltimo dia do evento, tamb\u00e9m foi lida uma declara\u00e7\u00e3o visando novas pr\u00e1ticas para o futuro e a cria\u00e7\u00e3o de pol\u00edticas p\u00fablicas para as pessoas com s\u00edndrome de Down.&nbsp;&nbsp;&nbsp;&nbsp;<\/p>\n\n\n\n<h3 class=\"wp-block-heading\">Um marco no debate internacional sobre inclus\u00e3o e vida adulta<\/h3>\n\n\n\n<p>O Congresso prop\u00f4s novos olhares sobre autonomia, trabalho, vida afetiva e sexualidade, colocando no centro temas urgentes para a vida adulta das pessoas com s\u00edndrome de Down, da inser\u00e7\u00e3o profissional \u00e0 tomada de decis\u00e3o apoiada, do direito ao pr\u00f3prio corpo \u00e0 constru\u00e7\u00e3o da autonomia cotidiana.<\/p>\n\n\n\n<p>Organizado pela Funda\u00e7\u00e3o S\u00edndrome de Down (FSDown), o encontro reuniu alguns dos principais especialistas ibero-americanos da atualidade, que compartilharam pesquisas, pr\u00e1ticas e experi\u00eancias transformadoras no campo da inclus\u00e3o.<\/p>\n\n\n\n<p>Entre os convidados internacionais estiveram&nbsp; David Rodrigues (Portugal), Eduardo Moreno Vivot (Argentina), Joseph Ruf (Espanha) e Sonsoles Perpi\u00f1\u00e1n Guerras (Espanha), nomes que influenciam diretamente a formula\u00e7\u00e3o de pol\u00edticas p\u00fablicas e modelos de suporte para pessoas com defici\u00eancia intelectual.<\/p>\n\n\n\n<p>O Brasil esteve representado por pesquisadores, gestores p\u00fablicos, profissionais da sa\u00fade e autodefensores de destaque, como Zan Mustachi, Orestes Forlenza, Maria Teresa Egl\u00e9r Mantoan, Maria Aparecida Gugel, Maria Clara Machado Israel, Ge\u00f3rgia Baltieri Bergantin, Fl\u00e1via Poppe, entre outros.<\/p>\n\n\n\n<h3 class=\"wp-block-heading\">Protagonismo sem precedentes<\/h3>\n\n\n\n<p>O evento tamb\u00e9m foi palco do III Encontro Nacional de Autodefensoria. Cerca de 200 autodefensores participaram ativamente das mesas e atividades, apresentando experi\u00eancias, reivindicando direitos e evidenciando, na pr\u00e1tica, a import\u00e2ncia de garantir espa\u00e7o real de fala e decis\u00e3o.<\/p>\n\n\n\n<p>\u201cNeste congresso, a pessoa com s\u00edndrome de Down esteve no centro. Foi a oportunidade de falarem por si mesmas, fortalecendo sua autonomia e cidadania\u201d, destacou Marcos Rog\u00e9rio Tofoli, presidente da Funda\u00e7\u00e3o S\u00edndrome de Down.<\/p>\n\n\n\n<h3 class=\"wp-block-heading\">40 anos da Funda\u00e7\u00e3o S\u00edndrome de Down<\/h3>\n\n\n\n<p>Esta edi\u00e7\u00e3o marcou tamb\u00e9m as comemora\u00e7\u00f5es pelos 40 anos da FSDown, refor\u00e7ando uma trajet\u00f3ria dedicada \u00e0 defesa de direitos e \u00e0 constru\u00e7\u00e3o de caminhos mais inclusivos para pessoas com s\u00edndrome de Down no Brasil. O Congresso tornou-se um marco dessa celebra\u00e7\u00e3o, reunindo gera\u00e7\u00f5es de pesquisadores, fam\u00edlias, institui\u00e7\u00f5es e sobretudo pessoas com s\u00edndrome de Down que v\u00eam transformando o debate sobre inclus\u00e3o.<\/p>\n\n\n\n<p>Por <em>Marina Franco<\/em>, ASCOM CONGRESSO<\/p>\n\n\n\n<p><\/p>\n","protected":false},"excerpt":{"rendered":"<p>Realizado em Campinas-SP, o congresso internacional \u201cEu Tenho S\u00edndrome de Down, e Da\u00ed?\u201d, que integrou<\/p>\n","protected":false},"author":1,"featured_media":766,"comment_status":"open","ping_status":"open","sticky":false,"template":"","format":"standard","meta":{"om_disable_all_campaigns":false,"_monsterinsights_skip_tracking":false,"_monsterinsights_sitenote_active":false,"_monsterinsights_sitenote_note":"","_monsterinsights_sitenote_category":0,"_uf_show_specific_survey":0,"_uf_disable_surveys":false,"footnotes":""},"categories":[1,7],"tags":[],"class_list":["post-765","post","type-post","status-publish","format-standard","has-post-thumbnail","hentry","category-portal","category-t21"],"yoast_head":"<!-- This site is optimized with the Yoast SEO plugin v27.4 - https:\/\/yoast.com\/product\/yoast-seo-wordpress\/ -->\n<title>Congresso internacional sobre S\u00edndrome de Down re\u00fane 1.200 participantes e consolida protagonismo das pessoas com defici\u00eancia - PORTAL INCLUIR<\/title>\n<meta name=\"robots\" content=\"index, follow, max-snippet:-1, max-image-preview:large, max-video-preview:-1\" \/>\n<link rel=\"canonical\" href=\"https:\/\/portalincluir.com.br\/index.php\/2025\/11\/24\/congresso-internacional-sobre-sindrome-de-down-reune-1-200-participantes-e-consolida-protagonismo-das-pessoas-com-deficiencia\/\" \/>\n<meta property=\"og:locale\" content=\"pt_BR\" \/>\n<meta property=\"og:type\" content=\"article\" \/>\n<meta property=\"og:title\" content=\"Congresso internacional sobre S\u00edndrome de Down re\u00fane 1.200 participantes e consolida protagonismo das pessoas com defici\u00eancia - PORTAL INCLUIR\" \/>\n<meta property=\"og:description\" content=\"Realizado em Campinas-SP, o congresso internacional \u201cEu Tenho S\u00edndrome de Down, e Da\u00ed?\u201d, que integrou\" \/>\n<meta property=\"og:url\" content=\"https:\/\/portalincluir.com.br\/index.php\/2025\/11\/24\/congresso-internacional-sobre-sindrome-de-down-reune-1-200-participantes-e-consolida-protagonismo-das-pessoas-com-deficiencia\/\" \/>\n<meta property=\"og:site_name\" content=\"PORTAL INCLUIR\" \/>\n<meta property=\"article:published_time\" content=\"2025-11-25T00:38:13+00:00\" \/>\n<meta property=\"article:modified_time\" content=\"2025-11-25T00:38:14+00:00\" \/>\n<meta property=\"og:image\" content=\"https:\/\/portalincluir.com.br\/wp-content\/uploads\/2025\/11\/unnamed.jpg\" \/>\n\t<meta property=\"og:image:width\" content=\"1600\" \/>\n\t<meta property=\"og:image:height\" content=\"1144\" \/>\n\t<meta property=\"og:image:type\" content=\"image\/jpeg\" \/>\n<meta name=\"author\" content=\"Portal Incluir\" \/>\n<meta name=\"twitter:card\" content=\"summary_large_image\" \/>\n<meta name=\"twitter:label1\" content=\"Escrito por\" \/>\n\t<meta name=\"twitter:data1\" content=\"Portal Incluir\" \/>\n\t<meta name=\"twitter:label2\" content=\"Est. tempo de leitura\" \/>\n\t<meta name=\"twitter:data2\" content=\"4 minutos\" \/>\n<script type=\"application\/ld+json\" class=\"yoast-schema-graph\">{\"@context\":\"https:\\\/\\\/schema.org\",\"@graph\":[{\"@type\":[\"Article\",\"BlogPosting\"],\"@id\":\"https:\\\/\\\/portalincluir.com.br\\\/index.php\\\/2025\\\/11\\\/24\\\/congresso-internacional-sobre-sindrome-de-down-reune-1-200-participantes-e-consolida-protagonismo-das-pessoas-com-deficiencia\\\/#article\",\"isPartOf\":{\"@id\":\"https:\\\/\\\/portalincluir.com.br\\\/index.php\\\/2025\\\/11\\\/24\\\/congresso-internacional-sobre-sindrome-de-down-reune-1-200-participantes-e-consolida-protagonismo-das-pessoas-com-deficiencia\\\/\"},\"author\":{\"name\":\"Portal Incluir\",\"@id\":\"https:\\\/\\\/portalincluir.com.br\\\/#\\\/schema\\\/person\\\/8823664e5902eee555607fb75c4c35ae\"},\"headline\":\"Congresso internacional sobre S\u00edndrome de Down re\u00fane 1.200 participantes e consolida protagonismo das pessoas com defici\u00eancia\",\"datePublished\":\"2025-11-25T00:38:13+00:00\",\"dateModified\":\"2025-11-25T00:38:14+00:00\",\"mainEntityOfPage\":{\"@id\":\"https:\\\/\\\/portalincluir.com.br\\\/index.php\\\/2025\\\/11\\\/24\\\/congresso-internacional-sobre-sindrome-de-down-reune-1-200-participantes-e-consolida-protagonismo-das-pessoas-com-deficiencia\\\/\"},\"wordCount\":667,\"commentCount\":0,\"image\":{\"@id\":\"https:\\\/\\\/portalincluir.com.br\\\/index.php\\\/2025\\\/11\\\/24\\\/congresso-internacional-sobre-sindrome-de-down-reune-1-200-participantes-e-consolida-protagonismo-das-pessoas-com-deficiencia\\\/#primaryimage\"},\"thumbnailUrl\":\"https:\\\/\\\/portalincluir.com.br\\\/wp-content\\\/uploads\\\/2025\\\/11\\\/unnamed.jpg\",\"articleSection\":[\"Portal\",\"T21\"],\"inLanguage\":\"pt-BR\",\"potentialAction\":[{\"@type\":\"CommentAction\",\"name\":\"Comment\",\"target\":[\"https:\\\/\\\/portalincluir.com.br\\\/index.php\\\/2025\\\/11\\\/24\\\/congresso-internacional-sobre-sindrome-de-down-reune-1-200-participantes-e-consolida-protagonismo-das-pessoas-com-deficiencia\\\/#respond\"]}]},{\"@type\":\"WebPage\",\"@id\":\"https:\\\/\\\/portalincluir.com.br\\\/index.php\\\/2025\\\/11\\\/24\\\/congresso-internacional-sobre-sindrome-de-down-reune-1-200-participantes-e-consolida-protagonismo-das-pessoas-com-deficiencia\\\/\",\"url\":\"https:\\\/\\\/portalincluir.com.br\\\/index.php\\\/2025\\\/11\\\/24\\\/congresso-internacional-sobre-sindrome-de-down-reune-1-200-participantes-e-consolida-protagonismo-das-pessoas-com-deficiencia\\\/\",\"name\":\"Congresso internacional sobre S\u00edndrome de Down re\u00fane 1.200 participantes e consolida protagonismo das pessoas com defici\u00eancia - PORTAL INCLUIR\",\"isPartOf\":{\"@id\":\"https:\\\/\\\/portalincluir.com.br\\\/#website\"},\"primaryImageOfPage\":{\"@id\":\"https:\\\/\\\/portalincluir.com.br\\\/index.php\\\/2025\\\/11\\\/24\\\/congresso-internacional-sobre-sindrome-de-down-reune-1-200-participantes-e-consolida-protagonismo-das-pessoas-com-deficiencia\\\/#primaryimage\"},\"image\":{\"@id\":\"https:\\\/\\\/portalincluir.com.br\\\/index.php\\\/2025\\\/11\\\/24\\\/congresso-internacional-sobre-sindrome-de-down-reune-1-200-participantes-e-consolida-protagonismo-das-pessoas-com-deficiencia\\\/#primaryimage\"},\"thumbnailUrl\":\"https:\\\/\\\/portalincluir.com.br\\\/wp-content\\\/uploads\\\/2025\\\/11\\\/unnamed.jpg\",\"datePublished\":\"2025-11-25T00:38:13+00:00\",\"dateModified\":\"2025-11-25T00:38:14+00:00\",\"author\":{\"@id\":\"https:\\\/\\\/portalincluir.com.br\\\/#\\\/schema\\\/person\\\/8823664e5902eee555607fb75c4c35ae\"},\"breadcrumb\":{\"@id\":\"https:\\\/\\\/portalincluir.com.br\\\/index.php\\\/2025\\\/11\\\/24\\\/congresso-internacional-sobre-sindrome-de-down-reune-1-200-participantes-e-consolida-protagonismo-das-pessoas-com-deficiencia\\\/#breadcrumb\"},\"inLanguage\":\"pt-BR\",\"potentialAction\":[{\"@type\":\"ReadAction\",\"target\":[\"https:\\\/\\\/portalincluir.com.br\\\/index.php\\\/2025\\\/11\\\/24\\\/congresso-internacional-sobre-sindrome-de-down-reune-1-200-participantes-e-consolida-protagonismo-das-pessoas-com-deficiencia\\\/\"]}]},{\"@type\":\"ImageObject\",\"inLanguage\":\"pt-BR\",\"@id\":\"https:\\\/\\\/portalincluir.com.br\\\/index.php\\\/2025\\\/11\\\/24\\\/congresso-internacional-sobre-sindrome-de-down-reune-1-200-participantes-e-consolida-protagonismo-das-pessoas-com-deficiencia\\\/#primaryimage\",\"url\":\"https:\\\/\\\/portalincluir.com.br\\\/wp-content\\\/uploads\\\/2025\\\/11\\\/unnamed.jpg\",\"contentUrl\":\"https:\\\/\\\/portalincluir.com.br\\\/wp-content\\\/uploads\\\/2025\\\/11\\\/unnamed.jpg\",\"width\":1600,\"height\":1144,\"caption\":\"Abertura oficial do Congresso. Foto de Ricardo Lima.\"},{\"@type\":\"BreadcrumbList\",\"@id\":\"https:\\\/\\\/portalincluir.com.br\\\/index.php\\\/2025\\\/11\\\/24\\\/congresso-internacional-sobre-sindrome-de-down-reune-1-200-participantes-e-consolida-protagonismo-das-pessoas-com-deficiencia\\\/#breadcrumb\",\"itemListElement\":[{\"@type\":\"ListItem\",\"position\":1,\"name\":\"In\u00edcio\",\"item\":\"https:\\\/\\\/portalincluir.com.br\\\/\"},{\"@type\":\"ListItem\",\"position\":2,\"name\":\"Congresso internacional sobre S\u00edndrome de Down re\u00fane 1.200 participantes e consolida protagonismo das pessoas com defici\u00eancia\"}]},{\"@type\":\"WebSite\",\"@id\":\"https:\\\/\\\/portalincluir.com.br\\\/#website\",\"url\":\"https:\\\/\\\/portalincluir.com.br\\\/\",\"name\":\"PORTAL INCLUIR\",\"description\":\"\",\"potentialAction\":[{\"@type\":\"SearchAction\",\"target\":{\"@type\":\"EntryPoint\",\"urlTemplate\":\"https:\\\/\\\/portalincluir.com.br\\\/?s={search_term_string}\"},\"query-input\":{\"@type\":\"PropertyValueSpecification\",\"valueRequired\":true,\"valueName\":\"search_term_string\"}}],\"inLanguage\":\"pt-BR\"},{\"@type\":\"Person\",\"@id\":\"https:\\\/\\\/portalincluir.com.br\\\/#\\\/schema\\\/person\\\/8823664e5902eee555607fb75c4c35ae\",\"name\":\"Portal Incluir\",\"image\":{\"@type\":\"ImageObject\",\"inLanguage\":\"pt-BR\",\"@id\":\"https:\\\/\\\/secure.gravatar.com\\\/avatar\\\/12085fe17e70c3550551519fe1f8f51fae69b1748563a47fc3bea53d91fbcbbd?s=96&d=mm&r=g\",\"url\":\"https:\\\/\\\/secure.gravatar.com\\\/avatar\\\/12085fe17e70c3550551519fe1f8f51fae69b1748563a47fc3bea53d91fbcbbd?s=96&d=mm&r=g\",\"contentUrl\":\"https:\\\/\\\/secure.gravatar.com\\\/avatar\\\/12085fe17e70c3550551519fe1f8f51fae69b1748563a47fc3bea53d91fbcbbd?s=96&d=mm&r=g\",\"caption\":\"Portal Incluir\"},\"sameAs\":[\"http:\\\/\\\/portalincluir.com.br\"],\"url\":\"https:\\\/\\\/portalincluir.com.br\\\/index.php\\\/author\\\/portalincluir-com-br\\\/\"}]}<\/script>\n<!-- \/ Yoast SEO plugin. -->","yoast_head_json":{"title":"Congresso internacional sobre S\u00edndrome de Down re\u00fane 1.200 participantes e consolida protagonismo das pessoas com defici\u00eancia - PORTAL INCLUIR","robots":{"index":"index","follow":"follow","max-snippet":"max-snippet:-1","max-image-preview":"max-image-preview:large","max-video-preview":"max-video-preview:-1"},"canonical":"https:\/\/portalincluir.com.br\/index.php\/2025\/11\/24\/congresso-internacional-sobre-sindrome-de-down-reune-1-200-participantes-e-consolida-protagonismo-das-pessoas-com-deficiencia\/","og_locale":"pt_BR","og_type":"article","og_title":"Congresso internacional sobre S\u00edndrome de Down re\u00fane 1.200 participantes e consolida protagonismo das pessoas com defici\u00eancia - PORTAL INCLUIR","og_description":"Realizado em Campinas-SP, o congresso internacional \u201cEu Tenho S\u00edndrome de Down, e Da\u00ed?\u201d, que integrou","og_url":"https:\/\/portalincluir.com.br\/index.php\/2025\/11\/24\/congresso-internacional-sobre-sindrome-de-down-reune-1-200-participantes-e-consolida-protagonismo-das-pessoas-com-deficiencia\/","og_site_name":"PORTAL INCLUIR","article_published_time":"2025-11-25T00:38:13+00:00","article_modified_time":"2025-11-25T00:38:14+00:00","og_image":[{"width":1600,"height":1144,"url":"https:\/\/portalincluir.com.br\/wp-content\/uploads\/2025\/11\/unnamed.jpg","type":"image\/jpeg"}],"author":"Portal Incluir","twitter_card":"summary_large_image","twitter_misc":{"Escrito por":"Portal Incluir","Est. tempo de leitura":"4 minutos"},"schema":{"@context":"https:\/\/schema.org","@graph":[{"@type":["Article","BlogPosting"],"@id":"https:\/\/portalincluir.com.br\/index.php\/2025\/11\/24\/congresso-internacional-sobre-sindrome-de-down-reune-1-200-participantes-e-consolida-protagonismo-das-pessoas-com-deficiencia\/#article","isPartOf":{"@id":"https:\/\/portalincluir.com.br\/index.php\/2025\/11\/24\/congresso-internacional-sobre-sindrome-de-down-reune-1-200-participantes-e-consolida-protagonismo-das-pessoas-com-deficiencia\/"},"author":{"name":"Portal Incluir","@id":"https:\/\/portalincluir.com.br\/#\/schema\/person\/8823664e5902eee555607fb75c4c35ae"},"headline":"Congresso internacional sobre S\u00edndrome de Down re\u00fane 1.200 participantes e consolida protagonismo das pessoas com defici\u00eancia","datePublished":"2025-11-25T00:38:13+00:00","dateModified":"2025-11-25T00:38:14+00:00","mainEntityOfPage":{"@id":"https:\/\/portalincluir.com.br\/index.php\/2025\/11\/24\/congresso-internacional-sobre-sindrome-de-down-reune-1-200-participantes-e-consolida-protagonismo-das-pessoas-com-deficiencia\/"},"wordCount":667,"commentCount":0,"image":{"@id":"https:\/\/portalincluir.com.br\/index.php\/2025\/11\/24\/congresso-internacional-sobre-sindrome-de-down-reune-1-200-participantes-e-consolida-protagonismo-das-pessoas-com-deficiencia\/#primaryimage"},"thumbnailUrl":"https:\/\/portalincluir.com.br\/wp-content\/uploads\/2025\/11\/unnamed.jpg","articleSection":["Portal","T21"],"inLanguage":"pt-BR","potentialAction":[{"@type":"CommentAction","name":"Comment","target":["https:\/\/portalincluir.com.br\/index.php\/2025\/11\/24\/congresso-internacional-sobre-sindrome-de-down-reune-1-200-participantes-e-consolida-protagonismo-das-pessoas-com-deficiencia\/#respond"]}]},{"@type":"WebPage","@id":"https:\/\/portalincluir.com.br\/index.php\/2025\/11\/24\/congresso-internacional-sobre-sindrome-de-down-reune-1-200-participantes-e-consolida-protagonismo-das-pessoas-com-deficiencia\/","url":"https:\/\/portalincluir.com.br\/index.php\/2025\/11\/24\/congresso-internacional-sobre-sindrome-de-down-reune-1-200-participantes-e-consolida-protagonismo-das-pessoas-com-deficiencia\/","name":"Congresso internacional sobre S\u00edndrome de Down re\u00fane 1.200 participantes e consolida protagonismo das pessoas com defici\u00eancia - PORTAL INCLUIR","isPartOf":{"@id":"https:\/\/portalincluir.com.br\/#website"},"primaryImageOfPage":{"@id":"https:\/\/portalincluir.com.br\/index.php\/2025\/11\/24\/congresso-internacional-sobre-sindrome-de-down-reune-1-200-participantes-e-consolida-protagonismo-das-pessoas-com-deficiencia\/#primaryimage"},"image":{"@id":"https:\/\/portalincluir.com.br\/index.php\/2025\/11\/24\/congresso-internacional-sobre-sindrome-de-down-reune-1-200-participantes-e-consolida-protagonismo-das-pessoas-com-deficiencia\/#primaryimage"},"thumbnailUrl":"https:\/\/portalincluir.com.br\/wp-content\/uploads\/2025\/11\/unnamed.jpg","datePublished":"2025-11-25T00:38:13+00:00","dateModified":"2025-11-25T00:38:14+00:00","author":{"@id":"https:\/\/portalincluir.com.br\/#\/schema\/person\/8823664e5902eee555607fb75c4c35ae"},"breadcrumb":{"@id":"https:\/\/portalincluir.com.br\/index.php\/2025\/11\/24\/congresso-internacional-sobre-sindrome-de-down-reune-1-200-participantes-e-consolida-protagonismo-das-pessoas-com-deficiencia\/#breadcrumb"},"inLanguage":"pt-BR","potentialAction":[{"@type":"ReadAction","target":["https:\/\/portalincluir.com.br\/index.php\/2025\/11\/24\/congresso-internacional-sobre-sindrome-de-down-reune-1-200-participantes-e-consolida-protagonismo-das-pessoas-com-deficiencia\/"]}]},{"@type":"ImageObject","inLanguage":"pt-BR","@id":"https:\/\/portalincluir.com.br\/index.php\/2025\/11\/24\/congresso-internacional-sobre-sindrome-de-down-reune-1-200-participantes-e-consolida-protagonismo-das-pessoas-com-deficiencia\/#primaryimage","url":"https:\/\/portalincluir.com.br\/wp-content\/uploads\/2025\/11\/unnamed.jpg","contentUrl":"https:\/\/portalincluir.com.br\/wp-content\/uploads\/2025\/11\/unnamed.jpg","width":1600,"height":1144,"caption":"Abertura oficial do Congresso. Foto de Ricardo Lima."},{"@type":"BreadcrumbList","@id":"https:\/\/portalincluir.com.br\/index.php\/2025\/11\/24\/congresso-internacional-sobre-sindrome-de-down-reune-1-200-participantes-e-consolida-protagonismo-das-pessoas-com-deficiencia\/#breadcrumb","itemListElement":[{"@type":"ListItem","position":1,"name":"In\u00edcio","item":"https:\/\/portalincluir.com.br\/"},{"@type":"ListItem","position":2,"name":"Congresso internacional sobre S\u00edndrome de Down re\u00fane 1.200 participantes e consolida protagonismo das pessoas com defici\u00eancia"}]},{"@type":"WebSite","@id":"https:\/\/portalincluir.com.br\/#website","url":"https:\/\/portalincluir.com.br\/","name":"PORTAL INCLUIR","description":"","potentialAction":[{"@type":"SearchAction","target":{"@type":"EntryPoint","urlTemplate":"https:\/\/portalincluir.com.br\/?s={search_term_string}"},"query-input":{"@type":"PropertyValueSpecification","valueRequired":true,"valueName":"search_term_string"}}],"inLanguage":"pt-BR"},{"@type":"Person","@id":"https:\/\/portalincluir.com.br\/#\/schema\/person\/8823664e5902eee555607fb75c4c35ae","name":"Portal Incluir","image":{"@type":"ImageObject","inLanguage":"pt-BR","@id":"https:\/\/secure.gravatar.com\/avatar\/12085fe17e70c3550551519fe1f8f51fae69b1748563a47fc3bea53d91fbcbbd?s=96&d=mm&r=g","url":"https:\/\/secure.gravatar.com\/avatar\/12085fe17e70c3550551519fe1f8f51fae69b1748563a47fc3bea53d91fbcbbd?s=96&d=mm&r=g","contentUrl":"https:\/\/secure.gravatar.com\/avatar\/12085fe17e70c3550551519fe1f8f51fae69b1748563a47fc3bea53d91fbcbbd?s=96&d=mm&r=g","caption":"Portal Incluir"},"sameAs":["http:\/\/portalincluir.com.br"],"url":"https:\/\/portalincluir.com.br\/index.php\/author\/portalincluir-com-br\/"}]}},"_links":{"self":[{"href":"https:\/\/portalincluir.com.br\/index.php\/wp-json\/wp\/v2\/posts\/765","targetHints":{"allow":["GET"]}}],"collection":[{"href":"https:\/\/portalincluir.com.br\/index.php\/wp-json\/wp\/v2\/posts"}],"about":[{"href":"https:\/\/portalincluir.com.br\/index.php\/wp-json\/wp\/v2\/types\/post"}],"author":[{"embeddable":true,"href":"https:\/\/portalincluir.com.br\/index.php\/wp-json\/wp\/v2\/users\/1"}],"replies":[{"embeddable":true,"href":"https:\/\/portalincluir.com.br\/index.php\/wp-json\/wp\/v2\/comments?post=765"}],"version-history":[{"count":1,"href":"https:\/\/portalincluir.com.br\/index.php\/wp-json\/wp\/v2\/posts\/765\/revisions"}],"predecessor-version":[{"id":767,"href":"https:\/\/portalincluir.com.br\/index.php\/wp-json\/wp\/v2\/posts\/765\/revisions\/767"}],"wp:featuredmedia":[{"embeddable":true,"href":"https:\/\/portalincluir.com.br\/index.php\/wp-json\/wp\/v2\/media\/766"}],"wp:attachment":[{"href":"https:\/\/portalincluir.com.br\/index.php\/wp-json\/wp\/v2\/media?parent=765"}],"wp:term":[{"taxonomy":"category","embeddable":true,"href":"https:\/\/portalincluir.com.br\/index.php\/wp-json\/wp\/v2\/categories?post=765"},{"taxonomy":"post_tag","embeddable":true,"href":"https:\/\/portalincluir.com.br\/index.php\/wp-json\/wp\/v2\/tags?post=765"}],"curies":[{"name":"wp","href":"https:\/\/api.w.org\/{rel}","templated":true}]}}