{"id":768,"date":"2025-11-25T17:00:37","date_gmt":"2025-11-25T20:00:37","guid":{"rendered":"https:\/\/portalincluir.com.br\/?p=768"},"modified":"2025-11-25T17:00:38","modified_gmt":"2025-11-25T20:00:38","slug":"sindrome-de-down-estimulando-as-habilidades","status":"publish","type":"post","link":"https:\/\/portalincluir.com.br\/index.php\/2025\/11\/25\/sindrome-de-down-estimulando-as-habilidades\/","title":{"rendered":"S\u00edndrome de Down &#8211; Estimulando as habilidades"},"content":{"rendered":"\n<p>A S\u00edndrome de Down (SD) \u00e9 uma condi\u00e7\u00e3o gen\u00e9tica causada pela presen\u00e7a de um cromossomo extra no par 21, que por sinal \u00e9 o menor cromossoma humano.&nbsp; Afeta o desenvolvimento f\u00edsico e cognitivo, variando de uma pessoa para outra.<\/p>\n\n\n\n<p>Dentre as caracter\u00edsticas provocadas pelo cromossoma extra do par 21 est\u00e3o o comprometimento intelectual, baixa estatura, olhos puxadinhos, como nos orientais, rosto redondo, t\u00f4nus muscular reduzido, hipotonia de l\u00edngua, dificuldades motoras, de mastiga\u00e7\u00e3o, de degluti\u00e7\u00e3o, problemas na articula\u00e7\u00e3o da fala dentre outros.<\/p>\n\n\n\n<p>Este p\u00fablico \u00e9 composto por crian\u00e7as, adolescentes e at\u00e9 adultos, que possuem necessidades particulares, de acordo com as defici\u00eancias que cada um possui e que sem adapta\u00e7\u00f5es curriculares e estrat\u00e9gias individualizadas n\u00e3o conseguiriam desenvolver todas as suas potencialidades.<\/p>\n\n\n\n<p>Dar \u201cvoz e vez\u201d aos que lutam contra a exclus\u00e3o social. Quanto mais informadas, mais ativas as pessoas se tornam para buscar essa inclus\u00e3o social, educacional e buscar seus direitos.<\/p>\n\n\n\n<p><strong>Informa\u00e7\u00e3o \u00e9 sempre a melhor ferramenta<\/strong>\u00a0\u00a0\u00a0\u00a0\u00a0\u00a0\u00a0 <\/p>\n\n\n\n<p>Todos n\u00f3s podemos aprender, mas precisamos de estrat\u00e9gias pr\u00f3prias e pautadas na ci\u00eancia para desenvolver potencialidades e tirar o foco s\u00f3 da defici\u00eancia. Precisamos estudar, trabalhar, se relacionar, ser aut\u00f4nomos, ser cidad\u00e3os e estarmos aptos a viver engajados em uma sociedade que respeite as diferen\u00e7as e entenda que o NORMAL \u00e9 ser diferente.<\/p>\n\n\n\n<p><strong>Desenvolvendo as habilidades<\/strong><\/p>\n\n\n\n<p>Indiv\u00edduos com SD precisam ser estimulados desde cedo. Elas precisam de atendimento de uma equipe multidisciplinar composta por m\u00e9dicos, fonoaudi\u00f3logos, fisioterapeutas, terapeutas ocupacionais e outros que integrar\u00e3o estas equipes de acordo com as demandas e necessidades.<\/p>\n\n\n\n<p>Eles necessitam de adapta\u00e7\u00f5es curriculares e de um bom PDI (plano de desenvolvimento individual). \u00c9 necess\u00e1rio o uso de material adaptado e bem concreto, al\u00e9m do apoio visual que facilita a aprendizagem, principalmente da matem\u00e1tica.<\/p>\n\n\n\n<p>Ampliar o vocabul\u00e1rio e trabalhar as habilidades auditivas favorecem o desenvolvimento da linguagem e o aprendizado da leitura e escrita.<\/p>\n\n\n\n<p>Pesquisas tem sugerido que o m\u00e9todo f\u00f4nico favorece o aprendizado da leitura e \u00e9 o mais indicado para as crian\u00e7as com SD.<\/p>\n\n\n\n<p>A m\u00fasica e a Literacia (conjunto das habilidades da leitura e da escrita: identifica\u00e7\u00e3o das palavras escritas, conhecimento da ortografia das palavras, aplica\u00e7\u00e3o aos textos dos processos lingu\u00edsticos e cognitivos de compreens\u00e3o) s\u00e3o poderosas ferramentas que podem agregar muito e facilitar o processo de aprendizagem destas crian\u00e7as tanto na escola quanto em casa. Se voc\u00ea tem um filho ou parente com SD, estimule sua comunica\u00e7\u00e3o, demonstre afeto, incentive sempre, desenvolva suas habilidades. Qualquer atividade com massinhas, papel picado e est\u00e3o entre atividades que podem e devem estar presentes no ambiente familiar. &nbsp;T\u00e3o f\u00e1ceis de fazer e t\u00e3o importantes para o desenvolvimento. Est\u00edmulo \u00e9 o que importa. Importante tamb\u00e9m permitir que ele expresse o que deseja e se sinta inclu\u00eddo, atrav\u00e9s dessas din\u00e2micas fam\u00edlia escolar.<\/p>\n\n\n\n<p>Todo mundo aprende no seu tempo. N\u00e3o podemos esquecer disso, seja no ambiente familiar e no escolar.<\/p>\n\n\n\n<p>&nbsp;Viva a neurodiversidade!<\/p>\n\n\n\n<p><strong>Luciana Cordeiro Felipetto, <\/strong>Fonoaudi\u00f3loga Cl\u00ednica e Educacional. P\u00f3s- graduada em Psicopedagoga. Mestre em Ci\u00eancias da Educa\u00e7\u00e3o. Especialista em Fonoaudiologia Educacional e Linguagem.<\/p>\n","protected":false},"excerpt":{"rendered":"<p>A S\u00edndrome de Down (SD) \u00e9 uma condi\u00e7\u00e3o gen\u00e9tica causada pela presen\u00e7a de um cromossomo<\/p>\n","protected":false},"author":1,"featured_media":634,"comment_status":"open","ping_status":"open","sticky":false,"template":"","format":"standard","meta":{"om_disable_all_campaigns":false,"_monsterinsights_skip_tracking":false,"_monsterinsights_sitenote_active":false,"_monsterinsights_sitenote_note":"","_monsterinsights_sitenote_category":0,"_uf_show_specific_survey":0,"_uf_disable_surveys":false,"footnotes":""},"categories":[21,7],"tags":[],"class_list":["post-768","post","type-post","status-publish","format-standard","has-post-thumbnail","hentry","category-opiniao","category-t21"],"yoast_head":"<!-- This site is optimized with the Yoast SEO plugin v27.4 - https:\/\/yoast.com\/product\/yoast-seo-wordpress\/ -->\n<title>S\u00edndrome de Down - Estimulando as habilidades - PORTAL INCLUIR<\/title>\n<meta name=\"robots\" content=\"index, follow, max-snippet:-1, max-image-preview:large, max-video-preview:-1\" \/>\n<link rel=\"canonical\" href=\"https:\/\/portalincluir.com.br\/index.php\/2025\/11\/25\/sindrome-de-down-estimulando-as-habilidades\/\" \/>\n<meta property=\"og:locale\" content=\"pt_BR\" \/>\n<meta property=\"og:type\" content=\"article\" \/>\n<meta property=\"og:title\" content=\"S\u00edndrome de Down - Estimulando as habilidades - PORTAL INCLUIR\" \/>\n<meta property=\"og:description\" content=\"A S\u00edndrome de Down (SD) \u00e9 uma condi\u00e7\u00e3o gen\u00e9tica causada pela presen\u00e7a de um cromossomo\" \/>\n<meta property=\"og:url\" content=\"https:\/\/portalincluir.com.br\/index.php\/2025\/11\/25\/sindrome-de-down-estimulando-as-habilidades\/\" \/>\n<meta property=\"og:site_name\" content=\"PORTAL INCLUIR\" \/>\n<meta property=\"article:published_time\" content=\"2025-11-25T20:00:37+00:00\" \/>\n<meta property=\"article:modified_time\" content=\"2025-11-25T20:00:38+00:00\" \/>\n<meta property=\"og:image\" content=\"https:\/\/portalincluir.com.br\/wp-content\/uploads\/2025\/10\/Luciana-Felipetto-Arquivo-pesssoal-2-e1760920874590.jpg\" \/>\n\t<meta property=\"og:image:width\" content=\"720\" \/>\n\t<meta property=\"og:image:height\" content=\"799\" \/>\n\t<meta property=\"og:image:type\" content=\"image\/jpeg\" \/>\n<meta name=\"author\" content=\"Portal Incluir\" \/>\n<meta name=\"twitter:card\" content=\"summary_large_image\" \/>\n<meta name=\"twitter:label1\" content=\"Escrito por\" \/>\n\t<meta name=\"twitter:data1\" content=\"Portal Incluir\" \/>\n\t<meta name=\"twitter:label2\" content=\"Est. tempo de leitura\" \/>\n\t<meta name=\"twitter:data2\" content=\"3 minutos\" \/>\n<script type=\"application\/ld+json\" class=\"yoast-schema-graph\">{\"@context\":\"https:\\\/\\\/schema.org\",\"@graph\":[{\"@type\":[\"Article\",\"BlogPosting\"],\"@id\":\"https:\\\/\\\/portalincluir.com.br\\\/index.php\\\/2025\\\/11\\\/25\\\/sindrome-de-down-estimulando-as-habilidades\\\/#article\",\"isPartOf\":{\"@id\":\"https:\\\/\\\/portalincluir.com.br\\\/index.php\\\/2025\\\/11\\\/25\\\/sindrome-de-down-estimulando-as-habilidades\\\/\"},\"author\":{\"name\":\"Portal Incluir\",\"@id\":\"https:\\\/\\\/portalincluir.com.br\\\/#\\\/schema\\\/person\\\/8823664e5902eee555607fb75c4c35ae\"},\"headline\":\"S\u00edndrome de Down &#8211; Estimulando as habilidades\",\"datePublished\":\"2025-11-25T20:00:37+00:00\",\"dateModified\":\"2025-11-25T20:00:38+00:00\",\"mainEntityOfPage\":{\"@id\":\"https:\\\/\\\/portalincluir.com.br\\\/index.php\\\/2025\\\/11\\\/25\\\/sindrome-de-down-estimulando-as-habilidades\\\/\"},\"wordCount\":556,\"commentCount\":0,\"image\":{\"@id\":\"https:\\\/\\\/portalincluir.com.br\\\/index.php\\\/2025\\\/11\\\/25\\\/sindrome-de-down-estimulando-as-habilidades\\\/#primaryimage\"},\"thumbnailUrl\":\"https:\\\/\\\/portalincluir.com.br\\\/wp-content\\\/uploads\\\/2025\\\/10\\\/Luciana-Felipetto-Arquivo-pesssoal-2-e1760920874590.jpg\",\"articleSection\":[\"Opini\u00e3o\",\"T21\"],\"inLanguage\":\"pt-BR\",\"potentialAction\":[{\"@type\":\"CommentAction\",\"name\":\"Comment\",\"target\":[\"https:\\\/\\\/portalincluir.com.br\\\/index.php\\\/2025\\\/11\\\/25\\\/sindrome-de-down-estimulando-as-habilidades\\\/#respond\"]}]},{\"@type\":\"WebPage\",\"@id\":\"https:\\\/\\\/portalincluir.com.br\\\/index.php\\\/2025\\\/11\\\/25\\\/sindrome-de-down-estimulando-as-habilidades\\\/\",\"url\":\"https:\\\/\\\/portalincluir.com.br\\\/index.php\\\/2025\\\/11\\\/25\\\/sindrome-de-down-estimulando-as-habilidades\\\/\",\"name\":\"S\u00edndrome de Down - Estimulando as habilidades - PORTAL INCLUIR\",\"isPartOf\":{\"@id\":\"https:\\\/\\\/portalincluir.com.br\\\/#website\"},\"primaryImageOfPage\":{\"@id\":\"https:\\\/\\\/portalincluir.com.br\\\/index.php\\\/2025\\\/11\\\/25\\\/sindrome-de-down-estimulando-as-habilidades\\\/#primaryimage\"},\"image\":{\"@id\":\"https:\\\/\\\/portalincluir.com.br\\\/index.php\\\/2025\\\/11\\\/25\\\/sindrome-de-down-estimulando-as-habilidades\\\/#primaryimage\"},\"thumbnailUrl\":\"https:\\\/\\\/portalincluir.com.br\\\/wp-content\\\/uploads\\\/2025\\\/10\\\/Luciana-Felipetto-Arquivo-pesssoal-2-e1760920874590.jpg\",\"datePublished\":\"2025-11-25T20:00:37+00:00\",\"dateModified\":\"2025-11-25T20:00:38+00:00\",\"author\":{\"@id\":\"https:\\\/\\\/portalincluir.com.br\\\/#\\\/schema\\\/person\\\/8823664e5902eee555607fb75c4c35ae\"},\"breadcrumb\":{\"@id\":\"https:\\\/\\\/portalincluir.com.br\\\/index.php\\\/2025\\\/11\\\/25\\\/sindrome-de-down-estimulando-as-habilidades\\\/#breadcrumb\"},\"inLanguage\":\"pt-BR\",\"potentialAction\":[{\"@type\":\"ReadAction\",\"target\":[\"https:\\\/\\\/portalincluir.com.br\\\/index.php\\\/2025\\\/11\\\/25\\\/sindrome-de-down-estimulando-as-habilidades\\\/\"]}]},{\"@type\":\"ImageObject\",\"inLanguage\":\"pt-BR\",\"@id\":\"https:\\\/\\\/portalincluir.com.br\\\/index.php\\\/2025\\\/11\\\/25\\\/sindrome-de-down-estimulando-as-habilidades\\\/#primaryimage\",\"url\":\"https:\\\/\\\/portalincluir.com.br\\\/wp-content\\\/uploads\\\/2025\\\/10\\\/Luciana-Felipetto-Arquivo-pesssoal-2-e1760920874590.jpg\",\"contentUrl\":\"https:\\\/\\\/portalincluir.com.br\\\/wp-content\\\/uploads\\\/2025\\\/10\\\/Luciana-Felipetto-Arquivo-pesssoal-2-e1760920874590.jpg\",\"width\":720,\"height\":799},{\"@type\":\"BreadcrumbList\",\"@id\":\"https:\\\/\\\/portalincluir.com.br\\\/index.php\\\/2025\\\/11\\\/25\\\/sindrome-de-down-estimulando-as-habilidades\\\/#breadcrumb\",\"itemListElement\":[{\"@type\":\"ListItem\",\"position\":1,\"name\":\"In\u00edcio\",\"item\":\"https:\\\/\\\/portalincluir.com.br\\\/\"},{\"@type\":\"ListItem\",\"position\":2,\"name\":\"S\u00edndrome de Down &#8211; Estimulando as habilidades\"}]},{\"@type\":\"WebSite\",\"@id\":\"https:\\\/\\\/portalincluir.com.br\\\/#website\",\"url\":\"https:\\\/\\\/portalincluir.com.br\\\/\",\"name\":\"PORTAL INCLUIR\",\"description\":\"\",\"potentialAction\":[{\"@type\":\"SearchAction\",\"target\":{\"@type\":\"EntryPoint\",\"urlTemplate\":\"https:\\\/\\\/portalincluir.com.br\\\/?s={search_term_string}\"},\"query-input\":{\"@type\":\"PropertyValueSpecification\",\"valueRequired\":true,\"valueName\":\"search_term_string\"}}],\"inLanguage\":\"pt-BR\"},{\"@type\":\"Person\",\"@id\":\"https:\\\/\\\/portalincluir.com.br\\\/#\\\/schema\\\/person\\\/8823664e5902eee555607fb75c4c35ae\",\"name\":\"Portal Incluir\",\"image\":{\"@type\":\"ImageObject\",\"inLanguage\":\"pt-BR\",\"@id\":\"https:\\\/\\\/secure.gravatar.com\\\/avatar\\\/12085fe17e70c3550551519fe1f8f51fae69b1748563a47fc3bea53d91fbcbbd?s=96&d=mm&r=g\",\"url\":\"https:\\\/\\\/secure.gravatar.com\\\/avatar\\\/12085fe17e70c3550551519fe1f8f51fae69b1748563a47fc3bea53d91fbcbbd?s=96&d=mm&r=g\",\"contentUrl\":\"https:\\\/\\\/secure.gravatar.com\\\/avatar\\\/12085fe17e70c3550551519fe1f8f51fae69b1748563a47fc3bea53d91fbcbbd?s=96&d=mm&r=g\",\"caption\":\"Portal Incluir\"},\"sameAs\":[\"http:\\\/\\\/portalincluir.com.br\"],\"url\":\"https:\\\/\\\/portalincluir.com.br\\\/index.php\\\/author\\\/portalincluir-com-br\\\/\"}]}<\/script>\n<!-- \/ Yoast SEO plugin. -->","yoast_head_json":{"title":"S\u00edndrome de Down - Estimulando as habilidades - PORTAL INCLUIR","robots":{"index":"index","follow":"follow","max-snippet":"max-snippet:-1","max-image-preview":"max-image-preview:large","max-video-preview":"max-video-preview:-1"},"canonical":"https:\/\/portalincluir.com.br\/index.php\/2025\/11\/25\/sindrome-de-down-estimulando-as-habilidades\/","og_locale":"pt_BR","og_type":"article","og_title":"S\u00edndrome de Down - Estimulando as habilidades - PORTAL INCLUIR","og_description":"A S\u00edndrome de Down (SD) \u00e9 uma condi\u00e7\u00e3o gen\u00e9tica causada pela presen\u00e7a de um cromossomo","og_url":"https:\/\/portalincluir.com.br\/index.php\/2025\/11\/25\/sindrome-de-down-estimulando-as-habilidades\/","og_site_name":"PORTAL INCLUIR","article_published_time":"2025-11-25T20:00:37+00:00","article_modified_time":"2025-11-25T20:00:38+00:00","og_image":[{"width":720,"height":799,"url":"https:\/\/portalincluir.com.br\/wp-content\/uploads\/2025\/10\/Luciana-Felipetto-Arquivo-pesssoal-2-e1760920874590.jpg","type":"image\/jpeg"}],"author":"Portal Incluir","twitter_card":"summary_large_image","twitter_misc":{"Escrito por":"Portal Incluir","Est. tempo de leitura":"3 minutos"},"schema":{"@context":"https:\/\/schema.org","@graph":[{"@type":["Article","BlogPosting"],"@id":"https:\/\/portalincluir.com.br\/index.php\/2025\/11\/25\/sindrome-de-down-estimulando-as-habilidades\/#article","isPartOf":{"@id":"https:\/\/portalincluir.com.br\/index.php\/2025\/11\/25\/sindrome-de-down-estimulando-as-habilidades\/"},"author":{"name":"Portal Incluir","@id":"https:\/\/portalincluir.com.br\/#\/schema\/person\/8823664e5902eee555607fb75c4c35ae"},"headline":"S\u00edndrome de Down &#8211; Estimulando as habilidades","datePublished":"2025-11-25T20:00:37+00:00","dateModified":"2025-11-25T20:00:38+00:00","mainEntityOfPage":{"@id":"https:\/\/portalincluir.com.br\/index.php\/2025\/11\/25\/sindrome-de-down-estimulando-as-habilidades\/"},"wordCount":556,"commentCount":0,"image":{"@id":"https:\/\/portalincluir.com.br\/index.php\/2025\/11\/25\/sindrome-de-down-estimulando-as-habilidades\/#primaryimage"},"thumbnailUrl":"https:\/\/portalincluir.com.br\/wp-content\/uploads\/2025\/10\/Luciana-Felipetto-Arquivo-pesssoal-2-e1760920874590.jpg","articleSection":["Opini\u00e3o","T21"],"inLanguage":"pt-BR","potentialAction":[{"@type":"CommentAction","name":"Comment","target":["https:\/\/portalincluir.com.br\/index.php\/2025\/11\/25\/sindrome-de-down-estimulando-as-habilidades\/#respond"]}]},{"@type":"WebPage","@id":"https:\/\/portalincluir.com.br\/index.php\/2025\/11\/25\/sindrome-de-down-estimulando-as-habilidades\/","url":"https:\/\/portalincluir.com.br\/index.php\/2025\/11\/25\/sindrome-de-down-estimulando-as-habilidades\/","name":"S\u00edndrome de Down - Estimulando as habilidades - PORTAL INCLUIR","isPartOf":{"@id":"https:\/\/portalincluir.com.br\/#website"},"primaryImageOfPage":{"@id":"https:\/\/portalincluir.com.br\/index.php\/2025\/11\/25\/sindrome-de-down-estimulando-as-habilidades\/#primaryimage"},"image":{"@id":"https:\/\/portalincluir.com.br\/index.php\/2025\/11\/25\/sindrome-de-down-estimulando-as-habilidades\/#primaryimage"},"thumbnailUrl":"https:\/\/portalincluir.com.br\/wp-content\/uploads\/2025\/10\/Luciana-Felipetto-Arquivo-pesssoal-2-e1760920874590.jpg","datePublished":"2025-11-25T20:00:37+00:00","dateModified":"2025-11-25T20:00:38+00:00","author":{"@id":"https:\/\/portalincluir.com.br\/#\/schema\/person\/8823664e5902eee555607fb75c4c35ae"},"breadcrumb":{"@id":"https:\/\/portalincluir.com.br\/index.php\/2025\/11\/25\/sindrome-de-down-estimulando-as-habilidades\/#breadcrumb"},"inLanguage":"pt-BR","potentialAction":[{"@type":"ReadAction","target":["https:\/\/portalincluir.com.br\/index.php\/2025\/11\/25\/sindrome-de-down-estimulando-as-habilidades\/"]}]},{"@type":"ImageObject","inLanguage":"pt-BR","@id":"https:\/\/portalincluir.com.br\/index.php\/2025\/11\/25\/sindrome-de-down-estimulando-as-habilidades\/#primaryimage","url":"https:\/\/portalincluir.com.br\/wp-content\/uploads\/2025\/10\/Luciana-Felipetto-Arquivo-pesssoal-2-e1760920874590.jpg","contentUrl":"https:\/\/portalincluir.com.br\/wp-content\/uploads\/2025\/10\/Luciana-Felipetto-Arquivo-pesssoal-2-e1760920874590.jpg","width":720,"height":799},{"@type":"BreadcrumbList","@id":"https:\/\/portalincluir.com.br\/index.php\/2025\/11\/25\/sindrome-de-down-estimulando-as-habilidades\/#breadcrumb","itemListElement":[{"@type":"ListItem","position":1,"name":"In\u00edcio","item":"https:\/\/portalincluir.com.br\/"},{"@type":"ListItem","position":2,"name":"S\u00edndrome de Down &#8211; Estimulando as habilidades"}]},{"@type":"WebSite","@id":"https:\/\/portalincluir.com.br\/#website","url":"https:\/\/portalincluir.com.br\/","name":"PORTAL INCLUIR","description":"","potentialAction":[{"@type":"SearchAction","target":{"@type":"EntryPoint","urlTemplate":"https:\/\/portalincluir.com.br\/?s={search_term_string}"},"query-input":{"@type":"PropertyValueSpecification","valueRequired":true,"valueName":"search_term_string"}}],"inLanguage":"pt-BR"},{"@type":"Person","@id":"https:\/\/portalincluir.com.br\/#\/schema\/person\/8823664e5902eee555607fb75c4c35ae","name":"Portal Incluir","image":{"@type":"ImageObject","inLanguage":"pt-BR","@id":"https:\/\/secure.gravatar.com\/avatar\/12085fe17e70c3550551519fe1f8f51fae69b1748563a47fc3bea53d91fbcbbd?s=96&d=mm&r=g","url":"https:\/\/secure.gravatar.com\/avatar\/12085fe17e70c3550551519fe1f8f51fae69b1748563a47fc3bea53d91fbcbbd?s=96&d=mm&r=g","contentUrl":"https:\/\/secure.gravatar.com\/avatar\/12085fe17e70c3550551519fe1f8f51fae69b1748563a47fc3bea53d91fbcbbd?s=96&d=mm&r=g","caption":"Portal Incluir"},"sameAs":["http:\/\/portalincluir.com.br"],"url":"https:\/\/portalincluir.com.br\/index.php\/author\/portalincluir-com-br\/"}]}},"_links":{"self":[{"href":"https:\/\/portalincluir.com.br\/index.php\/wp-json\/wp\/v2\/posts\/768","targetHints":{"allow":["GET"]}}],"collection":[{"href":"https:\/\/portalincluir.com.br\/index.php\/wp-json\/wp\/v2\/posts"}],"about":[{"href":"https:\/\/portalincluir.com.br\/index.php\/wp-json\/wp\/v2\/types\/post"}],"author":[{"embeddable":true,"href":"https:\/\/portalincluir.com.br\/index.php\/wp-json\/wp\/v2\/users\/1"}],"replies":[{"embeddable":true,"href":"https:\/\/portalincluir.com.br\/index.php\/wp-json\/wp\/v2\/comments?post=768"}],"version-history":[{"count":1,"href":"https:\/\/portalincluir.com.br\/index.php\/wp-json\/wp\/v2\/posts\/768\/revisions"}],"predecessor-version":[{"id":769,"href":"https:\/\/portalincluir.com.br\/index.php\/wp-json\/wp\/v2\/posts\/768\/revisions\/769"}],"wp:featuredmedia":[{"embeddable":true,"href":"https:\/\/portalincluir.com.br\/index.php\/wp-json\/wp\/v2\/media\/634"}],"wp:attachment":[{"href":"https:\/\/portalincluir.com.br\/index.php\/wp-json\/wp\/v2\/media?parent=768"}],"wp:term":[{"taxonomy":"category","embeddable":true,"href":"https:\/\/portalincluir.com.br\/index.php\/wp-json\/wp\/v2\/categories?post=768"},{"taxonomy":"post_tag","embeddable":true,"href":"https:\/\/portalincluir.com.br\/index.php\/wp-json\/wp\/v2\/tags?post=768"}],"curies":[{"name":"wp","href":"https:\/\/api.w.org\/{rel}","templated":true}]}}