{"id":774,"date":"2025-12-01T22:23:50","date_gmt":"2025-12-02T01:23:50","guid":{"rendered":"https:\/\/portalincluir.com.br\/?p=774"},"modified":"2025-12-01T22:27:07","modified_gmt":"2025-12-02T01:27:07","slug":"namoro-e-deficiencia-na-era-da-inclusao-entre-conquistas-barreiras-e-novas-possibilidades","status":"publish","type":"post","link":"https:\/\/portalincluir.com.br\/index.php\/2025\/12\/01\/namoro-e-deficiencia-na-era-da-inclusao-entre-conquistas-barreiras-e-novas-possibilidades\/","title":{"rendered":"Namoro e defici\u00eancia na era da inclus\u00e3o: entre conquistas, barreiras e novas possibilidades"},"content":{"rendered":"\n<p>Nos \u00faltimos anos, o avan\u00e7o das pol\u00edticas de inclus\u00e3o, a amplia\u00e7\u00e3o da presen\u00e7a social das pessoas com defici\u00eancia e a populariza\u00e7\u00e3o das tecnologias de comunica\u00e7\u00e3o transformaram profundamente o cen\u00e1rio das rela\u00e7\u00f5es afetivas. O tema do namoro, antes tratado como exce\u00e7\u00e3o ou como tabu, passou a ocupar espa\u00e7o leg\u00edtimo nas discuss\u00f5es sobre direitos, autonomia e cidadania.<br>Ainda assim, a vida amorosa das pessoas com defici\u00eancia continua atravessada por contradi\u00e7\u00f5es: h\u00e1 mais oportunidades, mais visibilidade e mais protagonismo, mas o capacitismo persiste como um filtro emocional e social que ainda regula, julga e limita essas experi\u00eancias.<br>Da Invisibilidade ao Protagonismo Afetivo<br>Historicamente, a pessoa com defici\u00eancia foi colocada fora do campo da sexualidade. Tratada como eterna crian\u00e7a, dependente ou fr\u00e1gil, foi empurrada para uma categoria social que nega a ela o direito de desejar e de ser desejada. A era da inclus\u00e3o, marcada pelo fortalecimento de leis, movimentos sociais e representa\u00e7\u00f5es positivas na m\u00eddia, n\u00e3o eliminou essas vis\u00f5es, mas as tornou cada vez mais contestadas.<br>Hoje, adolescentes e jovens com defici\u00eancia que cresceram em escolas inclusivas convivem com colegas da mesma idade, participam de atividades sociais, formam la\u00e7os, se apaixonam e vivem relacionamentos como qualquer outra pessoa. O que antes era raro se tornou cotidiano. O ambiente escolar \u00e9, talvez, o espa\u00e7o mais transformador, pois produz uma conviv\u00eancia naturalizada e livre de exotiza\u00e7\u00e3o.<br>As Novas Portas Abertas pela Tecnologia<br>A tecnologia tem papel crucial nessa mudan\u00e7a. Aplicativos de relacionamento, redes sociais, grupos tem\u00e1ticos e espa\u00e7os virtuais possibilitam encontros, conversas e constru\u00e7\u00e3o de intimidade sem a barreira f\u00edsica, que tradicionalmente restringia deslocamentos, autonomia ou sociabilidade.<br>Para muitas pessoas com defici\u00eancia, a internet funciona como ambiente de amplia\u00e7\u00e3o de mundo, onde:\u00e9 poss\u00edvel conhecer pessoas sem julgamento imediato;\u00e9 mais f\u00e1cil filtrar preconceituosos;h\u00e1 controle sobre a forma de se apresentar;a conversa se desenvolve antes da apar\u00eancia ou do estigma.<br>A vida amorosa, assim, deixa de depender exclusivamente dos espa\u00e7os tradicionais \u2014 escola, trabalho, festas, conviv\u00eancia na vizinhan\u00e7a \u2014 e se torna mais diversa e acess\u00edvel.<br>O Capacitismo: a Barreira que Persiste<br>Apesar das conquistas, o capacitismo continua sendo a barreira central. Ele se expressa de v\u00e1rias maneiras:a ideia de que a pessoa com defici\u00eancia \u00e9 \u201cmenos desej\u00e1vel\u201d;a confus\u00e3o entre cuidado e relacionamento;o fetichismo, quando o corpo com defici\u00eancia \u00e9 erotizado de forma ex\u00f3tica;o medo social diante da diferen\u00e7a;a infantiliza\u00e7\u00e3o, que reduz a pessoa a algu\u00e9m incapaz de decidir sobre a pr\u00f3pria vida afetiva ou sexual.<br>Para muitos, o desafio n\u00e3o est\u00e1 em encontrar algu\u00e9m, mas em ser percebido como parceiro poss\u00edvel. Algu\u00e9m que sente desejo, afeto, ci\u00fames, vontade, limites, exatamente como qualquer ser humano. A luta contempor\u00e2nea, portanto, n\u00e3o \u00e9 pela permiss\u00e3o de namorar, mas pela desconstru\u00e7\u00e3o do olhar distorcido que ainda pesa sobre esses corpos.<br>Autonomia e Vida Adulta: Conflitos Dentro e Fora da Fam\u00edlia<br>Na fase adulta, a vida amorosa das pessoas com defici\u00eancia ainda esbarra na superprote\u00e7\u00e3o familiar. Pais e cuidadores, muitas vezes por medo genu\u00edno ou por reproduzir estigmas sociais, controlam sa\u00eddas, restringem encontros, evitam conversas sobre sexualidade e acreditam que est\u00e3o \u201cprotegendo\u201d. Nesse cen\u00e1rio, o namoro ganha contornos de transgress\u00e3o, e a busca por autonomia torna-se um processo emocionalmente denso.<br>Por outro lado, h\u00e1 um movimento crescente de adultos com defici\u00eancia reivindicando sua vida afetiva e sexual como direito, n\u00e3o como concess\u00e3o. Consult\u00f3rios de psicologia, grupos de apoio e espa\u00e7os de milit\u00e2ncia t\u00eam discutido temas antes silenciados: desejo, corpo, rela\u00e7\u00e3o amorosa, consentimento, prazer e constru\u00e7\u00e3o de fam\u00edlia.<br>Quando o Amor Acontece Entre Pessoas com e sem Defici\u00eancia<br>A presen\u00e7a cada vez maior de casais formados por pessoas com e sem defici\u00eancia evidencia que o tabu est\u00e1 sendo quebrado. Esses relacionamentos costumam enfrentar julgamentos sociais espec\u00edficos:questionamentos sobre \u201cpor que essa pessoa escolheu algu\u00e9m com defici\u00eancia\u201d;suspeitas de interesse, depend\u00eancia ou piedade;olhares vigilantes quando o casal est\u00e1 em espa\u00e7os p\u00fablicos.<br>Apesar disso, muitos desses casais vivem rela\u00e7\u00f5es s\u00f3lidas, afetivas e equilibradas, justamente porque constroem intimidade a partir do di\u00e1logo, da empatia e da desconstru\u00e7\u00e3o de estere\u00f3tipos. N\u00e3o \u00e9 excepcionalidade; \u00e9 conviv\u00eancia, proximidade e reconhecimento m\u00fatuo.<br>Representa\u00e7\u00e3o, Cultura e Constru\u00e7\u00e3o de Desejos<br>A expans\u00e3o da representatividade na m\u00eddia, ainda que lenta, tamb\u00e9m tem efeito direto sobre o namoro. Personagens com defici\u00eancia em filmes, s\u00e9ries, novelas e redes sociais ajudam a desmontar a cren\u00e7a de que essa popula\u00e7\u00e3o n\u00e3o ama, n\u00e3o deseja ou n\u00e3o \u00e9 desejada. Quanto mais corpos diversos s\u00e3o mostrados como protagonistas de suas hist\u00f3rias, mais se amplia o imagin\u00e1rio social sobre o que \u00e9 poss\u00edvel.<br>A cultura molda o desejo, e o desejo molda a cultura. A era da inclus\u00e3o ainda est\u00e1 aprendendo \u2014 e desaprendendo \u2014 a enxergar essas subjetividades.<br>No Futuro, da Exce\u00e7\u00e3o para o Cotidiano<br>O futuro das rela\u00e7\u00f5es amorosas entre pessoas com defici\u00eancia aponta para uma tend\u00eancia clara: deixar de ser tema extraordin\u00e1rio. \u00c0 medida que a inclus\u00e3o se consolida, o namoro deixa de ser um t\u00f3pico especial para se tornar apenas vida comum.<br>Mas esse futuro depende de enfrentamentos concretos:desmontar o capacitismo estrutural;ampliar a representa\u00e7\u00e3o na m\u00eddia;fortalecer pol\u00edticas p\u00fablicas que garantam autonomia;educar fam\u00edlias e a sociedade para respeitar a vida afetiva de pessoas com defici\u00eancia;garantir acessibilidade nos espa\u00e7os de conviv\u00eancia e lazer.<br>O namoro, no fim, n\u00e3o \u00e9 privil\u00e9gio. \u00c9 express\u00e3o humana.Na era da inclus\u00e3o, ele se torna cada vez mais poss\u00edvel. N\u00e3o porque as pessoas com defici\u00eancia mudaram, mas porque o mundo come\u00e7a, ainda timidamente, a mudar diante delas.<\/p>\n\n\n\n<figure class=\"wp-block-image alignleft size-large is-resized\"><img loading=\"lazy\" decoding=\"async\" width=\"1024\" height=\"846\" src=\"https:\/\/portalincluir.com.br\/wp-content\/uploads\/2025\/10\/Emilio-Figueira-Arquivo-pessoal-4-1-scaled-e1761414956354-1024x846.jpg\" alt=\"\" class=\"wp-image-679\" style=\"width:77px;height:auto\" srcset=\"https:\/\/portalincluir.com.br\/wp-content\/uploads\/2025\/10\/Emilio-Figueira-Arquivo-pessoal-4-1-scaled-e1761414956354-1024x846.jpg 1024w, https:\/\/portalincluir.com.br\/wp-content\/uploads\/2025\/10\/Emilio-Figueira-Arquivo-pessoal-4-1-scaled-e1761414956354-300x248.jpg 300w, https:\/\/portalincluir.com.br\/wp-content\/uploads\/2025\/10\/Emilio-Figueira-Arquivo-pessoal-4-1-scaled-e1761414956354-768x635.jpg 768w, https:\/\/portalincluir.com.br\/wp-content\/uploads\/2025\/10\/Emilio-Figueira-Arquivo-pessoal-4-1-scaled-e1761414956354-1536x1269.jpg 1536w, https:\/\/portalincluir.com.br\/wp-content\/uploads\/2025\/10\/Emilio-Figueira-Arquivo-pessoal-4-1-scaled-e1761414956354.jpg 1709w\" sizes=\"auto, (max-width: 1024px) 100vw, 1024px\" \/><\/figure>\n\n\n\n<p><strong>Em\u00edlio Figueira\u00a0<\/strong>\u00e9 jornalista, psic\u00f3logo, psicanalista e escritor, com 40 anos de experi\u00eancia na \u00e1rea da inclus\u00e3o.\u00a0Autor dentre outros, do livro \u201cPsicologia e Inclus\u00e3o\u201d<\/p>\n\n\n\n<p><\/p>\n","protected":false},"excerpt":{"rendered":"<p>Nos \u00faltimos anos, o avan\u00e7o das pol\u00edticas de inclus\u00e3o, a amplia\u00e7\u00e3o da presen\u00e7a social das<\/p>\n","protected":false},"author":1,"featured_media":775,"comment_status":"open","ping_status":"open","sticky":false,"template":"","format":"standard","meta":{"om_disable_all_campaigns":false,"_monsterinsights_skip_tracking":false,"_monsterinsights_sitenote_active":false,"_monsterinsights_sitenote_note":"","_monsterinsights_sitenote_category":0,"_uf_show_specific_survey":0,"_uf_disable_surveys":false,"footnotes":""},"categories":[21,1],"tags":[],"class_list":["post-774","post","type-post","status-publish","format-standard","has-post-thumbnail","hentry","category-opiniao","category-portal"],"yoast_head":"<!-- This site is optimized with the Yoast SEO plugin v27.4 - https:\/\/yoast.com\/product\/yoast-seo-wordpress\/ -->\n<title>Namoro e defici\u00eancia na era da inclus\u00e3o: entre conquistas, barreiras e novas possibilidades - PORTAL INCLUIR<\/title>\n<meta name=\"robots\" content=\"index, follow, max-snippet:-1, max-image-preview:large, max-video-preview:-1\" \/>\n<link rel=\"canonical\" href=\"https:\/\/portalincluir.com.br\/index.php\/2025\/12\/01\/namoro-e-deficiencia-na-era-da-inclusao-entre-conquistas-barreiras-e-novas-possibilidades\/\" \/>\n<meta property=\"og:locale\" content=\"pt_BR\" \/>\n<meta property=\"og:type\" content=\"article\" \/>\n<meta property=\"og:title\" content=\"Namoro e defici\u00eancia na era da inclus\u00e3o: entre conquistas, barreiras e novas possibilidades - PORTAL INCLUIR\" \/>\n<meta property=\"og:description\" content=\"Nos \u00faltimos anos, o avan\u00e7o das pol\u00edticas de inclus\u00e3o, a amplia\u00e7\u00e3o da presen\u00e7a social das\" \/>\n<meta property=\"og:url\" content=\"https:\/\/portalincluir.com.br\/index.php\/2025\/12\/01\/namoro-e-deficiencia-na-era-da-inclusao-entre-conquistas-barreiras-e-novas-possibilidades\/\" \/>\n<meta property=\"og:site_name\" content=\"PORTAL INCLUIR\" \/>\n<meta property=\"article:published_time\" content=\"2025-12-02T01:23:50+00:00\" \/>\n<meta property=\"article:modified_time\" content=\"2025-12-02T01:27:07+00:00\" \/>\n<meta property=\"og:image\" content=\"https:\/\/portalincluir.com.br\/wp-content\/uploads\/2025\/12\/namorados-e1764636503970.jpg\" \/>\n\t<meta property=\"og:image:width\" content=\"1440\" \/>\n\t<meta property=\"og:image:height\" content=\"960\" \/>\n\t<meta property=\"og:image:type\" content=\"image\/jpeg\" \/>\n<meta name=\"author\" content=\"Portal Incluir\" \/>\n<meta name=\"twitter:card\" content=\"summary_large_image\" \/>\n<meta name=\"twitter:label1\" content=\"Escrito por\" \/>\n\t<meta name=\"twitter:data1\" content=\"Portal Incluir\" \/>\n\t<meta name=\"twitter:label2\" content=\"Est. tempo de leitura\" \/>\n\t<meta name=\"twitter:data2\" content=\"6 minutos\" \/>\n<script type=\"application\/ld+json\" class=\"yoast-schema-graph\">{\"@context\":\"https:\\\/\\\/schema.org\",\"@graph\":[{\"@type\":[\"Article\",\"BlogPosting\"],\"@id\":\"https:\\\/\\\/portalincluir.com.br\\\/index.php\\\/2025\\\/12\\\/01\\\/namoro-e-deficiencia-na-era-da-inclusao-entre-conquistas-barreiras-e-novas-possibilidades\\\/#article\",\"isPartOf\":{\"@id\":\"https:\\\/\\\/portalincluir.com.br\\\/index.php\\\/2025\\\/12\\\/01\\\/namoro-e-deficiencia-na-era-da-inclusao-entre-conquistas-barreiras-e-novas-possibilidades\\\/\"},\"author\":{\"name\":\"Portal Incluir\",\"@id\":\"https:\\\/\\\/portalincluir.com.br\\\/#\\\/schema\\\/person\\\/8823664e5902eee555607fb75c4c35ae\"},\"headline\":\"Namoro e defici\u00eancia na era da inclus\u00e3o: entre conquistas, barreiras e novas possibilidades\",\"datePublished\":\"2025-12-02T01:23:50+00:00\",\"dateModified\":\"2025-12-02T01:27:07+00:00\",\"mainEntityOfPage\":{\"@id\":\"https:\\\/\\\/portalincluir.com.br\\\/index.php\\\/2025\\\/12\\\/01\\\/namoro-e-deficiencia-na-era-da-inclusao-entre-conquistas-barreiras-e-novas-possibilidades\\\/\"},\"wordCount\":1057,\"commentCount\":0,\"image\":{\"@id\":\"https:\\\/\\\/portalincluir.com.br\\\/index.php\\\/2025\\\/12\\\/01\\\/namoro-e-deficiencia-na-era-da-inclusao-entre-conquistas-barreiras-e-novas-possibilidades\\\/#primaryimage\"},\"thumbnailUrl\":\"https:\\\/\\\/portalincluir.com.br\\\/wp-content\\\/uploads\\\/2025\\\/12\\\/namorados-e1764636503970.jpg\",\"articleSection\":[\"Opini\u00e3o\",\"Portal\"],\"inLanguage\":\"pt-BR\",\"potentialAction\":[{\"@type\":\"CommentAction\",\"name\":\"Comment\",\"target\":[\"https:\\\/\\\/portalincluir.com.br\\\/index.php\\\/2025\\\/12\\\/01\\\/namoro-e-deficiencia-na-era-da-inclusao-entre-conquistas-barreiras-e-novas-possibilidades\\\/#respond\"]}]},{\"@type\":\"WebPage\",\"@id\":\"https:\\\/\\\/portalincluir.com.br\\\/index.php\\\/2025\\\/12\\\/01\\\/namoro-e-deficiencia-na-era-da-inclusao-entre-conquistas-barreiras-e-novas-possibilidades\\\/\",\"url\":\"https:\\\/\\\/portalincluir.com.br\\\/index.php\\\/2025\\\/12\\\/01\\\/namoro-e-deficiencia-na-era-da-inclusao-entre-conquistas-barreiras-e-novas-possibilidades\\\/\",\"name\":\"Namoro e defici\u00eancia na era da inclus\u00e3o: entre conquistas, barreiras e novas possibilidades - PORTAL INCLUIR\",\"isPartOf\":{\"@id\":\"https:\\\/\\\/portalincluir.com.br\\\/#website\"},\"primaryImageOfPage\":{\"@id\":\"https:\\\/\\\/portalincluir.com.br\\\/index.php\\\/2025\\\/12\\\/01\\\/namoro-e-deficiencia-na-era-da-inclusao-entre-conquistas-barreiras-e-novas-possibilidades\\\/#primaryimage\"},\"image\":{\"@id\":\"https:\\\/\\\/portalincluir.com.br\\\/index.php\\\/2025\\\/12\\\/01\\\/namoro-e-deficiencia-na-era-da-inclusao-entre-conquistas-barreiras-e-novas-possibilidades\\\/#primaryimage\"},\"thumbnailUrl\":\"https:\\\/\\\/portalincluir.com.br\\\/wp-content\\\/uploads\\\/2025\\\/12\\\/namorados-e1764636503970.jpg\",\"datePublished\":\"2025-12-02T01:23:50+00:00\",\"dateModified\":\"2025-12-02T01:27:07+00:00\",\"author\":{\"@id\":\"https:\\\/\\\/portalincluir.com.br\\\/#\\\/schema\\\/person\\\/8823664e5902eee555607fb75c4c35ae\"},\"breadcrumb\":{\"@id\":\"https:\\\/\\\/portalincluir.com.br\\\/index.php\\\/2025\\\/12\\\/01\\\/namoro-e-deficiencia-na-era-da-inclusao-entre-conquistas-barreiras-e-novas-possibilidades\\\/#breadcrumb\"},\"inLanguage\":\"pt-BR\",\"potentialAction\":[{\"@type\":\"ReadAction\",\"target\":[\"https:\\\/\\\/portalincluir.com.br\\\/index.php\\\/2025\\\/12\\\/01\\\/namoro-e-deficiencia-na-era-da-inclusao-entre-conquistas-barreiras-e-novas-possibilidades\\\/\"]}]},{\"@type\":\"ImageObject\",\"inLanguage\":\"pt-BR\",\"@id\":\"https:\\\/\\\/portalincluir.com.br\\\/index.php\\\/2025\\\/12\\\/01\\\/namoro-e-deficiencia-na-era-da-inclusao-entre-conquistas-barreiras-e-novas-possibilidades\\\/#primaryimage\",\"url\":\"https:\\\/\\\/portalincluir.com.br\\\/wp-content\\\/uploads\\\/2025\\\/12\\\/namorados-e1764636503970.jpg\",\"contentUrl\":\"https:\\\/\\\/portalincluir.com.br\\\/wp-content\\\/uploads\\\/2025\\\/12\\\/namorados-e1764636503970.jpg\",\"width\":1440,\"height\":960},{\"@type\":\"BreadcrumbList\",\"@id\":\"https:\\\/\\\/portalincluir.com.br\\\/index.php\\\/2025\\\/12\\\/01\\\/namoro-e-deficiencia-na-era-da-inclusao-entre-conquistas-barreiras-e-novas-possibilidades\\\/#breadcrumb\",\"itemListElement\":[{\"@type\":\"ListItem\",\"position\":1,\"name\":\"In\u00edcio\",\"item\":\"https:\\\/\\\/portalincluir.com.br\\\/\"},{\"@type\":\"ListItem\",\"position\":2,\"name\":\"Namoro e defici\u00eancia na era da inclus\u00e3o: entre conquistas, barreiras e novas possibilidades\"}]},{\"@type\":\"WebSite\",\"@id\":\"https:\\\/\\\/portalincluir.com.br\\\/#website\",\"url\":\"https:\\\/\\\/portalincluir.com.br\\\/\",\"name\":\"PORTAL INCLUIR\",\"description\":\"\",\"potentialAction\":[{\"@type\":\"SearchAction\",\"target\":{\"@type\":\"EntryPoint\",\"urlTemplate\":\"https:\\\/\\\/portalincluir.com.br\\\/?s={search_term_string}\"},\"query-input\":{\"@type\":\"PropertyValueSpecification\",\"valueRequired\":true,\"valueName\":\"search_term_string\"}}],\"inLanguage\":\"pt-BR\"},{\"@type\":\"Person\",\"@id\":\"https:\\\/\\\/portalincluir.com.br\\\/#\\\/schema\\\/person\\\/8823664e5902eee555607fb75c4c35ae\",\"name\":\"Portal Incluir\",\"image\":{\"@type\":\"ImageObject\",\"inLanguage\":\"pt-BR\",\"@id\":\"https:\\\/\\\/secure.gravatar.com\\\/avatar\\\/12085fe17e70c3550551519fe1f8f51fae69b1748563a47fc3bea53d91fbcbbd?s=96&d=mm&r=g\",\"url\":\"https:\\\/\\\/secure.gravatar.com\\\/avatar\\\/12085fe17e70c3550551519fe1f8f51fae69b1748563a47fc3bea53d91fbcbbd?s=96&d=mm&r=g\",\"contentUrl\":\"https:\\\/\\\/secure.gravatar.com\\\/avatar\\\/12085fe17e70c3550551519fe1f8f51fae69b1748563a47fc3bea53d91fbcbbd?s=96&d=mm&r=g\",\"caption\":\"Portal Incluir\"},\"sameAs\":[\"http:\\\/\\\/portalincluir.com.br\"],\"url\":\"https:\\\/\\\/portalincluir.com.br\\\/index.php\\\/author\\\/portalincluir-com-br\\\/\"}]}<\/script>\n<!-- \/ Yoast SEO plugin. -->","yoast_head_json":{"title":"Namoro e defici\u00eancia na era da inclus\u00e3o: entre conquistas, barreiras e novas possibilidades - PORTAL INCLUIR","robots":{"index":"index","follow":"follow","max-snippet":"max-snippet:-1","max-image-preview":"max-image-preview:large","max-video-preview":"max-video-preview:-1"},"canonical":"https:\/\/portalincluir.com.br\/index.php\/2025\/12\/01\/namoro-e-deficiencia-na-era-da-inclusao-entre-conquistas-barreiras-e-novas-possibilidades\/","og_locale":"pt_BR","og_type":"article","og_title":"Namoro e defici\u00eancia na era da inclus\u00e3o: entre conquistas, barreiras e novas possibilidades - PORTAL INCLUIR","og_description":"Nos \u00faltimos anos, o avan\u00e7o das pol\u00edticas de inclus\u00e3o, a amplia\u00e7\u00e3o da presen\u00e7a social das","og_url":"https:\/\/portalincluir.com.br\/index.php\/2025\/12\/01\/namoro-e-deficiencia-na-era-da-inclusao-entre-conquistas-barreiras-e-novas-possibilidades\/","og_site_name":"PORTAL INCLUIR","article_published_time":"2025-12-02T01:23:50+00:00","article_modified_time":"2025-12-02T01:27:07+00:00","og_image":[{"width":1440,"height":960,"url":"https:\/\/portalincluir.com.br\/wp-content\/uploads\/2025\/12\/namorados-e1764636503970.jpg","type":"image\/jpeg"}],"author":"Portal Incluir","twitter_card":"summary_large_image","twitter_misc":{"Escrito por":"Portal Incluir","Est. tempo de leitura":"6 minutos"},"schema":{"@context":"https:\/\/schema.org","@graph":[{"@type":["Article","BlogPosting"],"@id":"https:\/\/portalincluir.com.br\/index.php\/2025\/12\/01\/namoro-e-deficiencia-na-era-da-inclusao-entre-conquistas-barreiras-e-novas-possibilidades\/#article","isPartOf":{"@id":"https:\/\/portalincluir.com.br\/index.php\/2025\/12\/01\/namoro-e-deficiencia-na-era-da-inclusao-entre-conquistas-barreiras-e-novas-possibilidades\/"},"author":{"name":"Portal Incluir","@id":"https:\/\/portalincluir.com.br\/#\/schema\/person\/8823664e5902eee555607fb75c4c35ae"},"headline":"Namoro e defici\u00eancia na era da inclus\u00e3o: entre conquistas, barreiras e novas possibilidades","datePublished":"2025-12-02T01:23:50+00:00","dateModified":"2025-12-02T01:27:07+00:00","mainEntityOfPage":{"@id":"https:\/\/portalincluir.com.br\/index.php\/2025\/12\/01\/namoro-e-deficiencia-na-era-da-inclusao-entre-conquistas-barreiras-e-novas-possibilidades\/"},"wordCount":1057,"commentCount":0,"image":{"@id":"https:\/\/portalincluir.com.br\/index.php\/2025\/12\/01\/namoro-e-deficiencia-na-era-da-inclusao-entre-conquistas-barreiras-e-novas-possibilidades\/#primaryimage"},"thumbnailUrl":"https:\/\/portalincluir.com.br\/wp-content\/uploads\/2025\/12\/namorados-e1764636503970.jpg","articleSection":["Opini\u00e3o","Portal"],"inLanguage":"pt-BR","potentialAction":[{"@type":"CommentAction","name":"Comment","target":["https:\/\/portalincluir.com.br\/index.php\/2025\/12\/01\/namoro-e-deficiencia-na-era-da-inclusao-entre-conquistas-barreiras-e-novas-possibilidades\/#respond"]}]},{"@type":"WebPage","@id":"https:\/\/portalincluir.com.br\/index.php\/2025\/12\/01\/namoro-e-deficiencia-na-era-da-inclusao-entre-conquistas-barreiras-e-novas-possibilidades\/","url":"https:\/\/portalincluir.com.br\/index.php\/2025\/12\/01\/namoro-e-deficiencia-na-era-da-inclusao-entre-conquistas-barreiras-e-novas-possibilidades\/","name":"Namoro e defici\u00eancia na era da inclus\u00e3o: entre conquistas, barreiras e novas possibilidades - PORTAL INCLUIR","isPartOf":{"@id":"https:\/\/portalincluir.com.br\/#website"},"primaryImageOfPage":{"@id":"https:\/\/portalincluir.com.br\/index.php\/2025\/12\/01\/namoro-e-deficiencia-na-era-da-inclusao-entre-conquistas-barreiras-e-novas-possibilidades\/#primaryimage"},"image":{"@id":"https:\/\/portalincluir.com.br\/index.php\/2025\/12\/01\/namoro-e-deficiencia-na-era-da-inclusao-entre-conquistas-barreiras-e-novas-possibilidades\/#primaryimage"},"thumbnailUrl":"https:\/\/portalincluir.com.br\/wp-content\/uploads\/2025\/12\/namorados-e1764636503970.jpg","datePublished":"2025-12-02T01:23:50+00:00","dateModified":"2025-12-02T01:27:07+00:00","author":{"@id":"https:\/\/portalincluir.com.br\/#\/schema\/person\/8823664e5902eee555607fb75c4c35ae"},"breadcrumb":{"@id":"https:\/\/portalincluir.com.br\/index.php\/2025\/12\/01\/namoro-e-deficiencia-na-era-da-inclusao-entre-conquistas-barreiras-e-novas-possibilidades\/#breadcrumb"},"inLanguage":"pt-BR","potentialAction":[{"@type":"ReadAction","target":["https:\/\/portalincluir.com.br\/index.php\/2025\/12\/01\/namoro-e-deficiencia-na-era-da-inclusao-entre-conquistas-barreiras-e-novas-possibilidades\/"]}]},{"@type":"ImageObject","inLanguage":"pt-BR","@id":"https:\/\/portalincluir.com.br\/index.php\/2025\/12\/01\/namoro-e-deficiencia-na-era-da-inclusao-entre-conquistas-barreiras-e-novas-possibilidades\/#primaryimage","url":"https:\/\/portalincluir.com.br\/wp-content\/uploads\/2025\/12\/namorados-e1764636503970.jpg","contentUrl":"https:\/\/portalincluir.com.br\/wp-content\/uploads\/2025\/12\/namorados-e1764636503970.jpg","width":1440,"height":960},{"@type":"BreadcrumbList","@id":"https:\/\/portalincluir.com.br\/index.php\/2025\/12\/01\/namoro-e-deficiencia-na-era-da-inclusao-entre-conquistas-barreiras-e-novas-possibilidades\/#breadcrumb","itemListElement":[{"@type":"ListItem","position":1,"name":"In\u00edcio","item":"https:\/\/portalincluir.com.br\/"},{"@type":"ListItem","position":2,"name":"Namoro e defici\u00eancia na era da inclus\u00e3o: entre conquistas, barreiras e novas possibilidades"}]},{"@type":"WebSite","@id":"https:\/\/portalincluir.com.br\/#website","url":"https:\/\/portalincluir.com.br\/","name":"PORTAL INCLUIR","description":"","potentialAction":[{"@type":"SearchAction","target":{"@type":"EntryPoint","urlTemplate":"https:\/\/portalincluir.com.br\/?s={search_term_string}"},"query-input":{"@type":"PropertyValueSpecification","valueRequired":true,"valueName":"search_term_string"}}],"inLanguage":"pt-BR"},{"@type":"Person","@id":"https:\/\/portalincluir.com.br\/#\/schema\/person\/8823664e5902eee555607fb75c4c35ae","name":"Portal Incluir","image":{"@type":"ImageObject","inLanguage":"pt-BR","@id":"https:\/\/secure.gravatar.com\/avatar\/12085fe17e70c3550551519fe1f8f51fae69b1748563a47fc3bea53d91fbcbbd?s=96&d=mm&r=g","url":"https:\/\/secure.gravatar.com\/avatar\/12085fe17e70c3550551519fe1f8f51fae69b1748563a47fc3bea53d91fbcbbd?s=96&d=mm&r=g","contentUrl":"https:\/\/secure.gravatar.com\/avatar\/12085fe17e70c3550551519fe1f8f51fae69b1748563a47fc3bea53d91fbcbbd?s=96&d=mm&r=g","caption":"Portal Incluir"},"sameAs":["http:\/\/portalincluir.com.br"],"url":"https:\/\/portalincluir.com.br\/index.php\/author\/portalincluir-com-br\/"}]}},"_links":{"self":[{"href":"https:\/\/portalincluir.com.br\/index.php\/wp-json\/wp\/v2\/posts\/774","targetHints":{"allow":["GET"]}}],"collection":[{"href":"https:\/\/portalincluir.com.br\/index.php\/wp-json\/wp\/v2\/posts"}],"about":[{"href":"https:\/\/portalincluir.com.br\/index.php\/wp-json\/wp\/v2\/types\/post"}],"author":[{"embeddable":true,"href":"https:\/\/portalincluir.com.br\/index.php\/wp-json\/wp\/v2\/users\/1"}],"replies":[{"embeddable":true,"href":"https:\/\/portalincluir.com.br\/index.php\/wp-json\/wp\/v2\/comments?post=774"}],"version-history":[{"count":3,"href":"https:\/\/portalincluir.com.br\/index.php\/wp-json\/wp\/v2\/posts\/774\/revisions"}],"predecessor-version":[{"id":779,"href":"https:\/\/portalincluir.com.br\/index.php\/wp-json\/wp\/v2\/posts\/774\/revisions\/779"}],"wp:featuredmedia":[{"embeddable":true,"href":"https:\/\/portalincluir.com.br\/index.php\/wp-json\/wp\/v2\/media\/775"}],"wp:attachment":[{"href":"https:\/\/portalincluir.com.br\/index.php\/wp-json\/wp\/v2\/media?parent=774"}],"wp:term":[{"taxonomy":"category","embeddable":true,"href":"https:\/\/portalincluir.com.br\/index.php\/wp-json\/wp\/v2\/categories?post=774"},{"taxonomy":"post_tag","embeddable":true,"href":"https:\/\/portalincluir.com.br\/index.php\/wp-json\/wp\/v2\/tags?post=774"}],"curies":[{"name":"wp","href":"https:\/\/api.w.org\/{rel}","templated":true}]}}