{"id":780,"date":"2025-12-01T22:31:43","date_gmt":"2025-12-02T01:31:43","guid":{"rendered":"https:\/\/portalincluir.com.br\/?p=780"},"modified":"2025-12-01T22:31:43","modified_gmt":"2025-12-02T01:31:43","slug":"o-que-e-envelhecer","status":"publish","type":"post","link":"https:\/\/portalincluir.com.br\/index.php\/2025\/12\/01\/o-que-e-envelhecer\/","title":{"rendered":"O que \u00e9 envelhecer?"},"content":{"rendered":"\n<p>O envelhecimento populacional \u00e9 uma realidade com a qual a sociedade e o Estado se deparam. Nos \u00e2mbitos mais restritos o impacto desta situa\u00e7\u00e3o se revela: a bisavosidade est\u00e1 presente na fam\u00edlia e as crian\u00e7as hoje convivem com bisav\u00f3s, entrando em contato com quatro gera\u00e7\u00f5es. O cen\u00e1rio demogr\u00e1fico &#8211; pelo Censo de 2022 (IBGE, 2023), o n\u00famero de pessoas com 65 anos ou mais de idade cresceu 57,4% em 12 anos &#8211;&nbsp; favorece a viv\u00eancia multigeracional dentro das fam\u00edlias, podendo ser encontradas nelas quatro ou at\u00e9 cinco gera\u00e7\u00f5es convivendo.<\/p>\n\n\n\n<p>Em n\u00edvel individual, o processo de envelhecimento e a condi\u00e7\u00e3o de ser idoso constituem uma experi\u00eancia e uma fase do ciclo de vida da pessoa. Muitos se aposentam e n\u00e3o deixam de trabalhar porque o mercado busca por empregados experientes; as Universidades da Maturidade oferecem oportunidade de educa\u00e7\u00e3o continuada e as Institui\u00e7\u00f5es de Ensino Superior recebem, cada vez, mais alunos s\u00eaniores; os grupos de apoio, as redes de cultura, as vilas residenciais, tornaram-se op\u00e7\u00f5es que minoram as situa\u00e7\u00f5es de isolamento e abandono.<\/p>\n\n\n\n<p>Entretanto, a sociedade, como um todo, ainda necessita refletir a respeito do aumento generalizado da esperan\u00e7a de vida, associado \u00e0 diminui\u00e7\u00e3o da fecundidade, trazendo consequ\u00eancias complexas com custos individuais e coletivos . Assim, o envelhecimento da popula\u00e7\u00e3o, apresenta-se como um fen\u00f4meno social \u00fanico com uma dimens\u00e3o global e representa simultaneamente um desafio pol\u00edtico, socioecon\u00f4mico e da sa\u00fade, para o qual ainda n\u00e3o temos as respostas.<\/p>\n\n\n\n<p>Na cultura contempor\u00e2nea, o culto \u00e0 juventude alimenta estere\u00f3tipos negativos sobre o envelhecimento, frequentemente sugerindo que envelhecer \u00e9 algo a se evitar. As pessoas idosas s\u00e3o comumente retratadas em pap\u00e9is de passividade ou depend\u00eancia, o que refor\u00e7a leituras estereotipadas e negativas, gerando um novo preconceito social: O age\u00edsmo. Este termo significa preconceito ou discrimina\u00e7\u00e3o contra um grupo et\u00e1rio espec\u00edfico, especialmente os idosos. Pode tamb\u00e9m ser significado como preconceito ou discrimina\u00e7\u00e3o com base na idade de uma pessoa. Especificamente, discrimina\u00e7\u00e3o contra pessoas por serem idosas. A exclus\u00e3o digital emerge como manifesta\u00e7\u00e3o de age\u00edsmo com efeitos sobre dignidade e autonomia. Em ambiente social crescentemente digital, muitas pessoas idosas enfrentam barreiras de acesso e de uso de tecnologias, o que restringe o acesso a servi\u00e7os, a participa\u00e7\u00e3o econ\u00f4mica e c\u00edvica e pode intensificar o isolamento.<\/p>\n\n\n\n<p>Este \u00e9 o grande desafio que se nos apresenta o fen\u00f4meno da longevidade: Conviver com os idosos, valorizando-os e respeitando-os, considerando a contribui\u00e7\u00e3o que deram e que ainda podem oferecer \u00e0 fam\u00edlia e \u00e0 sociedade,&nbsp; permitindo que&nbsp; cultivem um sentimento de realiza\u00e7\u00e3o ao longo dos anos.<\/p>\n\n\n\n<p>Precisamos encontrar um prop\u00f3sito para a velhice !<\/p>\n\n\n\n<p><strong>J\u00falia Eug\u00eania Gon\u00e7alves<\/strong> \u00e9 Mestra em Educa\u00e7\u00e3o. Autora do livro \u201cPsicopedagogia Para Adultos e Idosos&#8221; (Wak Editora)<\/p>\n\n\n\n<p><\/p>\n","protected":false},"excerpt":{"rendered":"<p>O envelhecimento populacional \u00e9 uma realidade com a qual a sociedade e o Estado se<\/p>\n","protected":false},"author":1,"featured_media":781,"comment_status":"open","ping_status":"open","sticky":false,"template":"","format":"standard","meta":{"om_disable_all_campaigns":false,"_monsterinsights_skip_tracking":false,"_monsterinsights_sitenote_active":false,"_monsterinsights_sitenote_note":"","_monsterinsights_sitenote_category":0,"_uf_show_specific_survey":0,"_uf_disable_surveys":false,"footnotes":""},"categories":[9,21],"tags":[],"class_list":["post-780","post","type-post","status-publish","format-standard","has-post-thumbnail","hentry","category-noticias","category-opiniao"],"yoast_head":"<!-- This site is optimized with the Yoast SEO plugin v27.4 - https:\/\/yoast.com\/product\/yoast-seo-wordpress\/ -->\n<title>O que \u00e9 envelhecer? - PORTAL INCLUIR<\/title>\n<meta name=\"robots\" content=\"index, follow, max-snippet:-1, max-image-preview:large, max-video-preview:-1\" \/>\n<link rel=\"canonical\" href=\"https:\/\/portalincluir.com.br\/index.php\/2025\/12\/01\/o-que-e-envelhecer\/\" \/>\n<meta property=\"og:locale\" content=\"pt_BR\" \/>\n<meta property=\"og:type\" content=\"article\" \/>\n<meta property=\"og:title\" content=\"O que \u00e9 envelhecer? - PORTAL INCLUIR\" \/>\n<meta property=\"og:description\" content=\"O envelhecimento populacional \u00e9 uma realidade com a qual a sociedade e o Estado se\" \/>\n<meta property=\"og:url\" content=\"https:\/\/portalincluir.com.br\/index.php\/2025\/12\/01\/o-que-e-envelhecer\/\" \/>\n<meta property=\"og:site_name\" content=\"PORTAL INCLUIR\" \/>\n<meta property=\"article:published_time\" content=\"2025-12-02T01:31:43+00:00\" \/>\n<meta property=\"og:image\" content=\"https:\/\/portalincluir.com.br\/wp-content\/uploads\/2025\/12\/Julia-Eugenia.jpg\" \/>\n\t<meta property=\"og:image:width\" content=\"399\" \/>\n\t<meta property=\"og:image:height\" content=\"495\" \/>\n\t<meta property=\"og:image:type\" content=\"image\/jpeg\" \/>\n<meta name=\"author\" content=\"Portal Incluir\" \/>\n<meta name=\"twitter:card\" content=\"summary_large_image\" \/>\n<meta name=\"twitter:label1\" content=\"Escrito por\" \/>\n\t<meta name=\"twitter:data1\" content=\"Portal Incluir\" \/>\n\t<meta name=\"twitter:label2\" content=\"Est. tempo de leitura\" \/>\n\t<meta name=\"twitter:data2\" content=\"3 minutos\" \/>\n<script type=\"application\/ld+json\" class=\"yoast-schema-graph\">{\"@context\":\"https:\\\/\\\/schema.org\",\"@graph\":[{\"@type\":[\"Article\",\"BlogPosting\"],\"@id\":\"https:\\\/\\\/portalincluir.com.br\\\/index.php\\\/2025\\\/12\\\/01\\\/o-que-e-envelhecer\\\/#article\",\"isPartOf\":{\"@id\":\"https:\\\/\\\/portalincluir.com.br\\\/index.php\\\/2025\\\/12\\\/01\\\/o-que-e-envelhecer\\\/\"},\"author\":{\"name\":\"Portal Incluir\",\"@id\":\"https:\\\/\\\/portalincluir.com.br\\\/#\\\/schema\\\/person\\\/8823664e5902eee555607fb75c4c35ae\"},\"headline\":\"O que \u00e9 envelhecer?\",\"datePublished\":\"2025-12-02T01:31:43+00:00\",\"mainEntityOfPage\":{\"@id\":\"https:\\\/\\\/portalincluir.com.br\\\/index.php\\\/2025\\\/12\\\/01\\\/o-que-e-envelhecer\\\/\"},\"wordCount\":489,\"commentCount\":0,\"image\":{\"@id\":\"https:\\\/\\\/portalincluir.com.br\\\/index.php\\\/2025\\\/12\\\/01\\\/o-que-e-envelhecer\\\/#primaryimage\"},\"thumbnailUrl\":\"https:\\\/\\\/portalincluir.com.br\\\/wp-content\\\/uploads\\\/2025\\\/12\\\/Julia-Eugenia.jpg\",\"articleSection\":[\"Not\u00edcias\",\"Opini\u00e3o\"],\"inLanguage\":\"pt-BR\",\"potentialAction\":[{\"@type\":\"CommentAction\",\"name\":\"Comment\",\"target\":[\"https:\\\/\\\/portalincluir.com.br\\\/index.php\\\/2025\\\/12\\\/01\\\/o-que-e-envelhecer\\\/#respond\"]}]},{\"@type\":\"WebPage\",\"@id\":\"https:\\\/\\\/portalincluir.com.br\\\/index.php\\\/2025\\\/12\\\/01\\\/o-que-e-envelhecer\\\/\",\"url\":\"https:\\\/\\\/portalincluir.com.br\\\/index.php\\\/2025\\\/12\\\/01\\\/o-que-e-envelhecer\\\/\",\"name\":\"O que \u00e9 envelhecer? - PORTAL INCLUIR\",\"isPartOf\":{\"@id\":\"https:\\\/\\\/portalincluir.com.br\\\/#website\"},\"primaryImageOfPage\":{\"@id\":\"https:\\\/\\\/portalincluir.com.br\\\/index.php\\\/2025\\\/12\\\/01\\\/o-que-e-envelhecer\\\/#primaryimage\"},\"image\":{\"@id\":\"https:\\\/\\\/portalincluir.com.br\\\/index.php\\\/2025\\\/12\\\/01\\\/o-que-e-envelhecer\\\/#primaryimage\"},\"thumbnailUrl\":\"https:\\\/\\\/portalincluir.com.br\\\/wp-content\\\/uploads\\\/2025\\\/12\\\/Julia-Eugenia.jpg\",\"datePublished\":\"2025-12-02T01:31:43+00:00\",\"author\":{\"@id\":\"https:\\\/\\\/portalincluir.com.br\\\/#\\\/schema\\\/person\\\/8823664e5902eee555607fb75c4c35ae\"},\"breadcrumb\":{\"@id\":\"https:\\\/\\\/portalincluir.com.br\\\/index.php\\\/2025\\\/12\\\/01\\\/o-que-e-envelhecer\\\/#breadcrumb\"},\"inLanguage\":\"pt-BR\",\"potentialAction\":[{\"@type\":\"ReadAction\",\"target\":[\"https:\\\/\\\/portalincluir.com.br\\\/index.php\\\/2025\\\/12\\\/01\\\/o-que-e-envelhecer\\\/\"]}]},{\"@type\":\"ImageObject\",\"inLanguage\":\"pt-BR\",\"@id\":\"https:\\\/\\\/portalincluir.com.br\\\/index.php\\\/2025\\\/12\\\/01\\\/o-que-e-envelhecer\\\/#primaryimage\",\"url\":\"https:\\\/\\\/portalincluir.com.br\\\/wp-content\\\/uploads\\\/2025\\\/12\\\/Julia-Eugenia.jpg\",\"contentUrl\":\"https:\\\/\\\/portalincluir.com.br\\\/wp-content\\\/uploads\\\/2025\\\/12\\\/Julia-Eugenia.jpg\",\"width\":399,\"height\":495},{\"@type\":\"BreadcrumbList\",\"@id\":\"https:\\\/\\\/portalincluir.com.br\\\/index.php\\\/2025\\\/12\\\/01\\\/o-que-e-envelhecer\\\/#breadcrumb\",\"itemListElement\":[{\"@type\":\"ListItem\",\"position\":1,\"name\":\"In\u00edcio\",\"item\":\"https:\\\/\\\/portalincluir.com.br\\\/\"},{\"@type\":\"ListItem\",\"position\":2,\"name\":\"O que \u00e9 envelhecer?\"}]},{\"@type\":\"WebSite\",\"@id\":\"https:\\\/\\\/portalincluir.com.br\\\/#website\",\"url\":\"https:\\\/\\\/portalincluir.com.br\\\/\",\"name\":\"PORTAL INCLUIR\",\"description\":\"\",\"potentialAction\":[{\"@type\":\"SearchAction\",\"target\":{\"@type\":\"EntryPoint\",\"urlTemplate\":\"https:\\\/\\\/portalincluir.com.br\\\/?s={search_term_string}\"},\"query-input\":{\"@type\":\"PropertyValueSpecification\",\"valueRequired\":true,\"valueName\":\"search_term_string\"}}],\"inLanguage\":\"pt-BR\"},{\"@type\":\"Person\",\"@id\":\"https:\\\/\\\/portalincluir.com.br\\\/#\\\/schema\\\/person\\\/8823664e5902eee555607fb75c4c35ae\",\"name\":\"Portal Incluir\",\"image\":{\"@type\":\"ImageObject\",\"inLanguage\":\"pt-BR\",\"@id\":\"https:\\\/\\\/secure.gravatar.com\\\/avatar\\\/12085fe17e70c3550551519fe1f8f51fae69b1748563a47fc3bea53d91fbcbbd?s=96&d=mm&r=g\",\"url\":\"https:\\\/\\\/secure.gravatar.com\\\/avatar\\\/12085fe17e70c3550551519fe1f8f51fae69b1748563a47fc3bea53d91fbcbbd?s=96&d=mm&r=g\",\"contentUrl\":\"https:\\\/\\\/secure.gravatar.com\\\/avatar\\\/12085fe17e70c3550551519fe1f8f51fae69b1748563a47fc3bea53d91fbcbbd?s=96&d=mm&r=g\",\"caption\":\"Portal Incluir\"},\"sameAs\":[\"http:\\\/\\\/portalincluir.com.br\"],\"url\":\"https:\\\/\\\/portalincluir.com.br\\\/index.php\\\/author\\\/portalincluir-com-br\\\/\"}]}<\/script>\n<!-- \/ Yoast SEO plugin. -->","yoast_head_json":{"title":"O que \u00e9 envelhecer? - PORTAL INCLUIR","robots":{"index":"index","follow":"follow","max-snippet":"max-snippet:-1","max-image-preview":"max-image-preview:large","max-video-preview":"max-video-preview:-1"},"canonical":"https:\/\/portalincluir.com.br\/index.php\/2025\/12\/01\/o-que-e-envelhecer\/","og_locale":"pt_BR","og_type":"article","og_title":"O que \u00e9 envelhecer? - PORTAL INCLUIR","og_description":"O envelhecimento populacional \u00e9 uma realidade com a qual a sociedade e o Estado se","og_url":"https:\/\/portalincluir.com.br\/index.php\/2025\/12\/01\/o-que-e-envelhecer\/","og_site_name":"PORTAL INCLUIR","article_published_time":"2025-12-02T01:31:43+00:00","og_image":[{"width":399,"height":495,"url":"https:\/\/portalincluir.com.br\/wp-content\/uploads\/2025\/12\/Julia-Eugenia.jpg","type":"image\/jpeg"}],"author":"Portal Incluir","twitter_card":"summary_large_image","twitter_misc":{"Escrito por":"Portal Incluir","Est. tempo de leitura":"3 minutos"},"schema":{"@context":"https:\/\/schema.org","@graph":[{"@type":["Article","BlogPosting"],"@id":"https:\/\/portalincluir.com.br\/index.php\/2025\/12\/01\/o-que-e-envelhecer\/#article","isPartOf":{"@id":"https:\/\/portalincluir.com.br\/index.php\/2025\/12\/01\/o-que-e-envelhecer\/"},"author":{"name":"Portal Incluir","@id":"https:\/\/portalincluir.com.br\/#\/schema\/person\/8823664e5902eee555607fb75c4c35ae"},"headline":"O que \u00e9 envelhecer?","datePublished":"2025-12-02T01:31:43+00:00","mainEntityOfPage":{"@id":"https:\/\/portalincluir.com.br\/index.php\/2025\/12\/01\/o-que-e-envelhecer\/"},"wordCount":489,"commentCount":0,"image":{"@id":"https:\/\/portalincluir.com.br\/index.php\/2025\/12\/01\/o-que-e-envelhecer\/#primaryimage"},"thumbnailUrl":"https:\/\/portalincluir.com.br\/wp-content\/uploads\/2025\/12\/Julia-Eugenia.jpg","articleSection":["Not\u00edcias","Opini\u00e3o"],"inLanguage":"pt-BR","potentialAction":[{"@type":"CommentAction","name":"Comment","target":["https:\/\/portalincluir.com.br\/index.php\/2025\/12\/01\/o-que-e-envelhecer\/#respond"]}]},{"@type":"WebPage","@id":"https:\/\/portalincluir.com.br\/index.php\/2025\/12\/01\/o-que-e-envelhecer\/","url":"https:\/\/portalincluir.com.br\/index.php\/2025\/12\/01\/o-que-e-envelhecer\/","name":"O que \u00e9 envelhecer? - PORTAL INCLUIR","isPartOf":{"@id":"https:\/\/portalincluir.com.br\/#website"},"primaryImageOfPage":{"@id":"https:\/\/portalincluir.com.br\/index.php\/2025\/12\/01\/o-que-e-envelhecer\/#primaryimage"},"image":{"@id":"https:\/\/portalincluir.com.br\/index.php\/2025\/12\/01\/o-que-e-envelhecer\/#primaryimage"},"thumbnailUrl":"https:\/\/portalincluir.com.br\/wp-content\/uploads\/2025\/12\/Julia-Eugenia.jpg","datePublished":"2025-12-02T01:31:43+00:00","author":{"@id":"https:\/\/portalincluir.com.br\/#\/schema\/person\/8823664e5902eee555607fb75c4c35ae"},"breadcrumb":{"@id":"https:\/\/portalincluir.com.br\/index.php\/2025\/12\/01\/o-que-e-envelhecer\/#breadcrumb"},"inLanguage":"pt-BR","potentialAction":[{"@type":"ReadAction","target":["https:\/\/portalincluir.com.br\/index.php\/2025\/12\/01\/o-que-e-envelhecer\/"]}]},{"@type":"ImageObject","inLanguage":"pt-BR","@id":"https:\/\/portalincluir.com.br\/index.php\/2025\/12\/01\/o-que-e-envelhecer\/#primaryimage","url":"https:\/\/portalincluir.com.br\/wp-content\/uploads\/2025\/12\/Julia-Eugenia.jpg","contentUrl":"https:\/\/portalincluir.com.br\/wp-content\/uploads\/2025\/12\/Julia-Eugenia.jpg","width":399,"height":495},{"@type":"BreadcrumbList","@id":"https:\/\/portalincluir.com.br\/index.php\/2025\/12\/01\/o-que-e-envelhecer\/#breadcrumb","itemListElement":[{"@type":"ListItem","position":1,"name":"In\u00edcio","item":"https:\/\/portalincluir.com.br\/"},{"@type":"ListItem","position":2,"name":"O que \u00e9 envelhecer?"}]},{"@type":"WebSite","@id":"https:\/\/portalincluir.com.br\/#website","url":"https:\/\/portalincluir.com.br\/","name":"PORTAL INCLUIR","description":"","potentialAction":[{"@type":"SearchAction","target":{"@type":"EntryPoint","urlTemplate":"https:\/\/portalincluir.com.br\/?s={search_term_string}"},"query-input":{"@type":"PropertyValueSpecification","valueRequired":true,"valueName":"search_term_string"}}],"inLanguage":"pt-BR"},{"@type":"Person","@id":"https:\/\/portalincluir.com.br\/#\/schema\/person\/8823664e5902eee555607fb75c4c35ae","name":"Portal Incluir","image":{"@type":"ImageObject","inLanguage":"pt-BR","@id":"https:\/\/secure.gravatar.com\/avatar\/12085fe17e70c3550551519fe1f8f51fae69b1748563a47fc3bea53d91fbcbbd?s=96&d=mm&r=g","url":"https:\/\/secure.gravatar.com\/avatar\/12085fe17e70c3550551519fe1f8f51fae69b1748563a47fc3bea53d91fbcbbd?s=96&d=mm&r=g","contentUrl":"https:\/\/secure.gravatar.com\/avatar\/12085fe17e70c3550551519fe1f8f51fae69b1748563a47fc3bea53d91fbcbbd?s=96&d=mm&r=g","caption":"Portal Incluir"},"sameAs":["http:\/\/portalincluir.com.br"],"url":"https:\/\/portalincluir.com.br\/index.php\/author\/portalincluir-com-br\/"}]}},"_links":{"self":[{"href":"https:\/\/portalincluir.com.br\/index.php\/wp-json\/wp\/v2\/posts\/780","targetHints":{"allow":["GET"]}}],"collection":[{"href":"https:\/\/portalincluir.com.br\/index.php\/wp-json\/wp\/v2\/posts"}],"about":[{"href":"https:\/\/portalincluir.com.br\/index.php\/wp-json\/wp\/v2\/types\/post"}],"author":[{"embeddable":true,"href":"https:\/\/portalincluir.com.br\/index.php\/wp-json\/wp\/v2\/users\/1"}],"replies":[{"embeddable":true,"href":"https:\/\/portalincluir.com.br\/index.php\/wp-json\/wp\/v2\/comments?post=780"}],"version-history":[{"count":1,"href":"https:\/\/portalincluir.com.br\/index.php\/wp-json\/wp\/v2\/posts\/780\/revisions"}],"predecessor-version":[{"id":782,"href":"https:\/\/portalincluir.com.br\/index.php\/wp-json\/wp\/v2\/posts\/780\/revisions\/782"}],"wp:featuredmedia":[{"embeddable":true,"href":"https:\/\/portalincluir.com.br\/index.php\/wp-json\/wp\/v2\/media\/781"}],"wp:attachment":[{"href":"https:\/\/portalincluir.com.br\/index.php\/wp-json\/wp\/v2\/media?parent=780"}],"wp:term":[{"taxonomy":"category","embeddable":true,"href":"https:\/\/portalincluir.com.br\/index.php\/wp-json\/wp\/v2\/categories?post=780"},{"taxonomy":"post_tag","embeddable":true,"href":"https:\/\/portalincluir.com.br\/index.php\/wp-json\/wp\/v2\/tags?post=780"}],"curies":[{"name":"wp","href":"https:\/\/api.w.org\/{rel}","templated":true}]}}