{"id":787,"date":"2025-12-03T11:16:54","date_gmt":"2025-12-03T14:16:54","guid":{"rendered":"https:\/\/portalincluir.com.br\/?p=787"},"modified":"2025-12-03T11:16:55","modified_gmt":"2025-12-03T14:16:55","slug":"fundacao-sindrome-de-down-lanca-campanha-de-doacao-de-ir","status":"publish","type":"post","link":"https:\/\/portalincluir.com.br\/index.php\/2025\/12\/03\/fundacao-sindrome-de-down-lanca-campanha-de-doacao-de-ir\/","title":{"rendered":"Funda\u00e7\u00e3o S\u00edndrome de Down lan\u00e7a campanha de doa\u00e7\u00e3o de IR"},"content":{"rendered":"\n<p><strong>Empresas e pessoas f\u00edsicas podem contribuir com at\u00e9 3% do imposto para projetos da FSDown; Saiba mais aqui<\/strong><\/p>\n\n\n\n<p>A Funda\u00e7\u00e3o S\u00edndrome de Down anuncia o in\u00edcio de sua campanha anual de destina\u00e7\u00e3o do Imposto de Renda (IR), convidando empresas e pessoas f\u00edsicas a contribu\u00edrem, sem custo adicional, para projetos que promovem o desenvolvimento e a qualidade de vida de pessoas com s\u00edndrome de Down.<br>Por meio da declara\u00e7\u00e3o de Imposto de Renda, \u00e9 poss\u00edvel direcionar at\u00e9 3% do valor devido diretamente para a institui\u00e7\u00e3o. O procedimento n\u00e3o implica nenhum gasto extra ao contribuinte: o montante destinado \u00e9 abatido do imposto a pagar ou somado \u00e0 restitui\u00e7\u00e3o, garantindo que parte do tributo permane\u00e7a na comunidade e seja transformada em impacto social positivo.<\/p>\n\n\n\n<p>A destina\u00e7\u00e3o pode ser feita no momento da Declara\u00e7\u00e3o de Imposto de Renda Pessoa F\u00edsica (modelo completo). Basta acessar a se\u00e7\u00e3o \u201cDoa\u00e7\u00f5es Diretamente na Declara\u00e7\u00e3o\u201d, escolher o tipo de fundo \u201cFundo dos Direitos da Crian\u00e7a e do Adolescente\u201d, selecionar a esfera \u201cMunicipal\u201d e confirmar a doa\u00e7\u00e3o dentro do limite calculado automaticamente pelo sistema. Ao concluir, o contribuinte dever\u00e1 pagar o DARF gerado e enviar o comprovante, junto de uma carta indicando a destina\u00e7\u00e3o para a Funda\u00e7\u00e3o S\u00edndrome de Down (CNPJ 52.366.838\/0001-05), para o e-mail financeiro@fsdown.org.br.<\/p>\n\n\n\n<p>A Funda\u00e7\u00e3o refor\u00e7a que a iniciativa \u00e9 uma oportunidade de fortalecer programas e a\u00e7\u00f5es que garantem autonomia, inclus\u00e3o e acesso a servi\u00e7os essenciais \u00e0s pessoas com s\u00edndrome de Down, ampliando o alcance de projetos j\u00e1 consolidados e permitindo a implementa\u00e7\u00e3o de novas frentes de atua\u00e7\u00e3o. A FSDown convida toda a sociedade a participar e a transformar parte do Imposto de Renda em desenvolvimento, inclus\u00e3o e futuro.<\/p>\n\n\n\n<p>40 anos da Funda\u00e7\u00e3o S\u00edndrome de Down<br>Em 2025, a FSDown completa 40 anos de atua\u00e7\u00e3o na defesa de direitos e na promo\u00e7\u00e3o da inclus\u00e3o. O congresso marca esse anivers\u00e1rio reafirmando a import\u00e2ncia da participa\u00e7\u00e3o ativa das pessoas com defici\u00eancia nos debates sobre suas pr\u00f3prias vidas \u2014 um passo fundamental para a constru\u00e7\u00e3o de pol\u00edticas p\u00fablicas mais humanas e eficazes.<\/p>\n\n\n\n<p>Mais informa\u00e7\u00f5es sobre o processo de destina\u00e7\u00e3o e sobre os projetos apoiados podem ser obtidas pelos canais oficiais:<\/p>\n\n\n\n<p>Telefone: (19) 3790-2818<br>WhatsApp: (19) 99266-4914<br>E-mail: financeiro@fsdown.org.br<br>https:\/\/www.fsdown.org.br\/doe-ir\/<\/p>\n","protected":false},"excerpt":{"rendered":"<p>Empresas e pessoas f\u00edsicas podem contribuir com at\u00e9 3% do imposto para projetos da FSDown;<\/p>\n","protected":false},"author":1,"featured_media":788,"comment_status":"open","ping_status":"open","sticky":false,"template":"","format":"standard","meta":{"om_disable_all_campaigns":false,"_monsterinsights_skip_tracking":false,"_monsterinsights_sitenote_active":false,"_monsterinsights_sitenote_note":"","_monsterinsights_sitenote_category":0,"_uf_show_specific_survey":0,"_uf_disable_surveys":false,"footnotes":""},"categories":[9],"tags":[],"class_list":["post-787","post","type-post","status-publish","format-standard","has-post-thumbnail","hentry","category-noticias"],"yoast_head":"<!-- This site is optimized with the Yoast SEO plugin v27.4 - https:\/\/yoast.com\/product\/yoast-seo-wordpress\/ -->\n<title>Funda\u00e7\u00e3o S\u00edndrome de Down lan\u00e7a campanha de doa\u00e7\u00e3o de IR - PORTAL INCLUIR<\/title>\n<meta name=\"robots\" content=\"index, follow, max-snippet:-1, max-image-preview:large, max-video-preview:-1\" \/>\n<link rel=\"canonical\" href=\"https:\/\/portalincluir.com.br\/index.php\/2025\/12\/03\/fundacao-sindrome-de-down-lanca-campanha-de-doacao-de-ir\/\" \/>\n<meta property=\"og:locale\" content=\"pt_BR\" \/>\n<meta property=\"og:type\" content=\"article\" \/>\n<meta property=\"og:title\" content=\"Funda\u00e7\u00e3o S\u00edndrome de Down lan\u00e7a campanha de doa\u00e7\u00e3o de IR - PORTAL INCLUIR\" \/>\n<meta property=\"og:description\" content=\"Empresas e pessoas f\u00edsicas podem contribuir com at\u00e9 3% do imposto para projetos da FSDown;\" \/>\n<meta property=\"og:url\" content=\"https:\/\/portalincluir.com.br\/index.php\/2025\/12\/03\/fundacao-sindrome-de-down-lanca-campanha-de-doacao-de-ir\/\" \/>\n<meta property=\"og:site_name\" content=\"PORTAL INCLUIR\" \/>\n<meta property=\"article:published_time\" content=\"2025-12-03T14:16:54+00:00\" \/>\n<meta property=\"article:modified_time\" content=\"2025-12-03T14:16:55+00:00\" \/>\n<meta property=\"og:image\" content=\"https:\/\/portalincluir.com.br\/wp-content\/uploads\/2025\/12\/fsdown.jpg\" \/>\n\t<meta property=\"og:image:width\" content=\"1600\" \/>\n\t<meta property=\"og:image:height\" content=\"1066\" \/>\n\t<meta property=\"og:image:type\" content=\"image\/jpeg\" \/>\n<meta name=\"author\" content=\"Portal Incluir\" \/>\n<meta name=\"twitter:card\" content=\"summary_large_image\" \/>\n<meta name=\"twitter:label1\" content=\"Escrito por\" \/>\n\t<meta name=\"twitter:data1\" content=\"Portal Incluir\" \/>\n\t<meta name=\"twitter:label2\" content=\"Est. tempo de leitura\" \/>\n\t<meta name=\"twitter:data2\" content=\"3 minutos\" \/>\n<script type=\"application\/ld+json\" class=\"yoast-schema-graph\">{\"@context\":\"https:\\\/\\\/schema.org\",\"@graph\":[{\"@type\":[\"Article\",\"BlogPosting\"],\"@id\":\"https:\\\/\\\/portalincluir.com.br\\\/index.php\\\/2025\\\/12\\\/03\\\/fundacao-sindrome-de-down-lanca-campanha-de-doacao-de-ir\\\/#article\",\"isPartOf\":{\"@id\":\"https:\\\/\\\/portalincluir.com.br\\\/index.php\\\/2025\\\/12\\\/03\\\/fundacao-sindrome-de-down-lanca-campanha-de-doacao-de-ir\\\/\"},\"author\":{\"name\":\"Portal Incluir\",\"@id\":\"https:\\\/\\\/portalincluir.com.br\\\/#\\\/schema\\\/person\\\/8823664e5902eee555607fb75c4c35ae\"},\"headline\":\"Funda\u00e7\u00e3o S\u00edndrome de Down lan\u00e7a campanha de doa\u00e7\u00e3o de IR\",\"datePublished\":\"2025-12-03T14:16:54+00:00\",\"dateModified\":\"2025-12-03T14:16:55+00:00\",\"mainEntityOfPage\":{\"@id\":\"https:\\\/\\\/portalincluir.com.br\\\/index.php\\\/2025\\\/12\\\/03\\\/fundacao-sindrome-de-down-lanca-campanha-de-doacao-de-ir\\\/\"},\"wordCount\":419,\"commentCount\":0,\"image\":{\"@id\":\"https:\\\/\\\/portalincluir.com.br\\\/index.php\\\/2025\\\/12\\\/03\\\/fundacao-sindrome-de-down-lanca-campanha-de-doacao-de-ir\\\/#primaryimage\"},\"thumbnailUrl\":\"https:\\\/\\\/portalincluir.com.br\\\/wp-content\\\/uploads\\\/2025\\\/12\\\/fsdown.jpg\",\"articleSection\":[\"Not\u00edcias\"],\"inLanguage\":\"pt-BR\",\"potentialAction\":[{\"@type\":\"CommentAction\",\"name\":\"Comment\",\"target\":[\"https:\\\/\\\/portalincluir.com.br\\\/index.php\\\/2025\\\/12\\\/03\\\/fundacao-sindrome-de-down-lanca-campanha-de-doacao-de-ir\\\/#respond\"]}]},{\"@type\":\"WebPage\",\"@id\":\"https:\\\/\\\/portalincluir.com.br\\\/index.php\\\/2025\\\/12\\\/03\\\/fundacao-sindrome-de-down-lanca-campanha-de-doacao-de-ir\\\/\",\"url\":\"https:\\\/\\\/portalincluir.com.br\\\/index.php\\\/2025\\\/12\\\/03\\\/fundacao-sindrome-de-down-lanca-campanha-de-doacao-de-ir\\\/\",\"name\":\"Funda\u00e7\u00e3o S\u00edndrome de Down lan\u00e7a campanha de doa\u00e7\u00e3o de IR - PORTAL INCLUIR\",\"isPartOf\":{\"@id\":\"https:\\\/\\\/portalincluir.com.br\\\/#website\"},\"primaryImageOfPage\":{\"@id\":\"https:\\\/\\\/portalincluir.com.br\\\/index.php\\\/2025\\\/12\\\/03\\\/fundacao-sindrome-de-down-lanca-campanha-de-doacao-de-ir\\\/#primaryimage\"},\"image\":{\"@id\":\"https:\\\/\\\/portalincluir.com.br\\\/index.php\\\/2025\\\/12\\\/03\\\/fundacao-sindrome-de-down-lanca-campanha-de-doacao-de-ir\\\/#primaryimage\"},\"thumbnailUrl\":\"https:\\\/\\\/portalincluir.com.br\\\/wp-content\\\/uploads\\\/2025\\\/12\\\/fsdown.jpg\",\"datePublished\":\"2025-12-03T14:16:54+00:00\",\"dateModified\":\"2025-12-03T14:16:55+00:00\",\"author\":{\"@id\":\"https:\\\/\\\/portalincluir.com.br\\\/#\\\/schema\\\/person\\\/8823664e5902eee555607fb75c4c35ae\"},\"breadcrumb\":{\"@id\":\"https:\\\/\\\/portalincluir.com.br\\\/index.php\\\/2025\\\/12\\\/03\\\/fundacao-sindrome-de-down-lanca-campanha-de-doacao-de-ir\\\/#breadcrumb\"},\"inLanguage\":\"pt-BR\",\"potentialAction\":[{\"@type\":\"ReadAction\",\"target\":[\"https:\\\/\\\/portalincluir.com.br\\\/index.php\\\/2025\\\/12\\\/03\\\/fundacao-sindrome-de-down-lanca-campanha-de-doacao-de-ir\\\/\"]}]},{\"@type\":\"ImageObject\",\"inLanguage\":\"pt-BR\",\"@id\":\"https:\\\/\\\/portalincluir.com.br\\\/index.php\\\/2025\\\/12\\\/03\\\/fundacao-sindrome-de-down-lanca-campanha-de-doacao-de-ir\\\/#primaryimage\",\"url\":\"https:\\\/\\\/portalincluir.com.br\\\/wp-content\\\/uploads\\\/2025\\\/12\\\/fsdown.jpg\",\"contentUrl\":\"https:\\\/\\\/portalincluir.com.br\\\/wp-content\\\/uploads\\\/2025\\\/12\\\/fsdown.jpg\",\"width\":1600,\"height\":1066,\"caption\":\"Foto: Renata Christina Leandro\"},{\"@type\":\"BreadcrumbList\",\"@id\":\"https:\\\/\\\/portalincluir.com.br\\\/index.php\\\/2025\\\/12\\\/03\\\/fundacao-sindrome-de-down-lanca-campanha-de-doacao-de-ir\\\/#breadcrumb\",\"itemListElement\":[{\"@type\":\"ListItem\",\"position\":1,\"name\":\"In\u00edcio\",\"item\":\"https:\\\/\\\/portalincluir.com.br\\\/\"},{\"@type\":\"ListItem\",\"position\":2,\"name\":\"Funda\u00e7\u00e3o S\u00edndrome de Down lan\u00e7a campanha de doa\u00e7\u00e3o de IR\"}]},{\"@type\":\"WebSite\",\"@id\":\"https:\\\/\\\/portalincluir.com.br\\\/#website\",\"url\":\"https:\\\/\\\/portalincluir.com.br\\\/\",\"name\":\"PORTAL INCLUIR\",\"description\":\"\",\"potentialAction\":[{\"@type\":\"SearchAction\",\"target\":{\"@type\":\"EntryPoint\",\"urlTemplate\":\"https:\\\/\\\/portalincluir.com.br\\\/?s={search_term_string}\"},\"query-input\":{\"@type\":\"PropertyValueSpecification\",\"valueRequired\":true,\"valueName\":\"search_term_string\"}}],\"inLanguage\":\"pt-BR\"},{\"@type\":\"Person\",\"@id\":\"https:\\\/\\\/portalincluir.com.br\\\/#\\\/schema\\\/person\\\/8823664e5902eee555607fb75c4c35ae\",\"name\":\"Portal Incluir\",\"image\":{\"@type\":\"ImageObject\",\"inLanguage\":\"pt-BR\",\"@id\":\"https:\\\/\\\/secure.gravatar.com\\\/avatar\\\/12085fe17e70c3550551519fe1f8f51fae69b1748563a47fc3bea53d91fbcbbd?s=96&d=mm&r=g\",\"url\":\"https:\\\/\\\/secure.gravatar.com\\\/avatar\\\/12085fe17e70c3550551519fe1f8f51fae69b1748563a47fc3bea53d91fbcbbd?s=96&d=mm&r=g\",\"contentUrl\":\"https:\\\/\\\/secure.gravatar.com\\\/avatar\\\/12085fe17e70c3550551519fe1f8f51fae69b1748563a47fc3bea53d91fbcbbd?s=96&d=mm&r=g\",\"caption\":\"Portal Incluir\"},\"sameAs\":[\"http:\\\/\\\/portalincluir.com.br\"],\"url\":\"https:\\\/\\\/portalincluir.com.br\\\/index.php\\\/author\\\/portalincluir-com-br\\\/\"}]}<\/script>\n<!-- \/ Yoast SEO plugin. -->","yoast_head_json":{"title":"Funda\u00e7\u00e3o S\u00edndrome de Down lan\u00e7a campanha de doa\u00e7\u00e3o de IR - PORTAL INCLUIR","robots":{"index":"index","follow":"follow","max-snippet":"max-snippet:-1","max-image-preview":"max-image-preview:large","max-video-preview":"max-video-preview:-1"},"canonical":"https:\/\/portalincluir.com.br\/index.php\/2025\/12\/03\/fundacao-sindrome-de-down-lanca-campanha-de-doacao-de-ir\/","og_locale":"pt_BR","og_type":"article","og_title":"Funda\u00e7\u00e3o S\u00edndrome de Down lan\u00e7a campanha de doa\u00e7\u00e3o de IR - PORTAL INCLUIR","og_description":"Empresas e pessoas f\u00edsicas podem contribuir com at\u00e9 3% do imposto para projetos da FSDown;","og_url":"https:\/\/portalincluir.com.br\/index.php\/2025\/12\/03\/fundacao-sindrome-de-down-lanca-campanha-de-doacao-de-ir\/","og_site_name":"PORTAL INCLUIR","article_published_time":"2025-12-03T14:16:54+00:00","article_modified_time":"2025-12-03T14:16:55+00:00","og_image":[{"width":1600,"height":1066,"url":"https:\/\/portalincluir.com.br\/wp-content\/uploads\/2025\/12\/fsdown.jpg","type":"image\/jpeg"}],"author":"Portal Incluir","twitter_card":"summary_large_image","twitter_misc":{"Escrito por":"Portal Incluir","Est. tempo de leitura":"3 minutos"},"schema":{"@context":"https:\/\/schema.org","@graph":[{"@type":["Article","BlogPosting"],"@id":"https:\/\/portalincluir.com.br\/index.php\/2025\/12\/03\/fundacao-sindrome-de-down-lanca-campanha-de-doacao-de-ir\/#article","isPartOf":{"@id":"https:\/\/portalincluir.com.br\/index.php\/2025\/12\/03\/fundacao-sindrome-de-down-lanca-campanha-de-doacao-de-ir\/"},"author":{"name":"Portal Incluir","@id":"https:\/\/portalincluir.com.br\/#\/schema\/person\/8823664e5902eee555607fb75c4c35ae"},"headline":"Funda\u00e7\u00e3o S\u00edndrome de Down lan\u00e7a campanha de doa\u00e7\u00e3o de IR","datePublished":"2025-12-03T14:16:54+00:00","dateModified":"2025-12-03T14:16:55+00:00","mainEntityOfPage":{"@id":"https:\/\/portalincluir.com.br\/index.php\/2025\/12\/03\/fundacao-sindrome-de-down-lanca-campanha-de-doacao-de-ir\/"},"wordCount":419,"commentCount":0,"image":{"@id":"https:\/\/portalincluir.com.br\/index.php\/2025\/12\/03\/fundacao-sindrome-de-down-lanca-campanha-de-doacao-de-ir\/#primaryimage"},"thumbnailUrl":"https:\/\/portalincluir.com.br\/wp-content\/uploads\/2025\/12\/fsdown.jpg","articleSection":["Not\u00edcias"],"inLanguage":"pt-BR","potentialAction":[{"@type":"CommentAction","name":"Comment","target":["https:\/\/portalincluir.com.br\/index.php\/2025\/12\/03\/fundacao-sindrome-de-down-lanca-campanha-de-doacao-de-ir\/#respond"]}]},{"@type":"WebPage","@id":"https:\/\/portalincluir.com.br\/index.php\/2025\/12\/03\/fundacao-sindrome-de-down-lanca-campanha-de-doacao-de-ir\/","url":"https:\/\/portalincluir.com.br\/index.php\/2025\/12\/03\/fundacao-sindrome-de-down-lanca-campanha-de-doacao-de-ir\/","name":"Funda\u00e7\u00e3o S\u00edndrome de Down lan\u00e7a campanha de doa\u00e7\u00e3o de IR - PORTAL INCLUIR","isPartOf":{"@id":"https:\/\/portalincluir.com.br\/#website"},"primaryImageOfPage":{"@id":"https:\/\/portalincluir.com.br\/index.php\/2025\/12\/03\/fundacao-sindrome-de-down-lanca-campanha-de-doacao-de-ir\/#primaryimage"},"image":{"@id":"https:\/\/portalincluir.com.br\/index.php\/2025\/12\/03\/fundacao-sindrome-de-down-lanca-campanha-de-doacao-de-ir\/#primaryimage"},"thumbnailUrl":"https:\/\/portalincluir.com.br\/wp-content\/uploads\/2025\/12\/fsdown.jpg","datePublished":"2025-12-03T14:16:54+00:00","dateModified":"2025-12-03T14:16:55+00:00","author":{"@id":"https:\/\/portalincluir.com.br\/#\/schema\/person\/8823664e5902eee555607fb75c4c35ae"},"breadcrumb":{"@id":"https:\/\/portalincluir.com.br\/index.php\/2025\/12\/03\/fundacao-sindrome-de-down-lanca-campanha-de-doacao-de-ir\/#breadcrumb"},"inLanguage":"pt-BR","potentialAction":[{"@type":"ReadAction","target":["https:\/\/portalincluir.com.br\/index.php\/2025\/12\/03\/fundacao-sindrome-de-down-lanca-campanha-de-doacao-de-ir\/"]}]},{"@type":"ImageObject","inLanguage":"pt-BR","@id":"https:\/\/portalincluir.com.br\/index.php\/2025\/12\/03\/fundacao-sindrome-de-down-lanca-campanha-de-doacao-de-ir\/#primaryimage","url":"https:\/\/portalincluir.com.br\/wp-content\/uploads\/2025\/12\/fsdown.jpg","contentUrl":"https:\/\/portalincluir.com.br\/wp-content\/uploads\/2025\/12\/fsdown.jpg","width":1600,"height":1066,"caption":"Foto: Renata Christina Leandro"},{"@type":"BreadcrumbList","@id":"https:\/\/portalincluir.com.br\/index.php\/2025\/12\/03\/fundacao-sindrome-de-down-lanca-campanha-de-doacao-de-ir\/#breadcrumb","itemListElement":[{"@type":"ListItem","position":1,"name":"In\u00edcio","item":"https:\/\/portalincluir.com.br\/"},{"@type":"ListItem","position":2,"name":"Funda\u00e7\u00e3o S\u00edndrome de Down lan\u00e7a campanha de doa\u00e7\u00e3o de IR"}]},{"@type":"WebSite","@id":"https:\/\/portalincluir.com.br\/#website","url":"https:\/\/portalincluir.com.br\/","name":"PORTAL INCLUIR","description":"","potentialAction":[{"@type":"SearchAction","target":{"@type":"EntryPoint","urlTemplate":"https:\/\/portalincluir.com.br\/?s={search_term_string}"},"query-input":{"@type":"PropertyValueSpecification","valueRequired":true,"valueName":"search_term_string"}}],"inLanguage":"pt-BR"},{"@type":"Person","@id":"https:\/\/portalincluir.com.br\/#\/schema\/person\/8823664e5902eee555607fb75c4c35ae","name":"Portal Incluir","image":{"@type":"ImageObject","inLanguage":"pt-BR","@id":"https:\/\/secure.gravatar.com\/avatar\/12085fe17e70c3550551519fe1f8f51fae69b1748563a47fc3bea53d91fbcbbd?s=96&d=mm&r=g","url":"https:\/\/secure.gravatar.com\/avatar\/12085fe17e70c3550551519fe1f8f51fae69b1748563a47fc3bea53d91fbcbbd?s=96&d=mm&r=g","contentUrl":"https:\/\/secure.gravatar.com\/avatar\/12085fe17e70c3550551519fe1f8f51fae69b1748563a47fc3bea53d91fbcbbd?s=96&d=mm&r=g","caption":"Portal Incluir"},"sameAs":["http:\/\/portalincluir.com.br"],"url":"https:\/\/portalincluir.com.br\/index.php\/author\/portalincluir-com-br\/"}]}},"_links":{"self":[{"href":"https:\/\/portalincluir.com.br\/index.php\/wp-json\/wp\/v2\/posts\/787","targetHints":{"allow":["GET"]}}],"collection":[{"href":"https:\/\/portalincluir.com.br\/index.php\/wp-json\/wp\/v2\/posts"}],"about":[{"href":"https:\/\/portalincluir.com.br\/index.php\/wp-json\/wp\/v2\/types\/post"}],"author":[{"embeddable":true,"href":"https:\/\/portalincluir.com.br\/index.php\/wp-json\/wp\/v2\/users\/1"}],"replies":[{"embeddable":true,"href":"https:\/\/portalincluir.com.br\/index.php\/wp-json\/wp\/v2\/comments?post=787"}],"version-history":[{"count":1,"href":"https:\/\/portalincluir.com.br\/index.php\/wp-json\/wp\/v2\/posts\/787\/revisions"}],"predecessor-version":[{"id":789,"href":"https:\/\/portalincluir.com.br\/index.php\/wp-json\/wp\/v2\/posts\/787\/revisions\/789"}],"wp:featuredmedia":[{"embeddable":true,"href":"https:\/\/portalincluir.com.br\/index.php\/wp-json\/wp\/v2\/media\/788"}],"wp:attachment":[{"href":"https:\/\/portalincluir.com.br\/index.php\/wp-json\/wp\/v2\/media?parent=787"}],"wp:term":[{"taxonomy":"category","embeddable":true,"href":"https:\/\/portalincluir.com.br\/index.php\/wp-json\/wp\/v2\/categories?post=787"},{"taxonomy":"post_tag","embeddable":true,"href":"https:\/\/portalincluir.com.br\/index.php\/wp-json\/wp\/v2\/tags?post=787"}],"curies":[{"name":"wp","href":"https:\/\/api.w.org\/{rel}","templated":true}]}}