{"id":790,"date":"2025-12-07T22:49:07","date_gmt":"2025-12-08T01:49:07","guid":{"rendered":"https:\/\/portalincluir.com.br\/?p=790"},"modified":"2025-12-07T22:49:18","modified_gmt":"2025-12-08T01:49:18","slug":"ser-ou-ser-visto-a-construcao-da-identidade-na-pessoa-com-deficiencia","status":"publish","type":"post","link":"https:\/\/portalincluir.com.br\/index.php\/2025\/12\/07\/ser-ou-ser-visto-a-construcao-da-identidade-na-pessoa-com-deficiencia\/","title":{"rendered":"Ser ou ser visto: a constru\u00e7\u00e3o da identidade na pessoa com defici\u00eancia"},"content":{"rendered":"\n<p>A identidade \u00e9 uma constru\u00e7\u00e3o relacional. Ningu\u00e9m se conhece fora do olhar do outro. \u00c9 nas trocas cotidianas, nos gestos e nas palavras que o sujeito vai se percebendo, validando e reorganizando quem \u00e9. Mas o que acontece quando esse olhar externo chega carregado de estigmas, preconceitos e expectativas distorcidas? Para a pessoa com defici\u00eancia, essa \u00e9 uma quest\u00e3o central: o olhar do outro pode ser tanto fonte de reconhecimento quanto de ferida.<\/p>\n\n\n\n<p>Desde cedo, a crian\u00e7a com defici\u00eancia percebe que o seu corpo ou o seu modo de agir provocam rea\u00e7\u00f5es diferentes. \u00c0s vezes \u00e9 o excesso de prote\u00e7\u00e3o; em outras, o afastamento disfar\u00e7ado de indiferen\u00e7a. Esses olhares e comportamentos funcionam como mensagens silenciosas, por\u00e9m profundamente marcantes, que dizem quem ela \u00e9 antes mesmo que possa se descobrir. Assim, o processo natural de autoconhecimento passa a ser mediado por uma imagem social constru\u00edda sobre a defici\u00eancia e n\u00e3o sobre o sujeito.<\/p>\n\n\n\n<p>A psicologia entende que o \u201ceu\u201d se estrutura a partir da experi\u00eancia de ser visto, nomeado e reconhecido. Quando o reconhecimento \u00e9 substitu\u00eddo por r\u00f3tulos como \u201ccoitadinho\u201d, \u201cguerreiro\u201d ou \u201cinspira\u00e7\u00e3o\u201d, a rela\u00e7\u00e3o com o pr\u00f3prio eu torna-se confusa. O indiv\u00edduo se v\u00ea aprisionado entre o desejo de ser aceito e a sensa\u00e7\u00e3o de nunca corresponder completamente ao que esperam dele. \u00c9 o conflito entre ser e ser visto.<\/p>\n\n\n\n<p>Em muitos casos, esse conflito gera um movimento ps\u00edquico de compensa\u00e7\u00e3o. Para escapar da imagem de incapaz, a pessoa busca demonstrar for\u00e7a e compet\u00eancia em tudo o que faz. \u00c9 o fen\u00f4meno que se aproxima daquilo que Alfred Adler chamou de \u201ccompensa\u00e7\u00e3o do sentimento de inferioridade\u201d. Em outros casos, ocorre o movimento oposto: o sujeito internaliza o olhar capacitista e passa a acreditar que realmente vale menos, retraindo-se social e emocionalmente.<\/p>\n\n\n\n<p>Ambos os caminhos t\u00eam em comum o sofrimento invis\u00edvel de tentar caber em moldes criados por outros. Por isso, a psicologia da defici\u00eancia precisa atuar n\u00e3o apenas no n\u00edvel individual, mas tamb\u00e9m no simb\u00f3lico e no coletivo, desconstruindo as narrativas que associam valor humano \u00e0 performance, \u00e0 apar\u00eancia ou \u00e0 normalidade.<\/p>\n\n\n\n<p>Construir uma identidade saud\u00e1vel, nesse contexto, significa resgatar o direito de definir a si mesmo. \u00c9 um processo de reconstru\u00e7\u00e3o subjetiva: sair do espelho social distorcido e criar uma nova forma de se enxergar. Esse movimento costuma ser lento, pois implica reconfigurar anos de mensagens internalizadas. No entanto, \u00e9 tamb\u00e9m profundamente libertador.<\/p>\n\n\n\n<p>O espa\u00e7o terap\u00eautico pode servir como uma nova cena de reconhecimento. Ali, o sujeito \u00e9 escutado sem o filtro da defici\u00eancia e, justamente por isso, come\u00e7a a se ver de outro modo. A escuta emp\u00e1tica e a valida\u00e7\u00e3o emocional ajudam a distinguir o que pertence \u00e0 experi\u00eancia pessoal e o que foi introjetado pela sociedade. \u00c9 o in\u00edcio de uma autonomia emocional que sustenta a autonomia social.<\/p>\n\n\n\n<p>Contudo, a responsabilidade n\u00e3o \u00e9 apenas individual. A transforma\u00e7\u00e3o precisa ser tamb\u00e9m coletiva. Enquanto o olhar social continuar preso \u00e0 l\u00f3gica da compara\u00e7\u00e3o \u2014 \u201cele \u00e9 quase normal\u201d, \u201cela supera os limites\u201d \u2014, continuar\u00e1 produzindo feridas na subjetividade. \u00c9 necess\u00e1rio deslocar o foco do d\u00e9ficit para a diversidade, do corpo para a pessoa, do estigma para a hist\u00f3ria.<\/p>\n\n\n\n<p>Ver algu\u00e9m com defici\u00eancia n\u00e3o deveria evocar pena nem admira\u00e7\u00e3o exagerada, mas simplesmente reconhecimento humano. Toda pessoa deseja, antes de tudo, ser vista como sujeito de desejos, medos, capacidades e fragilidades, e n\u00e3o como um s\u00edmbolo de limita\u00e7\u00e3o ou hero\u00edsmo.<\/p>\n\n\n\n<p>Quando o olhar social se humaniza, ele devolve ao outro o direito de existir sem precisar justificar a pr\u00f3pria presen\u00e7a. E \u00e9 nesse ponto que a psicologia se encontra com a \u00e9tica e com a cultura: na constru\u00e7\u00e3o de uma sociedade em que o ser vale mais do que o ser visto.<\/p>\n\n\n\n<p>No fim das contas, a quest\u00e3o n\u00e3o \u00e9 apenas sobre defici\u00eancia, mas sobre humanidade. Todos n\u00f3s, de algum modo, carregamos a necessidade de sermos vistos de forma verdadeira. A diferen\u00e7a \u00e9 que, para a pessoa com defici\u00eancia, essa busca \u00e9 atravessada por barreiras externas e internas que exigem coragem para serem superadas.<\/p>\n\n\n\n<p>Ser visto \u00e9 importante, mas ser reconhecido \u00e9 essencial.<br>E a verdadeira inclus\u00e3o acontece quando o olhar que observa deixa de classificar e passa a compreender, quando o espelho social n\u00e3o distorce, mas reflete a inteireza do ser.<\/p>\n\n\n\n<p>Ser, antes de ser visto. Porque a identidade n\u00e3o nasce do olhar que julga, mas do olhar que acolhe.<\/p>\n\n\n\n<figure class=\"wp-block-image alignleft size-large is-resized\"><img loading=\"lazy\" decoding=\"async\" width=\"1024\" height=\"846\" src=\"https:\/\/portalincluir.com.br\/wp-content\/uploads\/2025\/10\/Emilio-Figueira-Arquivo-pessoal-4-1-scaled-e1761414956354-1024x846.jpg\" alt=\"\" class=\"wp-image-679\" style=\"aspect-ratio:1.2104182427320869;width:96px;height:auto\" srcset=\"https:\/\/portalincluir.com.br\/wp-content\/uploads\/2025\/10\/Emilio-Figueira-Arquivo-pessoal-4-1-scaled-e1761414956354-1024x846.jpg 1024w, https:\/\/portalincluir.com.br\/wp-content\/uploads\/2025\/10\/Emilio-Figueira-Arquivo-pessoal-4-1-scaled-e1761414956354-300x248.jpg 300w, https:\/\/portalincluir.com.br\/wp-content\/uploads\/2025\/10\/Emilio-Figueira-Arquivo-pessoal-4-1-scaled-e1761414956354-768x635.jpg 768w, https:\/\/portalincluir.com.br\/wp-content\/uploads\/2025\/10\/Emilio-Figueira-Arquivo-pessoal-4-1-scaled-e1761414956354-1536x1269.jpg 1536w, https:\/\/portalincluir.com.br\/wp-content\/uploads\/2025\/10\/Emilio-Figueira-Arquivo-pessoal-4-1-scaled-e1761414956354.jpg 1709w\" sizes=\"auto, (max-width: 1024px) 100vw, 1024px\" \/><\/figure>\n\n\n\n<p><strong>Em\u00edlio Figueira<\/strong>\u00a0\u00e9 jornalista, psic\u00f3logo, psicanalista e escritor, com 40 anos de experi\u00eancia na \u00e1rea da inclus\u00e3o.\u00a0 Autor dentre outros, dos livros \u201cPsicologia e Inclus\u00e3o\u201d e \u201cAs Pessoas Com Defici\u00eancia Na Hist\u00f3ria Do Brasil\u201d<\/p>\n","protected":false},"excerpt":{"rendered":"<p>A identidade \u00e9 uma constru\u00e7\u00e3o relacional. Ningu\u00e9m se conhece fora do olhar do outro. \u00c9<\/p>\n","protected":false},"author":1,"featured_media":791,"comment_status":"open","ping_status":"open","sticky":false,"template":"","format":"standard","meta":{"om_disable_all_campaigns":false,"_monsterinsights_skip_tracking":false,"_monsterinsights_sitenote_active":false,"_monsterinsights_sitenote_note":"","_monsterinsights_sitenote_category":0,"_uf_show_specific_survey":0,"_uf_disable_surveys":false,"footnotes":""},"categories":[21,13],"tags":[],"class_list":["post-790","post","type-post","status-publish","format-standard","has-post-thumbnail","hentry","category-opiniao","category-podcast"],"yoast_head":"<!-- This site is optimized with the Yoast SEO plugin v27.4 - https:\/\/yoast.com\/product\/yoast-seo-wordpress\/ -->\n<title>Ser ou ser visto: a constru\u00e7\u00e3o da identidade na pessoa com defici\u00eancia - PORTAL INCLUIR<\/title>\n<meta name=\"robots\" content=\"index, follow, max-snippet:-1, max-image-preview:large, max-video-preview:-1\" \/>\n<link rel=\"canonical\" href=\"https:\/\/portalincluir.com.br\/index.php\/2025\/12\/07\/ser-ou-ser-visto-a-construcao-da-identidade-na-pessoa-com-deficiencia\/\" \/>\n<meta property=\"og:locale\" content=\"pt_BR\" \/>\n<meta property=\"og:type\" content=\"article\" \/>\n<meta property=\"og:title\" content=\"Ser ou ser visto: a constru\u00e7\u00e3o da identidade na pessoa com defici\u00eancia - PORTAL INCLUIR\" \/>\n<meta property=\"og:description\" content=\"A identidade \u00e9 uma constru\u00e7\u00e3o relacional. Ningu\u00e9m se conhece fora do olhar do outro. \u00c9\" \/>\n<meta property=\"og:url\" content=\"https:\/\/portalincluir.com.br\/index.php\/2025\/12\/07\/ser-ou-ser-visto-a-construcao-da-identidade-na-pessoa-com-deficiencia\/\" \/>\n<meta property=\"og:site_name\" content=\"PORTAL INCLUIR\" \/>\n<meta property=\"article:published_time\" content=\"2025-12-08T01:49:07+00:00\" \/>\n<meta property=\"article:modified_time\" content=\"2025-12-08T01:49:18+00:00\" \/>\n<meta property=\"og:image\" content=\"https:\/\/portalincluir.com.br\/wp-content\/uploads\/2025\/12\/inspiracao.jpg\" \/>\n\t<meta property=\"og:image:width\" content=\"2496\" \/>\n\t<meta property=\"og:image:height\" content=\"1664\" \/>\n\t<meta property=\"og:image:type\" content=\"image\/jpeg\" \/>\n<meta name=\"author\" content=\"Portal Incluir\" \/>\n<meta name=\"twitter:card\" content=\"summary_large_image\" \/>\n<meta name=\"twitter:label1\" content=\"Escrito por\" \/>\n\t<meta name=\"twitter:data1\" content=\"Portal Incluir\" \/>\n\t<meta name=\"twitter:label2\" content=\"Est. tempo de leitura\" \/>\n\t<meta name=\"twitter:data2\" content=\"5 minutos\" \/>\n<script type=\"application\/ld+json\" class=\"yoast-schema-graph\">{\"@context\":\"https:\\\/\\\/schema.org\",\"@graph\":[{\"@type\":[\"Article\",\"BlogPosting\"],\"@id\":\"https:\\\/\\\/portalincluir.com.br\\\/index.php\\\/2025\\\/12\\\/07\\\/ser-ou-ser-visto-a-construcao-da-identidade-na-pessoa-com-deficiencia\\\/#article\",\"isPartOf\":{\"@id\":\"https:\\\/\\\/portalincluir.com.br\\\/index.php\\\/2025\\\/12\\\/07\\\/ser-ou-ser-visto-a-construcao-da-identidade-na-pessoa-com-deficiencia\\\/\"},\"author\":{\"name\":\"Portal Incluir\",\"@id\":\"https:\\\/\\\/portalincluir.com.br\\\/#\\\/schema\\\/person\\\/8823664e5902eee555607fb75c4c35ae\"},\"headline\":\"Ser ou ser visto: a constru\u00e7\u00e3o da identidade na pessoa com defici\u00eancia\",\"datePublished\":\"2025-12-08T01:49:07+00:00\",\"dateModified\":\"2025-12-08T01:49:18+00:00\",\"mainEntityOfPage\":{\"@id\":\"https:\\\/\\\/portalincluir.com.br\\\/index.php\\\/2025\\\/12\\\/07\\\/ser-ou-ser-visto-a-construcao-da-identidade-na-pessoa-com-deficiencia\\\/\"},\"wordCount\":819,\"commentCount\":0,\"image\":{\"@id\":\"https:\\\/\\\/portalincluir.com.br\\\/index.php\\\/2025\\\/12\\\/07\\\/ser-ou-ser-visto-a-construcao-da-identidade-na-pessoa-com-deficiencia\\\/#primaryimage\"},\"thumbnailUrl\":\"https:\\\/\\\/portalincluir.com.br\\\/wp-content\\\/uploads\\\/2025\\\/12\\\/inspiracao.jpg\",\"articleSection\":[\"Opini\u00e3o\",\"PodCast\"],\"inLanguage\":\"pt-BR\",\"potentialAction\":[{\"@type\":\"CommentAction\",\"name\":\"Comment\",\"target\":[\"https:\\\/\\\/portalincluir.com.br\\\/index.php\\\/2025\\\/12\\\/07\\\/ser-ou-ser-visto-a-construcao-da-identidade-na-pessoa-com-deficiencia\\\/#respond\"]}]},{\"@type\":\"WebPage\",\"@id\":\"https:\\\/\\\/portalincluir.com.br\\\/index.php\\\/2025\\\/12\\\/07\\\/ser-ou-ser-visto-a-construcao-da-identidade-na-pessoa-com-deficiencia\\\/\",\"url\":\"https:\\\/\\\/portalincluir.com.br\\\/index.php\\\/2025\\\/12\\\/07\\\/ser-ou-ser-visto-a-construcao-da-identidade-na-pessoa-com-deficiencia\\\/\",\"name\":\"Ser ou ser visto: a constru\u00e7\u00e3o da identidade na pessoa com defici\u00eancia - PORTAL INCLUIR\",\"isPartOf\":{\"@id\":\"https:\\\/\\\/portalincluir.com.br\\\/#website\"},\"primaryImageOfPage\":{\"@id\":\"https:\\\/\\\/portalincluir.com.br\\\/index.php\\\/2025\\\/12\\\/07\\\/ser-ou-ser-visto-a-construcao-da-identidade-na-pessoa-com-deficiencia\\\/#primaryimage\"},\"image\":{\"@id\":\"https:\\\/\\\/portalincluir.com.br\\\/index.php\\\/2025\\\/12\\\/07\\\/ser-ou-ser-visto-a-construcao-da-identidade-na-pessoa-com-deficiencia\\\/#primaryimage\"},\"thumbnailUrl\":\"https:\\\/\\\/portalincluir.com.br\\\/wp-content\\\/uploads\\\/2025\\\/12\\\/inspiracao.jpg\",\"datePublished\":\"2025-12-08T01:49:07+00:00\",\"dateModified\":\"2025-12-08T01:49:18+00:00\",\"author\":{\"@id\":\"https:\\\/\\\/portalincluir.com.br\\\/#\\\/schema\\\/person\\\/8823664e5902eee555607fb75c4c35ae\"},\"breadcrumb\":{\"@id\":\"https:\\\/\\\/portalincluir.com.br\\\/index.php\\\/2025\\\/12\\\/07\\\/ser-ou-ser-visto-a-construcao-da-identidade-na-pessoa-com-deficiencia\\\/#breadcrumb\"},\"inLanguage\":\"pt-BR\",\"potentialAction\":[{\"@type\":\"ReadAction\",\"target\":[\"https:\\\/\\\/portalincluir.com.br\\\/index.php\\\/2025\\\/12\\\/07\\\/ser-ou-ser-visto-a-construcao-da-identidade-na-pessoa-com-deficiencia\\\/\"]}]},{\"@type\":\"ImageObject\",\"inLanguage\":\"pt-BR\",\"@id\":\"https:\\\/\\\/portalincluir.com.br\\\/index.php\\\/2025\\\/12\\\/07\\\/ser-ou-ser-visto-a-construcao-da-identidade-na-pessoa-com-deficiencia\\\/#primaryimage\",\"url\":\"https:\\\/\\\/portalincluir.com.br\\\/wp-content\\\/uploads\\\/2025\\\/12\\\/inspiracao.jpg\",\"contentUrl\":\"https:\\\/\\\/portalincluir.com.br\\\/wp-content\\\/uploads\\\/2025\\\/12\\\/inspiracao.jpg\",\"width\":2496,\"height\":1664},{\"@type\":\"BreadcrumbList\",\"@id\":\"https:\\\/\\\/portalincluir.com.br\\\/index.php\\\/2025\\\/12\\\/07\\\/ser-ou-ser-visto-a-construcao-da-identidade-na-pessoa-com-deficiencia\\\/#breadcrumb\",\"itemListElement\":[{\"@type\":\"ListItem\",\"position\":1,\"name\":\"In\u00edcio\",\"item\":\"https:\\\/\\\/portalincluir.com.br\\\/\"},{\"@type\":\"ListItem\",\"position\":2,\"name\":\"Ser ou ser visto: a constru\u00e7\u00e3o da identidade na pessoa com defici\u00eancia\"}]},{\"@type\":\"WebSite\",\"@id\":\"https:\\\/\\\/portalincluir.com.br\\\/#website\",\"url\":\"https:\\\/\\\/portalincluir.com.br\\\/\",\"name\":\"PORTAL INCLUIR\",\"description\":\"\",\"potentialAction\":[{\"@type\":\"SearchAction\",\"target\":{\"@type\":\"EntryPoint\",\"urlTemplate\":\"https:\\\/\\\/portalincluir.com.br\\\/?s={search_term_string}\"},\"query-input\":{\"@type\":\"PropertyValueSpecification\",\"valueRequired\":true,\"valueName\":\"search_term_string\"}}],\"inLanguage\":\"pt-BR\"},{\"@type\":\"Person\",\"@id\":\"https:\\\/\\\/portalincluir.com.br\\\/#\\\/schema\\\/person\\\/8823664e5902eee555607fb75c4c35ae\",\"name\":\"Portal Incluir\",\"image\":{\"@type\":\"ImageObject\",\"inLanguage\":\"pt-BR\",\"@id\":\"https:\\\/\\\/secure.gravatar.com\\\/avatar\\\/12085fe17e70c3550551519fe1f8f51fae69b1748563a47fc3bea53d91fbcbbd?s=96&d=mm&r=g\",\"url\":\"https:\\\/\\\/secure.gravatar.com\\\/avatar\\\/12085fe17e70c3550551519fe1f8f51fae69b1748563a47fc3bea53d91fbcbbd?s=96&d=mm&r=g\",\"contentUrl\":\"https:\\\/\\\/secure.gravatar.com\\\/avatar\\\/12085fe17e70c3550551519fe1f8f51fae69b1748563a47fc3bea53d91fbcbbd?s=96&d=mm&r=g\",\"caption\":\"Portal Incluir\"},\"sameAs\":[\"http:\\\/\\\/portalincluir.com.br\"],\"url\":\"https:\\\/\\\/portalincluir.com.br\\\/index.php\\\/author\\\/portalincluir-com-br\\\/\"}]}<\/script>\n<!-- \/ Yoast SEO plugin. -->","yoast_head_json":{"title":"Ser ou ser visto: a constru\u00e7\u00e3o da identidade na pessoa com defici\u00eancia - PORTAL INCLUIR","robots":{"index":"index","follow":"follow","max-snippet":"max-snippet:-1","max-image-preview":"max-image-preview:large","max-video-preview":"max-video-preview:-1"},"canonical":"https:\/\/portalincluir.com.br\/index.php\/2025\/12\/07\/ser-ou-ser-visto-a-construcao-da-identidade-na-pessoa-com-deficiencia\/","og_locale":"pt_BR","og_type":"article","og_title":"Ser ou ser visto: a constru\u00e7\u00e3o da identidade na pessoa com defici\u00eancia - PORTAL INCLUIR","og_description":"A identidade \u00e9 uma constru\u00e7\u00e3o relacional. Ningu\u00e9m se conhece fora do olhar do outro. \u00c9","og_url":"https:\/\/portalincluir.com.br\/index.php\/2025\/12\/07\/ser-ou-ser-visto-a-construcao-da-identidade-na-pessoa-com-deficiencia\/","og_site_name":"PORTAL INCLUIR","article_published_time":"2025-12-08T01:49:07+00:00","article_modified_time":"2025-12-08T01:49:18+00:00","og_image":[{"width":2496,"height":1664,"url":"https:\/\/portalincluir.com.br\/wp-content\/uploads\/2025\/12\/inspiracao.jpg","type":"image\/jpeg"}],"author":"Portal Incluir","twitter_card":"summary_large_image","twitter_misc":{"Escrito por":"Portal Incluir","Est. tempo de leitura":"5 minutos"},"schema":{"@context":"https:\/\/schema.org","@graph":[{"@type":["Article","BlogPosting"],"@id":"https:\/\/portalincluir.com.br\/index.php\/2025\/12\/07\/ser-ou-ser-visto-a-construcao-da-identidade-na-pessoa-com-deficiencia\/#article","isPartOf":{"@id":"https:\/\/portalincluir.com.br\/index.php\/2025\/12\/07\/ser-ou-ser-visto-a-construcao-da-identidade-na-pessoa-com-deficiencia\/"},"author":{"name":"Portal Incluir","@id":"https:\/\/portalincluir.com.br\/#\/schema\/person\/8823664e5902eee555607fb75c4c35ae"},"headline":"Ser ou ser visto: a constru\u00e7\u00e3o da identidade na pessoa com defici\u00eancia","datePublished":"2025-12-08T01:49:07+00:00","dateModified":"2025-12-08T01:49:18+00:00","mainEntityOfPage":{"@id":"https:\/\/portalincluir.com.br\/index.php\/2025\/12\/07\/ser-ou-ser-visto-a-construcao-da-identidade-na-pessoa-com-deficiencia\/"},"wordCount":819,"commentCount":0,"image":{"@id":"https:\/\/portalincluir.com.br\/index.php\/2025\/12\/07\/ser-ou-ser-visto-a-construcao-da-identidade-na-pessoa-com-deficiencia\/#primaryimage"},"thumbnailUrl":"https:\/\/portalincluir.com.br\/wp-content\/uploads\/2025\/12\/inspiracao.jpg","articleSection":["Opini\u00e3o","PodCast"],"inLanguage":"pt-BR","potentialAction":[{"@type":"CommentAction","name":"Comment","target":["https:\/\/portalincluir.com.br\/index.php\/2025\/12\/07\/ser-ou-ser-visto-a-construcao-da-identidade-na-pessoa-com-deficiencia\/#respond"]}]},{"@type":"WebPage","@id":"https:\/\/portalincluir.com.br\/index.php\/2025\/12\/07\/ser-ou-ser-visto-a-construcao-da-identidade-na-pessoa-com-deficiencia\/","url":"https:\/\/portalincluir.com.br\/index.php\/2025\/12\/07\/ser-ou-ser-visto-a-construcao-da-identidade-na-pessoa-com-deficiencia\/","name":"Ser ou ser visto: a constru\u00e7\u00e3o da identidade na pessoa com defici\u00eancia - PORTAL INCLUIR","isPartOf":{"@id":"https:\/\/portalincluir.com.br\/#website"},"primaryImageOfPage":{"@id":"https:\/\/portalincluir.com.br\/index.php\/2025\/12\/07\/ser-ou-ser-visto-a-construcao-da-identidade-na-pessoa-com-deficiencia\/#primaryimage"},"image":{"@id":"https:\/\/portalincluir.com.br\/index.php\/2025\/12\/07\/ser-ou-ser-visto-a-construcao-da-identidade-na-pessoa-com-deficiencia\/#primaryimage"},"thumbnailUrl":"https:\/\/portalincluir.com.br\/wp-content\/uploads\/2025\/12\/inspiracao.jpg","datePublished":"2025-12-08T01:49:07+00:00","dateModified":"2025-12-08T01:49:18+00:00","author":{"@id":"https:\/\/portalincluir.com.br\/#\/schema\/person\/8823664e5902eee555607fb75c4c35ae"},"breadcrumb":{"@id":"https:\/\/portalincluir.com.br\/index.php\/2025\/12\/07\/ser-ou-ser-visto-a-construcao-da-identidade-na-pessoa-com-deficiencia\/#breadcrumb"},"inLanguage":"pt-BR","potentialAction":[{"@type":"ReadAction","target":["https:\/\/portalincluir.com.br\/index.php\/2025\/12\/07\/ser-ou-ser-visto-a-construcao-da-identidade-na-pessoa-com-deficiencia\/"]}]},{"@type":"ImageObject","inLanguage":"pt-BR","@id":"https:\/\/portalincluir.com.br\/index.php\/2025\/12\/07\/ser-ou-ser-visto-a-construcao-da-identidade-na-pessoa-com-deficiencia\/#primaryimage","url":"https:\/\/portalincluir.com.br\/wp-content\/uploads\/2025\/12\/inspiracao.jpg","contentUrl":"https:\/\/portalincluir.com.br\/wp-content\/uploads\/2025\/12\/inspiracao.jpg","width":2496,"height":1664},{"@type":"BreadcrumbList","@id":"https:\/\/portalincluir.com.br\/index.php\/2025\/12\/07\/ser-ou-ser-visto-a-construcao-da-identidade-na-pessoa-com-deficiencia\/#breadcrumb","itemListElement":[{"@type":"ListItem","position":1,"name":"In\u00edcio","item":"https:\/\/portalincluir.com.br\/"},{"@type":"ListItem","position":2,"name":"Ser ou ser visto: a constru\u00e7\u00e3o da identidade na pessoa com defici\u00eancia"}]},{"@type":"WebSite","@id":"https:\/\/portalincluir.com.br\/#website","url":"https:\/\/portalincluir.com.br\/","name":"PORTAL INCLUIR","description":"","potentialAction":[{"@type":"SearchAction","target":{"@type":"EntryPoint","urlTemplate":"https:\/\/portalincluir.com.br\/?s={search_term_string}"},"query-input":{"@type":"PropertyValueSpecification","valueRequired":true,"valueName":"search_term_string"}}],"inLanguage":"pt-BR"},{"@type":"Person","@id":"https:\/\/portalincluir.com.br\/#\/schema\/person\/8823664e5902eee555607fb75c4c35ae","name":"Portal Incluir","image":{"@type":"ImageObject","inLanguage":"pt-BR","@id":"https:\/\/secure.gravatar.com\/avatar\/12085fe17e70c3550551519fe1f8f51fae69b1748563a47fc3bea53d91fbcbbd?s=96&d=mm&r=g","url":"https:\/\/secure.gravatar.com\/avatar\/12085fe17e70c3550551519fe1f8f51fae69b1748563a47fc3bea53d91fbcbbd?s=96&d=mm&r=g","contentUrl":"https:\/\/secure.gravatar.com\/avatar\/12085fe17e70c3550551519fe1f8f51fae69b1748563a47fc3bea53d91fbcbbd?s=96&d=mm&r=g","caption":"Portal Incluir"},"sameAs":["http:\/\/portalincluir.com.br"],"url":"https:\/\/portalincluir.com.br\/index.php\/author\/portalincluir-com-br\/"}]}},"_links":{"self":[{"href":"https:\/\/portalincluir.com.br\/index.php\/wp-json\/wp\/v2\/posts\/790","targetHints":{"allow":["GET"]}}],"collection":[{"href":"https:\/\/portalincluir.com.br\/index.php\/wp-json\/wp\/v2\/posts"}],"about":[{"href":"https:\/\/portalincluir.com.br\/index.php\/wp-json\/wp\/v2\/types\/post"}],"author":[{"embeddable":true,"href":"https:\/\/portalincluir.com.br\/index.php\/wp-json\/wp\/v2\/users\/1"}],"replies":[{"embeddable":true,"href":"https:\/\/portalincluir.com.br\/index.php\/wp-json\/wp\/v2\/comments?post=790"}],"version-history":[{"count":1,"href":"https:\/\/portalincluir.com.br\/index.php\/wp-json\/wp\/v2\/posts\/790\/revisions"}],"predecessor-version":[{"id":792,"href":"https:\/\/portalincluir.com.br\/index.php\/wp-json\/wp\/v2\/posts\/790\/revisions\/792"}],"wp:featuredmedia":[{"embeddable":true,"href":"https:\/\/portalincluir.com.br\/index.php\/wp-json\/wp\/v2\/media\/791"}],"wp:attachment":[{"href":"https:\/\/portalincluir.com.br\/index.php\/wp-json\/wp\/v2\/media?parent=790"}],"wp:term":[{"taxonomy":"category","embeddable":true,"href":"https:\/\/portalincluir.com.br\/index.php\/wp-json\/wp\/v2\/categories?post=790"},{"taxonomy":"post_tag","embeddable":true,"href":"https:\/\/portalincluir.com.br\/index.php\/wp-json\/wp\/v2\/tags?post=790"}],"curies":[{"name":"wp","href":"https:\/\/api.w.org\/{rel}","templated":true}]}}