{"id":793,"date":"2025-12-10T22:57:17","date_gmt":"2025-12-11T01:57:17","guid":{"rendered":"https:\/\/portalincluir.com.br\/?p=793"},"modified":"2025-12-07T23:00:23","modified_gmt":"2025-12-08T02:00:23","slug":"networking-e-inclusao-o-proximo-passo-na-igualdade-profissional-das-pessoas-com-deficiencia","status":"publish","type":"post","link":"https:\/\/portalincluir.com.br\/index.php\/2025\/12\/10\/networking-e-inclusao-o-proximo-passo-na-igualdade-profissional-das-pessoas-com-deficiencia\/","title":{"rendered":"Networking e Inclus\u00e3o: O Pr\u00f3ximo Passo na Igualdade Profissional das Pessoas com Defici\u00eancia"},"content":{"rendered":"\n<p>Durante muito tempo, falar sobre inclus\u00e3o de pessoas com defici\u00eancia significou, antes de tudo, lutar pelo direito b\u00e1sico de estar presente: estudar, trabalhar, participar da sociedade. A conquista do espa\u00e7o f\u00edsico e simb\u00f3lico foi um avan\u00e7o essencial, fruto de d\u00e9cadas de mobiliza\u00e7\u00e3o e de pol\u00edticas p\u00fablicas que come\u00e7aram a romper barreiras vis\u00edveis e invis\u00edveis. Mas, \u00e0 medida que o debate amadurece, torna-se evidente que inclus\u00e3o n\u00e3o se limita \u00e0 presen\u00e7a. \u00c9 preciso avan\u00e7ar para a participa\u00e7\u00e3o plena. E, nesse novo patamar, o networking surge como um elemento crucial, mas ainda negligenciado.<\/p>\n\n\n\n<p>Em qualquer \u00e1rea profissional, o networking \u00e9 uma for\u00e7a silenciosa e poderosa. \u00c9 ele que constr\u00f3i pontes, abre portas, favorece oportunidades e impulsiona carreiras. O capital social \u2014 essas redes de contatos, trocas e refer\u00eancias \u2014, \u00e9 o que permite a um profissional ser visto, lembrado e convidado para novas experi\u00eancias. No entanto, quando observamos o cen\u00e1rio das pessoas com defici\u00eancia, percebemos que esse campo ainda \u00e9 profundamente desigual. H\u00e1 profissionais qualificados, criativos e preparados que, no entanto, permanecem invis\u00edveis nas rodas onde as decis\u00f5es s\u00e3o tomadas, os convites s\u00e3o feitos e as parcerias surgem.<\/p>\n\n\n\n<p>Grande parte dessa exclus\u00e3o n\u00e3o \u00e9 intencional, mas estrutural. Os espa\u00e7os de networking, muitas vezes, n\u00e3o s\u00e3o pensados para todos os corpos, modos de comunica\u00e7\u00e3o e ritmos de intera\u00e7\u00e3o. Eventos sem int\u00e9rprete de Libras, locais com acessibilidade f\u00edsica prec\u00e1ria, plataformas digitais sem recursos de leitura de tela, ou at\u00e9 a cultura de encontros informais em bares e restaurantes. Tudo isso, ainda que sutil, exclui e restringe a participa\u00e7\u00e3o plena de profissionais com defici\u00eancia. E o resultado \u00e9 um ciclo injusto: quem n\u00e3o \u00e9 visto, raramente \u00e9 lembrado. E quem n\u00e3o \u00e9 lembrado, dificilmente \u00e9 convidado.<\/p>\n\n\n\n<p>Por isso, a inclus\u00e3o profissional precisa ser compreendida como um processo que vai al\u00e9m da contrata\u00e7\u00e3o. Contratar \u00e9 o come\u00e7o; integrar e promover s\u00e3o o verdadeiro desafio. \u00c9 fundamental que as empresas, universidades e institui\u00e7\u00f5es criem condi\u00e7\u00f5es para que esses profissionais tamb\u00e9m possam ampliar suas redes, ocupar espa\u00e7os de fala, liderar projetos e compartilhar experi\u00eancias. Isso envolve tanto acessibilidade pr\u00e1tica quanto sensibilidade relacional. Ou seja, entender que cada intera\u00e7\u00e3o \u00e9 uma oportunidade de aprendizado e conex\u00e3o genu\u00edna.<\/p>\n\n\n\n<p>O networking inclusivo \u00e9, acima de tudo, uma pr\u00e1tica de reconhecimento. Ele rompe com a l\u00f3gica de que as pessoas com defici\u00eancia s\u00e3o apenas destinat\u00e1rias de pol\u00edticas de inclus\u00e3o e as coloca como agentes ativos, produtores de conhecimento e parceiros estrat\u00e9gicos. Estar em uma rede \u00e9 tamb\u00e9m poder influenciar, inspirar e ser refer\u00eancia, criando um ciclo virtuoso de representatividade.<\/p>\n\n\n\n<p>Al\u00e9m das a\u00e7\u00f5es institucionais, \u00e9 preciso cultivar uma cultura de abertura. Cada profissional, independentemente de sua \u00e1rea, pode contribuir para uma rede mais diversa e acess\u00edvel: ouvindo, aprendendo, convidando e criando pontes. O networking s\u00f3 cumpre seu papel quando deixa de ser um privil\u00e9gio de poucos para se tornar um territ\u00f3rio de trocas humanas, onde as diferen\u00e7as ampliam as possibilidades.<\/p>\n\n\n\n<p>No fim das contas, o que se busca \u00e9 uma mudan\u00e7a de paradigma. A verdadeira inclus\u00e3o n\u00e3o \u00e9 apenas garantir que a pessoa com defici\u00eancia entre na sala \u00e9 garantir que ela seja ouvida na conversa, lembrada nas oportunidades e valorizada nas conex\u00f5es. Porque, no mundo do trabalho, a rede que se tece entre as pessoas \u00e9 t\u00e3o essencial quanto o talento individual. E, sem oportunidades reais de networking, a inclus\u00e3o corre o risco de ser apenas uma presen\u00e7a simb\u00f3lica, sem voz nem continuidade.<\/p>\n\n\n\n<p>\u00c9 hora de ampliar o conceito de acessibilidade para al\u00e9m das rampas e dos int\u00e9rpretes e enxerg\u00e1-la tamb\u00e9m nas rela\u00e7\u00f5es, nas trocas e nos espa\u00e7os de conviv\u00eancia. Afinal, inclus\u00e3o sem conex\u00e3o \u00e9 presen\u00e7a sem participa\u00e7\u00e3o. E a participa\u00e7\u00e3o, no sentido mais profundo, nasce do encontro entre pessoas que se reconhecem, se apoiam e crescem juntas.<\/p>\n\n\n\n<figure class=\"wp-block-image alignleft is-resized\"><img loading=\"lazy\" decoding=\"async\" width=\"1024\" height=\"846\" src=\"https:\/\/portalincluir.com.br\/wp-content\/uploads\/2025\/10\/Emilio-Figueira-Arquivo-pessoal-4-1-scaled-e1761414956354-1024x846.jpg\" alt=\"\" class=\"wp-image-679\" style=\"aspect-ratio:1.2104182427320869;width:129px;height:auto\" srcset=\"https:\/\/portalincluir.com.br\/wp-content\/uploads\/2025\/10\/Emilio-Figueira-Arquivo-pessoal-4-1-scaled-e1761414956354-1024x846.jpg 1024w, https:\/\/portalincluir.com.br\/wp-content\/uploads\/2025\/10\/Emilio-Figueira-Arquivo-pessoal-4-1-scaled-e1761414956354-300x248.jpg 300w, https:\/\/portalincluir.com.br\/wp-content\/uploads\/2025\/10\/Emilio-Figueira-Arquivo-pessoal-4-1-scaled-e1761414956354-768x635.jpg 768w, https:\/\/portalincluir.com.br\/wp-content\/uploads\/2025\/10\/Emilio-Figueira-Arquivo-pessoal-4-1-scaled-e1761414956354-1536x1269.jpg 1536w, https:\/\/portalincluir.com.br\/wp-content\/uploads\/2025\/10\/Emilio-Figueira-Arquivo-pessoal-4-1-scaled-e1761414956354.jpg 1709w\" sizes=\"auto, (max-width: 1024px) 100vw, 1024px\" \/><\/figure>\n\n\n\n<div class=\"wp-block-group is-nowrap is-layout-flex wp-container-core-group-is-layout-6c531013 wp-block-group-is-layout-flex\">\n<p><strong>Em\u00edlio Figueira<\/strong>&nbsp;\u00e9 jornalista, psic\u00f3logo, psicanalista e escritor, com 40 anos de experi\u00eancia na \u00e1rea da inclus\u00e3o.&nbsp; Autor dentre outros, dos livros \u201cPsicologia e Inclus\u00e3o\u201d e \u201cAs Pessoas Com Defici\u00eancia Na Hist\u00f3ria Do Brasil\u201d<\/p>\n<\/div>\n","protected":false},"excerpt":{"rendered":"<p>Durante muito tempo, falar sobre inclus\u00e3o de pessoas com defici\u00eancia significou, antes de tudo, lutar<\/p>\n","protected":false},"author":1,"featured_media":794,"comment_status":"open","ping_status":"open","sticky":false,"template":"","format":"standard","meta":{"om_disable_all_campaigns":false,"_monsterinsights_skip_tracking":false,"_monsterinsights_sitenote_active":false,"_monsterinsights_sitenote_note":"","_monsterinsights_sitenote_category":0,"_uf_show_specific_survey":0,"_uf_disable_surveys":false,"footnotes":""},"categories":[21,1],"tags":[],"class_list":["post-793","post","type-post","status-publish","format-standard","has-post-thumbnail","hentry","category-opiniao","category-portal"],"yoast_head":"<!-- This site is optimized with the Yoast SEO plugin v27.4 - https:\/\/yoast.com\/product\/yoast-seo-wordpress\/ -->\n<title>Networking e Inclus\u00e3o: O Pr\u00f3ximo Passo na Igualdade Profissional das Pessoas com Defici\u00eancia - PORTAL INCLUIR<\/title>\n<meta name=\"robots\" content=\"index, follow, max-snippet:-1, max-image-preview:large, max-video-preview:-1\" \/>\n<link rel=\"canonical\" href=\"https:\/\/portalincluir.com.br\/index.php\/2025\/12\/10\/networking-e-inclusao-o-proximo-passo-na-igualdade-profissional-das-pessoas-com-deficiencia\/\" \/>\n<meta property=\"og:locale\" content=\"pt_BR\" \/>\n<meta property=\"og:type\" content=\"article\" \/>\n<meta property=\"og:title\" content=\"Networking e Inclus\u00e3o: O Pr\u00f3ximo Passo na Igualdade Profissional das Pessoas com Defici\u00eancia - PORTAL INCLUIR\" \/>\n<meta property=\"og:description\" content=\"Durante muito tempo, falar sobre inclus\u00e3o de pessoas com defici\u00eancia significou, antes de tudo, lutar\" \/>\n<meta property=\"og:url\" content=\"https:\/\/portalincluir.com.br\/index.php\/2025\/12\/10\/networking-e-inclusao-o-proximo-passo-na-igualdade-profissional-das-pessoas-com-deficiencia\/\" \/>\n<meta property=\"og:site_name\" content=\"PORTAL INCLUIR\" \/>\n<meta property=\"article:published_time\" content=\"2025-12-11T01:57:17+00:00\" \/>\n<meta property=\"og:image\" content=\"https:\/\/portalincluir.com.br\/wp-content\/uploads\/2025\/12\/networking-e-incusao.jpg\" \/>\n\t<meta property=\"og:image:width\" content=\"2496\" \/>\n\t<meta property=\"og:image:height\" content=\"1664\" \/>\n\t<meta property=\"og:image:type\" content=\"image\/jpeg\" \/>\n<meta name=\"author\" content=\"Portal Incluir\" \/>\n<meta name=\"twitter:card\" content=\"summary_large_image\" \/>\n<meta name=\"twitter:label1\" content=\"Escrito por\" \/>\n\t<meta name=\"twitter:data1\" content=\"Portal Incluir\" \/>\n\t<meta name=\"twitter:label2\" content=\"Est. tempo de leitura\" \/>\n\t<meta name=\"twitter:data2\" content=\"4 minutos\" \/>\n<script type=\"application\/ld+json\" class=\"yoast-schema-graph\">{\"@context\":\"https:\\\/\\\/schema.org\",\"@graph\":[{\"@type\":[\"Article\",\"BlogPosting\"],\"@id\":\"https:\\\/\\\/portalincluir.com.br\\\/index.php\\\/2025\\\/12\\\/10\\\/networking-e-inclusao-o-proximo-passo-na-igualdade-profissional-das-pessoas-com-deficiencia\\\/#article\",\"isPartOf\":{\"@id\":\"https:\\\/\\\/portalincluir.com.br\\\/index.php\\\/2025\\\/12\\\/10\\\/networking-e-inclusao-o-proximo-passo-na-igualdade-profissional-das-pessoas-com-deficiencia\\\/\"},\"author\":{\"name\":\"Portal Incluir\",\"@id\":\"https:\\\/\\\/portalincluir.com.br\\\/#\\\/schema\\\/person\\\/8823664e5902eee555607fb75c4c35ae\"},\"headline\":\"Networking e Inclus\u00e3o: O Pr\u00f3ximo Passo na Igualdade Profissional das Pessoas com Defici\u00eancia\",\"datePublished\":\"2025-12-11T01:57:17+00:00\",\"mainEntityOfPage\":{\"@id\":\"https:\\\/\\\/portalincluir.com.br\\\/index.php\\\/2025\\\/12\\\/10\\\/networking-e-inclusao-o-proximo-passo-na-igualdade-profissional-das-pessoas-com-deficiencia\\\/\"},\"wordCount\":740,\"commentCount\":0,\"image\":{\"@id\":\"https:\\\/\\\/portalincluir.com.br\\\/index.php\\\/2025\\\/12\\\/10\\\/networking-e-inclusao-o-proximo-passo-na-igualdade-profissional-das-pessoas-com-deficiencia\\\/#primaryimage\"},\"thumbnailUrl\":\"https:\\\/\\\/portalincluir.com.br\\\/wp-content\\\/uploads\\\/2025\\\/12\\\/networking-e-incusao.jpg\",\"articleSection\":[\"Opini\u00e3o\",\"Portal\"],\"inLanguage\":\"pt-BR\",\"potentialAction\":[{\"@type\":\"CommentAction\",\"name\":\"Comment\",\"target\":[\"https:\\\/\\\/portalincluir.com.br\\\/index.php\\\/2025\\\/12\\\/10\\\/networking-e-inclusao-o-proximo-passo-na-igualdade-profissional-das-pessoas-com-deficiencia\\\/#respond\"]}]},{\"@type\":\"WebPage\",\"@id\":\"https:\\\/\\\/portalincluir.com.br\\\/index.php\\\/2025\\\/12\\\/10\\\/networking-e-inclusao-o-proximo-passo-na-igualdade-profissional-das-pessoas-com-deficiencia\\\/\",\"url\":\"https:\\\/\\\/portalincluir.com.br\\\/index.php\\\/2025\\\/12\\\/10\\\/networking-e-inclusao-o-proximo-passo-na-igualdade-profissional-das-pessoas-com-deficiencia\\\/\",\"name\":\"Networking e Inclus\u00e3o: O Pr\u00f3ximo Passo na Igualdade Profissional das Pessoas com Defici\u00eancia - PORTAL INCLUIR\",\"isPartOf\":{\"@id\":\"https:\\\/\\\/portalincluir.com.br\\\/#website\"},\"primaryImageOfPage\":{\"@id\":\"https:\\\/\\\/portalincluir.com.br\\\/index.php\\\/2025\\\/12\\\/10\\\/networking-e-inclusao-o-proximo-passo-na-igualdade-profissional-das-pessoas-com-deficiencia\\\/#primaryimage\"},\"image\":{\"@id\":\"https:\\\/\\\/portalincluir.com.br\\\/index.php\\\/2025\\\/12\\\/10\\\/networking-e-inclusao-o-proximo-passo-na-igualdade-profissional-das-pessoas-com-deficiencia\\\/#primaryimage\"},\"thumbnailUrl\":\"https:\\\/\\\/portalincluir.com.br\\\/wp-content\\\/uploads\\\/2025\\\/12\\\/networking-e-incusao.jpg\",\"datePublished\":\"2025-12-11T01:57:17+00:00\",\"author\":{\"@id\":\"https:\\\/\\\/portalincluir.com.br\\\/#\\\/schema\\\/person\\\/8823664e5902eee555607fb75c4c35ae\"},\"breadcrumb\":{\"@id\":\"https:\\\/\\\/portalincluir.com.br\\\/index.php\\\/2025\\\/12\\\/10\\\/networking-e-inclusao-o-proximo-passo-na-igualdade-profissional-das-pessoas-com-deficiencia\\\/#breadcrumb\"},\"inLanguage\":\"pt-BR\",\"potentialAction\":[{\"@type\":\"ReadAction\",\"target\":[\"https:\\\/\\\/portalincluir.com.br\\\/index.php\\\/2025\\\/12\\\/10\\\/networking-e-inclusao-o-proximo-passo-na-igualdade-profissional-das-pessoas-com-deficiencia\\\/\"]}]},{\"@type\":\"ImageObject\",\"inLanguage\":\"pt-BR\",\"@id\":\"https:\\\/\\\/portalincluir.com.br\\\/index.php\\\/2025\\\/12\\\/10\\\/networking-e-inclusao-o-proximo-passo-na-igualdade-profissional-das-pessoas-com-deficiencia\\\/#primaryimage\",\"url\":\"https:\\\/\\\/portalincluir.com.br\\\/wp-content\\\/uploads\\\/2025\\\/12\\\/networking-e-incusao.jpg\",\"contentUrl\":\"https:\\\/\\\/portalincluir.com.br\\\/wp-content\\\/uploads\\\/2025\\\/12\\\/networking-e-incusao.jpg\",\"width\":2496,\"height\":1664},{\"@type\":\"BreadcrumbList\",\"@id\":\"https:\\\/\\\/portalincluir.com.br\\\/index.php\\\/2025\\\/12\\\/10\\\/networking-e-inclusao-o-proximo-passo-na-igualdade-profissional-das-pessoas-com-deficiencia\\\/#breadcrumb\",\"itemListElement\":[{\"@type\":\"ListItem\",\"position\":1,\"name\":\"In\u00edcio\",\"item\":\"https:\\\/\\\/portalincluir.com.br\\\/\"},{\"@type\":\"ListItem\",\"position\":2,\"name\":\"Networking e Inclus\u00e3o: O Pr\u00f3ximo Passo na Igualdade Profissional das Pessoas com Defici\u00eancia\"}]},{\"@type\":\"WebSite\",\"@id\":\"https:\\\/\\\/portalincluir.com.br\\\/#website\",\"url\":\"https:\\\/\\\/portalincluir.com.br\\\/\",\"name\":\"PORTAL INCLUIR\",\"description\":\"\",\"potentialAction\":[{\"@type\":\"SearchAction\",\"target\":{\"@type\":\"EntryPoint\",\"urlTemplate\":\"https:\\\/\\\/portalincluir.com.br\\\/?s={search_term_string}\"},\"query-input\":{\"@type\":\"PropertyValueSpecification\",\"valueRequired\":true,\"valueName\":\"search_term_string\"}}],\"inLanguage\":\"pt-BR\"},{\"@type\":\"Person\",\"@id\":\"https:\\\/\\\/portalincluir.com.br\\\/#\\\/schema\\\/person\\\/8823664e5902eee555607fb75c4c35ae\",\"name\":\"Portal Incluir\",\"image\":{\"@type\":\"ImageObject\",\"inLanguage\":\"pt-BR\",\"@id\":\"https:\\\/\\\/secure.gravatar.com\\\/avatar\\\/12085fe17e70c3550551519fe1f8f51fae69b1748563a47fc3bea53d91fbcbbd?s=96&d=mm&r=g\",\"url\":\"https:\\\/\\\/secure.gravatar.com\\\/avatar\\\/12085fe17e70c3550551519fe1f8f51fae69b1748563a47fc3bea53d91fbcbbd?s=96&d=mm&r=g\",\"contentUrl\":\"https:\\\/\\\/secure.gravatar.com\\\/avatar\\\/12085fe17e70c3550551519fe1f8f51fae69b1748563a47fc3bea53d91fbcbbd?s=96&d=mm&r=g\",\"caption\":\"Portal Incluir\"},\"sameAs\":[\"http:\\\/\\\/portalincluir.com.br\"],\"url\":\"https:\\\/\\\/portalincluir.com.br\\\/index.php\\\/author\\\/portalincluir-com-br\\\/\"}]}<\/script>\n<!-- \/ Yoast SEO plugin. -->","yoast_head_json":{"title":"Networking e Inclus\u00e3o: O Pr\u00f3ximo Passo na Igualdade Profissional das Pessoas com Defici\u00eancia - PORTAL INCLUIR","robots":{"index":"index","follow":"follow","max-snippet":"max-snippet:-1","max-image-preview":"max-image-preview:large","max-video-preview":"max-video-preview:-1"},"canonical":"https:\/\/portalincluir.com.br\/index.php\/2025\/12\/10\/networking-e-inclusao-o-proximo-passo-na-igualdade-profissional-das-pessoas-com-deficiencia\/","og_locale":"pt_BR","og_type":"article","og_title":"Networking e Inclus\u00e3o: O Pr\u00f3ximo Passo na Igualdade Profissional das Pessoas com Defici\u00eancia - PORTAL INCLUIR","og_description":"Durante muito tempo, falar sobre inclus\u00e3o de pessoas com defici\u00eancia significou, antes de tudo, lutar","og_url":"https:\/\/portalincluir.com.br\/index.php\/2025\/12\/10\/networking-e-inclusao-o-proximo-passo-na-igualdade-profissional-das-pessoas-com-deficiencia\/","og_site_name":"PORTAL INCLUIR","article_published_time":"2025-12-11T01:57:17+00:00","og_image":[{"width":2496,"height":1664,"url":"https:\/\/portalincluir.com.br\/wp-content\/uploads\/2025\/12\/networking-e-incusao.jpg","type":"image\/jpeg"}],"author":"Portal Incluir","twitter_card":"summary_large_image","twitter_misc":{"Escrito por":"Portal Incluir","Est. tempo de leitura":"4 minutos"},"schema":{"@context":"https:\/\/schema.org","@graph":[{"@type":["Article","BlogPosting"],"@id":"https:\/\/portalincluir.com.br\/index.php\/2025\/12\/10\/networking-e-inclusao-o-proximo-passo-na-igualdade-profissional-das-pessoas-com-deficiencia\/#article","isPartOf":{"@id":"https:\/\/portalincluir.com.br\/index.php\/2025\/12\/10\/networking-e-inclusao-o-proximo-passo-na-igualdade-profissional-das-pessoas-com-deficiencia\/"},"author":{"name":"Portal Incluir","@id":"https:\/\/portalincluir.com.br\/#\/schema\/person\/8823664e5902eee555607fb75c4c35ae"},"headline":"Networking e Inclus\u00e3o: O Pr\u00f3ximo Passo na Igualdade Profissional das Pessoas com Defici\u00eancia","datePublished":"2025-12-11T01:57:17+00:00","mainEntityOfPage":{"@id":"https:\/\/portalincluir.com.br\/index.php\/2025\/12\/10\/networking-e-inclusao-o-proximo-passo-na-igualdade-profissional-das-pessoas-com-deficiencia\/"},"wordCount":740,"commentCount":0,"image":{"@id":"https:\/\/portalincluir.com.br\/index.php\/2025\/12\/10\/networking-e-inclusao-o-proximo-passo-na-igualdade-profissional-das-pessoas-com-deficiencia\/#primaryimage"},"thumbnailUrl":"https:\/\/portalincluir.com.br\/wp-content\/uploads\/2025\/12\/networking-e-incusao.jpg","articleSection":["Opini\u00e3o","Portal"],"inLanguage":"pt-BR","potentialAction":[{"@type":"CommentAction","name":"Comment","target":["https:\/\/portalincluir.com.br\/index.php\/2025\/12\/10\/networking-e-inclusao-o-proximo-passo-na-igualdade-profissional-das-pessoas-com-deficiencia\/#respond"]}]},{"@type":"WebPage","@id":"https:\/\/portalincluir.com.br\/index.php\/2025\/12\/10\/networking-e-inclusao-o-proximo-passo-na-igualdade-profissional-das-pessoas-com-deficiencia\/","url":"https:\/\/portalincluir.com.br\/index.php\/2025\/12\/10\/networking-e-inclusao-o-proximo-passo-na-igualdade-profissional-das-pessoas-com-deficiencia\/","name":"Networking e Inclus\u00e3o: O Pr\u00f3ximo Passo na Igualdade Profissional das Pessoas com Defici\u00eancia - PORTAL INCLUIR","isPartOf":{"@id":"https:\/\/portalincluir.com.br\/#website"},"primaryImageOfPage":{"@id":"https:\/\/portalincluir.com.br\/index.php\/2025\/12\/10\/networking-e-inclusao-o-proximo-passo-na-igualdade-profissional-das-pessoas-com-deficiencia\/#primaryimage"},"image":{"@id":"https:\/\/portalincluir.com.br\/index.php\/2025\/12\/10\/networking-e-inclusao-o-proximo-passo-na-igualdade-profissional-das-pessoas-com-deficiencia\/#primaryimage"},"thumbnailUrl":"https:\/\/portalincluir.com.br\/wp-content\/uploads\/2025\/12\/networking-e-incusao.jpg","datePublished":"2025-12-11T01:57:17+00:00","author":{"@id":"https:\/\/portalincluir.com.br\/#\/schema\/person\/8823664e5902eee555607fb75c4c35ae"},"breadcrumb":{"@id":"https:\/\/portalincluir.com.br\/index.php\/2025\/12\/10\/networking-e-inclusao-o-proximo-passo-na-igualdade-profissional-das-pessoas-com-deficiencia\/#breadcrumb"},"inLanguage":"pt-BR","potentialAction":[{"@type":"ReadAction","target":["https:\/\/portalincluir.com.br\/index.php\/2025\/12\/10\/networking-e-inclusao-o-proximo-passo-na-igualdade-profissional-das-pessoas-com-deficiencia\/"]}]},{"@type":"ImageObject","inLanguage":"pt-BR","@id":"https:\/\/portalincluir.com.br\/index.php\/2025\/12\/10\/networking-e-inclusao-o-proximo-passo-na-igualdade-profissional-das-pessoas-com-deficiencia\/#primaryimage","url":"https:\/\/portalincluir.com.br\/wp-content\/uploads\/2025\/12\/networking-e-incusao.jpg","contentUrl":"https:\/\/portalincluir.com.br\/wp-content\/uploads\/2025\/12\/networking-e-incusao.jpg","width":2496,"height":1664},{"@type":"BreadcrumbList","@id":"https:\/\/portalincluir.com.br\/index.php\/2025\/12\/10\/networking-e-inclusao-o-proximo-passo-na-igualdade-profissional-das-pessoas-com-deficiencia\/#breadcrumb","itemListElement":[{"@type":"ListItem","position":1,"name":"In\u00edcio","item":"https:\/\/portalincluir.com.br\/"},{"@type":"ListItem","position":2,"name":"Networking e Inclus\u00e3o: O Pr\u00f3ximo Passo na Igualdade Profissional das Pessoas com Defici\u00eancia"}]},{"@type":"WebSite","@id":"https:\/\/portalincluir.com.br\/#website","url":"https:\/\/portalincluir.com.br\/","name":"PORTAL INCLUIR","description":"","potentialAction":[{"@type":"SearchAction","target":{"@type":"EntryPoint","urlTemplate":"https:\/\/portalincluir.com.br\/?s={search_term_string}"},"query-input":{"@type":"PropertyValueSpecification","valueRequired":true,"valueName":"search_term_string"}}],"inLanguage":"pt-BR"},{"@type":"Person","@id":"https:\/\/portalincluir.com.br\/#\/schema\/person\/8823664e5902eee555607fb75c4c35ae","name":"Portal Incluir","image":{"@type":"ImageObject","inLanguage":"pt-BR","@id":"https:\/\/secure.gravatar.com\/avatar\/12085fe17e70c3550551519fe1f8f51fae69b1748563a47fc3bea53d91fbcbbd?s=96&d=mm&r=g","url":"https:\/\/secure.gravatar.com\/avatar\/12085fe17e70c3550551519fe1f8f51fae69b1748563a47fc3bea53d91fbcbbd?s=96&d=mm&r=g","contentUrl":"https:\/\/secure.gravatar.com\/avatar\/12085fe17e70c3550551519fe1f8f51fae69b1748563a47fc3bea53d91fbcbbd?s=96&d=mm&r=g","caption":"Portal Incluir"},"sameAs":["http:\/\/portalincluir.com.br"],"url":"https:\/\/portalincluir.com.br\/index.php\/author\/portalincluir-com-br\/"}]}},"_links":{"self":[{"href":"https:\/\/portalincluir.com.br\/index.php\/wp-json\/wp\/v2\/posts\/793","targetHints":{"allow":["GET"]}}],"collection":[{"href":"https:\/\/portalincluir.com.br\/index.php\/wp-json\/wp\/v2\/posts"}],"about":[{"href":"https:\/\/portalincluir.com.br\/index.php\/wp-json\/wp\/v2\/types\/post"}],"author":[{"embeddable":true,"href":"https:\/\/portalincluir.com.br\/index.php\/wp-json\/wp\/v2\/users\/1"}],"replies":[{"embeddable":true,"href":"https:\/\/portalincluir.com.br\/index.php\/wp-json\/wp\/v2\/comments?post=793"}],"version-history":[{"count":2,"href":"https:\/\/portalincluir.com.br\/index.php\/wp-json\/wp\/v2\/posts\/793\/revisions"}],"predecessor-version":[{"id":797,"href":"https:\/\/portalincluir.com.br\/index.php\/wp-json\/wp\/v2\/posts\/793\/revisions\/797"}],"wp:featuredmedia":[{"embeddable":true,"href":"https:\/\/portalincluir.com.br\/index.php\/wp-json\/wp\/v2\/media\/794"}],"wp:attachment":[{"href":"https:\/\/portalincluir.com.br\/index.php\/wp-json\/wp\/v2\/media?parent=793"}],"wp:term":[{"taxonomy":"category","embeddable":true,"href":"https:\/\/portalincluir.com.br\/index.php\/wp-json\/wp\/v2\/categories?post=793"},{"taxonomy":"post_tag","embeddable":true,"href":"https:\/\/portalincluir.com.br\/index.php\/wp-json\/wp\/v2\/tags?post=793"}],"curies":[{"name":"wp","href":"https:\/\/api.w.org\/{rel}","templated":true}]}}