{"id":798,"date":"2025-12-07T23:21:58","date_gmt":"2025-12-08T02:21:58","guid":{"rendered":"https:\/\/portalincluir.com.br\/?p=798"},"modified":"2025-12-07T23:29:44","modified_gmt":"2025-12-08T02:29:44","slug":"empatia-o-desafio-de-ouvir-com-o-coracao","status":"publish","type":"post","link":"https:\/\/portalincluir.com.br\/index.php\/2025\/12\/07\/empatia-o-desafio-de-ouvir-com-o-coracao\/","title":{"rendered":"Empatia: o Desafio de Ouvir com o Cora\u00e7\u00e3o"},"content":{"rendered":"\n<p>\u201cColocar-se no lugar do outro \u00e9 imposs\u00edvel.\u201d A afirma\u00e7\u00e3o do consultor e palestrante Guilherme Bara soa quase como uma provoca\u00e7\u00e3o, especialmente em tempos em que a empatia virou palavra de ordem nas redes sociais, nas escolas e nas empresas. Mas, quando olhamos mais de perto, percebemos que ele est\u00e1 coberto de raz\u00e3o.<\/p>\n\n\n\n<p>Afinal, ningu\u00e9m consegue, de fato, cal\u00e7ar os sapatos do outro e percorrer o mesmo caminho. Cada ser humano carrega suas dores, suas pot\u00eancias e suas hist\u00f3rias de um modo \u00fanico. O que Bara prop\u00f5e \u00e9 uma virada de chave: empatia n\u00e3o \u00e9 \u201cser o outro\u201d, \u00e9&nbsp;<strong>acolher o outro<\/strong>. \u00c9 ouvir o que ele sente e pensa, n\u00e3o a partir da nossa experi\u00eancia, mas sob a refer\u00eancia dele.<\/p>\n\n\n\n<p>Isso exige humildade. No caso das pessoas com defici\u00eancia, por exemplo, \u00e9 comum ver gestores e colegas tentando adivinhar o que seria melhor para elas \u2014 muitas vezes, com a melhor das inten\u00e7\u00f5es. \u201cTalvez seja dif\u00edcil para ele viajar sozinho\u201d, pensam. Mas o convite de Bara \u00e9 outro:&nbsp;<strong>pergunte primeiro<\/strong>. A pessoa com defici\u00eancia \u00e9 plenamente capaz de dizer o que pode fazer e de que apoios precisa para realizar uma tarefa.<\/p>\n\n\n\n<figure class=\"wp-block-image size-full\"><img loading=\"lazy\" decoding=\"async\" width=\"850\" height=\"510\" src=\"https:\/\/portalincluir.com.br\/wp-content\/uploads\/2025\/12\/guiherme-bara-1.jpeg\" alt=\"\" class=\"wp-image-801\" srcset=\"https:\/\/portalincluir.com.br\/wp-content\/uploads\/2025\/12\/guiherme-bara-1.jpeg 850w, https:\/\/portalincluir.com.br\/wp-content\/uploads\/2025\/12\/guiherme-bara-1-300x180.jpeg 300w, https:\/\/portalincluir.com.br\/wp-content\/uploads\/2025\/12\/guiherme-bara-1-768x461.jpeg 768w\" sizes=\"auto, (max-width: 850px) 100vw, 850px\" \/><figcaption class=\"wp-element-caption\">Guilherme Bara<\/figcaption><\/figure>\n\n\n\n<p>Empatia verdadeira nasce desse di\u00e1logo. \u00c9 sair do conforto da dedu\u00e7\u00e3o e mergulhar no territ\u00f3rio do respeito. \u00c9 reconhecer que o outro sabe sobre si mesmo muito mais do que qualquer suposi\u00e7\u00e3o poderia alcan\u00e7ar.<\/p>\n\n\n\n<p>Se quisermos uma sociedade mais justa e inclusiva, precisamos reaprender a escutar \u2014 e escutar de verdade. Empatia n\u00e3o \u00e9 sobre imaginar a vida do outro a partir dos nossos olhos, mas sobre enxergar o mundo atrav\u00e9s daquilo que o outro nos revela. \u00c9 um exerc\u00edcio de presen\u00e7a, aten\u00e7\u00e3o e humanidade. Somente assim poderemos viver o&nbsp;<strong>respeito genu\u00edno pelas diferen\u00e7as<\/strong>, n\u00e3o como um discurso, mas como pr\u00e1tica di\u00e1ria.<\/p>\n\n\n\n<blockquote class=\"wp-block-quote is-layout-flow wp-block-quote-is-layout-flow\">\n<ul class=\"wp-block-list\"><\/ul>\n<\/blockquote>\n\n\n\n<figure class=\"wp-block-image aligncenter size-large\"><img decoding=\"async\" src=\"https:\/\/portalincluir.com.br\/wp-content\/uploads\/2025\/10\/Banner-blog.png\" alt=\"\"\/><figcaption class=\"wp-element-caption\">PUBLICIDADE<\/figcaption><\/figure>\n\n\n\n<p><strong>QUEM \u00c9 GUILHERME BARA<\/strong><\/p>\n\n\n\n<p>Guilherme tem uma defici\u00eancia visual decorrente de uma Retinose Pigmentar, condi\u00e7\u00e3o heredit\u00e1ria e degenerativa que come\u00e7ou a causar problemas na retina por volta dos 4, 5 anos de idade e foi provocando a perda gradual da vis\u00e3o.<br><br>Depois de enfrentar diversos obst\u00e1culos para conseguir se estabelecer no mercado de trabalho, come\u00e7ou a se engajar na causa de diversidade e inclus\u00e3o de pessoas com defici\u00eancia. Para isso, atua dentro e fora das empresas, abordando o assunto sempre com bastante respeito.<\/p>\n\n\n\n<p>Entre suas posi\u00e7\u00f5es de destaque no mercado, j\u00e1 foi coordenador de licita\u00e7\u00f5es e marketing da Suvinil e chefe de gabinete da Secretaria da Pessoa com Defici\u00eancia de S\u00e3o Paulo. Atualmente, \u00e9 coordenador do Comit\u00ea Executivo de Diversidade da C\u00e2mara Brasil-Alemanha.<br><br>Como palestrante j\u00e1 realizou mais de 500 apresenta\u00e7\u00f5es e treinamentos em escolas p\u00fablicas e particulares, universidades, empresas, congressos e f\u00f3runs.<\/p>\n\n\n\n<p>Por J\u00fanior Patente<\/p>\n","protected":false},"excerpt":{"rendered":"<p>\u201cColocar-se no lugar do outro \u00e9 imposs\u00edvel.\u201d A afirma\u00e7\u00e3o do consultor e palestrante Guilherme Bara<\/p>\n","protected":false},"author":1,"featured_media":799,"comment_status":"open","ping_status":"open","sticky":false,"template":"","format":"standard","meta":{"om_disable_all_campaigns":false,"_monsterinsights_skip_tracking":false,"_monsterinsights_sitenote_active":false,"_monsterinsights_sitenote_note":"","_monsterinsights_sitenote_category":0,"_uf_show_specific_survey":0,"_uf_disable_surveys":false,"footnotes":""},"categories":[15,9],"tags":[],"class_list":["post-798","post","type-post","status-publish","format-standard","has-post-thumbnail","hentry","category-deficiencia-visual","category-noticias"],"yoast_head":"<!-- This site is optimized with the Yoast SEO plugin v27.4 - https:\/\/yoast.com\/product\/yoast-seo-wordpress\/ -->\n<title>Empatia: o Desafio de Ouvir com o Cora\u00e7\u00e3o - PORTAL INCLUIR<\/title>\n<meta name=\"robots\" content=\"index, follow, max-snippet:-1, max-image-preview:large, max-video-preview:-1\" \/>\n<link rel=\"canonical\" href=\"https:\/\/portalincluir.com.br\/index.php\/2025\/12\/07\/empatia-o-desafio-de-ouvir-com-o-coracao\/\" \/>\n<meta property=\"og:locale\" content=\"pt_BR\" \/>\n<meta property=\"og:type\" content=\"article\" \/>\n<meta property=\"og:title\" content=\"Empatia: o Desafio de Ouvir com o Cora\u00e7\u00e3o - PORTAL INCLUIR\" \/>\n<meta property=\"og:description\" content=\"\u201cColocar-se no lugar do outro \u00e9 imposs\u00edvel.\u201d A afirma\u00e7\u00e3o do consultor e palestrante Guilherme Bara\" \/>\n<meta property=\"og:url\" content=\"https:\/\/portalincluir.com.br\/index.php\/2025\/12\/07\/empatia-o-desafio-de-ouvir-com-o-coracao\/\" \/>\n<meta property=\"og:site_name\" content=\"PORTAL INCLUIR\" \/>\n<meta property=\"article:published_time\" content=\"2025-12-08T02:21:58+00:00\" \/>\n<meta property=\"article:modified_time\" content=\"2025-12-08T02:29:44+00:00\" \/>\n<meta property=\"og:image\" content=\"https:\/\/portalincluir.com.br\/wp-content\/uploads\/2025\/12\/empatia.jpg\" \/>\n\t<meta property=\"og:image:width\" content=\"2496\" \/>\n\t<meta property=\"og:image:height\" content=\"1664\" \/>\n\t<meta property=\"og:image:type\" content=\"image\/jpeg\" \/>\n<meta name=\"author\" content=\"Portal Incluir\" \/>\n<meta name=\"twitter:card\" content=\"summary_large_image\" \/>\n<meta name=\"twitter:label1\" content=\"Escrito por\" \/>\n\t<meta name=\"twitter:data1\" content=\"Portal Incluir\" \/>\n\t<meta name=\"twitter:label2\" content=\"Est. tempo de leitura\" \/>\n\t<meta name=\"twitter:data2\" content=\"4 minutos\" \/>\n<script type=\"application\/ld+json\" class=\"yoast-schema-graph\">{\"@context\":\"https:\\\/\\\/schema.org\",\"@graph\":[{\"@type\":[\"Article\",\"BlogPosting\"],\"@id\":\"https:\\\/\\\/portalincluir.com.br\\\/index.php\\\/2025\\\/12\\\/07\\\/empatia-o-desafio-de-ouvir-com-o-coracao\\\/#article\",\"isPartOf\":{\"@id\":\"https:\\\/\\\/portalincluir.com.br\\\/index.php\\\/2025\\\/12\\\/07\\\/empatia-o-desafio-de-ouvir-com-o-coracao\\\/\"},\"author\":{\"name\":\"Portal Incluir\",\"@id\":\"https:\\\/\\\/portalincluir.com.br\\\/#\\\/schema\\\/person\\\/8823664e5902eee555607fb75c4c35ae\"},\"headline\":\"Empatia: o Desafio de Ouvir com o Cora\u00e7\u00e3o\",\"datePublished\":\"2025-12-08T02:21:58+00:00\",\"dateModified\":\"2025-12-08T02:29:44+00:00\",\"mainEntityOfPage\":{\"@id\":\"https:\\\/\\\/portalincluir.com.br\\\/index.php\\\/2025\\\/12\\\/07\\\/empatia-o-desafio-de-ouvir-com-o-coracao\\\/\"},\"wordCount\":486,\"commentCount\":0,\"image\":{\"@id\":\"https:\\\/\\\/portalincluir.com.br\\\/index.php\\\/2025\\\/12\\\/07\\\/empatia-o-desafio-de-ouvir-com-o-coracao\\\/#primaryimage\"},\"thumbnailUrl\":\"https:\\\/\\\/portalincluir.com.br\\\/wp-content\\\/uploads\\\/2025\\\/12\\\/empatia.jpg\",\"articleSection\":[\"Defici\u00eancia Visual\",\"Not\u00edcias\"],\"inLanguage\":\"pt-BR\",\"potentialAction\":[{\"@type\":\"CommentAction\",\"name\":\"Comment\",\"target\":[\"https:\\\/\\\/portalincluir.com.br\\\/index.php\\\/2025\\\/12\\\/07\\\/empatia-o-desafio-de-ouvir-com-o-coracao\\\/#respond\"]}]},{\"@type\":\"WebPage\",\"@id\":\"https:\\\/\\\/portalincluir.com.br\\\/index.php\\\/2025\\\/12\\\/07\\\/empatia-o-desafio-de-ouvir-com-o-coracao\\\/\",\"url\":\"https:\\\/\\\/portalincluir.com.br\\\/index.php\\\/2025\\\/12\\\/07\\\/empatia-o-desafio-de-ouvir-com-o-coracao\\\/\",\"name\":\"Empatia: o Desafio de Ouvir com o Cora\u00e7\u00e3o - PORTAL INCLUIR\",\"isPartOf\":{\"@id\":\"https:\\\/\\\/portalincluir.com.br\\\/#website\"},\"primaryImageOfPage\":{\"@id\":\"https:\\\/\\\/portalincluir.com.br\\\/index.php\\\/2025\\\/12\\\/07\\\/empatia-o-desafio-de-ouvir-com-o-coracao\\\/#primaryimage\"},\"image\":{\"@id\":\"https:\\\/\\\/portalincluir.com.br\\\/index.php\\\/2025\\\/12\\\/07\\\/empatia-o-desafio-de-ouvir-com-o-coracao\\\/#primaryimage\"},\"thumbnailUrl\":\"https:\\\/\\\/portalincluir.com.br\\\/wp-content\\\/uploads\\\/2025\\\/12\\\/empatia.jpg\",\"datePublished\":\"2025-12-08T02:21:58+00:00\",\"dateModified\":\"2025-12-08T02:29:44+00:00\",\"author\":{\"@id\":\"https:\\\/\\\/portalincluir.com.br\\\/#\\\/schema\\\/person\\\/8823664e5902eee555607fb75c4c35ae\"},\"breadcrumb\":{\"@id\":\"https:\\\/\\\/portalincluir.com.br\\\/index.php\\\/2025\\\/12\\\/07\\\/empatia-o-desafio-de-ouvir-com-o-coracao\\\/#breadcrumb\"},\"inLanguage\":\"pt-BR\",\"potentialAction\":[{\"@type\":\"ReadAction\",\"target\":[\"https:\\\/\\\/portalincluir.com.br\\\/index.php\\\/2025\\\/12\\\/07\\\/empatia-o-desafio-de-ouvir-com-o-coracao\\\/\"]}]},{\"@type\":\"ImageObject\",\"inLanguage\":\"pt-BR\",\"@id\":\"https:\\\/\\\/portalincluir.com.br\\\/index.php\\\/2025\\\/12\\\/07\\\/empatia-o-desafio-de-ouvir-com-o-coracao\\\/#primaryimage\",\"url\":\"https:\\\/\\\/portalincluir.com.br\\\/wp-content\\\/uploads\\\/2025\\\/12\\\/empatia.jpg\",\"contentUrl\":\"https:\\\/\\\/portalincluir.com.br\\\/wp-content\\\/uploads\\\/2025\\\/12\\\/empatia.jpg\",\"width\":2496,\"height\":1664},{\"@type\":\"BreadcrumbList\",\"@id\":\"https:\\\/\\\/portalincluir.com.br\\\/index.php\\\/2025\\\/12\\\/07\\\/empatia-o-desafio-de-ouvir-com-o-coracao\\\/#breadcrumb\",\"itemListElement\":[{\"@type\":\"ListItem\",\"position\":1,\"name\":\"In\u00edcio\",\"item\":\"https:\\\/\\\/portalincluir.com.br\\\/\"},{\"@type\":\"ListItem\",\"position\":2,\"name\":\"Empatia: o Desafio de Ouvir com o Cora\u00e7\u00e3o\"}]},{\"@type\":\"WebSite\",\"@id\":\"https:\\\/\\\/portalincluir.com.br\\\/#website\",\"url\":\"https:\\\/\\\/portalincluir.com.br\\\/\",\"name\":\"PORTAL INCLUIR\",\"description\":\"\",\"potentialAction\":[{\"@type\":\"SearchAction\",\"target\":{\"@type\":\"EntryPoint\",\"urlTemplate\":\"https:\\\/\\\/portalincluir.com.br\\\/?s={search_term_string}\"},\"query-input\":{\"@type\":\"PropertyValueSpecification\",\"valueRequired\":true,\"valueName\":\"search_term_string\"}}],\"inLanguage\":\"pt-BR\"},{\"@type\":\"Person\",\"@id\":\"https:\\\/\\\/portalincluir.com.br\\\/#\\\/schema\\\/person\\\/8823664e5902eee555607fb75c4c35ae\",\"name\":\"Portal Incluir\",\"image\":{\"@type\":\"ImageObject\",\"inLanguage\":\"pt-BR\",\"@id\":\"https:\\\/\\\/secure.gravatar.com\\\/avatar\\\/12085fe17e70c3550551519fe1f8f51fae69b1748563a47fc3bea53d91fbcbbd?s=96&d=mm&r=g\",\"url\":\"https:\\\/\\\/secure.gravatar.com\\\/avatar\\\/12085fe17e70c3550551519fe1f8f51fae69b1748563a47fc3bea53d91fbcbbd?s=96&d=mm&r=g\",\"contentUrl\":\"https:\\\/\\\/secure.gravatar.com\\\/avatar\\\/12085fe17e70c3550551519fe1f8f51fae69b1748563a47fc3bea53d91fbcbbd?s=96&d=mm&r=g\",\"caption\":\"Portal Incluir\"},\"sameAs\":[\"http:\\\/\\\/portalincluir.com.br\"],\"url\":\"https:\\\/\\\/portalincluir.com.br\\\/index.php\\\/author\\\/portalincluir-com-br\\\/\"}]}<\/script>\n<!-- \/ Yoast SEO plugin. -->","yoast_head_json":{"title":"Empatia: o Desafio de Ouvir com o Cora\u00e7\u00e3o - PORTAL INCLUIR","robots":{"index":"index","follow":"follow","max-snippet":"max-snippet:-1","max-image-preview":"max-image-preview:large","max-video-preview":"max-video-preview:-1"},"canonical":"https:\/\/portalincluir.com.br\/index.php\/2025\/12\/07\/empatia-o-desafio-de-ouvir-com-o-coracao\/","og_locale":"pt_BR","og_type":"article","og_title":"Empatia: o Desafio de Ouvir com o Cora\u00e7\u00e3o - PORTAL INCLUIR","og_description":"\u201cColocar-se no lugar do outro \u00e9 imposs\u00edvel.\u201d A afirma\u00e7\u00e3o do consultor e palestrante Guilherme Bara","og_url":"https:\/\/portalincluir.com.br\/index.php\/2025\/12\/07\/empatia-o-desafio-de-ouvir-com-o-coracao\/","og_site_name":"PORTAL INCLUIR","article_published_time":"2025-12-08T02:21:58+00:00","article_modified_time":"2025-12-08T02:29:44+00:00","og_image":[{"width":2496,"height":1664,"url":"https:\/\/portalincluir.com.br\/wp-content\/uploads\/2025\/12\/empatia.jpg","type":"image\/jpeg"}],"author":"Portal Incluir","twitter_card":"summary_large_image","twitter_misc":{"Escrito por":"Portal Incluir","Est. tempo de leitura":"4 minutos"},"schema":{"@context":"https:\/\/schema.org","@graph":[{"@type":["Article","BlogPosting"],"@id":"https:\/\/portalincluir.com.br\/index.php\/2025\/12\/07\/empatia-o-desafio-de-ouvir-com-o-coracao\/#article","isPartOf":{"@id":"https:\/\/portalincluir.com.br\/index.php\/2025\/12\/07\/empatia-o-desafio-de-ouvir-com-o-coracao\/"},"author":{"name":"Portal Incluir","@id":"https:\/\/portalincluir.com.br\/#\/schema\/person\/8823664e5902eee555607fb75c4c35ae"},"headline":"Empatia: o Desafio de Ouvir com o Cora\u00e7\u00e3o","datePublished":"2025-12-08T02:21:58+00:00","dateModified":"2025-12-08T02:29:44+00:00","mainEntityOfPage":{"@id":"https:\/\/portalincluir.com.br\/index.php\/2025\/12\/07\/empatia-o-desafio-de-ouvir-com-o-coracao\/"},"wordCount":486,"commentCount":0,"image":{"@id":"https:\/\/portalincluir.com.br\/index.php\/2025\/12\/07\/empatia-o-desafio-de-ouvir-com-o-coracao\/#primaryimage"},"thumbnailUrl":"https:\/\/portalincluir.com.br\/wp-content\/uploads\/2025\/12\/empatia.jpg","articleSection":["Defici\u00eancia Visual","Not\u00edcias"],"inLanguage":"pt-BR","potentialAction":[{"@type":"CommentAction","name":"Comment","target":["https:\/\/portalincluir.com.br\/index.php\/2025\/12\/07\/empatia-o-desafio-de-ouvir-com-o-coracao\/#respond"]}]},{"@type":"WebPage","@id":"https:\/\/portalincluir.com.br\/index.php\/2025\/12\/07\/empatia-o-desafio-de-ouvir-com-o-coracao\/","url":"https:\/\/portalincluir.com.br\/index.php\/2025\/12\/07\/empatia-o-desafio-de-ouvir-com-o-coracao\/","name":"Empatia: o Desafio de Ouvir com o Cora\u00e7\u00e3o - PORTAL INCLUIR","isPartOf":{"@id":"https:\/\/portalincluir.com.br\/#website"},"primaryImageOfPage":{"@id":"https:\/\/portalincluir.com.br\/index.php\/2025\/12\/07\/empatia-o-desafio-de-ouvir-com-o-coracao\/#primaryimage"},"image":{"@id":"https:\/\/portalincluir.com.br\/index.php\/2025\/12\/07\/empatia-o-desafio-de-ouvir-com-o-coracao\/#primaryimage"},"thumbnailUrl":"https:\/\/portalincluir.com.br\/wp-content\/uploads\/2025\/12\/empatia.jpg","datePublished":"2025-12-08T02:21:58+00:00","dateModified":"2025-12-08T02:29:44+00:00","author":{"@id":"https:\/\/portalincluir.com.br\/#\/schema\/person\/8823664e5902eee555607fb75c4c35ae"},"breadcrumb":{"@id":"https:\/\/portalincluir.com.br\/index.php\/2025\/12\/07\/empatia-o-desafio-de-ouvir-com-o-coracao\/#breadcrumb"},"inLanguage":"pt-BR","potentialAction":[{"@type":"ReadAction","target":["https:\/\/portalincluir.com.br\/index.php\/2025\/12\/07\/empatia-o-desafio-de-ouvir-com-o-coracao\/"]}]},{"@type":"ImageObject","inLanguage":"pt-BR","@id":"https:\/\/portalincluir.com.br\/index.php\/2025\/12\/07\/empatia-o-desafio-de-ouvir-com-o-coracao\/#primaryimage","url":"https:\/\/portalincluir.com.br\/wp-content\/uploads\/2025\/12\/empatia.jpg","contentUrl":"https:\/\/portalincluir.com.br\/wp-content\/uploads\/2025\/12\/empatia.jpg","width":2496,"height":1664},{"@type":"BreadcrumbList","@id":"https:\/\/portalincluir.com.br\/index.php\/2025\/12\/07\/empatia-o-desafio-de-ouvir-com-o-coracao\/#breadcrumb","itemListElement":[{"@type":"ListItem","position":1,"name":"In\u00edcio","item":"https:\/\/portalincluir.com.br\/"},{"@type":"ListItem","position":2,"name":"Empatia: o Desafio de Ouvir com o Cora\u00e7\u00e3o"}]},{"@type":"WebSite","@id":"https:\/\/portalincluir.com.br\/#website","url":"https:\/\/portalincluir.com.br\/","name":"PORTAL INCLUIR","description":"","potentialAction":[{"@type":"SearchAction","target":{"@type":"EntryPoint","urlTemplate":"https:\/\/portalincluir.com.br\/?s={search_term_string}"},"query-input":{"@type":"PropertyValueSpecification","valueRequired":true,"valueName":"search_term_string"}}],"inLanguage":"pt-BR"},{"@type":"Person","@id":"https:\/\/portalincluir.com.br\/#\/schema\/person\/8823664e5902eee555607fb75c4c35ae","name":"Portal Incluir","image":{"@type":"ImageObject","inLanguage":"pt-BR","@id":"https:\/\/secure.gravatar.com\/avatar\/12085fe17e70c3550551519fe1f8f51fae69b1748563a47fc3bea53d91fbcbbd?s=96&d=mm&r=g","url":"https:\/\/secure.gravatar.com\/avatar\/12085fe17e70c3550551519fe1f8f51fae69b1748563a47fc3bea53d91fbcbbd?s=96&d=mm&r=g","contentUrl":"https:\/\/secure.gravatar.com\/avatar\/12085fe17e70c3550551519fe1f8f51fae69b1748563a47fc3bea53d91fbcbbd?s=96&d=mm&r=g","caption":"Portal Incluir"},"sameAs":["http:\/\/portalincluir.com.br"],"url":"https:\/\/portalincluir.com.br\/index.php\/author\/portalincluir-com-br\/"}]}},"_links":{"self":[{"href":"https:\/\/portalincluir.com.br\/index.php\/wp-json\/wp\/v2\/posts\/798","targetHints":{"allow":["GET"]}}],"collection":[{"href":"https:\/\/portalincluir.com.br\/index.php\/wp-json\/wp\/v2\/posts"}],"about":[{"href":"https:\/\/portalincluir.com.br\/index.php\/wp-json\/wp\/v2\/types\/post"}],"author":[{"embeddable":true,"href":"https:\/\/portalincluir.com.br\/index.php\/wp-json\/wp\/v2\/users\/1"}],"replies":[{"embeddable":true,"href":"https:\/\/portalincluir.com.br\/index.php\/wp-json\/wp\/v2\/comments?post=798"}],"version-history":[{"count":3,"href":"https:\/\/portalincluir.com.br\/index.php\/wp-json\/wp\/v2\/posts\/798\/revisions"}],"predecessor-version":[{"id":806,"href":"https:\/\/portalincluir.com.br\/index.php\/wp-json\/wp\/v2\/posts\/798\/revisions\/806"}],"wp:featuredmedia":[{"embeddable":true,"href":"https:\/\/portalincluir.com.br\/index.php\/wp-json\/wp\/v2\/media\/799"}],"wp:attachment":[{"href":"https:\/\/portalincluir.com.br\/index.php\/wp-json\/wp\/v2\/media?parent=798"}],"wp:term":[{"taxonomy":"category","embeddable":true,"href":"https:\/\/portalincluir.com.br\/index.php\/wp-json\/wp\/v2\/categories?post=798"},{"taxonomy":"post_tag","embeddable":true,"href":"https:\/\/portalincluir.com.br\/index.php\/wp-json\/wp\/v2\/tags?post=798"}],"curies":[{"name":"wp","href":"https:\/\/api.w.org\/{rel}","templated":true}]}}