{"id":8,"date":"2023-08-24T23:53:01","date_gmt":"2023-08-25T02:53:01","guid":{"rendered":"http:\/\/portalincluir.com.br\/index.php\/2023\/08\/24\/a-inclusao-e-o-caminho-para-um-futuro-melhor\/"},"modified":"2024-03-03T23:02:19","modified_gmt":"2024-03-04T02:02:19","slug":"a-inclusao-e-o-caminho-para-um-futuro-melhor","status":"publish","type":"post","link":"https:\/\/portalincluir.com.br\/index.php\/2023\/08\/24\/a-inclusao-e-o-caminho-para-um-futuro-melhor\/","title":{"rendered":"A inclus\u00e3o \u00e9 o caminho para um futuro melhor"},"content":{"rendered":"<h2>Por que a inclus\u00e3o \u00e9 importante?<\/h2>\n<p>A inclus\u00e3o de pessoas com defici\u00eancia \u00e9 fundamental para garantir um futuro melhor e mais justo para todos. Afinal, a diversidade \u00e9 um dos pilares de uma sociedade verdadeiramente inclusiva e igualit\u00e1ria. Quando inclu\u00edmos pessoas com defici\u00eancia, estamos reconhecendo e valorizando suas habilidades, talentos e potencialidades.<\/p>\n<p>Al\u00e9m disso, a inclus\u00e3o promove a igualdade de oportunidades, permitindo que pessoas com defici\u00eancia tenham acesso aos mesmos recursos, servi\u00e7os e ambientes que as demais. Isso n\u00e3o apenas fortalece a autonomia e a independ\u00eancia dessas pessoas, como tamb\u00e9m contribui para o desenvolvimento de uma sociedade mais justa e solid\u00e1ria.<\/p>\n<h2>Benef\u00edcios da inclus\u00e3o<\/h2>\n<p>Ao investir na inclus\u00e3o de pessoas com defici\u00eancia, empresas, institui\u00e7\u00f5es e comunidades como um todo podem colher uma s\u00e9rie de benef\u00edcios. Dentre eles:<\/p>\n<ul>\n<li><strong>Diversidade de talentos:<\/strong> A inclus\u00e3o amplia a diversidade de talentos dispon\u00edveis, permitindo que as organiza\u00e7\u00f5es se beneficiem de perspectivas \u00fanicas e experi\u00eancias diversas.<\/li>\n<li><strong>Inova\u00e7\u00e3o:<\/strong> Pessoas com defici\u00eancia trazem consigo uma gama de habilidades e formas diferentes de pensar, o que pode levar a solu\u00e7\u00f5es inovadoras e criativas.<\/li>\n<li><strong>Crescimento econ\u00f4mico:<\/strong> A inclus\u00e3o de pessoas com defici\u00eancia impulsiona o crescimento econ\u00f4mico, pois amplia o mercado consumidor e possibilita a participa\u00e7\u00e3o plena de todos na sociedade.<\/li>\n<li><strong>Responsabilidade social:<\/strong> Ao promover a inclus\u00e3o, as empresas e institui\u00e7\u00f5es demonstram seu compromisso com a responsabilidade social, contribuindo para a constru\u00e7\u00e3o de uma sociedade mais justa e igualit\u00e1ria.<\/li>\n<\/ul>\n<h2>Como promover a inclus\u00e3o?<\/h2>\n<p>A inclus\u00e3o de pessoas com defici\u00eancia pode ser promovida de diversas formas. Alguns passos que podem ser tomados incluem:<\/p>\n<ul>\n<li><strong>Acessibilidade:<\/strong> Garantir que os espa\u00e7os f\u00edsicos, produtos e servi\u00e7os sejam acess\u00edveis a todas as pessoas, independentemente de suas habilidades ou limita\u00e7\u00f5es.<\/li>\n<li><strong>Conscientiza\u00e7\u00e3o:<\/strong> Promover a conscientiza\u00e7\u00e3o sobre a import\u00e2ncia da inclus\u00e3o e combater preconceitos e estere\u00f3tipos.<\/li>\n<li><strong>Pol\u00edticas de inclus\u00e3o:<\/strong> Implementar pol\u00edticas internas que incentivem a contrata\u00e7\u00e3o e a promo\u00e7\u00e3o de pessoas com defici\u00eancia.<\/li>\n<li><strong>Educa\u00e7\u00e3o inclusiva:<\/strong> Investir em uma educa\u00e7\u00e3o inclusiva, que valorize e respeite a diversidade de habilidades e necessidades de todos os alunos.<\/li>\n<\/ul>\n<p>A inclus\u00e3o \u00e9 um processo cont\u00ednuo, que requer esfor\u00e7os de todos os setores da sociedade. Ao promover a inclus\u00e3o, estamos construindo um futuro melhor para todos, onde todas as pessoas t\u00eam a oportunidade de alcan\u00e7ar seu pleno potencial.<\/p>\n","protected":false},"excerpt":{"rendered":"<p>Por que a inclus\u00e3o \u00e9 importante? A inclus\u00e3o de pessoas com defici\u00eancia \u00e9 fundamental para<\/p>\n","protected":false},"author":1,"featured_media":201,"comment_status":"open","ping_status":"open","sticky":false,"template":"","format":"standard","meta":{"om_disable_all_campaigns":false,"_monsterinsights_skip_tracking":false,"_monsterinsights_sitenote_active":false,"_monsterinsights_sitenote_note":"","_monsterinsights_sitenote_category":0,"_uf_show_specific_survey":0,"_uf_disable_surveys":false,"footnotes":""},"categories":[1],"tags":[],"class_list":["post-8","post","type-post","status-publish","format-standard","has-post-thumbnail","hentry","category-portal"],"yoast_head":"<!-- This site is optimized with the Yoast SEO plugin v27.4 - https:\/\/yoast.com\/product\/yoast-seo-wordpress\/ -->\n<title>A inclus\u00e3o \u00e9 o caminho para um futuro melhor - PORTAL INCLUIR<\/title>\n<meta name=\"robots\" content=\"index, follow, max-snippet:-1, max-image-preview:large, max-video-preview:-1\" \/>\n<link rel=\"canonical\" href=\"https:\/\/portalincluir.com.br\/index.php\/2023\/08\/24\/a-inclusao-e-o-caminho-para-um-futuro-melhor\/\" \/>\n<meta property=\"og:locale\" content=\"pt_BR\" \/>\n<meta property=\"og:type\" content=\"article\" \/>\n<meta property=\"og:title\" content=\"A inclus\u00e3o \u00e9 o caminho para um futuro melhor - PORTAL INCLUIR\" \/>\n<meta property=\"og:description\" content=\"Por que a inclus\u00e3o \u00e9 importante? A inclus\u00e3o de pessoas com defici\u00eancia \u00e9 fundamental para\" \/>\n<meta property=\"og:url\" content=\"https:\/\/portalincluir.com.br\/index.php\/2023\/08\/24\/a-inclusao-e-o-caminho-para-um-futuro-melhor\/\" \/>\n<meta property=\"og:site_name\" content=\"PORTAL INCLUIR\" \/>\n<meta property=\"article:published_time\" content=\"2023-08-25T02:53:01+00:00\" \/>\n<meta property=\"article:modified_time\" content=\"2024-03-04T02:02:19+00:00\" \/>\n<meta property=\"og:image\" content=\"https:\/\/portalincluir.com.br\/wp-content\/uploads\/2023\/08\/2.png\" \/>\n\t<meta property=\"og:image:width\" content=\"599\" \/>\n\t<meta property=\"og:image:height\" content=\"377\" \/>\n\t<meta property=\"og:image:type\" content=\"image\/png\" \/>\n<meta name=\"author\" content=\"Portal Incluir\" \/>\n<meta name=\"twitter:card\" content=\"summary_large_image\" \/>\n<meta name=\"twitter:label1\" content=\"Escrito por\" \/>\n\t<meta name=\"twitter:data1\" content=\"Portal Incluir\" \/>\n\t<meta name=\"twitter:label2\" content=\"Est. tempo de leitura\" \/>\n\t<meta name=\"twitter:data2\" content=\"2 minutos\" \/>\n<script type=\"application\/ld+json\" class=\"yoast-schema-graph\">{\"@context\":\"https:\\\/\\\/schema.org\",\"@graph\":[{\"@type\":[\"Article\",\"BlogPosting\"],\"@id\":\"https:\\\/\\\/portalincluir.com.br\\\/index.php\\\/2023\\\/08\\\/24\\\/a-inclusao-e-o-caminho-para-um-futuro-melhor\\\/#article\",\"isPartOf\":{\"@id\":\"https:\\\/\\\/portalincluir.com.br\\\/index.php\\\/2023\\\/08\\\/24\\\/a-inclusao-e-o-caminho-para-um-futuro-melhor\\\/\"},\"author\":{\"name\":\"Portal Incluir\",\"@id\":\"https:\\\/\\\/portalincluir.com.br\\\/#\\\/schema\\\/person\\\/8823664e5902eee555607fb75c4c35ae\"},\"headline\":\"A inclus\u00e3o \u00e9 o caminho para um futuro melhor\",\"datePublished\":\"2023-08-25T02:53:01+00:00\",\"dateModified\":\"2024-03-04T02:02:19+00:00\",\"mainEntityOfPage\":{\"@id\":\"https:\\\/\\\/portalincluir.com.br\\\/index.php\\\/2023\\\/08\\\/24\\\/a-inclusao-e-o-caminho-para-um-futuro-melhor\\\/\"},\"wordCount\":431,\"commentCount\":0,\"image\":{\"@id\":\"https:\\\/\\\/portalincluir.com.br\\\/index.php\\\/2023\\\/08\\\/24\\\/a-inclusao-e-o-caminho-para-um-futuro-melhor\\\/#primaryimage\"},\"thumbnailUrl\":\"https:\\\/\\\/portalincluir.com.br\\\/wp-content\\\/uploads\\\/2023\\\/08\\\/2.png\",\"articleSection\":[\"Portal\"],\"inLanguage\":\"pt-BR\",\"potentialAction\":[{\"@type\":\"CommentAction\",\"name\":\"Comment\",\"target\":[\"https:\\\/\\\/portalincluir.com.br\\\/index.php\\\/2023\\\/08\\\/24\\\/a-inclusao-e-o-caminho-para-um-futuro-melhor\\\/#respond\"]}]},{\"@type\":\"WebPage\",\"@id\":\"https:\\\/\\\/portalincluir.com.br\\\/index.php\\\/2023\\\/08\\\/24\\\/a-inclusao-e-o-caminho-para-um-futuro-melhor\\\/\",\"url\":\"https:\\\/\\\/portalincluir.com.br\\\/index.php\\\/2023\\\/08\\\/24\\\/a-inclusao-e-o-caminho-para-um-futuro-melhor\\\/\",\"name\":\"A inclus\u00e3o \u00e9 o caminho para um futuro melhor - PORTAL INCLUIR\",\"isPartOf\":{\"@id\":\"https:\\\/\\\/portalincluir.com.br\\\/#website\"},\"primaryImageOfPage\":{\"@id\":\"https:\\\/\\\/portalincluir.com.br\\\/index.php\\\/2023\\\/08\\\/24\\\/a-inclusao-e-o-caminho-para-um-futuro-melhor\\\/#primaryimage\"},\"image\":{\"@id\":\"https:\\\/\\\/portalincluir.com.br\\\/index.php\\\/2023\\\/08\\\/24\\\/a-inclusao-e-o-caminho-para-um-futuro-melhor\\\/#primaryimage\"},\"thumbnailUrl\":\"https:\\\/\\\/portalincluir.com.br\\\/wp-content\\\/uploads\\\/2023\\\/08\\\/2.png\",\"datePublished\":\"2023-08-25T02:53:01+00:00\",\"dateModified\":\"2024-03-04T02:02:19+00:00\",\"author\":{\"@id\":\"https:\\\/\\\/portalincluir.com.br\\\/#\\\/schema\\\/person\\\/8823664e5902eee555607fb75c4c35ae\"},\"breadcrumb\":{\"@id\":\"https:\\\/\\\/portalincluir.com.br\\\/index.php\\\/2023\\\/08\\\/24\\\/a-inclusao-e-o-caminho-para-um-futuro-melhor\\\/#breadcrumb\"},\"inLanguage\":\"pt-BR\",\"potentialAction\":[{\"@type\":\"ReadAction\",\"target\":[\"https:\\\/\\\/portalincluir.com.br\\\/index.php\\\/2023\\\/08\\\/24\\\/a-inclusao-e-o-caminho-para-um-futuro-melhor\\\/\"]}]},{\"@type\":\"ImageObject\",\"inLanguage\":\"pt-BR\",\"@id\":\"https:\\\/\\\/portalincluir.com.br\\\/index.php\\\/2023\\\/08\\\/24\\\/a-inclusao-e-o-caminho-para-um-futuro-melhor\\\/#primaryimage\",\"url\":\"https:\\\/\\\/portalincluir.com.br\\\/wp-content\\\/uploads\\\/2023\\\/08\\\/2.png\",\"contentUrl\":\"https:\\\/\\\/portalincluir.com.br\\\/wp-content\\\/uploads\\\/2023\\\/08\\\/2.png\",\"width\":599,\"height\":377},{\"@type\":\"BreadcrumbList\",\"@id\":\"https:\\\/\\\/portalincluir.com.br\\\/index.php\\\/2023\\\/08\\\/24\\\/a-inclusao-e-o-caminho-para-um-futuro-melhor\\\/#breadcrumb\",\"itemListElement\":[{\"@type\":\"ListItem\",\"position\":1,\"name\":\"In\u00edcio\",\"item\":\"https:\\\/\\\/portalincluir.com.br\\\/\"},{\"@type\":\"ListItem\",\"position\":2,\"name\":\"A inclus\u00e3o \u00e9 o caminho para um futuro melhor\"}]},{\"@type\":\"WebSite\",\"@id\":\"https:\\\/\\\/portalincluir.com.br\\\/#website\",\"url\":\"https:\\\/\\\/portalincluir.com.br\\\/\",\"name\":\"PORTAL INCLUIR\",\"description\":\"\",\"potentialAction\":[{\"@type\":\"SearchAction\",\"target\":{\"@type\":\"EntryPoint\",\"urlTemplate\":\"https:\\\/\\\/portalincluir.com.br\\\/?s={search_term_string}\"},\"query-input\":{\"@type\":\"PropertyValueSpecification\",\"valueRequired\":true,\"valueName\":\"search_term_string\"}}],\"inLanguage\":\"pt-BR\"},{\"@type\":\"Person\",\"@id\":\"https:\\\/\\\/portalincluir.com.br\\\/#\\\/schema\\\/person\\\/8823664e5902eee555607fb75c4c35ae\",\"name\":\"Portal Incluir\",\"image\":{\"@type\":\"ImageObject\",\"inLanguage\":\"pt-BR\",\"@id\":\"https:\\\/\\\/secure.gravatar.com\\\/avatar\\\/12085fe17e70c3550551519fe1f8f51fae69b1748563a47fc3bea53d91fbcbbd?s=96&d=mm&r=g\",\"url\":\"https:\\\/\\\/secure.gravatar.com\\\/avatar\\\/12085fe17e70c3550551519fe1f8f51fae69b1748563a47fc3bea53d91fbcbbd?s=96&d=mm&r=g\",\"contentUrl\":\"https:\\\/\\\/secure.gravatar.com\\\/avatar\\\/12085fe17e70c3550551519fe1f8f51fae69b1748563a47fc3bea53d91fbcbbd?s=96&d=mm&r=g\",\"caption\":\"Portal Incluir\"},\"sameAs\":[\"http:\\\/\\\/portalincluir.com.br\"],\"url\":\"https:\\\/\\\/portalincluir.com.br\\\/index.php\\\/author\\\/portalincluir-com-br\\\/\"}]}<\/script>\n<!-- \/ Yoast SEO plugin. -->","yoast_head_json":{"title":"A inclus\u00e3o \u00e9 o caminho para um futuro melhor - PORTAL INCLUIR","robots":{"index":"index","follow":"follow","max-snippet":"max-snippet:-1","max-image-preview":"max-image-preview:large","max-video-preview":"max-video-preview:-1"},"canonical":"https:\/\/portalincluir.com.br\/index.php\/2023\/08\/24\/a-inclusao-e-o-caminho-para-um-futuro-melhor\/","og_locale":"pt_BR","og_type":"article","og_title":"A inclus\u00e3o \u00e9 o caminho para um futuro melhor - PORTAL INCLUIR","og_description":"Por que a inclus\u00e3o \u00e9 importante? A inclus\u00e3o de pessoas com defici\u00eancia \u00e9 fundamental para","og_url":"https:\/\/portalincluir.com.br\/index.php\/2023\/08\/24\/a-inclusao-e-o-caminho-para-um-futuro-melhor\/","og_site_name":"PORTAL INCLUIR","article_published_time":"2023-08-25T02:53:01+00:00","article_modified_time":"2024-03-04T02:02:19+00:00","og_image":[{"width":599,"height":377,"url":"https:\/\/portalincluir.com.br\/wp-content\/uploads\/2023\/08\/2.png","type":"image\/png"}],"author":"Portal Incluir","twitter_card":"summary_large_image","twitter_misc":{"Escrito por":"Portal Incluir","Est. tempo de leitura":"2 minutos"},"schema":{"@context":"https:\/\/schema.org","@graph":[{"@type":["Article","BlogPosting"],"@id":"https:\/\/portalincluir.com.br\/index.php\/2023\/08\/24\/a-inclusao-e-o-caminho-para-um-futuro-melhor\/#article","isPartOf":{"@id":"https:\/\/portalincluir.com.br\/index.php\/2023\/08\/24\/a-inclusao-e-o-caminho-para-um-futuro-melhor\/"},"author":{"name":"Portal Incluir","@id":"https:\/\/portalincluir.com.br\/#\/schema\/person\/8823664e5902eee555607fb75c4c35ae"},"headline":"A inclus\u00e3o \u00e9 o caminho para um futuro melhor","datePublished":"2023-08-25T02:53:01+00:00","dateModified":"2024-03-04T02:02:19+00:00","mainEntityOfPage":{"@id":"https:\/\/portalincluir.com.br\/index.php\/2023\/08\/24\/a-inclusao-e-o-caminho-para-um-futuro-melhor\/"},"wordCount":431,"commentCount":0,"image":{"@id":"https:\/\/portalincluir.com.br\/index.php\/2023\/08\/24\/a-inclusao-e-o-caminho-para-um-futuro-melhor\/#primaryimage"},"thumbnailUrl":"https:\/\/portalincluir.com.br\/wp-content\/uploads\/2023\/08\/2.png","articleSection":["Portal"],"inLanguage":"pt-BR","potentialAction":[{"@type":"CommentAction","name":"Comment","target":["https:\/\/portalincluir.com.br\/index.php\/2023\/08\/24\/a-inclusao-e-o-caminho-para-um-futuro-melhor\/#respond"]}]},{"@type":"WebPage","@id":"https:\/\/portalincluir.com.br\/index.php\/2023\/08\/24\/a-inclusao-e-o-caminho-para-um-futuro-melhor\/","url":"https:\/\/portalincluir.com.br\/index.php\/2023\/08\/24\/a-inclusao-e-o-caminho-para-um-futuro-melhor\/","name":"A inclus\u00e3o \u00e9 o caminho para um futuro melhor - PORTAL INCLUIR","isPartOf":{"@id":"https:\/\/portalincluir.com.br\/#website"},"primaryImageOfPage":{"@id":"https:\/\/portalincluir.com.br\/index.php\/2023\/08\/24\/a-inclusao-e-o-caminho-para-um-futuro-melhor\/#primaryimage"},"image":{"@id":"https:\/\/portalincluir.com.br\/index.php\/2023\/08\/24\/a-inclusao-e-o-caminho-para-um-futuro-melhor\/#primaryimage"},"thumbnailUrl":"https:\/\/portalincluir.com.br\/wp-content\/uploads\/2023\/08\/2.png","datePublished":"2023-08-25T02:53:01+00:00","dateModified":"2024-03-04T02:02:19+00:00","author":{"@id":"https:\/\/portalincluir.com.br\/#\/schema\/person\/8823664e5902eee555607fb75c4c35ae"},"breadcrumb":{"@id":"https:\/\/portalincluir.com.br\/index.php\/2023\/08\/24\/a-inclusao-e-o-caminho-para-um-futuro-melhor\/#breadcrumb"},"inLanguage":"pt-BR","potentialAction":[{"@type":"ReadAction","target":["https:\/\/portalincluir.com.br\/index.php\/2023\/08\/24\/a-inclusao-e-o-caminho-para-um-futuro-melhor\/"]}]},{"@type":"ImageObject","inLanguage":"pt-BR","@id":"https:\/\/portalincluir.com.br\/index.php\/2023\/08\/24\/a-inclusao-e-o-caminho-para-um-futuro-melhor\/#primaryimage","url":"https:\/\/portalincluir.com.br\/wp-content\/uploads\/2023\/08\/2.png","contentUrl":"https:\/\/portalincluir.com.br\/wp-content\/uploads\/2023\/08\/2.png","width":599,"height":377},{"@type":"BreadcrumbList","@id":"https:\/\/portalincluir.com.br\/index.php\/2023\/08\/24\/a-inclusao-e-o-caminho-para-um-futuro-melhor\/#breadcrumb","itemListElement":[{"@type":"ListItem","position":1,"name":"In\u00edcio","item":"https:\/\/portalincluir.com.br\/"},{"@type":"ListItem","position":2,"name":"A inclus\u00e3o \u00e9 o caminho para um futuro melhor"}]},{"@type":"WebSite","@id":"https:\/\/portalincluir.com.br\/#website","url":"https:\/\/portalincluir.com.br\/","name":"PORTAL INCLUIR","description":"","potentialAction":[{"@type":"SearchAction","target":{"@type":"EntryPoint","urlTemplate":"https:\/\/portalincluir.com.br\/?s={search_term_string}"},"query-input":{"@type":"PropertyValueSpecification","valueRequired":true,"valueName":"search_term_string"}}],"inLanguage":"pt-BR"},{"@type":"Person","@id":"https:\/\/portalincluir.com.br\/#\/schema\/person\/8823664e5902eee555607fb75c4c35ae","name":"Portal Incluir","image":{"@type":"ImageObject","inLanguage":"pt-BR","@id":"https:\/\/secure.gravatar.com\/avatar\/12085fe17e70c3550551519fe1f8f51fae69b1748563a47fc3bea53d91fbcbbd?s=96&d=mm&r=g","url":"https:\/\/secure.gravatar.com\/avatar\/12085fe17e70c3550551519fe1f8f51fae69b1748563a47fc3bea53d91fbcbbd?s=96&d=mm&r=g","contentUrl":"https:\/\/secure.gravatar.com\/avatar\/12085fe17e70c3550551519fe1f8f51fae69b1748563a47fc3bea53d91fbcbbd?s=96&d=mm&r=g","caption":"Portal Incluir"},"sameAs":["http:\/\/portalincluir.com.br"],"url":"https:\/\/portalincluir.com.br\/index.php\/author\/portalincluir-com-br\/"}]}},"_links":{"self":[{"href":"https:\/\/portalincluir.com.br\/index.php\/wp-json\/wp\/v2\/posts\/8","targetHints":{"allow":["GET"]}}],"collection":[{"href":"https:\/\/portalincluir.com.br\/index.php\/wp-json\/wp\/v2\/posts"}],"about":[{"href":"https:\/\/portalincluir.com.br\/index.php\/wp-json\/wp\/v2\/types\/post"}],"author":[{"embeddable":true,"href":"https:\/\/portalincluir.com.br\/index.php\/wp-json\/wp\/v2\/users\/1"}],"replies":[{"embeddable":true,"href":"https:\/\/portalincluir.com.br\/index.php\/wp-json\/wp\/v2\/comments?post=8"}],"version-history":[{"count":1,"href":"https:\/\/portalincluir.com.br\/index.php\/wp-json\/wp\/v2\/posts\/8\/revisions"}],"predecessor-version":[{"id":12,"href":"https:\/\/portalincluir.com.br\/index.php\/wp-json\/wp\/v2\/posts\/8\/revisions\/12"}],"wp:featuredmedia":[{"embeddable":true,"href":"https:\/\/portalincluir.com.br\/index.php\/wp-json\/wp\/v2\/media\/201"}],"wp:attachment":[{"href":"https:\/\/portalincluir.com.br\/index.php\/wp-json\/wp\/v2\/media?parent=8"}],"wp:term":[{"taxonomy":"category","embeddable":true,"href":"https:\/\/portalincluir.com.br\/index.php\/wp-json\/wp\/v2\/categories?post=8"},{"taxonomy":"post_tag","embeddable":true,"href":"https:\/\/portalincluir.com.br\/index.php\/wp-json\/wp\/v2\/tags?post=8"}],"curies":[{"name":"wp","href":"https:\/\/api.w.org\/{rel}","templated":true}]}}