{"id":807,"date":"2025-12-08T00:23:38","date_gmt":"2025-12-08T03:23:38","guid":{"rendered":"https:\/\/portalincluir.com.br\/?p=807"},"modified":"2025-12-08T00:24:00","modified_gmt":"2025-12-08T03:24:00","slug":"barbara-carine-a-cientista-baiana-que-transforma-a-escola-e-o-pensamento-brasileiro-com-uma-educacao-antirracista","status":"publish","type":"post","link":"https:\/\/portalincluir.com.br\/index.php\/2025\/12\/08\/barbara-carine-a-cientista-baiana-que-transforma-a-escola-e-o-pensamento-brasileiro-com-uma-educacao-antirracista\/","title":{"rendered":"B\u00e1rbara Carine: a cientista baiana que transforma a escola e o pensamento brasileiro com uma educa\u00e7\u00e3o antirracista"},"content":{"rendered":"\n<p>Em uma conversa inspiradora no programa&nbsp;<em>Sem Censura<\/em>, da TV Brasil, a professora, fil\u00f3sofa e influenciadora baiana&nbsp;<strong>B\u00e1rbara Carine<\/strong>&nbsp;reafirmou seu papel como uma das vozes mais potentes da luta por uma&nbsp;<strong>educa\u00e7\u00e3o antirracista e plural<\/strong>&nbsp;no pa\u00eds. M\u00e3e, doutora em qu\u00edmica, escritora e pensadora, ela contou como sua trajet\u00f3ria pessoal \u2014 marcada pela for\u00e7a ancestral e pela resist\u00eancia \u2014 deu origem a uma das experi\u00eancias pedag\u00f3gicas mais inovadoras do Brasil: a&nbsp;<strong>Escola Afro-Brasileira Maria Felipa<\/strong>, com unidades em Salvador e no Rio de Janeiro.<\/p>\n\n\n\n<h2 class=\"wp-block-heading\">Ra\u00edzes e resist\u00eancia<\/h2>\n\n\n\n<p>Filha da periferia de Salvador e neta de uma mulher quilombola, B\u00e1rbara orgulha-se de uma hist\u00f3ria forjada na adversidade. \u201cMinha m\u00e3e dizia:&nbsp;<em>Carine vai pegar em livros e n\u00e3o em vassouras<\/em>\u201d, recordou, emocionada. Essa frase se tornou um norte para sua vida. Mesmo sem ter conclu\u00eddo a educa\u00e7\u00e3o b\u00e1sica, sua m\u00e3e compreendeu a for\u00e7a transformadora do conhecimento e rompeu com um ciclo de exclus\u00e3o que vinha desde os tempos da escravid\u00e3o.<\/p>\n\n\n\n<p>A leitura, conta B\u00e1rbara, foi o passaporte para sonhar um mundo poss\u00edvel: \u201cEu lia para viajar de avi\u00e3o, para ir a um outro pa\u00eds, para vestir a roupa que eu queria. A literatura me deu acesso a exist\u00eancias que me foram negadas.\u201d<\/p>\n\n\n\n<figure class=\"wp-block-image size-large\"><img loading=\"lazy\" decoding=\"async\" width=\"1024\" height=\"685\" src=\"https:\/\/portalincluir.com.br\/wp-content\/uploads\/2025\/12\/barbaracarine-vence-jabuti-1024x685.jpeg\" alt=\"\" class=\"wp-image-809\" srcset=\"https:\/\/portalincluir.com.br\/wp-content\/uploads\/2025\/12\/barbaracarine-vence-jabuti-1024x685.jpeg 1024w, https:\/\/portalincluir.com.br\/wp-content\/uploads\/2025\/12\/barbaracarine-vence-jabuti-300x201.jpeg 300w, https:\/\/portalincluir.com.br\/wp-content\/uploads\/2025\/12\/barbaracarine-vence-jabuti-768x513.jpeg 768w, https:\/\/portalincluir.com.br\/wp-content\/uploads\/2025\/12\/barbaracarine-vence-jabuti.jpeg 1400w\" sizes=\"auto, (max-width: 1024px) 100vw, 1024px\" \/><figcaption class=\"wp-element-caption\">Barbara Carine &#8211; Foto: Arquivo pessoal<\/figcaption><\/figure>\n\n\n\n<h2 class=\"wp-block-heading\">Da qu\u00edmica \u00e0 filosofia, da ci\u00eancia \u00e0 ancestralidade<\/h2>\n\n\n\n<p>A cientista explica que sua forma\u00e7\u00e3o \u201cn\u00e3o foi unilateral, foi total\u201d. Nunca se permitiu escolher entre exatas e humanas: \u201cTudo me encantava. Eu queria entender o mundo por m\u00faltiplas lateralidades.\u201d<br>Ap\u00f3s se tornar doutora em qu\u00edmica, B\u00e1rbara mergulhou mestrado e p\u00f3s-doutorado em ensino de ci\u00eancias, e da\u00ed nasceu o interesse pela filosofia \u2014 campo que a ajudou a compreender a rela\u00e7\u00e3o entre conhecimento, cultura e poder. Seu pensamento hoje integra saberes afrocentrados e prop\u00f5e uma revis\u00e3o profunda sobre como a academia brasileira constr\u00f3i suas verdades.<\/p>\n\n\n\n<h2 class=\"wp-block-heading\">O Egito negro e a reconstru\u00e7\u00e3o do saber<\/h2>\n\n\n\n<p>Rec\u00e9m-casada com o tamb\u00e9m professor Thiago Tormes, B\u00e1rbara contou que escolheu o&nbsp;<strong>Egito<\/strong>&nbsp;como cen\u00e1rio de sua cerim\u00f4nia simb\u00f3lica n\u00e3o por acaso. \u201cKemet, como chamavam os ancestrais africanos, \u00e9 a&nbsp;<em>terra preta<\/em>, ber\u00e7o da humanidade.\u201d<br>Segundo ela, o apagamento da origem africana da ci\u00eancia \u00e9 uma das express\u00f5es da&nbsp;<strong>colonialidade do saber<\/strong>&nbsp;\u2014 o modo como o pensamento europeu imp\u00f4s suas narrativas e silenciou a contribui\u00e7\u00e3o negra e ind\u00edgena na hist\u00f3ria da humanidade. Em suas palavras, \u201ca matem\u00e1tica, a geometria e at\u00e9 o teorema de Pit\u00e1goras t\u00eam ra\u00edzes eg\u00edpcias. O que chamamos de milagre grego \u00e9, na verdade, um mito euroc\u00eantrico.\u201d<\/p>\n\n\n\n<figure class=\"wp-block-image aligncenter\"><img decoding=\"async\" src=\"https:\/\/portalincluir.com.br\/wp-content\/uploads\/2025\/10\/Banner-blog.png\" alt=\"\"\/><\/figure>\n\n\n\n<p class=\"has-text-align-center\"><em>PUBLICIDADE<\/em><\/p>\n\n\n\n<h2 class=\"wp-block-heading\">A cria\u00e7\u00e3o da Escola Maria Felipa<\/h2>\n\n\n\n<p>Inspirada pela filha Iana, adotada aos 6 anos, B\u00e1rbara percebeu a aus\u00eancia de escolas alinhadas a uma forma\u00e7\u00e3o antirracista. Assim nasceu a&nbsp;<strong>Escola Afro-Brasileira Maria Felipa<\/strong>, batizada em homenagem \u00e0 hero\u00edna negra da Independ\u00eancia na Bahia.<br>\u201cCriei a escola com a chegada da minha filha. Queria um lugar em que ela se visse representada, onde fosse protagonista do conhecimento\u201d, afirmou.<\/p>\n\n\n\n<p>O projeto, reconhecido oficialmente pela Secretaria de Educa\u00e7\u00e3o, oferece 20% de suas vagas a crian\u00e7as negras e ind\u00edgenas em vulnerabilidade social, financiadas por campanhas de apoio mensal. Al\u00e9m de articular saberes africanos, ind\u00edgenas e europeus, a escola prop\u00f5e uma pr\u00e1tica pedag\u00f3gica que rompe com o padr\u00e3o euroc\u00eantrico de ensino.<\/p>\n\n\n\n<p>Hoje, B\u00e1rbara compartilha a gest\u00e3o da unidade carioca com a educadora Maju Passos e a atriz&nbsp;<strong>Leandra Leal<\/strong>, unidas pela maternagem e pelo compromisso com uma inf\u00e2ncia diversa e inclusiva.<\/p>\n\n\n\n<h2 class=\"wp-block-heading\">A \u201cintelectual diferentona\u201d<\/h2>\n\n\n\n<p>Nas redes sociais, B\u00e1rbara se autodenomina&nbsp;<strong>\u201cintelectual diferentona\u201d<\/strong>, express\u00e3o que virou marca de sua popularidade. \u201cN\u00e3o quero ser a intelectual que as pessoas n\u00e3o compreendem. Quero ser lida, no sentido real da palavra. Quero dialogar com o povo\u201d, explica.<br>Com humor, roupas simples e linguagem acess\u00edvel, ela rompe com o estere\u00f3tipo do intelectual distanciado. \u201cEscrevo de modo coloquial, e a academia me negou por isso. Hoje, quando algu\u00e9m diz que me l\u00ea e me ouve ao mesmo tempo, \u00e9 o maior elogio.\u201d<\/p>\n","protected":false},"excerpt":{"rendered":"<p>Em uma conversa inspiradora no programa&nbsp;Sem Censura, da TV Brasil, a professora, fil\u00f3sofa e influenciadora<\/p>\n","protected":false},"author":1,"featured_media":808,"comment_status":"open","ping_status":"open","sticky":false,"template":"","format":"standard","meta":{"om_disable_all_campaigns":false,"_monsterinsights_skip_tracking":false,"_monsterinsights_sitenote_active":false,"_monsterinsights_sitenote_note":"","_monsterinsights_sitenote_category":0,"_uf_show_specific_survey":0,"_uf_disable_surveys":false,"footnotes":""},"categories":[1,22],"tags":[],"class_list":["post-807","post","type-post","status-publish","format-standard","has-post-thumbnail","hentry","category-portal","category-racismo"],"yoast_head":"<!-- This site is optimized with the Yoast SEO plugin v27.4 - https:\/\/yoast.com\/product\/yoast-seo-wordpress\/ -->\n<title>B\u00e1rbara Carine: a cientista baiana que transforma a escola e o pensamento brasileiro com uma educa\u00e7\u00e3o antirracista - PORTAL INCLUIR<\/title>\n<meta name=\"robots\" content=\"index, follow, max-snippet:-1, max-image-preview:large, max-video-preview:-1\" \/>\n<link rel=\"canonical\" href=\"https:\/\/portalincluir.com.br\/index.php\/2025\/12\/08\/barbara-carine-a-cientista-baiana-que-transforma-a-escola-e-o-pensamento-brasileiro-com-uma-educacao-antirracista\/\" \/>\n<meta property=\"og:locale\" content=\"pt_BR\" \/>\n<meta property=\"og:type\" content=\"article\" \/>\n<meta property=\"og:title\" content=\"B\u00e1rbara Carine: a cientista baiana que transforma a escola e o pensamento brasileiro com uma educa\u00e7\u00e3o antirracista - PORTAL INCLUIR\" \/>\n<meta property=\"og:description\" content=\"Em uma conversa inspiradora no programa&nbsp;Sem Censura, da TV Brasil, a professora, fil\u00f3sofa e influenciadora\" \/>\n<meta property=\"og:url\" content=\"https:\/\/portalincluir.com.br\/index.php\/2025\/12\/08\/barbara-carine-a-cientista-baiana-que-transforma-a-escola-e-o-pensamento-brasileiro-com-uma-educacao-antirracista\/\" \/>\n<meta property=\"og:site_name\" content=\"PORTAL INCLUIR\" \/>\n<meta property=\"article:published_time\" content=\"2025-12-08T03:23:38+00:00\" \/>\n<meta property=\"article:modified_time\" content=\"2025-12-08T03:24:00+00:00\" \/>\n<meta property=\"og:image\" content=\"https:\/\/portalincluir.com.br\/wp-content\/uploads\/2025\/12\/barbara-carine.png\" \/>\n\t<meta property=\"og:image:width\" content=\"1110\" \/>\n\t<meta property=\"og:image:height\" content=\"642\" \/>\n\t<meta property=\"og:image:type\" content=\"image\/png\" \/>\n<meta name=\"author\" content=\"Portal Incluir\" \/>\n<meta name=\"twitter:card\" content=\"summary_large_image\" \/>\n<meta name=\"twitter:label1\" content=\"Escrito por\" \/>\n\t<meta name=\"twitter:data1\" content=\"Portal Incluir\" \/>\n\t<meta name=\"twitter:label2\" content=\"Est. tempo de leitura\" \/>\n\t<meta name=\"twitter:data2\" content=\"5 minutos\" \/>\n<script type=\"application\/ld+json\" class=\"yoast-schema-graph\">{\"@context\":\"https:\\\/\\\/schema.org\",\"@graph\":[{\"@type\":[\"Article\",\"BlogPosting\"],\"@id\":\"https:\\\/\\\/portalincluir.com.br\\\/index.php\\\/2025\\\/12\\\/08\\\/barbara-carine-a-cientista-baiana-que-transforma-a-escola-e-o-pensamento-brasileiro-com-uma-educacao-antirracista\\\/#article\",\"isPartOf\":{\"@id\":\"https:\\\/\\\/portalincluir.com.br\\\/index.php\\\/2025\\\/12\\\/08\\\/barbara-carine-a-cientista-baiana-que-transforma-a-escola-e-o-pensamento-brasileiro-com-uma-educacao-antirracista\\\/\"},\"author\":{\"name\":\"Portal Incluir\",\"@id\":\"https:\\\/\\\/portalincluir.com.br\\\/#\\\/schema\\\/person\\\/8823664e5902eee555607fb75c4c35ae\"},\"headline\":\"B\u00e1rbara Carine: a cientista baiana que transforma a escola e o pensamento brasileiro com uma educa\u00e7\u00e3o antirracista\",\"datePublished\":\"2025-12-08T03:23:38+00:00\",\"dateModified\":\"2025-12-08T03:24:00+00:00\",\"mainEntityOfPage\":{\"@id\":\"https:\\\/\\\/portalincluir.com.br\\\/index.php\\\/2025\\\/12\\\/08\\\/barbara-carine-a-cientista-baiana-que-transforma-a-escola-e-o-pensamento-brasileiro-com-uma-educacao-antirracista\\\/\"},\"wordCount\":751,\"commentCount\":0,\"image\":{\"@id\":\"https:\\\/\\\/portalincluir.com.br\\\/index.php\\\/2025\\\/12\\\/08\\\/barbara-carine-a-cientista-baiana-que-transforma-a-escola-e-o-pensamento-brasileiro-com-uma-educacao-antirracista\\\/#primaryimage\"},\"thumbnailUrl\":\"https:\\\/\\\/portalincluir.com.br\\\/wp-content\\\/uploads\\\/2025\\\/12\\\/barbara-carine.png\",\"articleSection\":[\"Portal\",\"Racismo\"],\"inLanguage\":\"pt-BR\",\"potentialAction\":[{\"@type\":\"CommentAction\",\"name\":\"Comment\",\"target\":[\"https:\\\/\\\/portalincluir.com.br\\\/index.php\\\/2025\\\/12\\\/08\\\/barbara-carine-a-cientista-baiana-que-transforma-a-escola-e-o-pensamento-brasileiro-com-uma-educacao-antirracista\\\/#respond\"]}]},{\"@type\":\"WebPage\",\"@id\":\"https:\\\/\\\/portalincluir.com.br\\\/index.php\\\/2025\\\/12\\\/08\\\/barbara-carine-a-cientista-baiana-que-transforma-a-escola-e-o-pensamento-brasileiro-com-uma-educacao-antirracista\\\/\",\"url\":\"https:\\\/\\\/portalincluir.com.br\\\/index.php\\\/2025\\\/12\\\/08\\\/barbara-carine-a-cientista-baiana-que-transforma-a-escola-e-o-pensamento-brasileiro-com-uma-educacao-antirracista\\\/\",\"name\":\"B\u00e1rbara Carine: a cientista baiana que transforma a escola e o pensamento brasileiro com uma educa\u00e7\u00e3o antirracista - PORTAL INCLUIR\",\"isPartOf\":{\"@id\":\"https:\\\/\\\/portalincluir.com.br\\\/#website\"},\"primaryImageOfPage\":{\"@id\":\"https:\\\/\\\/portalincluir.com.br\\\/index.php\\\/2025\\\/12\\\/08\\\/barbara-carine-a-cientista-baiana-que-transforma-a-escola-e-o-pensamento-brasileiro-com-uma-educacao-antirracista\\\/#primaryimage\"},\"image\":{\"@id\":\"https:\\\/\\\/portalincluir.com.br\\\/index.php\\\/2025\\\/12\\\/08\\\/barbara-carine-a-cientista-baiana-que-transforma-a-escola-e-o-pensamento-brasileiro-com-uma-educacao-antirracista\\\/#primaryimage\"},\"thumbnailUrl\":\"https:\\\/\\\/portalincluir.com.br\\\/wp-content\\\/uploads\\\/2025\\\/12\\\/barbara-carine.png\",\"datePublished\":\"2025-12-08T03:23:38+00:00\",\"dateModified\":\"2025-12-08T03:24:00+00:00\",\"author\":{\"@id\":\"https:\\\/\\\/portalincluir.com.br\\\/#\\\/schema\\\/person\\\/8823664e5902eee555607fb75c4c35ae\"},\"breadcrumb\":{\"@id\":\"https:\\\/\\\/portalincluir.com.br\\\/index.php\\\/2025\\\/12\\\/08\\\/barbara-carine-a-cientista-baiana-que-transforma-a-escola-e-o-pensamento-brasileiro-com-uma-educacao-antirracista\\\/#breadcrumb\"},\"inLanguage\":\"pt-BR\",\"potentialAction\":[{\"@type\":\"ReadAction\",\"target\":[\"https:\\\/\\\/portalincluir.com.br\\\/index.php\\\/2025\\\/12\\\/08\\\/barbara-carine-a-cientista-baiana-que-transforma-a-escola-e-o-pensamento-brasileiro-com-uma-educacao-antirracista\\\/\"]}]},{\"@type\":\"ImageObject\",\"inLanguage\":\"pt-BR\",\"@id\":\"https:\\\/\\\/portalincluir.com.br\\\/index.php\\\/2025\\\/12\\\/08\\\/barbara-carine-a-cientista-baiana-que-transforma-a-escola-e-o-pensamento-brasileiro-com-uma-educacao-antirracista\\\/#primaryimage\",\"url\":\"https:\\\/\\\/portalincluir.com.br\\\/wp-content\\\/uploads\\\/2025\\\/12\\\/barbara-carine.png\",\"contentUrl\":\"https:\\\/\\\/portalincluir.com.br\\\/wp-content\\\/uploads\\\/2025\\\/12\\\/barbara-carine.png\",\"width\":1110,\"height\":642,\"caption\":\"Foto: Divulga\u00e7\u00e3o\"},{\"@type\":\"BreadcrumbList\",\"@id\":\"https:\\\/\\\/portalincluir.com.br\\\/index.php\\\/2025\\\/12\\\/08\\\/barbara-carine-a-cientista-baiana-que-transforma-a-escola-e-o-pensamento-brasileiro-com-uma-educacao-antirracista\\\/#breadcrumb\",\"itemListElement\":[{\"@type\":\"ListItem\",\"position\":1,\"name\":\"In\u00edcio\",\"item\":\"https:\\\/\\\/portalincluir.com.br\\\/\"},{\"@type\":\"ListItem\",\"position\":2,\"name\":\"B\u00e1rbara Carine: a cientista baiana que transforma a escola e o pensamento brasileiro com uma educa\u00e7\u00e3o antirracista\"}]},{\"@type\":\"WebSite\",\"@id\":\"https:\\\/\\\/portalincluir.com.br\\\/#website\",\"url\":\"https:\\\/\\\/portalincluir.com.br\\\/\",\"name\":\"PORTAL INCLUIR\",\"description\":\"\",\"potentialAction\":[{\"@type\":\"SearchAction\",\"target\":{\"@type\":\"EntryPoint\",\"urlTemplate\":\"https:\\\/\\\/portalincluir.com.br\\\/?s={search_term_string}\"},\"query-input\":{\"@type\":\"PropertyValueSpecification\",\"valueRequired\":true,\"valueName\":\"search_term_string\"}}],\"inLanguage\":\"pt-BR\"},{\"@type\":\"Person\",\"@id\":\"https:\\\/\\\/portalincluir.com.br\\\/#\\\/schema\\\/person\\\/8823664e5902eee555607fb75c4c35ae\",\"name\":\"Portal Incluir\",\"image\":{\"@type\":\"ImageObject\",\"inLanguage\":\"pt-BR\",\"@id\":\"https:\\\/\\\/secure.gravatar.com\\\/avatar\\\/12085fe17e70c3550551519fe1f8f51fae69b1748563a47fc3bea53d91fbcbbd?s=96&d=mm&r=g\",\"url\":\"https:\\\/\\\/secure.gravatar.com\\\/avatar\\\/12085fe17e70c3550551519fe1f8f51fae69b1748563a47fc3bea53d91fbcbbd?s=96&d=mm&r=g\",\"contentUrl\":\"https:\\\/\\\/secure.gravatar.com\\\/avatar\\\/12085fe17e70c3550551519fe1f8f51fae69b1748563a47fc3bea53d91fbcbbd?s=96&d=mm&r=g\",\"caption\":\"Portal Incluir\"},\"sameAs\":[\"http:\\\/\\\/portalincluir.com.br\"],\"url\":\"https:\\\/\\\/portalincluir.com.br\\\/index.php\\\/author\\\/portalincluir-com-br\\\/\"}]}<\/script>\n<!-- \/ Yoast SEO plugin. -->","yoast_head_json":{"title":"B\u00e1rbara Carine: a cientista baiana que transforma a escola e o pensamento brasileiro com uma educa\u00e7\u00e3o antirracista - PORTAL INCLUIR","robots":{"index":"index","follow":"follow","max-snippet":"max-snippet:-1","max-image-preview":"max-image-preview:large","max-video-preview":"max-video-preview:-1"},"canonical":"https:\/\/portalincluir.com.br\/index.php\/2025\/12\/08\/barbara-carine-a-cientista-baiana-que-transforma-a-escola-e-o-pensamento-brasileiro-com-uma-educacao-antirracista\/","og_locale":"pt_BR","og_type":"article","og_title":"B\u00e1rbara Carine: a cientista baiana que transforma a escola e o pensamento brasileiro com uma educa\u00e7\u00e3o antirracista - PORTAL INCLUIR","og_description":"Em uma conversa inspiradora no programa&nbsp;Sem Censura, da TV Brasil, a professora, fil\u00f3sofa e influenciadora","og_url":"https:\/\/portalincluir.com.br\/index.php\/2025\/12\/08\/barbara-carine-a-cientista-baiana-que-transforma-a-escola-e-o-pensamento-brasileiro-com-uma-educacao-antirracista\/","og_site_name":"PORTAL INCLUIR","article_published_time":"2025-12-08T03:23:38+00:00","article_modified_time":"2025-12-08T03:24:00+00:00","og_image":[{"width":1110,"height":642,"url":"https:\/\/portalincluir.com.br\/wp-content\/uploads\/2025\/12\/barbara-carine.png","type":"image\/png"}],"author":"Portal Incluir","twitter_card":"summary_large_image","twitter_misc":{"Escrito por":"Portal Incluir","Est. tempo de leitura":"5 minutos"},"schema":{"@context":"https:\/\/schema.org","@graph":[{"@type":["Article","BlogPosting"],"@id":"https:\/\/portalincluir.com.br\/index.php\/2025\/12\/08\/barbara-carine-a-cientista-baiana-que-transforma-a-escola-e-o-pensamento-brasileiro-com-uma-educacao-antirracista\/#article","isPartOf":{"@id":"https:\/\/portalincluir.com.br\/index.php\/2025\/12\/08\/barbara-carine-a-cientista-baiana-que-transforma-a-escola-e-o-pensamento-brasileiro-com-uma-educacao-antirracista\/"},"author":{"name":"Portal Incluir","@id":"https:\/\/portalincluir.com.br\/#\/schema\/person\/8823664e5902eee555607fb75c4c35ae"},"headline":"B\u00e1rbara Carine: a cientista baiana que transforma a escola e o pensamento brasileiro com uma educa\u00e7\u00e3o antirracista","datePublished":"2025-12-08T03:23:38+00:00","dateModified":"2025-12-08T03:24:00+00:00","mainEntityOfPage":{"@id":"https:\/\/portalincluir.com.br\/index.php\/2025\/12\/08\/barbara-carine-a-cientista-baiana-que-transforma-a-escola-e-o-pensamento-brasileiro-com-uma-educacao-antirracista\/"},"wordCount":751,"commentCount":0,"image":{"@id":"https:\/\/portalincluir.com.br\/index.php\/2025\/12\/08\/barbara-carine-a-cientista-baiana-que-transforma-a-escola-e-o-pensamento-brasileiro-com-uma-educacao-antirracista\/#primaryimage"},"thumbnailUrl":"https:\/\/portalincluir.com.br\/wp-content\/uploads\/2025\/12\/barbara-carine.png","articleSection":["Portal","Racismo"],"inLanguage":"pt-BR","potentialAction":[{"@type":"CommentAction","name":"Comment","target":["https:\/\/portalincluir.com.br\/index.php\/2025\/12\/08\/barbara-carine-a-cientista-baiana-que-transforma-a-escola-e-o-pensamento-brasileiro-com-uma-educacao-antirracista\/#respond"]}]},{"@type":"WebPage","@id":"https:\/\/portalincluir.com.br\/index.php\/2025\/12\/08\/barbara-carine-a-cientista-baiana-que-transforma-a-escola-e-o-pensamento-brasileiro-com-uma-educacao-antirracista\/","url":"https:\/\/portalincluir.com.br\/index.php\/2025\/12\/08\/barbara-carine-a-cientista-baiana-que-transforma-a-escola-e-o-pensamento-brasileiro-com-uma-educacao-antirracista\/","name":"B\u00e1rbara Carine: a cientista baiana que transforma a escola e o pensamento brasileiro com uma educa\u00e7\u00e3o antirracista - PORTAL INCLUIR","isPartOf":{"@id":"https:\/\/portalincluir.com.br\/#website"},"primaryImageOfPage":{"@id":"https:\/\/portalincluir.com.br\/index.php\/2025\/12\/08\/barbara-carine-a-cientista-baiana-que-transforma-a-escola-e-o-pensamento-brasileiro-com-uma-educacao-antirracista\/#primaryimage"},"image":{"@id":"https:\/\/portalincluir.com.br\/index.php\/2025\/12\/08\/barbara-carine-a-cientista-baiana-que-transforma-a-escola-e-o-pensamento-brasileiro-com-uma-educacao-antirracista\/#primaryimage"},"thumbnailUrl":"https:\/\/portalincluir.com.br\/wp-content\/uploads\/2025\/12\/barbara-carine.png","datePublished":"2025-12-08T03:23:38+00:00","dateModified":"2025-12-08T03:24:00+00:00","author":{"@id":"https:\/\/portalincluir.com.br\/#\/schema\/person\/8823664e5902eee555607fb75c4c35ae"},"breadcrumb":{"@id":"https:\/\/portalincluir.com.br\/index.php\/2025\/12\/08\/barbara-carine-a-cientista-baiana-que-transforma-a-escola-e-o-pensamento-brasileiro-com-uma-educacao-antirracista\/#breadcrumb"},"inLanguage":"pt-BR","potentialAction":[{"@type":"ReadAction","target":["https:\/\/portalincluir.com.br\/index.php\/2025\/12\/08\/barbara-carine-a-cientista-baiana-que-transforma-a-escola-e-o-pensamento-brasileiro-com-uma-educacao-antirracista\/"]}]},{"@type":"ImageObject","inLanguage":"pt-BR","@id":"https:\/\/portalincluir.com.br\/index.php\/2025\/12\/08\/barbara-carine-a-cientista-baiana-que-transforma-a-escola-e-o-pensamento-brasileiro-com-uma-educacao-antirracista\/#primaryimage","url":"https:\/\/portalincluir.com.br\/wp-content\/uploads\/2025\/12\/barbara-carine.png","contentUrl":"https:\/\/portalincluir.com.br\/wp-content\/uploads\/2025\/12\/barbara-carine.png","width":1110,"height":642,"caption":"Foto: Divulga\u00e7\u00e3o"},{"@type":"BreadcrumbList","@id":"https:\/\/portalincluir.com.br\/index.php\/2025\/12\/08\/barbara-carine-a-cientista-baiana-que-transforma-a-escola-e-o-pensamento-brasileiro-com-uma-educacao-antirracista\/#breadcrumb","itemListElement":[{"@type":"ListItem","position":1,"name":"In\u00edcio","item":"https:\/\/portalincluir.com.br\/"},{"@type":"ListItem","position":2,"name":"B\u00e1rbara Carine: a cientista baiana que transforma a escola e o pensamento brasileiro com uma educa\u00e7\u00e3o antirracista"}]},{"@type":"WebSite","@id":"https:\/\/portalincluir.com.br\/#website","url":"https:\/\/portalincluir.com.br\/","name":"PORTAL INCLUIR","description":"","potentialAction":[{"@type":"SearchAction","target":{"@type":"EntryPoint","urlTemplate":"https:\/\/portalincluir.com.br\/?s={search_term_string}"},"query-input":{"@type":"PropertyValueSpecification","valueRequired":true,"valueName":"search_term_string"}}],"inLanguage":"pt-BR"},{"@type":"Person","@id":"https:\/\/portalincluir.com.br\/#\/schema\/person\/8823664e5902eee555607fb75c4c35ae","name":"Portal Incluir","image":{"@type":"ImageObject","inLanguage":"pt-BR","@id":"https:\/\/secure.gravatar.com\/avatar\/12085fe17e70c3550551519fe1f8f51fae69b1748563a47fc3bea53d91fbcbbd?s=96&d=mm&r=g","url":"https:\/\/secure.gravatar.com\/avatar\/12085fe17e70c3550551519fe1f8f51fae69b1748563a47fc3bea53d91fbcbbd?s=96&d=mm&r=g","contentUrl":"https:\/\/secure.gravatar.com\/avatar\/12085fe17e70c3550551519fe1f8f51fae69b1748563a47fc3bea53d91fbcbbd?s=96&d=mm&r=g","caption":"Portal Incluir"},"sameAs":["http:\/\/portalincluir.com.br"],"url":"https:\/\/portalincluir.com.br\/index.php\/author\/portalincluir-com-br\/"}]}},"_links":{"self":[{"href":"https:\/\/portalincluir.com.br\/index.php\/wp-json\/wp\/v2\/posts\/807","targetHints":{"allow":["GET"]}}],"collection":[{"href":"https:\/\/portalincluir.com.br\/index.php\/wp-json\/wp\/v2\/posts"}],"about":[{"href":"https:\/\/portalincluir.com.br\/index.php\/wp-json\/wp\/v2\/types\/post"}],"author":[{"embeddable":true,"href":"https:\/\/portalincluir.com.br\/index.php\/wp-json\/wp\/v2\/users\/1"}],"replies":[{"embeddable":true,"href":"https:\/\/portalincluir.com.br\/index.php\/wp-json\/wp\/v2\/comments?post=807"}],"version-history":[{"count":2,"href":"https:\/\/portalincluir.com.br\/index.php\/wp-json\/wp\/v2\/posts\/807\/revisions"}],"predecessor-version":[{"id":811,"href":"https:\/\/portalincluir.com.br\/index.php\/wp-json\/wp\/v2\/posts\/807\/revisions\/811"}],"wp:featuredmedia":[{"embeddable":true,"href":"https:\/\/portalincluir.com.br\/index.php\/wp-json\/wp\/v2\/media\/808"}],"wp:attachment":[{"href":"https:\/\/portalincluir.com.br\/index.php\/wp-json\/wp\/v2\/media?parent=807"}],"wp:term":[{"taxonomy":"category","embeddable":true,"href":"https:\/\/portalincluir.com.br\/index.php\/wp-json\/wp\/v2\/categories?post=807"},{"taxonomy":"post_tag","embeddable":true,"href":"https:\/\/portalincluir.com.br\/index.php\/wp-json\/wp\/v2\/tags?post=807"}],"curies":[{"name":"wp","href":"https:\/\/api.w.org\/{rel}","templated":true}]}}