{"id":813,"date":"2025-12-10T23:56:50","date_gmt":"2025-12-11T02:56:50","guid":{"rendered":"https:\/\/portalincluir.com.br\/?p=813"},"modified":"2025-12-10T23:56:50","modified_gmt":"2025-12-11T02:56:50","slug":"o-cuidado-deve-ser-em-liberdade-nao-ha-aprendizado-sem-as-relacoes-do-mundo","status":"publish","type":"post","link":"https:\/\/portalincluir.com.br\/index.php\/2025\/12\/10\/o-cuidado-deve-ser-em-liberdade-nao-ha-aprendizado-sem-as-relacoes-do-mundo\/","title":{"rendered":"\u201cO cuidado deve ser em liberdade, n\u00e3o h\u00e1 aprendizado sem as rela\u00e7\u00f5es do mundo\u201d"},"content":{"rendered":"\n<p>Em entrevista ao programa&nbsp;<strong>Inclus\u00e3o em Foco<\/strong>,&nbsp;<strong>Vin\u00edcius Lemes da Silva Reis<\/strong>, coordenador de Sa\u00fade Mental de Vit\u00f3ria da Conquista, falou sobre os 23 anos do Centro de Aten\u00e7\u00e3o Psicossocial \u00c1lcool e outras Drogas (CAPS AD III), servi\u00e7o que funciona 24 horas na cidade. Na conversa, ele destacou a evolu\u00e7\u00e3o do servi\u00e7o \u2013 que nasceu como Centro de Estudos e Aten\u00e7\u00e3o \u00e0s Depend\u00eancias Qu\u00edmicas (CEAD) em 1999 \u2013, o combate ao estigma, a import\u00e2ncia das oficinas de cidadania e os desafios para os pr\u00f3ximos anos.<\/p>\n\n\n\n<p>Abaixo a entrevista concedida ao programa INCLUS\u00c3O EM FOCO.<\/p>\n\n\n\n<p><strong>Inclus\u00e3o em Foco: Vin\u00edcius, um dos pilares do CAPS \u00e9 o combate ao estigma relacionado ao uso de subst\u00e2ncias psicoativas. Que estrat\u00e9gias t\u00eam sido eficazes nesse enfrentamento?<\/strong><\/p>\n\n\n\n<p><strong>Vin\u00edcius Reis:<\/strong>&nbsp;O munic\u00edpio compreendeu desde muito cedo que essa \u00e9 uma quest\u00e3o de pol\u00edtica p\u00fablica de sa\u00fade, n\u00e3o de seguran\u00e7a p\u00fablica. O balan\u00e7o desses 23 anos mostra que fomos refinando o trabalho e entendendo que ele se d\u00e1 principalmente em rede, n\u00e3o s\u00f3 na sa\u00fade, mas com a rede como um todo. O combate ao estigma come\u00e7a internamente, capacitando a equipe. Tamb\u00e9m atuamos nas oficinas de cidadania, quebramos estigmas junto aos pr\u00f3prios usu\u00e1rios e fazemos matriciamento com as unidades de sa\u00fade. Realizamos campanhas, trabalho de redu\u00e7\u00e3o de danos e, quando acionados, vamos \u00e0s escolas. Al\u00e9m disso, temos datas como o Dia da Luta Antimanicomial (18 de maio) e o Festival do Ben-estar e Sa\u00fade em outubro, onde vamos para a rua explicar \u00e0 popula\u00e7\u00e3o o que \u00e9 o CAPS AD e qual o nosso trabalho.<\/p>\n\n\n\n<p><strong>IF: Durante a comemora\u00e7\u00e3o de 23 anos, houve oficinas sobre cidadania. Quais temas foram debatidos e como elas fortalecem a autonomia dos usu\u00e1rios?<\/strong><\/p>\n\n\n\n<p><strong>VR:<\/strong>&nbsp;Essas oficinas s\u00e3o um trabalho cont\u00ednuo, que fazemos nas assembleias de usu\u00e1rios e familiares para fortalecer o protagonismo dessa popula\u00e7\u00e3o. Trabalhamos temas como controle social, cuidados em liberdade, conhecimento da rede de apoio, deveres e direitos, e benef\u00edcios socioassistenciais. A ideia \u00e9 entender que o trabalho com o uso problem\u00e1tico de subst\u00e2ncias n\u00e3o se d\u00e1 apenas na esfera cl\u00ednica ou ambulatorial. Ele se d\u00e1 na perspectiva de que essa pessoa precisa retomar a inser\u00e7\u00e3o na vida enquanto cidad\u00e3. \u00c9 a possibilidade de retomar a cidadania que vai fortalec\u00ea-la para lidar com o uso problem\u00e1tico.<\/p>\n\n\n\n<p><strong>IF: As sugest\u00f5es dos participantes foram pauta da assembleia. Quais foram as principais demandas e como o CAPS pretende respond\u00ea-las?<\/strong><\/p>\n\n\n\n<p><strong>VR:<\/strong>&nbsp;Temos uma comunica\u00e7\u00e3o muito pr\u00f3xima entre a coordena\u00e7\u00e3o e as ger\u00eancias do CAPS. Tudo que \u00e9 colocado nas assembleias \u00e9 trazido para a gest\u00e3o. Na \u00faltima, as demandas foram relacionadas \u00e0 estrutura f\u00edsica, manuten\u00e7\u00e3o predial, aumento da equipe e modifica\u00e7\u00f5es nos processos de trabalho. N\u00f3s vamos at\u00e9 eles, comunicamos o que \u00e9 poss\u00edvel naquele momento, o que n\u00e3o \u00e9, o que est\u00e1 em nosso alcance e estabelecemos prazos. Eles fazem parte da formula\u00e7\u00e3o da pol\u00edtica, seja nos processos de trabalho, seja nas quest\u00f5es estruturais.<\/p>\n\n\n\n<p><strong>IF: O servi\u00e7o atua com foco na reabilita\u00e7\u00e3o em liberdade. Na pr\u00e1tica, o que isso significa para os usu\u00e1rios e suas fam\u00edlias?<\/strong><\/p>\n\n\n\n<p><strong>VR:<\/strong>&nbsp;O cuidado em liberdade e a reabilita\u00e7\u00e3o psicossocial significam que n\u00e3o se trata apenas de um tratamento cl\u00ednico ou ambulatorial. Para que a pessoa tenha uma melhora significativa, ela precisa de uma reinser\u00e7\u00e3o social. Precisamos trabalhar a vida dela no sentido da rela\u00e7\u00e3o com o outro, com a fam\u00edlia, com o emprego, com a possibilidade de se capacitar. Tudo isso s\u00f3 pode ser feito a partir do cuidado em liberdade. N\u00e3o se pensa em \u201cprender\u201d ou asilar a pessoa para que ela se recupere e volte ao mundo. O lidar com o mundo se d\u00e1 justamente nas rela\u00e7\u00f5es cotidianas. \u00c9 um trabalho comunit\u00e1rio, com as unidades de sa\u00fade, com o CRAS, com as pol\u00edticas de gera\u00e7\u00e3o de renda. A gente n\u00e3o tem que retirar a pessoa do seu contexto; tem que fortalec\u00ea-la e criar novas estrat\u00e9gias de cuidado para ela lidar no dia a dia.<\/p>\n\n\n\n<p><strong>IF: A equipe do CAPS \u00e9 formada por profissionais de v\u00e1rias \u00e1reas. Como essa diversidade contribui para um atendimento mais humanizado e eficaz?<\/strong><\/p>\n\n\n\n<p><strong>VR:<\/strong>&nbsp;Temos uma equipe multiprofissional: psiquiatras, cl\u00ednicos, psic\u00f3logos, pedagogos, educadores f\u00edsicos, enfermeiros, t\u00e9cnicos de enfermagem, agentes sociais, educadores sociais, administrativos, farmac\u00eauticos, instrutor de artes, nutricionista. Trabalhamos na ideia de que, por mais que tenham categorias diferentes, todos s\u00e3o t\u00e9cnicos em sa\u00fade mental, capacitados para lidar com as quest\u00f5es do uso abusivo. Todos s\u00e3o aptos a fazer um acolhimento e uma escuta qualificada. Essa diversifica\u00e7\u00e3o \u00e9 crucial, especialmente por sermos um CAPS III, que funciona 24 horas. Temos a modalidade de&nbsp;<em>acolhimento intensivo<\/em>, que n\u00e3o \u00e9 interna\u00e7\u00e3o, mas um processo de desintoxica\u00e7\u00e3o por cerca de 14 dias para pessoas com uso mais problem\u00e1tico. Para manter esse funcionamento, contamos com equipe de enfermagem plantonista, m\u00e9dico de sobreaviso e uma rede de retaguarda com SAMU e prontos-socorros.<\/p>\n\n\n\n<p><strong>IF: Por fim, quais s\u00e3o os principais desafios e metas do CAPS AD III para os pr\u00f3ximos anos?<\/strong><\/p>\n\n\n\n<p><strong>VR:<\/strong>&nbsp;Temos alguns desafios cont\u00ednuos. Um \u00e9 a&nbsp;<strong>amplia\u00e7\u00e3o da equipe<\/strong>, pois a popula\u00e7\u00e3o da cidade cresce e precisamos pensar na oferta de cuidado. Outro \u00e9 a&nbsp;<strong>educa\u00e7\u00e3o permanente em sa\u00fade<\/strong>, com capacita\u00e7\u00f5es anuais \u2013 em 2025, o tema \u00e9 \u201cmanejo de crises\u201d. Tamb\u00e9m participamos do projeto nacional \u201cN\u00f3s na Rede\u201d, do Minist\u00e9rio da Sa\u00fade. Percebemos tamb\u00e9m uma mudan\u00e7a no perfil dos usu\u00e1rios, com um aumento significativo da&nbsp;<strong>popula\u00e7\u00e3o em situa\u00e7\u00e3o de rua<\/strong>, o que exige capacita\u00e7\u00f5es espec\u00edficas. Por fim, um desafio central \u00e9&nbsp;<strong>tornar mais s\u00f3lido o cuidado em rede<\/strong>. A complexidade da pol\u00edtica p\u00fablica exige um trabalho integrado com outras secretarias. Precisamos desburocratizar a comunica\u00e7\u00e3o e fazer com que todos compreendam que o usu\u00e1rio do CAPS AD tamb\u00e9m \u00e9 um usu\u00e1rio da rede toda. \u00c9 nisso que lutamos para avan\u00e7ar.<\/p>\n\n\n\n<p>Por J\u00fanior Patente<\/p>\n","protected":false},"excerpt":{"rendered":"<p>Em entrevista ao programa&nbsp;Inclus\u00e3o em Foco,&nbsp;Vin\u00edcius Lemes da Silva Reis, coordenador de Sa\u00fade Mental de<\/p>\n","protected":false},"author":1,"featured_media":814,"comment_status":"open","ping_status":"open","sticky":false,"template":"","format":"standard","meta":{"om_disable_all_campaigns":false,"_monsterinsights_skip_tracking":false,"_monsterinsights_sitenote_active":false,"_monsterinsights_sitenote_note":"","_monsterinsights_sitenote_category":0,"_uf_show_specific_survey":0,"_uf_disable_surveys":false,"footnotes":""},"categories":[9],"tags":[],"class_list":["post-813","post","type-post","status-publish","format-standard","has-post-thumbnail","hentry","category-noticias"],"yoast_head":"<!-- This site is optimized with the Yoast SEO plugin v27.4 - https:\/\/yoast.com\/product\/yoast-seo-wordpress\/ -->\n<title>\u201cO cuidado deve ser em liberdade, n\u00e3o h\u00e1 aprendizado sem as rela\u00e7\u00f5es do mundo\u201d - PORTAL INCLUIR<\/title>\n<meta name=\"robots\" content=\"index, follow, max-snippet:-1, max-image-preview:large, max-video-preview:-1\" \/>\n<link rel=\"canonical\" href=\"https:\/\/portalincluir.com.br\/index.php\/2025\/12\/10\/o-cuidado-deve-ser-em-liberdade-nao-ha-aprendizado-sem-as-relacoes-do-mundo\/\" \/>\n<meta property=\"og:locale\" content=\"pt_BR\" \/>\n<meta property=\"og:type\" content=\"article\" \/>\n<meta property=\"og:title\" content=\"\u201cO cuidado deve ser em liberdade, n\u00e3o h\u00e1 aprendizado sem as rela\u00e7\u00f5es do mundo\u201d - PORTAL INCLUIR\" \/>\n<meta property=\"og:description\" content=\"Em entrevista ao programa&nbsp;Inclus\u00e3o em Foco,&nbsp;Vin\u00edcius Lemes da Silva Reis, coordenador de Sa\u00fade Mental de\" \/>\n<meta property=\"og:url\" content=\"https:\/\/portalincluir.com.br\/index.php\/2025\/12\/10\/o-cuidado-deve-ser-em-liberdade-nao-ha-aprendizado-sem-as-relacoes-do-mundo\/\" \/>\n<meta property=\"og:site_name\" content=\"PORTAL INCLUIR\" \/>\n<meta property=\"article:published_time\" content=\"2025-12-11T02:56:50+00:00\" \/>\n<meta property=\"og:image\" content=\"https:\/\/portalincluir.com.br\/wp-content\/uploads\/2025\/12\/vinicius-reis1.jpeg\" \/>\n\t<meta property=\"og:image:width\" content=\"758\" \/>\n\t<meta property=\"og:image:height\" content=\"797\" \/>\n\t<meta property=\"og:image:type\" content=\"image\/jpeg\" \/>\n<meta name=\"author\" content=\"Portal Incluir\" \/>\n<meta name=\"twitter:card\" content=\"summary_large_image\" \/>\n<meta name=\"twitter:label1\" content=\"Escrito por\" \/>\n\t<meta name=\"twitter:data1\" content=\"Portal Incluir\" \/>\n\t<meta name=\"twitter:label2\" content=\"Est. tempo de leitura\" \/>\n\t<meta name=\"twitter:data2\" content=\"6 minutos\" \/>\n<script type=\"application\/ld+json\" class=\"yoast-schema-graph\">{\"@context\":\"https:\\\/\\\/schema.org\",\"@graph\":[{\"@type\":[\"Article\",\"BlogPosting\"],\"@id\":\"https:\\\/\\\/portalincluir.com.br\\\/index.php\\\/2025\\\/12\\\/10\\\/o-cuidado-deve-ser-em-liberdade-nao-ha-aprendizado-sem-as-relacoes-do-mundo\\\/#article\",\"isPartOf\":{\"@id\":\"https:\\\/\\\/portalincluir.com.br\\\/index.php\\\/2025\\\/12\\\/10\\\/o-cuidado-deve-ser-em-liberdade-nao-ha-aprendizado-sem-as-relacoes-do-mundo\\\/\"},\"author\":{\"name\":\"Portal Incluir\",\"@id\":\"https:\\\/\\\/portalincluir.com.br\\\/#\\\/schema\\\/person\\\/8823664e5902eee555607fb75c4c35ae\"},\"headline\":\"\u201cO cuidado deve ser em liberdade, n\u00e3o h\u00e1 aprendizado sem as rela\u00e7\u00f5es do mundo\u201d\",\"datePublished\":\"2025-12-11T02:56:50+00:00\",\"mainEntityOfPage\":{\"@id\":\"https:\\\/\\\/portalincluir.com.br\\\/index.php\\\/2025\\\/12\\\/10\\\/o-cuidado-deve-ser-em-liberdade-nao-ha-aprendizado-sem-as-relacoes-do-mundo\\\/\"},\"wordCount\":1079,\"commentCount\":0,\"image\":{\"@id\":\"https:\\\/\\\/portalincluir.com.br\\\/index.php\\\/2025\\\/12\\\/10\\\/o-cuidado-deve-ser-em-liberdade-nao-ha-aprendizado-sem-as-relacoes-do-mundo\\\/#primaryimage\"},\"thumbnailUrl\":\"https:\\\/\\\/portalincluir.com.br\\\/wp-content\\\/uploads\\\/2025\\\/12\\\/vinicius-reis1.jpeg\",\"articleSection\":[\"Not\u00edcias\"],\"inLanguage\":\"pt-BR\",\"potentialAction\":[{\"@type\":\"CommentAction\",\"name\":\"Comment\",\"target\":[\"https:\\\/\\\/portalincluir.com.br\\\/index.php\\\/2025\\\/12\\\/10\\\/o-cuidado-deve-ser-em-liberdade-nao-ha-aprendizado-sem-as-relacoes-do-mundo\\\/#respond\"]}]},{\"@type\":\"WebPage\",\"@id\":\"https:\\\/\\\/portalincluir.com.br\\\/index.php\\\/2025\\\/12\\\/10\\\/o-cuidado-deve-ser-em-liberdade-nao-ha-aprendizado-sem-as-relacoes-do-mundo\\\/\",\"url\":\"https:\\\/\\\/portalincluir.com.br\\\/index.php\\\/2025\\\/12\\\/10\\\/o-cuidado-deve-ser-em-liberdade-nao-ha-aprendizado-sem-as-relacoes-do-mundo\\\/\",\"name\":\"\u201cO cuidado deve ser em liberdade, n\u00e3o h\u00e1 aprendizado sem as rela\u00e7\u00f5es do mundo\u201d - PORTAL INCLUIR\",\"isPartOf\":{\"@id\":\"https:\\\/\\\/portalincluir.com.br\\\/#website\"},\"primaryImageOfPage\":{\"@id\":\"https:\\\/\\\/portalincluir.com.br\\\/index.php\\\/2025\\\/12\\\/10\\\/o-cuidado-deve-ser-em-liberdade-nao-ha-aprendizado-sem-as-relacoes-do-mundo\\\/#primaryimage\"},\"image\":{\"@id\":\"https:\\\/\\\/portalincluir.com.br\\\/index.php\\\/2025\\\/12\\\/10\\\/o-cuidado-deve-ser-em-liberdade-nao-ha-aprendizado-sem-as-relacoes-do-mundo\\\/#primaryimage\"},\"thumbnailUrl\":\"https:\\\/\\\/portalincluir.com.br\\\/wp-content\\\/uploads\\\/2025\\\/12\\\/vinicius-reis1.jpeg\",\"datePublished\":\"2025-12-11T02:56:50+00:00\",\"author\":{\"@id\":\"https:\\\/\\\/portalincluir.com.br\\\/#\\\/schema\\\/person\\\/8823664e5902eee555607fb75c4c35ae\"},\"breadcrumb\":{\"@id\":\"https:\\\/\\\/portalincluir.com.br\\\/index.php\\\/2025\\\/12\\\/10\\\/o-cuidado-deve-ser-em-liberdade-nao-ha-aprendizado-sem-as-relacoes-do-mundo\\\/#breadcrumb\"},\"inLanguage\":\"pt-BR\",\"potentialAction\":[{\"@type\":\"ReadAction\",\"target\":[\"https:\\\/\\\/portalincluir.com.br\\\/index.php\\\/2025\\\/12\\\/10\\\/o-cuidado-deve-ser-em-liberdade-nao-ha-aprendizado-sem-as-relacoes-do-mundo\\\/\"]}]},{\"@type\":\"ImageObject\",\"inLanguage\":\"pt-BR\",\"@id\":\"https:\\\/\\\/portalincluir.com.br\\\/index.php\\\/2025\\\/12\\\/10\\\/o-cuidado-deve-ser-em-liberdade-nao-ha-aprendizado-sem-as-relacoes-do-mundo\\\/#primaryimage\",\"url\":\"https:\\\/\\\/portalincluir.com.br\\\/wp-content\\\/uploads\\\/2025\\\/12\\\/vinicius-reis1.jpeg\",\"contentUrl\":\"https:\\\/\\\/portalincluir.com.br\\\/wp-content\\\/uploads\\\/2025\\\/12\\\/vinicius-reis1.jpeg\",\"width\":758,\"height\":797},{\"@type\":\"BreadcrumbList\",\"@id\":\"https:\\\/\\\/portalincluir.com.br\\\/index.php\\\/2025\\\/12\\\/10\\\/o-cuidado-deve-ser-em-liberdade-nao-ha-aprendizado-sem-as-relacoes-do-mundo\\\/#breadcrumb\",\"itemListElement\":[{\"@type\":\"ListItem\",\"position\":1,\"name\":\"In\u00edcio\",\"item\":\"https:\\\/\\\/portalincluir.com.br\\\/\"},{\"@type\":\"ListItem\",\"position\":2,\"name\":\"\u201cO cuidado deve ser em liberdade, n\u00e3o h\u00e1 aprendizado sem as rela\u00e7\u00f5es do mundo\u201d\"}]},{\"@type\":\"WebSite\",\"@id\":\"https:\\\/\\\/portalincluir.com.br\\\/#website\",\"url\":\"https:\\\/\\\/portalincluir.com.br\\\/\",\"name\":\"PORTAL INCLUIR\",\"description\":\"\",\"potentialAction\":[{\"@type\":\"SearchAction\",\"target\":{\"@type\":\"EntryPoint\",\"urlTemplate\":\"https:\\\/\\\/portalincluir.com.br\\\/?s={search_term_string}\"},\"query-input\":{\"@type\":\"PropertyValueSpecification\",\"valueRequired\":true,\"valueName\":\"search_term_string\"}}],\"inLanguage\":\"pt-BR\"},{\"@type\":\"Person\",\"@id\":\"https:\\\/\\\/portalincluir.com.br\\\/#\\\/schema\\\/person\\\/8823664e5902eee555607fb75c4c35ae\",\"name\":\"Portal Incluir\",\"image\":{\"@type\":\"ImageObject\",\"inLanguage\":\"pt-BR\",\"@id\":\"https:\\\/\\\/secure.gravatar.com\\\/avatar\\\/12085fe17e70c3550551519fe1f8f51fae69b1748563a47fc3bea53d91fbcbbd?s=96&d=mm&r=g\",\"url\":\"https:\\\/\\\/secure.gravatar.com\\\/avatar\\\/12085fe17e70c3550551519fe1f8f51fae69b1748563a47fc3bea53d91fbcbbd?s=96&d=mm&r=g\",\"contentUrl\":\"https:\\\/\\\/secure.gravatar.com\\\/avatar\\\/12085fe17e70c3550551519fe1f8f51fae69b1748563a47fc3bea53d91fbcbbd?s=96&d=mm&r=g\",\"caption\":\"Portal Incluir\"},\"sameAs\":[\"http:\\\/\\\/portalincluir.com.br\"],\"url\":\"https:\\\/\\\/portalincluir.com.br\\\/index.php\\\/author\\\/portalincluir-com-br\\\/\"}]}<\/script>\n<!-- \/ Yoast SEO plugin. -->","yoast_head_json":{"title":"\u201cO cuidado deve ser em liberdade, n\u00e3o h\u00e1 aprendizado sem as rela\u00e7\u00f5es do mundo\u201d - PORTAL INCLUIR","robots":{"index":"index","follow":"follow","max-snippet":"max-snippet:-1","max-image-preview":"max-image-preview:large","max-video-preview":"max-video-preview:-1"},"canonical":"https:\/\/portalincluir.com.br\/index.php\/2025\/12\/10\/o-cuidado-deve-ser-em-liberdade-nao-ha-aprendizado-sem-as-relacoes-do-mundo\/","og_locale":"pt_BR","og_type":"article","og_title":"\u201cO cuidado deve ser em liberdade, n\u00e3o h\u00e1 aprendizado sem as rela\u00e7\u00f5es do mundo\u201d - PORTAL INCLUIR","og_description":"Em entrevista ao programa&nbsp;Inclus\u00e3o em Foco,&nbsp;Vin\u00edcius Lemes da Silva Reis, coordenador de Sa\u00fade Mental de","og_url":"https:\/\/portalincluir.com.br\/index.php\/2025\/12\/10\/o-cuidado-deve-ser-em-liberdade-nao-ha-aprendizado-sem-as-relacoes-do-mundo\/","og_site_name":"PORTAL INCLUIR","article_published_time":"2025-12-11T02:56:50+00:00","og_image":[{"width":758,"height":797,"url":"https:\/\/portalincluir.com.br\/wp-content\/uploads\/2025\/12\/vinicius-reis1.jpeg","type":"image\/jpeg"}],"author":"Portal Incluir","twitter_card":"summary_large_image","twitter_misc":{"Escrito por":"Portal Incluir","Est. tempo de leitura":"6 minutos"},"schema":{"@context":"https:\/\/schema.org","@graph":[{"@type":["Article","BlogPosting"],"@id":"https:\/\/portalincluir.com.br\/index.php\/2025\/12\/10\/o-cuidado-deve-ser-em-liberdade-nao-ha-aprendizado-sem-as-relacoes-do-mundo\/#article","isPartOf":{"@id":"https:\/\/portalincluir.com.br\/index.php\/2025\/12\/10\/o-cuidado-deve-ser-em-liberdade-nao-ha-aprendizado-sem-as-relacoes-do-mundo\/"},"author":{"name":"Portal Incluir","@id":"https:\/\/portalincluir.com.br\/#\/schema\/person\/8823664e5902eee555607fb75c4c35ae"},"headline":"\u201cO cuidado deve ser em liberdade, n\u00e3o h\u00e1 aprendizado sem as rela\u00e7\u00f5es do mundo\u201d","datePublished":"2025-12-11T02:56:50+00:00","mainEntityOfPage":{"@id":"https:\/\/portalincluir.com.br\/index.php\/2025\/12\/10\/o-cuidado-deve-ser-em-liberdade-nao-ha-aprendizado-sem-as-relacoes-do-mundo\/"},"wordCount":1079,"commentCount":0,"image":{"@id":"https:\/\/portalincluir.com.br\/index.php\/2025\/12\/10\/o-cuidado-deve-ser-em-liberdade-nao-ha-aprendizado-sem-as-relacoes-do-mundo\/#primaryimage"},"thumbnailUrl":"https:\/\/portalincluir.com.br\/wp-content\/uploads\/2025\/12\/vinicius-reis1.jpeg","articleSection":["Not\u00edcias"],"inLanguage":"pt-BR","potentialAction":[{"@type":"CommentAction","name":"Comment","target":["https:\/\/portalincluir.com.br\/index.php\/2025\/12\/10\/o-cuidado-deve-ser-em-liberdade-nao-ha-aprendizado-sem-as-relacoes-do-mundo\/#respond"]}]},{"@type":"WebPage","@id":"https:\/\/portalincluir.com.br\/index.php\/2025\/12\/10\/o-cuidado-deve-ser-em-liberdade-nao-ha-aprendizado-sem-as-relacoes-do-mundo\/","url":"https:\/\/portalincluir.com.br\/index.php\/2025\/12\/10\/o-cuidado-deve-ser-em-liberdade-nao-ha-aprendizado-sem-as-relacoes-do-mundo\/","name":"\u201cO cuidado deve ser em liberdade, n\u00e3o h\u00e1 aprendizado sem as rela\u00e7\u00f5es do mundo\u201d - PORTAL INCLUIR","isPartOf":{"@id":"https:\/\/portalincluir.com.br\/#website"},"primaryImageOfPage":{"@id":"https:\/\/portalincluir.com.br\/index.php\/2025\/12\/10\/o-cuidado-deve-ser-em-liberdade-nao-ha-aprendizado-sem-as-relacoes-do-mundo\/#primaryimage"},"image":{"@id":"https:\/\/portalincluir.com.br\/index.php\/2025\/12\/10\/o-cuidado-deve-ser-em-liberdade-nao-ha-aprendizado-sem-as-relacoes-do-mundo\/#primaryimage"},"thumbnailUrl":"https:\/\/portalincluir.com.br\/wp-content\/uploads\/2025\/12\/vinicius-reis1.jpeg","datePublished":"2025-12-11T02:56:50+00:00","author":{"@id":"https:\/\/portalincluir.com.br\/#\/schema\/person\/8823664e5902eee555607fb75c4c35ae"},"breadcrumb":{"@id":"https:\/\/portalincluir.com.br\/index.php\/2025\/12\/10\/o-cuidado-deve-ser-em-liberdade-nao-ha-aprendizado-sem-as-relacoes-do-mundo\/#breadcrumb"},"inLanguage":"pt-BR","potentialAction":[{"@type":"ReadAction","target":["https:\/\/portalincluir.com.br\/index.php\/2025\/12\/10\/o-cuidado-deve-ser-em-liberdade-nao-ha-aprendizado-sem-as-relacoes-do-mundo\/"]}]},{"@type":"ImageObject","inLanguage":"pt-BR","@id":"https:\/\/portalincluir.com.br\/index.php\/2025\/12\/10\/o-cuidado-deve-ser-em-liberdade-nao-ha-aprendizado-sem-as-relacoes-do-mundo\/#primaryimage","url":"https:\/\/portalincluir.com.br\/wp-content\/uploads\/2025\/12\/vinicius-reis1.jpeg","contentUrl":"https:\/\/portalincluir.com.br\/wp-content\/uploads\/2025\/12\/vinicius-reis1.jpeg","width":758,"height":797},{"@type":"BreadcrumbList","@id":"https:\/\/portalincluir.com.br\/index.php\/2025\/12\/10\/o-cuidado-deve-ser-em-liberdade-nao-ha-aprendizado-sem-as-relacoes-do-mundo\/#breadcrumb","itemListElement":[{"@type":"ListItem","position":1,"name":"In\u00edcio","item":"https:\/\/portalincluir.com.br\/"},{"@type":"ListItem","position":2,"name":"\u201cO cuidado deve ser em liberdade, n\u00e3o h\u00e1 aprendizado sem as rela\u00e7\u00f5es do mundo\u201d"}]},{"@type":"WebSite","@id":"https:\/\/portalincluir.com.br\/#website","url":"https:\/\/portalincluir.com.br\/","name":"PORTAL INCLUIR","description":"","potentialAction":[{"@type":"SearchAction","target":{"@type":"EntryPoint","urlTemplate":"https:\/\/portalincluir.com.br\/?s={search_term_string}"},"query-input":{"@type":"PropertyValueSpecification","valueRequired":true,"valueName":"search_term_string"}}],"inLanguage":"pt-BR"},{"@type":"Person","@id":"https:\/\/portalincluir.com.br\/#\/schema\/person\/8823664e5902eee555607fb75c4c35ae","name":"Portal Incluir","image":{"@type":"ImageObject","inLanguage":"pt-BR","@id":"https:\/\/secure.gravatar.com\/avatar\/12085fe17e70c3550551519fe1f8f51fae69b1748563a47fc3bea53d91fbcbbd?s=96&d=mm&r=g","url":"https:\/\/secure.gravatar.com\/avatar\/12085fe17e70c3550551519fe1f8f51fae69b1748563a47fc3bea53d91fbcbbd?s=96&d=mm&r=g","contentUrl":"https:\/\/secure.gravatar.com\/avatar\/12085fe17e70c3550551519fe1f8f51fae69b1748563a47fc3bea53d91fbcbbd?s=96&d=mm&r=g","caption":"Portal Incluir"},"sameAs":["http:\/\/portalincluir.com.br"],"url":"https:\/\/portalincluir.com.br\/index.php\/author\/portalincluir-com-br\/"}]}},"_links":{"self":[{"href":"https:\/\/portalincluir.com.br\/index.php\/wp-json\/wp\/v2\/posts\/813","targetHints":{"allow":["GET"]}}],"collection":[{"href":"https:\/\/portalincluir.com.br\/index.php\/wp-json\/wp\/v2\/posts"}],"about":[{"href":"https:\/\/portalincluir.com.br\/index.php\/wp-json\/wp\/v2\/types\/post"}],"author":[{"embeddable":true,"href":"https:\/\/portalincluir.com.br\/index.php\/wp-json\/wp\/v2\/users\/1"}],"replies":[{"embeddable":true,"href":"https:\/\/portalincluir.com.br\/index.php\/wp-json\/wp\/v2\/comments?post=813"}],"version-history":[{"count":1,"href":"https:\/\/portalincluir.com.br\/index.php\/wp-json\/wp\/v2\/posts\/813\/revisions"}],"predecessor-version":[{"id":815,"href":"https:\/\/portalincluir.com.br\/index.php\/wp-json\/wp\/v2\/posts\/813\/revisions\/815"}],"wp:featuredmedia":[{"embeddable":true,"href":"https:\/\/portalincluir.com.br\/index.php\/wp-json\/wp\/v2\/media\/814"}],"wp:attachment":[{"href":"https:\/\/portalincluir.com.br\/index.php\/wp-json\/wp\/v2\/media?parent=813"}],"wp:term":[{"taxonomy":"category","embeddable":true,"href":"https:\/\/portalincluir.com.br\/index.php\/wp-json\/wp\/v2\/categories?post=813"},{"taxonomy":"post_tag","embeddable":true,"href":"https:\/\/portalincluir.com.br\/index.php\/wp-json\/wp\/v2\/tags?post=813"}],"curies":[{"name":"wp","href":"https:\/\/api.w.org\/{rel}","templated":true}]}}