{"id":816,"date":"2025-12-11T00:02:49","date_gmt":"2025-12-11T03:02:49","guid":{"rendered":"https:\/\/portalincluir.com.br\/?p=816"},"modified":"2025-12-11T00:03:59","modified_gmt":"2025-12-11T03:03:59","slug":"femicidio-diario-acorda-brasil","status":"publish","type":"post","link":"https:\/\/portalincluir.com.br\/index.php\/2025\/12\/11\/femicidio-diario-acorda-brasil\/","title":{"rendered":"Femic\u00eddio di\u00e1rio: acorda, Brasil!"},"content":{"rendered":"\n<p>A viol\u00eancia contra as mulheres no Brasil n\u00e3o \u00e9 um acidente isolado, mas uma crise epid\u00eamica enraizada em estruturas machistas impostas pela coloniza\u00e7\u00e3o portuguesa, que subjugou povos ind\u00edgenas e africanos escravizados, tratando seus corpos como territ\u00f3rios de conquista e controle. Em 2025, 3,7 milh\u00f5es de brasileiras sofreram viol\u00eancia dom\u00e9stica ou familiar, com quase 60% enfrentando agress\u00f5es recorrentes nos \u00faltimos seis meses; mais de 1.075 feminic\u00eddios ocorreram de janeiro a setembro, al\u00e9m de 2,7 mil tentativas, equivalendo a mais de quatro mulheres assassinadas por dia. Esses n\u00fameros, confirmados por dados oficiais do Minist\u00e9rio das Mulheres e F\u00f3rum Brasileiro de Seguran\u00e7a P\u00fablica, representam vidas interrompidas \u2013 1.177 feminic\u00eddios e 2.990 tentativas em dez meses recentes, ou quatro mortes e 14 tentativas di\u00e1rias \u2013, mas s\u00e3o apenas a ponta do iceberg de uma dor multifacetada que inclui agress\u00f5es f\u00edsicas, psicol\u00f3gicas, ass\u00e9dio moral, sexual, patrimonial e institucional.\u200b<\/p>\n\n\n\n<figure class=\"wp-block-image alignright size-large is-resized\"><img loading=\"lazy\" decoding=\"async\" width=\"768\" height=\"1024\" src=\"https:\/\/portalincluir.com.br\/wp-content\/uploads\/2025\/12\/feminiciio-numeros-768x1024.jpg\" alt=\"\" class=\"wp-image-817\" style=\"aspect-ratio:0.7500167414451215;width:351px;height:auto\" srcset=\"https:\/\/portalincluir.com.br\/wp-content\/uploads\/2025\/12\/feminiciio-numeros-768x1024.jpg 768w, https:\/\/portalincluir.com.br\/wp-content\/uploads\/2025\/12\/feminiciio-numeros-225x300.jpg 225w, https:\/\/portalincluir.com.br\/wp-content\/uploads\/2025\/12\/feminiciio-numeros-1152x1536.jpg 1152w, https:\/\/portalincluir.com.br\/wp-content\/uploads\/2025\/12\/feminiciio-numeros-1536x2048.jpg 1536w, https:\/\/portalincluir.com.br\/wp-content\/uploads\/2025\/12\/feminiciio-numeros-1024x1365.jpg 1024w, https:\/\/portalincluir.com.br\/wp-content\/uploads\/2025\/12\/feminiciio-numeros.jpg 1728w\" sizes=\"auto, (max-width: 768px) 100vw, 768px\" \/><\/figure>\n\n\n\n<p>Al\u00e9m da brutalidade f\u00edsica, que em 2024 registrou 1.450 feminic\u00eddios e 2.485 homic\u00eddios dolosos contra mulheres (mortes a cada 17 horas, apesar de queda de 5,07% ante 2023), crescem viol\u00eancias invis\u00edveis: 38.507 casos de viol\u00eancia psicol\u00f3gica em 2023 (alta de 33,8%), 258.941 agress\u00f5es dom\u00e9sticas (aumento de 9,8%) e importuna\u00e7\u00f5es sexuais subiram 48,7%. Mulheres s\u00e3o minadas em sua autoestima, isoladas, vigiadas e despojadas de autonomia, com ass\u00e9dio nas ruas, trabalho e redes digitais criando inseguran\u00e7a constante. Essa irracionalidade de homens violentos, despreparados e machistas \u2013 que veem a mulher como propriedade para descarga de frustra\u00e7\u00f5es \u2013 destr\u00f3i fam\u00edlias e sociedades, ocorrendo muitas vezes perante crian\u00e7as.\u200b<\/p>\n\n\n\n<p>Desde a invas\u00e3o portuguesa em 1500, a cultura europeia branca imp\u00f4s domina\u00e7\u00e3o truculenta: subjugou povos origin\u00e1rios, estuprando mulheres ind\u00edgenas para afirmar controle, e, a partir de 1550, escravizou 4,8 milh\u00f5es de africanos, submetendo mulheres negras a viol\u00eancia sistem\u00e1tica em &#8220;fazendas de reprodu\u00e7\u00e3o&#8221; para multiplicar m\u00e3o de obra. Esse machismo exacerbado, mais violento que na Europa pela minoria colonizadora, enraizou misoginia, homofobia e superioridade masculina branca via chicote e espingarda, normalizando subjuga\u00e7\u00e3o racial e de g\u00eanero que persiste hoje.\u200b<\/p>\n\n\n\n<p>Avan\u00e7os como a Lei Maria da Penha (2006) e a tipifica\u00e7\u00e3o do feminic\u00eddio (2015, autonomizada em 2024) esbarram em institui\u00e7\u00f5es machistas, revitimiza\u00e7\u00e3o e lentid\u00e3o judicial. Para romper esse legado, urge educa\u00e7\u00e3o igualit\u00e1ria desde a inf\u00e2ncia, redes de apoio com abrigos e autonomia econ\u00f4mica, reeduca\u00e7\u00e3o de agressores, mudan\u00e7a cultural na m\u00eddia e pol\u00edticas contra o racismo que vitima mais negras e ind\u00edgenas. Os n\u00fameros s\u00e3o um grito: cada feminic\u00eddio rouba uma filha, m\u00e3e, amiga. Denunciar \u00e9 dever de todos \u2013 basta de indigna\u00e7\u00e3o pontual; construamos um Brasil onde mulheres vivam livres da heran\u00e7a colonial de viol\u00eancia.<\/p>\n\n\n\n<p>Por: J\u00fanior Patente<\/p>\n\n\n\n<p>Foto por Alice Vergueiro\/Estad\u00e3o Conte\u00fado\u00a0<\/p>\n","protected":false},"excerpt":{"rendered":"<p>A viol\u00eancia contra as mulheres no Brasil n\u00e3o \u00e9 um acidente isolado, mas uma crise<\/p>\n","protected":false},"author":1,"featured_media":818,"comment_status":"open","ping_status":"open","sticky":false,"template":"","format":"standard","meta":{"om_disable_all_campaigns":false,"_monsterinsights_skip_tracking":false,"_monsterinsights_sitenote_active":false,"_monsterinsights_sitenote_note":"","_monsterinsights_sitenote_category":0,"_uf_show_specific_survey":0,"_uf_disable_surveys":false,"footnotes":""},"categories":[9],"tags":[],"class_list":["post-816","post","type-post","status-publish","format-standard","has-post-thumbnail","hentry","category-noticias"],"yoast_head":"<!-- This site is optimized with the Yoast SEO plugin v27.4 - https:\/\/yoast.com\/product\/yoast-seo-wordpress\/ -->\n<title>Femic\u00eddio di\u00e1rio: acorda, Brasil! - PORTAL INCLUIR<\/title>\n<meta name=\"robots\" content=\"index, follow, max-snippet:-1, max-image-preview:large, max-video-preview:-1\" \/>\n<link rel=\"canonical\" href=\"https:\/\/portalincluir.com.br\/index.php\/2025\/12\/11\/femicidio-diario-acorda-brasil\/\" \/>\n<meta property=\"og:locale\" content=\"pt_BR\" \/>\n<meta property=\"og:type\" content=\"article\" \/>\n<meta property=\"og:title\" content=\"Femic\u00eddio di\u00e1rio: acorda, Brasil! - PORTAL INCLUIR\" \/>\n<meta property=\"og:description\" content=\"A viol\u00eancia contra as mulheres no Brasil n\u00e3o \u00e9 um acidente isolado, mas uma crise\" \/>\n<meta property=\"og:url\" content=\"https:\/\/portalincluir.com.br\/index.php\/2025\/12\/11\/femicidio-diario-acorda-brasil\/\" \/>\n<meta property=\"og:site_name\" content=\"PORTAL INCLUIR\" \/>\n<meta property=\"article:published_time\" content=\"2025-12-11T03:02:49+00:00\" \/>\n<meta property=\"article:modified_time\" content=\"2025-12-11T03:03:59+00:00\" \/>\n<meta property=\"og:image\" content=\"https:\/\/portalincluir.com.br\/wp-content\/uploads\/2025\/12\/image-1.png\" \/>\n\t<meta property=\"og:image:width\" content=\"660\" \/>\n\t<meta property=\"og:image:height\" content=\"440\" \/>\n\t<meta property=\"og:image:type\" content=\"image\/png\" \/>\n<meta name=\"author\" content=\"Portal Incluir\" \/>\n<meta name=\"twitter:card\" content=\"summary_large_image\" \/>\n<meta name=\"twitter:label1\" content=\"Escrito por\" \/>\n\t<meta name=\"twitter:data1\" content=\"Portal Incluir\" \/>\n\t<meta name=\"twitter:label2\" content=\"Est. tempo de leitura\" \/>\n\t<meta name=\"twitter:data2\" content=\"3 minutos\" \/>\n<script type=\"application\/ld+json\" class=\"yoast-schema-graph\">{\"@context\":\"https:\\\/\\\/schema.org\",\"@graph\":[{\"@type\":[\"Article\",\"BlogPosting\"],\"@id\":\"https:\\\/\\\/portalincluir.com.br\\\/index.php\\\/2025\\\/12\\\/11\\\/femicidio-diario-acorda-brasil\\\/#article\",\"isPartOf\":{\"@id\":\"https:\\\/\\\/portalincluir.com.br\\\/index.php\\\/2025\\\/12\\\/11\\\/femicidio-diario-acorda-brasil\\\/\"},\"author\":{\"name\":\"Portal Incluir\",\"@id\":\"https:\\\/\\\/portalincluir.com.br\\\/#\\\/schema\\\/person\\\/8823664e5902eee555607fb75c4c35ae\"},\"headline\":\"Femic\u00eddio di\u00e1rio: acorda, Brasil!\",\"datePublished\":\"2025-12-11T03:02:49+00:00\",\"dateModified\":\"2025-12-11T03:03:59+00:00\",\"mainEntityOfPage\":{\"@id\":\"https:\\\/\\\/portalincluir.com.br\\\/index.php\\\/2025\\\/12\\\/11\\\/femicidio-diario-acorda-brasil\\\/\"},\"wordCount\":481,\"commentCount\":0,\"image\":{\"@id\":\"https:\\\/\\\/portalincluir.com.br\\\/index.php\\\/2025\\\/12\\\/11\\\/femicidio-diario-acorda-brasil\\\/#primaryimage\"},\"thumbnailUrl\":\"https:\\\/\\\/portalincluir.com.br\\\/wp-content\\\/uploads\\\/2025\\\/12\\\/image-1.png\",\"articleSection\":[\"Not\u00edcias\"],\"inLanguage\":\"pt-BR\",\"potentialAction\":[{\"@type\":\"CommentAction\",\"name\":\"Comment\",\"target\":[\"https:\\\/\\\/portalincluir.com.br\\\/index.php\\\/2025\\\/12\\\/11\\\/femicidio-diario-acorda-brasil\\\/#respond\"]}]},{\"@type\":\"WebPage\",\"@id\":\"https:\\\/\\\/portalincluir.com.br\\\/index.php\\\/2025\\\/12\\\/11\\\/femicidio-diario-acorda-brasil\\\/\",\"url\":\"https:\\\/\\\/portalincluir.com.br\\\/index.php\\\/2025\\\/12\\\/11\\\/femicidio-diario-acorda-brasil\\\/\",\"name\":\"Femic\u00eddio di\u00e1rio: acorda, Brasil! - PORTAL INCLUIR\",\"isPartOf\":{\"@id\":\"https:\\\/\\\/portalincluir.com.br\\\/#website\"},\"primaryImageOfPage\":{\"@id\":\"https:\\\/\\\/portalincluir.com.br\\\/index.php\\\/2025\\\/12\\\/11\\\/femicidio-diario-acorda-brasil\\\/#primaryimage\"},\"image\":{\"@id\":\"https:\\\/\\\/portalincluir.com.br\\\/index.php\\\/2025\\\/12\\\/11\\\/femicidio-diario-acorda-brasil\\\/#primaryimage\"},\"thumbnailUrl\":\"https:\\\/\\\/portalincluir.com.br\\\/wp-content\\\/uploads\\\/2025\\\/12\\\/image-1.png\",\"datePublished\":\"2025-12-11T03:02:49+00:00\",\"dateModified\":\"2025-12-11T03:03:59+00:00\",\"author\":{\"@id\":\"https:\\\/\\\/portalincluir.com.br\\\/#\\\/schema\\\/person\\\/8823664e5902eee555607fb75c4c35ae\"},\"breadcrumb\":{\"@id\":\"https:\\\/\\\/portalincluir.com.br\\\/index.php\\\/2025\\\/12\\\/11\\\/femicidio-diario-acorda-brasil\\\/#breadcrumb\"},\"inLanguage\":\"pt-BR\",\"potentialAction\":[{\"@type\":\"ReadAction\",\"target\":[\"https:\\\/\\\/portalincluir.com.br\\\/index.php\\\/2025\\\/12\\\/11\\\/femicidio-diario-acorda-brasil\\\/\"]}]},{\"@type\":\"ImageObject\",\"inLanguage\":\"pt-BR\",\"@id\":\"https:\\\/\\\/portalincluir.com.br\\\/index.php\\\/2025\\\/12\\\/11\\\/femicidio-diario-acorda-brasil\\\/#primaryimage\",\"url\":\"https:\\\/\\\/portalincluir.com.br\\\/wp-content\\\/uploads\\\/2025\\\/12\\\/image-1.png\",\"contentUrl\":\"https:\\\/\\\/portalincluir.com.br\\\/wp-content\\\/uploads\\\/2025\\\/12\\\/image-1.png\",\"width\":660,\"height\":440},{\"@type\":\"BreadcrumbList\",\"@id\":\"https:\\\/\\\/portalincluir.com.br\\\/index.php\\\/2025\\\/12\\\/11\\\/femicidio-diario-acorda-brasil\\\/#breadcrumb\",\"itemListElement\":[{\"@type\":\"ListItem\",\"position\":1,\"name\":\"In\u00edcio\",\"item\":\"https:\\\/\\\/portalincluir.com.br\\\/\"},{\"@type\":\"ListItem\",\"position\":2,\"name\":\"Femic\u00eddio di\u00e1rio: acorda, Brasil!\"}]},{\"@type\":\"WebSite\",\"@id\":\"https:\\\/\\\/portalincluir.com.br\\\/#website\",\"url\":\"https:\\\/\\\/portalincluir.com.br\\\/\",\"name\":\"PORTAL INCLUIR\",\"description\":\"\",\"potentialAction\":[{\"@type\":\"SearchAction\",\"target\":{\"@type\":\"EntryPoint\",\"urlTemplate\":\"https:\\\/\\\/portalincluir.com.br\\\/?s={search_term_string}\"},\"query-input\":{\"@type\":\"PropertyValueSpecification\",\"valueRequired\":true,\"valueName\":\"search_term_string\"}}],\"inLanguage\":\"pt-BR\"},{\"@type\":\"Person\",\"@id\":\"https:\\\/\\\/portalincluir.com.br\\\/#\\\/schema\\\/person\\\/8823664e5902eee555607fb75c4c35ae\",\"name\":\"Portal Incluir\",\"image\":{\"@type\":\"ImageObject\",\"inLanguage\":\"pt-BR\",\"@id\":\"https:\\\/\\\/secure.gravatar.com\\\/avatar\\\/12085fe17e70c3550551519fe1f8f51fae69b1748563a47fc3bea53d91fbcbbd?s=96&d=mm&r=g\",\"url\":\"https:\\\/\\\/secure.gravatar.com\\\/avatar\\\/12085fe17e70c3550551519fe1f8f51fae69b1748563a47fc3bea53d91fbcbbd?s=96&d=mm&r=g\",\"contentUrl\":\"https:\\\/\\\/secure.gravatar.com\\\/avatar\\\/12085fe17e70c3550551519fe1f8f51fae69b1748563a47fc3bea53d91fbcbbd?s=96&d=mm&r=g\",\"caption\":\"Portal Incluir\"},\"sameAs\":[\"http:\\\/\\\/portalincluir.com.br\"],\"url\":\"https:\\\/\\\/portalincluir.com.br\\\/index.php\\\/author\\\/portalincluir-com-br\\\/\"}]}<\/script>\n<!-- \/ Yoast SEO plugin. -->","yoast_head_json":{"title":"Femic\u00eddio di\u00e1rio: acorda, Brasil! - PORTAL INCLUIR","robots":{"index":"index","follow":"follow","max-snippet":"max-snippet:-1","max-image-preview":"max-image-preview:large","max-video-preview":"max-video-preview:-1"},"canonical":"https:\/\/portalincluir.com.br\/index.php\/2025\/12\/11\/femicidio-diario-acorda-brasil\/","og_locale":"pt_BR","og_type":"article","og_title":"Femic\u00eddio di\u00e1rio: acorda, Brasil! - PORTAL INCLUIR","og_description":"A viol\u00eancia contra as mulheres no Brasil n\u00e3o \u00e9 um acidente isolado, mas uma crise","og_url":"https:\/\/portalincluir.com.br\/index.php\/2025\/12\/11\/femicidio-diario-acorda-brasil\/","og_site_name":"PORTAL INCLUIR","article_published_time":"2025-12-11T03:02:49+00:00","article_modified_time":"2025-12-11T03:03:59+00:00","og_image":[{"width":660,"height":440,"url":"https:\/\/portalincluir.com.br\/wp-content\/uploads\/2025\/12\/image-1.png","type":"image\/png"}],"author":"Portal Incluir","twitter_card":"summary_large_image","twitter_misc":{"Escrito por":"Portal Incluir","Est. tempo de leitura":"3 minutos"},"schema":{"@context":"https:\/\/schema.org","@graph":[{"@type":["Article","BlogPosting"],"@id":"https:\/\/portalincluir.com.br\/index.php\/2025\/12\/11\/femicidio-diario-acorda-brasil\/#article","isPartOf":{"@id":"https:\/\/portalincluir.com.br\/index.php\/2025\/12\/11\/femicidio-diario-acorda-brasil\/"},"author":{"name":"Portal Incluir","@id":"https:\/\/portalincluir.com.br\/#\/schema\/person\/8823664e5902eee555607fb75c4c35ae"},"headline":"Femic\u00eddio di\u00e1rio: acorda, Brasil!","datePublished":"2025-12-11T03:02:49+00:00","dateModified":"2025-12-11T03:03:59+00:00","mainEntityOfPage":{"@id":"https:\/\/portalincluir.com.br\/index.php\/2025\/12\/11\/femicidio-diario-acorda-brasil\/"},"wordCount":481,"commentCount":0,"image":{"@id":"https:\/\/portalincluir.com.br\/index.php\/2025\/12\/11\/femicidio-diario-acorda-brasil\/#primaryimage"},"thumbnailUrl":"https:\/\/portalincluir.com.br\/wp-content\/uploads\/2025\/12\/image-1.png","articleSection":["Not\u00edcias"],"inLanguage":"pt-BR","potentialAction":[{"@type":"CommentAction","name":"Comment","target":["https:\/\/portalincluir.com.br\/index.php\/2025\/12\/11\/femicidio-diario-acorda-brasil\/#respond"]}]},{"@type":"WebPage","@id":"https:\/\/portalincluir.com.br\/index.php\/2025\/12\/11\/femicidio-diario-acorda-brasil\/","url":"https:\/\/portalincluir.com.br\/index.php\/2025\/12\/11\/femicidio-diario-acorda-brasil\/","name":"Femic\u00eddio di\u00e1rio: acorda, Brasil! - PORTAL INCLUIR","isPartOf":{"@id":"https:\/\/portalincluir.com.br\/#website"},"primaryImageOfPage":{"@id":"https:\/\/portalincluir.com.br\/index.php\/2025\/12\/11\/femicidio-diario-acorda-brasil\/#primaryimage"},"image":{"@id":"https:\/\/portalincluir.com.br\/index.php\/2025\/12\/11\/femicidio-diario-acorda-brasil\/#primaryimage"},"thumbnailUrl":"https:\/\/portalincluir.com.br\/wp-content\/uploads\/2025\/12\/image-1.png","datePublished":"2025-12-11T03:02:49+00:00","dateModified":"2025-12-11T03:03:59+00:00","author":{"@id":"https:\/\/portalincluir.com.br\/#\/schema\/person\/8823664e5902eee555607fb75c4c35ae"},"breadcrumb":{"@id":"https:\/\/portalincluir.com.br\/index.php\/2025\/12\/11\/femicidio-diario-acorda-brasil\/#breadcrumb"},"inLanguage":"pt-BR","potentialAction":[{"@type":"ReadAction","target":["https:\/\/portalincluir.com.br\/index.php\/2025\/12\/11\/femicidio-diario-acorda-brasil\/"]}]},{"@type":"ImageObject","inLanguage":"pt-BR","@id":"https:\/\/portalincluir.com.br\/index.php\/2025\/12\/11\/femicidio-diario-acorda-brasil\/#primaryimage","url":"https:\/\/portalincluir.com.br\/wp-content\/uploads\/2025\/12\/image-1.png","contentUrl":"https:\/\/portalincluir.com.br\/wp-content\/uploads\/2025\/12\/image-1.png","width":660,"height":440},{"@type":"BreadcrumbList","@id":"https:\/\/portalincluir.com.br\/index.php\/2025\/12\/11\/femicidio-diario-acorda-brasil\/#breadcrumb","itemListElement":[{"@type":"ListItem","position":1,"name":"In\u00edcio","item":"https:\/\/portalincluir.com.br\/"},{"@type":"ListItem","position":2,"name":"Femic\u00eddio di\u00e1rio: acorda, Brasil!"}]},{"@type":"WebSite","@id":"https:\/\/portalincluir.com.br\/#website","url":"https:\/\/portalincluir.com.br\/","name":"PORTAL INCLUIR","description":"","potentialAction":[{"@type":"SearchAction","target":{"@type":"EntryPoint","urlTemplate":"https:\/\/portalincluir.com.br\/?s={search_term_string}"},"query-input":{"@type":"PropertyValueSpecification","valueRequired":true,"valueName":"search_term_string"}}],"inLanguage":"pt-BR"},{"@type":"Person","@id":"https:\/\/portalincluir.com.br\/#\/schema\/person\/8823664e5902eee555607fb75c4c35ae","name":"Portal Incluir","image":{"@type":"ImageObject","inLanguage":"pt-BR","@id":"https:\/\/secure.gravatar.com\/avatar\/12085fe17e70c3550551519fe1f8f51fae69b1748563a47fc3bea53d91fbcbbd?s=96&d=mm&r=g","url":"https:\/\/secure.gravatar.com\/avatar\/12085fe17e70c3550551519fe1f8f51fae69b1748563a47fc3bea53d91fbcbbd?s=96&d=mm&r=g","contentUrl":"https:\/\/secure.gravatar.com\/avatar\/12085fe17e70c3550551519fe1f8f51fae69b1748563a47fc3bea53d91fbcbbd?s=96&d=mm&r=g","caption":"Portal Incluir"},"sameAs":["http:\/\/portalincluir.com.br"],"url":"https:\/\/portalincluir.com.br\/index.php\/author\/portalincluir-com-br\/"}]}},"_links":{"self":[{"href":"https:\/\/portalincluir.com.br\/index.php\/wp-json\/wp\/v2\/posts\/816","targetHints":{"allow":["GET"]}}],"collection":[{"href":"https:\/\/portalincluir.com.br\/index.php\/wp-json\/wp\/v2\/posts"}],"about":[{"href":"https:\/\/portalincluir.com.br\/index.php\/wp-json\/wp\/v2\/types\/post"}],"author":[{"embeddable":true,"href":"https:\/\/portalincluir.com.br\/index.php\/wp-json\/wp\/v2\/users\/1"}],"replies":[{"embeddable":true,"href":"https:\/\/portalincluir.com.br\/index.php\/wp-json\/wp\/v2\/comments?post=816"}],"version-history":[{"count":2,"href":"https:\/\/portalincluir.com.br\/index.php\/wp-json\/wp\/v2\/posts\/816\/revisions"}],"predecessor-version":[{"id":821,"href":"https:\/\/portalincluir.com.br\/index.php\/wp-json\/wp\/v2\/posts\/816\/revisions\/821"}],"wp:featuredmedia":[{"embeddable":true,"href":"https:\/\/portalincluir.com.br\/index.php\/wp-json\/wp\/v2\/media\/818"}],"wp:attachment":[{"href":"https:\/\/portalincluir.com.br\/index.php\/wp-json\/wp\/v2\/media?parent=816"}],"wp:term":[{"taxonomy":"category","embeddable":true,"href":"https:\/\/portalincluir.com.br\/index.php\/wp-json\/wp\/v2\/categories?post=816"},{"taxonomy":"post_tag","embeddable":true,"href":"https:\/\/portalincluir.com.br\/index.php\/wp-json\/wp\/v2\/tags?post=816"}],"curies":[{"name":"wp","href":"https:\/\/api.w.org\/{rel}","templated":true}]}}