{"id":822,"date":"2025-12-11T00:06:57","date_gmt":"2025-12-11T03:06:57","guid":{"rendered":"https:\/\/portalincluir.com.br\/?p=822"},"modified":"2025-12-11T00:06:58","modified_gmt":"2025-12-11T03:06:58","slug":"apraxia-da-fala-em-criancas-com-t21-especialista-explica-sinais-diagnostico-e-caminhos-para-o-desenvolvimento","status":"publish","type":"post","link":"https:\/\/portalincluir.com.br\/index.php\/2025\/12\/11\/apraxia-da-fala-em-criancas-com-t21-especialista-explica-sinais-diagnostico-e-caminhos-para-o-desenvolvimento\/","title":{"rendered":"Apraxia da fala em crian\u00e7as com T21: especialista explica sinais, diagn\u00f3stico e caminhos para o desenvolvimento"},"content":{"rendered":"\n<p>A apraxia da fala ainda \u00e9 um tema pouco compreendido por muitas fam\u00edlias e at\u00e9 por profissionais da educa\u00e7\u00e3o, especialmente quando se trata de crian\u00e7as com S\u00edndrome de Down. Para esclarecer d\u00favidas, o programa recebeu a fonoaudi\u00f3loga&nbsp;<strong>Luciana Cordeiro Felipetto<\/strong>, especialista em Linguagem e Fonoaudiologia Educacional, doutoranda e mestre em Ci\u00eancias da Educa\u00e7\u00e3o, al\u00e9m de autora de diversas obras sobre desenvolvimento da linguagem.<\/p>\n\n\n\n<p>Durante a entrevista, Luciana explicou que a apraxia da fala \u00e9 um&nbsp;<strong>transtorno motor de fala<\/strong>, no qual a pessoa \u201csabe o que quer dizer\u201d, mas encontra dificuldade para&nbsp;<strong>planejar e executar os movimentos articulat\u00f3rios necess\u00e1rios para produzir os sons<\/strong>.<\/p>\n\n\n\n<p>Em crian\u00e7as com S\u00edndrome de Down, o quadro pode ser mais prevalente, mas n\u00e3o \u00e9 regra. \u201cNem toda crian\u00e7a com T21 vai apresentar apraxia. Por\u00e9m, como j\u00e1 existe maior vulnerabilidade muscular, sensorial e orofacial, h\u00e1 um risco aumentado\u201d, explicou.<\/p>\n\n\n\n<hr class=\"wp-block-separator has-alpha-channel-opacity\"\/>\n\n\n\n<h3 class=\"wp-block-heading\"><strong>Como identificar a apraxia da fala?<\/strong><\/h3>\n\n\n\n<p>Um dos principais desafios \u00e9 diferenciar a apraxia de um simples atraso de linguagem \u2014 confus\u00e3o comum entre professores e familiares.<br>Segundo a especialista, no atraso de linguagem h\u00e1 dificuldade em adquirir palavras, conceitos e formar frases, mas&nbsp;<strong>n\u00e3o existe preju\u00edzo no planejamento motor da fala<\/strong>.<\/p>\n\n\n\n<p>J\u00e1 na apraxia, h\u00e1 inconsist\u00eancia:<\/p>\n\n\n\n<ul class=\"wp-block-list\">\n<li>a crian\u00e7a pronuncia a mesma palavra de maneiras diferentes,<\/li>\n\n\n\n<li>tem dificuldade para iniciar a fala,<\/li>\n\n\n\n<li>apresenta altera\u00e7\u00f5es na articula\u00e7\u00e3o e coarticula\u00e7\u00e3o,<\/li>\n\n\n\n<li>pode demonstrar fala \u201carrastada\u201d ou sem padr\u00e3o sonoro fixo.<\/li>\n<\/ul>\n\n\n\n<p>\u201cEnquanto uma crian\u00e7a com atraso troca o mesmo som de forma sistem\u00e1tica, a crian\u00e7a com apraxia n\u00e3o mant\u00e9m padr\u00e3o. Ela tenta, mas n\u00e3o consegue executar o gesto articulat\u00f3rio\u201d, pontuou Felipetto.<\/p>\n\n\n\n<hr class=\"wp-block-separator has-alpha-channel-opacity\"\/>\n\n\n\n<h3 class=\"wp-block-heading\"><strong>N\u00e3o existe causa \u00fanica \u2014 e nem rela\u00e7\u00e3o direta com a S\u00edndrome de Down<\/strong><\/h3>\n\n\n\n<p>Luciana explica que a apraxia&nbsp;<strong>n\u00e3o \u00e9 causada<\/strong>&nbsp;pela S\u00edndrome de Down. Trata-se de uma condi\u00e7\u00e3o que pode ocorrer por quest\u00f5es de neurodesenvolvimento ou altera\u00e7\u00f5es no c\u00f3rtex motor da fala, podendo \u2014 ou n\u00e3o \u2014 estar associada ao T21 ou ao autismo.<\/p>\n\n\n\n<p>\u201cA S\u00edndrome de Down apresenta fatores que tornam essas crian\u00e7as mais vulner\u00e1veis \u2014 como altera\u00e7\u00f5es musculares e proprioceptivas \u2014, por isso a preval\u00eancia \u00e9 maior. Mas a apraxia pode existir isoladamente\u201d, afirma.<\/p>\n\n\n\n<hr class=\"wp-block-separator has-alpha-channel-opacity\"\/>\n\n\n\n<h3 class=\"wp-block-heading\"><strong>Como \u00e9 feito o diagn\u00f3stico?<\/strong><\/h3>\n\n\n\n<p>A avalia\u00e7\u00e3o deve ser conduzida por um&nbsp;<strong>fonoaudi\u00f3logo especializado em fala e motricidade orofacial<\/strong>, \u00e1reas espec\u00edficas dentro da profiss\u00e3o.<\/p>\n\n\n\n<p>O processo envolve protocolos validados cientificamente e an\u00e1lise de diversos aspectos:<\/p>\n\n\n\n<ul class=\"wp-block-list\">\n<li>t\u00f4nus e funcionalidade da musculatura orofacial;<\/li>\n\n\n\n<li>articula\u00e7\u00e3o e coarticula\u00e7\u00e3o dos sons;<\/li>\n\n\n\n<li>repeti\u00e7\u00e3o de sequ\u00eancias como\u00a0<em>pa-ta-ka<\/em>;<\/li>\n\n\n\n<li>entona\u00e7\u00e3o, inteligibilidade e consist\u00eancia da fala;<\/li>\n\n\n\n<li>capacidade de iniciar e organizar a produ\u00e7\u00e3o verbal.<\/li>\n<\/ul>\n\n\n\n<p>A inconsist\u00eancia sonora \u2014 marca registrada da apraxia \u2014 \u00e9 um dos principais indicativos.<\/p>\n\n\n\n<hr class=\"wp-block-separator has-alpha-channel-opacity\"\/>\n\n\n\n<h3 class=\"wp-block-heading\"><strong>Interven\u00e7\u00e3o: pistas, repeti\u00e7\u00e3o, tecnologia e envolvimento da fam\u00edlia<\/strong><\/h3>\n\n\n\n<p>O tratamento exige abordagem espec\u00edfica, incluindo pistas t\u00e1teis, auditivas e visuais, al\u00e9m de exerc\u00edcios di\u00e1rios de repeti\u00e7\u00e3o.<br>\u201cCinco a dez minutos por dia j\u00e1 fazem diferen\u00e7a\u201d, destaca Luciana.<\/p>\n\n\n\n<p>Ela tamb\u00e9m ressalta a import\u00e2ncia de m\u00e9todos baseados em evid\u00eancias, como PROMPT e REST, selecionados conforme a necessidade de cada paciente.<\/p>\n\n\n\n<p>Nos casos mais intensos ou em crian\u00e7as n\u00e3o verbais, entra a&nbsp;<strong>Comunica\u00e7\u00e3o Alternativa e Aumentativa (CAA)<\/strong>&nbsp;\u2014 pranchas, figuras e recursos visuais que facilitam a intera\u00e7\u00e3o.<\/p>\n\n\n\n<p>E derruba um mito:<\/p>\n\n\n\n<blockquote class=\"wp-block-quote is-layout-flow wp-block-quote-is-layout-flow\">\n<p>\u201cA CAA n\u00e3o atrapalha o desenvolvimento da fala. Pelo contr\u00e1rio, pode potencializar.\u201d<\/p>\n<\/blockquote>\n\n\n\n<p>A tecnologia tamb\u00e9m pode ser uma grande aliada. V\u00eddeos, aplicativos e at\u00e9 intelig\u00eancia artificial ajudam a fornecer pistas auditivas e visuais que favorecem o planejamento motor.<\/p>\n\n\n\n<hr class=\"wp-block-separator has-alpha-channel-opacity\"\/>\n\n\n\n<h3 class=\"wp-block-heading\"><strong>A for\u00e7a da fam\u00edlia no processo<\/strong><\/h3>\n\n\n\n<p>Para Luciana, nenhum tratamento acontece sozinho.<\/p>\n\n\n\n<p>\u201cO trip\u00e9 fam\u00edlia\u2013escola\u2013profissional precisa estar alinhado. A fam\u00edlia \u00e9 ponto chave\u201d, refor\u00e7a.<\/p>\n\n\n\n<p>Criar um ambiente estimulante, motivador e afetivo, segundo ela, faz diferen\u00e7a significativa no desenvolvimento da linguagem. Mais do que t\u00e9cnica, \u00e9 preciso acolhimento.<\/p>\n\n\n\n<hr class=\"wp-block-separator has-alpha-channel-opacity\"\/>\n\n\n\n<h3 class=\"wp-block-heading\"><strong>Mensagem final \u00e0s fam\u00edlias<\/strong><\/h3>\n\n\n\n<p>A fonoaudi\u00f3loga encerrou a entrevista com um recado direto:<\/p>\n\n\n\n<p>\u201c\u00c9 essencial que as fam\u00edlias acreditem em suas crian\u00e7as. Apraxia n\u00e3o \u00e9 pregui\u00e7a. N\u00e3o \u00e9 falta de vontade de falar. \u00c9 uma dificuldade real, neurol\u00f3gica. Ao oferecer apoio, afeto e estrat\u00e9gias adequadas, avan\u00e7amos muito. E comunica\u00e7\u00e3o \u00e9 muito mais do que fala: \u00e9 gesto, \u00e9 express\u00e3o, \u00e9 v\u00ednculo. Cada pequena conquista importa.\u201d<\/p>\n","protected":false},"excerpt":{"rendered":"<p>A apraxia da fala ainda \u00e9 um tema pouco compreendido por muitas fam\u00edlias e at\u00e9<\/p>\n","protected":false},"author":1,"featured_media":634,"comment_status":"open","ping_status":"open","sticky":false,"template":"","format":"standard","meta":{"om_disable_all_campaigns":false,"_monsterinsights_skip_tracking":false,"_monsterinsights_sitenote_active":false,"_monsterinsights_sitenote_note":"","_monsterinsights_sitenote_category":0,"_uf_show_specific_survey":0,"_uf_disable_surveys":false,"footnotes":""},"categories":[9,7],"tags":[],"class_list":["post-822","post","type-post","status-publish","format-standard","has-post-thumbnail","hentry","category-noticias","category-t21"],"yoast_head":"<!-- This site is optimized with the Yoast SEO plugin v27.4 - https:\/\/yoast.com\/product\/yoast-seo-wordpress\/ -->\n<title>Apraxia da fala em crian\u00e7as com T21: especialista explica sinais, diagn\u00f3stico e caminhos para o desenvolvimento - PORTAL INCLUIR<\/title>\n<meta name=\"robots\" content=\"index, follow, max-snippet:-1, max-image-preview:large, max-video-preview:-1\" \/>\n<link rel=\"canonical\" href=\"https:\/\/portalincluir.com.br\/index.php\/2025\/12\/11\/apraxia-da-fala-em-criancas-com-t21-especialista-explica-sinais-diagnostico-e-caminhos-para-o-desenvolvimento\/\" \/>\n<meta property=\"og:locale\" content=\"pt_BR\" \/>\n<meta property=\"og:type\" content=\"article\" \/>\n<meta property=\"og:title\" content=\"Apraxia da fala em crian\u00e7as com T21: especialista explica sinais, diagn\u00f3stico e caminhos para o desenvolvimento - PORTAL INCLUIR\" \/>\n<meta property=\"og:description\" content=\"A apraxia da fala ainda \u00e9 um tema pouco compreendido por muitas fam\u00edlias e at\u00e9\" \/>\n<meta property=\"og:url\" content=\"https:\/\/portalincluir.com.br\/index.php\/2025\/12\/11\/apraxia-da-fala-em-criancas-com-t21-especialista-explica-sinais-diagnostico-e-caminhos-para-o-desenvolvimento\/\" \/>\n<meta property=\"og:site_name\" content=\"PORTAL INCLUIR\" \/>\n<meta property=\"article:published_time\" content=\"2025-12-11T03:06:57+00:00\" \/>\n<meta property=\"article:modified_time\" content=\"2025-12-11T03:06:58+00:00\" \/>\n<meta property=\"og:image\" content=\"https:\/\/portalincluir.com.br\/wp-content\/uploads\/2025\/10\/Luciana-Felipetto-Arquivo-pesssoal-2-e1760920874590.jpg\" \/>\n\t<meta property=\"og:image:width\" content=\"720\" \/>\n\t<meta property=\"og:image:height\" content=\"799\" \/>\n\t<meta property=\"og:image:type\" content=\"image\/jpeg\" \/>\n<meta name=\"author\" content=\"Portal Incluir\" \/>\n<meta name=\"twitter:card\" content=\"summary_large_image\" \/>\n<meta name=\"twitter:label1\" content=\"Escrito por\" \/>\n\t<meta name=\"twitter:data1\" content=\"Portal Incluir\" \/>\n\t<meta name=\"twitter:label2\" content=\"Est. tempo de leitura\" \/>\n\t<meta name=\"twitter:data2\" content=\"4 minutos\" \/>\n<script type=\"application\/ld+json\" class=\"yoast-schema-graph\">{\"@context\":\"https:\\\/\\\/schema.org\",\"@graph\":[{\"@type\":[\"Article\",\"BlogPosting\"],\"@id\":\"https:\\\/\\\/portalincluir.com.br\\\/index.php\\\/2025\\\/12\\\/11\\\/apraxia-da-fala-em-criancas-com-t21-especialista-explica-sinais-diagnostico-e-caminhos-para-o-desenvolvimento\\\/#article\",\"isPartOf\":{\"@id\":\"https:\\\/\\\/portalincluir.com.br\\\/index.php\\\/2025\\\/12\\\/11\\\/apraxia-da-fala-em-criancas-com-t21-especialista-explica-sinais-diagnostico-e-caminhos-para-o-desenvolvimento\\\/\"},\"author\":{\"name\":\"Portal Incluir\",\"@id\":\"https:\\\/\\\/portalincluir.com.br\\\/#\\\/schema\\\/person\\\/8823664e5902eee555607fb75c4c35ae\"},\"headline\":\"Apraxia da fala em crian\u00e7as com T21: especialista explica sinais, diagn\u00f3stico e caminhos para o desenvolvimento\",\"datePublished\":\"2025-12-11T03:06:57+00:00\",\"dateModified\":\"2025-12-11T03:06:58+00:00\",\"mainEntityOfPage\":{\"@id\":\"https:\\\/\\\/portalincluir.com.br\\\/index.php\\\/2025\\\/12\\\/11\\\/apraxia-da-fala-em-criancas-com-t21-especialista-explica-sinais-diagnostico-e-caminhos-para-o-desenvolvimento\\\/\"},\"wordCount\":771,\"commentCount\":0,\"image\":{\"@id\":\"https:\\\/\\\/portalincluir.com.br\\\/index.php\\\/2025\\\/12\\\/11\\\/apraxia-da-fala-em-criancas-com-t21-especialista-explica-sinais-diagnostico-e-caminhos-para-o-desenvolvimento\\\/#primaryimage\"},\"thumbnailUrl\":\"https:\\\/\\\/portalincluir.com.br\\\/wp-content\\\/uploads\\\/2025\\\/10\\\/Luciana-Felipetto-Arquivo-pesssoal-2-e1760920874590.jpg\",\"articleSection\":[\"Not\u00edcias\",\"T21\"],\"inLanguage\":\"pt-BR\",\"potentialAction\":[{\"@type\":\"CommentAction\",\"name\":\"Comment\",\"target\":[\"https:\\\/\\\/portalincluir.com.br\\\/index.php\\\/2025\\\/12\\\/11\\\/apraxia-da-fala-em-criancas-com-t21-especialista-explica-sinais-diagnostico-e-caminhos-para-o-desenvolvimento\\\/#respond\"]}]},{\"@type\":\"WebPage\",\"@id\":\"https:\\\/\\\/portalincluir.com.br\\\/index.php\\\/2025\\\/12\\\/11\\\/apraxia-da-fala-em-criancas-com-t21-especialista-explica-sinais-diagnostico-e-caminhos-para-o-desenvolvimento\\\/\",\"url\":\"https:\\\/\\\/portalincluir.com.br\\\/index.php\\\/2025\\\/12\\\/11\\\/apraxia-da-fala-em-criancas-com-t21-especialista-explica-sinais-diagnostico-e-caminhos-para-o-desenvolvimento\\\/\",\"name\":\"Apraxia da fala em crian\u00e7as com T21: especialista explica sinais, diagn\u00f3stico e caminhos para o desenvolvimento - PORTAL INCLUIR\",\"isPartOf\":{\"@id\":\"https:\\\/\\\/portalincluir.com.br\\\/#website\"},\"primaryImageOfPage\":{\"@id\":\"https:\\\/\\\/portalincluir.com.br\\\/index.php\\\/2025\\\/12\\\/11\\\/apraxia-da-fala-em-criancas-com-t21-especialista-explica-sinais-diagnostico-e-caminhos-para-o-desenvolvimento\\\/#primaryimage\"},\"image\":{\"@id\":\"https:\\\/\\\/portalincluir.com.br\\\/index.php\\\/2025\\\/12\\\/11\\\/apraxia-da-fala-em-criancas-com-t21-especialista-explica-sinais-diagnostico-e-caminhos-para-o-desenvolvimento\\\/#primaryimage\"},\"thumbnailUrl\":\"https:\\\/\\\/portalincluir.com.br\\\/wp-content\\\/uploads\\\/2025\\\/10\\\/Luciana-Felipetto-Arquivo-pesssoal-2-e1760920874590.jpg\",\"datePublished\":\"2025-12-11T03:06:57+00:00\",\"dateModified\":\"2025-12-11T03:06:58+00:00\",\"author\":{\"@id\":\"https:\\\/\\\/portalincluir.com.br\\\/#\\\/schema\\\/person\\\/8823664e5902eee555607fb75c4c35ae\"},\"breadcrumb\":{\"@id\":\"https:\\\/\\\/portalincluir.com.br\\\/index.php\\\/2025\\\/12\\\/11\\\/apraxia-da-fala-em-criancas-com-t21-especialista-explica-sinais-diagnostico-e-caminhos-para-o-desenvolvimento\\\/#breadcrumb\"},\"inLanguage\":\"pt-BR\",\"potentialAction\":[{\"@type\":\"ReadAction\",\"target\":[\"https:\\\/\\\/portalincluir.com.br\\\/index.php\\\/2025\\\/12\\\/11\\\/apraxia-da-fala-em-criancas-com-t21-especialista-explica-sinais-diagnostico-e-caminhos-para-o-desenvolvimento\\\/\"]}]},{\"@type\":\"ImageObject\",\"inLanguage\":\"pt-BR\",\"@id\":\"https:\\\/\\\/portalincluir.com.br\\\/index.php\\\/2025\\\/12\\\/11\\\/apraxia-da-fala-em-criancas-com-t21-especialista-explica-sinais-diagnostico-e-caminhos-para-o-desenvolvimento\\\/#primaryimage\",\"url\":\"https:\\\/\\\/portalincluir.com.br\\\/wp-content\\\/uploads\\\/2025\\\/10\\\/Luciana-Felipetto-Arquivo-pesssoal-2-e1760920874590.jpg\",\"contentUrl\":\"https:\\\/\\\/portalincluir.com.br\\\/wp-content\\\/uploads\\\/2025\\\/10\\\/Luciana-Felipetto-Arquivo-pesssoal-2-e1760920874590.jpg\",\"width\":720,\"height\":799},{\"@type\":\"BreadcrumbList\",\"@id\":\"https:\\\/\\\/portalincluir.com.br\\\/index.php\\\/2025\\\/12\\\/11\\\/apraxia-da-fala-em-criancas-com-t21-especialista-explica-sinais-diagnostico-e-caminhos-para-o-desenvolvimento\\\/#breadcrumb\",\"itemListElement\":[{\"@type\":\"ListItem\",\"position\":1,\"name\":\"In\u00edcio\",\"item\":\"https:\\\/\\\/portalincluir.com.br\\\/\"},{\"@type\":\"ListItem\",\"position\":2,\"name\":\"Apraxia da fala em crian\u00e7as com T21: especialista explica sinais, diagn\u00f3stico e caminhos para o desenvolvimento\"}]},{\"@type\":\"WebSite\",\"@id\":\"https:\\\/\\\/portalincluir.com.br\\\/#website\",\"url\":\"https:\\\/\\\/portalincluir.com.br\\\/\",\"name\":\"PORTAL INCLUIR\",\"description\":\"\",\"potentialAction\":[{\"@type\":\"SearchAction\",\"target\":{\"@type\":\"EntryPoint\",\"urlTemplate\":\"https:\\\/\\\/portalincluir.com.br\\\/?s={search_term_string}\"},\"query-input\":{\"@type\":\"PropertyValueSpecification\",\"valueRequired\":true,\"valueName\":\"search_term_string\"}}],\"inLanguage\":\"pt-BR\"},{\"@type\":\"Person\",\"@id\":\"https:\\\/\\\/portalincluir.com.br\\\/#\\\/schema\\\/person\\\/8823664e5902eee555607fb75c4c35ae\",\"name\":\"Portal Incluir\",\"image\":{\"@type\":\"ImageObject\",\"inLanguage\":\"pt-BR\",\"@id\":\"https:\\\/\\\/secure.gravatar.com\\\/avatar\\\/12085fe17e70c3550551519fe1f8f51fae69b1748563a47fc3bea53d91fbcbbd?s=96&d=mm&r=g\",\"url\":\"https:\\\/\\\/secure.gravatar.com\\\/avatar\\\/12085fe17e70c3550551519fe1f8f51fae69b1748563a47fc3bea53d91fbcbbd?s=96&d=mm&r=g\",\"contentUrl\":\"https:\\\/\\\/secure.gravatar.com\\\/avatar\\\/12085fe17e70c3550551519fe1f8f51fae69b1748563a47fc3bea53d91fbcbbd?s=96&d=mm&r=g\",\"caption\":\"Portal Incluir\"},\"sameAs\":[\"http:\\\/\\\/portalincluir.com.br\"],\"url\":\"https:\\\/\\\/portalincluir.com.br\\\/index.php\\\/author\\\/portalincluir-com-br\\\/\"}]}<\/script>\n<!-- \/ Yoast SEO plugin. -->","yoast_head_json":{"title":"Apraxia da fala em crian\u00e7as com T21: especialista explica sinais, diagn\u00f3stico e caminhos para o desenvolvimento - PORTAL INCLUIR","robots":{"index":"index","follow":"follow","max-snippet":"max-snippet:-1","max-image-preview":"max-image-preview:large","max-video-preview":"max-video-preview:-1"},"canonical":"https:\/\/portalincluir.com.br\/index.php\/2025\/12\/11\/apraxia-da-fala-em-criancas-com-t21-especialista-explica-sinais-diagnostico-e-caminhos-para-o-desenvolvimento\/","og_locale":"pt_BR","og_type":"article","og_title":"Apraxia da fala em crian\u00e7as com T21: especialista explica sinais, diagn\u00f3stico e caminhos para o desenvolvimento - PORTAL INCLUIR","og_description":"A apraxia da fala ainda \u00e9 um tema pouco compreendido por muitas fam\u00edlias e at\u00e9","og_url":"https:\/\/portalincluir.com.br\/index.php\/2025\/12\/11\/apraxia-da-fala-em-criancas-com-t21-especialista-explica-sinais-diagnostico-e-caminhos-para-o-desenvolvimento\/","og_site_name":"PORTAL INCLUIR","article_published_time":"2025-12-11T03:06:57+00:00","article_modified_time":"2025-12-11T03:06:58+00:00","og_image":[{"width":720,"height":799,"url":"https:\/\/portalincluir.com.br\/wp-content\/uploads\/2025\/10\/Luciana-Felipetto-Arquivo-pesssoal-2-e1760920874590.jpg","type":"image\/jpeg"}],"author":"Portal Incluir","twitter_card":"summary_large_image","twitter_misc":{"Escrito por":"Portal Incluir","Est. tempo de leitura":"4 minutos"},"schema":{"@context":"https:\/\/schema.org","@graph":[{"@type":["Article","BlogPosting"],"@id":"https:\/\/portalincluir.com.br\/index.php\/2025\/12\/11\/apraxia-da-fala-em-criancas-com-t21-especialista-explica-sinais-diagnostico-e-caminhos-para-o-desenvolvimento\/#article","isPartOf":{"@id":"https:\/\/portalincluir.com.br\/index.php\/2025\/12\/11\/apraxia-da-fala-em-criancas-com-t21-especialista-explica-sinais-diagnostico-e-caminhos-para-o-desenvolvimento\/"},"author":{"name":"Portal Incluir","@id":"https:\/\/portalincluir.com.br\/#\/schema\/person\/8823664e5902eee555607fb75c4c35ae"},"headline":"Apraxia da fala em crian\u00e7as com T21: especialista explica sinais, diagn\u00f3stico e caminhos para o desenvolvimento","datePublished":"2025-12-11T03:06:57+00:00","dateModified":"2025-12-11T03:06:58+00:00","mainEntityOfPage":{"@id":"https:\/\/portalincluir.com.br\/index.php\/2025\/12\/11\/apraxia-da-fala-em-criancas-com-t21-especialista-explica-sinais-diagnostico-e-caminhos-para-o-desenvolvimento\/"},"wordCount":771,"commentCount":0,"image":{"@id":"https:\/\/portalincluir.com.br\/index.php\/2025\/12\/11\/apraxia-da-fala-em-criancas-com-t21-especialista-explica-sinais-diagnostico-e-caminhos-para-o-desenvolvimento\/#primaryimage"},"thumbnailUrl":"https:\/\/portalincluir.com.br\/wp-content\/uploads\/2025\/10\/Luciana-Felipetto-Arquivo-pesssoal-2-e1760920874590.jpg","articleSection":["Not\u00edcias","T21"],"inLanguage":"pt-BR","potentialAction":[{"@type":"CommentAction","name":"Comment","target":["https:\/\/portalincluir.com.br\/index.php\/2025\/12\/11\/apraxia-da-fala-em-criancas-com-t21-especialista-explica-sinais-diagnostico-e-caminhos-para-o-desenvolvimento\/#respond"]}]},{"@type":"WebPage","@id":"https:\/\/portalincluir.com.br\/index.php\/2025\/12\/11\/apraxia-da-fala-em-criancas-com-t21-especialista-explica-sinais-diagnostico-e-caminhos-para-o-desenvolvimento\/","url":"https:\/\/portalincluir.com.br\/index.php\/2025\/12\/11\/apraxia-da-fala-em-criancas-com-t21-especialista-explica-sinais-diagnostico-e-caminhos-para-o-desenvolvimento\/","name":"Apraxia da fala em crian\u00e7as com T21: especialista explica sinais, diagn\u00f3stico e caminhos para o desenvolvimento - PORTAL INCLUIR","isPartOf":{"@id":"https:\/\/portalincluir.com.br\/#website"},"primaryImageOfPage":{"@id":"https:\/\/portalincluir.com.br\/index.php\/2025\/12\/11\/apraxia-da-fala-em-criancas-com-t21-especialista-explica-sinais-diagnostico-e-caminhos-para-o-desenvolvimento\/#primaryimage"},"image":{"@id":"https:\/\/portalincluir.com.br\/index.php\/2025\/12\/11\/apraxia-da-fala-em-criancas-com-t21-especialista-explica-sinais-diagnostico-e-caminhos-para-o-desenvolvimento\/#primaryimage"},"thumbnailUrl":"https:\/\/portalincluir.com.br\/wp-content\/uploads\/2025\/10\/Luciana-Felipetto-Arquivo-pesssoal-2-e1760920874590.jpg","datePublished":"2025-12-11T03:06:57+00:00","dateModified":"2025-12-11T03:06:58+00:00","author":{"@id":"https:\/\/portalincluir.com.br\/#\/schema\/person\/8823664e5902eee555607fb75c4c35ae"},"breadcrumb":{"@id":"https:\/\/portalincluir.com.br\/index.php\/2025\/12\/11\/apraxia-da-fala-em-criancas-com-t21-especialista-explica-sinais-diagnostico-e-caminhos-para-o-desenvolvimento\/#breadcrumb"},"inLanguage":"pt-BR","potentialAction":[{"@type":"ReadAction","target":["https:\/\/portalincluir.com.br\/index.php\/2025\/12\/11\/apraxia-da-fala-em-criancas-com-t21-especialista-explica-sinais-diagnostico-e-caminhos-para-o-desenvolvimento\/"]}]},{"@type":"ImageObject","inLanguage":"pt-BR","@id":"https:\/\/portalincluir.com.br\/index.php\/2025\/12\/11\/apraxia-da-fala-em-criancas-com-t21-especialista-explica-sinais-diagnostico-e-caminhos-para-o-desenvolvimento\/#primaryimage","url":"https:\/\/portalincluir.com.br\/wp-content\/uploads\/2025\/10\/Luciana-Felipetto-Arquivo-pesssoal-2-e1760920874590.jpg","contentUrl":"https:\/\/portalincluir.com.br\/wp-content\/uploads\/2025\/10\/Luciana-Felipetto-Arquivo-pesssoal-2-e1760920874590.jpg","width":720,"height":799},{"@type":"BreadcrumbList","@id":"https:\/\/portalincluir.com.br\/index.php\/2025\/12\/11\/apraxia-da-fala-em-criancas-com-t21-especialista-explica-sinais-diagnostico-e-caminhos-para-o-desenvolvimento\/#breadcrumb","itemListElement":[{"@type":"ListItem","position":1,"name":"In\u00edcio","item":"https:\/\/portalincluir.com.br\/"},{"@type":"ListItem","position":2,"name":"Apraxia da fala em crian\u00e7as com T21: especialista explica sinais, diagn\u00f3stico e caminhos para o desenvolvimento"}]},{"@type":"WebSite","@id":"https:\/\/portalincluir.com.br\/#website","url":"https:\/\/portalincluir.com.br\/","name":"PORTAL INCLUIR","description":"","potentialAction":[{"@type":"SearchAction","target":{"@type":"EntryPoint","urlTemplate":"https:\/\/portalincluir.com.br\/?s={search_term_string}"},"query-input":{"@type":"PropertyValueSpecification","valueRequired":true,"valueName":"search_term_string"}}],"inLanguage":"pt-BR"},{"@type":"Person","@id":"https:\/\/portalincluir.com.br\/#\/schema\/person\/8823664e5902eee555607fb75c4c35ae","name":"Portal Incluir","image":{"@type":"ImageObject","inLanguage":"pt-BR","@id":"https:\/\/secure.gravatar.com\/avatar\/12085fe17e70c3550551519fe1f8f51fae69b1748563a47fc3bea53d91fbcbbd?s=96&d=mm&r=g","url":"https:\/\/secure.gravatar.com\/avatar\/12085fe17e70c3550551519fe1f8f51fae69b1748563a47fc3bea53d91fbcbbd?s=96&d=mm&r=g","contentUrl":"https:\/\/secure.gravatar.com\/avatar\/12085fe17e70c3550551519fe1f8f51fae69b1748563a47fc3bea53d91fbcbbd?s=96&d=mm&r=g","caption":"Portal Incluir"},"sameAs":["http:\/\/portalincluir.com.br"],"url":"https:\/\/portalincluir.com.br\/index.php\/author\/portalincluir-com-br\/"}]}},"_links":{"self":[{"href":"https:\/\/portalincluir.com.br\/index.php\/wp-json\/wp\/v2\/posts\/822","targetHints":{"allow":["GET"]}}],"collection":[{"href":"https:\/\/portalincluir.com.br\/index.php\/wp-json\/wp\/v2\/posts"}],"about":[{"href":"https:\/\/portalincluir.com.br\/index.php\/wp-json\/wp\/v2\/types\/post"}],"author":[{"embeddable":true,"href":"https:\/\/portalincluir.com.br\/index.php\/wp-json\/wp\/v2\/users\/1"}],"replies":[{"embeddable":true,"href":"https:\/\/portalincluir.com.br\/index.php\/wp-json\/wp\/v2\/comments?post=822"}],"version-history":[{"count":1,"href":"https:\/\/portalincluir.com.br\/index.php\/wp-json\/wp\/v2\/posts\/822\/revisions"}],"predecessor-version":[{"id":823,"href":"https:\/\/portalincluir.com.br\/index.php\/wp-json\/wp\/v2\/posts\/822\/revisions\/823"}],"wp:featuredmedia":[{"embeddable":true,"href":"https:\/\/portalincluir.com.br\/index.php\/wp-json\/wp\/v2\/media\/634"}],"wp:attachment":[{"href":"https:\/\/portalincluir.com.br\/index.php\/wp-json\/wp\/v2\/media?parent=822"}],"wp:term":[{"taxonomy":"category","embeddable":true,"href":"https:\/\/portalincluir.com.br\/index.php\/wp-json\/wp\/v2\/categories?post=822"},{"taxonomy":"post_tag","embeddable":true,"href":"https:\/\/portalincluir.com.br\/index.php\/wp-json\/wp\/v2\/tags?post=822"}],"curies":[{"name":"wp","href":"https:\/\/api.w.org\/{rel}","templated":true}]}}