{"id":827,"date":"2025-12-15T22:01:31","date_gmt":"2025-12-16T01:01:31","guid":{"rendered":"https:\/\/portalincluir.com.br\/?p=827"},"modified":"2025-12-15T22:01:31","modified_gmt":"2025-12-16T01:01:31","slug":"transtorno-do-espectro-autista-a-corporeidade-sensorial-e-o-trabalho-com-oficinas-multissensoriais","status":"publish","type":"post","link":"https:\/\/portalincluir.com.br\/index.php\/2025\/12\/15\/transtorno-do-espectro-autista-a-corporeidade-sensorial-e-o-trabalho-com-oficinas-multissensoriais\/","title":{"rendered":"Transtorno do Espectro Autista. \u00a0A corporeidade sensorial e o trabalho com oficinas multissensoriais"},"content":{"rendered":"\n<p>O corpo \u00e9 o elemento essencial de contato com o mundo, porque \u00e9 por meio dele que se processam as aquisi\u00e7\u00f5es cognitivas, afetivas e org\u00e2nicas. O corpo \u00e9 um campo sensorial, assimilando e processando os est\u00edmulos pelos diferentes sentidos, elemento important\u00edssimo paraa comunica\u00e7\u00e3o, a express\u00e3o da humanidade, por meio deleinteragimos com o mundo. Nesse interagir corpo\/mundo, percebemos na pessoa com Transtorno do Espectro Autista &#8211; TEA, facilidades e dificuldades que v\u00e3o compondo o indiv\u00edduo e apontando as necessidades de interven\u00e7\u00f5es.<\/p>\n\n\n\n<p>Percebemos o mundo, por meio dos sentidos mediados pelo corpo. Na intera\u00e7\u00e3o com o mundo constru\u00edmos hist\u00f3rias, nos movimentamos, nos relacionamos, aprendemos a conviver e viver.<\/p>\n\n\n\n<p>O estado de pertencimento torna o corpo sens\u00f3rio respons\u00e1vel por nossa imers\u00e3o no mundo, ele \u00e9 o pilar fundamental para estarmos e participarmos da vida. Com poucas viv\u00eancias corporais, a pessoa com TEA n\u00e3o interage de modo favor\u00e1vel nas experi\u00eancias que passam por ela, pois suas sensa\u00e7\u00f5es empobrecidas a impedem de agir sobre o mundo que a rodeia comunicando-se, falando e sendo ouvida.<\/p>\n\n\n\n<p>O corpo com sua capacidade de mediar as rela\u00e7\u00f5es com o mundo torna poss\u00edvel formar conceitos sobre as experi\u00eancias vividas. O n\u00e3o reconhecimento deste corpo enquanto ve\u00edculo de comunica\u00e7\u00e3o interfere no desenvolvimento da pessoa com TEA, dificultando suas intera\u00e7\u00f5es consigo e com o mundo.<\/p>\n\n\n\n<p>Ao observarmos uma pessoa em intera\u00e7\u00e3o com as atividades pr\u00f3prias do dia a dia, n\u00e3o conseguimos mensurar a qualidade das intera\u00e7\u00f5es ali envolvidas a partir dos sentidos presentes naquele ser humano.<\/p>\n\n\n\n<p>\u00c9 necess\u00e1rio explorar o mundo, a pobreza de explora\u00e7\u00e3o retarda e limita a capacidade de relacionar-se. Posto isso, falaremos um pouco sobre as oficinas multissensoriais, que s\u00e3o l\u00fadicas e envolvem emo\u00e7\u00f5es, habilidades motoras, sociais e cognitivas. As oficinas tem o objetivo de experienciar ludicamente est\u00edmulos diretamente ligados aos sistemas sensoriais, utilizando materiais de diversas texturas, sons, gostos, aromas dentre outras sensa\u00e7\u00f5es.Nas oficinas multissensoriais a pessoa com TEA aprende a lidar com frustra\u00e7\u00f5es, realiza\u00e7\u00f5es, expressar suas inquieta\u00e7\u00f5es, organizar seu mundo interior e principalmente estimular e regular suas percep\u00e7\u00f5es sensoriais.<\/p>\n\n\n\n<p>As experi\u00eancias vivenciadas nas oficinas multissensoriaispropicia a pessoa com TEA, cada uma dentro de suas possibilidades, aumentar seu repert\u00f3rio minimizando os atrasos referentes ao processo de integra\u00e7\u00e3o sensorial que empobreciam suas rela\u00e7\u00f5es subjetivas. Por meio das oficinas \u00e9 poss\u00edvel remover determinados bloqueios sens\u00f3rios corporais que tornar\u00e3o vi\u00e1vel a constru\u00e7\u00e3o de um futuro di\u00e1logo das pessoas com TEA e seus pares. As atividades pr\u00e1ticas incentivam movimentos interpessoais que promove rela\u00e7\u00e3o sens\u00f3rio corporal mais robusta que permite a utiliza\u00e7\u00e3o do corpo com autoconsci\u00eancia promovendo intera\u00e7\u00f5es mais ricas. &nbsp;&nbsp;&nbsp;&nbsp;&nbsp;&nbsp;&nbsp;&nbsp;&nbsp;&nbsp;<\/p>\n\n\n\n<p><strong>Val\u00e9ria Sales dos Santos &#8211;<\/strong> Mestre em Diversidade e Inclus\u00e3o (UFF), Fonoaudi\u00f3loga CRF\u00aa 5492(RJ), Especialista em Autismo, Educa\u00e7\u00e3o Especial Inclusiva, Gest\u00e3o Escolar e Atendimento Educacional Especializado \u2013 AEE, P\u00f3s graduanda em ABA para Autismo e Defici\u00eancia Intelectual pelo ChildBehaviorInstituteof Miami. Autora do livro \u201cTranstorno do Espectro Autista \u2013 Oficinas multissensoriais\u201d \u2013 Wak Editora<\/p>\n\n\n\n<p><\/p>\n","protected":false},"excerpt":{"rendered":"<p>O corpo \u00e9 o elemento essencial de contato com o mundo, porque \u00e9 por meio<\/p>\n","protected":false},"author":1,"featured_media":828,"comment_status":"open","ping_status":"open","sticky":false,"template":"","format":"standard","meta":{"om_disable_all_campaigns":false,"_monsterinsights_skip_tracking":false,"_monsterinsights_sitenote_active":false,"_monsterinsights_sitenote_note":"","_monsterinsights_sitenote_category":0,"_uf_show_specific_survey":0,"_uf_disable_surveys":false,"footnotes":""},"categories":[6,9],"tags":[],"class_list":["post-827","post","type-post","status-publish","format-standard","has-post-thumbnail","hentry","category-autismo","category-noticias"],"yoast_head":"<!-- This site is optimized with the Yoast SEO plugin v27.4 - https:\/\/yoast.com\/product\/yoast-seo-wordpress\/ -->\n<title>Transtorno do Espectro Autista. \u00a0A corporeidade sensorial e o trabalho com oficinas multissensoriais - PORTAL INCLUIR<\/title>\n<meta name=\"robots\" content=\"index, follow, max-snippet:-1, max-image-preview:large, max-video-preview:-1\" \/>\n<link rel=\"canonical\" href=\"https:\/\/portalincluir.com.br\/index.php\/2025\/12\/15\/transtorno-do-espectro-autista-a-corporeidade-sensorial-e-o-trabalho-com-oficinas-multissensoriais\/\" \/>\n<meta property=\"og:locale\" content=\"pt_BR\" \/>\n<meta property=\"og:type\" content=\"article\" \/>\n<meta property=\"og:title\" content=\"Transtorno do Espectro Autista. \u00a0A corporeidade sensorial e o trabalho com oficinas multissensoriais - PORTAL INCLUIR\" \/>\n<meta property=\"og:description\" content=\"O corpo \u00e9 o elemento essencial de contato com o mundo, porque \u00e9 por meio\" \/>\n<meta property=\"og:url\" content=\"https:\/\/portalincluir.com.br\/index.php\/2025\/12\/15\/transtorno-do-espectro-autista-a-corporeidade-sensorial-e-o-trabalho-com-oficinas-multissensoriais\/\" \/>\n<meta property=\"og:site_name\" content=\"PORTAL INCLUIR\" \/>\n<meta property=\"article:published_time\" content=\"2025-12-16T01:01:31+00:00\" \/>\n<meta property=\"og:image\" content=\"https:\/\/portalincluir.com.br\/wp-content\/uploads\/2025\/12\/Valeria-Sales-Arquivo-pessoal-1-scaled.jpg\" \/>\n\t<meta property=\"og:image:width\" content=\"2000\" \/>\n\t<meta property=\"og:image:height\" content=\"2560\" \/>\n\t<meta property=\"og:image:type\" content=\"image\/jpeg\" \/>\n<meta name=\"author\" content=\"Portal Incluir\" \/>\n<meta name=\"twitter:card\" content=\"summary_large_image\" \/>\n<meta name=\"twitter:label1\" content=\"Escrito por\" \/>\n\t<meta name=\"twitter:data1\" content=\"Portal Incluir\" \/>\n\t<meta name=\"twitter:label2\" content=\"Est. tempo de leitura\" \/>\n\t<meta name=\"twitter:data2\" content=\"3 minutos\" \/>\n<script type=\"application\/ld+json\" class=\"yoast-schema-graph\">{\"@context\":\"https:\\\/\\\/schema.org\",\"@graph\":[{\"@type\":[\"Article\",\"BlogPosting\"],\"@id\":\"https:\\\/\\\/portalincluir.com.br\\\/index.php\\\/2025\\\/12\\\/15\\\/transtorno-do-espectro-autista-a-corporeidade-sensorial-e-o-trabalho-com-oficinas-multissensoriais\\\/#article\",\"isPartOf\":{\"@id\":\"https:\\\/\\\/portalincluir.com.br\\\/index.php\\\/2025\\\/12\\\/15\\\/transtorno-do-espectro-autista-a-corporeidade-sensorial-e-o-trabalho-com-oficinas-multissensoriais\\\/\"},\"author\":{\"name\":\"Portal Incluir\",\"@id\":\"https:\\\/\\\/portalincluir.com.br\\\/#\\\/schema\\\/person\\\/8823664e5902eee555607fb75c4c35ae\"},\"headline\":\"Transtorno do Espectro Autista. \u00a0A corporeidade sensorial e o trabalho com oficinas multissensoriais\",\"datePublished\":\"2025-12-16T01:01:31+00:00\",\"mainEntityOfPage\":{\"@id\":\"https:\\\/\\\/portalincluir.com.br\\\/index.php\\\/2025\\\/12\\\/15\\\/transtorno-do-espectro-autista-a-corporeidade-sensorial-e-o-trabalho-com-oficinas-multissensoriais\\\/\"},\"wordCount\":551,\"commentCount\":0,\"image\":{\"@id\":\"https:\\\/\\\/portalincluir.com.br\\\/index.php\\\/2025\\\/12\\\/15\\\/transtorno-do-espectro-autista-a-corporeidade-sensorial-e-o-trabalho-com-oficinas-multissensoriais\\\/#primaryimage\"},\"thumbnailUrl\":\"https:\\\/\\\/portalincluir.com.br\\\/wp-content\\\/uploads\\\/2025\\\/12\\\/Valeria-Sales-Arquivo-pessoal-1-scaled.jpg\",\"articleSection\":[\"Autismo\",\"Not\u00edcias\"],\"inLanguage\":\"pt-BR\",\"potentialAction\":[{\"@type\":\"CommentAction\",\"name\":\"Comment\",\"target\":[\"https:\\\/\\\/portalincluir.com.br\\\/index.php\\\/2025\\\/12\\\/15\\\/transtorno-do-espectro-autista-a-corporeidade-sensorial-e-o-trabalho-com-oficinas-multissensoriais\\\/#respond\"]}]},{\"@type\":\"WebPage\",\"@id\":\"https:\\\/\\\/portalincluir.com.br\\\/index.php\\\/2025\\\/12\\\/15\\\/transtorno-do-espectro-autista-a-corporeidade-sensorial-e-o-trabalho-com-oficinas-multissensoriais\\\/\",\"url\":\"https:\\\/\\\/portalincluir.com.br\\\/index.php\\\/2025\\\/12\\\/15\\\/transtorno-do-espectro-autista-a-corporeidade-sensorial-e-o-trabalho-com-oficinas-multissensoriais\\\/\",\"name\":\"Transtorno do Espectro Autista. \u00a0A corporeidade sensorial e o trabalho com oficinas multissensoriais - PORTAL INCLUIR\",\"isPartOf\":{\"@id\":\"https:\\\/\\\/portalincluir.com.br\\\/#website\"},\"primaryImageOfPage\":{\"@id\":\"https:\\\/\\\/portalincluir.com.br\\\/index.php\\\/2025\\\/12\\\/15\\\/transtorno-do-espectro-autista-a-corporeidade-sensorial-e-o-trabalho-com-oficinas-multissensoriais\\\/#primaryimage\"},\"image\":{\"@id\":\"https:\\\/\\\/portalincluir.com.br\\\/index.php\\\/2025\\\/12\\\/15\\\/transtorno-do-espectro-autista-a-corporeidade-sensorial-e-o-trabalho-com-oficinas-multissensoriais\\\/#primaryimage\"},\"thumbnailUrl\":\"https:\\\/\\\/portalincluir.com.br\\\/wp-content\\\/uploads\\\/2025\\\/12\\\/Valeria-Sales-Arquivo-pessoal-1-scaled.jpg\",\"datePublished\":\"2025-12-16T01:01:31+00:00\",\"author\":{\"@id\":\"https:\\\/\\\/portalincluir.com.br\\\/#\\\/schema\\\/person\\\/8823664e5902eee555607fb75c4c35ae\"},\"breadcrumb\":{\"@id\":\"https:\\\/\\\/portalincluir.com.br\\\/index.php\\\/2025\\\/12\\\/15\\\/transtorno-do-espectro-autista-a-corporeidade-sensorial-e-o-trabalho-com-oficinas-multissensoriais\\\/#breadcrumb\"},\"inLanguage\":\"pt-BR\",\"potentialAction\":[{\"@type\":\"ReadAction\",\"target\":[\"https:\\\/\\\/portalincluir.com.br\\\/index.php\\\/2025\\\/12\\\/15\\\/transtorno-do-espectro-autista-a-corporeidade-sensorial-e-o-trabalho-com-oficinas-multissensoriais\\\/\"]}]},{\"@type\":\"ImageObject\",\"inLanguage\":\"pt-BR\",\"@id\":\"https:\\\/\\\/portalincluir.com.br\\\/index.php\\\/2025\\\/12\\\/15\\\/transtorno-do-espectro-autista-a-corporeidade-sensorial-e-o-trabalho-com-oficinas-multissensoriais\\\/#primaryimage\",\"url\":\"https:\\\/\\\/portalincluir.com.br\\\/wp-content\\\/uploads\\\/2025\\\/12\\\/Valeria-Sales-Arquivo-pessoal-1-scaled.jpg\",\"contentUrl\":\"https:\\\/\\\/portalincluir.com.br\\\/wp-content\\\/uploads\\\/2025\\\/12\\\/Valeria-Sales-Arquivo-pessoal-1-scaled.jpg\",\"width\":2000,\"height\":2560},{\"@type\":\"BreadcrumbList\",\"@id\":\"https:\\\/\\\/portalincluir.com.br\\\/index.php\\\/2025\\\/12\\\/15\\\/transtorno-do-espectro-autista-a-corporeidade-sensorial-e-o-trabalho-com-oficinas-multissensoriais\\\/#breadcrumb\",\"itemListElement\":[{\"@type\":\"ListItem\",\"position\":1,\"name\":\"In\u00edcio\",\"item\":\"https:\\\/\\\/portalincluir.com.br\\\/\"},{\"@type\":\"ListItem\",\"position\":2,\"name\":\"Transtorno do Espectro Autista. \u00a0A corporeidade sensorial e o trabalho com oficinas multissensoriais\"}]},{\"@type\":\"WebSite\",\"@id\":\"https:\\\/\\\/portalincluir.com.br\\\/#website\",\"url\":\"https:\\\/\\\/portalincluir.com.br\\\/\",\"name\":\"PORTAL INCLUIR\",\"description\":\"\",\"potentialAction\":[{\"@type\":\"SearchAction\",\"target\":{\"@type\":\"EntryPoint\",\"urlTemplate\":\"https:\\\/\\\/portalincluir.com.br\\\/?s={search_term_string}\"},\"query-input\":{\"@type\":\"PropertyValueSpecification\",\"valueRequired\":true,\"valueName\":\"search_term_string\"}}],\"inLanguage\":\"pt-BR\"},{\"@type\":\"Person\",\"@id\":\"https:\\\/\\\/portalincluir.com.br\\\/#\\\/schema\\\/person\\\/8823664e5902eee555607fb75c4c35ae\",\"name\":\"Portal Incluir\",\"image\":{\"@type\":\"ImageObject\",\"inLanguage\":\"pt-BR\",\"@id\":\"https:\\\/\\\/secure.gravatar.com\\\/avatar\\\/12085fe17e70c3550551519fe1f8f51fae69b1748563a47fc3bea53d91fbcbbd?s=96&d=mm&r=g\",\"url\":\"https:\\\/\\\/secure.gravatar.com\\\/avatar\\\/12085fe17e70c3550551519fe1f8f51fae69b1748563a47fc3bea53d91fbcbbd?s=96&d=mm&r=g\",\"contentUrl\":\"https:\\\/\\\/secure.gravatar.com\\\/avatar\\\/12085fe17e70c3550551519fe1f8f51fae69b1748563a47fc3bea53d91fbcbbd?s=96&d=mm&r=g\",\"caption\":\"Portal Incluir\"},\"sameAs\":[\"http:\\\/\\\/portalincluir.com.br\"],\"url\":\"https:\\\/\\\/portalincluir.com.br\\\/index.php\\\/author\\\/portalincluir-com-br\\\/\"}]}<\/script>\n<!-- \/ Yoast SEO plugin. -->","yoast_head_json":{"title":"Transtorno do Espectro Autista. \u00a0A corporeidade sensorial e o trabalho com oficinas multissensoriais - PORTAL INCLUIR","robots":{"index":"index","follow":"follow","max-snippet":"max-snippet:-1","max-image-preview":"max-image-preview:large","max-video-preview":"max-video-preview:-1"},"canonical":"https:\/\/portalincluir.com.br\/index.php\/2025\/12\/15\/transtorno-do-espectro-autista-a-corporeidade-sensorial-e-o-trabalho-com-oficinas-multissensoriais\/","og_locale":"pt_BR","og_type":"article","og_title":"Transtorno do Espectro Autista. \u00a0A corporeidade sensorial e o trabalho com oficinas multissensoriais - PORTAL INCLUIR","og_description":"O corpo \u00e9 o elemento essencial de contato com o mundo, porque \u00e9 por meio","og_url":"https:\/\/portalincluir.com.br\/index.php\/2025\/12\/15\/transtorno-do-espectro-autista-a-corporeidade-sensorial-e-o-trabalho-com-oficinas-multissensoriais\/","og_site_name":"PORTAL INCLUIR","article_published_time":"2025-12-16T01:01:31+00:00","og_image":[{"width":2000,"height":2560,"url":"https:\/\/portalincluir.com.br\/wp-content\/uploads\/2025\/12\/Valeria-Sales-Arquivo-pessoal-1-scaled.jpg","type":"image\/jpeg"}],"author":"Portal Incluir","twitter_card":"summary_large_image","twitter_misc":{"Escrito por":"Portal Incluir","Est. tempo de leitura":"3 minutos"},"schema":{"@context":"https:\/\/schema.org","@graph":[{"@type":["Article","BlogPosting"],"@id":"https:\/\/portalincluir.com.br\/index.php\/2025\/12\/15\/transtorno-do-espectro-autista-a-corporeidade-sensorial-e-o-trabalho-com-oficinas-multissensoriais\/#article","isPartOf":{"@id":"https:\/\/portalincluir.com.br\/index.php\/2025\/12\/15\/transtorno-do-espectro-autista-a-corporeidade-sensorial-e-o-trabalho-com-oficinas-multissensoriais\/"},"author":{"name":"Portal Incluir","@id":"https:\/\/portalincluir.com.br\/#\/schema\/person\/8823664e5902eee555607fb75c4c35ae"},"headline":"Transtorno do Espectro Autista. \u00a0A corporeidade sensorial e o trabalho com oficinas multissensoriais","datePublished":"2025-12-16T01:01:31+00:00","mainEntityOfPage":{"@id":"https:\/\/portalincluir.com.br\/index.php\/2025\/12\/15\/transtorno-do-espectro-autista-a-corporeidade-sensorial-e-o-trabalho-com-oficinas-multissensoriais\/"},"wordCount":551,"commentCount":0,"image":{"@id":"https:\/\/portalincluir.com.br\/index.php\/2025\/12\/15\/transtorno-do-espectro-autista-a-corporeidade-sensorial-e-o-trabalho-com-oficinas-multissensoriais\/#primaryimage"},"thumbnailUrl":"https:\/\/portalincluir.com.br\/wp-content\/uploads\/2025\/12\/Valeria-Sales-Arquivo-pessoal-1-scaled.jpg","articleSection":["Autismo","Not\u00edcias"],"inLanguage":"pt-BR","potentialAction":[{"@type":"CommentAction","name":"Comment","target":["https:\/\/portalincluir.com.br\/index.php\/2025\/12\/15\/transtorno-do-espectro-autista-a-corporeidade-sensorial-e-o-trabalho-com-oficinas-multissensoriais\/#respond"]}]},{"@type":"WebPage","@id":"https:\/\/portalincluir.com.br\/index.php\/2025\/12\/15\/transtorno-do-espectro-autista-a-corporeidade-sensorial-e-o-trabalho-com-oficinas-multissensoriais\/","url":"https:\/\/portalincluir.com.br\/index.php\/2025\/12\/15\/transtorno-do-espectro-autista-a-corporeidade-sensorial-e-o-trabalho-com-oficinas-multissensoriais\/","name":"Transtorno do Espectro Autista. \u00a0A corporeidade sensorial e o trabalho com oficinas multissensoriais - PORTAL INCLUIR","isPartOf":{"@id":"https:\/\/portalincluir.com.br\/#website"},"primaryImageOfPage":{"@id":"https:\/\/portalincluir.com.br\/index.php\/2025\/12\/15\/transtorno-do-espectro-autista-a-corporeidade-sensorial-e-o-trabalho-com-oficinas-multissensoriais\/#primaryimage"},"image":{"@id":"https:\/\/portalincluir.com.br\/index.php\/2025\/12\/15\/transtorno-do-espectro-autista-a-corporeidade-sensorial-e-o-trabalho-com-oficinas-multissensoriais\/#primaryimage"},"thumbnailUrl":"https:\/\/portalincluir.com.br\/wp-content\/uploads\/2025\/12\/Valeria-Sales-Arquivo-pessoal-1-scaled.jpg","datePublished":"2025-12-16T01:01:31+00:00","author":{"@id":"https:\/\/portalincluir.com.br\/#\/schema\/person\/8823664e5902eee555607fb75c4c35ae"},"breadcrumb":{"@id":"https:\/\/portalincluir.com.br\/index.php\/2025\/12\/15\/transtorno-do-espectro-autista-a-corporeidade-sensorial-e-o-trabalho-com-oficinas-multissensoriais\/#breadcrumb"},"inLanguage":"pt-BR","potentialAction":[{"@type":"ReadAction","target":["https:\/\/portalincluir.com.br\/index.php\/2025\/12\/15\/transtorno-do-espectro-autista-a-corporeidade-sensorial-e-o-trabalho-com-oficinas-multissensoriais\/"]}]},{"@type":"ImageObject","inLanguage":"pt-BR","@id":"https:\/\/portalincluir.com.br\/index.php\/2025\/12\/15\/transtorno-do-espectro-autista-a-corporeidade-sensorial-e-o-trabalho-com-oficinas-multissensoriais\/#primaryimage","url":"https:\/\/portalincluir.com.br\/wp-content\/uploads\/2025\/12\/Valeria-Sales-Arquivo-pessoal-1-scaled.jpg","contentUrl":"https:\/\/portalincluir.com.br\/wp-content\/uploads\/2025\/12\/Valeria-Sales-Arquivo-pessoal-1-scaled.jpg","width":2000,"height":2560},{"@type":"BreadcrumbList","@id":"https:\/\/portalincluir.com.br\/index.php\/2025\/12\/15\/transtorno-do-espectro-autista-a-corporeidade-sensorial-e-o-trabalho-com-oficinas-multissensoriais\/#breadcrumb","itemListElement":[{"@type":"ListItem","position":1,"name":"In\u00edcio","item":"https:\/\/portalincluir.com.br\/"},{"@type":"ListItem","position":2,"name":"Transtorno do Espectro Autista. \u00a0A corporeidade sensorial e o trabalho com oficinas multissensoriais"}]},{"@type":"WebSite","@id":"https:\/\/portalincluir.com.br\/#website","url":"https:\/\/portalincluir.com.br\/","name":"PORTAL INCLUIR","description":"","potentialAction":[{"@type":"SearchAction","target":{"@type":"EntryPoint","urlTemplate":"https:\/\/portalincluir.com.br\/?s={search_term_string}"},"query-input":{"@type":"PropertyValueSpecification","valueRequired":true,"valueName":"search_term_string"}}],"inLanguage":"pt-BR"},{"@type":"Person","@id":"https:\/\/portalincluir.com.br\/#\/schema\/person\/8823664e5902eee555607fb75c4c35ae","name":"Portal Incluir","image":{"@type":"ImageObject","inLanguage":"pt-BR","@id":"https:\/\/secure.gravatar.com\/avatar\/12085fe17e70c3550551519fe1f8f51fae69b1748563a47fc3bea53d91fbcbbd?s=96&d=mm&r=g","url":"https:\/\/secure.gravatar.com\/avatar\/12085fe17e70c3550551519fe1f8f51fae69b1748563a47fc3bea53d91fbcbbd?s=96&d=mm&r=g","contentUrl":"https:\/\/secure.gravatar.com\/avatar\/12085fe17e70c3550551519fe1f8f51fae69b1748563a47fc3bea53d91fbcbbd?s=96&d=mm&r=g","caption":"Portal Incluir"},"sameAs":["http:\/\/portalincluir.com.br"],"url":"https:\/\/portalincluir.com.br\/index.php\/author\/portalincluir-com-br\/"}]}},"_links":{"self":[{"href":"https:\/\/portalincluir.com.br\/index.php\/wp-json\/wp\/v2\/posts\/827","targetHints":{"allow":["GET"]}}],"collection":[{"href":"https:\/\/portalincluir.com.br\/index.php\/wp-json\/wp\/v2\/posts"}],"about":[{"href":"https:\/\/portalincluir.com.br\/index.php\/wp-json\/wp\/v2\/types\/post"}],"author":[{"embeddable":true,"href":"https:\/\/portalincluir.com.br\/index.php\/wp-json\/wp\/v2\/users\/1"}],"replies":[{"embeddable":true,"href":"https:\/\/portalincluir.com.br\/index.php\/wp-json\/wp\/v2\/comments?post=827"}],"version-history":[{"count":1,"href":"https:\/\/portalincluir.com.br\/index.php\/wp-json\/wp\/v2\/posts\/827\/revisions"}],"predecessor-version":[{"id":829,"href":"https:\/\/portalincluir.com.br\/index.php\/wp-json\/wp\/v2\/posts\/827\/revisions\/829"}],"wp:featuredmedia":[{"embeddable":true,"href":"https:\/\/portalincluir.com.br\/index.php\/wp-json\/wp\/v2\/media\/828"}],"wp:attachment":[{"href":"https:\/\/portalincluir.com.br\/index.php\/wp-json\/wp\/v2\/media?parent=827"}],"wp:term":[{"taxonomy":"category","embeddable":true,"href":"https:\/\/portalincluir.com.br\/index.php\/wp-json\/wp\/v2\/categories?post=827"},{"taxonomy":"post_tag","embeddable":true,"href":"https:\/\/portalincluir.com.br\/index.php\/wp-json\/wp\/v2\/tags?post=827"}],"curies":[{"name":"wp","href":"https:\/\/api.w.org\/{rel}","templated":true}]}}