{"id":833,"date":"2025-12-23T23:23:04","date_gmt":"2025-12-24T02:23:04","guid":{"rendered":"https:\/\/portalincluir.com.br\/?p=833"},"modified":"2025-12-23T23:27:49","modified_gmt":"2025-12-24T02:27:49","slug":"sindrome-de-down-mosaico-por-que-nem-sempre-o-desenvolvimento-e-mais-leve-do-que-se-imagina","status":"publish","type":"post","link":"https:\/\/portalincluir.com.br\/index.php\/2025\/12\/23\/sindrome-de-down-mosaico-por-que-nem-sempre-o-desenvolvimento-e-mais-leve-do-que-se-imagina\/","title":{"rendered":"S\u00edndrome de Down Mosaico: por que nem sempre o desenvolvimento \u00e9 mais leve do que se imagina"},"content":{"rendered":"\n<p>A&nbsp;<strong>s\u00edndrome de Down<\/strong>&nbsp;pode se manifestar de diferentes formas gen\u00e9ticas, e compreender essas varia\u00e7\u00f5es \u00e9 fundamental para combater mitos e orientar fam\u00edlias e profissionais sobre o desenvolvimento das crian\u00e7as. Quem explica \u00e9 a&nbsp;<strong>m\u00e9dica pediatra Renata Aniceto, especialista em Trissomia 21 (T21)<\/strong>, ao detalhar os tr\u00eas tipos existentes da condi\u00e7\u00e3o:&nbsp;<strong>trissomia livre, trissomia por transloca\u00e7\u00e3o e mosaico<\/strong>.<\/p>\n\n\n\n<p>Segundo a especialista, no tipo&nbsp;<strong>mosaico<\/strong>&nbsp;ocorre uma mistura de c\u00e9lulas: algumas com o n\u00famero habitual de cromossomos (46) e outras com um cromossomo extra (47). Essa caracter\u00edstica gen\u00e9tica deu origem, ao longo do tempo, a um dos mitos mais comuns sobre a s\u00edndrome de Down: a ideia de que pessoas com mosaico teriam, necessariamente, um desenvolvimento mais leve ou acima da m\u00e9dia em compara\u00e7\u00e3o aos outros tipos.<\/p>\n\n\n\n<p>\u201cEssa n\u00e3o \u00e9 uma realidade absoluta\u201d, alerta Renata Aniceto. De acordo com a m\u00e9dica, o desenvolvimento da crian\u00e7a com s\u00edndrome de Down do tipo mosaico&nbsp;<strong>depende diretamente da propor\u00e7\u00e3o entre as c\u00e9lulas normais e as c\u00e9lulas com trissomia<\/strong>. \u201cTudo vai depender da quantidade de c\u00e9lulas com 46 cromossomos em rela\u00e7\u00e3o \u00e0s c\u00e9lulas com 47. Se houver uma predomin\u00e2ncia de c\u00e9lulas normais, pode haver um desempenho melhor. Mas, em muitos casos, essa propor\u00e7\u00e3o \u00e9 semelhante ou at\u00e9 h\u00e1 mais c\u00e9lulas com trissomia, o que pode gerar um comprometimento maior\u201d, explica.<\/p>\n\n\n\n<p>A pediatra refor\u00e7a que, por isso,&nbsp;<strong>n\u00e3o \u00e9 correto afirmar que o mosaico representa automaticamente um quadro mais leve<\/strong>&nbsp;dentro da s\u00edndrome de Down. \u201cExiste esse mito de que quem \u00e9 mosaico sempre ter\u00e1 um desenvolvimento melhor, mas isso n\u00e3o \u00e9 verdade. Cada crian\u00e7a \u00e9 \u00fanica\u201d, destaca.<\/p>\n\n\n\n<p>Independentemente do tipo gen\u00e9tico, Renata Aniceto enfatiza que o mais importante \u00e9 o&nbsp;<strong>investimento em conhecimento, acompanhamento e estimula\u00e7\u00e3o desde os primeiros anos de vida<\/strong>. \u201cDevemos fazer exatamente o mesmo que fazemos para qualquer crian\u00e7a com s\u00edndrome de Down: estimular, acompanhar e oferecer oportunidades, sem criar expectativas irreais ou limita\u00e7\u00f5es baseadas apenas no tipo gen\u00e9tico\u201d, afirma.<\/p>\n\n\n\n<p>A orienta\u00e7\u00e3o da especialista refor\u00e7a a import\u00e2ncia de informa\u00e7\u00e3o de qualidade para desconstruir cren\u00e7as equivocadas e promover um olhar mais individualizado, respeitoso e inclusivo sobre as pessoas com s\u00edndrome de Down.<\/p>\n\n\n\n<p><\/p>\n","protected":false},"excerpt":{"rendered":"<p>A&nbsp;s\u00edndrome de Down&nbsp;pode se manifestar de diferentes formas gen\u00e9ticas, e compreender essas varia\u00e7\u00f5es \u00e9 fundamental<\/p>\n","protected":false},"author":1,"featured_media":834,"comment_status":"open","ping_status":"open","sticky":false,"template":"","format":"standard","meta":{"om_disable_all_campaigns":false,"_monsterinsights_skip_tracking":false,"_monsterinsights_sitenote_active":false,"_monsterinsights_sitenote_note":"","_monsterinsights_sitenote_category":0,"_uf_show_specific_survey":0,"_uf_disable_surveys":false,"footnotes":""},"categories":[9,7],"tags":[],"class_list":["post-833","post","type-post","status-publish","format-standard","has-post-thumbnail","hentry","category-noticias","category-t21"],"yoast_head":"<!-- This site is optimized with the Yoast SEO plugin v27.4 - https:\/\/yoast.com\/product\/yoast-seo-wordpress\/ -->\n<title>S\u00edndrome de Down Mosaico: por que nem sempre o desenvolvimento \u00e9 mais leve do que se imagina - PORTAL INCLUIR<\/title>\n<meta name=\"robots\" content=\"index, follow, max-snippet:-1, max-image-preview:large, max-video-preview:-1\" \/>\n<link rel=\"canonical\" href=\"https:\/\/portalincluir.com.br\/index.php\/2025\/12\/23\/sindrome-de-down-mosaico-por-que-nem-sempre-o-desenvolvimento-e-mais-leve-do-que-se-imagina\/\" \/>\n<meta property=\"og:locale\" content=\"pt_BR\" \/>\n<meta property=\"og:type\" content=\"article\" \/>\n<meta property=\"og:title\" content=\"S\u00edndrome de Down Mosaico: por que nem sempre o desenvolvimento \u00e9 mais leve do que se imagina - PORTAL INCLUIR\" \/>\n<meta property=\"og:description\" content=\"A&nbsp;s\u00edndrome de Down&nbsp;pode se manifestar de diferentes formas gen\u00e9ticas, e compreender essas varia\u00e7\u00f5es \u00e9 fundamental\" \/>\n<meta property=\"og:url\" content=\"https:\/\/portalincluir.com.br\/index.php\/2025\/12\/23\/sindrome-de-down-mosaico-por-que-nem-sempre-o-desenvolvimento-e-mais-leve-do-que-se-imagina\/\" \/>\n<meta property=\"og:site_name\" content=\"PORTAL INCLUIR\" \/>\n<meta property=\"article:published_time\" content=\"2025-12-24T02:23:04+00:00\" \/>\n<meta property=\"article:modified_time\" content=\"2025-12-24T02:27:49+00:00\" \/>\n<meta property=\"og:image\" content=\"https:\/\/portalincluir.com.br\/wp-content\/uploads\/2025\/12\/231220250920332.png\" \/>\n\t<meta property=\"og:image:width\" content=\"860\" \/>\n\t<meta property=\"og:image:height\" content=\"570\" \/>\n\t<meta property=\"og:image:type\" content=\"image\/png\" \/>\n<meta name=\"author\" content=\"Portal Incluir\" \/>\n<meta name=\"twitter:card\" content=\"summary_large_image\" \/>\n<meta name=\"twitter:label1\" content=\"Escrito por\" \/>\n\t<meta name=\"twitter:data1\" content=\"Portal Incluir\" \/>\n\t<meta name=\"twitter:label2\" content=\"Est. tempo de leitura\" \/>\n\t<meta name=\"twitter:data2\" content=\"3 minutos\" \/>\n<script type=\"application\/ld+json\" class=\"yoast-schema-graph\">{\"@context\":\"https:\\\/\\\/schema.org\",\"@graph\":[{\"@type\":[\"Article\",\"BlogPosting\"],\"@id\":\"https:\\\/\\\/portalincluir.com.br\\\/index.php\\\/2025\\\/12\\\/23\\\/sindrome-de-down-mosaico-por-que-nem-sempre-o-desenvolvimento-e-mais-leve-do-que-se-imagina\\\/#article\",\"isPartOf\":{\"@id\":\"https:\\\/\\\/portalincluir.com.br\\\/index.php\\\/2025\\\/12\\\/23\\\/sindrome-de-down-mosaico-por-que-nem-sempre-o-desenvolvimento-e-mais-leve-do-que-se-imagina\\\/\"},\"author\":{\"name\":\"Portal Incluir\",\"@id\":\"https:\\\/\\\/portalincluir.com.br\\\/#\\\/schema\\\/person\\\/8823664e5902eee555607fb75c4c35ae\"},\"headline\":\"S\u00edndrome de Down Mosaico: por que nem sempre o desenvolvimento \u00e9 mais leve do que se imagina\",\"datePublished\":\"2025-12-24T02:23:04+00:00\",\"dateModified\":\"2025-12-24T02:27:49+00:00\",\"mainEntityOfPage\":{\"@id\":\"https:\\\/\\\/portalincluir.com.br\\\/index.php\\\/2025\\\/12\\\/23\\\/sindrome-de-down-mosaico-por-que-nem-sempre-o-desenvolvimento-e-mais-leve-do-que-se-imagina\\\/\"},\"wordCount\":409,\"commentCount\":0,\"image\":{\"@id\":\"https:\\\/\\\/portalincluir.com.br\\\/index.php\\\/2025\\\/12\\\/23\\\/sindrome-de-down-mosaico-por-que-nem-sempre-o-desenvolvimento-e-mais-leve-do-que-se-imagina\\\/#primaryimage\"},\"thumbnailUrl\":\"https:\\\/\\\/portalincluir.com.br\\\/wp-content\\\/uploads\\\/2025\\\/12\\\/231220250920332.png\",\"articleSection\":[\"Not\u00edcias\",\"T21\"],\"inLanguage\":\"pt-BR\",\"potentialAction\":[{\"@type\":\"CommentAction\",\"name\":\"Comment\",\"target\":[\"https:\\\/\\\/portalincluir.com.br\\\/index.php\\\/2025\\\/12\\\/23\\\/sindrome-de-down-mosaico-por-que-nem-sempre-o-desenvolvimento-e-mais-leve-do-que-se-imagina\\\/#respond\"]}]},{\"@type\":\"WebPage\",\"@id\":\"https:\\\/\\\/portalincluir.com.br\\\/index.php\\\/2025\\\/12\\\/23\\\/sindrome-de-down-mosaico-por-que-nem-sempre-o-desenvolvimento-e-mais-leve-do-que-se-imagina\\\/\",\"url\":\"https:\\\/\\\/portalincluir.com.br\\\/index.php\\\/2025\\\/12\\\/23\\\/sindrome-de-down-mosaico-por-que-nem-sempre-o-desenvolvimento-e-mais-leve-do-que-se-imagina\\\/\",\"name\":\"S\u00edndrome de Down Mosaico: por que nem sempre o desenvolvimento \u00e9 mais leve do que se imagina - PORTAL INCLUIR\",\"isPartOf\":{\"@id\":\"https:\\\/\\\/portalincluir.com.br\\\/#website\"},\"primaryImageOfPage\":{\"@id\":\"https:\\\/\\\/portalincluir.com.br\\\/index.php\\\/2025\\\/12\\\/23\\\/sindrome-de-down-mosaico-por-que-nem-sempre-o-desenvolvimento-e-mais-leve-do-que-se-imagina\\\/#primaryimage\"},\"image\":{\"@id\":\"https:\\\/\\\/portalincluir.com.br\\\/index.php\\\/2025\\\/12\\\/23\\\/sindrome-de-down-mosaico-por-que-nem-sempre-o-desenvolvimento-e-mais-leve-do-que-se-imagina\\\/#primaryimage\"},\"thumbnailUrl\":\"https:\\\/\\\/portalincluir.com.br\\\/wp-content\\\/uploads\\\/2025\\\/12\\\/231220250920332.png\",\"datePublished\":\"2025-12-24T02:23:04+00:00\",\"dateModified\":\"2025-12-24T02:27:49+00:00\",\"author\":{\"@id\":\"https:\\\/\\\/portalincluir.com.br\\\/#\\\/schema\\\/person\\\/8823664e5902eee555607fb75c4c35ae\"},\"breadcrumb\":{\"@id\":\"https:\\\/\\\/portalincluir.com.br\\\/index.php\\\/2025\\\/12\\\/23\\\/sindrome-de-down-mosaico-por-que-nem-sempre-o-desenvolvimento-e-mais-leve-do-que-se-imagina\\\/#breadcrumb\"},\"inLanguage\":\"pt-BR\",\"potentialAction\":[{\"@type\":\"ReadAction\",\"target\":[\"https:\\\/\\\/portalincluir.com.br\\\/index.php\\\/2025\\\/12\\\/23\\\/sindrome-de-down-mosaico-por-que-nem-sempre-o-desenvolvimento-e-mais-leve-do-que-se-imagina\\\/\"]}]},{\"@type\":\"ImageObject\",\"inLanguage\":\"pt-BR\",\"@id\":\"https:\\\/\\\/portalincluir.com.br\\\/index.php\\\/2025\\\/12\\\/23\\\/sindrome-de-down-mosaico-por-que-nem-sempre-o-desenvolvimento-e-mais-leve-do-que-se-imagina\\\/#primaryimage\",\"url\":\"https:\\\/\\\/portalincluir.com.br\\\/wp-content\\\/uploads\\\/2025\\\/12\\\/231220250920332.png\",\"contentUrl\":\"https:\\\/\\\/portalincluir.com.br\\\/wp-content\\\/uploads\\\/2025\\\/12\\\/231220250920332.png\",\"width\":860,\"height\":570,\"caption\":\"Foto: Edvaldo Barone\\\/ABCdoABC\"},{\"@type\":\"BreadcrumbList\",\"@id\":\"https:\\\/\\\/portalincluir.com.br\\\/index.php\\\/2025\\\/12\\\/23\\\/sindrome-de-down-mosaico-por-que-nem-sempre-o-desenvolvimento-e-mais-leve-do-que-se-imagina\\\/#breadcrumb\",\"itemListElement\":[{\"@type\":\"ListItem\",\"position\":1,\"name\":\"In\u00edcio\",\"item\":\"https:\\\/\\\/portalincluir.com.br\\\/\"},{\"@type\":\"ListItem\",\"position\":2,\"name\":\"S\u00edndrome de Down Mosaico: por que nem sempre o desenvolvimento \u00e9 mais leve do que se imagina\"}]},{\"@type\":\"WebSite\",\"@id\":\"https:\\\/\\\/portalincluir.com.br\\\/#website\",\"url\":\"https:\\\/\\\/portalincluir.com.br\\\/\",\"name\":\"PORTAL INCLUIR\",\"description\":\"\",\"potentialAction\":[{\"@type\":\"SearchAction\",\"target\":{\"@type\":\"EntryPoint\",\"urlTemplate\":\"https:\\\/\\\/portalincluir.com.br\\\/?s={search_term_string}\"},\"query-input\":{\"@type\":\"PropertyValueSpecification\",\"valueRequired\":true,\"valueName\":\"search_term_string\"}}],\"inLanguage\":\"pt-BR\"},{\"@type\":\"Person\",\"@id\":\"https:\\\/\\\/portalincluir.com.br\\\/#\\\/schema\\\/person\\\/8823664e5902eee555607fb75c4c35ae\",\"name\":\"Portal Incluir\",\"image\":{\"@type\":\"ImageObject\",\"inLanguage\":\"pt-BR\",\"@id\":\"https:\\\/\\\/secure.gravatar.com\\\/avatar\\\/12085fe17e70c3550551519fe1f8f51fae69b1748563a47fc3bea53d91fbcbbd?s=96&d=mm&r=g\",\"url\":\"https:\\\/\\\/secure.gravatar.com\\\/avatar\\\/12085fe17e70c3550551519fe1f8f51fae69b1748563a47fc3bea53d91fbcbbd?s=96&d=mm&r=g\",\"contentUrl\":\"https:\\\/\\\/secure.gravatar.com\\\/avatar\\\/12085fe17e70c3550551519fe1f8f51fae69b1748563a47fc3bea53d91fbcbbd?s=96&d=mm&r=g\",\"caption\":\"Portal Incluir\"},\"sameAs\":[\"http:\\\/\\\/portalincluir.com.br\"],\"url\":\"https:\\\/\\\/portalincluir.com.br\\\/index.php\\\/author\\\/portalincluir-com-br\\\/\"}]}<\/script>\n<!-- \/ Yoast SEO plugin. -->","yoast_head_json":{"title":"S\u00edndrome de Down Mosaico: por que nem sempre o desenvolvimento \u00e9 mais leve do que se imagina - PORTAL INCLUIR","robots":{"index":"index","follow":"follow","max-snippet":"max-snippet:-1","max-image-preview":"max-image-preview:large","max-video-preview":"max-video-preview:-1"},"canonical":"https:\/\/portalincluir.com.br\/index.php\/2025\/12\/23\/sindrome-de-down-mosaico-por-que-nem-sempre-o-desenvolvimento-e-mais-leve-do-que-se-imagina\/","og_locale":"pt_BR","og_type":"article","og_title":"S\u00edndrome de Down Mosaico: por que nem sempre o desenvolvimento \u00e9 mais leve do que se imagina - PORTAL INCLUIR","og_description":"A&nbsp;s\u00edndrome de Down&nbsp;pode se manifestar de diferentes formas gen\u00e9ticas, e compreender essas varia\u00e7\u00f5es \u00e9 fundamental","og_url":"https:\/\/portalincluir.com.br\/index.php\/2025\/12\/23\/sindrome-de-down-mosaico-por-que-nem-sempre-o-desenvolvimento-e-mais-leve-do-que-se-imagina\/","og_site_name":"PORTAL INCLUIR","article_published_time":"2025-12-24T02:23:04+00:00","article_modified_time":"2025-12-24T02:27:49+00:00","og_image":[{"width":860,"height":570,"url":"https:\/\/portalincluir.com.br\/wp-content\/uploads\/2025\/12\/231220250920332.png","type":"image\/png"}],"author":"Portal Incluir","twitter_card":"summary_large_image","twitter_misc":{"Escrito por":"Portal Incluir","Est. tempo de leitura":"3 minutos"},"schema":{"@context":"https:\/\/schema.org","@graph":[{"@type":["Article","BlogPosting"],"@id":"https:\/\/portalincluir.com.br\/index.php\/2025\/12\/23\/sindrome-de-down-mosaico-por-que-nem-sempre-o-desenvolvimento-e-mais-leve-do-que-se-imagina\/#article","isPartOf":{"@id":"https:\/\/portalincluir.com.br\/index.php\/2025\/12\/23\/sindrome-de-down-mosaico-por-que-nem-sempre-o-desenvolvimento-e-mais-leve-do-que-se-imagina\/"},"author":{"name":"Portal Incluir","@id":"https:\/\/portalincluir.com.br\/#\/schema\/person\/8823664e5902eee555607fb75c4c35ae"},"headline":"S\u00edndrome de Down Mosaico: por que nem sempre o desenvolvimento \u00e9 mais leve do que se imagina","datePublished":"2025-12-24T02:23:04+00:00","dateModified":"2025-12-24T02:27:49+00:00","mainEntityOfPage":{"@id":"https:\/\/portalincluir.com.br\/index.php\/2025\/12\/23\/sindrome-de-down-mosaico-por-que-nem-sempre-o-desenvolvimento-e-mais-leve-do-que-se-imagina\/"},"wordCount":409,"commentCount":0,"image":{"@id":"https:\/\/portalincluir.com.br\/index.php\/2025\/12\/23\/sindrome-de-down-mosaico-por-que-nem-sempre-o-desenvolvimento-e-mais-leve-do-que-se-imagina\/#primaryimage"},"thumbnailUrl":"https:\/\/portalincluir.com.br\/wp-content\/uploads\/2025\/12\/231220250920332.png","articleSection":["Not\u00edcias","T21"],"inLanguage":"pt-BR","potentialAction":[{"@type":"CommentAction","name":"Comment","target":["https:\/\/portalincluir.com.br\/index.php\/2025\/12\/23\/sindrome-de-down-mosaico-por-que-nem-sempre-o-desenvolvimento-e-mais-leve-do-que-se-imagina\/#respond"]}]},{"@type":"WebPage","@id":"https:\/\/portalincluir.com.br\/index.php\/2025\/12\/23\/sindrome-de-down-mosaico-por-que-nem-sempre-o-desenvolvimento-e-mais-leve-do-que-se-imagina\/","url":"https:\/\/portalincluir.com.br\/index.php\/2025\/12\/23\/sindrome-de-down-mosaico-por-que-nem-sempre-o-desenvolvimento-e-mais-leve-do-que-se-imagina\/","name":"S\u00edndrome de Down Mosaico: por que nem sempre o desenvolvimento \u00e9 mais leve do que se imagina - PORTAL INCLUIR","isPartOf":{"@id":"https:\/\/portalincluir.com.br\/#website"},"primaryImageOfPage":{"@id":"https:\/\/portalincluir.com.br\/index.php\/2025\/12\/23\/sindrome-de-down-mosaico-por-que-nem-sempre-o-desenvolvimento-e-mais-leve-do-que-se-imagina\/#primaryimage"},"image":{"@id":"https:\/\/portalincluir.com.br\/index.php\/2025\/12\/23\/sindrome-de-down-mosaico-por-que-nem-sempre-o-desenvolvimento-e-mais-leve-do-que-se-imagina\/#primaryimage"},"thumbnailUrl":"https:\/\/portalincluir.com.br\/wp-content\/uploads\/2025\/12\/231220250920332.png","datePublished":"2025-12-24T02:23:04+00:00","dateModified":"2025-12-24T02:27:49+00:00","author":{"@id":"https:\/\/portalincluir.com.br\/#\/schema\/person\/8823664e5902eee555607fb75c4c35ae"},"breadcrumb":{"@id":"https:\/\/portalincluir.com.br\/index.php\/2025\/12\/23\/sindrome-de-down-mosaico-por-que-nem-sempre-o-desenvolvimento-e-mais-leve-do-que-se-imagina\/#breadcrumb"},"inLanguage":"pt-BR","potentialAction":[{"@type":"ReadAction","target":["https:\/\/portalincluir.com.br\/index.php\/2025\/12\/23\/sindrome-de-down-mosaico-por-que-nem-sempre-o-desenvolvimento-e-mais-leve-do-que-se-imagina\/"]}]},{"@type":"ImageObject","inLanguage":"pt-BR","@id":"https:\/\/portalincluir.com.br\/index.php\/2025\/12\/23\/sindrome-de-down-mosaico-por-que-nem-sempre-o-desenvolvimento-e-mais-leve-do-que-se-imagina\/#primaryimage","url":"https:\/\/portalincluir.com.br\/wp-content\/uploads\/2025\/12\/231220250920332.png","contentUrl":"https:\/\/portalincluir.com.br\/wp-content\/uploads\/2025\/12\/231220250920332.png","width":860,"height":570,"caption":"Foto: Edvaldo Barone\/ABCdoABC"},{"@type":"BreadcrumbList","@id":"https:\/\/portalincluir.com.br\/index.php\/2025\/12\/23\/sindrome-de-down-mosaico-por-que-nem-sempre-o-desenvolvimento-e-mais-leve-do-que-se-imagina\/#breadcrumb","itemListElement":[{"@type":"ListItem","position":1,"name":"In\u00edcio","item":"https:\/\/portalincluir.com.br\/"},{"@type":"ListItem","position":2,"name":"S\u00edndrome de Down Mosaico: por que nem sempre o desenvolvimento \u00e9 mais leve do que se imagina"}]},{"@type":"WebSite","@id":"https:\/\/portalincluir.com.br\/#website","url":"https:\/\/portalincluir.com.br\/","name":"PORTAL INCLUIR","description":"","potentialAction":[{"@type":"SearchAction","target":{"@type":"EntryPoint","urlTemplate":"https:\/\/portalincluir.com.br\/?s={search_term_string}"},"query-input":{"@type":"PropertyValueSpecification","valueRequired":true,"valueName":"search_term_string"}}],"inLanguage":"pt-BR"},{"@type":"Person","@id":"https:\/\/portalincluir.com.br\/#\/schema\/person\/8823664e5902eee555607fb75c4c35ae","name":"Portal Incluir","image":{"@type":"ImageObject","inLanguage":"pt-BR","@id":"https:\/\/secure.gravatar.com\/avatar\/12085fe17e70c3550551519fe1f8f51fae69b1748563a47fc3bea53d91fbcbbd?s=96&d=mm&r=g","url":"https:\/\/secure.gravatar.com\/avatar\/12085fe17e70c3550551519fe1f8f51fae69b1748563a47fc3bea53d91fbcbbd?s=96&d=mm&r=g","contentUrl":"https:\/\/secure.gravatar.com\/avatar\/12085fe17e70c3550551519fe1f8f51fae69b1748563a47fc3bea53d91fbcbbd?s=96&d=mm&r=g","caption":"Portal Incluir"},"sameAs":["http:\/\/portalincluir.com.br"],"url":"https:\/\/portalincluir.com.br\/index.php\/author\/portalincluir-com-br\/"}]}},"_links":{"self":[{"href":"https:\/\/portalincluir.com.br\/index.php\/wp-json\/wp\/v2\/posts\/833","targetHints":{"allow":["GET"]}}],"collection":[{"href":"https:\/\/portalincluir.com.br\/index.php\/wp-json\/wp\/v2\/posts"}],"about":[{"href":"https:\/\/portalincluir.com.br\/index.php\/wp-json\/wp\/v2\/types\/post"}],"author":[{"embeddable":true,"href":"https:\/\/portalincluir.com.br\/index.php\/wp-json\/wp\/v2\/users\/1"}],"replies":[{"embeddable":true,"href":"https:\/\/portalincluir.com.br\/index.php\/wp-json\/wp\/v2\/comments?post=833"}],"version-history":[{"count":1,"href":"https:\/\/portalincluir.com.br\/index.php\/wp-json\/wp\/v2\/posts\/833\/revisions"}],"predecessor-version":[{"id":835,"href":"https:\/\/portalincluir.com.br\/index.php\/wp-json\/wp\/v2\/posts\/833\/revisions\/835"}],"wp:featuredmedia":[{"embeddable":true,"href":"https:\/\/portalincluir.com.br\/index.php\/wp-json\/wp\/v2\/media\/834"}],"wp:attachment":[{"href":"https:\/\/portalincluir.com.br\/index.php\/wp-json\/wp\/v2\/media?parent=833"}],"wp:term":[{"taxonomy":"category","embeddable":true,"href":"https:\/\/portalincluir.com.br\/index.php\/wp-json\/wp\/v2\/categories?post=833"},{"taxonomy":"post_tag","embeddable":true,"href":"https:\/\/portalincluir.com.br\/index.php\/wp-json\/wp\/v2\/tags?post=833"}],"curies":[{"name":"wp","href":"https:\/\/api.w.org\/{rel}","templated":true}]}}