{"id":836,"date":"2025-12-26T22:22:57","date_gmt":"2025-12-27T01:22:57","guid":{"rendered":"https:\/\/portalincluir.com.br\/?p=836"},"modified":"2025-12-26T22:32:07","modified_gmt":"2025-12-27T01:32:07","slug":"vozes-que-transformam-inclusao-social-como-direito-nao-como-favor","status":"publish","type":"post","link":"https:\/\/portalincluir.com.br\/index.php\/2025\/12\/26\/vozes-que-transformam-inclusao-social-como-direito-nao-como-favor\/","title":{"rendered":"Vozes que transformam: inclus\u00e3o social como direito, n\u00e3o como favor"},"content":{"rendered":"\n<p>Ao completar um ano no ar, o programa&nbsp;<em>Inclus\u00e3o em Foco<\/em>, da Mega R\u00e1dio, reafirmou sua ess\u00eancia ao promover um debate profundo, sens\u00edvel e necess\u00e1rio sobre inclus\u00e3o, diversidade e transforma\u00e7\u00e3o social. O est\u00fadio se tornou espa\u00e7o de escuta e resist\u00eancia ao receber duas mulheres cujas trajet\u00f3rias se confundem com a pr\u00f3pria luta por dignidade: a psic\u00f3loga e neuropsic\u00f3loga Marta Amorim, da Cl\u00ednica Therap\u00e9ia, e Vit\u00f3ria Aparecida, fundadora e presidente da Associa\u00e7\u00e3o Conquistense para Atendimento Especializado \u00e0 Pessoa Autista (ACAEP A).<\/p>\n\n\n\n<p>Mais do que entrevistas, o encontro revelou viv\u00eancias marcadas pela exclus\u00e3o estrutural, mas tamb\u00e9m pela coragem de romper sil\u00eancios e transformar dor em a\u00e7\u00e3o coletiva. Marta Amorim compartilhou sua hist\u00f3ria como mulher com defici\u00eancia f\u00edsica decorrente da poliomielite, adquirida ainda na inf\u00e2ncia, em um contexto de aus\u00eancia de pol\u00edticas p\u00fablicas e de uma sociedade profundamente capacitista. Crescer ouvindo \u201cn\u00e3o pode\u201d foi parte da sua forma\u00e7\u00e3o, em um tempo em que pessoas com defici\u00eancia eram invisibilizadas, interditadas e afastadas de espa\u00e7os b\u00e1sicos da vida social.<\/p>\n\n\n\n<p>Mesmo diante dessas barreiras, Marta construiu uma trajet\u00f3ria acad\u00eamica s\u00f3lida, atuou por 35 anos na doc\u00eancia e fez da sua pr\u00f3pria viv\u00eancia um instrumento de milit\u00e2ncia cotidiana. Para ela, a maior barreira ainda n\u00e3o \u00e9 apenas a falta de rampas ou de acessibilidade f\u00edsica, mas a chamada \u201cinacessibilidade atitudinal\u201d \u2014 o preconceito, a infantiliza\u00e7\u00e3o e o olhar que desqualifica. \u201cO problema n\u00e3o est\u00e1 na pessoa com defici\u00eancia, mas em um mundo que n\u00e3o foi pensado para a diversidade humana\u201d, defende.<\/p>\n\n\n\n<p>Essa vis\u00e3o encontra eco na hist\u00f3ria de Vit\u00f3ria Aparecida, que conheceu o autismo a partir da maternidade. M\u00e3e de Gustavo, diagnosticado aos quatro anos, ela relata que o laudo, longe de representar um fim, foi libertador. \u201cO diagn\u00f3stico n\u00e3o \u00e9 senten\u00e7a, \u00e9 o in\u00edcio de uma jornada\u201d, afirma. Diante da falta de atendimento adequado, informa\u00e7\u00e3o e acolhimento, Vit\u00f3ria transformou o desespero em mobiliza\u00e7\u00e3o social. Assim nasceu a ACAEPA, fundada em 2017, hoje respons\u00e1vel por atender cerca de 100 crian\u00e7as, jovens e adultos autistas em Vit\u00f3ria da Conquista \u2014 sem apoio financeiro fixo do poder p\u00fablico ou da iniciativa privada.<\/p>\n\n\n\n<p>O relato de Vit\u00f3ria exp\u00f5e uma realidade alarmante: fam\u00edlias chegam \u00e0 associa\u00e7\u00e3o emocionalmente destru\u00eddas, muitas vezes sem qualquer suporte, enfrentando preconceito, abandono e aus\u00eancia de pol\u00edticas p\u00fablicas eficazes. A associa\u00e7\u00e3o se tornou, para muitos, o \u00faltimo porto seguro. \u201cN\u00e3o \u00e9 s\u00f3 a crian\u00e7a que precisa de cuidado, a fam\u00edlia inteira precisa ser restaurada\u201d, resume.<\/p>\n\n\n\n<p>Ao longo do bate-papo, as entrevistadas convergiram em um ponto central: inclus\u00e3o n\u00e3o pode ser apenas discurso ou letra morta em leis. Embora existam avan\u00e7os legais, falta garantir a perman\u00eancia, seja na escola, na universidade ou no mercado de trabalho. Pessoas com defici\u00eancia e neurodiverg\u00eancias continuam sendo empurradas para fora por falta de preparo institucional, forma\u00e7\u00e3o adequada e compromisso real do Estado e da sociedade.<\/p>\n\n\n\n<p>Marta tamb\u00e9m chamou aten\u00e7\u00e3o para a complexidade do diagn\u00f3stico, que carrega dois impactos simult\u00e2neos: o risco de maior exclus\u00e3o social e, ao mesmo tempo, a possibilidade de acesso a direitos, compreens\u00e3o e caminhos mais assertivos. \u201cA exclus\u00e3o j\u00e1 existe antes do laudo. O diagn\u00f3stico apenas d\u00e1 nome ao que j\u00e1 marginaliza\u201d, pontua. Ainda assim, ela refor\u00e7a que informa\u00e7\u00e3o \u00e9 ferramenta de liberta\u00e7\u00e3o e que a m\u00eddia tem papel fundamental na desconstru\u00e7\u00e3o de estigmas.<\/p>\n\n\n\n<p>O programa deixou claro que a luta por inclus\u00e3o social n\u00e3o diz respeito apenas \u00e0s pessoas com defici\u00eancia ou ao autismo. Trata-se de um projeto de sociedade que reconhe\u00e7a a diversidade como regra, n\u00e3o exce\u00e7\u00e3o. Uma sociedade que pare de exigir adapta\u00e7\u00e3o de quem j\u00e1 vive \u00e0 margem e passe a se transformar para acolher todos.<\/p>\n\n\n\n<p>Ao final, Vit\u00f3ria fez um apelo direto \u00e0 popula\u00e7\u00e3o, empres\u00e1rios e poder p\u00fablico para que olhem com responsabilidade para a causa do autismo, especialmente em datas simb\u00f3licas como o Natal. \u201cSozinha, ningu\u00e9m consegue. Inclus\u00e3o s\u00f3 acontece quando \u00e9 coletiva\u201d, refor\u00e7ou.<\/p>\n\n\n\n<p>As hist\u00f3rias de Marta Amorim e Vit\u00f3ria Aparecida s\u00e3o provas vivas de que a transforma\u00e7\u00e3o social come\u00e7a quando a exclus\u00e3o deixa de ser naturalizada e passa a ser enfrentada. N\u00e3o como caridade, mas como direito.<\/p>\n\n\n\n<p>Por J\u00fanior Patente<\/p>\n","protected":false},"excerpt":{"rendered":"<p>Ao completar um ano no ar, o programa&nbsp;Inclus\u00e3o em Foco, da Mega R\u00e1dio, reafirmou sua<\/p>\n","protected":false},"author":1,"featured_media":837,"comment_status":"open","ping_status":"open","sticky":false,"template":"","format":"standard","meta":{"om_disable_all_campaigns":false,"_monsterinsights_skip_tracking":false,"_monsterinsights_sitenote_active":false,"_monsterinsights_sitenote_note":"","_monsterinsights_sitenote_category":0,"_uf_show_specific_survey":0,"_uf_disable_surveys":false,"footnotes":""},"categories":[6,1],"tags":[],"class_list":["post-836","post","type-post","status-publish","format-standard","has-post-thumbnail","hentry","category-autismo","category-portal"],"yoast_head":"<!-- This site is optimized with the Yoast SEO plugin v27.4 - https:\/\/yoast.com\/product\/yoast-seo-wordpress\/ -->\n<title>Vozes que transformam: inclus\u00e3o social como direito, n\u00e3o como favor - PORTAL INCLUIR<\/title>\n<meta name=\"robots\" content=\"index, follow, max-snippet:-1, max-image-preview:large, max-video-preview:-1\" \/>\n<link rel=\"canonical\" href=\"https:\/\/portalincluir.com.br\/index.php\/2025\/12\/26\/vozes-que-transformam-inclusao-social-como-direito-nao-como-favor\/\" \/>\n<meta property=\"og:locale\" content=\"pt_BR\" \/>\n<meta property=\"og:type\" content=\"article\" \/>\n<meta property=\"og:title\" content=\"Vozes que transformam: inclus\u00e3o social como direito, n\u00e3o como favor - PORTAL INCLUIR\" \/>\n<meta property=\"og:description\" content=\"Ao completar um ano no ar, o programa&nbsp;Inclus\u00e3o em Foco, da Mega R\u00e1dio, reafirmou sua\" \/>\n<meta property=\"og:url\" content=\"https:\/\/portalincluir.com.br\/index.php\/2025\/12\/26\/vozes-que-transformam-inclusao-social-como-direito-nao-como-favor\/\" \/>\n<meta property=\"og:site_name\" content=\"PORTAL INCLUIR\" \/>\n<meta property=\"article:published_time\" content=\"2025-12-27T01:22:57+00:00\" \/>\n<meta property=\"article:modified_time\" content=\"2025-12-27T01:32:07+00:00\" \/>\n<meta property=\"og:image\" content=\"https:\/\/portalincluir.com.br\/wp-content\/uploads\/2025\/12\/241220250233022-scaled.jpg\" \/>\n\t<meta property=\"og:image:width\" content=\"2560\" \/>\n\t<meta property=\"og:image:height\" content=\"1713\" \/>\n\t<meta property=\"og:image:type\" content=\"image\/jpeg\" \/>\n<meta name=\"author\" content=\"Portal Incluir\" \/>\n<meta name=\"twitter:card\" content=\"summary_large_image\" \/>\n<meta name=\"twitter:label1\" content=\"Escrito por\" \/>\n\t<meta name=\"twitter:data1\" content=\"Portal Incluir\" \/>\n\t<meta name=\"twitter:label2\" content=\"Est. tempo de leitura\" \/>\n\t<meta name=\"twitter:data2\" content=\"4 minutos\" \/>\n<script type=\"application\/ld+json\" class=\"yoast-schema-graph\">{\"@context\":\"https:\\\/\\\/schema.org\",\"@graph\":[{\"@type\":[\"Article\",\"BlogPosting\"],\"@id\":\"https:\\\/\\\/portalincluir.com.br\\\/index.php\\\/2025\\\/12\\\/26\\\/vozes-que-transformam-inclusao-social-como-direito-nao-como-favor\\\/#article\",\"isPartOf\":{\"@id\":\"https:\\\/\\\/portalincluir.com.br\\\/index.php\\\/2025\\\/12\\\/26\\\/vozes-que-transformam-inclusao-social-como-direito-nao-como-favor\\\/\"},\"author\":{\"name\":\"Portal Incluir\",\"@id\":\"https:\\\/\\\/portalincluir.com.br\\\/#\\\/schema\\\/person\\\/8823664e5902eee555607fb75c4c35ae\"},\"headline\":\"Vozes que transformam: inclus\u00e3o social como direito, n\u00e3o como favor\",\"datePublished\":\"2025-12-27T01:22:57+00:00\",\"dateModified\":\"2025-12-27T01:32:07+00:00\",\"mainEntityOfPage\":{\"@id\":\"https:\\\/\\\/portalincluir.com.br\\\/index.php\\\/2025\\\/12\\\/26\\\/vozes-que-transformam-inclusao-social-como-direito-nao-como-favor\\\/\"},\"wordCount\":785,\"commentCount\":0,\"image\":{\"@id\":\"https:\\\/\\\/portalincluir.com.br\\\/index.php\\\/2025\\\/12\\\/26\\\/vozes-que-transformam-inclusao-social-como-direito-nao-como-favor\\\/#primaryimage\"},\"thumbnailUrl\":\"https:\\\/\\\/portalincluir.com.br\\\/wp-content\\\/uploads\\\/2025\\\/12\\\/241220250233022-scaled.jpg\",\"articleSection\":[\"Autismo\",\"Portal\"],\"inLanguage\":\"pt-BR\",\"potentialAction\":[{\"@type\":\"CommentAction\",\"name\":\"Comment\",\"target\":[\"https:\\\/\\\/portalincluir.com.br\\\/index.php\\\/2025\\\/12\\\/26\\\/vozes-que-transformam-inclusao-social-como-direito-nao-como-favor\\\/#respond\"]}]},{\"@type\":\"WebPage\",\"@id\":\"https:\\\/\\\/portalincluir.com.br\\\/index.php\\\/2025\\\/12\\\/26\\\/vozes-que-transformam-inclusao-social-como-direito-nao-como-favor\\\/\",\"url\":\"https:\\\/\\\/portalincluir.com.br\\\/index.php\\\/2025\\\/12\\\/26\\\/vozes-que-transformam-inclusao-social-como-direito-nao-como-favor\\\/\",\"name\":\"Vozes que transformam: inclus\u00e3o social como direito, n\u00e3o como favor - PORTAL INCLUIR\",\"isPartOf\":{\"@id\":\"https:\\\/\\\/portalincluir.com.br\\\/#website\"},\"primaryImageOfPage\":{\"@id\":\"https:\\\/\\\/portalincluir.com.br\\\/index.php\\\/2025\\\/12\\\/26\\\/vozes-que-transformam-inclusao-social-como-direito-nao-como-favor\\\/#primaryimage\"},\"image\":{\"@id\":\"https:\\\/\\\/portalincluir.com.br\\\/index.php\\\/2025\\\/12\\\/26\\\/vozes-que-transformam-inclusao-social-como-direito-nao-como-favor\\\/#primaryimage\"},\"thumbnailUrl\":\"https:\\\/\\\/portalincluir.com.br\\\/wp-content\\\/uploads\\\/2025\\\/12\\\/241220250233022-scaled.jpg\",\"datePublished\":\"2025-12-27T01:22:57+00:00\",\"dateModified\":\"2025-12-27T01:32:07+00:00\",\"author\":{\"@id\":\"https:\\\/\\\/portalincluir.com.br\\\/#\\\/schema\\\/person\\\/8823664e5902eee555607fb75c4c35ae\"},\"breadcrumb\":{\"@id\":\"https:\\\/\\\/portalincluir.com.br\\\/index.php\\\/2025\\\/12\\\/26\\\/vozes-que-transformam-inclusao-social-como-direito-nao-como-favor\\\/#breadcrumb\"},\"inLanguage\":\"pt-BR\",\"potentialAction\":[{\"@type\":\"ReadAction\",\"target\":[\"https:\\\/\\\/portalincluir.com.br\\\/index.php\\\/2025\\\/12\\\/26\\\/vozes-que-transformam-inclusao-social-como-direito-nao-como-favor\\\/\"]}]},{\"@type\":\"ImageObject\",\"inLanguage\":\"pt-BR\",\"@id\":\"https:\\\/\\\/portalincluir.com.br\\\/index.php\\\/2025\\\/12\\\/26\\\/vozes-que-transformam-inclusao-social-como-direito-nao-como-favor\\\/#primaryimage\",\"url\":\"https:\\\/\\\/portalincluir.com.br\\\/wp-content\\\/uploads\\\/2025\\\/12\\\/241220250233022-scaled.jpg\",\"contentUrl\":\"https:\\\/\\\/portalincluir.com.br\\\/wp-content\\\/uploads\\\/2025\\\/12\\\/241220250233022-scaled.jpg\",\"width\":2560,\"height\":1713},{\"@type\":\"BreadcrumbList\",\"@id\":\"https:\\\/\\\/portalincluir.com.br\\\/index.php\\\/2025\\\/12\\\/26\\\/vozes-que-transformam-inclusao-social-como-direito-nao-como-favor\\\/#breadcrumb\",\"itemListElement\":[{\"@type\":\"ListItem\",\"position\":1,\"name\":\"In\u00edcio\",\"item\":\"https:\\\/\\\/portalincluir.com.br\\\/\"},{\"@type\":\"ListItem\",\"position\":2,\"name\":\"Vozes que transformam: inclus\u00e3o social como direito, n\u00e3o como favor\"}]},{\"@type\":\"WebSite\",\"@id\":\"https:\\\/\\\/portalincluir.com.br\\\/#website\",\"url\":\"https:\\\/\\\/portalincluir.com.br\\\/\",\"name\":\"PORTAL INCLUIR\",\"description\":\"\",\"potentialAction\":[{\"@type\":\"SearchAction\",\"target\":{\"@type\":\"EntryPoint\",\"urlTemplate\":\"https:\\\/\\\/portalincluir.com.br\\\/?s={search_term_string}\"},\"query-input\":{\"@type\":\"PropertyValueSpecification\",\"valueRequired\":true,\"valueName\":\"search_term_string\"}}],\"inLanguage\":\"pt-BR\"},{\"@type\":\"Person\",\"@id\":\"https:\\\/\\\/portalincluir.com.br\\\/#\\\/schema\\\/person\\\/8823664e5902eee555607fb75c4c35ae\",\"name\":\"Portal Incluir\",\"image\":{\"@type\":\"ImageObject\",\"inLanguage\":\"pt-BR\",\"@id\":\"https:\\\/\\\/secure.gravatar.com\\\/avatar\\\/12085fe17e70c3550551519fe1f8f51fae69b1748563a47fc3bea53d91fbcbbd?s=96&d=mm&r=g\",\"url\":\"https:\\\/\\\/secure.gravatar.com\\\/avatar\\\/12085fe17e70c3550551519fe1f8f51fae69b1748563a47fc3bea53d91fbcbbd?s=96&d=mm&r=g\",\"contentUrl\":\"https:\\\/\\\/secure.gravatar.com\\\/avatar\\\/12085fe17e70c3550551519fe1f8f51fae69b1748563a47fc3bea53d91fbcbbd?s=96&d=mm&r=g\",\"caption\":\"Portal Incluir\"},\"sameAs\":[\"http:\\\/\\\/portalincluir.com.br\"],\"url\":\"https:\\\/\\\/portalincluir.com.br\\\/index.php\\\/author\\\/portalincluir-com-br\\\/\"}]}<\/script>\n<!-- \/ Yoast SEO plugin. -->","yoast_head_json":{"title":"Vozes que transformam: inclus\u00e3o social como direito, n\u00e3o como favor - PORTAL INCLUIR","robots":{"index":"index","follow":"follow","max-snippet":"max-snippet:-1","max-image-preview":"max-image-preview:large","max-video-preview":"max-video-preview:-1"},"canonical":"https:\/\/portalincluir.com.br\/index.php\/2025\/12\/26\/vozes-que-transformam-inclusao-social-como-direito-nao-como-favor\/","og_locale":"pt_BR","og_type":"article","og_title":"Vozes que transformam: inclus\u00e3o social como direito, n\u00e3o como favor - PORTAL INCLUIR","og_description":"Ao completar um ano no ar, o programa&nbsp;Inclus\u00e3o em Foco, da Mega R\u00e1dio, reafirmou sua","og_url":"https:\/\/portalincluir.com.br\/index.php\/2025\/12\/26\/vozes-que-transformam-inclusao-social-como-direito-nao-como-favor\/","og_site_name":"PORTAL INCLUIR","article_published_time":"2025-12-27T01:22:57+00:00","article_modified_time":"2025-12-27T01:32:07+00:00","og_image":[{"width":2560,"height":1713,"url":"https:\/\/portalincluir.com.br\/wp-content\/uploads\/2025\/12\/241220250233022-scaled.jpg","type":"image\/jpeg"}],"author":"Portal Incluir","twitter_card":"summary_large_image","twitter_misc":{"Escrito por":"Portal Incluir","Est. tempo de leitura":"4 minutos"},"schema":{"@context":"https:\/\/schema.org","@graph":[{"@type":["Article","BlogPosting"],"@id":"https:\/\/portalincluir.com.br\/index.php\/2025\/12\/26\/vozes-que-transformam-inclusao-social-como-direito-nao-como-favor\/#article","isPartOf":{"@id":"https:\/\/portalincluir.com.br\/index.php\/2025\/12\/26\/vozes-que-transformam-inclusao-social-como-direito-nao-como-favor\/"},"author":{"name":"Portal Incluir","@id":"https:\/\/portalincluir.com.br\/#\/schema\/person\/8823664e5902eee555607fb75c4c35ae"},"headline":"Vozes que transformam: inclus\u00e3o social como direito, n\u00e3o como favor","datePublished":"2025-12-27T01:22:57+00:00","dateModified":"2025-12-27T01:32:07+00:00","mainEntityOfPage":{"@id":"https:\/\/portalincluir.com.br\/index.php\/2025\/12\/26\/vozes-que-transformam-inclusao-social-como-direito-nao-como-favor\/"},"wordCount":785,"commentCount":0,"image":{"@id":"https:\/\/portalincluir.com.br\/index.php\/2025\/12\/26\/vozes-que-transformam-inclusao-social-como-direito-nao-como-favor\/#primaryimage"},"thumbnailUrl":"https:\/\/portalincluir.com.br\/wp-content\/uploads\/2025\/12\/241220250233022-scaled.jpg","articleSection":["Autismo","Portal"],"inLanguage":"pt-BR","potentialAction":[{"@type":"CommentAction","name":"Comment","target":["https:\/\/portalincluir.com.br\/index.php\/2025\/12\/26\/vozes-que-transformam-inclusao-social-como-direito-nao-como-favor\/#respond"]}]},{"@type":"WebPage","@id":"https:\/\/portalincluir.com.br\/index.php\/2025\/12\/26\/vozes-que-transformam-inclusao-social-como-direito-nao-como-favor\/","url":"https:\/\/portalincluir.com.br\/index.php\/2025\/12\/26\/vozes-que-transformam-inclusao-social-como-direito-nao-como-favor\/","name":"Vozes que transformam: inclus\u00e3o social como direito, n\u00e3o como favor - PORTAL INCLUIR","isPartOf":{"@id":"https:\/\/portalincluir.com.br\/#website"},"primaryImageOfPage":{"@id":"https:\/\/portalincluir.com.br\/index.php\/2025\/12\/26\/vozes-que-transformam-inclusao-social-como-direito-nao-como-favor\/#primaryimage"},"image":{"@id":"https:\/\/portalincluir.com.br\/index.php\/2025\/12\/26\/vozes-que-transformam-inclusao-social-como-direito-nao-como-favor\/#primaryimage"},"thumbnailUrl":"https:\/\/portalincluir.com.br\/wp-content\/uploads\/2025\/12\/241220250233022-scaled.jpg","datePublished":"2025-12-27T01:22:57+00:00","dateModified":"2025-12-27T01:32:07+00:00","author":{"@id":"https:\/\/portalincluir.com.br\/#\/schema\/person\/8823664e5902eee555607fb75c4c35ae"},"breadcrumb":{"@id":"https:\/\/portalincluir.com.br\/index.php\/2025\/12\/26\/vozes-que-transformam-inclusao-social-como-direito-nao-como-favor\/#breadcrumb"},"inLanguage":"pt-BR","potentialAction":[{"@type":"ReadAction","target":["https:\/\/portalincluir.com.br\/index.php\/2025\/12\/26\/vozes-que-transformam-inclusao-social-como-direito-nao-como-favor\/"]}]},{"@type":"ImageObject","inLanguage":"pt-BR","@id":"https:\/\/portalincluir.com.br\/index.php\/2025\/12\/26\/vozes-que-transformam-inclusao-social-como-direito-nao-como-favor\/#primaryimage","url":"https:\/\/portalincluir.com.br\/wp-content\/uploads\/2025\/12\/241220250233022-scaled.jpg","contentUrl":"https:\/\/portalincluir.com.br\/wp-content\/uploads\/2025\/12\/241220250233022-scaled.jpg","width":2560,"height":1713},{"@type":"BreadcrumbList","@id":"https:\/\/portalincluir.com.br\/index.php\/2025\/12\/26\/vozes-que-transformam-inclusao-social-como-direito-nao-como-favor\/#breadcrumb","itemListElement":[{"@type":"ListItem","position":1,"name":"In\u00edcio","item":"https:\/\/portalincluir.com.br\/"},{"@type":"ListItem","position":2,"name":"Vozes que transformam: inclus\u00e3o social como direito, n\u00e3o como favor"}]},{"@type":"WebSite","@id":"https:\/\/portalincluir.com.br\/#website","url":"https:\/\/portalincluir.com.br\/","name":"PORTAL INCLUIR","description":"","potentialAction":[{"@type":"SearchAction","target":{"@type":"EntryPoint","urlTemplate":"https:\/\/portalincluir.com.br\/?s={search_term_string}"},"query-input":{"@type":"PropertyValueSpecification","valueRequired":true,"valueName":"search_term_string"}}],"inLanguage":"pt-BR"},{"@type":"Person","@id":"https:\/\/portalincluir.com.br\/#\/schema\/person\/8823664e5902eee555607fb75c4c35ae","name":"Portal Incluir","image":{"@type":"ImageObject","inLanguage":"pt-BR","@id":"https:\/\/secure.gravatar.com\/avatar\/12085fe17e70c3550551519fe1f8f51fae69b1748563a47fc3bea53d91fbcbbd?s=96&d=mm&r=g","url":"https:\/\/secure.gravatar.com\/avatar\/12085fe17e70c3550551519fe1f8f51fae69b1748563a47fc3bea53d91fbcbbd?s=96&d=mm&r=g","contentUrl":"https:\/\/secure.gravatar.com\/avatar\/12085fe17e70c3550551519fe1f8f51fae69b1748563a47fc3bea53d91fbcbbd?s=96&d=mm&r=g","caption":"Portal Incluir"},"sameAs":["http:\/\/portalincluir.com.br"],"url":"https:\/\/portalincluir.com.br\/index.php\/author\/portalincluir-com-br\/"}]}},"_links":{"self":[{"href":"https:\/\/portalincluir.com.br\/index.php\/wp-json\/wp\/v2\/posts\/836","targetHints":{"allow":["GET"]}}],"collection":[{"href":"https:\/\/portalincluir.com.br\/index.php\/wp-json\/wp\/v2\/posts"}],"about":[{"href":"https:\/\/portalincluir.com.br\/index.php\/wp-json\/wp\/v2\/types\/post"}],"author":[{"embeddable":true,"href":"https:\/\/portalincluir.com.br\/index.php\/wp-json\/wp\/v2\/users\/1"}],"replies":[{"embeddable":true,"href":"https:\/\/portalincluir.com.br\/index.php\/wp-json\/wp\/v2\/comments?post=836"}],"version-history":[{"count":1,"href":"https:\/\/portalincluir.com.br\/index.php\/wp-json\/wp\/v2\/posts\/836\/revisions"}],"predecessor-version":[{"id":838,"href":"https:\/\/portalincluir.com.br\/index.php\/wp-json\/wp\/v2\/posts\/836\/revisions\/838"}],"wp:featuredmedia":[{"embeddable":true,"href":"https:\/\/portalincluir.com.br\/index.php\/wp-json\/wp\/v2\/media\/837"}],"wp:attachment":[{"href":"https:\/\/portalincluir.com.br\/index.php\/wp-json\/wp\/v2\/media?parent=836"}],"wp:term":[{"taxonomy":"category","embeddable":true,"href":"https:\/\/portalincluir.com.br\/index.php\/wp-json\/wp\/v2\/categories?post=836"},{"taxonomy":"post_tag","embeddable":true,"href":"https:\/\/portalincluir.com.br\/index.php\/wp-json\/wp\/v2\/tags?post=836"}],"curies":[{"name":"wp","href":"https:\/\/api.w.org\/{rel}","templated":true}]}}