{"id":844,"date":"2025-12-31T01:05:50","date_gmt":"2025-12-31T04:05:50","guid":{"rendered":"https:\/\/portalincluir.com.br\/?p=844"},"modified":"2025-12-31T01:05:51","modified_gmt":"2025-12-31T04:05:51","slug":"educacao-e-seus-desafios-para-uma-reestruturacao-real-e-necessaria-para-a-contemporaneidade","status":"publish","type":"post","link":"https:\/\/portalincluir.com.br\/index.php\/2025\/12\/31\/educacao-e-seus-desafios-para-uma-reestruturacao-real-e-necessaria-para-a-contemporaneidade\/","title":{"rendered":"Educa\u00e7\u00e3o e seus desafios para uma reestrutura\u00e7\u00e3o real e necess\u00e1ria para a contemporaneidade"},"content":{"rendered":"\n<p>Certa vez ouvi de uma grande refer\u00eancia do meio acad\u00eamico que Educa\u00e7\u00e3o exige sangue, suor e l\u00e1grimas daquele que educa e se prop\u00f5e a ser professor. Exige ainda, resili\u00eancia,&nbsp; entrega, empatia e amor. Exige travar batalhas di\u00e1rias que exaurem o professor.<\/p>\n\n\n\n<p>Mas o professor \u00a8raiz\u00a8 e com a verdadeira voca\u00e7\u00e3o, n\u00e3o foge a luta e mesmo envolto em dores e falta de reconhecimento, continua com passos firmes e determinado a mudar a hist\u00f3ria de vida de algu\u00e9m, de fam\u00edlias e de seu pa\u00eds.<\/p>\n\n\n\n<p>Na dor de sua persona (palavra derivada do latim expressa a condi\u00e7\u00e3o ps\u00edquica respons\u00e1vel pela intera\u00e7\u00e3o entre o ser e a comunidade a qual est\u00e1 inserido o indiv\u00edduo, que \u00e9 o foco da discuss\u00e3o; e suas dores, anseios, necessidades), podemos discorrer sobre muitas queixas: baixa remunera\u00e7\u00e3o, falta do reconhecimento, falta de capacita\u00e7\u00e3o, falta de colabora\u00e7\u00e3o, muitas imposi\u00e7\u00f5es vindas daqueles que dirigem as escolas, normativas e legisla\u00e7\u00f5es. Tudo Junto e misturado num universo diverso e bem particular das escolas.<\/p>\n\n\n\n<p>Professor, entendo sua dor, seu cansa\u00e7o e dissabores. Mas seu lugar \u00e9 transformador e nesta contemporaneidade \u00e9 necess\u00e1rio ser inovador, se colocar no papel de coadjuvante para deixar seu aluno florescer em sua ess\u00eancia e a sociedade se renovar.<\/p>\n\n\n\n<p>Independente do lugar, a Educa\u00e7\u00e3o empodera. Capacita\u00e7\u00e3o n\u00e3o pode ser vista apenas como chatice, conte\u00fado, entrega de exig\u00eancias e afazeres para aqueles que devem ensinar e transformar vidas.<\/p>\n\n\n\n<p>A pandemia nos desvendou. Mostrou a import\u00e2ncia da escola para a socializa\u00e7\u00e3o, para a troca de experi\u00eancias,&nbsp; para a forma\u00e7\u00e3o do cidad\u00e3o,&nbsp; a diversidade das salas de aulas e o cansa\u00e7o que muitas vezes se esconde atr\u00e1s&nbsp; de resist\u00eancias \u00e0s mudan\u00e7as,&nbsp; a novos conte\u00fados e capacita\u00e7\u00f5es que podem fazer a diferen\u00e7a na vida de educandos que tamb\u00e9m sofrem com as mazelas sociais e pessoais.<\/p>\n\n\n\n<p>Analisando novamente a persona, em suas diferentes posi\u00e7\u00f5es, detectamos dores diversas no contexto escolar: das fam\u00edlias, dos professores e dos alunos. Cada um buscando dentro da grande diversidade do ambiente escolar, sobreviver e se reestruturar em um cen\u00e1rio de calamidade e desconstru\u00e7\u00e3o que a pandemia agravou, mas que j\u00e1 estava clamando por mudan\u00e7as e reestrutura\u00e7\u00f5es.<\/p>\n\n\n\n<p>Este aluno e professor da Contemporaneidade t\u00eam pap\u00e9is semelhantes de protagonismo, uma vez que ambos est\u00e3o reaprendendo condi\u00e7\u00f5es novas e estrat\u00e9gias para aprender e ensinar, e isto est\u00e1 ocorrendo mutuamente. Na escola todos aprendem o tempo todo. E o tempo todo precisam estar abertos a mudan\u00e7as e a ajudas. O protagonista \u00e9 aquele que aprende.<\/p>\n\n\n\n<p>Ouvi tamb\u00e9m de professores e colegas pesquisadores, que agora na escola todos querem interferir no ambiente educacional, muitos palpites, muitas contribui\u00e7\u00f5es. Tem o m\u00e9dico, o fonoaudi\u00f3logo, o psic\u00f3logo, o psicopedagogo, o assistente social. Mas onde fica o lugar e as aspira\u00e7\u00f5es do professor? Reafirmo que hoje \u00e9 necess\u00e1ria a reformula\u00e7\u00e3o e uni\u00e3o entre Sa\u00fade e Educa\u00e7\u00e3o. Os espa\u00e7os e demandas mudaram com a pandemia e com os avan\u00e7os tecnol\u00f3gicos.<\/p>\n\n\n\n<p>\u00c9 urgente o entendimento que \u00e9 preciso ressignificar o processo; sair do lugar e da soberba de saber tudo e ser aquele \u00fanico agente que ensina.&nbsp; Ainda se utiliza t\u00e9cnicas pouco atrativas, conteudistas e engessadas nas escolas contempor\u00e2neas para alunos que dominam as ferramentas digitais e est\u00e3o expostos \u00e0s tecnologias e informa\u00e7\u00f5es em tempo real. E educar, \u00e9 ir al\u00e9m.&nbsp; Ir al\u00e9m das p\u00e1ginas dos livros, dos muros da escola, \u00e9 empoderar o outro de conhecimento, torn\u00e1-lo emp\u00e1tico e colaborador, inovador e engajado nas novas pr\u00e1ticas pedag\u00f3gicas a serem desenvolvidas.<\/p>\n\n\n\n<p>As compet\u00eancias do s\u00e9culos XXI, precisam ser a base para que estas pr\u00e1ticas pedag\u00f3gicas se reestruturem e sejam o diferencial entre o mesmo e o novo.<\/p>\n\n\n\n<p>Somos todos contempor\u00e2neos, mas n\u00e3o vivemos est\u00e1 contemporaneidade da mesma maneira e com os mesmos direitos como nos assegura a constitui\u00e7\u00e3o. A realidade e a exclus\u00e3o social ainda s\u00e3o cicatrizes que mostram que o Brasil, ainda insiste em manter o passado hist\u00f3rico de injusti\u00e7as sociais, racismo e desigualdades vivo em nossa sociedade.<\/p>\n\n\n\n<p>As neuroci\u00eancias j\u00e1 comprovaram que s\u00f3 aprende aquele que \u00e9 estimulado por conte\u00fado significativo e afetivo, e que esses jamais ser\u00e3o esquecidos. A hierarquia do falo e voc\u00ea escuta, do faz como eu mando, do faz igual a todo mundo, castra a criatividade do aluno e o afasta da escola e de tudo que diz respeito \u00e0 aprendizagem. Isto precisa ser ressignificado e modificado.<\/p>\n\n\n\n<p>\u00c9 poss\u00edvel ministrar o extenso curr\u00edculo e denso conte\u00fado de forma prazerosa para seus alunos. Por uma quest\u00e3o mercadol\u00f3gica, as escolas conteudistas s\u00e3o preferidas em detrimento \u00e0s inovadoras. Precisamos entender e fazer os pais, professores e alunos entenderem que as exig\u00eancias do novo mercado de trabalho est\u00e3o em constante transforma\u00e7\u00e3o.&nbsp; E a escola que eles aprenderam, estudaram e se formaram n\u00e3o \u00e9 mais a que a contemporaneidade precisa e que se reestruturar faz parte do processo nesta contemporaneidade.<\/p>\n\n\n\n<p>E vamos juntos nesse movimento de valoriza\u00e7\u00e3o da Educa\u00e7\u00e3o, da Educa\u00e7\u00e3o Infantil, da educa\u00e7\u00e3o de PcD, do protagonismo daquele que aprende e de capacita\u00e7\u00e3o e suporte tanto financeiro quanto emocional para os nossos queridos professores.<\/p>\n\n\n\n<p>Por <strong>Luciana Cordeiro Felipetto<\/strong>, Fonoaudi\u00f3loga educacional. Mestre em Ci\u00eancias da Educa\u00e7\u00e3o. Especialista em psicopedagogia, palestrante nacional e internacional. Escritora do livro \u201cA descoberta do mundo das letras\u201d, pela WakEditora<\/p>\n","protected":false},"excerpt":{"rendered":"<p>Certa vez ouvi de uma grande refer\u00eancia do meio acad\u00eamico que Educa\u00e7\u00e3o exige sangue, suor<\/p>\n","protected":false},"author":1,"featured_media":845,"comment_status":"open","ping_status":"open","sticky":false,"template":"","format":"standard","meta":{"om_disable_all_campaigns":false,"_monsterinsights_skip_tracking":false,"_monsterinsights_sitenote_active":false,"_monsterinsights_sitenote_note":"","_monsterinsights_sitenote_category":0,"_uf_show_specific_survey":0,"_uf_disable_surveys":false,"footnotes":""},"categories":[21],"tags":[],"class_list":["post-844","post","type-post","status-publish","format-standard","has-post-thumbnail","hentry","category-opiniao"],"yoast_head":"<!-- This site is optimized with the Yoast SEO plugin v27.4 - https:\/\/yoast.com\/product\/yoast-seo-wordpress\/ -->\n<title>Educa\u00e7\u00e3o e seus desafios para uma reestrutura\u00e7\u00e3o real e necess\u00e1ria para a contemporaneidade - PORTAL INCLUIR<\/title>\n<meta name=\"robots\" content=\"index, follow, max-snippet:-1, max-image-preview:large, max-video-preview:-1\" \/>\n<link rel=\"canonical\" href=\"https:\/\/portalincluir.com.br\/index.php\/2025\/12\/31\/educacao-e-seus-desafios-para-uma-reestruturacao-real-e-necessaria-para-a-contemporaneidade\/\" \/>\n<meta property=\"og:locale\" content=\"pt_BR\" \/>\n<meta property=\"og:type\" content=\"article\" \/>\n<meta property=\"og:title\" content=\"Educa\u00e7\u00e3o e seus desafios para uma reestrutura\u00e7\u00e3o real e necess\u00e1ria para a contemporaneidade - PORTAL INCLUIR\" \/>\n<meta property=\"og:description\" content=\"Certa vez ouvi de uma grande refer\u00eancia do meio acad\u00eamico que Educa\u00e7\u00e3o exige sangue, suor\" \/>\n<meta property=\"og:url\" content=\"https:\/\/portalincluir.com.br\/index.php\/2025\/12\/31\/educacao-e-seus-desafios-para-uma-reestruturacao-real-e-necessaria-para-a-contemporaneidade\/\" \/>\n<meta property=\"og:site_name\" content=\"PORTAL INCLUIR\" \/>\n<meta property=\"article:published_time\" content=\"2025-12-31T04:05:50+00:00\" \/>\n<meta property=\"article:modified_time\" content=\"2025-12-31T04:05:51+00:00\" \/>\n<meta property=\"og:image\" content=\"https:\/\/portalincluir.com.br\/wp-content\/uploads\/2025\/12\/images-e1767153922130.jpeg\" \/>\n\t<meta property=\"og:image:width\" content=\"225\" \/>\n\t<meta property=\"og:image:height\" content=\"169\" \/>\n\t<meta property=\"og:image:type\" content=\"image\/jpeg\" \/>\n<meta name=\"author\" content=\"Portal Incluir\" \/>\n<meta name=\"twitter:card\" content=\"summary_large_image\" \/>\n<meta name=\"twitter:label1\" content=\"Escrito por\" \/>\n\t<meta name=\"twitter:data1\" content=\"Portal Incluir\" \/>\n\t<meta name=\"twitter:label2\" content=\"Est. tempo de leitura\" \/>\n\t<meta name=\"twitter:data2\" content=\"5 minutos\" \/>\n<script type=\"application\/ld+json\" class=\"yoast-schema-graph\">{\"@context\":\"https:\\\/\\\/schema.org\",\"@graph\":[{\"@type\":[\"Article\",\"BlogPosting\"],\"@id\":\"https:\\\/\\\/portalincluir.com.br\\\/index.php\\\/2025\\\/12\\\/31\\\/educacao-e-seus-desafios-para-uma-reestruturacao-real-e-necessaria-para-a-contemporaneidade\\\/#article\",\"isPartOf\":{\"@id\":\"https:\\\/\\\/portalincluir.com.br\\\/index.php\\\/2025\\\/12\\\/31\\\/educacao-e-seus-desafios-para-uma-reestruturacao-real-e-necessaria-para-a-contemporaneidade\\\/\"},\"author\":{\"name\":\"Portal Incluir\",\"@id\":\"https:\\\/\\\/portalincluir.com.br\\\/#\\\/schema\\\/person\\\/8823664e5902eee555607fb75c4c35ae\"},\"headline\":\"Educa\u00e7\u00e3o e seus desafios para uma reestrutura\u00e7\u00e3o real e necess\u00e1ria para a contemporaneidade\",\"datePublished\":\"2025-12-31T04:05:50+00:00\",\"dateModified\":\"2025-12-31T04:05:51+00:00\",\"mainEntityOfPage\":{\"@id\":\"https:\\\/\\\/portalincluir.com.br\\\/index.php\\\/2025\\\/12\\\/31\\\/educacao-e-seus-desafios-para-uma-reestruturacao-real-e-necessaria-para-a-contemporaneidade\\\/\"},\"wordCount\":970,\"commentCount\":0,\"image\":{\"@id\":\"https:\\\/\\\/portalincluir.com.br\\\/index.php\\\/2025\\\/12\\\/31\\\/educacao-e-seus-desafios-para-uma-reestruturacao-real-e-necessaria-para-a-contemporaneidade\\\/#primaryimage\"},\"thumbnailUrl\":\"https:\\\/\\\/portalincluir.com.br\\\/wp-content\\\/uploads\\\/2025\\\/12\\\/images-e1767153922130.jpeg\",\"articleSection\":[\"Opini\u00e3o\"],\"inLanguage\":\"pt-BR\",\"potentialAction\":[{\"@type\":\"CommentAction\",\"name\":\"Comment\",\"target\":[\"https:\\\/\\\/portalincluir.com.br\\\/index.php\\\/2025\\\/12\\\/31\\\/educacao-e-seus-desafios-para-uma-reestruturacao-real-e-necessaria-para-a-contemporaneidade\\\/#respond\"]}]},{\"@type\":\"WebPage\",\"@id\":\"https:\\\/\\\/portalincluir.com.br\\\/index.php\\\/2025\\\/12\\\/31\\\/educacao-e-seus-desafios-para-uma-reestruturacao-real-e-necessaria-para-a-contemporaneidade\\\/\",\"url\":\"https:\\\/\\\/portalincluir.com.br\\\/index.php\\\/2025\\\/12\\\/31\\\/educacao-e-seus-desafios-para-uma-reestruturacao-real-e-necessaria-para-a-contemporaneidade\\\/\",\"name\":\"Educa\u00e7\u00e3o e seus desafios para uma reestrutura\u00e7\u00e3o real e necess\u00e1ria para a contemporaneidade - PORTAL INCLUIR\",\"isPartOf\":{\"@id\":\"https:\\\/\\\/portalincluir.com.br\\\/#website\"},\"primaryImageOfPage\":{\"@id\":\"https:\\\/\\\/portalincluir.com.br\\\/index.php\\\/2025\\\/12\\\/31\\\/educacao-e-seus-desafios-para-uma-reestruturacao-real-e-necessaria-para-a-contemporaneidade\\\/#primaryimage\"},\"image\":{\"@id\":\"https:\\\/\\\/portalincluir.com.br\\\/index.php\\\/2025\\\/12\\\/31\\\/educacao-e-seus-desafios-para-uma-reestruturacao-real-e-necessaria-para-a-contemporaneidade\\\/#primaryimage\"},\"thumbnailUrl\":\"https:\\\/\\\/portalincluir.com.br\\\/wp-content\\\/uploads\\\/2025\\\/12\\\/images-e1767153922130.jpeg\",\"datePublished\":\"2025-12-31T04:05:50+00:00\",\"dateModified\":\"2025-12-31T04:05:51+00:00\",\"author\":{\"@id\":\"https:\\\/\\\/portalincluir.com.br\\\/#\\\/schema\\\/person\\\/8823664e5902eee555607fb75c4c35ae\"},\"breadcrumb\":{\"@id\":\"https:\\\/\\\/portalincluir.com.br\\\/index.php\\\/2025\\\/12\\\/31\\\/educacao-e-seus-desafios-para-uma-reestruturacao-real-e-necessaria-para-a-contemporaneidade\\\/#breadcrumb\"},\"inLanguage\":\"pt-BR\",\"potentialAction\":[{\"@type\":\"ReadAction\",\"target\":[\"https:\\\/\\\/portalincluir.com.br\\\/index.php\\\/2025\\\/12\\\/31\\\/educacao-e-seus-desafios-para-uma-reestruturacao-real-e-necessaria-para-a-contemporaneidade\\\/\"]}]},{\"@type\":\"ImageObject\",\"inLanguage\":\"pt-BR\",\"@id\":\"https:\\\/\\\/portalincluir.com.br\\\/index.php\\\/2025\\\/12\\\/31\\\/educacao-e-seus-desafios-para-uma-reestruturacao-real-e-necessaria-para-a-contemporaneidade\\\/#primaryimage\",\"url\":\"https:\\\/\\\/portalincluir.com.br\\\/wp-content\\\/uploads\\\/2025\\\/12\\\/images-e1767153922130.jpeg\",\"contentUrl\":\"https:\\\/\\\/portalincluir.com.br\\\/wp-content\\\/uploads\\\/2025\\\/12\\\/images-e1767153922130.jpeg\",\"width\":225,\"height\":169},{\"@type\":\"BreadcrumbList\",\"@id\":\"https:\\\/\\\/portalincluir.com.br\\\/index.php\\\/2025\\\/12\\\/31\\\/educacao-e-seus-desafios-para-uma-reestruturacao-real-e-necessaria-para-a-contemporaneidade\\\/#breadcrumb\",\"itemListElement\":[{\"@type\":\"ListItem\",\"position\":1,\"name\":\"In\u00edcio\",\"item\":\"https:\\\/\\\/portalincluir.com.br\\\/\"},{\"@type\":\"ListItem\",\"position\":2,\"name\":\"Educa\u00e7\u00e3o e seus desafios para uma reestrutura\u00e7\u00e3o real e necess\u00e1ria para a contemporaneidade\"}]},{\"@type\":\"WebSite\",\"@id\":\"https:\\\/\\\/portalincluir.com.br\\\/#website\",\"url\":\"https:\\\/\\\/portalincluir.com.br\\\/\",\"name\":\"PORTAL INCLUIR\",\"description\":\"\",\"potentialAction\":[{\"@type\":\"SearchAction\",\"target\":{\"@type\":\"EntryPoint\",\"urlTemplate\":\"https:\\\/\\\/portalincluir.com.br\\\/?s={search_term_string}\"},\"query-input\":{\"@type\":\"PropertyValueSpecification\",\"valueRequired\":true,\"valueName\":\"search_term_string\"}}],\"inLanguage\":\"pt-BR\"},{\"@type\":\"Person\",\"@id\":\"https:\\\/\\\/portalincluir.com.br\\\/#\\\/schema\\\/person\\\/8823664e5902eee555607fb75c4c35ae\",\"name\":\"Portal Incluir\",\"image\":{\"@type\":\"ImageObject\",\"inLanguage\":\"pt-BR\",\"@id\":\"https:\\\/\\\/secure.gravatar.com\\\/avatar\\\/12085fe17e70c3550551519fe1f8f51fae69b1748563a47fc3bea53d91fbcbbd?s=96&d=mm&r=g\",\"url\":\"https:\\\/\\\/secure.gravatar.com\\\/avatar\\\/12085fe17e70c3550551519fe1f8f51fae69b1748563a47fc3bea53d91fbcbbd?s=96&d=mm&r=g\",\"contentUrl\":\"https:\\\/\\\/secure.gravatar.com\\\/avatar\\\/12085fe17e70c3550551519fe1f8f51fae69b1748563a47fc3bea53d91fbcbbd?s=96&d=mm&r=g\",\"caption\":\"Portal Incluir\"},\"sameAs\":[\"http:\\\/\\\/portalincluir.com.br\"],\"url\":\"https:\\\/\\\/portalincluir.com.br\\\/index.php\\\/author\\\/portalincluir-com-br\\\/\"}]}<\/script>\n<!-- \/ Yoast SEO plugin. -->","yoast_head_json":{"title":"Educa\u00e7\u00e3o e seus desafios para uma reestrutura\u00e7\u00e3o real e necess\u00e1ria para a contemporaneidade - PORTAL INCLUIR","robots":{"index":"index","follow":"follow","max-snippet":"max-snippet:-1","max-image-preview":"max-image-preview:large","max-video-preview":"max-video-preview:-1"},"canonical":"https:\/\/portalincluir.com.br\/index.php\/2025\/12\/31\/educacao-e-seus-desafios-para-uma-reestruturacao-real-e-necessaria-para-a-contemporaneidade\/","og_locale":"pt_BR","og_type":"article","og_title":"Educa\u00e7\u00e3o e seus desafios para uma reestrutura\u00e7\u00e3o real e necess\u00e1ria para a contemporaneidade - PORTAL INCLUIR","og_description":"Certa vez ouvi de uma grande refer\u00eancia do meio acad\u00eamico que Educa\u00e7\u00e3o exige sangue, suor","og_url":"https:\/\/portalincluir.com.br\/index.php\/2025\/12\/31\/educacao-e-seus-desafios-para-uma-reestruturacao-real-e-necessaria-para-a-contemporaneidade\/","og_site_name":"PORTAL INCLUIR","article_published_time":"2025-12-31T04:05:50+00:00","article_modified_time":"2025-12-31T04:05:51+00:00","og_image":[{"width":225,"height":169,"url":"https:\/\/portalincluir.com.br\/wp-content\/uploads\/2025\/12\/images-e1767153922130.jpeg","type":"image\/jpeg"}],"author":"Portal Incluir","twitter_card":"summary_large_image","twitter_misc":{"Escrito por":"Portal Incluir","Est. tempo de leitura":"5 minutos"},"schema":{"@context":"https:\/\/schema.org","@graph":[{"@type":["Article","BlogPosting"],"@id":"https:\/\/portalincluir.com.br\/index.php\/2025\/12\/31\/educacao-e-seus-desafios-para-uma-reestruturacao-real-e-necessaria-para-a-contemporaneidade\/#article","isPartOf":{"@id":"https:\/\/portalincluir.com.br\/index.php\/2025\/12\/31\/educacao-e-seus-desafios-para-uma-reestruturacao-real-e-necessaria-para-a-contemporaneidade\/"},"author":{"name":"Portal Incluir","@id":"https:\/\/portalincluir.com.br\/#\/schema\/person\/8823664e5902eee555607fb75c4c35ae"},"headline":"Educa\u00e7\u00e3o e seus desafios para uma reestrutura\u00e7\u00e3o real e necess\u00e1ria para a contemporaneidade","datePublished":"2025-12-31T04:05:50+00:00","dateModified":"2025-12-31T04:05:51+00:00","mainEntityOfPage":{"@id":"https:\/\/portalincluir.com.br\/index.php\/2025\/12\/31\/educacao-e-seus-desafios-para-uma-reestruturacao-real-e-necessaria-para-a-contemporaneidade\/"},"wordCount":970,"commentCount":0,"image":{"@id":"https:\/\/portalincluir.com.br\/index.php\/2025\/12\/31\/educacao-e-seus-desafios-para-uma-reestruturacao-real-e-necessaria-para-a-contemporaneidade\/#primaryimage"},"thumbnailUrl":"https:\/\/portalincluir.com.br\/wp-content\/uploads\/2025\/12\/images-e1767153922130.jpeg","articleSection":["Opini\u00e3o"],"inLanguage":"pt-BR","potentialAction":[{"@type":"CommentAction","name":"Comment","target":["https:\/\/portalincluir.com.br\/index.php\/2025\/12\/31\/educacao-e-seus-desafios-para-uma-reestruturacao-real-e-necessaria-para-a-contemporaneidade\/#respond"]}]},{"@type":"WebPage","@id":"https:\/\/portalincluir.com.br\/index.php\/2025\/12\/31\/educacao-e-seus-desafios-para-uma-reestruturacao-real-e-necessaria-para-a-contemporaneidade\/","url":"https:\/\/portalincluir.com.br\/index.php\/2025\/12\/31\/educacao-e-seus-desafios-para-uma-reestruturacao-real-e-necessaria-para-a-contemporaneidade\/","name":"Educa\u00e7\u00e3o e seus desafios para uma reestrutura\u00e7\u00e3o real e necess\u00e1ria para a contemporaneidade - PORTAL INCLUIR","isPartOf":{"@id":"https:\/\/portalincluir.com.br\/#website"},"primaryImageOfPage":{"@id":"https:\/\/portalincluir.com.br\/index.php\/2025\/12\/31\/educacao-e-seus-desafios-para-uma-reestruturacao-real-e-necessaria-para-a-contemporaneidade\/#primaryimage"},"image":{"@id":"https:\/\/portalincluir.com.br\/index.php\/2025\/12\/31\/educacao-e-seus-desafios-para-uma-reestruturacao-real-e-necessaria-para-a-contemporaneidade\/#primaryimage"},"thumbnailUrl":"https:\/\/portalincluir.com.br\/wp-content\/uploads\/2025\/12\/images-e1767153922130.jpeg","datePublished":"2025-12-31T04:05:50+00:00","dateModified":"2025-12-31T04:05:51+00:00","author":{"@id":"https:\/\/portalincluir.com.br\/#\/schema\/person\/8823664e5902eee555607fb75c4c35ae"},"breadcrumb":{"@id":"https:\/\/portalincluir.com.br\/index.php\/2025\/12\/31\/educacao-e-seus-desafios-para-uma-reestruturacao-real-e-necessaria-para-a-contemporaneidade\/#breadcrumb"},"inLanguage":"pt-BR","potentialAction":[{"@type":"ReadAction","target":["https:\/\/portalincluir.com.br\/index.php\/2025\/12\/31\/educacao-e-seus-desafios-para-uma-reestruturacao-real-e-necessaria-para-a-contemporaneidade\/"]}]},{"@type":"ImageObject","inLanguage":"pt-BR","@id":"https:\/\/portalincluir.com.br\/index.php\/2025\/12\/31\/educacao-e-seus-desafios-para-uma-reestruturacao-real-e-necessaria-para-a-contemporaneidade\/#primaryimage","url":"https:\/\/portalincluir.com.br\/wp-content\/uploads\/2025\/12\/images-e1767153922130.jpeg","contentUrl":"https:\/\/portalincluir.com.br\/wp-content\/uploads\/2025\/12\/images-e1767153922130.jpeg","width":225,"height":169},{"@type":"BreadcrumbList","@id":"https:\/\/portalincluir.com.br\/index.php\/2025\/12\/31\/educacao-e-seus-desafios-para-uma-reestruturacao-real-e-necessaria-para-a-contemporaneidade\/#breadcrumb","itemListElement":[{"@type":"ListItem","position":1,"name":"In\u00edcio","item":"https:\/\/portalincluir.com.br\/"},{"@type":"ListItem","position":2,"name":"Educa\u00e7\u00e3o e seus desafios para uma reestrutura\u00e7\u00e3o real e necess\u00e1ria para a contemporaneidade"}]},{"@type":"WebSite","@id":"https:\/\/portalincluir.com.br\/#website","url":"https:\/\/portalincluir.com.br\/","name":"PORTAL INCLUIR","description":"","potentialAction":[{"@type":"SearchAction","target":{"@type":"EntryPoint","urlTemplate":"https:\/\/portalincluir.com.br\/?s={search_term_string}"},"query-input":{"@type":"PropertyValueSpecification","valueRequired":true,"valueName":"search_term_string"}}],"inLanguage":"pt-BR"},{"@type":"Person","@id":"https:\/\/portalincluir.com.br\/#\/schema\/person\/8823664e5902eee555607fb75c4c35ae","name":"Portal Incluir","image":{"@type":"ImageObject","inLanguage":"pt-BR","@id":"https:\/\/secure.gravatar.com\/avatar\/12085fe17e70c3550551519fe1f8f51fae69b1748563a47fc3bea53d91fbcbbd?s=96&d=mm&r=g","url":"https:\/\/secure.gravatar.com\/avatar\/12085fe17e70c3550551519fe1f8f51fae69b1748563a47fc3bea53d91fbcbbd?s=96&d=mm&r=g","contentUrl":"https:\/\/secure.gravatar.com\/avatar\/12085fe17e70c3550551519fe1f8f51fae69b1748563a47fc3bea53d91fbcbbd?s=96&d=mm&r=g","caption":"Portal Incluir"},"sameAs":["http:\/\/portalincluir.com.br"],"url":"https:\/\/portalincluir.com.br\/index.php\/author\/portalincluir-com-br\/"}]}},"_links":{"self":[{"href":"https:\/\/portalincluir.com.br\/index.php\/wp-json\/wp\/v2\/posts\/844","targetHints":{"allow":["GET"]}}],"collection":[{"href":"https:\/\/portalincluir.com.br\/index.php\/wp-json\/wp\/v2\/posts"}],"about":[{"href":"https:\/\/portalincluir.com.br\/index.php\/wp-json\/wp\/v2\/types\/post"}],"author":[{"embeddable":true,"href":"https:\/\/portalincluir.com.br\/index.php\/wp-json\/wp\/v2\/users\/1"}],"replies":[{"embeddable":true,"href":"https:\/\/portalincluir.com.br\/index.php\/wp-json\/wp\/v2\/comments?post=844"}],"version-history":[{"count":1,"href":"https:\/\/portalincluir.com.br\/index.php\/wp-json\/wp\/v2\/posts\/844\/revisions"}],"predecessor-version":[{"id":846,"href":"https:\/\/portalincluir.com.br\/index.php\/wp-json\/wp\/v2\/posts\/844\/revisions\/846"}],"wp:featuredmedia":[{"embeddable":true,"href":"https:\/\/portalincluir.com.br\/index.php\/wp-json\/wp\/v2\/media\/845"}],"wp:attachment":[{"href":"https:\/\/portalincluir.com.br\/index.php\/wp-json\/wp\/v2\/media?parent=844"}],"wp:term":[{"taxonomy":"category","embeddable":true,"href":"https:\/\/portalincluir.com.br\/index.php\/wp-json\/wp\/v2\/categories?post=844"},{"taxonomy":"post_tag","embeddable":true,"href":"https:\/\/portalincluir.com.br\/index.php\/wp-json\/wp\/v2\/tags?post=844"}],"curies":[{"name":"wp","href":"https:\/\/api.w.org\/{rel}","templated":true}]}}