{"id":847,"date":"2026-01-06T22:54:38","date_gmt":"2026-01-07T01:54:38","guid":{"rendered":"https:\/\/portalincluir.com.br\/?p=847"},"modified":"2026-01-07T00:01:57","modified_gmt":"2026-01-07T03:01:57","slug":"comeca-a-temporada-2-do-programa-inclusao-em-foco","status":"publish","type":"post","link":"https:\/\/portalincluir.com.br\/index.php\/2026\/01\/06\/comeca-a-temporada-2-do-programa-inclusao-em-foco\/","title":{"rendered":"Come\u00e7a a temporada 2 do programa INCLUS\u00c3O EM FOCO"},"content":{"rendered":"\n<p>Come\u00e7a nesta quartra-feira, 7.1, \u00e0s 9h na Mega R\u00e1dio de Vit\u00f3ria da Conquista a temporada 2026 do programa <strong>INCLUS\u00c3O EM FOCO<\/strong>, produzido pelo Portal Incluir e apresentado pelo radialista J\u00fanior Patente, profissional com mais de quatro d\u00e9cadas de atua\u00e7\u00e3o em r\u00e1dio, jornal, TV, assessoria de comunica\u00e7\u00e3o e internet.<a href=\"https:\/\/quilombodosopapo.redelivre.org.br\/files\/2015\/09\/Roteiro-para-R%C3%A1dio.pdf\" target=\"_blank\" rel=\"noreferrer noopener\"><\/a>\u200b<\/p>\n\n\n\n<figure class=\"wp-block-image alignright size-large is-resized\"><img loading=\"lazy\" decoding=\"async\" width=\"869\" height=\"869\" src=\"https:\/\/portalincluir.com.br\/wp-content\/uploads\/2026\/01\/executive-edited.jpg\" alt=\"\" class=\"wp-image-850\" style=\"width:207px;height:auto\" srcset=\"https:\/\/portalincluir.com.br\/wp-content\/uploads\/2026\/01\/executive-edited.jpg 869w, https:\/\/portalincluir.com.br\/wp-content\/uploads\/2026\/01\/executive-edited-300x300.jpg 300w, https:\/\/portalincluir.com.br\/wp-content\/uploads\/2026\/01\/executive-edited-150x150.jpg 150w, https:\/\/portalincluir.com.br\/wp-content\/uploads\/2026\/01\/executive-edited-768x768.jpg 768w\" sizes=\"auto, (max-width: 869px) 100vw, 869px\" \/><\/figure>\n\n\n\n<p>Com 60 minutos semanais, o programa leva ao ar informa\u00e7\u00e3o, debates sobre direitos, hist\u00f3rias inspiradoras e conte\u00fado voltado \u00e0 luta por uma sociedade em que todas as pessoas tenham seus direitos plenamente respeitados.<a rel=\"noreferrer noopener\" target=\"_blank\" href=\"https:\/\/jornal.unesp.br\/2022\/09\/21\/inclusao-e-a-participacao-efetiva-de-todas-as-pessoas\/\"><\/a>\u200b<\/p>\n\n\n\n<p>A nova temporada do Inclus\u00e3o em Foco convida o p\u00fablico a um ano de troca de experi\u00eancias, acesso \u00e0 informa\u00e7\u00e3o de qualidade e esperan\u00e7a em boas not\u00edcias na \u00e1rea da inclus\u00e3o, com patroc\u00ednio de&nbsp;<strong>Granolas Tia S\u00f4nia<\/strong>, a mais saborosa e saud\u00e1vel do Brasil.<\/p>\n\n\n\n<p>Al\u00e9m da apresenta\u00e7\u00e3o ao vivo \u00e0s 9h, o programa \u00e9 reprisado \u00e0s 17h e fica dispon\u00edvel no <a href=\"https:\/\/open.spotify.com\/show\/5HfPInzWYJVlczPpKtW5zA?si=374da472d03a4353\">Spotify<\/a>.<\/p>\n\n\n\n<p>Convido voc\u00ea a ouvir e compartilhar. Nosso programa \u00e9 transmitido ao vivo pela Mega R\u00e1dio Vca, no endere\u00e7o www.megaradiovca.com.br ou em nosso App, disponivel em sua loja de aplicativos (Android e iPhone) Confira os links abaixo: <\/p>\n\n\n\n<p><a href=\"https:\/\/www.youtube.com\/redirect?event=video_description&amp;redir_token=QUFFLUhqbHlIWjQ2WmVqaThDY203ZnF2bG9kNmg4QkVOZ3xBQ3Jtc0ttdk5peWh1Nk1iLXZPNHNTSXNkNTZpYk55S1Y5Q19Lb2k0U0ZPTmFIV0xkTVQ0NHlLSTVQZkZZSktmZWU1alJ4dWxXRW55R1ZoWERlRld3YkNCLWozemVBeDNsUWRrUk54eDZiWGRRcWxJdnA4N2d0QQ&amp;q=https%3A%2F%2Fplay.google.com%2Fstore%2Fapps%2Fdetails%3Fid%3Dbr.com.portalradios.megaradio&amp;v=RcEhPMNPjT0\" target=\"_blank\" rel=\"noreferrer noopener\">Android<\/a><\/p>\n\n\n\n<p><a href=\"https:\/\/www.youtube.com\/redirect?event=video_description&amp;redir_token=QUFFLUhqa0dFbEVXdHNVZS1TSFVjdndFdy1PNEx6dFZKUXxBQ3Jtc0tuNC1FVG1VWGs5Y0M2cFpLUDd2UnV1RW1sV2RvQm95SkhlbHZvaEtsbkpscWVMWE9felcyY2VDOGp6OExReWlSLWN1VGVJdWJYMkU0SThDMU9jU1BRb0RwRF9hY2VQdWRrQjdGek9KWTVpRGVnV29hNA&amp;q=https%3A%2F%2Fapps.apple.com%2Fus%2Fapp%2Fmega-r%25C3%25A1dio-vca%2Fid6478536752&amp;v=RcEhPMNPjT0\" target=\"_blank\" rel=\"noreferrer noopener\">iPhone<\/a><\/p>\n\n\n\n<p><\/p>\n","protected":false},"excerpt":{"rendered":"<p>Come\u00e7a nesta quartra-feira, 7.1, \u00e0s 9h na Mega R\u00e1dio de Vit\u00f3ria da Conquista a temporada<\/p>\n","protected":false},"author":1,"featured_media":848,"comment_status":"open","ping_status":"open","sticky":false,"template":"","format":"standard","meta":{"om_disable_all_campaigns":false,"_monsterinsights_skip_tracking":false,"_monsterinsights_sitenote_active":false,"_monsterinsights_sitenote_note":"","_monsterinsights_sitenote_category":0,"_uf_show_specific_survey":0,"_uf_disable_surveys":false,"footnotes":""},"categories":[13,1],"tags":[],"class_list":["post-847","post","type-post","status-publish","format-standard","has-post-thumbnail","hentry","category-podcast","category-portal"],"yoast_head":"<!-- This site is optimized with the Yoast SEO plugin v27.4 - https:\/\/yoast.com\/product\/yoast-seo-wordpress\/ -->\n<title>Come\u00e7a a temporada 2 do programa INCLUS\u00c3O EM FOCO - PORTAL INCLUIR<\/title>\n<meta name=\"robots\" content=\"index, follow, max-snippet:-1, max-image-preview:large, max-video-preview:-1\" \/>\n<link rel=\"canonical\" href=\"https:\/\/portalincluir.com.br\/index.php\/2026\/01\/06\/comeca-a-temporada-2-do-programa-inclusao-em-foco\/\" \/>\n<meta property=\"og:locale\" content=\"pt_BR\" \/>\n<meta property=\"og:type\" content=\"article\" \/>\n<meta property=\"og:title\" content=\"Come\u00e7a a temporada 2 do programa INCLUS\u00c3O EM FOCO - PORTAL INCLUIR\" \/>\n<meta property=\"og:description\" content=\"Come\u00e7a nesta quartra-feira, 7.1, \u00e0s 9h na Mega R\u00e1dio de Vit\u00f3ria da Conquista a temporada\" \/>\n<meta property=\"og:url\" content=\"https:\/\/portalincluir.com.br\/index.php\/2026\/01\/06\/comeca-a-temporada-2-do-programa-inclusao-em-foco\/\" \/>\n<meta property=\"og:site_name\" content=\"PORTAL INCLUIR\" \/>\n<meta property=\"article:published_time\" content=\"2026-01-07T01:54:38+00:00\" \/>\n<meta property=\"article:modified_time\" content=\"2026-01-07T03:01:57+00:00\" \/>\n<meta property=\"og:image\" content=\"https:\/\/portalincluir.com.br\/wp-content\/uploads\/2026\/01\/ano-2-v1.jpg\" \/>\n\t<meta property=\"og:image:width\" content=\"1024\" \/>\n\t<meta property=\"og:image:height\" content=\"1024\" \/>\n\t<meta property=\"og:image:type\" content=\"image\/jpeg\" \/>\n<meta name=\"author\" content=\"Portal Incluir\" \/>\n<meta name=\"twitter:card\" content=\"summary_large_image\" \/>\n<meta name=\"twitter:label1\" content=\"Escrito por\" \/>\n\t<meta name=\"twitter:data1\" content=\"Portal Incluir\" \/>\n\t<meta name=\"twitter:label2\" content=\"Est. tempo de leitura\" \/>\n\t<meta name=\"twitter:data2\" content=\"2 minutos\" \/>\n<script type=\"application\/ld+json\" class=\"yoast-schema-graph\">{\"@context\":\"https:\\\/\\\/schema.org\",\"@graph\":[{\"@type\":[\"Article\",\"BlogPosting\"],\"@id\":\"https:\\\/\\\/portalincluir.com.br\\\/index.php\\\/2026\\\/01\\\/06\\\/comeca-a-temporada-2-do-programa-inclusao-em-foco\\\/#article\",\"isPartOf\":{\"@id\":\"https:\\\/\\\/portalincluir.com.br\\\/index.php\\\/2026\\\/01\\\/06\\\/comeca-a-temporada-2-do-programa-inclusao-em-foco\\\/\"},\"author\":{\"name\":\"Portal Incluir\",\"@id\":\"https:\\\/\\\/portalincluir.com.br\\\/#\\\/schema\\\/person\\\/8823664e5902eee555607fb75c4c35ae\"},\"headline\":\"Come\u00e7a a temporada 2 do programa INCLUS\u00c3O EM FOCO\",\"datePublished\":\"2026-01-07T01:54:38+00:00\",\"dateModified\":\"2026-01-07T03:01:57+00:00\",\"mainEntityOfPage\":{\"@id\":\"https:\\\/\\\/portalincluir.com.br\\\/index.php\\\/2026\\\/01\\\/06\\\/comeca-a-temporada-2-do-programa-inclusao-em-foco\\\/\"},\"wordCount\":215,\"commentCount\":0,\"image\":{\"@id\":\"https:\\\/\\\/portalincluir.com.br\\\/index.php\\\/2026\\\/01\\\/06\\\/comeca-a-temporada-2-do-programa-inclusao-em-foco\\\/#primaryimage\"},\"thumbnailUrl\":\"https:\\\/\\\/portalincluir.com.br\\\/wp-content\\\/uploads\\\/2026\\\/01\\\/ano-2-v1.jpg\",\"articleSection\":[\"PodCast\",\"Portal\"],\"inLanguage\":\"pt-BR\",\"potentialAction\":[{\"@type\":\"CommentAction\",\"name\":\"Comment\",\"target\":[\"https:\\\/\\\/portalincluir.com.br\\\/index.php\\\/2026\\\/01\\\/06\\\/comeca-a-temporada-2-do-programa-inclusao-em-foco\\\/#respond\"]}]},{\"@type\":\"WebPage\",\"@id\":\"https:\\\/\\\/portalincluir.com.br\\\/index.php\\\/2026\\\/01\\\/06\\\/comeca-a-temporada-2-do-programa-inclusao-em-foco\\\/\",\"url\":\"https:\\\/\\\/portalincluir.com.br\\\/index.php\\\/2026\\\/01\\\/06\\\/comeca-a-temporada-2-do-programa-inclusao-em-foco\\\/\",\"name\":\"Come\u00e7a a temporada 2 do programa INCLUS\u00c3O EM FOCO - PORTAL INCLUIR\",\"isPartOf\":{\"@id\":\"https:\\\/\\\/portalincluir.com.br\\\/#website\"},\"primaryImageOfPage\":{\"@id\":\"https:\\\/\\\/portalincluir.com.br\\\/index.php\\\/2026\\\/01\\\/06\\\/comeca-a-temporada-2-do-programa-inclusao-em-foco\\\/#primaryimage\"},\"image\":{\"@id\":\"https:\\\/\\\/portalincluir.com.br\\\/index.php\\\/2026\\\/01\\\/06\\\/comeca-a-temporada-2-do-programa-inclusao-em-foco\\\/#primaryimage\"},\"thumbnailUrl\":\"https:\\\/\\\/portalincluir.com.br\\\/wp-content\\\/uploads\\\/2026\\\/01\\\/ano-2-v1.jpg\",\"datePublished\":\"2026-01-07T01:54:38+00:00\",\"dateModified\":\"2026-01-07T03:01:57+00:00\",\"author\":{\"@id\":\"https:\\\/\\\/portalincluir.com.br\\\/#\\\/schema\\\/person\\\/8823664e5902eee555607fb75c4c35ae\"},\"breadcrumb\":{\"@id\":\"https:\\\/\\\/portalincluir.com.br\\\/index.php\\\/2026\\\/01\\\/06\\\/comeca-a-temporada-2-do-programa-inclusao-em-foco\\\/#breadcrumb\"},\"inLanguage\":\"pt-BR\",\"potentialAction\":[{\"@type\":\"ReadAction\",\"target\":[\"https:\\\/\\\/portalincluir.com.br\\\/index.php\\\/2026\\\/01\\\/06\\\/comeca-a-temporada-2-do-programa-inclusao-em-foco\\\/\"]}]},{\"@type\":\"ImageObject\",\"inLanguage\":\"pt-BR\",\"@id\":\"https:\\\/\\\/portalincluir.com.br\\\/index.php\\\/2026\\\/01\\\/06\\\/comeca-a-temporada-2-do-programa-inclusao-em-foco\\\/#primaryimage\",\"url\":\"https:\\\/\\\/portalincluir.com.br\\\/wp-content\\\/uploads\\\/2026\\\/01\\\/ano-2-v1.jpg\",\"contentUrl\":\"https:\\\/\\\/portalincluir.com.br\\\/wp-content\\\/uploads\\\/2026\\\/01\\\/ano-2-v1.jpg\",\"width\":1024,\"height\":1024},{\"@type\":\"BreadcrumbList\",\"@id\":\"https:\\\/\\\/portalincluir.com.br\\\/index.php\\\/2026\\\/01\\\/06\\\/comeca-a-temporada-2-do-programa-inclusao-em-foco\\\/#breadcrumb\",\"itemListElement\":[{\"@type\":\"ListItem\",\"position\":1,\"name\":\"In\u00edcio\",\"item\":\"https:\\\/\\\/portalincluir.com.br\\\/\"},{\"@type\":\"ListItem\",\"position\":2,\"name\":\"Come\u00e7a a temporada 2 do programa INCLUS\u00c3O EM FOCO\"}]},{\"@type\":\"WebSite\",\"@id\":\"https:\\\/\\\/portalincluir.com.br\\\/#website\",\"url\":\"https:\\\/\\\/portalincluir.com.br\\\/\",\"name\":\"PORTAL INCLUIR\",\"description\":\"\",\"potentialAction\":[{\"@type\":\"SearchAction\",\"target\":{\"@type\":\"EntryPoint\",\"urlTemplate\":\"https:\\\/\\\/portalincluir.com.br\\\/?s={search_term_string}\"},\"query-input\":{\"@type\":\"PropertyValueSpecification\",\"valueRequired\":true,\"valueName\":\"search_term_string\"}}],\"inLanguage\":\"pt-BR\"},{\"@type\":\"Person\",\"@id\":\"https:\\\/\\\/portalincluir.com.br\\\/#\\\/schema\\\/person\\\/8823664e5902eee555607fb75c4c35ae\",\"name\":\"Portal Incluir\",\"image\":{\"@type\":\"ImageObject\",\"inLanguage\":\"pt-BR\",\"@id\":\"https:\\\/\\\/secure.gravatar.com\\\/avatar\\\/12085fe17e70c3550551519fe1f8f51fae69b1748563a47fc3bea53d91fbcbbd?s=96&d=mm&r=g\",\"url\":\"https:\\\/\\\/secure.gravatar.com\\\/avatar\\\/12085fe17e70c3550551519fe1f8f51fae69b1748563a47fc3bea53d91fbcbbd?s=96&d=mm&r=g\",\"contentUrl\":\"https:\\\/\\\/secure.gravatar.com\\\/avatar\\\/12085fe17e70c3550551519fe1f8f51fae69b1748563a47fc3bea53d91fbcbbd?s=96&d=mm&r=g\",\"caption\":\"Portal Incluir\"},\"sameAs\":[\"http:\\\/\\\/portalincluir.com.br\"],\"url\":\"https:\\\/\\\/portalincluir.com.br\\\/index.php\\\/author\\\/portalincluir-com-br\\\/\"}]}<\/script>\n<!-- \/ Yoast SEO plugin. -->","yoast_head_json":{"title":"Come\u00e7a a temporada 2 do programa INCLUS\u00c3O EM FOCO - PORTAL INCLUIR","robots":{"index":"index","follow":"follow","max-snippet":"max-snippet:-1","max-image-preview":"max-image-preview:large","max-video-preview":"max-video-preview:-1"},"canonical":"https:\/\/portalincluir.com.br\/index.php\/2026\/01\/06\/comeca-a-temporada-2-do-programa-inclusao-em-foco\/","og_locale":"pt_BR","og_type":"article","og_title":"Come\u00e7a a temporada 2 do programa INCLUS\u00c3O EM FOCO - PORTAL INCLUIR","og_description":"Come\u00e7a nesta quartra-feira, 7.1, \u00e0s 9h na Mega R\u00e1dio de Vit\u00f3ria da Conquista a temporada","og_url":"https:\/\/portalincluir.com.br\/index.php\/2026\/01\/06\/comeca-a-temporada-2-do-programa-inclusao-em-foco\/","og_site_name":"PORTAL INCLUIR","article_published_time":"2026-01-07T01:54:38+00:00","article_modified_time":"2026-01-07T03:01:57+00:00","og_image":[{"width":1024,"height":1024,"url":"https:\/\/portalincluir.com.br\/wp-content\/uploads\/2026\/01\/ano-2-v1.jpg","type":"image\/jpeg"}],"author":"Portal Incluir","twitter_card":"summary_large_image","twitter_misc":{"Escrito por":"Portal Incluir","Est. tempo de leitura":"2 minutos"},"schema":{"@context":"https:\/\/schema.org","@graph":[{"@type":["Article","BlogPosting"],"@id":"https:\/\/portalincluir.com.br\/index.php\/2026\/01\/06\/comeca-a-temporada-2-do-programa-inclusao-em-foco\/#article","isPartOf":{"@id":"https:\/\/portalincluir.com.br\/index.php\/2026\/01\/06\/comeca-a-temporada-2-do-programa-inclusao-em-foco\/"},"author":{"name":"Portal Incluir","@id":"https:\/\/portalincluir.com.br\/#\/schema\/person\/8823664e5902eee555607fb75c4c35ae"},"headline":"Come\u00e7a a temporada 2 do programa INCLUS\u00c3O EM FOCO","datePublished":"2026-01-07T01:54:38+00:00","dateModified":"2026-01-07T03:01:57+00:00","mainEntityOfPage":{"@id":"https:\/\/portalincluir.com.br\/index.php\/2026\/01\/06\/comeca-a-temporada-2-do-programa-inclusao-em-foco\/"},"wordCount":215,"commentCount":0,"image":{"@id":"https:\/\/portalincluir.com.br\/index.php\/2026\/01\/06\/comeca-a-temporada-2-do-programa-inclusao-em-foco\/#primaryimage"},"thumbnailUrl":"https:\/\/portalincluir.com.br\/wp-content\/uploads\/2026\/01\/ano-2-v1.jpg","articleSection":["PodCast","Portal"],"inLanguage":"pt-BR","potentialAction":[{"@type":"CommentAction","name":"Comment","target":["https:\/\/portalincluir.com.br\/index.php\/2026\/01\/06\/comeca-a-temporada-2-do-programa-inclusao-em-foco\/#respond"]}]},{"@type":"WebPage","@id":"https:\/\/portalincluir.com.br\/index.php\/2026\/01\/06\/comeca-a-temporada-2-do-programa-inclusao-em-foco\/","url":"https:\/\/portalincluir.com.br\/index.php\/2026\/01\/06\/comeca-a-temporada-2-do-programa-inclusao-em-foco\/","name":"Come\u00e7a a temporada 2 do programa INCLUS\u00c3O EM FOCO - PORTAL INCLUIR","isPartOf":{"@id":"https:\/\/portalincluir.com.br\/#website"},"primaryImageOfPage":{"@id":"https:\/\/portalincluir.com.br\/index.php\/2026\/01\/06\/comeca-a-temporada-2-do-programa-inclusao-em-foco\/#primaryimage"},"image":{"@id":"https:\/\/portalincluir.com.br\/index.php\/2026\/01\/06\/comeca-a-temporada-2-do-programa-inclusao-em-foco\/#primaryimage"},"thumbnailUrl":"https:\/\/portalincluir.com.br\/wp-content\/uploads\/2026\/01\/ano-2-v1.jpg","datePublished":"2026-01-07T01:54:38+00:00","dateModified":"2026-01-07T03:01:57+00:00","author":{"@id":"https:\/\/portalincluir.com.br\/#\/schema\/person\/8823664e5902eee555607fb75c4c35ae"},"breadcrumb":{"@id":"https:\/\/portalincluir.com.br\/index.php\/2026\/01\/06\/comeca-a-temporada-2-do-programa-inclusao-em-foco\/#breadcrumb"},"inLanguage":"pt-BR","potentialAction":[{"@type":"ReadAction","target":["https:\/\/portalincluir.com.br\/index.php\/2026\/01\/06\/comeca-a-temporada-2-do-programa-inclusao-em-foco\/"]}]},{"@type":"ImageObject","inLanguage":"pt-BR","@id":"https:\/\/portalincluir.com.br\/index.php\/2026\/01\/06\/comeca-a-temporada-2-do-programa-inclusao-em-foco\/#primaryimage","url":"https:\/\/portalincluir.com.br\/wp-content\/uploads\/2026\/01\/ano-2-v1.jpg","contentUrl":"https:\/\/portalincluir.com.br\/wp-content\/uploads\/2026\/01\/ano-2-v1.jpg","width":1024,"height":1024},{"@type":"BreadcrumbList","@id":"https:\/\/portalincluir.com.br\/index.php\/2026\/01\/06\/comeca-a-temporada-2-do-programa-inclusao-em-foco\/#breadcrumb","itemListElement":[{"@type":"ListItem","position":1,"name":"In\u00edcio","item":"https:\/\/portalincluir.com.br\/"},{"@type":"ListItem","position":2,"name":"Come\u00e7a a temporada 2 do programa INCLUS\u00c3O EM FOCO"}]},{"@type":"WebSite","@id":"https:\/\/portalincluir.com.br\/#website","url":"https:\/\/portalincluir.com.br\/","name":"PORTAL INCLUIR","description":"","potentialAction":[{"@type":"SearchAction","target":{"@type":"EntryPoint","urlTemplate":"https:\/\/portalincluir.com.br\/?s={search_term_string}"},"query-input":{"@type":"PropertyValueSpecification","valueRequired":true,"valueName":"search_term_string"}}],"inLanguage":"pt-BR"},{"@type":"Person","@id":"https:\/\/portalincluir.com.br\/#\/schema\/person\/8823664e5902eee555607fb75c4c35ae","name":"Portal Incluir","image":{"@type":"ImageObject","inLanguage":"pt-BR","@id":"https:\/\/secure.gravatar.com\/avatar\/12085fe17e70c3550551519fe1f8f51fae69b1748563a47fc3bea53d91fbcbbd?s=96&d=mm&r=g","url":"https:\/\/secure.gravatar.com\/avatar\/12085fe17e70c3550551519fe1f8f51fae69b1748563a47fc3bea53d91fbcbbd?s=96&d=mm&r=g","contentUrl":"https:\/\/secure.gravatar.com\/avatar\/12085fe17e70c3550551519fe1f8f51fae69b1748563a47fc3bea53d91fbcbbd?s=96&d=mm&r=g","caption":"Portal Incluir"},"sameAs":["http:\/\/portalincluir.com.br"],"url":"https:\/\/portalincluir.com.br\/index.php\/author\/portalincluir-com-br\/"}]}},"_links":{"self":[{"href":"https:\/\/portalincluir.com.br\/index.php\/wp-json\/wp\/v2\/posts\/847","targetHints":{"allow":["GET"]}}],"collection":[{"href":"https:\/\/portalincluir.com.br\/index.php\/wp-json\/wp\/v2\/posts"}],"about":[{"href":"https:\/\/portalincluir.com.br\/index.php\/wp-json\/wp\/v2\/types\/post"}],"author":[{"embeddable":true,"href":"https:\/\/portalincluir.com.br\/index.php\/wp-json\/wp\/v2\/users\/1"}],"replies":[{"embeddable":true,"href":"https:\/\/portalincluir.com.br\/index.php\/wp-json\/wp\/v2\/comments?post=847"}],"version-history":[{"count":1,"href":"https:\/\/portalincluir.com.br\/index.php\/wp-json\/wp\/v2\/posts\/847\/revisions"}],"predecessor-version":[{"id":851,"href":"https:\/\/portalincluir.com.br\/index.php\/wp-json\/wp\/v2\/posts\/847\/revisions\/851"}],"wp:featuredmedia":[{"embeddable":true,"href":"https:\/\/portalincluir.com.br\/index.php\/wp-json\/wp\/v2\/media\/848"}],"wp:attachment":[{"href":"https:\/\/portalincluir.com.br\/index.php\/wp-json\/wp\/v2\/media?parent=847"}],"wp:term":[{"taxonomy":"category","embeddable":true,"href":"https:\/\/portalincluir.com.br\/index.php\/wp-json\/wp\/v2\/categories?post=847"},{"taxonomy":"post_tag","embeddable":true,"href":"https:\/\/portalincluir.com.br\/index.php\/wp-json\/wp\/v2\/tags?post=847"}],"curies":[{"name":"wp","href":"https:\/\/api.w.org\/{rel}","templated":true}]}}