{"id":859,"date":"2026-01-07T23:04:54","date_gmt":"2026-01-08T02:04:54","guid":{"rendered":"https:\/\/portalincluir.com.br\/?p=859"},"modified":"2026-01-08T23:05:43","modified_gmt":"2026-01-09T02:05:43","slug":"adocao-no-brasil-quando-a-espera-encontra-o-desafio-do-perfil","status":"publish","type":"post","link":"https:\/\/portalincluir.com.br\/index.php\/2026\/01\/07\/adocao-no-brasil-quando-a-espera-encontra-o-desafio-do-perfil\/","title":{"rendered":"Ado\u00e7\u00e3o no Brasil: quando a espera encontra o desafio do perfil"},"content":{"rendered":"\n<p>Cinco mil crian\u00e7as e adolescentes. Cinco mil trajet\u00f3rias marcadas pela espera de um recome\u00e7o. No Brasil, o desejo de exercer a parentalidade \u2014 seja como pai, m\u00e3e ou respons\u00e1vel \u2014 ainda enfrenta obst\u00e1culos que v\u00e3o al\u00e9m da vontade: atravessa caminhos complexos de expectativas, receios e procedimentos legais.<\/p>\n\n\n\n<p>Dados do Sistema Nacional de Ado\u00e7\u00e3o e Acolhimento revelam um contraste expressivo. De um lado, cerca de cinco mil crian\u00e7as e adolescentes est\u00e3o juridicamente aptos a integrar uma nova fam\u00edlia. Do outro, mais de 30 mil pessoas e casais habilitados aguardam na fila pelo mesmo objetivo: acolher e cuidar.<\/p>\n\n\n\n<p>Diante desse cen\u00e1rio, uma pergunta se imp\u00f5e: se h\u00e1 mais pretendentes do que crian\u00e7as dispon\u00edveis, por que o processo segue t\u00e3o lento? Por que ainda n\u00e3o \u00e9 poss\u00edvel assegurar, de forma ampla, o direito constitucional \u00e0 conviv\u00eancia familiar \u2014 um direito b\u00e1sico e inegoci\u00e1vel?<\/p>\n\n\n\n<p>A resposta passa por um fator central: o perfil desejado. A maioria dos pretendentes ainda busca crian\u00e7as pequenas, geralmente com at\u00e9 tr\u00eas anos de idade, brancas e sem irm\u00e3os. No entanto, a realidade dos servi\u00e7os de acolhimento \u00e9 outra. A maior parte das crian\u00e7as e adolescentes dispon\u00edveis para ado\u00e7\u00e3o \u00e9 formada por jovens mais velhos, pessoas negras, grupos de irm\u00e3os ou crian\u00e7as e adolescentes com defici\u00eancia ou necessidades espec\u00edficas de sa\u00fade.<\/p>\n\n\n\n<p>H\u00e1 ainda um aspecto fundamental do processo: a Justi\u00e7a brasileira s\u00f3 determina a destitui\u00e7\u00e3o do poder familiar ap\u00f3s esgotar todas as possibilidades de perman\u00eancia da crian\u00e7a com sua fam\u00edlia de origem ou extensa. Essa cautela \u00e9 uma garantia de prote\u00e7\u00e3o aos direitos da crian\u00e7a e do adolescente, mas tamb\u00e9m contribui para que os tr\u00e2mites sejam mais longos, exigindo tempo e sensibilidade de quem espera.<\/p>\n\n\n\n<p>Apesar dos desafios, h\u00e1 avan\u00e7os importantes. Programas de Busca Ativa e iniciativas de apadrinhamento afetivo t\u00eam ampliado o olhar de muitos pretendentes, estimulando a chamada ado\u00e7\u00e3o tardia e o acolhimento de grupos de irm\u00e3os e de crian\u00e7as com defici\u00eancia.<\/p>\n\n\n\n<p>Quando o cuidado supera a idealiza\u00e7\u00e3o de um perfil e reconhece a crian\u00e7a real \u2014 com sua hist\u00f3ria, identidade, viv\u00eancias e sonhos \u2014 o sistema come\u00e7a a se mover. \u00c9 nesse encontro entre quem deseja cuidar e quem precisa ser cuidado que a ado\u00e7\u00e3o deixa de ser estat\u00edstica e se transforma, de fato, em uma nova oportunidade de vida.<\/p>\n","protected":false},"excerpt":{"rendered":"<p>Cinco mil crian\u00e7as e adolescentes. Cinco mil trajet\u00f3rias marcadas pela espera de um recome\u00e7o. No<\/p>\n","protected":false},"author":1,"featured_media":860,"comment_status":"open","ping_status":"open","sticky":false,"template":"","format":"standard","meta":{"om_disable_all_campaigns":false,"_monsterinsights_skip_tracking":false,"_monsterinsights_sitenote_active":false,"_monsterinsights_sitenote_note":"","_monsterinsights_sitenote_category":0,"_uf_show_specific_survey":0,"_uf_disable_surveys":false,"footnotes":""},"categories":[9],"tags":[],"class_list":["post-859","post","type-post","status-publish","format-standard","has-post-thumbnail","hentry","category-noticias"],"yoast_head":"<!-- This site is optimized with the Yoast SEO plugin v27.4 - https:\/\/yoast.com\/product\/yoast-seo-wordpress\/ -->\n<title>Ado\u00e7\u00e3o no Brasil: quando a espera encontra o desafio do perfil - PORTAL INCLUIR<\/title>\n<meta name=\"robots\" content=\"index, follow, max-snippet:-1, max-image-preview:large, max-video-preview:-1\" \/>\n<link rel=\"canonical\" href=\"https:\/\/portalincluir.com.br\/index.php\/2026\/01\/07\/adocao-no-brasil-quando-a-espera-encontra-o-desafio-do-perfil\/\" \/>\n<meta property=\"og:locale\" content=\"pt_BR\" \/>\n<meta property=\"og:type\" content=\"article\" \/>\n<meta property=\"og:title\" content=\"Ado\u00e7\u00e3o no Brasil: quando a espera encontra o desafio do perfil - PORTAL INCLUIR\" \/>\n<meta property=\"og:description\" content=\"Cinco mil crian\u00e7as e adolescentes. Cinco mil trajet\u00f3rias marcadas pela espera de um recome\u00e7o. No\" \/>\n<meta property=\"og:url\" content=\"https:\/\/portalincluir.com.br\/index.php\/2026\/01\/07\/adocao-no-brasil-quando-a-espera-encontra-o-desafio-do-perfil\/\" \/>\n<meta property=\"og:site_name\" content=\"PORTAL INCLUIR\" \/>\n<meta property=\"article:published_time\" content=\"2026-01-08T02:04:54+00:00\" \/>\n<meta property=\"article:modified_time\" content=\"2026-01-09T02:05:43+00:00\" \/>\n<meta property=\"og:image\" content=\"https:\/\/portalincluir.com.br\/wp-content\/uploads\/2026\/01\/adocao.jpg\" \/>\n\t<meta property=\"og:image:width\" content=\"1024\" \/>\n\t<meta property=\"og:image:height\" content=\"1024\" \/>\n\t<meta property=\"og:image:type\" content=\"image\/jpeg\" \/>\n<meta name=\"author\" content=\"Portal Incluir\" \/>\n<meta name=\"twitter:card\" content=\"summary_large_image\" \/>\n<meta name=\"twitter:label1\" content=\"Escrito por\" \/>\n\t<meta name=\"twitter:data1\" content=\"Portal Incluir\" \/>\n\t<meta name=\"twitter:label2\" content=\"Est. tempo de leitura\" \/>\n\t<meta name=\"twitter:data2\" content=\"3 minutos\" \/>\n<script type=\"application\/ld+json\" class=\"yoast-schema-graph\">{\"@context\":\"https:\\\/\\\/schema.org\",\"@graph\":[{\"@type\":[\"Article\",\"BlogPosting\"],\"@id\":\"https:\\\/\\\/portalincluir.com.br\\\/index.php\\\/2026\\\/01\\\/07\\\/adocao-no-brasil-quando-a-espera-encontra-o-desafio-do-perfil\\\/#article\",\"isPartOf\":{\"@id\":\"https:\\\/\\\/portalincluir.com.br\\\/index.php\\\/2026\\\/01\\\/07\\\/adocao-no-brasil-quando-a-espera-encontra-o-desafio-do-perfil\\\/\"},\"author\":{\"name\":\"Portal Incluir\",\"@id\":\"https:\\\/\\\/portalincluir.com.br\\\/#\\\/schema\\\/person\\\/8823664e5902eee555607fb75c4c35ae\"},\"headline\":\"Ado\u00e7\u00e3o no Brasil: quando a espera encontra o desafio do perfil\",\"datePublished\":\"2026-01-08T02:04:54+00:00\",\"dateModified\":\"2026-01-09T02:05:43+00:00\",\"mainEntityOfPage\":{\"@id\":\"https:\\\/\\\/portalincluir.com.br\\\/index.php\\\/2026\\\/01\\\/07\\\/adocao-no-brasil-quando-a-espera-encontra-o-desafio-do-perfil\\\/\"},\"wordCount\":430,\"commentCount\":0,\"image\":{\"@id\":\"https:\\\/\\\/portalincluir.com.br\\\/index.php\\\/2026\\\/01\\\/07\\\/adocao-no-brasil-quando-a-espera-encontra-o-desafio-do-perfil\\\/#primaryimage\"},\"thumbnailUrl\":\"https:\\\/\\\/portalincluir.com.br\\\/wp-content\\\/uploads\\\/2026\\\/01\\\/adocao.jpg\",\"articleSection\":[\"Not\u00edcias\"],\"inLanguage\":\"pt-BR\",\"potentialAction\":[{\"@type\":\"CommentAction\",\"name\":\"Comment\",\"target\":[\"https:\\\/\\\/portalincluir.com.br\\\/index.php\\\/2026\\\/01\\\/07\\\/adocao-no-brasil-quando-a-espera-encontra-o-desafio-do-perfil\\\/#respond\"]}]},{\"@type\":\"WebPage\",\"@id\":\"https:\\\/\\\/portalincluir.com.br\\\/index.php\\\/2026\\\/01\\\/07\\\/adocao-no-brasil-quando-a-espera-encontra-o-desafio-do-perfil\\\/\",\"url\":\"https:\\\/\\\/portalincluir.com.br\\\/index.php\\\/2026\\\/01\\\/07\\\/adocao-no-brasil-quando-a-espera-encontra-o-desafio-do-perfil\\\/\",\"name\":\"Ado\u00e7\u00e3o no Brasil: quando a espera encontra o desafio do perfil - PORTAL INCLUIR\",\"isPartOf\":{\"@id\":\"https:\\\/\\\/portalincluir.com.br\\\/#website\"},\"primaryImageOfPage\":{\"@id\":\"https:\\\/\\\/portalincluir.com.br\\\/index.php\\\/2026\\\/01\\\/07\\\/adocao-no-brasil-quando-a-espera-encontra-o-desafio-do-perfil\\\/#primaryimage\"},\"image\":{\"@id\":\"https:\\\/\\\/portalincluir.com.br\\\/index.php\\\/2026\\\/01\\\/07\\\/adocao-no-brasil-quando-a-espera-encontra-o-desafio-do-perfil\\\/#primaryimage\"},\"thumbnailUrl\":\"https:\\\/\\\/portalincluir.com.br\\\/wp-content\\\/uploads\\\/2026\\\/01\\\/adocao.jpg\",\"datePublished\":\"2026-01-08T02:04:54+00:00\",\"dateModified\":\"2026-01-09T02:05:43+00:00\",\"author\":{\"@id\":\"https:\\\/\\\/portalincluir.com.br\\\/#\\\/schema\\\/person\\\/8823664e5902eee555607fb75c4c35ae\"},\"breadcrumb\":{\"@id\":\"https:\\\/\\\/portalincluir.com.br\\\/index.php\\\/2026\\\/01\\\/07\\\/adocao-no-brasil-quando-a-espera-encontra-o-desafio-do-perfil\\\/#breadcrumb\"},\"inLanguage\":\"pt-BR\",\"potentialAction\":[{\"@type\":\"ReadAction\",\"target\":[\"https:\\\/\\\/portalincluir.com.br\\\/index.php\\\/2026\\\/01\\\/07\\\/adocao-no-brasil-quando-a-espera-encontra-o-desafio-do-perfil\\\/\"]}]},{\"@type\":\"ImageObject\",\"inLanguage\":\"pt-BR\",\"@id\":\"https:\\\/\\\/portalincluir.com.br\\\/index.php\\\/2026\\\/01\\\/07\\\/adocao-no-brasil-quando-a-espera-encontra-o-desafio-do-perfil\\\/#primaryimage\",\"url\":\"https:\\\/\\\/portalincluir.com.br\\\/wp-content\\\/uploads\\\/2026\\\/01\\\/adocao.jpg\",\"contentUrl\":\"https:\\\/\\\/portalincluir.com.br\\\/wp-content\\\/uploads\\\/2026\\\/01\\\/adocao.jpg\",\"width\":1024,\"height\":1024},{\"@type\":\"BreadcrumbList\",\"@id\":\"https:\\\/\\\/portalincluir.com.br\\\/index.php\\\/2026\\\/01\\\/07\\\/adocao-no-brasil-quando-a-espera-encontra-o-desafio-do-perfil\\\/#breadcrumb\",\"itemListElement\":[{\"@type\":\"ListItem\",\"position\":1,\"name\":\"In\u00edcio\",\"item\":\"https:\\\/\\\/portalincluir.com.br\\\/\"},{\"@type\":\"ListItem\",\"position\":2,\"name\":\"Ado\u00e7\u00e3o no Brasil: quando a espera encontra o desafio do perfil\"}]},{\"@type\":\"WebSite\",\"@id\":\"https:\\\/\\\/portalincluir.com.br\\\/#website\",\"url\":\"https:\\\/\\\/portalincluir.com.br\\\/\",\"name\":\"PORTAL INCLUIR\",\"description\":\"\",\"potentialAction\":[{\"@type\":\"SearchAction\",\"target\":{\"@type\":\"EntryPoint\",\"urlTemplate\":\"https:\\\/\\\/portalincluir.com.br\\\/?s={search_term_string}\"},\"query-input\":{\"@type\":\"PropertyValueSpecification\",\"valueRequired\":true,\"valueName\":\"search_term_string\"}}],\"inLanguage\":\"pt-BR\"},{\"@type\":\"Person\",\"@id\":\"https:\\\/\\\/portalincluir.com.br\\\/#\\\/schema\\\/person\\\/8823664e5902eee555607fb75c4c35ae\",\"name\":\"Portal Incluir\",\"image\":{\"@type\":\"ImageObject\",\"inLanguage\":\"pt-BR\",\"@id\":\"https:\\\/\\\/secure.gravatar.com\\\/avatar\\\/12085fe17e70c3550551519fe1f8f51fae69b1748563a47fc3bea53d91fbcbbd?s=96&d=mm&r=g\",\"url\":\"https:\\\/\\\/secure.gravatar.com\\\/avatar\\\/12085fe17e70c3550551519fe1f8f51fae69b1748563a47fc3bea53d91fbcbbd?s=96&d=mm&r=g\",\"contentUrl\":\"https:\\\/\\\/secure.gravatar.com\\\/avatar\\\/12085fe17e70c3550551519fe1f8f51fae69b1748563a47fc3bea53d91fbcbbd?s=96&d=mm&r=g\",\"caption\":\"Portal Incluir\"},\"sameAs\":[\"http:\\\/\\\/portalincluir.com.br\"],\"url\":\"https:\\\/\\\/portalincluir.com.br\\\/index.php\\\/author\\\/portalincluir-com-br\\\/\"}]}<\/script>\n<!-- \/ Yoast SEO plugin. -->","yoast_head_json":{"title":"Ado\u00e7\u00e3o no Brasil: quando a espera encontra o desafio do perfil - PORTAL INCLUIR","robots":{"index":"index","follow":"follow","max-snippet":"max-snippet:-1","max-image-preview":"max-image-preview:large","max-video-preview":"max-video-preview:-1"},"canonical":"https:\/\/portalincluir.com.br\/index.php\/2026\/01\/07\/adocao-no-brasil-quando-a-espera-encontra-o-desafio-do-perfil\/","og_locale":"pt_BR","og_type":"article","og_title":"Ado\u00e7\u00e3o no Brasil: quando a espera encontra o desafio do perfil - PORTAL INCLUIR","og_description":"Cinco mil crian\u00e7as e adolescentes. Cinco mil trajet\u00f3rias marcadas pela espera de um recome\u00e7o. No","og_url":"https:\/\/portalincluir.com.br\/index.php\/2026\/01\/07\/adocao-no-brasil-quando-a-espera-encontra-o-desafio-do-perfil\/","og_site_name":"PORTAL INCLUIR","article_published_time":"2026-01-08T02:04:54+00:00","article_modified_time":"2026-01-09T02:05:43+00:00","og_image":[{"width":1024,"height":1024,"url":"https:\/\/portalincluir.com.br\/wp-content\/uploads\/2026\/01\/adocao.jpg","type":"image\/jpeg"}],"author":"Portal Incluir","twitter_card":"summary_large_image","twitter_misc":{"Escrito por":"Portal Incluir","Est. tempo de leitura":"3 minutos"},"schema":{"@context":"https:\/\/schema.org","@graph":[{"@type":["Article","BlogPosting"],"@id":"https:\/\/portalincluir.com.br\/index.php\/2026\/01\/07\/adocao-no-brasil-quando-a-espera-encontra-o-desafio-do-perfil\/#article","isPartOf":{"@id":"https:\/\/portalincluir.com.br\/index.php\/2026\/01\/07\/adocao-no-brasil-quando-a-espera-encontra-o-desafio-do-perfil\/"},"author":{"name":"Portal Incluir","@id":"https:\/\/portalincluir.com.br\/#\/schema\/person\/8823664e5902eee555607fb75c4c35ae"},"headline":"Ado\u00e7\u00e3o no Brasil: quando a espera encontra o desafio do perfil","datePublished":"2026-01-08T02:04:54+00:00","dateModified":"2026-01-09T02:05:43+00:00","mainEntityOfPage":{"@id":"https:\/\/portalincluir.com.br\/index.php\/2026\/01\/07\/adocao-no-brasil-quando-a-espera-encontra-o-desafio-do-perfil\/"},"wordCount":430,"commentCount":0,"image":{"@id":"https:\/\/portalincluir.com.br\/index.php\/2026\/01\/07\/adocao-no-brasil-quando-a-espera-encontra-o-desafio-do-perfil\/#primaryimage"},"thumbnailUrl":"https:\/\/portalincluir.com.br\/wp-content\/uploads\/2026\/01\/adocao.jpg","articleSection":["Not\u00edcias"],"inLanguage":"pt-BR","potentialAction":[{"@type":"CommentAction","name":"Comment","target":["https:\/\/portalincluir.com.br\/index.php\/2026\/01\/07\/adocao-no-brasil-quando-a-espera-encontra-o-desafio-do-perfil\/#respond"]}]},{"@type":"WebPage","@id":"https:\/\/portalincluir.com.br\/index.php\/2026\/01\/07\/adocao-no-brasil-quando-a-espera-encontra-o-desafio-do-perfil\/","url":"https:\/\/portalincluir.com.br\/index.php\/2026\/01\/07\/adocao-no-brasil-quando-a-espera-encontra-o-desafio-do-perfil\/","name":"Ado\u00e7\u00e3o no Brasil: quando a espera encontra o desafio do perfil - PORTAL INCLUIR","isPartOf":{"@id":"https:\/\/portalincluir.com.br\/#website"},"primaryImageOfPage":{"@id":"https:\/\/portalincluir.com.br\/index.php\/2026\/01\/07\/adocao-no-brasil-quando-a-espera-encontra-o-desafio-do-perfil\/#primaryimage"},"image":{"@id":"https:\/\/portalincluir.com.br\/index.php\/2026\/01\/07\/adocao-no-brasil-quando-a-espera-encontra-o-desafio-do-perfil\/#primaryimage"},"thumbnailUrl":"https:\/\/portalincluir.com.br\/wp-content\/uploads\/2026\/01\/adocao.jpg","datePublished":"2026-01-08T02:04:54+00:00","dateModified":"2026-01-09T02:05:43+00:00","author":{"@id":"https:\/\/portalincluir.com.br\/#\/schema\/person\/8823664e5902eee555607fb75c4c35ae"},"breadcrumb":{"@id":"https:\/\/portalincluir.com.br\/index.php\/2026\/01\/07\/adocao-no-brasil-quando-a-espera-encontra-o-desafio-do-perfil\/#breadcrumb"},"inLanguage":"pt-BR","potentialAction":[{"@type":"ReadAction","target":["https:\/\/portalincluir.com.br\/index.php\/2026\/01\/07\/adocao-no-brasil-quando-a-espera-encontra-o-desafio-do-perfil\/"]}]},{"@type":"ImageObject","inLanguage":"pt-BR","@id":"https:\/\/portalincluir.com.br\/index.php\/2026\/01\/07\/adocao-no-brasil-quando-a-espera-encontra-o-desafio-do-perfil\/#primaryimage","url":"https:\/\/portalincluir.com.br\/wp-content\/uploads\/2026\/01\/adocao.jpg","contentUrl":"https:\/\/portalincluir.com.br\/wp-content\/uploads\/2026\/01\/adocao.jpg","width":1024,"height":1024},{"@type":"BreadcrumbList","@id":"https:\/\/portalincluir.com.br\/index.php\/2026\/01\/07\/adocao-no-brasil-quando-a-espera-encontra-o-desafio-do-perfil\/#breadcrumb","itemListElement":[{"@type":"ListItem","position":1,"name":"In\u00edcio","item":"https:\/\/portalincluir.com.br\/"},{"@type":"ListItem","position":2,"name":"Ado\u00e7\u00e3o no Brasil: quando a espera encontra o desafio do perfil"}]},{"@type":"WebSite","@id":"https:\/\/portalincluir.com.br\/#website","url":"https:\/\/portalincluir.com.br\/","name":"PORTAL INCLUIR","description":"","potentialAction":[{"@type":"SearchAction","target":{"@type":"EntryPoint","urlTemplate":"https:\/\/portalincluir.com.br\/?s={search_term_string}"},"query-input":{"@type":"PropertyValueSpecification","valueRequired":true,"valueName":"search_term_string"}}],"inLanguage":"pt-BR"},{"@type":"Person","@id":"https:\/\/portalincluir.com.br\/#\/schema\/person\/8823664e5902eee555607fb75c4c35ae","name":"Portal Incluir","image":{"@type":"ImageObject","inLanguage":"pt-BR","@id":"https:\/\/secure.gravatar.com\/avatar\/12085fe17e70c3550551519fe1f8f51fae69b1748563a47fc3bea53d91fbcbbd?s=96&d=mm&r=g","url":"https:\/\/secure.gravatar.com\/avatar\/12085fe17e70c3550551519fe1f8f51fae69b1748563a47fc3bea53d91fbcbbd?s=96&d=mm&r=g","contentUrl":"https:\/\/secure.gravatar.com\/avatar\/12085fe17e70c3550551519fe1f8f51fae69b1748563a47fc3bea53d91fbcbbd?s=96&d=mm&r=g","caption":"Portal Incluir"},"sameAs":["http:\/\/portalincluir.com.br"],"url":"https:\/\/portalincluir.com.br\/index.php\/author\/portalincluir-com-br\/"}]}},"_links":{"self":[{"href":"https:\/\/portalincluir.com.br\/index.php\/wp-json\/wp\/v2\/posts\/859","targetHints":{"allow":["GET"]}}],"collection":[{"href":"https:\/\/portalincluir.com.br\/index.php\/wp-json\/wp\/v2\/posts"}],"about":[{"href":"https:\/\/portalincluir.com.br\/index.php\/wp-json\/wp\/v2\/types\/post"}],"author":[{"embeddable":true,"href":"https:\/\/portalincluir.com.br\/index.php\/wp-json\/wp\/v2\/users\/1"}],"replies":[{"embeddable":true,"href":"https:\/\/portalincluir.com.br\/index.php\/wp-json\/wp\/v2\/comments?post=859"}],"version-history":[{"count":1,"href":"https:\/\/portalincluir.com.br\/index.php\/wp-json\/wp\/v2\/posts\/859\/revisions"}],"predecessor-version":[{"id":861,"href":"https:\/\/portalincluir.com.br\/index.php\/wp-json\/wp\/v2\/posts\/859\/revisions\/861"}],"wp:featuredmedia":[{"embeddable":true,"href":"https:\/\/portalincluir.com.br\/index.php\/wp-json\/wp\/v2\/media\/860"}],"wp:attachment":[{"href":"https:\/\/portalincluir.com.br\/index.php\/wp-json\/wp\/v2\/media?parent=859"}],"wp:term":[{"taxonomy":"category","embeddable":true,"href":"https:\/\/portalincluir.com.br\/index.php\/wp-json\/wp\/v2\/categories?post=859"},{"taxonomy":"post_tag","embeddable":true,"href":"https:\/\/portalincluir.com.br\/index.php\/wp-json\/wp\/v2\/tags?post=859"}],"curies":[{"name":"wp","href":"https:\/\/api.w.org\/{rel}","templated":true}]}}