{"id":862,"date":"2026-01-05T23:08:38","date_gmt":"2026-01-06T02:08:38","guid":{"rendered":"https:\/\/portalincluir.com.br\/?p=862"},"modified":"2026-01-08T23:17:35","modified_gmt":"2026-01-09T02:17:35","slug":"do-paraiso-ao-inferno-casal-e-cacado-em-porto-de-galinhas-apos-recusar-extorsao-de-barraca","status":"publish","type":"post","link":"https:\/\/portalincluir.com.br\/index.php\/2026\/01\/05\/do-paraiso-ao-inferno-casal-e-cacado-em-porto-de-galinhas-apos-recusar-extorsao-de-barraca\/","title":{"rendered":"Do Para\u00edso ao Inferno: Casal \u00e9 ca\u00e7ado em Porto de Galinhas ap\u00f3s recusar extors\u00e3o de barraca"},"content":{"rendered":"\n<p>O que deveria ser um mergulho refrescante nas \u00e1guas cristalinas de Porto de Galinhas, um dos destinos mais cobi\u00e7ados do Brasil, transformou-se em um cen\u00e1rio de terror e barb\u00e1rie. O casal Johnny e Cleiton viu o descanso de f\u00e9rias virar uma luta pela sobreviv\u00eancia ao serem v\u00edtimas de uma <strong>tentativa de linchamento<\/strong>. O &#8220;crime&#8221; deles? Conhecer a lei e recusar-se a ceder \u00e0 extors\u00e3o mascarada de servi\u00e7o.<\/p>\n\n\n\n<h3 class=\"wp-block-heading\">A &#8220;Lei do Mais Forte&#8221; na Areia P\u00fablica<\/h3>\n\n\n\n<p>A viol\u00eancia explodiu quando o casal questionou a imposi\u00e7\u00e3o de uma <strong>consuma\u00e7\u00e3o m\u00ednima<\/strong> para o uso de cadeiras e guarda-s\u00f3is. O que come\u00e7ou como uma cobran\u00e7a abusiva escalou rapidamente para amea\u00e7as e agress\u00f5es f\u00edsicas. Em um espa\u00e7o que pertence a todos os brasileiros, Johnny e Cleiton foram tratados como invasores por mil\u00edcias comerciais que agem como donas da orla.<\/p>\n\n\n\n<p>N\u00e3o se trata apenas de um &#8220;mal-entendido&#8221; sobre pre\u00e7os. O que ocorreu foi uma combina\u00e7\u00e3o criminosa de <strong>venda casada, apropria\u00e7\u00e3o de espa\u00e7o p\u00fablico e extors\u00e3o<\/strong>. Quando a viol\u00eancia \u00e9 usada para for\u00e7ar um pagamento indevido, a barreira do direito do consumidor \u00e9 rompida e entramos na esfera criminal.<\/p>\n\n\n\n<h3 class=\"wp-block-heading\">O Abuso que a Justi\u00e7a Pro\u00edbe, mas a Areia Ignora<\/h3>\n\n\n\n<p>Enquanto o poder p\u00fablico parece fechar os olhos, os direitos dos cidad\u00e3os s\u00e3o enterrados na areia. \u00c9 preciso dar nome aos bois:<\/p>\n\n\n\n<ul class=\"wp-block-list\">\n<li><strong>Extors\u00e3o (Art. 158 do C\u00f3digo Penal):<\/strong> Usar viol\u00eancia ou grave amea\u00e7a para obter vantagem econ\u00f4mica. N\u00e3o \u00e9 &#8220;regra da barraca&#8221;, \u00e9 crime pun\u00edvel com reclus\u00e3o.<\/li>\n\n\n\n<li><strong>Venda Casada (Art. 39 do CDC):<\/strong> \u00c9 proibido condicionar o uso de mobili\u00e1rio \u00e0 compra de comida ou bebida.<\/li>\n\n\n\n<li><strong>A Praia \u00e9 de Todos:<\/strong> A faixa de areia \u00e9 um bem p\u00fablico. Ningu\u00e9m tem o direito de cercar, lotear ou expulsar banhistas que n\u00e3o queiram consumir seus produtos.<\/li>\n<\/ul>\n\n\n\n<h3 class=\"wp-block-heading\">Um Sistema Alimentado pelo Medo<\/h3>\n\n\n\n<p>O caso de Johnny e Cleiton n\u00e3o \u00e9 um ponto fora da curva; \u00e9 o sintoma de um sistema apodrecido pela <strong>normaliza\u00e7\u00e3o do abuso<\/strong>. Muitos turistas pagam valores exorbitantes e aceitam humilha\u00e7\u00f5es por medo, para n\u00e3o &#8220;estragar o passeio&#8221;. Mas o pre\u00e7o desse sil\u00eancio \u00e9 a perpetua\u00e7\u00e3o de m\u00e1fias que mancham o turismo nordestino e colocam vidas em risco.<\/p>\n\n\n\n<p>At\u00e9 quando o lucro de uma barraca valer\u00e1 mais que a integridade f\u00edsica de um cidad\u00e3o? A hospitalidade de Porto de Galinhas n\u00e3o pode ser ref\u00e9m de quem usa a for\u00e7a bruta como modelo de neg\u00f3cio.<\/p>\n\n\n\n<h3 class=\"wp-block-heading\">Justi\u00e7a: O \u00danico Caminho Contra a Barb\u00e1rie<\/h3>\n\n\n\n<p>N\u00e3o basta apenas lamentar nas redes sociais. A indigna\u00e7\u00e3o precisa se transformar em <strong>den\u00fancia formal<\/strong>. O Minist\u00e9rio P\u00fablico, o Procon e a Pol\u00edcia Civil precisam agir com rigor para que &#8220;Porto&#8221; volte a ser um lugar de acolhimento, e n\u00e3o um territ\u00f3rio sem lei.<\/p>\n\n\n\n<p>Se voc\u00ea presenciar ou for v\u00edtima de abusos como este, n\u00e3o se cale. A praia n\u00e3o tem dono, e o seu direito de ir e vir \u2014 sem ser extorquido \u2014 \u00e9 inegoci\u00e1vel.<\/p>\n\n\n\n<p>A trag\u00e9dia que quase custou a vida de Johnny e Cleiton provocou uma rea\u00e7\u00e3o imediata e rigorosa do poder p\u00fablico. Diante da repercuss\u00e3o nacional e da gravidade do ocorrido, a Prefeitura de Ipojuca e o Governo de Pernambuco anunciaram uma s\u00e9rie de medidas dr\u00e1sticas para &#8220;limpar&#8221; a orla de pr\u00e1ticas criminosas e abusivas.<\/p>\n\n\n\n<p>Aqui est\u00e1 o que as autoridades est\u00e3o fazendo para garantir que Porto de Galinhas deixe de ser um cen\u00e1rio de abusos:<\/p>\n\n\n\n<h3 class=\"wp-block-heading\">1. Toler\u00e2ncia Zero: O Novo Decreto Municipal<\/h3>\n\n\n\n<p>A prefeitura de Ipojuca poublicou o <strong>Decreto n\u00ba 149\/2026<\/strong>, que pro\u00edbe terminantemente a cobran\u00e7a de qualquer taxa de <strong>consuma\u00e7\u00e3o m\u00ednima<\/strong> ou multa por aus\u00eancia de consumo nas praias do munic\u00edpio (incluindo Porto de Galinhas, Muro Alto, Cup\u00ea e Maraca\u00edpe).<\/p>\n\n\n\n<ul class=\"wp-block-list\">\n<li><strong>Puni\u00e7\u00f5es Severas:<\/strong> As barracas que forem flagradas exigindo consuma\u00e7\u00e3o m\u00ednima agora enfrentam a <strong>interdi\u00e7\u00e3o imediata<\/strong> do estabelecimento e a <strong>cassa\u00e7\u00e3o definitiva do alvar\u00e1<\/strong> de funcionamento.<\/li>\n\n\n\n<li><strong>Transpar\u00eancia Obrigat\u00f3ria:<\/strong> Todos os estabelecimentos devem manter card\u00e1pios com pre\u00e7os vis\u00edveis e leg\u00edveis, proibindo qualquer &#8220;surpresa&#8221; ou altera\u00e7\u00e3o de valor ap\u00f3s o cliente j\u00e1 estar acomodado.<\/li>\n<\/ul>\n\n\n\n<h3 class=\"wp-block-heading\">2. Puni\u00e7\u00f5es Exemplares e Investiga\u00e7\u00e3o Criminal<\/h3>\n\n\n\n<p>O poder p\u00fablico n\u00e3o tratou o caso apenas como uma infra\u00e7\u00e3o administrativa, mas como um <strong>crime grave<\/strong>:<\/p>\n\n\n\n<ul class=\"wp-block-list\">\n<li><strong>Barraca Interditada:<\/strong> A barraca onde o linchamento come\u00e7ou foi interditada pela prefeitura.<\/li>\n\n\n\n<li><strong>Identifica\u00e7\u00e3o de Agressores:<\/strong> A Pol\u00edcia Civil j\u00e1 identificou <strong>14 pessoas envolvidas<\/strong> na agress\u00e3o ao casal. Elas responder\u00e3o criminalmente pelos seus atos.<\/li>\n\n\n\n<li><strong>Afastamento de Funcion\u00e1rios:<\/strong> A associa\u00e7\u00e3o de barraqueiros foi instru\u00edda a afastar permanentemente os envolvidos em epis\u00f3dios de viol\u00eancia.<\/li>\n<\/ul>\n\n\n\n<h3 class=\"wp-block-heading\">3. &#8220;Choque de Ordem&#8221; e Fiscaliza\u00e7\u00e3o Refor\u00e7ada<\/h3>\n\n\n\n<p>A Secretaria de Defesa Social e o Procon-PE iniciaram opera\u00e7\u00f5es conjuntas na areia:<\/p>\n\n\n\n<ul class=\"wp-block-list\">\n<li><strong>Fiscaliza\u00e7\u00e3o Di\u00e1ria:<\/strong> Equipes percorrem a orla para notificar barracas que ainda tentam burlar a lei. Mais de 26 estabelecimentos j\u00e1 foram notificados nos primeiros dias do novo decreto.<\/li>\n\n\n\n<li><strong>Combate a Atividades Irregulares:<\/strong> Al\u00e9m da venda casada, a prefeitura intensificou o cerco contra &#8220;flanelinhas&#8221; e pessoas que ocupam ilegalmente espa\u00e7os p\u00fablicos para extorquir turistas.<\/li>\n\n\n\n<li><strong>Capacita\u00e7\u00e3o:<\/strong> O Procon iniciou reuni\u00f5es de orienta\u00e7\u00e3o obrigat\u00f3ria com os barraqueiros para reeducar a categoria sobre os direitos do consumidor e boas pr\u00e1ticas de atendimento.<\/li>\n<\/ul>\n\n\n\n<h3 class=\"wp-block-heading\">4. Pedido de Desculpas e Novo Protocolo<\/h3>\n\n\n\n<p>A governadora de Pernambuco, Raquel Lyra, classificou o epis\u00f3dio como <strong>inadmiss\u00edvel<\/strong> e pediu desculpas p\u00fablicas ao casal e aos turistas. Ela determinou a cria\u00e7\u00e3o de um <strong>novo protocolo de seguran\u00e7a<\/strong> focado especificamente em polos tur\u00edsticos, para que as for\u00e7as de seguran\u00e7a ajam com mais rapidez em conflitos na orla.<\/p>\n","protected":false},"excerpt":{"rendered":"<p>O que deveria ser um mergulho refrescante nas \u00e1guas cristalinas de Porto de Galinhas, um<\/p>\n","protected":false},"author":1,"featured_media":863,"comment_status":"open","ping_status":"open","sticky":false,"template":"","format":"standard","meta":{"om_disable_all_campaigns":false,"_monsterinsights_skip_tracking":false,"_monsterinsights_sitenote_active":false,"_monsterinsights_sitenote_note":"","_monsterinsights_sitenote_category":0,"_uf_show_specific_survey":0,"_uf_disable_surveys":false,"footnotes":""},"categories":[9,22],"tags":[],"class_list":["post-862","post","type-post","status-publish","format-standard","has-post-thumbnail","hentry","category-noticias","category-racismo"],"yoast_head":"<!-- This site is optimized with the Yoast SEO plugin v27.4 - https:\/\/yoast.com\/product\/yoast-seo-wordpress\/ -->\n<title>Do Para\u00edso ao Inferno: Casal \u00e9 ca\u00e7ado em Porto de Galinhas ap\u00f3s recusar extors\u00e3o de barraca - PORTAL INCLUIR<\/title>\n<meta name=\"robots\" content=\"index, follow, max-snippet:-1, max-image-preview:large, max-video-preview:-1\" \/>\n<link rel=\"canonical\" href=\"https:\/\/portalincluir.com.br\/index.php\/2026\/01\/05\/do-paraiso-ao-inferno-casal-e-cacado-em-porto-de-galinhas-apos-recusar-extorsao-de-barraca\/\" \/>\n<meta property=\"og:locale\" content=\"pt_BR\" \/>\n<meta property=\"og:type\" content=\"article\" \/>\n<meta property=\"og:title\" content=\"Do Para\u00edso ao Inferno: Casal \u00e9 ca\u00e7ado em Porto de Galinhas ap\u00f3s recusar extors\u00e3o de barraca - PORTAL INCLUIR\" \/>\n<meta property=\"og:description\" content=\"O que deveria ser um mergulho refrescante nas \u00e1guas cristalinas de Porto de Galinhas, um\" \/>\n<meta property=\"og:url\" content=\"https:\/\/portalincluir.com.br\/index.php\/2026\/01\/05\/do-paraiso-ao-inferno-casal-e-cacado-em-porto-de-galinhas-apos-recusar-extorsao-de-barraca\/\" \/>\n<meta property=\"og:site_name\" content=\"PORTAL INCLUIR\" \/>\n<meta property=\"article:published_time\" content=\"2026-01-06T02:08:38+00:00\" \/>\n<meta property=\"article:modified_time\" content=\"2026-01-09T02:17:35+00:00\" \/>\n<meta property=\"og:image\" content=\"https:\/\/portalincluir.com.br\/wp-content\/uploads\/2026\/01\/turistas.jpeg\" \/>\n\t<meta property=\"og:image:width\" content=\"308\" \/>\n\t<meta property=\"og:image:height\" content=\"164\" \/>\n\t<meta property=\"og:image:type\" content=\"image\/jpeg\" \/>\n<meta name=\"author\" content=\"Portal Incluir\" \/>\n<meta name=\"twitter:card\" content=\"summary_large_image\" \/>\n<meta name=\"twitter:label1\" content=\"Escrito por\" \/>\n\t<meta name=\"twitter:data1\" content=\"Portal Incluir\" \/>\n\t<meta name=\"twitter:label2\" content=\"Est. tempo de leitura\" \/>\n\t<meta name=\"twitter:data2\" content=\"5 minutos\" \/>\n<script type=\"application\/ld+json\" class=\"yoast-schema-graph\">{\"@context\":\"https:\\\/\\\/schema.org\",\"@graph\":[{\"@type\":[\"Article\",\"BlogPosting\"],\"@id\":\"https:\\\/\\\/portalincluir.com.br\\\/index.php\\\/2026\\\/01\\\/05\\\/do-paraiso-ao-inferno-casal-e-cacado-em-porto-de-galinhas-apos-recusar-extorsao-de-barraca\\\/#article\",\"isPartOf\":{\"@id\":\"https:\\\/\\\/portalincluir.com.br\\\/index.php\\\/2026\\\/01\\\/05\\\/do-paraiso-ao-inferno-casal-e-cacado-em-porto-de-galinhas-apos-recusar-extorsao-de-barraca\\\/\"},\"author\":{\"name\":\"Portal Incluir\",\"@id\":\"https:\\\/\\\/portalincluir.com.br\\\/#\\\/schema\\\/person\\\/8823664e5902eee555607fb75c4c35ae\"},\"headline\":\"Do Para\u00edso ao Inferno: Casal \u00e9 ca\u00e7ado em Porto de Galinhas ap\u00f3s recusar extors\u00e3o de barraca\",\"datePublished\":\"2026-01-06T02:08:38+00:00\",\"dateModified\":\"2026-01-09T02:17:35+00:00\",\"mainEntityOfPage\":{\"@id\":\"https:\\\/\\\/portalincluir.com.br\\\/index.php\\\/2026\\\/01\\\/05\\\/do-paraiso-ao-inferno-casal-e-cacado-em-porto-de-galinhas-apos-recusar-extorsao-de-barraca\\\/\"},\"wordCount\":1005,\"commentCount\":0,\"image\":{\"@id\":\"https:\\\/\\\/portalincluir.com.br\\\/index.php\\\/2026\\\/01\\\/05\\\/do-paraiso-ao-inferno-casal-e-cacado-em-porto-de-galinhas-apos-recusar-extorsao-de-barraca\\\/#primaryimage\"},\"thumbnailUrl\":\"https:\\\/\\\/portalincluir.com.br\\\/wp-content\\\/uploads\\\/2026\\\/01\\\/turistas.jpeg\",\"articleSection\":[\"Not\u00edcias\",\"Racismo\"],\"inLanguage\":\"pt-BR\",\"potentialAction\":[{\"@type\":\"CommentAction\",\"name\":\"Comment\",\"target\":[\"https:\\\/\\\/portalincluir.com.br\\\/index.php\\\/2026\\\/01\\\/05\\\/do-paraiso-ao-inferno-casal-e-cacado-em-porto-de-galinhas-apos-recusar-extorsao-de-barraca\\\/#respond\"]}]},{\"@type\":\"WebPage\",\"@id\":\"https:\\\/\\\/portalincluir.com.br\\\/index.php\\\/2026\\\/01\\\/05\\\/do-paraiso-ao-inferno-casal-e-cacado-em-porto-de-galinhas-apos-recusar-extorsao-de-barraca\\\/\",\"url\":\"https:\\\/\\\/portalincluir.com.br\\\/index.php\\\/2026\\\/01\\\/05\\\/do-paraiso-ao-inferno-casal-e-cacado-em-porto-de-galinhas-apos-recusar-extorsao-de-barraca\\\/\",\"name\":\"Do Para\u00edso ao Inferno: Casal \u00e9 ca\u00e7ado em Porto de Galinhas ap\u00f3s recusar extors\u00e3o de barraca - PORTAL INCLUIR\",\"isPartOf\":{\"@id\":\"https:\\\/\\\/portalincluir.com.br\\\/#website\"},\"primaryImageOfPage\":{\"@id\":\"https:\\\/\\\/portalincluir.com.br\\\/index.php\\\/2026\\\/01\\\/05\\\/do-paraiso-ao-inferno-casal-e-cacado-em-porto-de-galinhas-apos-recusar-extorsao-de-barraca\\\/#primaryimage\"},\"image\":{\"@id\":\"https:\\\/\\\/portalincluir.com.br\\\/index.php\\\/2026\\\/01\\\/05\\\/do-paraiso-ao-inferno-casal-e-cacado-em-porto-de-galinhas-apos-recusar-extorsao-de-barraca\\\/#primaryimage\"},\"thumbnailUrl\":\"https:\\\/\\\/portalincluir.com.br\\\/wp-content\\\/uploads\\\/2026\\\/01\\\/turistas.jpeg\",\"datePublished\":\"2026-01-06T02:08:38+00:00\",\"dateModified\":\"2026-01-09T02:17:35+00:00\",\"author\":{\"@id\":\"https:\\\/\\\/portalincluir.com.br\\\/#\\\/schema\\\/person\\\/8823664e5902eee555607fb75c4c35ae\"},\"breadcrumb\":{\"@id\":\"https:\\\/\\\/portalincluir.com.br\\\/index.php\\\/2026\\\/01\\\/05\\\/do-paraiso-ao-inferno-casal-e-cacado-em-porto-de-galinhas-apos-recusar-extorsao-de-barraca\\\/#breadcrumb\"},\"inLanguage\":\"pt-BR\",\"potentialAction\":[{\"@type\":\"ReadAction\",\"target\":[\"https:\\\/\\\/portalincluir.com.br\\\/index.php\\\/2026\\\/01\\\/05\\\/do-paraiso-ao-inferno-casal-e-cacado-em-porto-de-galinhas-apos-recusar-extorsao-de-barraca\\\/\"]}]},{\"@type\":\"ImageObject\",\"inLanguage\":\"pt-BR\",\"@id\":\"https:\\\/\\\/portalincluir.com.br\\\/index.php\\\/2026\\\/01\\\/05\\\/do-paraiso-ao-inferno-casal-e-cacado-em-porto-de-galinhas-apos-recusar-extorsao-de-barraca\\\/#primaryimage\",\"url\":\"https:\\\/\\\/portalincluir.com.br\\\/wp-content\\\/uploads\\\/2026\\\/01\\\/turistas.jpeg\",\"contentUrl\":\"https:\\\/\\\/portalincluir.com.br\\\/wp-content\\\/uploads\\\/2026\\\/01\\\/turistas.jpeg\",\"width\":308,\"height\":164},{\"@type\":\"BreadcrumbList\",\"@id\":\"https:\\\/\\\/portalincluir.com.br\\\/index.php\\\/2026\\\/01\\\/05\\\/do-paraiso-ao-inferno-casal-e-cacado-em-porto-de-galinhas-apos-recusar-extorsao-de-barraca\\\/#breadcrumb\",\"itemListElement\":[{\"@type\":\"ListItem\",\"position\":1,\"name\":\"In\u00edcio\",\"item\":\"https:\\\/\\\/portalincluir.com.br\\\/\"},{\"@type\":\"ListItem\",\"position\":2,\"name\":\"Do Para\u00edso ao Inferno: Casal \u00e9 ca\u00e7ado em Porto de Galinhas ap\u00f3s recusar extors\u00e3o de barraca\"}]},{\"@type\":\"WebSite\",\"@id\":\"https:\\\/\\\/portalincluir.com.br\\\/#website\",\"url\":\"https:\\\/\\\/portalincluir.com.br\\\/\",\"name\":\"PORTAL INCLUIR\",\"description\":\"\",\"potentialAction\":[{\"@type\":\"SearchAction\",\"target\":{\"@type\":\"EntryPoint\",\"urlTemplate\":\"https:\\\/\\\/portalincluir.com.br\\\/?s={search_term_string}\"},\"query-input\":{\"@type\":\"PropertyValueSpecification\",\"valueRequired\":true,\"valueName\":\"search_term_string\"}}],\"inLanguage\":\"pt-BR\"},{\"@type\":\"Person\",\"@id\":\"https:\\\/\\\/portalincluir.com.br\\\/#\\\/schema\\\/person\\\/8823664e5902eee555607fb75c4c35ae\",\"name\":\"Portal Incluir\",\"image\":{\"@type\":\"ImageObject\",\"inLanguage\":\"pt-BR\",\"@id\":\"https:\\\/\\\/secure.gravatar.com\\\/avatar\\\/12085fe17e70c3550551519fe1f8f51fae69b1748563a47fc3bea53d91fbcbbd?s=96&d=mm&r=g\",\"url\":\"https:\\\/\\\/secure.gravatar.com\\\/avatar\\\/12085fe17e70c3550551519fe1f8f51fae69b1748563a47fc3bea53d91fbcbbd?s=96&d=mm&r=g\",\"contentUrl\":\"https:\\\/\\\/secure.gravatar.com\\\/avatar\\\/12085fe17e70c3550551519fe1f8f51fae69b1748563a47fc3bea53d91fbcbbd?s=96&d=mm&r=g\",\"caption\":\"Portal Incluir\"},\"sameAs\":[\"http:\\\/\\\/portalincluir.com.br\"],\"url\":\"https:\\\/\\\/portalincluir.com.br\\\/index.php\\\/author\\\/portalincluir-com-br\\\/\"}]}<\/script>\n<!-- \/ Yoast SEO plugin. -->","yoast_head_json":{"title":"Do Para\u00edso ao Inferno: Casal \u00e9 ca\u00e7ado em Porto de Galinhas ap\u00f3s recusar extors\u00e3o de barraca - PORTAL INCLUIR","robots":{"index":"index","follow":"follow","max-snippet":"max-snippet:-1","max-image-preview":"max-image-preview:large","max-video-preview":"max-video-preview:-1"},"canonical":"https:\/\/portalincluir.com.br\/index.php\/2026\/01\/05\/do-paraiso-ao-inferno-casal-e-cacado-em-porto-de-galinhas-apos-recusar-extorsao-de-barraca\/","og_locale":"pt_BR","og_type":"article","og_title":"Do Para\u00edso ao Inferno: Casal \u00e9 ca\u00e7ado em Porto de Galinhas ap\u00f3s recusar extors\u00e3o de barraca - PORTAL INCLUIR","og_description":"O que deveria ser um mergulho refrescante nas \u00e1guas cristalinas de Porto de Galinhas, um","og_url":"https:\/\/portalincluir.com.br\/index.php\/2026\/01\/05\/do-paraiso-ao-inferno-casal-e-cacado-em-porto-de-galinhas-apos-recusar-extorsao-de-barraca\/","og_site_name":"PORTAL INCLUIR","article_published_time":"2026-01-06T02:08:38+00:00","article_modified_time":"2026-01-09T02:17:35+00:00","og_image":[{"width":308,"height":164,"url":"https:\/\/portalincluir.com.br\/wp-content\/uploads\/2026\/01\/turistas.jpeg","type":"image\/jpeg"}],"author":"Portal Incluir","twitter_card":"summary_large_image","twitter_misc":{"Escrito por":"Portal Incluir","Est. tempo de leitura":"5 minutos"},"schema":{"@context":"https:\/\/schema.org","@graph":[{"@type":["Article","BlogPosting"],"@id":"https:\/\/portalincluir.com.br\/index.php\/2026\/01\/05\/do-paraiso-ao-inferno-casal-e-cacado-em-porto-de-galinhas-apos-recusar-extorsao-de-barraca\/#article","isPartOf":{"@id":"https:\/\/portalincluir.com.br\/index.php\/2026\/01\/05\/do-paraiso-ao-inferno-casal-e-cacado-em-porto-de-galinhas-apos-recusar-extorsao-de-barraca\/"},"author":{"name":"Portal Incluir","@id":"https:\/\/portalincluir.com.br\/#\/schema\/person\/8823664e5902eee555607fb75c4c35ae"},"headline":"Do Para\u00edso ao Inferno: Casal \u00e9 ca\u00e7ado em Porto de Galinhas ap\u00f3s recusar extors\u00e3o de barraca","datePublished":"2026-01-06T02:08:38+00:00","dateModified":"2026-01-09T02:17:35+00:00","mainEntityOfPage":{"@id":"https:\/\/portalincluir.com.br\/index.php\/2026\/01\/05\/do-paraiso-ao-inferno-casal-e-cacado-em-porto-de-galinhas-apos-recusar-extorsao-de-barraca\/"},"wordCount":1005,"commentCount":0,"image":{"@id":"https:\/\/portalincluir.com.br\/index.php\/2026\/01\/05\/do-paraiso-ao-inferno-casal-e-cacado-em-porto-de-galinhas-apos-recusar-extorsao-de-barraca\/#primaryimage"},"thumbnailUrl":"https:\/\/portalincluir.com.br\/wp-content\/uploads\/2026\/01\/turistas.jpeg","articleSection":["Not\u00edcias","Racismo"],"inLanguage":"pt-BR","potentialAction":[{"@type":"CommentAction","name":"Comment","target":["https:\/\/portalincluir.com.br\/index.php\/2026\/01\/05\/do-paraiso-ao-inferno-casal-e-cacado-em-porto-de-galinhas-apos-recusar-extorsao-de-barraca\/#respond"]}]},{"@type":"WebPage","@id":"https:\/\/portalincluir.com.br\/index.php\/2026\/01\/05\/do-paraiso-ao-inferno-casal-e-cacado-em-porto-de-galinhas-apos-recusar-extorsao-de-barraca\/","url":"https:\/\/portalincluir.com.br\/index.php\/2026\/01\/05\/do-paraiso-ao-inferno-casal-e-cacado-em-porto-de-galinhas-apos-recusar-extorsao-de-barraca\/","name":"Do Para\u00edso ao Inferno: Casal \u00e9 ca\u00e7ado em Porto de Galinhas ap\u00f3s recusar extors\u00e3o de barraca - PORTAL INCLUIR","isPartOf":{"@id":"https:\/\/portalincluir.com.br\/#website"},"primaryImageOfPage":{"@id":"https:\/\/portalincluir.com.br\/index.php\/2026\/01\/05\/do-paraiso-ao-inferno-casal-e-cacado-em-porto-de-galinhas-apos-recusar-extorsao-de-barraca\/#primaryimage"},"image":{"@id":"https:\/\/portalincluir.com.br\/index.php\/2026\/01\/05\/do-paraiso-ao-inferno-casal-e-cacado-em-porto-de-galinhas-apos-recusar-extorsao-de-barraca\/#primaryimage"},"thumbnailUrl":"https:\/\/portalincluir.com.br\/wp-content\/uploads\/2026\/01\/turistas.jpeg","datePublished":"2026-01-06T02:08:38+00:00","dateModified":"2026-01-09T02:17:35+00:00","author":{"@id":"https:\/\/portalincluir.com.br\/#\/schema\/person\/8823664e5902eee555607fb75c4c35ae"},"breadcrumb":{"@id":"https:\/\/portalincluir.com.br\/index.php\/2026\/01\/05\/do-paraiso-ao-inferno-casal-e-cacado-em-porto-de-galinhas-apos-recusar-extorsao-de-barraca\/#breadcrumb"},"inLanguage":"pt-BR","potentialAction":[{"@type":"ReadAction","target":["https:\/\/portalincluir.com.br\/index.php\/2026\/01\/05\/do-paraiso-ao-inferno-casal-e-cacado-em-porto-de-galinhas-apos-recusar-extorsao-de-barraca\/"]}]},{"@type":"ImageObject","inLanguage":"pt-BR","@id":"https:\/\/portalincluir.com.br\/index.php\/2026\/01\/05\/do-paraiso-ao-inferno-casal-e-cacado-em-porto-de-galinhas-apos-recusar-extorsao-de-barraca\/#primaryimage","url":"https:\/\/portalincluir.com.br\/wp-content\/uploads\/2026\/01\/turistas.jpeg","contentUrl":"https:\/\/portalincluir.com.br\/wp-content\/uploads\/2026\/01\/turistas.jpeg","width":308,"height":164},{"@type":"BreadcrumbList","@id":"https:\/\/portalincluir.com.br\/index.php\/2026\/01\/05\/do-paraiso-ao-inferno-casal-e-cacado-em-porto-de-galinhas-apos-recusar-extorsao-de-barraca\/#breadcrumb","itemListElement":[{"@type":"ListItem","position":1,"name":"In\u00edcio","item":"https:\/\/portalincluir.com.br\/"},{"@type":"ListItem","position":2,"name":"Do Para\u00edso ao Inferno: Casal \u00e9 ca\u00e7ado em Porto de Galinhas ap\u00f3s recusar extors\u00e3o de barraca"}]},{"@type":"WebSite","@id":"https:\/\/portalincluir.com.br\/#website","url":"https:\/\/portalincluir.com.br\/","name":"PORTAL INCLUIR","description":"","potentialAction":[{"@type":"SearchAction","target":{"@type":"EntryPoint","urlTemplate":"https:\/\/portalincluir.com.br\/?s={search_term_string}"},"query-input":{"@type":"PropertyValueSpecification","valueRequired":true,"valueName":"search_term_string"}}],"inLanguage":"pt-BR"},{"@type":"Person","@id":"https:\/\/portalincluir.com.br\/#\/schema\/person\/8823664e5902eee555607fb75c4c35ae","name":"Portal Incluir","image":{"@type":"ImageObject","inLanguage":"pt-BR","@id":"https:\/\/secure.gravatar.com\/avatar\/12085fe17e70c3550551519fe1f8f51fae69b1748563a47fc3bea53d91fbcbbd?s=96&d=mm&r=g","url":"https:\/\/secure.gravatar.com\/avatar\/12085fe17e70c3550551519fe1f8f51fae69b1748563a47fc3bea53d91fbcbbd?s=96&d=mm&r=g","contentUrl":"https:\/\/secure.gravatar.com\/avatar\/12085fe17e70c3550551519fe1f8f51fae69b1748563a47fc3bea53d91fbcbbd?s=96&d=mm&r=g","caption":"Portal Incluir"},"sameAs":["http:\/\/portalincluir.com.br"],"url":"https:\/\/portalincluir.com.br\/index.php\/author\/portalincluir-com-br\/"}]}},"_links":{"self":[{"href":"https:\/\/portalincluir.com.br\/index.php\/wp-json\/wp\/v2\/posts\/862","targetHints":{"allow":["GET"]}}],"collection":[{"href":"https:\/\/portalincluir.com.br\/index.php\/wp-json\/wp\/v2\/posts"}],"about":[{"href":"https:\/\/portalincluir.com.br\/index.php\/wp-json\/wp\/v2\/types\/post"}],"author":[{"embeddable":true,"href":"https:\/\/portalincluir.com.br\/index.php\/wp-json\/wp\/v2\/users\/1"}],"replies":[{"embeddable":true,"href":"https:\/\/portalincluir.com.br\/index.php\/wp-json\/wp\/v2\/comments?post=862"}],"version-history":[{"count":1,"href":"https:\/\/portalincluir.com.br\/index.php\/wp-json\/wp\/v2\/posts\/862\/revisions"}],"predecessor-version":[{"id":864,"href":"https:\/\/portalincluir.com.br\/index.php\/wp-json\/wp\/v2\/posts\/862\/revisions\/864"}],"wp:featuredmedia":[{"embeddable":true,"href":"https:\/\/portalincluir.com.br\/index.php\/wp-json\/wp\/v2\/media\/863"}],"wp:attachment":[{"href":"https:\/\/portalincluir.com.br\/index.php\/wp-json\/wp\/v2\/media?parent=862"}],"wp:term":[{"taxonomy":"category","embeddable":true,"href":"https:\/\/portalincluir.com.br\/index.php\/wp-json\/wp\/v2\/categories?post=862"},{"taxonomy":"post_tag","embeddable":true,"href":"https:\/\/portalincluir.com.br\/index.php\/wp-json\/wp\/v2\/tags?post=862"}],"curies":[{"name":"wp","href":"https:\/\/api.w.org\/{rel}","templated":true}]}}